{"id":2433,"date":"2021-12-27T18:32:10","date_gmt":"2021-12-28T00:32:10","guid":{"rendered":"https:\/\/puntodincontro.mx\/?p=2433"},"modified":"2021-12-27T18:32:12","modified_gmt":"2021-12-28T00:32:12","slug":"un-estudio-italiano-revela-el-origen-de-las-uvas-de-vino-europeas","status":"publish","type":"post","link":"https:\/\/puntodincontro.mx\/es\/2021\/12\/27\/uno-studio-italiano-rivela-lorigine-delle-uve-da-vino-europee\/","title":{"rendered":"Un estudio italiano revela el origen de las uvas de vino europeas"},"content":{"rendered":"\n<p><strong>Ore 18.08<\/strong> &#8211; L&#8217;uva da vino europea potrebbe aver avuto origine dall&#8217;ibridazione di uve da tavola addomesticate in Asia occidentale con viti selvatiche europee locali. Lo rivela una ricerca condotta dall\u2019Universit\u00e0 di Udine e dall\u2019Istituto di Genomica Applicata (IGA) di Udine, pubblicata il 21 dicembre 2021 sulla rivista scientifica <em>Nature Communications<\/em>.<\/p>\n\n\n\n<p>Lo studio ha ricostruito la storia evolutiva della vite da vino in Europa, nonch\u00e9 identificato il gene che potrebbe essere stato decisivo nel passaggio della pianta da vite selvatica a vite coltivata, in quanto responsabile dell\u2019aumento delle dimensioni e del cambiamento della morfologia della bacca, rendendo cos\u00ec l\u2019uva pi\u00f9 attrattiva per il consumo da parte dell\u2019uomo e pi\u00f9 adatta alla vinificazione.<\/p>\n\n\n\n<p>L&#8217;uva \u00e8 coltivata da quasi quattro millenni nel Mediterraneo orientale e da due millenni nell&#8217;Europa occidentale. Tuttavia, l&#8217;origine delle uve da vino europee \u00e8 stata sempre dibattuta. Alcune ricerche precedenti alla pubblicazione di questo studio avevano suggerito che l&#8217;uva da vino europea avesse avuto origine dall&#8217;addomesticamento delle specie di uva selvatica europea, indipendentemente dagli eventi di addomesticamento nell&#8217;Asia occidentale.<\/p>\n\n\n\n<p>Il lavoro, intitolato <em><a href=\"https:\/\/www.nature.com\/articles\/s41467-021-27487-y\" target=\"_blank\" rel=\"noreferrer noopener\">The genomes of 204 Vitis vinifera accessions reveal the origin of European wine grapes<\/a><\/em>, \u00e8 stato coordinato da Michele Morgante, genetista del Dipartimento di Scienze agroalimentari, ambientali e animali dell\u2019Ateneo friulano e direttore scientifico dell\u2019Istituto di Genomica Applicata (IGA), e da Gabriele Di Gaspero, ricercatore dell\u2019IGA. Allo studio hanno partecipato Gabriele Magris, Irena Jurman, Alice Fornasiero, Eleonora Paparelli, Rachel Schwope e Fabio Marroni.<\/p>\n\n\n\n<p>La ricerca \u00e8 partita dal sequenziamento di oltre 200 variet\u00e0 di vite, con l\u2019obiettivo di ricostruire la storia evolutiva della vite da vino in Europa. Tra le principali conclusioni ricavate dalle analisi fatte, \u00ab\u00e8 emerso \u2013 evidenzia Michele Morgante \u2013 che tutte le viti coltivate derivano da un unico evento di addomesticamento avvenuto nel Caucaso, l\u2019attuale Georgia \u2014\u2014al crocevia tra l&#8217;Europa e l&#8217;Asia, accanto al Mar Nero e non lontano dal Mar Caspio\u2014, a dispetto di alcune teorie secondo cui c\u2019era stato un secondo evento di addomesticamento in Europa. Da questo unico evento sono derivate inizialmente le variet\u00e0 di uva da tavola, da cui poi si sono ottenute quelle da vino che sono state successivamente portate in Europa\u00bb.<\/p>\n\n\n\n<p>Le informazioni ottenute dai ricercatori sono molto interessanti anche per la viticoltura ed enologia italiana, oltre che internazionale.<\/p>\n\n\n\n<p>Ad esempio, lo studio ha evidenziato che la grande diversit\u00e0 varietale che si trova in Italia, di cui pu\u00f2 andare fiera l\u2019enologia italiana, trova una rispondenza genetica ben precisa a livello genomico. \u00abNei geni della vite coltivata\u00bb \u2014spiega Morgante\u2014 \u00absi riconoscono quattro contributi ancestrali, ovvero quattro antiche popolazioni di vite che l\u2019uomo in un lontanissimo passato ha contribuito a selezionare e poi mescolare.<\/p>\n\n\n\n<p>L\u2019Italia \u00e8 l\u2019unico Paese nel cui patrimonio varietale di vite da vino si ritrovano rappresentati in maniera significativa tutti e quattro questi contributi ancestrali e in cui la maggioranza delle variet\u00e0 ha al suo interno una mescolanza di due, tre e spesso quattro contributi\u00bb.<\/p>\n\n\n\n<p>Inoltre, \u00e8 emerso che alcune delle pi\u00f9 diffuse e pregiate variet\u00e0 di vite da vino, in generale variet\u00e0 del centro-nord Europa (Traminer, Sauvignon, Riesling, Pinot, Cabernet, Merlot) \u00abderivano da incroci fra viti coltivate portate dall\u2019Oriente e viti selvatiche europee \u2013 dice Gabriele Di Gaspero &#8211; e portano all\u2019interno del loro genoma tratti di DNA derivati dalle viti selvatiche: un po\u2019 come \u00e8 avvenuto per noi umani con l\u2019uomo di Neanderthal. Sono proprio questi eventi di ibridazione avvenuti pi\u00f9 volte indipendentemente in Europa che giustificano l\u2019uso del termine autoctono per riferirci a quelle variet\u00e0 che consideriamo originarie del nostro paese o della nostra regione, ma che in realt\u00e0 hanno le loro radici pi\u00f9 lontane nei paesi in cui la specie \u00e8 stata originariamente addomesticata\u00bb.<\/p>\n\n\n\n<p>Alcune delle variet\u00e0 presenti in Italia e Francia ancora oggi hanno met\u00e0 del loro genoma selvatico, ossia sono i cosiddetti ibridi F1, la prima generazione di incroci fra viti coltivate e viti selvatiche. \u00abTra queste variet\u00e0\u00bb \u2014precisa Morgante\u2014 \u00abin Italia troviamo ad esempio l&#8217;<em>Enantio<\/em> [pronuncia \u201cenanzio\u201d, ndr], noto anche come Lambrusco a foglia frastagliata, e il Lambrusco Grasparossa. Questa evidenza \u00e8 in accordo con quanto gi\u00e0 scritto da Plinio il Vecchio, che usava il termine <em>vitis silvestris<\/em> o <em>vitis labrusca<\/em>, e dall\u2019etimologia del nome, in quanto i Romani indicavano generalmente le viti selvatiche spontanee che trovavano sui confini, detti <em>labrum<\/em>, dei campi coltivati, <em>bruscum<\/em>, con la parola latina <em>labrusca vitis<\/em>, divenuta poi in italiano Lambrusco\u00bb.<\/p>\n\n\n\n<p>Quanto all\u2019identificazione delle mutazioni responsabili del passaggio da vite selvatica a vite coltivata \u00absi tratta\u00bb \u2014spiega Morgante\u2014 \u00abdi due geni che hanno acquisito nelle viti coltivate la peculiarit\u00e0 di essere espressi in modo specifico nelle bacche durante la fase di espansione e maturazione del frutto e che, con la loro espressione, contribuirebbero ad aumentarne la dimensione. L\u2019incremento della dimensione delle bacche\u00bb \u2014aggiunge\u2014 \u00ab\u00e8 stato certamente uno degli obiettivi della millenaria opera di selezione effettuata dall\u2019uomo e ora potremmo avere finalmente identificato i meccanismi molecolari su cui questa selezione ha agito. Siccome la dimensione del frutto \u00e8 un carattere che \u00e8 stato selezionato in molte specie e che \u00e8 ancora oggetto di selezione per aumentarne ulteriormente le dimensioni, le conoscenze acquisite potrebbero avere un impatto anche al di l\u00e0 della vite stessa\u00bb.<\/p>\n\n\n\n<figure class=\"wp-block-image size-full\"><a href=\"https:\/\/puntodincontro.mx\/pdf\/georgiaregionivinicole.pdf\" target=\"_blank\" rel=\"noopener\"><img loading=\"lazy\" decoding=\"async\" width=\"932\" height=\"485\" src=\"https:\/\/puntodincontro.mx\/wp-content\/uploads\/2021\/12\/georgiaregionivinicole.webp\" alt=\"\" class=\"wp-image-2440\" srcset=\"https:\/\/puntodincontro.mx\/wp-content\/uploads\/2021\/12\/georgiaregionivinicole.webp 932w, https:\/\/puntodincontro.mx\/wp-content\/uploads\/2021\/12\/georgiaregionivinicole-300x156.webp 300w, https:\/\/puntodincontro.mx\/wp-content\/uploads\/2021\/12\/georgiaregionivinicole-768x400.webp 768w, https:\/\/puntodincontro.mx\/wp-content\/uploads\/2021\/12\/georgiaregionivinicole-16x8.webp 16w\" sizes=\"(max-width: 932px) 100vw, 932px\" \/><\/a><\/figure>\n\n\n\n<div style=\"height:12px\" aria-hidden=\"true\" class=\"wp-block-spacer\"><\/div>\n\n\n\n\n\n<div style=\"height:12px\" aria-hidden=\"true\" class=\"wp-block-spacer\"><\/div>\n","protected":false},"excerpt":{"rendered":"<p>Ore 18.08 &#8211; L&#8217;uva da vino europea potrebbe aver avuto origine dall&#8217;ibridazione di uve da tavola addomesticate in Asia occidentale con viti selvatiche europee locali. Lo rivela una ricerca condotta dall\u2019Universit\u00e0 di Udine e dall\u2019Istituto di Genomica Applicata (IGA) di Udine, pubblicata il 21 dicembre 2021 sulla rivista scientifica Nature Communications. Lo studio ha ricostruito la storia evolutiva della vite da vino in Europa, nonch\u00e9 identificato il gene che potrebbe essere stato decisivo nel passaggio della pianta da vite selvatica a vite coltivata, in quanto responsabile dell\u2019aumento delle dimensioni e del cambiamento della morfologia della bacca, rendendo cos\u00ec l\u2019uva pi\u00f9&#8230; <\/p>","protected":false},"author":2,"featured_media":2435,"comment_status":"open","ping_status":"open","sticky":false,"template":"","format":"standard","meta":{"_monsterinsights_skip_tracking":false,"_monsterinsights_sitenote_active":false,"_monsterinsights_sitenote_note":"","_monsterinsights_sitenote_category":0,"footnotes":""},"categories":[14],"tags":[],"class_list":["post-2433","post","type-post","status-publish","format-standard","has-post-thumbnail","hentry","category-scienza-e-tecnologia"],"yoast_head":"<!-- This site is optimized with the Yoast SEO Premium plugin v18.4 (Yoast SEO v25.6) - https:\/\/yoast.com\/wordpress\/plugins\/seo\/ -->\n<title>Uno studio italiano rivela l&#039;origine delle uve da vino europee Puntodincontro<\/title>\n<meta name=\"description\" content=\"L&#039;uva da vino europea potrebbe aver avuto origine dall&#039;ibridazione di uve da tavola addomesticate in Asia occidentale con viti selvatiche europee locali. Lo rivela una ricerca condotta dall\u2019Universit\u00e0 di Udine e dall\u2019Istituto di Genomica Applicata (IGA) di Udine, pubblicata il 21 dicembre 2021 sulla rivista scientifica Nature Communications.\" \/>\n<meta name=\"robots\" content=\"index, follow, max-snippet:-1, max-image-preview:large, max-video-preview:-1\" \/>\n<link rel=\"canonical\" href=\"https:\/\/puntodincontro.mx\/es\/2021\/12\/27\/un-estudio-italiano-revela-el-origen-de-las-uvas-de-vino-europeas\/\" \/>\n<meta property=\"og:locale\" content=\"es_MX\" \/>\n<meta property=\"og:type\" content=\"article\" \/>\n<meta property=\"og:title\" content=\"Uno studio italiano rivela l&#039;origine delle uve da vino europee\" \/>\n<meta property=\"og:description\" content=\"L&#039;uva da vino europea potrebbe aver avuto origine dall&#039;ibridazione di uve da tavola addomesticate in Asia occidentale con viti selvatiche europee locali. Lo rivela una ricerca condotta dall\u2019Universit\u00e0 di Udine e dall\u2019Istituto di Genomica Applicata (IGA) di Udine, pubblicata il 21 dicembre 2021 sulla rivista scientifica Nature Communications.\" \/>\n<meta property=\"og:url\" content=\"https:\/\/puntodincontro.mx\/es\/2021\/12\/27\/un-estudio-italiano-revela-el-origen-de-las-uvas-de-vino-europeas\/\" \/>\n<meta property=\"og:site_name\" content=\"Puntodincontro\" \/>\n<meta property=\"article:publisher\" content=\"https:\/\/www.facebook.com\/puntodincontro.mx\" \/>\n<meta property=\"article:published_time\" content=\"2021-12-28T00:32:10+00:00\" \/>\n<meta property=\"article:modified_time\" content=\"2021-12-28T00:32:12+00:00\" \/>\n<meta property=\"og:image\" content=\"https:\/\/puntodincontro.mx\/wp-content\/uploads\/2021\/12\/originiuvedavinovert.webp\" \/>\n\t<meta property=\"og:image:width\" content=\"423\" \/>\n\t<meta property=\"og:image:height\" content=\"488\" \/>\n\t<meta property=\"og:image:type\" content=\"image\/webp\" \/>\n<meta name=\"author\" content=\"Puntodincontro\" \/>\n<meta name=\"twitter:card\" content=\"summary_large_image\" \/>\n<meta name=\"twitter:creator\" content=\"@puntodincontro\" \/>\n<meta name=\"twitter:site\" content=\"@puntodincontro\" \/>\n<meta name=\"twitter:label1\" content=\"Escrito por\" \/>\n\t<meta name=\"twitter:data1\" content=\"Puntodincontro\" \/>\n\t<meta name=\"twitter:label2\" content=\"Tiempo de lectura\" \/>\n\t<meta name=\"twitter:data2\" content=\"5 minutos\" \/>\n<script type=\"application\/ld+json\" class=\"yoast-schema-graph\">{\"@context\":\"https:\/\/schema.org\",\"@graph\":[{\"@type\":\"NewsArticle\",\"@id\":\"https:\/\/puntodincontro.mx\/2021\/12\/27\/uno-studio-italiano-rivela-lorigine-delle-uve-da-vino-europee\/#article\",\"isPartOf\":{\"@id\":\"https:\/\/puntodincontro.mx\/2021\/12\/27\/uno-studio-italiano-rivela-lorigine-delle-uve-da-vino-europee\/\"},\"author\":{\"name\":\"Puntodincontro\",\"@id\":\"https:\/\/puntodincontro.mx\/#\/schema\/person\/d3066d18a16259cbb0c29b0d0e93b556\"},\"headline\":\"Uno studio italiano rivela l&#8217;origine delle uve da vino europee\",\"datePublished\":\"2021-12-28T00:32:10+00:00\",\"dateModified\":\"2021-12-28T00:32:12+00:00\",\"mainEntityOfPage\":{\"@id\":\"https:\/\/puntodincontro.mx\/2021\/12\/27\/uno-studio-italiano-rivela-lorigine-delle-uve-da-vino-europee\/\"},\"wordCount\":872,\"commentCount\":1,\"publisher\":{\"@id\":\"https:\/\/puntodincontro.mx\/#organization\"},\"image\":{\"@id\":\"https:\/\/puntodincontro.mx\/2021\/12\/27\/uno-studio-italiano-rivela-lorigine-delle-uve-da-vino-europee\/#primaryimage\"},\"thumbnailUrl\":\"https:\/\/puntodincontro.mx\/wp-content\/uploads\/2021\/12\/originiuvedavinovert.webp\",\"articleSection\":[\"Scienza e tecnologia\"],\"inLanguage\":\"es\",\"potentialAction\":[{\"@type\":\"CommentAction\",\"name\":\"Comment\",\"target\":[\"https:\/\/puntodincontro.mx\/2021\/12\/27\/uno-studio-italiano-rivela-lorigine-delle-uve-da-vino-europee\/#respond\"]}]},{\"@type\":\"WebPage\",\"@id\":\"https:\/\/puntodincontro.mx\/2021\/12\/27\/uno-studio-italiano-rivela-lorigine-delle-uve-da-vino-europee\/\",\"url\":\"https:\/\/puntodincontro.mx\/2021\/12\/27\/uno-studio-italiano-rivela-lorigine-delle-uve-da-vino-europee\/\",\"name\":\"Uno studio italiano rivela l'origine delle uve da vino europee Puntodincontro\",\"isPartOf\":{\"@id\":\"https:\/\/puntodincontro.mx\/#website\"},\"primaryImageOfPage\":{\"@id\":\"https:\/\/puntodincontro.mx\/2021\/12\/27\/uno-studio-italiano-rivela-lorigine-delle-uve-da-vino-europee\/#primaryimage\"},\"image\":{\"@id\":\"https:\/\/puntodincontro.mx\/2021\/12\/27\/uno-studio-italiano-rivela-lorigine-delle-uve-da-vino-europee\/#primaryimage\"},\"thumbnailUrl\":\"https:\/\/puntodincontro.mx\/wp-content\/uploads\/2021\/12\/originiuvedavinovert.webp\",\"datePublished\":\"2021-12-28T00:32:10+00:00\",\"dateModified\":\"2021-12-28T00:32:12+00:00\",\"description\":\"L'uva da vino europea potrebbe aver avuto origine dall'ibridazione di uve da tavola addomesticate in Asia occidentale con viti selvatiche europee locali. Lo rivela una ricerca condotta dall\u2019Universit\u00e0 di Udine e dall\u2019Istituto di Genomica Applicata (IGA) di Udine, pubblicata il 21 dicembre 2021 sulla rivista scientifica Nature Communications.\",\"breadcrumb\":{\"@id\":\"https:\/\/puntodincontro.mx\/2021\/12\/27\/uno-studio-italiano-rivela-lorigine-delle-uve-da-vino-europee\/#breadcrumb\"},\"inLanguage\":\"es\",\"potentialAction\":[{\"@type\":\"ReadAction\",\"target\":[\"https:\/\/puntodincontro.mx\/2021\/12\/27\/uno-studio-italiano-rivela-lorigine-delle-uve-da-vino-europee\/\"]}]},{\"@type\":\"ImageObject\",\"inLanguage\":\"es\",\"@id\":\"https:\/\/puntodincontro.mx\/2021\/12\/27\/uno-studio-italiano-rivela-lorigine-delle-uve-da-vino-europee\/#primaryimage\",\"url\":\"https:\/\/puntodincontro.mx\/wp-content\/uploads\/2021\/12\/originiuvedavinovert.webp\",\"contentUrl\":\"https:\/\/puntodincontro.mx\/wp-content\/uploads\/2021\/12\/originiuvedavinovert.webp\",\"width\":423,\"height\":488,\"caption\":\"Uno studio italiano rivela l'origine delle uve da vino europee\"},{\"@type\":\"BreadcrumbList\",\"@id\":\"https:\/\/puntodincontro.mx\/2021\/12\/27\/uno-studio-italiano-rivela-lorigine-delle-uve-da-vino-europee\/#breadcrumb\",\"itemListElement\":[{\"@type\":\"ListItem\",\"position\":1,\"name\":\"Home\",\"item\":\"https:\/\/puntodincontro.mx\/\"},{\"@type\":\"ListItem\",\"position\":2,\"name\":\"Uno studio italiano rivela l&#8217;origine delle uve da vino europee\"}]},{\"@type\":\"WebSite\",\"@id\":\"https:\/\/puntodincontro.mx\/#website\",\"url\":\"https:\/\/puntodincontro.mx\/\",\"name\":\"Puntodincontro\",\"description\":\"Dal 2006 notizie sui rapporti Italia-Messico \/ Desde 2006 noticias sobre las relaciones entre Italia y M\u00e9xico\",\"publisher\":{\"@id\":\"https:\/\/puntodincontro.mx\/#organization\"},\"potentialAction\":[{\"@type\":\"SearchAction\",\"target\":{\"@type\":\"EntryPoint\",\"urlTemplate\":\"https:\/\/puntodincontro.mx\/?s={search_term_string}\"},\"query-input\":{\"@type\":\"PropertyValueSpecification\",\"valueRequired\":true,\"valueName\":\"search_term_string\"}}],\"inLanguage\":\"es\"},{\"@type\":\"Organization\",\"@id\":\"https:\/\/puntodincontro.mx\/#organization\",\"name\":\"Puntodincontro\",\"url\":\"https:\/\/puntodincontro.mx\/\",\"logo\":{\"@type\":\"ImageObject\",\"inLanguage\":\"es\",\"@id\":\"https:\/\/puntodincontro.mx\/#\/schema\/logo\/image\/\",\"url\":\"https:\/\/puntodincontro.mx\/wp-content\/uploads\/2021\/08\/Default-image-for-open-graph-settings.jpg\",\"contentUrl\":\"https:\/\/puntodincontro.mx\/wp-content\/uploads\/2021\/08\/Default-image-for-open-graph-settings.jpg\",\"width\":1200,\"height\":630,\"caption\":\"Puntodincontro\"},\"image\":{\"@id\":\"https:\/\/puntodincontro.mx\/#\/schema\/logo\/image\/\"},\"sameAs\":[\"https:\/\/www.facebook.com\/puntodincontro.mx\",\"https:\/\/x.com\/puntodincontro\",\"https:\/\/www.instagram.com\/puntodincontro.mx\/\",\"https:\/\/www.linkedin.com\/company\/puntodincontro\/\",\"https:\/\/www.youtube.com\/c\/puntodincontromessico\",\"https:\/\/www.patreon.com\/puntodincontro\",\"https:\/\/www.threads.net\/@puntodincontro.mx\"]},{\"@type\":\"Person\",\"@id\":\"https:\/\/puntodincontro.mx\/#\/schema\/person\/d3066d18a16259cbb0c29b0d0e93b556\",\"name\":\"Puntodincontro\",\"image\":{\"@type\":\"ImageObject\",\"inLanguage\":\"es\",\"@id\":\"https:\/\/puntodincontro.mx\/#\/schema\/person\/image\/\",\"url\":\"https:\/\/secure.gravatar.com\/avatar\/0e85b4b3b5e9d6bfcec6a4956d8cc63a?s=96&d=mm&r=g\",\"contentUrl\":\"https:\/\/secure.gravatar.com\/avatar\/0e85b4b3b5e9d6bfcec6a4956d8cc63a?s=96&d=mm&r=g\",\"caption\":\"Puntodincontro\"},\"url\":\"https:\/\/puntodincontro.mx\/es\/author\/puntodincontro\/\"}]}<\/script>\n<!-- \/ Yoast SEO Premium plugin. -->","yoast_head_json":{"title":"Uno studio italiano rivela l'origine delle uve da vino europee Puntodincontro","description":"L'uva da vino europea potrebbe aver avuto origine dall'ibridazione di uve da tavola addomesticate in Asia occidentale con viti selvatiche europee locali. Lo rivela una ricerca condotta dall\u2019Universit\u00e0 di Udine e dall\u2019Istituto di Genomica Applicata (IGA) di Udine, pubblicata il 21 dicembre 2021 sulla rivista scientifica Nature Communications.","robots":{"index":"index","follow":"follow","max-snippet":"max-snippet:-1","max-image-preview":"max-image-preview:large","max-video-preview":"max-video-preview:-1"},"canonical":"https:\/\/puntodincontro.mx\/es\/2021\/12\/27\/un-estudio-italiano-revela-el-origen-de-las-uvas-de-vino-europeas\/","og_locale":"es_MX","og_type":"article","og_title":"Uno studio italiano rivela l'origine delle uve da vino europee","og_description":"L'uva da vino europea potrebbe aver avuto origine dall'ibridazione di uve da tavola addomesticate in Asia occidentale con viti selvatiche europee locali. Lo rivela una ricerca condotta dall\u2019Universit\u00e0 di Udine e dall\u2019Istituto di Genomica Applicata (IGA) di Udine, pubblicata il 21 dicembre 2021 sulla rivista scientifica Nature Communications.","og_url":"https:\/\/puntodincontro.mx\/es\/2021\/12\/27\/un-estudio-italiano-revela-el-origen-de-las-uvas-de-vino-europeas\/","og_site_name":"Puntodincontro","article_publisher":"https:\/\/www.facebook.com\/puntodincontro.mx","article_published_time":"2021-12-28T00:32:10+00:00","article_modified_time":"2021-12-28T00:32:12+00:00","og_image":[{"width":423,"height":488,"url":"https:\/\/puntodincontro.mx\/wp-content\/uploads\/2021\/12\/originiuvedavinovert.webp","type":"image\/webp"}],"author":"Puntodincontro","twitter_card":"summary_large_image","twitter_creator":"@puntodincontro","twitter_site":"@puntodincontro","twitter_misc":{"Escrito por":"Puntodincontro","Tiempo de lectura":"5 minutos"},"schema":{"@context":"https:\/\/schema.org","@graph":[{"@type":"NewsArticle","@id":"https:\/\/puntodincontro.mx\/2021\/12\/27\/uno-studio-italiano-rivela-lorigine-delle-uve-da-vino-europee\/#article","isPartOf":{"@id":"https:\/\/puntodincontro.mx\/2021\/12\/27\/uno-studio-italiano-rivela-lorigine-delle-uve-da-vino-europee\/"},"author":{"name":"Puntodincontro","@id":"https:\/\/puntodincontro.mx\/#\/schema\/person\/d3066d18a16259cbb0c29b0d0e93b556"},"headline":"Uno studio italiano rivela l&#8217;origine delle uve da vino europee","datePublished":"2021-12-28T00:32:10+00:00","dateModified":"2021-12-28T00:32:12+00:00","mainEntityOfPage":{"@id":"https:\/\/puntodincontro.mx\/2021\/12\/27\/uno-studio-italiano-rivela-lorigine-delle-uve-da-vino-europee\/"},"wordCount":872,"commentCount":1,"publisher":{"@id":"https:\/\/puntodincontro.mx\/#organization"},"image":{"@id":"https:\/\/puntodincontro.mx\/2021\/12\/27\/uno-studio-italiano-rivela-lorigine-delle-uve-da-vino-europee\/#primaryimage"},"thumbnailUrl":"https:\/\/puntodincontro.mx\/wp-content\/uploads\/2021\/12\/originiuvedavinovert.webp","articleSection":["Scienza e tecnologia"],"inLanguage":"es","potentialAction":[{"@type":"CommentAction","name":"Comment","target":["https:\/\/puntodincontro.mx\/2021\/12\/27\/uno-studio-italiano-rivela-lorigine-delle-uve-da-vino-europee\/#respond"]}]},{"@type":"WebPage","@id":"https:\/\/puntodincontro.mx\/2021\/12\/27\/uno-studio-italiano-rivela-lorigine-delle-uve-da-vino-europee\/","url":"https:\/\/puntodincontro.mx\/2021\/12\/27\/uno-studio-italiano-rivela-lorigine-delle-uve-da-vino-europee\/","name":"Uno studio italiano rivela l'origine delle uve da vino europee Puntodincontro","isPartOf":{"@id":"https:\/\/puntodincontro.mx\/#website"},"primaryImageOfPage":{"@id":"https:\/\/puntodincontro.mx\/2021\/12\/27\/uno-studio-italiano-rivela-lorigine-delle-uve-da-vino-europee\/#primaryimage"},"image":{"@id":"https:\/\/puntodincontro.mx\/2021\/12\/27\/uno-studio-italiano-rivela-lorigine-delle-uve-da-vino-europee\/#primaryimage"},"thumbnailUrl":"https:\/\/puntodincontro.mx\/wp-content\/uploads\/2021\/12\/originiuvedavinovert.webp","datePublished":"2021-12-28T00:32:10+00:00","dateModified":"2021-12-28T00:32:12+00:00","description":"L'uva da vino europea potrebbe aver avuto origine dall'ibridazione di uve da tavola addomesticate in Asia occidentale con viti selvatiche europee locali. Lo rivela una ricerca condotta dall\u2019Universit\u00e0 di Udine e dall\u2019Istituto di Genomica Applicata (IGA) di Udine, pubblicata il 21 dicembre 2021 sulla rivista scientifica Nature Communications.","breadcrumb":{"@id":"https:\/\/puntodincontro.mx\/2021\/12\/27\/uno-studio-italiano-rivela-lorigine-delle-uve-da-vino-europee\/#breadcrumb"},"inLanguage":"es","potentialAction":[{"@type":"ReadAction","target":["https:\/\/puntodincontro.mx\/2021\/12\/27\/uno-studio-italiano-rivela-lorigine-delle-uve-da-vino-europee\/"]}]},{"@type":"ImageObject","inLanguage":"es","@id":"https:\/\/puntodincontro.mx\/2021\/12\/27\/uno-studio-italiano-rivela-lorigine-delle-uve-da-vino-europee\/#primaryimage","url":"https:\/\/puntodincontro.mx\/wp-content\/uploads\/2021\/12\/originiuvedavinovert.webp","contentUrl":"https:\/\/puntodincontro.mx\/wp-content\/uploads\/2021\/12\/originiuvedavinovert.webp","width":423,"height":488,"caption":"Uno studio italiano rivela l'origine delle uve da vino europee"},{"@type":"BreadcrumbList","@id":"https:\/\/puntodincontro.mx\/2021\/12\/27\/uno-studio-italiano-rivela-lorigine-delle-uve-da-vino-europee\/#breadcrumb","itemListElement":[{"@type":"ListItem","position":1,"name":"Home","item":"https:\/\/puntodincontro.mx\/"},{"@type":"ListItem","position":2,"name":"Uno studio italiano rivela l&#8217;origine delle uve da vino europee"}]},{"@type":"WebSite","@id":"https:\/\/puntodincontro.mx\/#website","url":"https:\/\/puntodincontro.mx\/","name":"Puntodincontro","description":"Desde el 2006 noticias sobre las relaciones entre Italia y M\u00e9xico \/ Dal 2006 notizie sui rapporti Italia-Messico","publisher":{"@id":"https:\/\/puntodincontro.mx\/#organization"},"potentialAction":[{"@type":"SearchAction","target":{"@type":"EntryPoint","urlTemplate":"https:\/\/puntodincontro.mx\/?s={search_term_string}"},"query-input":{"@type":"PropertyValueSpecification","valueRequired":true,"valueName":"search_term_string"}}],"inLanguage":"es"},{"@type":"Organization","@id":"https:\/\/puntodincontro.mx\/#organization","name":"Puntodincontro","url":"https:\/\/puntodincontro.mx\/","logo":{"@type":"ImageObject","inLanguage":"es","@id":"https:\/\/puntodincontro.mx\/#\/schema\/logo\/image\/","url":"https:\/\/puntodincontro.mx\/wp-content\/uploads\/2021\/08\/Default-image-for-open-graph-settings.jpg","contentUrl":"https:\/\/puntodincontro.mx\/wp-content\/uploads\/2021\/08\/Default-image-for-open-graph-settings.jpg","width":1200,"height":630,"caption":"Puntodincontro"},"image":{"@id":"https:\/\/puntodincontro.mx\/#\/schema\/logo\/image\/"},"sameAs":["https:\/\/www.facebook.com\/puntodincontro.mx","https:\/\/x.com\/puntodincontro","https:\/\/www.instagram.com\/puntodincontro.mx\/","https:\/\/www.linkedin.com\/company\/puntodincontro\/","https:\/\/www.youtube.com\/c\/puntodincontromessico","https:\/\/www.patreon.com\/puntodincontro","https:\/\/www.threads.net\/@puntodincontro.mx"]},{"@type":"Person","@id":"https:\/\/puntodincontro.mx\/#\/schema\/person\/d3066d18a16259cbb0c29b0d0e93b556","name":"Puntodincontro","image":{"@type":"ImageObject","inLanguage":"es","@id":"https:\/\/puntodincontro.mx\/#\/schema\/person\/image\/","url":"https:\/\/secure.gravatar.com\/avatar\/0e85b4b3b5e9d6bfcec6a4956d8cc63a?s=96&d=mm&r=g","contentUrl":"https:\/\/secure.gravatar.com\/avatar\/0e85b4b3b5e9d6bfcec6a4956d8cc63a?s=96&d=mm&r=g","caption":"Puntodincontro"},"url":"https:\/\/puntodincontro.mx\/es\/author\/puntodincontro\/"}]}},"_links":{"self":[{"href":"https:\/\/puntodincontro.mx\/es\/wp-json\/wp\/v2\/posts\/2433"}],"collection":[{"href":"https:\/\/puntodincontro.mx\/es\/wp-json\/wp\/v2\/posts"}],"about":[{"href":"https:\/\/puntodincontro.mx\/es\/wp-json\/wp\/v2\/types\/post"}],"author":[{"embeddable":true,"href":"https:\/\/puntodincontro.mx\/es\/wp-json\/wp\/v2\/users\/2"}],"replies":[{"embeddable":true,"href":"https:\/\/puntodincontro.mx\/es\/wp-json\/wp\/v2\/comments?post=2433"}],"version-history":[{"count":11,"href":"https:\/\/puntodincontro.mx\/es\/wp-json\/wp\/v2\/posts\/2433\/revisions"}],"predecessor-version":[{"id":2456,"href":"https:\/\/puntodincontro.mx\/es\/wp-json\/wp\/v2\/posts\/2433\/revisions\/2456"}],"wp:featuredmedia":[{"embeddable":true,"href":"https:\/\/puntodincontro.mx\/es\/wp-json\/wp\/v2\/media\/2435"}],"wp:attachment":[{"href":"https:\/\/puntodincontro.mx\/es\/wp-json\/wp\/v2\/media?parent=2433"}],"wp:term":[{"taxonomy":"category","embeddable":true,"href":"https:\/\/puntodincontro.mx\/es\/wp-json\/wp\/v2\/categories?post=2433"},{"taxonomy":"post_tag","embeddable":true,"href":"https:\/\/puntodincontro.mx\/es\/wp-json\/wp\/v2\/tags?post=2433"}],"curies":[{"name":"wp","href":"https:\/\/api.w.org\/{rel}","templated":true}]}}