{"id":24554,"date":"2025-12-12T07:41:45","date_gmt":"2025-12-12T13:41:45","guid":{"rendered":"https:\/\/puntodincontro.mx\/?p=24554"},"modified":"2025-12-12T07:41:46","modified_gmt":"2025-12-12T13:41:46","slug":"la-gobernadora-de-chihuahua-presenta-el-estado-en-roma","status":"publish","type":"post","link":"https:\/\/puntodincontro.mx\/es\/2025\/12\/12\/la-governatrice-del-chihuahua-ha-presentato-lo-stato-a-roma\/","title":{"rendered":"La gobernadora de Chihuahua present\u00f3 al estado en Roma"},"content":{"rendered":"<p class=\"translation-block\"><strong>07:22 h<\/strong> - \u00abEs la zona fronteriza por excelencia, llena de contrastes, con un magn\u00edfico desierto, uno de los m\u00e1s grandes de Am\u00e9rica, y paisajes inusuales como la nieve en invierno y los ca\u00f1ones m\u00e1s impresionantes. Chihuahua, conocido como el Gran Estado, es un territorio maravilloso que ostenta, adem\u00e1s de vestigios \u00fanicos, una notable riqueza culinaria\u00bb.<\/p>\n\n\n\n<p>Con estas palabras, el embajador de M\u00e9xico en Italia, Genaro Lozano, present\u00f3 una de las regiones m\u00e1s distintivas de la naci\u00f3n latinoamericana durante la visita de su gobernadora, Maru Campos, a Roma.<\/p>\n\n\n\n<p>La jefa del ejecutivo del estado m\u00e1s grande de M\u00e9xico por extensi\u00f3n territorial detall\u00f3 sus atractivos. La regi\u00f3n a\u00fan es poco conocida para los italianos, quienes han estado descubriendo el pa\u00eds desde la d\u00e9cada de 1990, comenzando por la Riviera Maya y sus sitios arqueol\u00f3gicos m\u00e1s famosos, como Palenque y Chich\u00e9n Itz\u00e1.<\/p>\n\n\n\n<p class=\"translation-block\">\u00abChihuahua\u00bb \u2014enfatiz\u00f3 Campos\u2014 \u00abcuenta con cinco Pueblos M\u00e1gicos, declarados Patrimonio de la Humanidad por la UNESCO, y ofrece unas vacaciones que abarcan desde deportes extremos hasta el descubrimiento de un sitio arqueol\u00f3gico \u00fanico\u00bb.<\/p>\n\n\n\n<p>\u00abNo se puede pasar por alto\u00bb \u2014a\u00f1adi\u00f3\u2014 \u00abla belleza de su extraordinario paisaje natural, con lugares pr\u00edstinos y la cascada m\u00e1s alta del pa\u00eds. Los pueblos ind\u00edgenas que a\u00fan habitan nuestro territorio ofrecen no solo valiosas artesan\u00edas textiles, sino tambi\u00e9n la gastronom\u00eda m\u00e1s tradicional\u00bb.<\/p>\n\n\n\n<p>En cuanto a las conexiones, se puede llegar al estado de Chihuahua tomando el vuelo directo de Roma a la Ciudad de M\u00e9xico con Aerom\u00e9xico, y luego continuar en una de los numerosas rutas nacionales.<\/p>\n\n\n\n<p class=\"translation-block\">El tren Chepe, considerado uno de los diez ferrocarriles m\u00e1s espectaculares del mundo, conecta la localidad de Creel, en la Sierra Tarahumara, con Los Mochis, cruzando las imponentes Barrancas del Cobre a lo largo de 653 km, con 37 puentes y 86 t\u00faneles que abarcan los estados de Chihuahua y Sinaloa.<\/p>\n\n\n\n<p>\u00abEs una experiencia que no se pueden perder\u00bb, concluy\u00f3 la gobernadora.<\/p>\n\n\n\n<p>Durante el encuentro se present\u00f3 tambi\u00e9n el panorama econ\u00f3mico del Estado, destacando algunos logros importantes, entre ellos el liderazgo en la producci\u00f3n automotriz y electr\u00f3nica, la formaci\u00f3n de talento, la excelencia en la agroindustria y en la energ\u00eda renovable.<\/p>\n\n\n\n<p>Al final, con la presencia de la presidente Letizia Magaldi, se firm\u00f3 un Memorando de Entendimiento con la C\u00e1mara de Comercio de M\u00e9xico en Italia.<\/p>\n\n\n\n<p class=\"has-small-font-size\">Foto: Instagram @embamex_italia<\/p>\n\n\n\n<div style=\"height:12px\" aria-hidden=\"true\" class=\"wp-block-spacer\"><\/div>\n\n\n<!-- Ad space powered by WP AdCenter v2.5.7 - https:\/\/wpadcenter.com\/ --><div class=\"wpadcenter-adgroup\" ><div class=\"wpadcenter-adgroup__row wpadcenter-aligncenter\"><div class=\"wpadcenter-ad-container\" ><div id=\"wpadcenter-ad-18464\" class=\"ad-placement\"><div class=\"wpadcenter-ad-inner\" ><a id=\"wpadcenter_ad\" data-value=\"18464\" data-placement=\"\" href=\"https:\/\/www.productosremo.com\/\" target=\"_blank\" class=\"wpadcenter-ad-inner__item\" ><img decoding=\"async\"   src=\"https:\/\/puntodincontro.mx\/wp-content\/uploads\/2021\/08\/remobanner.jpg\" class=\"attachment-post-thumbnail size-post-thumbnail wp-post-image\" alt=\"\" srcset=\"https:\/\/puntodincontro.mx\/wp-content\/uploads\/2021\/08\/remobanner.jpg 200w, https:\/\/puntodincontro.mx\/wp-content\/uploads\/2021\/08\/remobanner-16x5.jpg 16w\" sizes=\"(max-width: 200px) 100vw, 200px\" \/><\/a><\/div><\/div><\/div><div class=\"wpadcenter-ad-container\" ><div id=\"wpadcenter-ad-5305\" class=\"ad-placement\"><div class=\"wpadcenter-ad-inner\" ><a id=\"wpadcenter_ad\" data-value=\"5305\" data-placement=\"\" href=\"https:\/\/ambcittadelmessico.esteri.it\/ambasciata_cittadelmessico\/it\/\" target=\"_blank\" class=\"wpadcenter-ad-inner__item\" ><img decoding=\"async\"   src=\"https:\/\/puntodincontro.mx\/wp-content\/uploads\/2022\/05\/Ambasciata.jpg\" class=\"attachment-post-thumbnail size-post-thumbnail wp-post-image\" alt=\"\" srcset=\"https:\/\/puntodincontro.mx\/wp-content\/uploads\/2022\/05\/Ambasciata.jpg 200w, https:\/\/puntodincontro.mx\/wp-content\/uploads\/2022\/05\/Ambasciata-18x5.jpg 18w\" sizes=\"(max-width: 200px) 100vw, 200px\" \/><\/a><\/div><\/div><\/div><div class=\"wpadcenter-ad-container\" ><div id=\"wpadcenter-ad-3781\" class=\"ad-placement\"><div class=\"wpadcenter-ad-inner\" ><a id=\"wpadcenter_ad\" data-value=\"3781\" data-placement=\"\" href=\"https:\/\/cannizzo.com.mx\/\" target=\"_blank\" class=\"wpadcenter-ad-inner__item\" ><img decoding=\"async\"   src=\"https:\/\/puntodincontro.mx\/wp-content\/uploads\/2022\/03\/cannizzo2.jpg\" class=\"attachment-post-thumbnail size-post-thumbnail wp-post-image\" alt=\"\" srcset=\"https:\/\/puntodincontro.mx\/wp-content\/uploads\/2022\/03\/cannizzo2.jpg 200w, https:\/\/puntodincontro.mx\/wp-content\/uploads\/2022\/03\/cannizzo2-18x5.jpg 18w\" sizes=\"(max-width: 200px) 100vw, 200px\" \/><\/a><\/div><\/div><\/div><\/div><div class=\"wpadcenter-adgroup__row wpadcenter-aligncenter\"><div class=\"wpadcenter-ad-container\" ><div id=\"wpadcenter-ad-1704\" class=\"ad-placement\"><div class=\"wpadcenter-ad-inner\" ><a id=\"wpadcenter_ad\" data-value=\"1704\" data-placement=\"\" href=\"https:\/\/puntodincontro.mx\/es\/2021\/12\/24\/inps-verificacion-de-supervivencia-de-los-pensionados-en-el-extranjero\/\" target=\"_blank\" class=\"wpadcenter-ad-inner__item\" ><img decoding=\"async\"   src=\"https:\/\/puntodincontro.mx\/wp-content\/uploads\/2021\/11\/logo-ital.jpg\" class=\"attachment-post-thumbnail size-post-thumbnail wp-post-image\" alt=\"Patronato ITAL Messico\" srcset=\"https:\/\/puntodincontro.mx\/wp-content\/uploads\/2021\/11\/logo-ital.jpg 200w, https:\/\/puntodincontro.mx\/wp-content\/uploads\/2021\/11\/logo-ital-16x5.jpg 16w\" sizes=\"(max-width: 200px) 100vw, 200px\" \/><\/a><\/div><\/div><\/div><div class=\"wpadcenter-ad-container\" ><div id=\"wpadcenter-ad-1538\" class=\"ad-placement\"><div class=\"wpadcenter-ad-inner\" ><a id=\"wpadcenter_ad\" data-value=\"1538\" data-placement=\"\" href=\"https:\/\/asociacionitaliana.org\/\" target=\"_blank\" class=\"wpadcenter-ad-inner__item\" ><img decoding=\"async\"   src=\"https:\/\/puntodincontro.mx\/wp-content\/uploads\/2021\/11\/aialogo.jpg\" class=\"attachment-post-thumbnail size-post-thumbnail wp-post-image\" alt=\"Associazione Italiana di Assistenza IAP\" srcset=\"https:\/\/puntodincontro.mx\/wp-content\/uploads\/2021\/11\/aialogo.jpg 200w, https:\/\/puntodincontro.mx\/wp-content\/uploads\/2021\/11\/aialogo-18x5.jpg 18w\" sizes=\"(max-width: 200px) 100vw, 200px\" \/><\/a><\/div><\/div><\/div><div class=\"wpadcenter-ad-container\" ><div id=\"wpadcenter-ad-1513\" class=\"ad-placement\"><div class=\"wpadcenter-ad-inner\" ><a id=\"wpadcenter_ad\" data-value=\"1513\" data-placement=\"\" href=\"https:\/\/gcinmuebles.mx\" target=\"_blank\" class=\"wpadcenter-ad-inner__item\" ><img decoding=\"async\"   src=\"https:\/\/puntodincontro.mx\/wp-content\/uploads\/2021\/10\/gcinmuebleslogopunto-1.jpg\" class=\"attachment-post-thumbnail size-post-thumbnail wp-post-image\" alt=\"\" srcset=\"https:\/\/puntodincontro.mx\/wp-content\/uploads\/2021\/10\/gcinmuebleslogopunto-1.jpg 200w, https:\/\/puntodincontro.mx\/wp-content\/uploads\/2021\/10\/gcinmuebleslogopunto-1-18x5.jpg 18w\" sizes=\"(max-width: 200px) 100vw, 200px\" \/><\/a><\/div><\/div><\/div><\/div><div class=\"wpadcenter-adgroup__row wpadcenter-aligncenter\"><div class=\"wpadcenter-ad-container\" ><div id=\"wpadcenter-ad-1374\" class=\"ad-placement\"><div class=\"wpadcenter-ad-inner\" ><a id=\"wpadcenter_ad\" data-value=\"1374\" data-placement=\"\" href=\"https:\/\/www.9colonne.it\/\" target=\"_blank\" class=\"wpadcenter-ad-inner__item\" ><img decoding=\"async\"   src=\"https:\/\/puntodincontro.mx\/wp-content\/uploads\/2021\/10\/Banner9colonne.gif\" class=\"attachment-post-thumbnail size-post-thumbnail wp-post-image\" alt=\"\" \/><\/a><\/div><\/div><\/div><div class=\"wpadcenter-ad-container\" ><div id=\"wpadcenter-ad-276\" class=\"ad-placement\"><div class=\"wpadcenter-ad-inner\" ><a id=\"wpadcenter_ad\" data-value=\"276\" data-placement=\"\" href=\"http:\/\/www.camaraitaliana.mx\/\" target=\"_blank\" class=\"wpadcenter-ad-inner__item\" ><img decoding=\"async\"   src=\"https:\/\/puntodincontro.mx\/wp-content\/uploads\/2021\/08\/ccimnuovo.jpg\" class=\"attachment-post-thumbnail size-post-thumbnail wp-post-image\" alt=\"\" srcset=\"https:\/\/puntodincontro.mx\/wp-content\/uploads\/2021\/08\/ccimnuovo.jpg 200w, https:\/\/puntodincontro.mx\/wp-content\/uploads\/2021\/08\/ccimnuovo-18x5.jpg 18w\" sizes=\"(max-width: 200px) 100vw, 200px\" \/><\/a><\/div><\/div><\/div><div class=\"wpadcenter-ad-container\" ><div id=\"wpadcenter-ad-272\" class=\"ad-placement\"><div class=\"wpadcenter-ad-inner\" ><a id=\"wpadcenter_ad\" data-value=\"272\" data-placement=\"\" href=\"http:\/\/corix.us\/\" target=\"_blank\" class=\"wpadcenter-ad-inner__item\" ><img decoding=\"async\"   src=\"https:\/\/puntodincontro.mx\/wp-content\/uploads\/2021\/08\/corixbanner-1.jpg\" class=\"attachment-post-thumbnail size-post-thumbnail wp-post-image\" alt=\"\" srcset=\"https:\/\/puntodincontro.mx\/wp-content\/uploads\/2021\/08\/corixbanner-1.jpg 200w, https:\/\/puntodincontro.mx\/wp-content\/uploads\/2021\/08\/corixbanner-1-16x5.jpg 16w\" sizes=\"(max-width: 200px) 100vw, 200px\" \/><\/a><\/div><\/div><\/div><\/div><div class=\"wpadcenter-adgroup__row wpadcenter-aligncenter\"><div class=\"wpadcenter-ad-container\" ><div id=\"wpadcenter-ad-266\" class=\"ad-placement\"><div class=\"wpadcenter-ad-inner\" ><a id=\"wpadcenter_ad\" data-value=\"266\" data-placement=\"\" href=\"https:\/\/www.prinsel.com.mx\/\" target=\"_blank\" class=\"wpadcenter-ad-inner__item\" ><img decoding=\"async\"   src=\"https:\/\/puntodincontro.mx\/wp-content\/uploads\/2021\/08\/prinselbanner-1.jpg\" class=\"attachment-post-thumbnail size-post-thumbnail wp-post-image\" alt=\"\" srcset=\"https:\/\/puntodincontro.mx\/wp-content\/uploads\/2021\/08\/prinselbanner-1.jpg 200w, https:\/\/puntodincontro.mx\/wp-content\/uploads\/2021\/08\/prinselbanner-1-16x5.jpg 16w\" sizes=\"(max-width: 200px) 100vw, 200px\" \/><\/a><\/div><\/div><\/div><div class=\"wpadcenter-ad-container\" ><div id=\"wpadcenter-ad-261\" class=\"ad-placement\"><div class=\"wpadcenter-ad-inner\" ><a id=\"wpadcenter_ad\" data-value=\"261\" data-placement=\"\" href=\"https:\/\/faitalia.com.mx\/\" target=\"_blank\" class=\"wpadcenter-ad-inner__item\" ><img decoding=\"async\"   src=\"https:\/\/puntodincontro.mx\/wp-content\/uploads\/2021\/08\/gruppodino.jpg\" class=\"attachment-post-thumbnail size-post-thumbnail wp-post-image\" alt=\"\" srcset=\"https:\/\/puntodincontro.mx\/wp-content\/uploads\/2021\/08\/gruppodino.jpg 200w, https:\/\/puntodincontro.mx\/wp-content\/uploads\/2021\/08\/gruppodino-18x5.jpg 18w\" sizes=\"(max-width: 200px) 100vw, 200px\" \/><\/a><\/div><\/div><\/div><\/div><\/div>\n\n\n<div style=\"height:12px\" aria-hidden=\"true\" class=\"wp-block-spacer\"><\/div>","protected":false},"excerpt":{"rendered":"<p>Ore 07.22 &#8211; \u00ab\u00c8 la zona di frontiera per eccellenza, piena di contrasti, con un deserto magnifico, uno dei pi\u00f9 grandi del continente americano, e paesaggi inusuali come la neve in inverno e i canyon pi\u00f9 imponenti. Chihuahua, definito lo Stato Grande, \u00e8 un territorio meraviglioso che vanta, oltre a rare vestigia, anche una ricchezza culinaria notevole\u00bb. Con queste parole l\u2019ambasciatore del Messico in Italia, Genaro Lozano, ha presentato una delle regioni pi\u00f9 caratteristiche della nazione latinoamericana, in occasione della visita a Roma della sua governatrice Maru Campos. La titolare del potere esecutivo dello stato pi\u00f9 grande del Messico per&#8230; <\/p>","protected":false},"author":2,"featured_media":24559,"comment_status":"open","ping_status":"open","sticky":false,"template":"","format":"standard","meta":{"_monsterinsights_skip_tracking":false,"_monsterinsights_sitenote_active":false,"_monsterinsights_sitenote_note":"","_monsterinsights_sitenote_category":0,"footnotes":""},"categories":[6],"tags":[],"class_list":["post-24554","post","type-post","status-publish","format-standard","has-post-thumbnail","hentry","category-messico-in-italia"],"yoast_head":"<!-- This site is optimized with the Yoast SEO Premium plugin v18.4 (Yoast SEO v25.6) - https:\/\/yoast.com\/wordpress\/plugins\/seo\/ -->\n<title>La governatrice del Chihuahua ha presentato lo stato a Roma<\/title>\n<meta name=\"description\" content=\"La governatrice dello stato messicano di Chihuahua, Maru Campos, ha presentato a Roma le attrazioni e le caratteristiche del territorio.\" \/>\n<meta name=\"robots\" content=\"index, follow, max-snippet:-1, max-image-preview:large, max-video-preview:-1\" \/>\n<link rel=\"canonical\" href=\"https:\/\/puntodincontro.mx\/es\/2025\/12\/12\/la-gobernadora-de-chihuahua-presenta-el-estado-en-roma\/\" \/>\n<meta property=\"og:locale\" content=\"es_MX\" \/>\n<meta property=\"og:type\" content=\"article\" \/>\n<meta property=\"og:title\" content=\"La governatrice del Chihuahua ha presentato lo stato a Roma\" \/>\n<meta property=\"og:description\" content=\"La governatrice dello stato messicano di Chihuahua, Maru Campos, ha presentato a Roma le attrazioni e le caratteristiche del territorio.\" \/>\n<meta property=\"og:url\" content=\"https:\/\/puntodincontro.mx\/es\/2025\/12\/12\/la-gobernadora-de-chihuahua-presenta-el-estado-en-roma\/\" \/>\n<meta property=\"og:site_name\" content=\"Puntodincontro\" \/>\n<meta property=\"article:publisher\" content=\"https:\/\/www.facebook.com\/puntodincontro.mx\" \/>\n<meta property=\"article:published_time\" content=\"2025-12-12T13:41:45+00:00\" \/>\n<meta property=\"article:modified_time\" content=\"2025-12-12T13:41:46+00:00\" \/>\n<meta property=\"og:image\" content=\"https:\/\/puntodincontro.mx\/wp-content\/uploads\/2025\/12\/chihuahuapuntocomp.jpg\" \/>\n\t<meta property=\"og:image:width\" content=\"932\" \/>\n\t<meta property=\"og:image:height\" content=\"488\" \/>\n\t<meta property=\"og:image:type\" content=\"image\/jpeg\" \/>\n<meta name=\"author\" content=\"Puntodincontro\" \/>\n<meta name=\"twitter:card\" content=\"summary_large_image\" \/>\n<meta name=\"twitter:creator\" content=\"@puntodincontro\" \/>\n<meta name=\"twitter:site\" content=\"@puntodincontro\" \/>\n<meta name=\"twitter:label1\" content=\"Escrito por\" \/>\n\t<meta name=\"twitter:data1\" content=\"Puntodincontro\" \/>\n\t<meta name=\"twitter:label2\" content=\"Tiempo de lectura\" \/>\n\t<meta name=\"twitter:data2\" content=\"2 minutos\" \/>\n<script type=\"application\/ld+json\" class=\"yoast-schema-graph\">{\"@context\":\"https:\/\/schema.org\",\"@graph\":[{\"@type\":\"NewsArticle\",\"@id\":\"https:\/\/puntodincontro.mx\/2025\/12\/12\/la-governatrice-del-chihuahua-ha-presentato-lo-stato-a-roma\/#article\",\"isPartOf\":{\"@id\":\"https:\/\/puntodincontro.mx\/2025\/12\/12\/la-governatrice-del-chihuahua-ha-presentato-lo-stato-a-roma\/\"},\"author\":{\"name\":\"Puntodincontro\",\"@id\":\"https:\/\/puntodincontro.mx\/#\/schema\/person\/d3066d18a16259cbb0c29b0d0e93b556\"},\"headline\":\"La governatrice del Chihuahua ha presentato lo stato a Roma\",\"datePublished\":\"2025-12-12T13:41:45+00:00\",\"dateModified\":\"2025-12-12T13:41:46+00:00\",\"mainEntityOfPage\":{\"@id\":\"https:\/\/puntodincontro.mx\/2025\/12\/12\/la-governatrice-del-chihuahua-ha-presentato-lo-stato-a-roma\/\"},\"wordCount\":374,\"commentCount\":0,\"publisher\":{\"@id\":\"https:\/\/puntodincontro.mx\/#organization\"},\"image\":{\"@id\":\"https:\/\/puntodincontro.mx\/2025\/12\/12\/la-governatrice-del-chihuahua-ha-presentato-lo-stato-a-roma\/#primaryimage\"},\"thumbnailUrl\":\"https:\/\/puntodincontro.mx\/wp-content\/uploads\/2025\/12\/chihuahuapuntovert.webp\",\"articleSection\":[\"Messico in Italia\"],\"inLanguage\":\"es\",\"potentialAction\":[{\"@type\":\"CommentAction\",\"name\":\"Comment\",\"target\":[\"https:\/\/puntodincontro.mx\/2025\/12\/12\/la-governatrice-del-chihuahua-ha-presentato-lo-stato-a-roma\/#respond\"]}]},{\"@type\":\"WebPage\",\"@id\":\"https:\/\/puntodincontro.mx\/2025\/12\/12\/la-governatrice-del-chihuahua-ha-presentato-lo-stato-a-roma\/\",\"url\":\"https:\/\/puntodincontro.mx\/2025\/12\/12\/la-governatrice-del-chihuahua-ha-presentato-lo-stato-a-roma\/\",\"name\":\"La governatrice del Chihuahua ha presentato lo stato a Roma\",\"isPartOf\":{\"@id\":\"https:\/\/puntodincontro.mx\/#website\"},\"primaryImageOfPage\":{\"@id\":\"https:\/\/puntodincontro.mx\/2025\/12\/12\/la-governatrice-del-chihuahua-ha-presentato-lo-stato-a-roma\/#primaryimage\"},\"image\":{\"@id\":\"https:\/\/puntodincontro.mx\/2025\/12\/12\/la-governatrice-del-chihuahua-ha-presentato-lo-stato-a-roma\/#primaryimage\"},\"thumbnailUrl\":\"https:\/\/puntodincontro.mx\/wp-content\/uploads\/2025\/12\/chihuahuapuntovert.webp\",\"datePublished\":\"2025-12-12T13:41:45+00:00\",\"dateModified\":\"2025-12-12T13:41:46+00:00\",\"description\":\"La governatrice dello stato messicano di Chihuahua, Maru Campos, ha presentato a Roma le attrazioni e le caratteristiche del territorio.\",\"breadcrumb\":{\"@id\":\"https:\/\/puntodincontro.mx\/2025\/12\/12\/la-governatrice-del-chihuahua-ha-presentato-lo-stato-a-roma\/#breadcrumb\"},\"inLanguage\":\"es\",\"potentialAction\":[{\"@type\":\"ReadAction\",\"target\":[\"https:\/\/puntodincontro.mx\/2025\/12\/12\/la-governatrice-del-chihuahua-ha-presentato-lo-stato-a-roma\/\"]}]},{\"@type\":\"ImageObject\",\"inLanguage\":\"es\",\"@id\":\"https:\/\/puntodincontro.mx\/2025\/12\/12\/la-governatrice-del-chihuahua-ha-presentato-lo-stato-a-roma\/#primaryimage\",\"url\":\"https:\/\/puntodincontro.mx\/wp-content\/uploads\/2025\/12\/chihuahuapuntovert.webp\",\"contentUrl\":\"https:\/\/puntodincontro.mx\/wp-content\/uploads\/2025\/12\/chihuahuapuntovert.webp\",\"width\":423,\"height\":488,\"caption\":\"La governatrice del Chihuahua ha presentato lo stato a Roma \/ Foto: Instagram @embamex_italia\"},{\"@type\":\"BreadcrumbList\",\"@id\":\"https:\/\/puntodincontro.mx\/2025\/12\/12\/la-governatrice-del-chihuahua-ha-presentato-lo-stato-a-roma\/#breadcrumb\",\"itemListElement\":[{\"@type\":\"ListItem\",\"position\":1,\"name\":\"Home\",\"item\":\"https:\/\/puntodincontro.mx\/\"},{\"@type\":\"ListItem\",\"position\":2,\"name\":\"La governatrice del Chihuahua ha presentato lo stato a Roma\"}]},{\"@type\":\"WebSite\",\"@id\":\"https:\/\/puntodincontro.mx\/#website\",\"url\":\"https:\/\/puntodincontro.mx\/\",\"name\":\"Puntodincontro\",\"description\":\"Dal 2006 notizie sui rapporti Italia-Messico \/ Desde 2006 noticias sobre las relaciones entre Italia y M\u00e9xico\",\"publisher\":{\"@id\":\"https:\/\/puntodincontro.mx\/#organization\"},\"potentialAction\":[{\"@type\":\"SearchAction\",\"target\":{\"@type\":\"EntryPoint\",\"urlTemplate\":\"https:\/\/puntodincontro.mx\/?s={search_term_string}\"},\"query-input\":{\"@type\":\"PropertyValueSpecification\",\"valueRequired\":true,\"valueName\":\"search_term_string\"}}],\"inLanguage\":\"es\"},{\"@type\":\"Organization\",\"@id\":\"https:\/\/puntodincontro.mx\/#organization\",\"name\":\"Puntodincontro\",\"url\":\"https:\/\/puntodincontro.mx\/\",\"logo\":{\"@type\":\"ImageObject\",\"inLanguage\":\"es\",\"@id\":\"https:\/\/puntodincontro.mx\/#\/schema\/logo\/image\/\",\"url\":\"https:\/\/puntodincontro.mx\/wp-content\/uploads\/2021\/08\/Default-image-for-open-graph-settings.jpg\",\"contentUrl\":\"https:\/\/puntodincontro.mx\/wp-content\/uploads\/2021\/08\/Default-image-for-open-graph-settings.jpg\",\"width\":1200,\"height\":630,\"caption\":\"Puntodincontro\"},\"image\":{\"@id\":\"https:\/\/puntodincontro.mx\/#\/schema\/logo\/image\/\"},\"sameAs\":[\"https:\/\/www.facebook.com\/puntodincontro.mx\",\"https:\/\/x.com\/puntodincontro\",\"https:\/\/www.instagram.com\/puntodincontro.mx\/\",\"https:\/\/www.linkedin.com\/company\/puntodincontro\/\",\"https:\/\/www.youtube.com\/c\/puntodincontromessico\",\"https:\/\/www.patreon.com\/puntodincontro\",\"https:\/\/www.threads.net\/@puntodincontro.mx\"]},{\"@type\":\"Person\",\"@id\":\"https:\/\/puntodincontro.mx\/#\/schema\/person\/d3066d18a16259cbb0c29b0d0e93b556\",\"name\":\"Puntodincontro\",\"image\":{\"@type\":\"ImageObject\",\"inLanguage\":\"es\",\"@id\":\"https:\/\/puntodincontro.mx\/#\/schema\/person\/image\/\",\"url\":\"https:\/\/secure.gravatar.com\/avatar\/0e85b4b3b5e9d6bfcec6a4956d8cc63a?s=96&d=mm&r=g\",\"contentUrl\":\"https:\/\/secure.gravatar.com\/avatar\/0e85b4b3b5e9d6bfcec6a4956d8cc63a?s=96&d=mm&r=g\",\"caption\":\"Puntodincontro\"},\"url\":\"https:\/\/puntodincontro.mx\/es\/author\/puntodincontro\/\"}]}<\/script>\n<!-- \/ Yoast SEO Premium plugin. -->","yoast_head_json":{"title":"La gobernadora de Chihuahua present\u00f3 al estado en Roma","description":"La gobernadora del estado mexicano de Chihuahua, Maru Campos, present\u00f3 los atractivos y caracter\u00edsticas dde la regi\u00f3n en Roma.","robots":{"index":"index","follow":"follow","max-snippet":"max-snippet:-1","max-image-preview":"max-image-preview:large","max-video-preview":"max-video-preview:-1"},"canonical":"https:\/\/puntodincontro.mx\/es\/2025\/12\/12\/la-gobernadora-de-chihuahua-presenta-el-estado-en-roma\/","og_locale":"es_MX","og_type":"article","og_title":"La governatrice del Chihuahua ha presentato lo stato a Roma","og_description":"La governatrice dello stato messicano di Chihuahua, Maru Campos, ha presentato a Roma le attrazioni e le caratteristiche del territorio.","og_url":"https:\/\/puntodincontro.mx\/es\/2025\/12\/12\/la-gobernadora-de-chihuahua-presenta-el-estado-en-roma\/","og_site_name":"Puntodincontro","article_publisher":"https:\/\/www.facebook.com\/puntodincontro.mx","article_published_time":"2025-12-12T13:41:45+00:00","article_modified_time":"2025-12-12T13:41:46+00:00","og_image":[{"width":932,"height":488,"url":"https:\/\/puntodincontro.mx\/wp-content\/uploads\/2025\/12\/chihuahuapuntocomp.jpg","type":"image\/jpeg"}],"author":"Puntodincontro","twitter_card":"summary_large_image","twitter_creator":"@puntodincontro","twitter_site":"@puntodincontro","twitter_misc":{"Escrito por":"Puntodincontro","Tiempo de lectura":"2 minutos"},"schema":{"@context":"https:\/\/schema.org","@graph":[{"@type":"NewsArticle","@id":"https:\/\/puntodincontro.mx\/2025\/12\/12\/la-governatrice-del-chihuahua-ha-presentato-lo-stato-a-roma\/#article","isPartOf":{"@id":"https:\/\/puntodincontro.mx\/2025\/12\/12\/la-governatrice-del-chihuahua-ha-presentato-lo-stato-a-roma\/"},"author":{"name":"Puntodincontro","@id":"https:\/\/puntodincontro.mx\/#\/schema\/person\/d3066d18a16259cbb0c29b0d0e93b556"},"headline":"La governatrice del Chihuahua ha presentato lo stato a Roma","datePublished":"2025-12-12T13:41:45+00:00","dateModified":"2025-12-12T13:41:46+00:00","mainEntityOfPage":{"@id":"https:\/\/puntodincontro.mx\/2025\/12\/12\/la-governatrice-del-chihuahua-ha-presentato-lo-stato-a-roma\/"},"wordCount":374,"commentCount":0,"publisher":{"@id":"https:\/\/puntodincontro.mx\/#organization"},"image":{"@id":"https:\/\/puntodincontro.mx\/2025\/12\/12\/la-governatrice-del-chihuahua-ha-presentato-lo-stato-a-roma\/#primaryimage"},"thumbnailUrl":"https:\/\/puntodincontro.mx\/wp-content\/uploads\/2025\/12\/chihuahuapuntovert.webp","articleSection":["Messico in Italia"],"inLanguage":"es","potentialAction":[{"@type":"CommentAction","name":"Comment","target":["https:\/\/puntodincontro.mx\/2025\/12\/12\/la-governatrice-del-chihuahua-ha-presentato-lo-stato-a-roma\/#respond"]}]},{"@type":"WebPage","@id":"https:\/\/puntodincontro.mx\/2025\/12\/12\/la-governatrice-del-chihuahua-ha-presentato-lo-stato-a-roma\/","url":"https:\/\/puntodincontro.mx\/2025\/12\/12\/la-governatrice-del-chihuahua-ha-presentato-lo-stato-a-roma\/","name":"La gobernadora de Chihuahua present\u00f3 al estado en Roma","isPartOf":{"@id":"https:\/\/puntodincontro.mx\/#website"},"primaryImageOfPage":{"@id":"https:\/\/puntodincontro.mx\/2025\/12\/12\/la-governatrice-del-chihuahua-ha-presentato-lo-stato-a-roma\/#primaryimage"},"image":{"@id":"https:\/\/puntodincontro.mx\/2025\/12\/12\/la-governatrice-del-chihuahua-ha-presentato-lo-stato-a-roma\/#primaryimage"},"thumbnailUrl":"https:\/\/puntodincontro.mx\/wp-content\/uploads\/2025\/12\/chihuahuapuntovert.webp","datePublished":"2025-12-12T13:41:45+00:00","dateModified":"2025-12-12T13:41:46+00:00","description":"La gobernadora del estado mexicano de Chihuahua, Maru Campos, present\u00f3 los atractivos y caracter\u00edsticas dde la regi\u00f3n en Roma.","breadcrumb":{"@id":"https:\/\/puntodincontro.mx\/2025\/12\/12\/la-governatrice-del-chihuahua-ha-presentato-lo-stato-a-roma\/#breadcrumb"},"inLanguage":"es","potentialAction":[{"@type":"ReadAction","target":["https:\/\/puntodincontro.mx\/2025\/12\/12\/la-governatrice-del-chihuahua-ha-presentato-lo-stato-a-roma\/"]}]},{"@type":"ImageObject","inLanguage":"es","@id":"https:\/\/puntodincontro.mx\/2025\/12\/12\/la-governatrice-del-chihuahua-ha-presentato-lo-stato-a-roma\/#primaryimage","url":"https:\/\/puntodincontro.mx\/wp-content\/uploads\/2025\/12\/chihuahuapuntovert.webp","contentUrl":"https:\/\/puntodincontro.mx\/wp-content\/uploads\/2025\/12\/chihuahuapuntovert.webp","width":423,"height":488,"caption":"La governatrice del Chihuahua ha presentato lo stato a Roma \/ Foto: Instagram @embamex_italia"},{"@type":"BreadcrumbList","@id":"https:\/\/puntodincontro.mx\/2025\/12\/12\/la-governatrice-del-chihuahua-ha-presentato-lo-stato-a-roma\/#breadcrumb","itemListElement":[{"@type":"ListItem","position":1,"name":"Home","item":"https:\/\/puntodincontro.mx\/"},{"@type":"ListItem","position":2,"name":"La governatrice del Chihuahua ha presentato lo stato a Roma"}]},{"@type":"WebSite","@id":"https:\/\/puntodincontro.mx\/#website","url":"https:\/\/puntodincontro.mx\/","name":"Puntodincontro","description":"Desde el 2006 noticias sobre las relaciones entre Italia y M\u00e9xico \/ Dal 2006 notizie sui rapporti Italia-Messico","publisher":{"@id":"https:\/\/puntodincontro.mx\/#organization"},"potentialAction":[{"@type":"SearchAction","target":{"@type":"EntryPoint","urlTemplate":"https:\/\/puntodincontro.mx\/?s={search_term_string}"},"query-input":{"@type":"PropertyValueSpecification","valueRequired":true,"valueName":"search_term_string"}}],"inLanguage":"es"},{"@type":"Organization","@id":"https:\/\/puntodincontro.mx\/#organization","name":"Puntodincontro","url":"https:\/\/puntodincontro.mx\/","logo":{"@type":"ImageObject","inLanguage":"es","@id":"https:\/\/puntodincontro.mx\/#\/schema\/logo\/image\/","url":"https:\/\/puntodincontro.mx\/wp-content\/uploads\/2021\/08\/Default-image-for-open-graph-settings.jpg","contentUrl":"https:\/\/puntodincontro.mx\/wp-content\/uploads\/2021\/08\/Default-image-for-open-graph-settings.jpg","width":1200,"height":630,"caption":"Puntodincontro"},"image":{"@id":"https:\/\/puntodincontro.mx\/#\/schema\/logo\/image\/"},"sameAs":["https:\/\/www.facebook.com\/puntodincontro.mx","https:\/\/x.com\/puntodincontro","https:\/\/www.instagram.com\/puntodincontro.mx\/","https:\/\/www.linkedin.com\/company\/puntodincontro\/","https:\/\/www.youtube.com\/c\/puntodincontromessico","https:\/\/www.patreon.com\/puntodincontro","https:\/\/www.threads.net\/@puntodincontro.mx"]},{"@type":"Person","@id":"https:\/\/puntodincontro.mx\/#\/schema\/person\/d3066d18a16259cbb0c29b0d0e93b556","name":"Puntodincontro","image":{"@type":"ImageObject","inLanguage":"es","@id":"https:\/\/puntodincontro.mx\/#\/schema\/person\/image\/","url":"https:\/\/secure.gravatar.com\/avatar\/0e85b4b3b5e9d6bfcec6a4956d8cc63a?s=96&d=mm&r=g","contentUrl":"https:\/\/secure.gravatar.com\/avatar\/0e85b4b3b5e9d6bfcec6a4956d8cc63a?s=96&d=mm&r=g","caption":"Puntodincontro"},"url":"https:\/\/puntodincontro.mx\/es\/author\/puntodincontro\/"}]}},"_links":{"self":[{"href":"https:\/\/puntodincontro.mx\/es\/wp-json\/wp\/v2\/posts\/24554"}],"collection":[{"href":"https:\/\/puntodincontro.mx\/es\/wp-json\/wp\/v2\/posts"}],"about":[{"href":"https:\/\/puntodincontro.mx\/es\/wp-json\/wp\/v2\/types\/post"}],"author":[{"embeddable":true,"href":"https:\/\/puntodincontro.mx\/es\/wp-json\/wp\/v2\/users\/2"}],"replies":[{"embeddable":true,"href":"https:\/\/puntodincontro.mx\/es\/wp-json\/wp\/v2\/comments?post=24554"}],"version-history":[{"count":4,"href":"https:\/\/puntodincontro.mx\/es\/wp-json\/wp\/v2\/posts\/24554\/revisions"}],"predecessor-version":[{"id":24558,"href":"https:\/\/puntodincontro.mx\/es\/wp-json\/wp\/v2\/posts\/24554\/revisions\/24558"}],"wp:featuredmedia":[{"embeddable":true,"href":"https:\/\/puntodincontro.mx\/es\/wp-json\/wp\/v2\/media\/24559"}],"wp:attachment":[{"href":"https:\/\/puntodincontro.mx\/es\/wp-json\/wp\/v2\/media?parent=24554"}],"wp:term":[{"taxonomy":"category","embeddable":true,"href":"https:\/\/puntodincontro.mx\/es\/wp-json\/wp\/v2\/categories?post=24554"},{"taxonomy":"post_tag","embeddable":true,"href":"https:\/\/puntodincontro.mx\/es\/wp-json\/wp\/v2\/tags?post=24554"}],"curies":[{"name":"wp","href":"https:\/\/api.w.org\/{rel}","templated":true}]}}