{"id":2491,"date":"2021-12-30T13:36:17","date_gmt":"2021-12-30T19:36:17","guid":{"rendered":"https:\/\/puntodincontro.mx\/?p=2491"},"modified":"2021-12-30T13:36:19","modified_gmt":"2021-12-30T19:36:19","slug":"hacia-el-nombramiento-del-estadio-de-roma-en-honor-a-paolo-rossi","status":"publish","type":"post","link":"https:\/\/puntodincontro.mx\/es\/2021\/12\/30\/verso-lintitolazione-dello-stadio-olimpico-di-roma-a-paolo-rossi\/","title":{"rendered":"Hacia el nombramiento del Estadio de Roma en honor a Paolo Rossi"},"content":{"rendered":"<p class=\"translation-block\"><strong>13:13 hrs.<\/strong> \u2013 Con 387 votos a favor, esta ma\u00f1ana la C\u00e1mara de Diputados italiana aprob\u00f3 una agenda con la que compromete al gobierno a evaluar la posibilidad de nombrar el estadio ol\u00edmpico de Roma en honor a Paolo Rossi, campe\u00f3n mundial de 1982 fallecido el pasado 9 de diciembre de 2020 a los 64 a\u00f1os de edad a causa de un c\u00e1ncer de pulm\u00f3n.<\/p>\n\n\n\n<p>\u00abEstoy conmovida, es una noticia que me alegra\u00bb, coment\u00f3 Federica Cappelletti, esposa de \u201cPablito\u201d, apodado as\u00ed desde el Mundial de Argentina 1978. \u00abRealmente espero que se inicie un camino que eventualmente lleve a nombrar el estadio de Roma en honor a Paolo. Es un h\u00e9roe nacional, que hace cuarenta a\u00f1os pudo unir a toda la naci\u00f3n y lo est\u00e1 haciendo incluso ahora que ya no est\u00e1. Paolo dio mucho al futbol, \u200b\u200btanto en Italia como en el mundo, as\u00ed que es un reconocimiento merecido\u00bb.<\/p>\n\n\n\n<p>La propuesta fue lanzada hace unas semanas por Gabriele Gravina, director deportivo y presidente de la Federaci\u00f3n Italiana de Futbol desde 2018: \u00abHemos iniciado un proceso de agradecimiento a Paolo como memoria hist\u00f3rica\u00bb, declar\u00f3. \u00abYa le hemos puesto su nombre a nuestra sala de consejo y me gustar\u00eda dedicarle tambi\u00e9n el Salaria Sport Village en Roma. Adem\u00e1s, ser\u00eda bueno que el estadio ol\u00edmpico, tambi\u00e9n en Roma, llevara su nombre. No es f\u00e1cil pero ser\u00eda un gesto extraordinario\u00bb.<\/p>\n\n\n\n<div style=\"height:12px\" aria-hidden=\"true\" class=\"wp-block-spacer\"><\/div>","protected":false},"excerpt":{"rendered":"<p>Ore 13.13 &#8211; Con 387 voti a favore, stamattina la Camera italiana dei deputati ha approvato un ordine del giorno con il quale impegna il governo a valutare la possibilit\u00e0 di intitolare lo stadio Olimpico di Roma a Paolo Rossi, campione del mondo 1982 scomparso lo scorso 9 dicembre 2020 a 64 anni per un tumore ai polmoni. \u00abSono commossa, \u00e8 una notizia che mi rende felice\u00bb, ha commentato Federica Cappelletti, moglie di \u201cPablito\u201d, soprannominato cos\u00ec fin dal mondiale del 1978 in Argentina. \u00abSpero davvero che inizi un percorso che alla fine porti all&#8217;intitolazione a Paolo dello stadio di Roma&#8230;. <\/p>","protected":false},"author":2,"featured_media":2493,"comment_status":"open","ping_status":"open","sticky":false,"template":"","format":"standard","meta":{"_monsterinsights_skip_tracking":false,"_monsterinsights_sitenote_active":false,"_monsterinsights_sitenote_note":"","_monsterinsights_sitenote_category":0,"footnotes":""},"categories":[11],"tags":[],"class_list":["post-2491","post","type-post","status-publish","format-standard","has-post-thumbnail","hentry","category-sport"],"yoast_head":"<!-- This site is optimized with the Yoast SEO Premium plugin v18.4 (Yoast SEO v25.6) - https:\/\/yoast.com\/wordpress\/plugins\/seo\/ -->\n<title>Verso l&#039;intitolazione dello Stadio Olimpico di Roma a Paolo Rossi Puntodincontro<\/title>\n<meta name=\"description\" content=\"Con 387 voti a favore, stamattina la Camera italiana dei deputati ha approvato un ordine del giorno con il quale impegna il governo a valutare la possibilit\u00e0 di intitolare lo stadio Olimpico di Roma a Paolo Rossi, campione del mondo 1982 scomparso lo scorso 9 dicembre 2020 a 64 anni per un tumore ai polmoni.\" \/>\n<meta name=\"robots\" content=\"index, follow, max-snippet:-1, max-image-preview:large, max-video-preview:-1\" \/>\n<link rel=\"canonical\" href=\"https:\/\/puntodincontro.mx\/es\/2021\/12\/30\/hacia-el-nombramiento-del-estadio-de-roma-en-honor-a-paolo-rossi\/\" \/>\n<meta property=\"og:locale\" content=\"es_MX\" \/>\n<meta property=\"og:type\" content=\"article\" \/>\n<meta property=\"og:title\" content=\"Verso l&#039;intitolazione dello Stadio Olimpico di Roma a Paolo Rossi\" \/>\n<meta property=\"og:description\" content=\"Con 387 voti a favore, stamattina la Camera italiana dei deputati ha approvato un ordine del giorno con il quale impegna il governo a valutare la possibilit\u00e0 di intitolare lo stadio Olimpico di Roma a Paolo Rossi, campione del mondo 1982 scomparso lo scorso 9 dicembre 2020 a 64 anni per un tumore ai polmoni.\" \/>\n<meta property=\"og:url\" content=\"https:\/\/puntodincontro.mx\/es\/2021\/12\/30\/hacia-el-nombramiento-del-estadio-de-roma-en-honor-a-paolo-rossi\/\" \/>\n<meta property=\"og:site_name\" content=\"Puntodincontro\" \/>\n<meta property=\"article:publisher\" content=\"https:\/\/www.facebook.com\/puntodincontro.mx\" \/>\n<meta property=\"article:published_time\" content=\"2021-12-30T19:36:17+00:00\" \/>\n<meta property=\"article:modified_time\" content=\"2021-12-30T19:36:19+00:00\" \/>\n<meta property=\"og:image\" content=\"https:\/\/puntodincontro.mx\/wp-content\/uploads\/2021\/12\/paolorossivert.webp\" \/>\n\t<meta property=\"og:image:width\" content=\"423\" \/>\n\t<meta property=\"og:image:height\" content=\"488\" \/>\n\t<meta property=\"og:image:type\" content=\"image\/webp\" \/>\n<meta name=\"author\" content=\"Puntodincontro\" \/>\n<meta name=\"twitter:card\" content=\"summary_large_image\" \/>\n<meta name=\"twitter:creator\" content=\"@puntodincontro\" \/>\n<meta name=\"twitter:site\" content=\"@puntodincontro\" \/>\n<meta name=\"twitter:label1\" content=\"Escrito por\" \/>\n\t<meta name=\"twitter:data1\" content=\"Puntodincontro\" \/>\n\t<meta name=\"twitter:label2\" content=\"Tiempo de lectura\" \/>\n\t<meta name=\"twitter:data2\" content=\"2 minutos\" \/>\n<script type=\"application\/ld+json\" class=\"yoast-schema-graph\">{\"@context\":\"https:\/\/schema.org\",\"@graph\":[{\"@type\":\"NewsArticle\",\"@id\":\"https:\/\/puntodincontro.mx\/2021\/12\/30\/verso-lintitolazione-dello-stadio-olimpico-di-roma-a-paolo-rossi\/#article\",\"isPartOf\":{\"@id\":\"https:\/\/puntodincontro.mx\/2021\/12\/30\/verso-lintitolazione-dello-stadio-olimpico-di-roma-a-paolo-rossi\/\"},\"author\":{\"name\":\"Puntodincontro\",\"@id\":\"https:\/\/puntodincontro.mx\/#\/schema\/person\/d3066d18a16259cbb0c29b0d0e93b556\"},\"headline\":\"Verso l&#8217;intitolazione dello Stadio Olimpico di Roma a Paolo Rossi\",\"datePublished\":\"2021-12-30T19:36:17+00:00\",\"dateModified\":\"2021-12-30T19:36:19+00:00\",\"mainEntityOfPage\":{\"@id\":\"https:\/\/puntodincontro.mx\/2021\/12\/30\/verso-lintitolazione-dello-stadio-olimpico-di-roma-a-paolo-rossi\/\"},\"wordCount\":222,\"commentCount\":0,\"publisher\":{\"@id\":\"https:\/\/puntodincontro.mx\/#organization\"},\"image\":{\"@id\":\"https:\/\/puntodincontro.mx\/2021\/12\/30\/verso-lintitolazione-dello-stadio-olimpico-di-roma-a-paolo-rossi\/#primaryimage\"},\"thumbnailUrl\":\"https:\/\/puntodincontro.mx\/wp-content\/uploads\/2021\/12\/paolorossivert.webp\",\"articleSection\":[\"Sport\"],\"inLanguage\":\"es\",\"potentialAction\":[{\"@type\":\"CommentAction\",\"name\":\"Comment\",\"target\":[\"https:\/\/puntodincontro.mx\/2021\/12\/30\/verso-lintitolazione-dello-stadio-olimpico-di-roma-a-paolo-rossi\/#respond\"]}]},{\"@type\":\"WebPage\",\"@id\":\"https:\/\/puntodincontro.mx\/2021\/12\/30\/verso-lintitolazione-dello-stadio-olimpico-di-roma-a-paolo-rossi\/\",\"url\":\"https:\/\/puntodincontro.mx\/2021\/12\/30\/verso-lintitolazione-dello-stadio-olimpico-di-roma-a-paolo-rossi\/\",\"name\":\"Verso l'intitolazione dello Stadio Olimpico di Roma a Paolo Rossi Puntodincontro\",\"isPartOf\":{\"@id\":\"https:\/\/puntodincontro.mx\/#website\"},\"primaryImageOfPage\":{\"@id\":\"https:\/\/puntodincontro.mx\/2021\/12\/30\/verso-lintitolazione-dello-stadio-olimpico-di-roma-a-paolo-rossi\/#primaryimage\"},\"image\":{\"@id\":\"https:\/\/puntodincontro.mx\/2021\/12\/30\/verso-lintitolazione-dello-stadio-olimpico-di-roma-a-paolo-rossi\/#primaryimage\"},\"thumbnailUrl\":\"https:\/\/puntodincontro.mx\/wp-content\/uploads\/2021\/12\/paolorossivert.webp\",\"datePublished\":\"2021-12-30T19:36:17+00:00\",\"dateModified\":\"2021-12-30T19:36:19+00:00\",\"description\":\"Con 387 voti a favore, stamattina la Camera italiana dei deputati ha approvato un ordine del giorno con il quale impegna il governo a valutare la possibilit\u00e0 di intitolare lo stadio Olimpico di Roma a Paolo Rossi, campione del mondo 1982 scomparso lo scorso 9 dicembre 2020 a 64 anni per un tumore ai polmoni.\",\"breadcrumb\":{\"@id\":\"https:\/\/puntodincontro.mx\/2021\/12\/30\/verso-lintitolazione-dello-stadio-olimpico-di-roma-a-paolo-rossi\/#breadcrumb\"},\"inLanguage\":\"es\",\"potentialAction\":[{\"@type\":\"ReadAction\",\"target\":[\"https:\/\/puntodincontro.mx\/2021\/12\/30\/verso-lintitolazione-dello-stadio-olimpico-di-roma-a-paolo-rossi\/\"]}]},{\"@type\":\"ImageObject\",\"inLanguage\":\"es\",\"@id\":\"https:\/\/puntodincontro.mx\/2021\/12\/30\/verso-lintitolazione-dello-stadio-olimpico-di-roma-a-paolo-rossi\/#primaryimage\",\"url\":\"https:\/\/puntodincontro.mx\/wp-content\/uploads\/2021\/12\/paolorossivert.webp\",\"contentUrl\":\"https:\/\/puntodincontro.mx\/wp-content\/uploads\/2021\/12\/paolorossivert.webp\",\"width\":423,\"height\":488,\"caption\":\"Verso l'intitolazione dello Stadio Olimpico di Roma a Paolo Rossi\"},{\"@type\":\"BreadcrumbList\",\"@id\":\"https:\/\/puntodincontro.mx\/2021\/12\/30\/verso-lintitolazione-dello-stadio-olimpico-di-roma-a-paolo-rossi\/#breadcrumb\",\"itemListElement\":[{\"@type\":\"ListItem\",\"position\":1,\"name\":\"Home\",\"item\":\"https:\/\/puntodincontro.mx\/\"},{\"@type\":\"ListItem\",\"position\":2,\"name\":\"Verso l&#8217;intitolazione dello Stadio Olimpico di Roma a Paolo Rossi\"}]},{\"@type\":\"WebSite\",\"@id\":\"https:\/\/puntodincontro.mx\/#website\",\"url\":\"https:\/\/puntodincontro.mx\/\",\"name\":\"Puntodincontro\",\"description\":\"Dal 2006 notizie sui rapporti Italia-Messico \/ Desde 2006 noticias sobre las relaciones entre Italia y M\u00e9xico\",\"publisher\":{\"@id\":\"https:\/\/puntodincontro.mx\/#organization\"},\"potentialAction\":[{\"@type\":\"SearchAction\",\"target\":{\"@type\":\"EntryPoint\",\"urlTemplate\":\"https:\/\/puntodincontro.mx\/?s={search_term_string}\"},\"query-input\":{\"@type\":\"PropertyValueSpecification\",\"valueRequired\":true,\"valueName\":\"search_term_string\"}}],\"inLanguage\":\"es\"},{\"@type\":\"Organization\",\"@id\":\"https:\/\/puntodincontro.mx\/#organization\",\"name\":\"Puntodincontro\",\"url\":\"https:\/\/puntodincontro.mx\/\",\"logo\":{\"@type\":\"ImageObject\",\"inLanguage\":\"es\",\"@id\":\"https:\/\/puntodincontro.mx\/#\/schema\/logo\/image\/\",\"url\":\"https:\/\/puntodincontro.mx\/wp-content\/uploads\/2021\/08\/Default-image-for-open-graph-settings.jpg\",\"contentUrl\":\"https:\/\/puntodincontro.mx\/wp-content\/uploads\/2021\/08\/Default-image-for-open-graph-settings.jpg\",\"width\":1200,\"height\":630,\"caption\":\"Puntodincontro\"},\"image\":{\"@id\":\"https:\/\/puntodincontro.mx\/#\/schema\/logo\/image\/\"},\"sameAs\":[\"https:\/\/www.facebook.com\/puntodincontro.mx\",\"https:\/\/x.com\/puntodincontro\",\"https:\/\/www.instagram.com\/puntodincontro.mx\/\",\"https:\/\/www.linkedin.com\/company\/puntodincontro\/\",\"https:\/\/www.youtube.com\/c\/puntodincontromessico\",\"https:\/\/www.patreon.com\/puntodincontro\",\"https:\/\/www.threads.net\/@puntodincontro.mx\"]},{\"@type\":\"Person\",\"@id\":\"https:\/\/puntodincontro.mx\/#\/schema\/person\/d3066d18a16259cbb0c29b0d0e93b556\",\"name\":\"Puntodincontro\",\"image\":{\"@type\":\"ImageObject\",\"inLanguage\":\"es\",\"@id\":\"https:\/\/puntodincontro.mx\/#\/schema\/person\/image\/\",\"url\":\"https:\/\/secure.gravatar.com\/avatar\/0e85b4b3b5e9d6bfcec6a4956d8cc63a?s=96&d=mm&r=g\",\"contentUrl\":\"https:\/\/secure.gravatar.com\/avatar\/0e85b4b3b5e9d6bfcec6a4956d8cc63a?s=96&d=mm&r=g\",\"caption\":\"Puntodincontro\"},\"url\":\"https:\/\/puntodincontro.mx\/es\/author\/puntodincontro\/\"}]}<\/script>\n<!-- \/ Yoast SEO Premium plugin. -->","yoast_head_json":{"title":"Verso l'intitolazione dello Stadio Olimpico di Roma a Paolo Rossi Puntodincontro","description":"Con 387 votos a favor, esta ma\u00f1ana la C\u00e1mara de Diputados italiana aprob\u00f3 una agenda con la que compromete al gobierno a evaluar la posibilidad de nombrar el estadio ol\u00edmpico de Roma en honor a Paolo Rossi, campe\u00f3n mundial de 1982 fallecido el pasado 9 de diciembre de 2020 a los 64 a\u00f1os de edad a causa de un c\u00e1ncer de pulm\u00f3n.","robots":{"index":"index","follow":"follow","max-snippet":"max-snippet:-1","max-image-preview":"max-image-preview:large","max-video-preview":"max-video-preview:-1"},"canonical":"https:\/\/puntodincontro.mx\/es\/2021\/12\/30\/hacia-el-nombramiento-del-estadio-de-roma-en-honor-a-paolo-rossi\/","og_locale":"es_MX","og_type":"article","og_title":"Verso l'intitolazione dello Stadio Olimpico di Roma a Paolo Rossi","og_description":"Con 387 voti a favore, stamattina la Camera italiana dei deputati ha approvato un ordine del giorno con il quale impegna il governo a valutare la possibilit\u00e0 di intitolare lo stadio Olimpico di Roma a Paolo Rossi, campione del mondo 1982 scomparso lo scorso 9 dicembre 2020 a 64 anni per un tumore ai polmoni.","og_url":"https:\/\/puntodincontro.mx\/es\/2021\/12\/30\/hacia-el-nombramiento-del-estadio-de-roma-en-honor-a-paolo-rossi\/","og_site_name":"Puntodincontro","article_publisher":"https:\/\/www.facebook.com\/puntodincontro.mx","article_published_time":"2021-12-30T19:36:17+00:00","article_modified_time":"2021-12-30T19:36:19+00:00","og_image":[{"width":423,"height":488,"url":"https:\/\/puntodincontro.mx\/wp-content\/uploads\/2021\/12\/paolorossivert.webp","type":"image\/webp"}],"author":"Puntodincontro","twitter_card":"summary_large_image","twitter_creator":"@puntodincontro","twitter_site":"@puntodincontro","twitter_misc":{"Escrito por":"Puntodincontro","Tiempo de lectura":"2 minutos"},"schema":{"@context":"https:\/\/schema.org","@graph":[{"@type":"NewsArticle","@id":"https:\/\/puntodincontro.mx\/2021\/12\/30\/verso-lintitolazione-dello-stadio-olimpico-di-roma-a-paolo-rossi\/#article","isPartOf":{"@id":"https:\/\/puntodincontro.mx\/2021\/12\/30\/verso-lintitolazione-dello-stadio-olimpico-di-roma-a-paolo-rossi\/"},"author":{"name":"Puntodincontro","@id":"https:\/\/puntodincontro.mx\/#\/schema\/person\/d3066d18a16259cbb0c29b0d0e93b556"},"headline":"Verso l&#8217;intitolazione dello Stadio Olimpico di Roma a Paolo Rossi","datePublished":"2021-12-30T19:36:17+00:00","dateModified":"2021-12-30T19:36:19+00:00","mainEntityOfPage":{"@id":"https:\/\/puntodincontro.mx\/2021\/12\/30\/verso-lintitolazione-dello-stadio-olimpico-di-roma-a-paolo-rossi\/"},"wordCount":222,"commentCount":0,"publisher":{"@id":"https:\/\/puntodincontro.mx\/#organization"},"image":{"@id":"https:\/\/puntodincontro.mx\/2021\/12\/30\/verso-lintitolazione-dello-stadio-olimpico-di-roma-a-paolo-rossi\/#primaryimage"},"thumbnailUrl":"https:\/\/puntodincontro.mx\/wp-content\/uploads\/2021\/12\/paolorossivert.webp","articleSection":["Sport"],"inLanguage":"es","potentialAction":[{"@type":"CommentAction","name":"Comment","target":["https:\/\/puntodincontro.mx\/2021\/12\/30\/verso-lintitolazione-dello-stadio-olimpico-di-roma-a-paolo-rossi\/#respond"]}]},{"@type":"WebPage","@id":"https:\/\/puntodincontro.mx\/2021\/12\/30\/verso-lintitolazione-dello-stadio-olimpico-di-roma-a-paolo-rossi\/","url":"https:\/\/puntodincontro.mx\/2021\/12\/30\/verso-lintitolazione-dello-stadio-olimpico-di-roma-a-paolo-rossi\/","name":"Verso l'intitolazione dello Stadio Olimpico di Roma a Paolo Rossi Puntodincontro","isPartOf":{"@id":"https:\/\/puntodincontro.mx\/#website"},"primaryImageOfPage":{"@id":"https:\/\/puntodincontro.mx\/2021\/12\/30\/verso-lintitolazione-dello-stadio-olimpico-di-roma-a-paolo-rossi\/#primaryimage"},"image":{"@id":"https:\/\/puntodincontro.mx\/2021\/12\/30\/verso-lintitolazione-dello-stadio-olimpico-di-roma-a-paolo-rossi\/#primaryimage"},"thumbnailUrl":"https:\/\/puntodincontro.mx\/wp-content\/uploads\/2021\/12\/paolorossivert.webp","datePublished":"2021-12-30T19:36:17+00:00","dateModified":"2021-12-30T19:36:19+00:00","description":"Con 387 votos a favor, esta ma\u00f1ana la C\u00e1mara de Diputados italiana aprob\u00f3 una agenda con la que compromete al gobierno a evaluar la posibilidad de nombrar el estadio ol\u00edmpico de Roma en honor a Paolo Rossi, campe\u00f3n mundial de 1982 fallecido el pasado 9 de diciembre de 2020 a los 64 a\u00f1os de edad a causa de un c\u00e1ncer de pulm\u00f3n.","breadcrumb":{"@id":"https:\/\/puntodincontro.mx\/2021\/12\/30\/verso-lintitolazione-dello-stadio-olimpico-di-roma-a-paolo-rossi\/#breadcrumb"},"inLanguage":"es","potentialAction":[{"@type":"ReadAction","target":["https:\/\/puntodincontro.mx\/2021\/12\/30\/verso-lintitolazione-dello-stadio-olimpico-di-roma-a-paolo-rossi\/"]}]},{"@type":"ImageObject","inLanguage":"es","@id":"https:\/\/puntodincontro.mx\/2021\/12\/30\/verso-lintitolazione-dello-stadio-olimpico-di-roma-a-paolo-rossi\/#primaryimage","url":"https:\/\/puntodincontro.mx\/wp-content\/uploads\/2021\/12\/paolorossivert.webp","contentUrl":"https:\/\/puntodincontro.mx\/wp-content\/uploads\/2021\/12\/paolorossivert.webp","width":423,"height":488,"caption":"Verso l'intitolazione dello Stadio Olimpico di Roma a Paolo Rossi"},{"@type":"BreadcrumbList","@id":"https:\/\/puntodincontro.mx\/2021\/12\/30\/verso-lintitolazione-dello-stadio-olimpico-di-roma-a-paolo-rossi\/#breadcrumb","itemListElement":[{"@type":"ListItem","position":1,"name":"Home","item":"https:\/\/puntodincontro.mx\/"},{"@type":"ListItem","position":2,"name":"Verso l&#8217;intitolazione dello Stadio Olimpico di Roma a Paolo Rossi"}]},{"@type":"WebSite","@id":"https:\/\/puntodincontro.mx\/#website","url":"https:\/\/puntodincontro.mx\/","name":"Puntodincontro","description":"Desde el 2006 noticias sobre las relaciones entre Italia y M\u00e9xico \/ Dal 2006 notizie sui rapporti Italia-Messico","publisher":{"@id":"https:\/\/puntodincontro.mx\/#organization"},"potentialAction":[{"@type":"SearchAction","target":{"@type":"EntryPoint","urlTemplate":"https:\/\/puntodincontro.mx\/?s={search_term_string}"},"query-input":{"@type":"PropertyValueSpecification","valueRequired":true,"valueName":"search_term_string"}}],"inLanguage":"es"},{"@type":"Organization","@id":"https:\/\/puntodincontro.mx\/#organization","name":"Puntodincontro","url":"https:\/\/puntodincontro.mx\/","logo":{"@type":"ImageObject","inLanguage":"es","@id":"https:\/\/puntodincontro.mx\/#\/schema\/logo\/image\/","url":"https:\/\/puntodincontro.mx\/wp-content\/uploads\/2021\/08\/Default-image-for-open-graph-settings.jpg","contentUrl":"https:\/\/puntodincontro.mx\/wp-content\/uploads\/2021\/08\/Default-image-for-open-graph-settings.jpg","width":1200,"height":630,"caption":"Puntodincontro"},"image":{"@id":"https:\/\/puntodincontro.mx\/#\/schema\/logo\/image\/"},"sameAs":["https:\/\/www.facebook.com\/puntodincontro.mx","https:\/\/x.com\/puntodincontro","https:\/\/www.instagram.com\/puntodincontro.mx\/","https:\/\/www.linkedin.com\/company\/puntodincontro\/","https:\/\/www.youtube.com\/c\/puntodincontromessico","https:\/\/www.patreon.com\/puntodincontro","https:\/\/www.threads.net\/@puntodincontro.mx"]},{"@type":"Person","@id":"https:\/\/puntodincontro.mx\/#\/schema\/person\/d3066d18a16259cbb0c29b0d0e93b556","name":"Puntodincontro","image":{"@type":"ImageObject","inLanguage":"es","@id":"https:\/\/puntodincontro.mx\/#\/schema\/person\/image\/","url":"https:\/\/secure.gravatar.com\/avatar\/0e85b4b3b5e9d6bfcec6a4956d8cc63a?s=96&d=mm&r=g","contentUrl":"https:\/\/secure.gravatar.com\/avatar\/0e85b4b3b5e9d6bfcec6a4956d8cc63a?s=96&d=mm&r=g","caption":"Puntodincontro"},"url":"https:\/\/puntodincontro.mx\/es\/author\/puntodincontro\/"}]}},"_links":{"self":[{"href":"https:\/\/puntodincontro.mx\/es\/wp-json\/wp\/v2\/posts\/2491"}],"collection":[{"href":"https:\/\/puntodincontro.mx\/es\/wp-json\/wp\/v2\/posts"}],"about":[{"href":"https:\/\/puntodincontro.mx\/es\/wp-json\/wp\/v2\/types\/post"}],"author":[{"embeddable":true,"href":"https:\/\/puntodincontro.mx\/es\/wp-json\/wp\/v2\/users\/2"}],"replies":[{"embeddable":true,"href":"https:\/\/puntodincontro.mx\/es\/wp-json\/wp\/v2\/comments?post=2491"}],"version-history":[{"count":1,"href":"https:\/\/puntodincontro.mx\/es\/wp-json\/wp\/v2\/posts\/2491\/revisions"}],"predecessor-version":[{"id":2492,"href":"https:\/\/puntodincontro.mx\/es\/wp-json\/wp\/v2\/posts\/2491\/revisions\/2492"}],"wp:featuredmedia":[{"embeddable":true,"href":"https:\/\/puntodincontro.mx\/es\/wp-json\/wp\/v2\/media\/2493"}],"wp:attachment":[{"href":"https:\/\/puntodincontro.mx\/es\/wp-json\/wp\/v2\/media?parent=2491"}],"wp:term":[{"taxonomy":"category","embeddable":true,"href":"https:\/\/puntodincontro.mx\/es\/wp-json\/wp\/v2\/categories?post=2491"},{"taxonomy":"post_tag","embeddable":true,"href":"https:\/\/puntodincontro.mx\/es\/wp-json\/wp\/v2\/tags?post=2491"}],"curies":[{"name":"wp","href":"https:\/\/api.w.org\/{rel}","templated":true}]}}