{"id":24937,"date":"2026-01-28T09:55:05","date_gmt":"2026-01-28T15:55:05","guid":{"rendered":"https:\/\/puntodincontro.mx\/?p=24937"},"modified":"2026-01-28T10:02:08","modified_gmt":"2026-01-28T16:02:08","slug":"comce-en-mexico-record-de-exportaciones-ahora-mas-insumos-locales","status":"publish","type":"post","link":"https:\/\/puntodincontro.mx\/es\/2026\/01\/28\/comce-in-messico-record-di-esportazioni-ora-serve-valore-aggiunto-locale\/","title":{"rendered":"Comce: \u00abM\u00e9xico, con r\u00e9cord de exportaci\u00f3n, necesita m\u00e1s insumos locales\u00bb"},"content":{"rendered":"<p class=\"translation-block\"><strong>09:37 h<\/strong> - La fortaleza de las ventas al exterior de M\u00e9xico abre nuevas oportunidades para incrementar el valor agregado de los productos nacionales, tal como destac\u00f3 el Consejo Empresarial Mexicano de Comercio Exterior (Comce).<\/p>\n\n\n\n<p>Seg\u00fan el presidente ejecutivo del organismo, Sergio Contreras, los resultados hist\u00f3ricos de 2025 \u2014con un r\u00e9cord de 664.8 miles de millones de d\u00f3lares y un aumento anual del 7.6%\u2014 confirman el papel motor de las exportaciones, aunque es necesario traducir esta fuerza en un mayor crecimiento del PIB, estimado en solo un +0.39% para 2025.<\/p>\n\n\n\n<p>El directivo declar\u00f3: \u00abM\u00e9xico es una potencia exportadora que ocupa un papel de liderazgo a nivel global y es el principal socio comercial de Estados Unidos. Exporta m\u00e1s de 1.26 millones de d\u00f3lares por minuto. Adem\u00e1s, el pa\u00eds se posiciona entre las econom\u00edas m\u00e1s abiertas del mundo, con un comercio exterior que ya equivale al 75% del PIB, reflejo de una alta integraci\u00f3n en las cadenas globales de valor\u00bb.<\/p>\n\n\n\n<p>A pesar de que m\u00e1s del 90% de las ventas al exterior corresponden al sector manufacturero, la dependencia de insumos importados limita el impacto en la econom\u00eda real.<\/p>\n\n\n\n<p>\u00abLejos de representar una contradicci\u00f3n, este escenario muestra oportunidades concretas para fortalecer el contenido nacional, los encadenamientos productivos y la generaci\u00f3n de mayor valor agregado dentro del pa\u00eds\u00bb, agreg\u00f3 Contreras.<\/p>\n\n\n\n<p>De cara a la revisi\u00f3n del T-MEC, el objetivo es integrar mayormente a las peque\u00f1as y medianas empresas en las cadenas globales, especialmente en la industria automotriz y electr\u00f3nica.<\/p>\n\n\n\n<p>\u00abFortalecer la correlaci\u00f3n positiva entre exportaciones y crecimiento econ\u00f3mico permitir\u00e1 que M\u00e9xico no solo mantenga su posici\u00f3n como l\u00edder exportador, sino que convierta esa fortaleza en bienestar y desarrollo de largo plazo para el pa\u00eds\u00bb, concluy\u00f3.<\/p>\n\n\n\n<p class=\"has-small-font-size\">Foto: eleconomista.com.mx<\/p>\n\n\n\n<div style=\"height:12px\" aria-hidden=\"true\" class=\"wp-block-spacer\"><\/div>\n\n\n<!-- Ad space powered by WP AdCenter v2.5.7 - https:\/\/wpadcenter.com\/ --><div class=\"wpadcenter-adgroup\" ><div class=\"wpadcenter-adgroup__row wpadcenter-aligncenter\"><div class=\"wpadcenter-ad-container\" ><div id=\"wpadcenter-ad-18464\" class=\"ad-placement\"><div class=\"wpadcenter-ad-inner\" ><a id=\"wpadcenter_ad\" data-value=\"18464\" data-placement=\"\" href=\"https:\/\/www.productosremo.com\/\" target=\"_blank\" class=\"wpadcenter-ad-inner__item\" ><img decoding=\"async\"   src=\"https:\/\/puntodincontro.mx\/wp-content\/uploads\/2021\/08\/remobanner.jpg\" class=\"attachment-post-thumbnail size-post-thumbnail wp-post-image\" alt=\"\" srcset=\"https:\/\/puntodincontro.mx\/wp-content\/uploads\/2021\/08\/remobanner.jpg 200w, https:\/\/puntodincontro.mx\/wp-content\/uploads\/2021\/08\/remobanner-16x5.jpg 16w\" sizes=\"(max-width: 200px) 100vw, 200px\" \/><\/a><\/div><\/div><\/div><div class=\"wpadcenter-ad-container\" ><div id=\"wpadcenter-ad-5305\" class=\"ad-placement\"><div class=\"wpadcenter-ad-inner\" ><a id=\"wpadcenter_ad\" data-value=\"5305\" data-placement=\"\" href=\"https:\/\/ambcittadelmessico.esteri.it\/ambasciata_cittadelmessico\/it\/\" target=\"_blank\" class=\"wpadcenter-ad-inner__item\" ><img decoding=\"async\"   src=\"https:\/\/puntodincontro.mx\/wp-content\/uploads\/2022\/05\/Ambasciata.jpg\" class=\"attachment-post-thumbnail size-post-thumbnail wp-post-image\" alt=\"\" srcset=\"https:\/\/puntodincontro.mx\/wp-content\/uploads\/2022\/05\/Ambasciata.jpg 200w, https:\/\/puntodincontro.mx\/wp-content\/uploads\/2022\/05\/Ambasciata-18x5.jpg 18w\" sizes=\"(max-width: 200px) 100vw, 200px\" \/><\/a><\/div><\/div><\/div><div class=\"wpadcenter-ad-container\" ><div id=\"wpadcenter-ad-3781\" class=\"ad-placement\"><div class=\"wpadcenter-ad-inner\" ><a id=\"wpadcenter_ad\" data-value=\"3781\" data-placement=\"\" href=\"https:\/\/cannizzo.com.mx\/\" target=\"_blank\" class=\"wpadcenter-ad-inner__item\" ><img decoding=\"async\"   src=\"https:\/\/puntodincontro.mx\/wp-content\/uploads\/2022\/03\/cannizzo2.jpg\" class=\"attachment-post-thumbnail size-post-thumbnail wp-post-image\" alt=\"\" srcset=\"https:\/\/puntodincontro.mx\/wp-content\/uploads\/2022\/03\/cannizzo2.jpg 200w, https:\/\/puntodincontro.mx\/wp-content\/uploads\/2022\/03\/cannizzo2-18x5.jpg 18w\" sizes=\"(max-width: 200px) 100vw, 200px\" \/><\/a><\/div><\/div><\/div><\/div><div class=\"wpadcenter-adgroup__row wpadcenter-aligncenter\"><div class=\"wpadcenter-ad-container\" ><div id=\"wpadcenter-ad-1704\" class=\"ad-placement\"><div class=\"wpadcenter-ad-inner\" ><a id=\"wpadcenter_ad\" data-value=\"1704\" data-placement=\"\" href=\"https:\/\/puntodincontro.mx\/es\/2021\/12\/24\/inps-verificacion-de-supervivencia-de-los-pensionados-en-el-extranjero\/\" target=\"_blank\" class=\"wpadcenter-ad-inner__item\" ><img decoding=\"async\"   src=\"https:\/\/puntodincontro.mx\/wp-content\/uploads\/2021\/11\/logo-ital.jpg\" class=\"attachment-post-thumbnail size-post-thumbnail wp-post-image\" alt=\"Patronato ITAL Messico\" srcset=\"https:\/\/puntodincontro.mx\/wp-content\/uploads\/2021\/11\/logo-ital.jpg 200w, https:\/\/puntodincontro.mx\/wp-content\/uploads\/2021\/11\/logo-ital-16x5.jpg 16w\" sizes=\"(max-width: 200px) 100vw, 200px\" \/><\/a><\/div><\/div><\/div><div class=\"wpadcenter-ad-container\" ><div id=\"wpadcenter-ad-1538\" class=\"ad-placement\"><div class=\"wpadcenter-ad-inner\" ><a id=\"wpadcenter_ad\" data-value=\"1538\" data-placement=\"\" href=\"https:\/\/asociacionitaliana.org\/\" target=\"_blank\" class=\"wpadcenter-ad-inner__item\" ><img decoding=\"async\"   src=\"https:\/\/puntodincontro.mx\/wp-content\/uploads\/2021\/11\/aialogo.jpg\" class=\"attachment-post-thumbnail size-post-thumbnail wp-post-image\" alt=\"Associazione Italiana di Assistenza IAP\" srcset=\"https:\/\/puntodincontro.mx\/wp-content\/uploads\/2021\/11\/aialogo.jpg 200w, https:\/\/puntodincontro.mx\/wp-content\/uploads\/2021\/11\/aialogo-18x5.jpg 18w\" sizes=\"(max-width: 200px) 100vw, 200px\" \/><\/a><\/div><\/div><\/div><div class=\"wpadcenter-ad-container\" ><div id=\"wpadcenter-ad-1513\" class=\"ad-placement\"><div class=\"wpadcenter-ad-inner\" ><a id=\"wpadcenter_ad\" data-value=\"1513\" data-placement=\"\" href=\"https:\/\/gcinmuebles.mx\" target=\"_blank\" class=\"wpadcenter-ad-inner__item\" ><img decoding=\"async\"   src=\"https:\/\/puntodincontro.mx\/wp-content\/uploads\/2021\/10\/gcinmuebleslogopunto-1.jpg\" class=\"attachment-post-thumbnail size-post-thumbnail wp-post-image\" alt=\"\" srcset=\"https:\/\/puntodincontro.mx\/wp-content\/uploads\/2021\/10\/gcinmuebleslogopunto-1.jpg 200w, https:\/\/puntodincontro.mx\/wp-content\/uploads\/2021\/10\/gcinmuebleslogopunto-1-18x5.jpg 18w\" sizes=\"(max-width: 200px) 100vw, 200px\" \/><\/a><\/div><\/div><\/div><\/div><div class=\"wpadcenter-adgroup__row wpadcenter-aligncenter\"><div class=\"wpadcenter-ad-container\" ><div id=\"wpadcenter-ad-1374\" class=\"ad-placement\"><div class=\"wpadcenter-ad-inner\" ><a id=\"wpadcenter_ad\" data-value=\"1374\" data-placement=\"\" href=\"https:\/\/www.9colonne.it\/\" target=\"_blank\" class=\"wpadcenter-ad-inner__item\" ><img decoding=\"async\"   src=\"https:\/\/puntodincontro.mx\/wp-content\/uploads\/2021\/10\/Banner9colonne.gif\" class=\"attachment-post-thumbnail size-post-thumbnail wp-post-image\" alt=\"\" \/><\/a><\/div><\/div><\/div><div class=\"wpadcenter-ad-container\" ><div id=\"wpadcenter-ad-276\" class=\"ad-placement\"><div class=\"wpadcenter-ad-inner\" ><a id=\"wpadcenter_ad\" data-value=\"276\" data-placement=\"\" href=\"http:\/\/www.camaraitaliana.mx\/\" target=\"_blank\" class=\"wpadcenter-ad-inner__item\" ><img decoding=\"async\"   src=\"https:\/\/puntodincontro.mx\/wp-content\/uploads\/2021\/08\/ccimnuovo.jpg\" class=\"attachment-post-thumbnail size-post-thumbnail wp-post-image\" alt=\"\" srcset=\"https:\/\/puntodincontro.mx\/wp-content\/uploads\/2021\/08\/ccimnuovo.jpg 200w, https:\/\/puntodincontro.mx\/wp-content\/uploads\/2021\/08\/ccimnuovo-18x5.jpg 18w\" sizes=\"(max-width: 200px) 100vw, 200px\" \/><\/a><\/div><\/div><\/div><div class=\"wpadcenter-ad-container\" ><div id=\"wpadcenter-ad-272\" class=\"ad-placement\"><div class=\"wpadcenter-ad-inner\" ><a id=\"wpadcenter_ad\" data-value=\"272\" data-placement=\"\" href=\"http:\/\/corix.us\/\" target=\"_blank\" class=\"wpadcenter-ad-inner__item\" ><img decoding=\"async\"   src=\"https:\/\/puntodincontro.mx\/wp-content\/uploads\/2021\/08\/corixbanner-1.jpg\" class=\"attachment-post-thumbnail size-post-thumbnail wp-post-image\" alt=\"\" srcset=\"https:\/\/puntodincontro.mx\/wp-content\/uploads\/2021\/08\/corixbanner-1.jpg 200w, https:\/\/puntodincontro.mx\/wp-content\/uploads\/2021\/08\/corixbanner-1-16x5.jpg 16w\" sizes=\"(max-width: 200px) 100vw, 200px\" \/><\/a><\/div><\/div><\/div><\/div><div class=\"wpadcenter-adgroup__row wpadcenter-aligncenter\"><div class=\"wpadcenter-ad-container\" ><div id=\"wpadcenter-ad-266\" class=\"ad-placement\"><div class=\"wpadcenter-ad-inner\" ><a id=\"wpadcenter_ad\" data-value=\"266\" data-placement=\"\" href=\"https:\/\/www.prinsel.com.mx\/\" target=\"_blank\" class=\"wpadcenter-ad-inner__item\" ><img decoding=\"async\"   src=\"https:\/\/puntodincontro.mx\/wp-content\/uploads\/2021\/08\/prinselbanner-1.jpg\" class=\"attachment-post-thumbnail size-post-thumbnail wp-post-image\" alt=\"\" srcset=\"https:\/\/puntodincontro.mx\/wp-content\/uploads\/2021\/08\/prinselbanner-1.jpg 200w, https:\/\/puntodincontro.mx\/wp-content\/uploads\/2021\/08\/prinselbanner-1-16x5.jpg 16w\" sizes=\"(max-width: 200px) 100vw, 200px\" \/><\/a><\/div><\/div><\/div><div class=\"wpadcenter-ad-container\" ><div id=\"wpadcenter-ad-261\" class=\"ad-placement\"><div class=\"wpadcenter-ad-inner\" ><a id=\"wpadcenter_ad\" data-value=\"261\" data-placement=\"\" href=\"https:\/\/faitalia.com.mx\/\" target=\"_blank\" class=\"wpadcenter-ad-inner__item\" ><img decoding=\"async\"   src=\"https:\/\/puntodincontro.mx\/wp-content\/uploads\/2021\/08\/gruppodino.jpg\" class=\"attachment-post-thumbnail size-post-thumbnail wp-post-image\" alt=\"\" srcset=\"https:\/\/puntodincontro.mx\/wp-content\/uploads\/2021\/08\/gruppodino.jpg 200w, https:\/\/puntodincontro.mx\/wp-content\/uploads\/2021\/08\/gruppodino-18x5.jpg 18w\" sizes=\"(max-width: 200px) 100vw, 200px\" \/><\/a><\/div><\/div><\/div><\/div><\/div>\n\n\n<div style=\"height:12px\" aria-hidden=\"true\" class=\"wp-block-spacer\"><\/div>","protected":false},"excerpt":{"rendered":"<p>Ore 09.37 &#8211; La solidit\u00e0 delle vendite all&#8217;estero del Messico apre nuove opportunit\u00e0 per incrementare il valore aggiunto dei prodotti nazionali, come evidenziato dal Consiglio Imprenditoriale Messicano per il Commercio Estero (Comce). Secondo il presidente esecutivo dell&#8217;ente, Sergio Contreras, i risultati storici del 2025, con un record di 664,8 miliardi di dollari e un aumento del 7,6% sull&#8217;anno, confermano il ruolo trainante delle esportazioni, sebbene sia necessario tradurre questa forza in una maggiore crescita del Pil, stimata solo allo +0,39% per il 2025. Il dirigente ha dichiarato: \u00abIl Messico \u00e8 una potenza esportatrice che occupa un ruolo di primo piano&#8230; <\/p>","protected":false},"author":2,"featured_media":24943,"comment_status":"open","ping_status":"open","sticky":false,"template":"","format":"standard","meta":{"_monsterinsights_skip_tracking":false,"_monsterinsights_sitenote_active":false,"_monsterinsights_sitenote_note":"","_monsterinsights_sitenote_category":0,"footnotes":""},"categories":[3],"tags":[],"class_list":["post-24937","post","type-post","status-publish","format-standard","has-post-thumbnail","hentry","category-economia-e-finanza"],"yoast_head":"<!-- This site is optimized with the Yoast SEO Premium plugin v18.4 (Yoast SEO v25.6) - https:\/\/yoast.com\/wordpress\/plugins\/seo\/ -->\n<title>Comce: \u00abIn Messico opportunit\u00e0 per pi\u00f9 valore aggiunto locale\u00bb<\/title>\n<meta name=\"description\" content=\"La solidit\u00e0 delle vendite all&#039;estero del Messico apre nuove opportunit\u00e0 per incrementare il valore aggiunto dei prodotti nazionali.\" \/>\n<meta name=\"robots\" content=\"index, follow, max-snippet:-1, max-image-preview:large, max-video-preview:-1\" \/>\n<link rel=\"canonical\" href=\"https:\/\/puntodincontro.mx\/es\/2026\/01\/28\/comce-en-mexico-record-de-exportaciones-ahora-mas-insumos-locales\/\" \/>\n<meta property=\"og:locale\" content=\"es_MX\" \/>\n<meta property=\"og:type\" content=\"article\" \/>\n<meta property=\"og:title\" content=\"Comce: \u00abIn Messico record di esportazioni, ora serve valore aggiunto locale\u00bb\" \/>\n<meta property=\"og:description\" content=\"La solidit\u00e0 delle vendite all&#039;estero del Messico apre nuove opportunit\u00e0 per incrementare il valore aggiunto dei prodotti nazionali.\" \/>\n<meta property=\"og:url\" content=\"https:\/\/puntodincontro.mx\/es\/2026\/01\/28\/comce-en-mexico-record-de-exportaciones-ahora-mas-insumos-locales\/\" \/>\n<meta property=\"og:site_name\" content=\"Puntodincontro\" \/>\n<meta property=\"article:publisher\" content=\"https:\/\/www.facebook.com\/puntodincontro.mx\" \/>\n<meta property=\"article:published_time\" content=\"2026-01-28T15:55:05+00:00\" \/>\n<meta property=\"article:modified_time\" content=\"2026-01-28T16:02:08+00:00\" \/>\n<meta property=\"og:image\" content=\"https:\/\/puntodincontro.mx\/wp-content\/uploads\/2026\/01\/comcepuntocomp.jpg\" \/>\n\t<meta property=\"og:image:width\" content=\"932\" \/>\n\t<meta property=\"og:image:height\" content=\"488\" \/>\n\t<meta property=\"og:image:type\" content=\"image\/jpeg\" \/>\n<meta name=\"author\" content=\"Puntodincontro\" \/>\n<meta name=\"twitter:card\" content=\"summary_large_image\" \/>\n<meta name=\"twitter:creator\" content=\"@puntodincontro\" \/>\n<meta name=\"twitter:site\" content=\"@puntodincontro\" \/>\n<meta name=\"twitter:label1\" content=\"Escrito por\" \/>\n\t<meta name=\"twitter:data1\" content=\"Puntodincontro\" \/>\n\t<meta name=\"twitter:label2\" content=\"Tiempo de lectura\" \/>\n\t<meta name=\"twitter:data2\" content=\"1 minuto\" \/>\n<script type=\"application\/ld+json\" class=\"yoast-schema-graph\">{\"@context\":\"https:\/\/schema.org\",\"@graph\":[{\"@type\":\"NewsArticle\",\"@id\":\"https:\/\/puntodincontro.mx\/2026\/01\/28\/comce-in-messico-record-di-esportazioni-ora-serve-valore-aggiunto-locale\/#article\",\"isPartOf\":{\"@id\":\"https:\/\/puntodincontro.mx\/2026\/01\/28\/comce-in-messico-record-di-esportazioni-ora-serve-valore-aggiunto-locale\/\"},\"author\":{\"name\":\"Puntodincontro\",\"@id\":\"https:\/\/puntodincontro.mx\/#\/schema\/person\/d3066d18a16259cbb0c29b0d0e93b556\"},\"headline\":\"Comce: \u00abIn Messico record di esportazioni, ora serve valore aggiunto locale\u00bb\",\"datePublished\":\"2026-01-28T15:55:05+00:00\",\"dateModified\":\"2026-01-28T16:02:08+00:00\",\"mainEntityOfPage\":{\"@id\":\"https:\/\/puntodincontro.mx\/2026\/01\/28\/comce-in-messico-record-di-esportazioni-ora-serve-valore-aggiunto-locale\/\"},\"wordCount\":280,\"commentCount\":0,\"publisher\":{\"@id\":\"https:\/\/puntodincontro.mx\/#organization\"},\"image\":{\"@id\":\"https:\/\/puntodincontro.mx\/2026\/01\/28\/comce-in-messico-record-di-esportazioni-ora-serve-valore-aggiunto-locale\/#primaryimage\"},\"thumbnailUrl\":\"https:\/\/puntodincontro.mx\/wp-content\/uploads\/2026\/01\/comcepuntovert.webp\",\"articleSection\":[\"Economia e finanza\"],\"inLanguage\":\"es\",\"potentialAction\":[{\"@type\":\"CommentAction\",\"name\":\"Comment\",\"target\":[\"https:\/\/puntodincontro.mx\/2026\/01\/28\/comce-in-messico-record-di-esportazioni-ora-serve-valore-aggiunto-locale\/#respond\"]}]},{\"@type\":\"WebPage\",\"@id\":\"https:\/\/puntodincontro.mx\/2026\/01\/28\/comce-in-messico-record-di-esportazioni-ora-serve-valore-aggiunto-locale\/\",\"url\":\"https:\/\/puntodincontro.mx\/2026\/01\/28\/comce-in-messico-record-di-esportazioni-ora-serve-valore-aggiunto-locale\/\",\"name\":\"Comce: \u00abIn Messico opportunit\u00e0 per pi\u00f9 valore aggiunto locale\u00bb\",\"isPartOf\":{\"@id\":\"https:\/\/puntodincontro.mx\/#website\"},\"primaryImageOfPage\":{\"@id\":\"https:\/\/puntodincontro.mx\/2026\/01\/28\/comce-in-messico-record-di-esportazioni-ora-serve-valore-aggiunto-locale\/#primaryimage\"},\"image\":{\"@id\":\"https:\/\/puntodincontro.mx\/2026\/01\/28\/comce-in-messico-record-di-esportazioni-ora-serve-valore-aggiunto-locale\/#primaryimage\"},\"thumbnailUrl\":\"https:\/\/puntodincontro.mx\/wp-content\/uploads\/2026\/01\/comcepuntovert.webp\",\"datePublished\":\"2026-01-28T15:55:05+00:00\",\"dateModified\":\"2026-01-28T16:02:08+00:00\",\"description\":\"La solidit\u00e0 delle vendite all'estero del Messico apre nuove opportunit\u00e0 per incrementare il valore aggiunto dei prodotti nazionali.\",\"breadcrumb\":{\"@id\":\"https:\/\/puntodincontro.mx\/2026\/01\/28\/comce-in-messico-record-di-esportazioni-ora-serve-valore-aggiunto-locale\/#breadcrumb\"},\"inLanguage\":\"es\",\"potentialAction\":[{\"@type\":\"ReadAction\",\"target\":[\"https:\/\/puntodincontro.mx\/2026\/01\/28\/comce-in-messico-record-di-esportazioni-ora-serve-valore-aggiunto-locale\/\"]}]},{\"@type\":\"ImageObject\",\"inLanguage\":\"es\",\"@id\":\"https:\/\/puntodincontro.mx\/2026\/01\/28\/comce-in-messico-record-di-esportazioni-ora-serve-valore-aggiunto-locale\/#primaryimage\",\"url\":\"https:\/\/puntodincontro.mx\/wp-content\/uploads\/2026\/01\/comcepuntovert.webp\",\"contentUrl\":\"https:\/\/puntodincontro.mx\/wp-content\/uploads\/2026\/01\/comcepuntovert.webp\",\"width\":423,\"height\":488,\"caption\":\"Comce: \u00abIn Messico record di esportazioni, ora serve valore aggiunto locale\u00bb \/ Foto: eleconomista.com.mx\"},{\"@type\":\"BreadcrumbList\",\"@id\":\"https:\/\/puntodincontro.mx\/2026\/01\/28\/comce-in-messico-record-di-esportazioni-ora-serve-valore-aggiunto-locale\/#breadcrumb\",\"itemListElement\":[{\"@type\":\"ListItem\",\"position\":1,\"name\":\"Home\",\"item\":\"https:\/\/puntodincontro.mx\/\"},{\"@type\":\"ListItem\",\"position\":2,\"name\":\"Comce: \u00abIn Messico record di esportazioni, ora serve valore aggiunto locale\u00bb\"}]},{\"@type\":\"WebSite\",\"@id\":\"https:\/\/puntodincontro.mx\/#website\",\"url\":\"https:\/\/puntodincontro.mx\/\",\"name\":\"Puntodincontro\",\"description\":\"Dal 2006 notizie sui rapporti Italia-Messico \/ Desde 2006 noticias sobre las relaciones entre Italia y M\u00e9xico\",\"publisher\":{\"@id\":\"https:\/\/puntodincontro.mx\/#organization\"},\"potentialAction\":[{\"@type\":\"SearchAction\",\"target\":{\"@type\":\"EntryPoint\",\"urlTemplate\":\"https:\/\/puntodincontro.mx\/?s={search_term_string}\"},\"query-input\":{\"@type\":\"PropertyValueSpecification\",\"valueRequired\":true,\"valueName\":\"search_term_string\"}}],\"inLanguage\":\"es\"},{\"@type\":\"Organization\",\"@id\":\"https:\/\/puntodincontro.mx\/#organization\",\"name\":\"Puntodincontro\",\"url\":\"https:\/\/puntodincontro.mx\/\",\"logo\":{\"@type\":\"ImageObject\",\"inLanguage\":\"es\",\"@id\":\"https:\/\/puntodincontro.mx\/#\/schema\/logo\/image\/\",\"url\":\"https:\/\/puntodincontro.mx\/wp-content\/uploads\/2021\/08\/Default-image-for-open-graph-settings.jpg\",\"contentUrl\":\"https:\/\/puntodincontro.mx\/wp-content\/uploads\/2021\/08\/Default-image-for-open-graph-settings.jpg\",\"width\":1200,\"height\":630,\"caption\":\"Puntodincontro\"},\"image\":{\"@id\":\"https:\/\/puntodincontro.mx\/#\/schema\/logo\/image\/\"},\"sameAs\":[\"https:\/\/www.facebook.com\/puntodincontro.mx\",\"https:\/\/x.com\/puntodincontro\",\"https:\/\/www.instagram.com\/puntodincontro.mx\/\",\"https:\/\/www.linkedin.com\/company\/puntodincontro\/\",\"https:\/\/www.youtube.com\/c\/puntodincontromessico\",\"https:\/\/www.patreon.com\/puntodincontro\",\"https:\/\/www.threads.net\/@puntodincontro.mx\"]},{\"@type\":\"Person\",\"@id\":\"https:\/\/puntodincontro.mx\/#\/schema\/person\/d3066d18a16259cbb0c29b0d0e93b556\",\"name\":\"Puntodincontro\",\"image\":{\"@type\":\"ImageObject\",\"inLanguage\":\"es\",\"@id\":\"https:\/\/puntodincontro.mx\/#\/schema\/person\/image\/\",\"url\":\"https:\/\/secure.gravatar.com\/avatar\/0e85b4b3b5e9d6bfcec6a4956d8cc63a?s=96&d=mm&r=g\",\"contentUrl\":\"https:\/\/secure.gravatar.com\/avatar\/0e85b4b3b5e9d6bfcec6a4956d8cc63a?s=96&d=mm&r=g\",\"caption\":\"Puntodincontro\"},\"url\":\"https:\/\/puntodincontro.mx\/es\/author\/puntodincontro\/\"}]}<\/script>\n<!-- \/ Yoast SEO Premium plugin. -->","yoast_head_json":{"title":"Comce: \u00abEn M\u00e9xico oportunidad para un mayor valor agregado local\u00bb","description":"Las fuertes ventas de exportaci\u00f3n de M\u00e9xico abren nuevas oportunidades para incrementar el valor agregado de los productos nacionales","robots":{"index":"index","follow":"follow","max-snippet":"max-snippet:-1","max-image-preview":"max-image-preview:large","max-video-preview":"max-video-preview:-1"},"canonical":"https:\/\/puntodincontro.mx\/es\/2026\/01\/28\/comce-en-mexico-record-de-exportaciones-ahora-mas-insumos-locales\/","og_locale":"es_MX","og_type":"article","og_title":"Comce: \u00abIn Messico record di esportazioni, ora serve valore aggiunto locale\u00bb","og_description":"La solidit\u00e0 delle vendite all'estero del Messico apre nuove opportunit\u00e0 per incrementare il valore aggiunto dei prodotti nazionali.","og_url":"https:\/\/puntodincontro.mx\/es\/2026\/01\/28\/comce-en-mexico-record-de-exportaciones-ahora-mas-insumos-locales\/","og_site_name":"Puntodincontro","article_publisher":"https:\/\/www.facebook.com\/puntodincontro.mx","article_published_time":"2026-01-28T15:55:05+00:00","article_modified_time":"2026-01-28T16:02:08+00:00","og_image":[{"width":932,"height":488,"url":"https:\/\/puntodincontro.mx\/wp-content\/uploads\/2026\/01\/comcepuntocomp.jpg","type":"image\/jpeg"}],"author":"Puntodincontro","twitter_card":"summary_large_image","twitter_creator":"@puntodincontro","twitter_site":"@puntodincontro","twitter_misc":{"Escrito por":"Puntodincontro","Tiempo de lectura":"1 minuto"},"schema":{"@context":"https:\/\/schema.org","@graph":[{"@type":"NewsArticle","@id":"https:\/\/puntodincontro.mx\/2026\/01\/28\/comce-in-messico-record-di-esportazioni-ora-serve-valore-aggiunto-locale\/#article","isPartOf":{"@id":"https:\/\/puntodincontro.mx\/2026\/01\/28\/comce-in-messico-record-di-esportazioni-ora-serve-valore-aggiunto-locale\/"},"author":{"name":"Puntodincontro","@id":"https:\/\/puntodincontro.mx\/#\/schema\/person\/d3066d18a16259cbb0c29b0d0e93b556"},"headline":"Comce: \u00abIn Messico record di esportazioni, ora serve valore aggiunto locale\u00bb","datePublished":"2026-01-28T15:55:05+00:00","dateModified":"2026-01-28T16:02:08+00:00","mainEntityOfPage":{"@id":"https:\/\/puntodincontro.mx\/2026\/01\/28\/comce-in-messico-record-di-esportazioni-ora-serve-valore-aggiunto-locale\/"},"wordCount":280,"commentCount":0,"publisher":{"@id":"https:\/\/puntodincontro.mx\/#organization"},"image":{"@id":"https:\/\/puntodincontro.mx\/2026\/01\/28\/comce-in-messico-record-di-esportazioni-ora-serve-valore-aggiunto-locale\/#primaryimage"},"thumbnailUrl":"https:\/\/puntodincontro.mx\/wp-content\/uploads\/2026\/01\/comcepuntovert.webp","articleSection":["Economia e finanza"],"inLanguage":"es","potentialAction":[{"@type":"CommentAction","name":"Comment","target":["https:\/\/puntodincontro.mx\/2026\/01\/28\/comce-in-messico-record-di-esportazioni-ora-serve-valore-aggiunto-locale\/#respond"]}]},{"@type":"WebPage","@id":"https:\/\/puntodincontro.mx\/2026\/01\/28\/comce-in-messico-record-di-esportazioni-ora-serve-valore-aggiunto-locale\/","url":"https:\/\/puntodincontro.mx\/2026\/01\/28\/comce-in-messico-record-di-esportazioni-ora-serve-valore-aggiunto-locale\/","name":"Comce: \u00abEn M\u00e9xico oportunidad para un mayor valor agregado local\u00bb","isPartOf":{"@id":"https:\/\/puntodincontro.mx\/#website"},"primaryImageOfPage":{"@id":"https:\/\/puntodincontro.mx\/2026\/01\/28\/comce-in-messico-record-di-esportazioni-ora-serve-valore-aggiunto-locale\/#primaryimage"},"image":{"@id":"https:\/\/puntodincontro.mx\/2026\/01\/28\/comce-in-messico-record-di-esportazioni-ora-serve-valore-aggiunto-locale\/#primaryimage"},"thumbnailUrl":"https:\/\/puntodincontro.mx\/wp-content\/uploads\/2026\/01\/comcepuntovert.webp","datePublished":"2026-01-28T15:55:05+00:00","dateModified":"2026-01-28T16:02:08+00:00","description":"Las fuertes ventas de exportaci\u00f3n de M\u00e9xico abren nuevas oportunidades para incrementar el valor agregado de los productos nacionales","breadcrumb":{"@id":"https:\/\/puntodincontro.mx\/2026\/01\/28\/comce-in-messico-record-di-esportazioni-ora-serve-valore-aggiunto-locale\/#breadcrumb"},"inLanguage":"es","potentialAction":[{"@type":"ReadAction","target":["https:\/\/puntodincontro.mx\/2026\/01\/28\/comce-in-messico-record-di-esportazioni-ora-serve-valore-aggiunto-locale\/"]}]},{"@type":"ImageObject","inLanguage":"es","@id":"https:\/\/puntodincontro.mx\/2026\/01\/28\/comce-in-messico-record-di-esportazioni-ora-serve-valore-aggiunto-locale\/#primaryimage","url":"https:\/\/puntodincontro.mx\/wp-content\/uploads\/2026\/01\/comcepuntovert.webp","contentUrl":"https:\/\/puntodincontro.mx\/wp-content\/uploads\/2026\/01\/comcepuntovert.webp","width":423,"height":488,"caption":"Comce: \u00abIn Messico record di esportazioni, ora serve valore aggiunto locale\u00bb \/ Foto: eleconomista.com.mx"},{"@type":"BreadcrumbList","@id":"https:\/\/puntodincontro.mx\/2026\/01\/28\/comce-in-messico-record-di-esportazioni-ora-serve-valore-aggiunto-locale\/#breadcrumb","itemListElement":[{"@type":"ListItem","position":1,"name":"Home","item":"https:\/\/puntodincontro.mx\/"},{"@type":"ListItem","position":2,"name":"Comce: \u00abIn Messico record di esportazioni, ora serve valore aggiunto locale\u00bb"}]},{"@type":"WebSite","@id":"https:\/\/puntodincontro.mx\/#website","url":"https:\/\/puntodincontro.mx\/","name":"Puntodincontro","description":"Desde el 2006 noticias sobre las relaciones entre Italia y M\u00e9xico \/ Dal 2006 notizie sui rapporti Italia-Messico","publisher":{"@id":"https:\/\/puntodincontro.mx\/#organization"},"potentialAction":[{"@type":"SearchAction","target":{"@type":"EntryPoint","urlTemplate":"https:\/\/puntodincontro.mx\/?s={search_term_string}"},"query-input":{"@type":"PropertyValueSpecification","valueRequired":true,"valueName":"search_term_string"}}],"inLanguage":"es"},{"@type":"Organization","@id":"https:\/\/puntodincontro.mx\/#organization","name":"Puntodincontro","url":"https:\/\/puntodincontro.mx\/","logo":{"@type":"ImageObject","inLanguage":"es","@id":"https:\/\/puntodincontro.mx\/#\/schema\/logo\/image\/","url":"https:\/\/puntodincontro.mx\/wp-content\/uploads\/2021\/08\/Default-image-for-open-graph-settings.jpg","contentUrl":"https:\/\/puntodincontro.mx\/wp-content\/uploads\/2021\/08\/Default-image-for-open-graph-settings.jpg","width":1200,"height":630,"caption":"Puntodincontro"},"image":{"@id":"https:\/\/puntodincontro.mx\/#\/schema\/logo\/image\/"},"sameAs":["https:\/\/www.facebook.com\/puntodincontro.mx","https:\/\/x.com\/puntodincontro","https:\/\/www.instagram.com\/puntodincontro.mx\/","https:\/\/www.linkedin.com\/company\/puntodincontro\/","https:\/\/www.youtube.com\/c\/puntodincontromessico","https:\/\/www.patreon.com\/puntodincontro","https:\/\/www.threads.net\/@puntodincontro.mx"]},{"@type":"Person","@id":"https:\/\/puntodincontro.mx\/#\/schema\/person\/d3066d18a16259cbb0c29b0d0e93b556","name":"Puntodincontro","image":{"@type":"ImageObject","inLanguage":"es","@id":"https:\/\/puntodincontro.mx\/#\/schema\/person\/image\/","url":"https:\/\/secure.gravatar.com\/avatar\/0e85b4b3b5e9d6bfcec6a4956d8cc63a?s=96&d=mm&r=g","contentUrl":"https:\/\/secure.gravatar.com\/avatar\/0e85b4b3b5e9d6bfcec6a4956d8cc63a?s=96&d=mm&r=g","caption":"Puntodincontro"},"url":"https:\/\/puntodincontro.mx\/es\/author\/puntodincontro\/"}]}},"_links":{"self":[{"href":"https:\/\/puntodincontro.mx\/es\/wp-json\/wp\/v2\/posts\/24937"}],"collection":[{"href":"https:\/\/puntodincontro.mx\/es\/wp-json\/wp\/v2\/posts"}],"about":[{"href":"https:\/\/puntodincontro.mx\/es\/wp-json\/wp\/v2\/types\/post"}],"author":[{"embeddable":true,"href":"https:\/\/puntodincontro.mx\/es\/wp-json\/wp\/v2\/users\/2"}],"replies":[{"embeddable":true,"href":"https:\/\/puntodincontro.mx\/es\/wp-json\/wp\/v2\/comments?post=24937"}],"version-history":[{"count":5,"href":"https:\/\/puntodincontro.mx\/es\/wp-json\/wp\/v2\/posts\/24937\/revisions"}],"predecessor-version":[{"id":24942,"href":"https:\/\/puntodincontro.mx\/es\/wp-json\/wp\/v2\/posts\/24937\/revisions\/24942"}],"wp:featuredmedia":[{"embeddable":true,"href":"https:\/\/puntodincontro.mx\/es\/wp-json\/wp\/v2\/media\/24943"}],"wp:attachment":[{"href":"https:\/\/puntodincontro.mx\/es\/wp-json\/wp\/v2\/media?parent=24937"}],"wp:term":[{"taxonomy":"category","embeddable":true,"href":"https:\/\/puntodincontro.mx\/es\/wp-json\/wp\/v2\/categories?post=24937"},{"taxonomy":"post_tag","embeddable":true,"href":"https:\/\/puntodincontro.mx\/es\/wp-json\/wp\/v2\/tags?post=24937"}],"curies":[{"name":"wp","href":"https:\/\/api.w.org\/{rel}","templated":true}]}}