{"id":25366,"date":"2026-03-09T07:01:10","date_gmt":"2026-03-09T13:01:10","guid":{"rendered":"https:\/\/puntodincontro.mx\/?p=25366"},"modified":"2026-03-09T07:34:29","modified_gmt":"2026-03-09T13:34:29","slug":"david-dolcini-en-mexico-por-el-italian-design-day","status":"publish","type":"post","link":"https:\/\/puntodincontro.mx\/es\/2026\/03\/09\/david-dolcini-in-messico-per-litalian-design-day\/","title":{"rendered":"David Dolcini en M\u00e9xico por el Italian Design Day"},"content":{"rendered":"<p class=\"translation-block\"><strong>06:38 h<\/strong> - El martes 10 de marzo, la Embajada de Italia, la Agencia para la promoci\u00f3n en el exterior y la internacionalizaci\u00f3n de las empresas italianas y el Instituto Italiano de Cultura en la Ciudad de M\u00e9xico celebran la d\u00e9cima edici\u00f3n del Italian Design Day en el mundo, una iniciativa promovida por el Ministerio de Asuntos Exteriores y Cooperaci\u00f3n Internacional en colaboraci\u00f3n con la red diplom\u00e1tico-consular y los institutos italianos de cultura.<\/p>\n\n\n\n<p class=\"translation-block\">El tema de este a\u00f1o, <em>Re-Design. Regenerar espacios, objetos, ideas, relaciones<\/em>, invita a reflexionar sobre el papel del dise\u00f1o como una pr\u00e1ctica capaz de generar nuevas conexiones entre tradici\u00f3n e innovaci\u00f3n, entre materia y pensamiento, entre proyecto y responsabilidad social.<\/p>\n\n\n\n<p class=\"translation-block\">El protagonista de la edici\u00f3n 2026 en M\u00e9xico ser\u00e1 el embajador del dise\u00f1o italiano David Dolcini, quien inaugurar\u00e1 en el Instituto una exposici\u00f3n fotogr\u00e1fica de su proyecto <em>Timemade<\/em> y, posteriormente, conversar\u00e1 con el profesor Ignacio del Cueto, de la Facultad de Arquitectura de la UNAM, y con el curador Francisco El\u00edas sobre el tema de la regeneraci\u00f3n.<\/p>\n\n\n\n<p class=\"translation-block\"><em>Timemade<\/em> es una investigaci\u00f3n po\u00e9tica y metodol\u00f3gica sobre la relaci\u00f3n entre materiales, herramientas y dise\u00f1o. En el centro hay una idea tan simple como radical: entre materia y forma existe una adecuaci\u00f3n que solo puede ser captada a trav\u00e9s del tiempo dedicado a la creaci\u00f3n. No se trata de imponer una funci\u00f3n, sino de dejar que una forma surja del di\u00e1logo paciente con el material.<\/p>\n\n\n\n<p class=\"translation-block\">El proyecto representa un regreso a las cosas y a su tiempo. Un tiempo <em>justo<\/em>, que no coincide con la rapidez de la producci\u00f3n, sino con la experiencia lenta de la ejecuci\u00f3n. En este sentido, <em>Timemade<\/em> propone una pr\u00e1ctica de dise\u00f1o que escapa del frenes\u00ed de la industria para recuperar una dimensi\u00f3n humana, basada en la atenci\u00f3n, el saber escuchar y la pr\u00e1ctica.<\/p>\n\n\n\n<p>Entre los materiales, la madera ocupa un lugar privilegiado. Materia viva, ligada a procesos de crecimiento y transformaci\u00f3n, la madera expresa naturalmente la dimensi\u00f3n temporal: en sus vetas, en sus nudos, en su morfolog\u00eda. Trabajarla significa seguir un ritmo, respetar sus direcciones, entender cu\u00e1ndo avanzar y cu\u00e1ndo detenerse. Cada corte se convierte en un acto de conocimiento, cada objeto en una etapa de un camino de investigaci\u00f3n.<\/p>\n\n\n\n<p class=\"translation-block\"><em>Timemade<\/em> se configura as\u00ed como un m\u00e9todo: un <em>hacer-pensar<\/em> en el que herramientas, formas y materiales se entrelazan rec\u00edprocamente, generando objetos que no son simplemente funcionales, sino relatos materiales de un tiempo-pensamiento en evoluci\u00f3n. Solo al final, eventualmente, surge un uso, casi como una consecuencia natural de un proceso de atenci\u00f3n y cuidado.<\/p>\n\n\n\n<p>David Dolcini naci\u00f3 cerca de Mil\u00e1n, en Italia, en una familia con una larga tradici\u00f3n en la artesan\u00eda y el trabajo de la madera. Su trayectoria en el dise\u00f1o est\u00e1 profundamente arraigada en esta herencia. Su enfoque hacia el proyecto no es solo acad\u00e9mico: es una combinaci\u00f3n de las ricas experiencias formativas adquiridas en todo el mundo y del conocimiento pr\u00e1ctico desarrollado a lo largo de a\u00f1os de actividad profesional.<\/p>\n\n\n\n<p>La filosof\u00eda de dise\u00f1o de David es distintiva. Profundiza en los aspectos t\u00e9cnicos de cada proyecto, fusionando el conocimiento de los materiales y las tecnolog\u00edas de producci\u00f3n con una investigaci\u00f3n de amplio espectro que abarca arte, historia, artesan\u00eda y ciencia.<\/p>\n\n\n\n<p>Despu\u00e9s de titularse en el Polit\u00e9cnico de Mil\u00e1n en 2004, entr\u00f3 en el mundo del dise\u00f1o colaborando inicialmente con Luceplan como l\u00edder de proyecto y posteriormente con A00-Architecture en Shangh\u00e1i. En 2007 inaugur\u00f3 una nueva etapa al fundar su propio estudio, especializado en dise\u00f1o industrial y de producto, interiorismo, instalaciones y direcci\u00f3n creativa, colaborando con empresas destacadas como Amini, Arflex, Porada, Bric\u2019s, Panasonic y Luceplan.<\/p>\n\n\n\n<p class=\"translation-block\">En marzo de 2025, la prestigiosa galer\u00eda Volumnia de Piacenza present\u00f3 la exposici\u00f3n <em>David Dolcini. Le forme del tempo<\/em> (Las formas del tiempo), curada por Marco Sammicheli, que revel\u00f3 el lado m\u00e1s \u00edntimo del dise\u00f1ador y su investigaci\u00f3n de varios a\u00f1os sobre la madera trabajada a mano: <em>Timemade<\/em>.<\/p>\n\n\n\n<p class=\"has-small-font-size\">Im\u00e1genes: iicmessico.esteri.it<\/p>\n\n\n\n<div style=\"height:12px\" aria-hidden=\"true\" class=\"wp-block-spacer\"><\/div>\n\n\n<!-- Ad space powered by WP AdCenter v2.5.7 - https:\/\/wpadcenter.com\/ --><div class=\"wpadcenter-adgroup\" ><div class=\"wpadcenter-adgroup__row wpadcenter-aligncenter\"><div class=\"wpadcenter-ad-container\" ><div id=\"wpadcenter-ad-18464\" class=\"ad-placement\"><div class=\"wpadcenter-ad-inner\" ><a id=\"wpadcenter_ad\" data-value=\"18464\" data-placement=\"\" href=\"https:\/\/www.productosremo.com\/\" target=\"_blank\" class=\"wpadcenter-ad-inner__item\" ><img decoding=\"async\"   src=\"https:\/\/puntodincontro.mx\/wp-content\/uploads\/2021\/08\/remobanner.jpg\" class=\"attachment-post-thumbnail size-post-thumbnail wp-post-image\" alt=\"\" srcset=\"https:\/\/puntodincontro.mx\/wp-content\/uploads\/2021\/08\/remobanner.jpg 200w, https:\/\/puntodincontro.mx\/wp-content\/uploads\/2021\/08\/remobanner-16x5.jpg 16w\" sizes=\"(max-width: 200px) 100vw, 200px\" \/><\/a><\/div><\/div><\/div><div class=\"wpadcenter-ad-container\" ><div id=\"wpadcenter-ad-5305\" class=\"ad-placement\"><div class=\"wpadcenter-ad-inner\" ><a id=\"wpadcenter_ad\" data-value=\"5305\" data-placement=\"\" href=\"https:\/\/ambcittadelmessico.esteri.it\/ambasciata_cittadelmessico\/it\/\" target=\"_blank\" class=\"wpadcenter-ad-inner__item\" ><img decoding=\"async\"   src=\"https:\/\/puntodincontro.mx\/wp-content\/uploads\/2022\/05\/Ambasciata.jpg\" class=\"attachment-post-thumbnail size-post-thumbnail wp-post-image\" alt=\"\" srcset=\"https:\/\/puntodincontro.mx\/wp-content\/uploads\/2022\/05\/Ambasciata.jpg 200w, https:\/\/puntodincontro.mx\/wp-content\/uploads\/2022\/05\/Ambasciata-18x5.jpg 18w\" sizes=\"(max-width: 200px) 100vw, 200px\" \/><\/a><\/div><\/div><\/div><div class=\"wpadcenter-ad-container\" ><div id=\"wpadcenter-ad-3781\" class=\"ad-placement\"><div class=\"wpadcenter-ad-inner\" ><a id=\"wpadcenter_ad\" data-value=\"3781\" data-placement=\"\" href=\"https:\/\/cannizzo.com.mx\/\" target=\"_blank\" class=\"wpadcenter-ad-inner__item\" ><img decoding=\"async\"   src=\"https:\/\/puntodincontro.mx\/wp-content\/uploads\/2022\/03\/cannizzo2.jpg\" class=\"attachment-post-thumbnail size-post-thumbnail wp-post-image\" alt=\"\" srcset=\"https:\/\/puntodincontro.mx\/wp-content\/uploads\/2022\/03\/cannizzo2.jpg 200w, https:\/\/puntodincontro.mx\/wp-content\/uploads\/2022\/03\/cannizzo2-18x5.jpg 18w\" sizes=\"(max-width: 200px) 100vw, 200px\" \/><\/a><\/div><\/div><\/div><\/div><div class=\"wpadcenter-adgroup__row wpadcenter-aligncenter\"><div class=\"wpadcenter-ad-container\" ><div id=\"wpadcenter-ad-1704\" class=\"ad-placement\"><div class=\"wpadcenter-ad-inner\" ><a id=\"wpadcenter_ad\" data-value=\"1704\" data-placement=\"\" href=\"https:\/\/puntodincontro.mx\/es\/2021\/12\/24\/inps-verificacion-de-supervivencia-de-los-pensionados-en-el-extranjero\/\" target=\"_blank\" class=\"wpadcenter-ad-inner__item\" ><img decoding=\"async\"   src=\"https:\/\/puntodincontro.mx\/wp-content\/uploads\/2021\/11\/logo-ital.jpg\" class=\"attachment-post-thumbnail size-post-thumbnail wp-post-image\" alt=\"Patronato ITAL Messico\" srcset=\"https:\/\/puntodincontro.mx\/wp-content\/uploads\/2021\/11\/logo-ital.jpg 200w, https:\/\/puntodincontro.mx\/wp-content\/uploads\/2021\/11\/logo-ital-16x5.jpg 16w\" sizes=\"(max-width: 200px) 100vw, 200px\" \/><\/a><\/div><\/div><\/div><div class=\"wpadcenter-ad-container\" ><div id=\"wpadcenter-ad-1538\" class=\"ad-placement\"><div class=\"wpadcenter-ad-inner\" ><a id=\"wpadcenter_ad\" data-value=\"1538\" data-placement=\"\" href=\"https:\/\/asociacionitaliana.org\/\" target=\"_blank\" class=\"wpadcenter-ad-inner__item\" ><img decoding=\"async\"   src=\"https:\/\/puntodincontro.mx\/wp-content\/uploads\/2021\/11\/aialogo.jpg\" class=\"attachment-post-thumbnail size-post-thumbnail wp-post-image\" alt=\"Associazione Italiana di Assistenza IAP\" srcset=\"https:\/\/puntodincontro.mx\/wp-content\/uploads\/2021\/11\/aialogo.jpg 200w, https:\/\/puntodincontro.mx\/wp-content\/uploads\/2021\/11\/aialogo-18x5.jpg 18w\" sizes=\"(max-width: 200px) 100vw, 200px\" \/><\/a><\/div><\/div><\/div><div class=\"wpadcenter-ad-container\" ><div id=\"wpadcenter-ad-1513\" class=\"ad-placement\"><div class=\"wpadcenter-ad-inner\" ><a id=\"wpadcenter_ad\" data-value=\"1513\" data-placement=\"\" href=\"https:\/\/gcinmuebles.mx\" target=\"_blank\" class=\"wpadcenter-ad-inner__item\" ><img decoding=\"async\"   src=\"https:\/\/puntodincontro.mx\/wp-content\/uploads\/2021\/10\/gcinmuebleslogopunto-1.jpg\" class=\"attachment-post-thumbnail size-post-thumbnail wp-post-image\" alt=\"\" srcset=\"https:\/\/puntodincontro.mx\/wp-content\/uploads\/2021\/10\/gcinmuebleslogopunto-1.jpg 200w, https:\/\/puntodincontro.mx\/wp-content\/uploads\/2021\/10\/gcinmuebleslogopunto-1-18x5.jpg 18w\" sizes=\"(max-width: 200px) 100vw, 200px\" \/><\/a><\/div><\/div><\/div><\/div><div class=\"wpadcenter-adgroup__row wpadcenter-aligncenter\"><div class=\"wpadcenter-ad-container\" ><div id=\"wpadcenter-ad-1374\" class=\"ad-placement\"><div class=\"wpadcenter-ad-inner\" ><a id=\"wpadcenter_ad\" data-value=\"1374\" data-placement=\"\" href=\"https:\/\/www.9colonne.it\/\" target=\"_blank\" class=\"wpadcenter-ad-inner__item\" ><img decoding=\"async\"   src=\"https:\/\/puntodincontro.mx\/wp-content\/uploads\/2021\/10\/Banner9colonne.gif\" class=\"attachment-post-thumbnail size-post-thumbnail wp-post-image\" alt=\"\" \/><\/a><\/div><\/div><\/div><div class=\"wpadcenter-ad-container\" ><div id=\"wpadcenter-ad-276\" class=\"ad-placement\"><div class=\"wpadcenter-ad-inner\" ><a id=\"wpadcenter_ad\" data-value=\"276\" data-placement=\"\" href=\"http:\/\/www.camaraitaliana.mx\/\" target=\"_blank\" class=\"wpadcenter-ad-inner__item\" ><img decoding=\"async\"   src=\"https:\/\/puntodincontro.mx\/wp-content\/uploads\/2021\/08\/ccimnuovo.jpg\" class=\"attachment-post-thumbnail size-post-thumbnail wp-post-image\" alt=\"\" srcset=\"https:\/\/puntodincontro.mx\/wp-content\/uploads\/2021\/08\/ccimnuovo.jpg 200w, https:\/\/puntodincontro.mx\/wp-content\/uploads\/2021\/08\/ccimnuovo-18x5.jpg 18w\" sizes=\"(max-width: 200px) 100vw, 200px\" \/><\/a><\/div><\/div><\/div><div class=\"wpadcenter-ad-container\" ><div id=\"wpadcenter-ad-272\" class=\"ad-placement\"><div class=\"wpadcenter-ad-inner\" ><a id=\"wpadcenter_ad\" data-value=\"272\" data-placement=\"\" href=\"http:\/\/corix.us\/\" target=\"_blank\" class=\"wpadcenter-ad-inner__item\" ><img decoding=\"async\"   src=\"https:\/\/puntodincontro.mx\/wp-content\/uploads\/2021\/08\/corixbanner-1.jpg\" class=\"attachment-post-thumbnail size-post-thumbnail wp-post-image\" alt=\"\" srcset=\"https:\/\/puntodincontro.mx\/wp-content\/uploads\/2021\/08\/corixbanner-1.jpg 200w, https:\/\/puntodincontro.mx\/wp-content\/uploads\/2021\/08\/corixbanner-1-16x5.jpg 16w\" sizes=\"(max-width: 200px) 100vw, 200px\" \/><\/a><\/div><\/div><\/div><\/div><div class=\"wpadcenter-adgroup__row wpadcenter-aligncenter\"><div class=\"wpadcenter-ad-container\" ><div id=\"wpadcenter-ad-266\" class=\"ad-placement\"><div class=\"wpadcenter-ad-inner\" ><a id=\"wpadcenter_ad\" data-value=\"266\" data-placement=\"\" href=\"https:\/\/www.prinsel.com.mx\/\" target=\"_blank\" class=\"wpadcenter-ad-inner__item\" ><img decoding=\"async\"   src=\"https:\/\/puntodincontro.mx\/wp-content\/uploads\/2021\/08\/prinselbanner-1.jpg\" class=\"attachment-post-thumbnail size-post-thumbnail wp-post-image\" alt=\"\" srcset=\"https:\/\/puntodincontro.mx\/wp-content\/uploads\/2021\/08\/prinselbanner-1.jpg 200w, https:\/\/puntodincontro.mx\/wp-content\/uploads\/2021\/08\/prinselbanner-1-16x5.jpg 16w\" sizes=\"(max-width: 200px) 100vw, 200px\" \/><\/a><\/div><\/div><\/div><div class=\"wpadcenter-ad-container\" ><div id=\"wpadcenter-ad-261\" class=\"ad-placement\"><div class=\"wpadcenter-ad-inner\" ><a id=\"wpadcenter_ad\" data-value=\"261\" data-placement=\"\" href=\"https:\/\/faitalia.com.mx\/\" target=\"_blank\" class=\"wpadcenter-ad-inner__item\" ><img decoding=\"async\"   src=\"https:\/\/puntodincontro.mx\/wp-content\/uploads\/2021\/08\/gruppodino.jpg\" class=\"attachment-post-thumbnail size-post-thumbnail wp-post-image\" alt=\"\" srcset=\"https:\/\/puntodincontro.mx\/wp-content\/uploads\/2021\/08\/gruppodino.jpg 200w, https:\/\/puntodincontro.mx\/wp-content\/uploads\/2021\/08\/gruppodino-18x5.jpg 18w\" sizes=\"(max-width: 200px) 100vw, 200px\" \/><\/a><\/div><\/div><\/div><\/div><\/div>\n\n\n<div style=\"height:12px\" aria-hidden=\"true\" class=\"wp-block-spacer\"><\/div>","protected":false},"excerpt":{"rendered":"<p>Ore 06.38 &#8211; Marted\u00ec 10 marzo, l\u2019Ambasciata d\u2019Italia, l&#8217;Ice (Agenzia per la promozione all\u2019estero e l\u2019internazionalizzazione delle imprese italiane) e l\u2019Istituto italiano di cultura a Citt\u00e0 del Messico celebrano la decima edizione dell\u2019Italian Design Day nel mondo, iniziativa promossa dal ministero degli Affari esteri e della Cooperazione internazionale in collaborazione con la rete diplomatico-consolare e gli istituti italiani di cultura. Il tema di quest\u2019anno, Re-Design. Rigenerare spazi, oggetti, idee, relazioni, invita a riflettere sul ruolo del design come pratica capace di generare nuove connessioni tra tradizione e innovazione, tra materia e pensiero, tra progetto e responsabilit\u00e0 sociale. Protagonista dell\u2019edizione 2026&#8230; <\/p>","protected":false},"author":2,"featured_media":25370,"comment_status":"open","ping_status":"open","sticky":false,"template":"","format":"standard","meta":{"_monsterinsights_skip_tracking":false,"_monsterinsights_sitenote_active":false,"_monsterinsights_sitenote_note":"","_monsterinsights_sitenote_category":0,"footnotes":""},"categories":[5],"tags":[],"class_list":["post-25366","post","type-post","status-publish","format-standard","has-post-thumbnail","hentry","category-italia-nel-mondo"],"yoast_head":"<!-- This site is optimized with the Yoast SEO Premium plugin v18.4 (Yoast SEO v25.6) - https:\/\/yoast.com\/wordpress\/plugins\/seo\/ -->\n<title>David Dolcini in Messico per l\u2019Italian Design Day<\/title>\n<meta name=\"description\" content=\"L&#039;Ambasciata d\u2019Italia e l\u2019Istituto italiano di cultura a Citt\u00e0 del Messico celebrano la decima edizione dell\u2019Italian Design Day.\" \/>\n<meta name=\"robots\" content=\"index, follow, max-snippet:-1, max-image-preview:large, max-video-preview:-1\" \/>\n<link rel=\"canonical\" href=\"https:\/\/puntodincontro.mx\/es\/2026\/03\/09\/david-dolcini-en-mexico-por-el-italian-design-day\/\" \/>\n<meta property=\"og:locale\" content=\"es_MX\" \/>\n<meta property=\"og:type\" content=\"article\" \/>\n<meta property=\"og:title\" content=\"David Dolcini in Messico per l\u2019Italian Design Day\" \/>\n<meta property=\"og:description\" content=\"L&#039;Ambasciata d\u2019Italia e l\u2019Istituto italiano di cultura a Citt\u00e0 del Messico celebrano la decima edizione dell\u2019Italian Design Day.\" \/>\n<meta property=\"og:url\" content=\"https:\/\/puntodincontro.mx\/es\/2026\/03\/09\/david-dolcini-en-mexico-por-el-italian-design-day\/\" \/>\n<meta property=\"og:site_name\" content=\"Puntodincontro\" \/>\n<meta property=\"article:publisher\" content=\"https:\/\/www.facebook.com\/puntodincontro.mx\" \/>\n<meta property=\"article:published_time\" content=\"2026-03-09T13:01:10+00:00\" \/>\n<meta property=\"article:modified_time\" content=\"2026-03-09T13:34:29+00:00\" \/>\n<meta property=\"og:image\" content=\"https:\/\/puntodincontro.mx\/wp-content\/uploads\/2026\/03\/daviddolcinipuntocomp.jpg\" \/>\n\t<meta property=\"og:image:width\" content=\"932\" \/>\n\t<meta property=\"og:image:height\" content=\"488\" \/>\n\t<meta property=\"og:image:type\" content=\"image\/jpeg\" \/>\n<meta name=\"author\" content=\"Puntodincontro\" \/>\n<meta name=\"twitter:card\" content=\"summary_large_image\" \/>\n<meta name=\"twitter:creator\" content=\"@puntodincontro\" \/>\n<meta name=\"twitter:site\" content=\"@puntodincontro\" \/>\n<meta name=\"twitter:label1\" content=\"Escrito por\" \/>\n\t<meta name=\"twitter:data1\" content=\"Puntodincontro\" \/>\n\t<meta name=\"twitter:label2\" content=\"Tiempo de lectura\" \/>\n\t<meta name=\"twitter:data2\" content=\"3 minutos\" \/>\n<script type=\"application\/ld+json\" class=\"yoast-schema-graph\">{\"@context\":\"https:\/\/schema.org\",\"@graph\":[{\"@type\":\"NewsArticle\",\"@id\":\"https:\/\/puntodincontro.mx\/2026\/03\/09\/david-dolcini-in-messico-per-litalian-design-day\/#article\",\"isPartOf\":{\"@id\":\"https:\/\/puntodincontro.mx\/2026\/03\/09\/david-dolcini-in-messico-per-litalian-design-day\/\"},\"author\":{\"name\":\"Puntodincontro\",\"@id\":\"https:\/\/puntodincontro.mx\/#\/schema\/person\/d3066d18a16259cbb0c29b0d0e93b556\"},\"headline\":\"David Dolcini in Messico per l\u2019Italian Design Day\",\"datePublished\":\"2026-03-09T13:01:10+00:00\",\"dateModified\":\"2026-03-09T13:34:29+00:00\",\"mainEntityOfPage\":{\"@id\":\"https:\/\/puntodincontro.mx\/2026\/03\/09\/david-dolcini-in-messico-per-litalian-design-day\/\"},\"wordCount\":602,\"commentCount\":0,\"publisher\":{\"@id\":\"https:\/\/puntodincontro.mx\/#organization\"},\"image\":{\"@id\":\"https:\/\/puntodincontro.mx\/2026\/03\/09\/david-dolcini-in-messico-per-litalian-design-day\/#primaryimage\"},\"thumbnailUrl\":\"https:\/\/puntodincontro.mx\/wp-content\/uploads\/2026\/03\/daviddolcinipuntovert.webp\",\"articleSection\":[\"Italia nel mondo\"],\"inLanguage\":\"es\",\"potentialAction\":[{\"@type\":\"CommentAction\",\"name\":\"Comment\",\"target\":[\"https:\/\/puntodincontro.mx\/2026\/03\/09\/david-dolcini-in-messico-per-litalian-design-day\/#respond\"]}]},{\"@type\":\"WebPage\",\"@id\":\"https:\/\/puntodincontro.mx\/2026\/03\/09\/david-dolcini-in-messico-per-litalian-design-day\/\",\"url\":\"https:\/\/puntodincontro.mx\/2026\/03\/09\/david-dolcini-in-messico-per-litalian-design-day\/\",\"name\":\"David Dolcini in Messico per l\u2019Italian Design Day\",\"isPartOf\":{\"@id\":\"https:\/\/puntodincontro.mx\/#website\"},\"primaryImageOfPage\":{\"@id\":\"https:\/\/puntodincontro.mx\/2026\/03\/09\/david-dolcini-in-messico-per-litalian-design-day\/#primaryimage\"},\"image\":{\"@id\":\"https:\/\/puntodincontro.mx\/2026\/03\/09\/david-dolcini-in-messico-per-litalian-design-day\/#primaryimage\"},\"thumbnailUrl\":\"https:\/\/puntodincontro.mx\/wp-content\/uploads\/2026\/03\/daviddolcinipuntovert.webp\",\"datePublished\":\"2026-03-09T13:01:10+00:00\",\"dateModified\":\"2026-03-09T13:34:29+00:00\",\"description\":\"L'Ambasciata d\u2019Italia e l\u2019Istituto italiano di cultura a Citt\u00e0 del Messico celebrano la decima edizione dell\u2019Italian Design Day.\",\"breadcrumb\":{\"@id\":\"https:\/\/puntodincontro.mx\/2026\/03\/09\/david-dolcini-in-messico-per-litalian-design-day\/#breadcrumb\"},\"inLanguage\":\"es\",\"potentialAction\":[{\"@type\":\"ReadAction\",\"target\":[\"https:\/\/puntodincontro.mx\/2026\/03\/09\/david-dolcini-in-messico-per-litalian-design-day\/\"]}]},{\"@type\":\"ImageObject\",\"inLanguage\":\"es\",\"@id\":\"https:\/\/puntodincontro.mx\/2026\/03\/09\/david-dolcini-in-messico-per-litalian-design-day\/#primaryimage\",\"url\":\"https:\/\/puntodincontro.mx\/wp-content\/uploads\/2026\/03\/daviddolcinipuntovert.webp\",\"contentUrl\":\"https:\/\/puntodincontro.mx\/wp-content\/uploads\/2026\/03\/daviddolcinipuntovert.webp\",\"width\":423,\"height\":488,\"caption\":\"David Dolcini in Messico per l\u2019Italian Design Day \/ Immagini: iicmessico.esteri.it\"},{\"@type\":\"BreadcrumbList\",\"@id\":\"https:\/\/puntodincontro.mx\/2026\/03\/09\/david-dolcini-in-messico-per-litalian-design-day\/#breadcrumb\",\"itemListElement\":[{\"@type\":\"ListItem\",\"position\":1,\"name\":\"Home\",\"item\":\"https:\/\/puntodincontro.mx\/\"},{\"@type\":\"ListItem\",\"position\":2,\"name\":\"David Dolcini in Messico per l\u2019Italian Design Day\"}]},{\"@type\":\"WebSite\",\"@id\":\"https:\/\/puntodincontro.mx\/#website\",\"url\":\"https:\/\/puntodincontro.mx\/\",\"name\":\"Puntodincontro\",\"description\":\"Dal 2006 notizie sui rapporti Italia-Messico \/ Desde 2006 noticias sobre las relaciones entre Italia y M\u00e9xico\",\"publisher\":{\"@id\":\"https:\/\/puntodincontro.mx\/#organization\"},\"potentialAction\":[{\"@type\":\"SearchAction\",\"target\":{\"@type\":\"EntryPoint\",\"urlTemplate\":\"https:\/\/puntodincontro.mx\/?s={search_term_string}\"},\"query-input\":{\"@type\":\"PropertyValueSpecification\",\"valueRequired\":true,\"valueName\":\"search_term_string\"}}],\"inLanguage\":\"es\"},{\"@type\":\"Organization\",\"@id\":\"https:\/\/puntodincontro.mx\/#organization\",\"name\":\"Puntodincontro\",\"url\":\"https:\/\/puntodincontro.mx\/\",\"logo\":{\"@type\":\"ImageObject\",\"inLanguage\":\"es\",\"@id\":\"https:\/\/puntodincontro.mx\/#\/schema\/logo\/image\/\",\"url\":\"https:\/\/puntodincontro.mx\/wp-content\/uploads\/2021\/08\/Default-image-for-open-graph-settings.jpg\",\"contentUrl\":\"https:\/\/puntodincontro.mx\/wp-content\/uploads\/2021\/08\/Default-image-for-open-graph-settings.jpg\",\"width\":1200,\"height\":630,\"caption\":\"Puntodincontro\"},\"image\":{\"@id\":\"https:\/\/puntodincontro.mx\/#\/schema\/logo\/image\/\"},\"sameAs\":[\"https:\/\/www.facebook.com\/puntodincontro.mx\",\"https:\/\/x.com\/puntodincontro\",\"https:\/\/www.instagram.com\/puntodincontro.mx\/\",\"https:\/\/www.linkedin.com\/company\/puntodincontro\/\",\"https:\/\/www.youtube.com\/c\/puntodincontromessico\",\"https:\/\/www.patreon.com\/puntodincontro\",\"https:\/\/www.threads.net\/@puntodincontro.mx\"]},{\"@type\":\"Person\",\"@id\":\"https:\/\/puntodincontro.mx\/#\/schema\/person\/d3066d18a16259cbb0c29b0d0e93b556\",\"name\":\"Puntodincontro\",\"image\":{\"@type\":\"ImageObject\",\"inLanguage\":\"es\",\"@id\":\"https:\/\/puntodincontro.mx\/#\/schema\/person\/image\/\",\"url\":\"https:\/\/secure.gravatar.com\/avatar\/0e85b4b3b5e9d6bfcec6a4956d8cc63a?s=96&d=mm&r=g\",\"contentUrl\":\"https:\/\/secure.gravatar.com\/avatar\/0e85b4b3b5e9d6bfcec6a4956d8cc63a?s=96&d=mm&r=g\",\"caption\":\"Puntodincontro\"},\"url\":\"https:\/\/puntodincontro.mx\/es\/author\/puntodincontro\/\"}]}<\/script>\n<!-- \/ Yoast SEO Premium plugin. -->","yoast_head_json":{"title":"David Dolcini en M\u00e9xico por el Italian Design Day","description":"La Embajada de Italia y el Instituto Italiano de Cultura en la Ciudad de M\u00e9xico celebran la d\u00e9cima edici\u00f3n del Italian Design Day.","robots":{"index":"index","follow":"follow","max-snippet":"max-snippet:-1","max-image-preview":"max-image-preview:large","max-video-preview":"max-video-preview:-1"},"canonical":"https:\/\/puntodincontro.mx\/es\/2026\/03\/09\/david-dolcini-en-mexico-por-el-italian-design-day\/","og_locale":"es_MX","og_type":"article","og_title":"David Dolcini in Messico per l\u2019Italian Design Day","og_description":"L'Ambasciata d\u2019Italia e l\u2019Istituto italiano di cultura a Citt\u00e0 del Messico celebrano la decima edizione dell\u2019Italian Design Day.","og_url":"https:\/\/puntodincontro.mx\/es\/2026\/03\/09\/david-dolcini-en-mexico-por-el-italian-design-day\/","og_site_name":"Puntodincontro","article_publisher":"https:\/\/www.facebook.com\/puntodincontro.mx","article_published_time":"2026-03-09T13:01:10+00:00","article_modified_time":"2026-03-09T13:34:29+00:00","og_image":[{"width":932,"height":488,"url":"https:\/\/puntodincontro.mx\/wp-content\/uploads\/2026\/03\/daviddolcinipuntocomp.jpg","type":"image\/jpeg"}],"author":"Puntodincontro","twitter_card":"summary_large_image","twitter_creator":"@puntodincontro","twitter_site":"@puntodincontro","twitter_misc":{"Escrito por":"Puntodincontro","Tiempo de lectura":"3 minutos"},"schema":{"@context":"https:\/\/schema.org","@graph":[{"@type":"NewsArticle","@id":"https:\/\/puntodincontro.mx\/2026\/03\/09\/david-dolcini-in-messico-per-litalian-design-day\/#article","isPartOf":{"@id":"https:\/\/puntodincontro.mx\/2026\/03\/09\/david-dolcini-in-messico-per-litalian-design-day\/"},"author":{"name":"Puntodincontro","@id":"https:\/\/puntodincontro.mx\/#\/schema\/person\/d3066d18a16259cbb0c29b0d0e93b556"},"headline":"David Dolcini in Messico per l\u2019Italian Design Day","datePublished":"2026-03-09T13:01:10+00:00","dateModified":"2026-03-09T13:34:29+00:00","mainEntityOfPage":{"@id":"https:\/\/puntodincontro.mx\/2026\/03\/09\/david-dolcini-in-messico-per-litalian-design-day\/"},"wordCount":602,"commentCount":0,"publisher":{"@id":"https:\/\/puntodincontro.mx\/#organization"},"image":{"@id":"https:\/\/puntodincontro.mx\/2026\/03\/09\/david-dolcini-in-messico-per-litalian-design-day\/#primaryimage"},"thumbnailUrl":"https:\/\/puntodincontro.mx\/wp-content\/uploads\/2026\/03\/daviddolcinipuntovert.webp","articleSection":["Italia nel mondo"],"inLanguage":"es","potentialAction":[{"@type":"CommentAction","name":"Comment","target":["https:\/\/puntodincontro.mx\/2026\/03\/09\/david-dolcini-in-messico-per-litalian-design-day\/#respond"]}]},{"@type":"WebPage","@id":"https:\/\/puntodincontro.mx\/2026\/03\/09\/david-dolcini-in-messico-per-litalian-design-day\/","url":"https:\/\/puntodincontro.mx\/2026\/03\/09\/david-dolcini-in-messico-per-litalian-design-day\/","name":"David Dolcini en M\u00e9xico por el Italian Design Day","isPartOf":{"@id":"https:\/\/puntodincontro.mx\/#website"},"primaryImageOfPage":{"@id":"https:\/\/puntodincontro.mx\/2026\/03\/09\/david-dolcini-in-messico-per-litalian-design-day\/#primaryimage"},"image":{"@id":"https:\/\/puntodincontro.mx\/2026\/03\/09\/david-dolcini-in-messico-per-litalian-design-day\/#primaryimage"},"thumbnailUrl":"https:\/\/puntodincontro.mx\/wp-content\/uploads\/2026\/03\/daviddolcinipuntovert.webp","datePublished":"2026-03-09T13:01:10+00:00","dateModified":"2026-03-09T13:34:29+00:00","description":"La Embajada de Italia y el Instituto Italiano de Cultura en la Ciudad de M\u00e9xico celebran la d\u00e9cima edici\u00f3n del Italian Design Day.","breadcrumb":{"@id":"https:\/\/puntodincontro.mx\/2026\/03\/09\/david-dolcini-in-messico-per-litalian-design-day\/#breadcrumb"},"inLanguage":"es","potentialAction":[{"@type":"ReadAction","target":["https:\/\/puntodincontro.mx\/2026\/03\/09\/david-dolcini-in-messico-per-litalian-design-day\/"]}]},{"@type":"ImageObject","inLanguage":"es","@id":"https:\/\/puntodincontro.mx\/2026\/03\/09\/david-dolcini-in-messico-per-litalian-design-day\/#primaryimage","url":"https:\/\/puntodincontro.mx\/wp-content\/uploads\/2026\/03\/daviddolcinipuntovert.webp","contentUrl":"https:\/\/puntodincontro.mx\/wp-content\/uploads\/2026\/03\/daviddolcinipuntovert.webp","width":423,"height":488,"caption":"David Dolcini in Messico per l\u2019Italian Design Day \/ Immagini: iicmessico.esteri.it"},{"@type":"BreadcrumbList","@id":"https:\/\/puntodincontro.mx\/2026\/03\/09\/david-dolcini-in-messico-per-litalian-design-day\/#breadcrumb","itemListElement":[{"@type":"ListItem","position":1,"name":"Home","item":"https:\/\/puntodincontro.mx\/"},{"@type":"ListItem","position":2,"name":"David Dolcini in Messico per l\u2019Italian Design Day"}]},{"@type":"WebSite","@id":"https:\/\/puntodincontro.mx\/#website","url":"https:\/\/puntodincontro.mx\/","name":"Puntodincontro","description":"Desde el 2006 noticias sobre las relaciones entre Italia y M\u00e9xico \/ Dal 2006 notizie sui rapporti Italia-Messico","publisher":{"@id":"https:\/\/puntodincontro.mx\/#organization"},"potentialAction":[{"@type":"SearchAction","target":{"@type":"EntryPoint","urlTemplate":"https:\/\/puntodincontro.mx\/?s={search_term_string}"},"query-input":{"@type":"PropertyValueSpecification","valueRequired":true,"valueName":"search_term_string"}}],"inLanguage":"es"},{"@type":"Organization","@id":"https:\/\/puntodincontro.mx\/#organization","name":"Puntodincontro","url":"https:\/\/puntodincontro.mx\/","logo":{"@type":"ImageObject","inLanguage":"es","@id":"https:\/\/puntodincontro.mx\/#\/schema\/logo\/image\/","url":"https:\/\/puntodincontro.mx\/wp-content\/uploads\/2021\/08\/Default-image-for-open-graph-settings.jpg","contentUrl":"https:\/\/puntodincontro.mx\/wp-content\/uploads\/2021\/08\/Default-image-for-open-graph-settings.jpg","width":1200,"height":630,"caption":"Puntodincontro"},"image":{"@id":"https:\/\/puntodincontro.mx\/#\/schema\/logo\/image\/"},"sameAs":["https:\/\/www.facebook.com\/puntodincontro.mx","https:\/\/x.com\/puntodincontro","https:\/\/www.instagram.com\/puntodincontro.mx\/","https:\/\/www.linkedin.com\/company\/puntodincontro\/","https:\/\/www.youtube.com\/c\/puntodincontromessico","https:\/\/www.patreon.com\/puntodincontro","https:\/\/www.threads.net\/@puntodincontro.mx"]},{"@type":"Person","@id":"https:\/\/puntodincontro.mx\/#\/schema\/person\/d3066d18a16259cbb0c29b0d0e93b556","name":"Puntodincontro","image":{"@type":"ImageObject","inLanguage":"es","@id":"https:\/\/puntodincontro.mx\/#\/schema\/person\/image\/","url":"https:\/\/secure.gravatar.com\/avatar\/0e85b4b3b5e9d6bfcec6a4956d8cc63a?s=96&d=mm&r=g","contentUrl":"https:\/\/secure.gravatar.com\/avatar\/0e85b4b3b5e9d6bfcec6a4956d8cc63a?s=96&d=mm&r=g","caption":"Puntodincontro"},"url":"https:\/\/puntodincontro.mx\/es\/author\/puntodincontro\/"}]}},"_links":{"self":[{"href":"https:\/\/puntodincontro.mx\/es\/wp-json\/wp\/v2\/posts\/25366"}],"collection":[{"href":"https:\/\/puntodincontro.mx\/es\/wp-json\/wp\/v2\/posts"}],"about":[{"href":"https:\/\/puntodincontro.mx\/es\/wp-json\/wp\/v2\/types\/post"}],"author":[{"embeddable":true,"href":"https:\/\/puntodincontro.mx\/es\/wp-json\/wp\/v2\/users\/2"}],"replies":[{"embeddable":true,"href":"https:\/\/puntodincontro.mx\/es\/wp-json\/wp\/v2\/comments?post=25366"}],"version-history":[{"count":5,"href":"https:\/\/puntodincontro.mx\/es\/wp-json\/wp\/v2\/posts\/25366\/revisions"}],"predecessor-version":[{"id":25374,"href":"https:\/\/puntodincontro.mx\/es\/wp-json\/wp\/v2\/posts\/25366\/revisions\/25374"}],"wp:featuredmedia":[{"embeddable":true,"href":"https:\/\/puntodincontro.mx\/es\/wp-json\/wp\/v2\/media\/25370"}],"wp:attachment":[{"href":"https:\/\/puntodincontro.mx\/es\/wp-json\/wp\/v2\/media?parent=25366"}],"wp:term":[{"taxonomy":"category","embeddable":true,"href":"https:\/\/puntodincontro.mx\/es\/wp-json\/wp\/v2\/categories?post=25366"},{"taxonomy":"post_tag","embeddable":true,"href":"https:\/\/puntodincontro.mx\/es\/wp-json\/wp\/v2\/tags?post=25366"}],"curies":[{"name":"wp","href":"https:\/\/api.w.org\/{rel}","templated":true}]}}