{"id":25431,"date":"2026-03-12T16:48:53","date_gmt":"2026-03-12T22:48:53","guid":{"rendered":"https:\/\/puntodincontro.mx\/?p=25431"},"modified":"2026-03-12T16:48:54","modified_gmt":"2026-03-12T22:48:54","slug":"italian-design-day-en-mexico-el-embajador-modiano-enaltece-la-creatividad","status":"publish","type":"post","link":"https:\/\/puntodincontro.mx\/es\/2026\/03\/12\/italian-design-day-in-messico-lambasciatore-modiano-esalta-la-creativita\/","title":{"rendered":"Italian Design Day en M\u00e9xico: el embajador Modiano enaltece la creatividad"},"content":{"rendered":"<p><strong>Ore 16.26<\/strong> &#8211; L&#8217;Istituto Italiano di Cultura di Citt\u00e0 del Messico ha ospitato la decima edizione dell&#8217;Italian Design Day, la rassegna internazionale dedicata al disegno italiano.<\/p>\n\n\n\n<p>L&#8217;evento, promosso dal Ministero degli Affari esteri e della Cooperazione internazionale assieme al dicastero della Cultura, ha offerto un importante spazio di riflessione artistica e architettonica.<\/p>\n\n\n\n<p>El embajador de Italia en M\u00e9xico, Alessandro Modiano, inaugur\u00f3 la velada destacando el valor cultural y de promoci\u00f3n econ\u00f3mica de la iniciativa. Resalt\u00f3 el tema central de este a\u00f1o: la regeneraci\u00f3n de espacios, objetos, ideas y relaciones como una estrategia fundamental para preservar la sostenibilidad cultural. Al respecto, Modiano se\u00f1al\u00f3 que la est\u00e9tica debe ir de la mano con la ecolog\u00eda: \u00abNo es solo un tema ligado al dise\u00f1o industrial y a la belleza, sino que tambi\u00e9n tiene que ver con la sustentabilidad\u00bb. El jefe de misi\u00f3n a\u00f1adi\u00f3 una reflexi\u00f3n sobre nuestras ra\u00edces, afirmando que \u00abItalia ha construido su identidad cultural precisamente sobre la capacidad de reinterpretar su herencia hist\u00f3rica, transform\u00e1ndola en un motor de contemporaneidad\u00bb.<\/p>\n\n\n\n<p>El protagonista absoluto de esta edici\u00f3n mexicana fue el reconocido dise\u00f1ador David Dolcini, nombrado embajador excepcional del evento. Dolcini present\u00f3 una exposici\u00f3n dedicada a la relaci\u00f3n intr\u00ednseca entre la creaci\u00f3n de objetos y el paso del tiempo, exhibiendo sus obras en el claustro y la biblioteca, junto con una instalaci\u00f3n de objetos de dise\u00f1o italiano curada por el arquitecto Francisco El\u00edas.<\/p>\n\n\n\n<p>Al concluir su discurso, el embajador Modiano elogi\u00f3 a la naci\u00f3n anfitriona, definiendo a M\u00e9xico como un pa\u00eds donde el inter\u00e9s por la cultura, el patrimonio artesanal y la imaginaci\u00f3n est\u00e1 sumamente vivo y arraigado. Por ello, el pa\u00eds representa el escenario ideal para recibir, comprender y valorar al m\u00e1ximo la creatividad italiana.<\/p>\n\n\n\n<p class=\"has-small-font-size\">Foto: Puntodincontro<\/p>\n\n\n\n<div style=\"height:12px\" aria-hidden=\"true\" class=\"wp-block-spacer\"><\/div>\n\n\n<!-- Ad space powered by WP AdCenter v2.5.7 - https:\/\/wpadcenter.com\/ --><div class=\"wpadcenter-adgroup\" ><div class=\"wpadcenter-adgroup__row wpadcenter-aligncenter\"><div class=\"wpadcenter-ad-container\" ><div id=\"wpadcenter-ad-18464\" class=\"ad-placement\"><div class=\"wpadcenter-ad-inner\" ><a id=\"wpadcenter_ad\" data-value=\"18464\" data-placement=\"\" href=\"https:\/\/www.productosremo.com\/\" target=\"_blank\" class=\"wpadcenter-ad-inner__item\" ><img decoding=\"async\"   src=\"https:\/\/puntodincontro.mx\/wp-content\/uploads\/2021\/08\/remobanner.jpg\" class=\"attachment-post-thumbnail size-post-thumbnail wp-post-image\" alt=\"\" srcset=\"https:\/\/puntodincontro.mx\/wp-content\/uploads\/2021\/08\/remobanner.jpg 200w, https:\/\/puntodincontro.mx\/wp-content\/uploads\/2021\/08\/remobanner-16x5.jpg 16w\" sizes=\"(max-width: 200px) 100vw, 200px\" \/><\/a><\/div><\/div><\/div><div class=\"wpadcenter-ad-container\" ><div id=\"wpadcenter-ad-5305\" class=\"ad-placement\"><div class=\"wpadcenter-ad-inner\" ><a id=\"wpadcenter_ad\" data-value=\"5305\" data-placement=\"\" href=\"https:\/\/faitalia.com.mx\/\" target=\"_blank\" class=\"wpadcenter-ad-inner__item\" ><img decoding=\"async\"   src=\"https:\/\/puntodincontro.mx\/wp-content\/uploads\/2022\/05\/gruppodino.jpg\" class=\"attachment-post-thumbnail size-post-thumbnail wp-post-image\" alt=\"\" srcset=\"https:\/\/puntodincontro.mx\/wp-content\/uploads\/2022\/05\/gruppodino.jpg 200w, https:\/\/puntodincontro.mx\/wp-content\/uploads\/2022\/05\/gruppodino-18x5.jpg 18w\" sizes=\"(max-width: 200px) 100vw, 200px\" \/><\/a><\/div><\/div><\/div><div class=\"wpadcenter-ad-container\" ><div id=\"wpadcenter-ad-3781\" class=\"ad-placement\"><div class=\"wpadcenter-ad-inner\" ><a id=\"wpadcenter_ad\" data-value=\"3781\" data-placement=\"\" href=\"https:\/\/cannizzo.com.mx\/\" target=\"_blank\" class=\"wpadcenter-ad-inner__item\" ><img decoding=\"async\"   src=\"https:\/\/puntodincontro.mx\/wp-content\/uploads\/2022\/03\/cannizzo2.jpg\" class=\"attachment-post-thumbnail size-post-thumbnail wp-post-image\" alt=\"\" srcset=\"https:\/\/puntodincontro.mx\/wp-content\/uploads\/2022\/03\/cannizzo2.jpg 200w, https:\/\/puntodincontro.mx\/wp-content\/uploads\/2022\/03\/cannizzo2-18x5.jpg 18w\" sizes=\"(max-width: 200px) 100vw, 200px\" \/><\/a><\/div><\/div><\/div><\/div><div class=\"wpadcenter-adgroup__row wpadcenter-aligncenter\"><div class=\"wpadcenter-ad-container\" ><div id=\"wpadcenter-ad-1704\" class=\"ad-placement\"><div class=\"wpadcenter-ad-inner\" ><a id=\"wpadcenter_ad\" data-value=\"1704\" data-placement=\"\" href=\"https:\/\/puntodincontro.mx\/es\/2021\/12\/24\/inps-verificacion-de-supervivencia-de-los-pensionados-en-el-extranjero\/\" target=\"_blank\" class=\"wpadcenter-ad-inner__item\" ><img decoding=\"async\"   src=\"https:\/\/puntodincontro.mx\/wp-content\/uploads\/2021\/11\/logo-ital.jpg\" class=\"attachment-post-thumbnail size-post-thumbnail wp-post-image\" alt=\"Patronato ITAL Messico\" srcset=\"https:\/\/puntodincontro.mx\/wp-content\/uploads\/2021\/11\/logo-ital.jpg 200w, https:\/\/puntodincontro.mx\/wp-content\/uploads\/2021\/11\/logo-ital-16x5.jpg 16w\" sizes=\"(max-width: 200px) 100vw, 200px\" \/><\/a><\/div><\/div><\/div><div class=\"wpadcenter-ad-container\" ><div id=\"wpadcenter-ad-1538\" class=\"ad-placement\"><div class=\"wpadcenter-ad-inner\" ><a id=\"wpadcenter_ad\" data-value=\"1538\" data-placement=\"\" href=\"https:\/\/asociacionitaliana.org\/\" target=\"_blank\" class=\"wpadcenter-ad-inner__item\" ><img decoding=\"async\"   src=\"https:\/\/puntodincontro.mx\/wp-content\/uploads\/2021\/11\/aialogo.jpg\" class=\"attachment-post-thumbnail size-post-thumbnail wp-post-image\" alt=\"Associazione Italiana di Assistenza IAP\" srcset=\"https:\/\/puntodincontro.mx\/wp-content\/uploads\/2021\/11\/aialogo.jpg 200w, https:\/\/puntodincontro.mx\/wp-content\/uploads\/2021\/11\/aialogo-18x5.jpg 18w\" sizes=\"(max-width: 200px) 100vw, 200px\" \/><\/a><\/div><\/div><\/div><div class=\"wpadcenter-ad-container\" ><div id=\"wpadcenter-ad-1513\" class=\"ad-placement\"><div class=\"wpadcenter-ad-inner\" ><a id=\"wpadcenter_ad\" data-value=\"1513\" data-placement=\"\" href=\"https:\/\/gcinmuebles.mx\" target=\"_blank\" class=\"wpadcenter-ad-inner__item\" ><img decoding=\"async\"   src=\"https:\/\/puntodincontro.mx\/wp-content\/uploads\/2021\/10\/gcinmuebleslogopunto-1.jpg\" class=\"attachment-post-thumbnail size-post-thumbnail wp-post-image\" alt=\"\" srcset=\"https:\/\/puntodincontro.mx\/wp-content\/uploads\/2021\/10\/gcinmuebleslogopunto-1.jpg 200w, https:\/\/puntodincontro.mx\/wp-content\/uploads\/2021\/10\/gcinmuebleslogopunto-1-18x5.jpg 18w\" sizes=\"(max-width: 200px) 100vw, 200px\" \/><\/a><\/div><\/div><\/div><\/div><div class=\"wpadcenter-adgroup__row wpadcenter-aligncenter\"><div class=\"wpadcenter-ad-container\" ><div id=\"wpadcenter-ad-1374\" class=\"ad-placement\"><div class=\"wpadcenter-ad-inner\" ><a id=\"wpadcenter_ad\" data-value=\"1374\" data-placement=\"\" href=\"https:\/\/www.9colonne.it\/\" target=\"_blank\" class=\"wpadcenter-ad-inner__item\" ><img decoding=\"async\"   src=\"https:\/\/puntodincontro.mx\/wp-content\/uploads\/2021\/10\/Banner9colonne.gif\" class=\"attachment-post-thumbnail size-post-thumbnail wp-post-image\" alt=\"\" \/><\/a><\/div><\/div><\/div><div class=\"wpadcenter-ad-container\" ><div id=\"wpadcenter-ad-276\" class=\"ad-placement\"><div class=\"wpadcenter-ad-inner\" ><a id=\"wpadcenter_ad\" data-value=\"276\" data-placement=\"\" href=\"http:\/\/www.camaraitaliana.mx\/\" target=\"_blank\" class=\"wpadcenter-ad-inner__item\" ><img decoding=\"async\"   src=\"https:\/\/puntodincontro.mx\/wp-content\/uploads\/2021\/08\/ccimnuovo.jpg\" class=\"attachment-post-thumbnail size-post-thumbnail wp-post-image\" alt=\"\" srcset=\"https:\/\/puntodincontro.mx\/wp-content\/uploads\/2021\/08\/ccimnuovo.jpg 200w, https:\/\/puntodincontro.mx\/wp-content\/uploads\/2021\/08\/ccimnuovo-18x5.jpg 18w\" sizes=\"(max-width: 200px) 100vw, 200px\" \/><\/a><\/div><\/div><\/div><div class=\"wpadcenter-ad-container\" ><div id=\"wpadcenter-ad-272\" class=\"ad-placement\"><div class=\"wpadcenter-ad-inner\" ><a id=\"wpadcenter_ad\" data-value=\"272\" data-placement=\"\" href=\"http:\/\/corix.us\/\" target=\"_blank\" class=\"wpadcenter-ad-inner__item\" ><img decoding=\"async\"   src=\"https:\/\/puntodincontro.mx\/wp-content\/uploads\/2021\/08\/corixbanner-1.jpg\" class=\"attachment-post-thumbnail size-post-thumbnail wp-post-image\" alt=\"\" srcset=\"https:\/\/puntodincontro.mx\/wp-content\/uploads\/2021\/08\/corixbanner-1.jpg 200w, https:\/\/puntodincontro.mx\/wp-content\/uploads\/2021\/08\/corixbanner-1-16x5.jpg 16w\" sizes=\"(max-width: 200px) 100vw, 200px\" \/><\/a><\/div><\/div><\/div><\/div><div class=\"wpadcenter-adgroup__row wpadcenter-aligncenter\"><div class=\"wpadcenter-ad-container\" ><div id=\"wpadcenter-ad-266\" class=\"ad-placement\"><div class=\"wpadcenter-ad-inner\" ><a id=\"wpadcenter_ad\" data-value=\"266\" data-placement=\"\" href=\"https:\/\/www.prinsel.com.mx\/\" target=\"_blank\" class=\"wpadcenter-ad-inner__item\" ><img decoding=\"async\"   src=\"https:\/\/puntodincontro.mx\/wp-content\/uploads\/2021\/08\/prinselbanner-1.jpg\" class=\"attachment-post-thumbnail size-post-thumbnail wp-post-image\" alt=\"\" srcset=\"https:\/\/puntodincontro.mx\/wp-content\/uploads\/2021\/08\/prinselbanner-1.jpg 200w, https:\/\/puntodincontro.mx\/wp-content\/uploads\/2021\/08\/prinselbanner-1-16x5.jpg 16w\" sizes=\"(max-width: 200px) 100vw, 200px\" \/><\/a><\/div><\/div><\/div><div class=\"wpadcenter-ad-container\" ><div id=\"wpadcenter-ad-261\" class=\"ad-placement\"><div class=\"wpadcenter-ad-inner\" ><a id=\"wpadcenter_ad\" data-value=\"261\" data-placement=\"\" href=\"https:\/\/ambcittadelmessico.esteri.it\/ambasciata_cittadelmessico\/it\/\" target=\"_blank\" class=\"wpadcenter-ad-inner__item\" ><img decoding=\"async\"   src=\"https:\/\/puntodincontro.mx\/wp-content\/uploads\/2021\/08\/ambasciatabanner-1.jpg\" class=\"attachment-post-thumbnail size-post-thumbnail wp-post-image\" alt=\"\" srcset=\"https:\/\/puntodincontro.mx\/wp-content\/uploads\/2021\/08\/ambasciatabanner-1.jpg 200w, https:\/\/puntodincontro.mx\/wp-content\/uploads\/2021\/08\/ambasciatabanner-1-16x5.jpg 16w\" sizes=\"(max-width: 200px) 100vw, 200px\" \/><\/a><\/div><\/div><\/div><\/div><\/div>\n\n\n<div style=\"height:12px\" aria-hidden=\"true\" class=\"wp-block-spacer\"><\/div>","protected":false},"excerpt":{"rendered":"<p>Ore 16.26 &#8211; L&#8217;Istituto Italiano di Cultura di Citt\u00e0 del Messico ha ospitato la decima edizione dell&#8217;Italian Design Day, la rassegna internazionale dedicata al disegno italiano. L&#8217;evento, promosso dal Ministero degli Affari esteri e della Cooperazione internazionale assieme al dicastero della Cultura, ha offerto un importante spazio di riflessione artistica e architettonica. L&#8217;ambasciatore d&#8217;Italia in Messico, Alessandro Modiano, ha aperto la serata sottolineando il valore culturale e di promozione economica dell&#8217;iniziativa e valorizzando il tema centrale di quest&#8217;anno, la rigenerazione di spazi, oggetti, idee e relazioni come strategia fondamentale per preservare la sostenibilit\u00e0 culturale. A questo proposito, Modiano ha evidenziato&#8230; <\/p>","protected":false},"author":2,"featured_media":25435,"comment_status":"open","ping_status":"open","sticky":false,"template":"","format":"standard","meta":{"_monsterinsights_skip_tracking":false,"_monsterinsights_sitenote_active":false,"_monsterinsights_sitenote_note":"","_monsterinsights_sitenote_category":0,"footnotes":""},"categories":[4],"tags":[],"class_list":["post-25431","post","type-post","status-publish","format-standard","has-post-thumbnail","hentry","category-italia-in-messico"],"yoast_head":"<!-- This site is optimized with the Yoast SEO Premium plugin v18.4 (Yoast SEO v25.6) - https:\/\/yoast.com\/wordpress\/plugins\/seo\/ -->\n<title>Italian Design Day in Messico, l&#039;Amb. Modiano esalta la creativit\u00e0<\/title>\n<meta name=\"description\" content=\"L&#039;Istituto Italiano di Cultura di Citt\u00e0 del Messico ha ospitato la decima edizione dell&#039;Italian Design Day.\" \/>\n<meta name=\"robots\" content=\"index, follow, max-snippet:-1, max-image-preview:large, max-video-preview:-1\" \/>\n<link rel=\"canonical\" href=\"https:\/\/puntodincontro.mx\/es\/2026\/03\/12\/italian-design-day-en-mexico-el-embajador-modiano-enaltece-la-creatividad\/\" \/>\n<meta property=\"og:locale\" content=\"es_MX\" \/>\n<meta property=\"og:type\" content=\"article\" \/>\n<meta property=\"og:title\" content=\"Italian Design Day in Messico, l&#039;ambasciatore Modiano esalta la creativit\u00e0\" \/>\n<meta property=\"og:description\" content=\"L&#039;Istituto Italiano di Cultura di Citt\u00e0 del Messico ha ospitato la decima edizione dell&#039;Italian Design Day.\" \/>\n<meta property=\"og:url\" content=\"https:\/\/puntodincontro.mx\/es\/2026\/03\/12\/italian-design-day-en-mexico-el-embajador-modiano-enaltece-la-creatividad\/\" \/>\n<meta property=\"og:site_name\" content=\"Puntodincontro\" \/>\n<meta property=\"article:publisher\" content=\"https:\/\/www.facebook.com\/puntodincontro.mx\" \/>\n<meta property=\"article:published_time\" content=\"2026-03-12T22:48:53+00:00\" \/>\n<meta property=\"article:modified_time\" content=\"2026-03-12T22:48:54+00:00\" \/>\n<meta property=\"og:image\" content=\"https:\/\/puntodincontro.mx\/wp-content\/uploads\/2026\/03\/modianoiddpuntocomp.jpg\" \/>\n\t<meta property=\"og:image:width\" content=\"932\" \/>\n\t<meta property=\"og:image:height\" content=\"524\" \/>\n\t<meta property=\"og:image:type\" content=\"image\/jpeg\" \/>\n<meta name=\"author\" content=\"Puntodincontro\" \/>\n<meta name=\"twitter:card\" content=\"summary_large_image\" \/>\n<meta name=\"twitter:creator\" content=\"@puntodincontro\" \/>\n<meta name=\"twitter:site\" content=\"@puntodincontro\" \/>\n<meta name=\"twitter:label1\" content=\"Escrito por\" \/>\n\t<meta name=\"twitter:data1\" content=\"Puntodincontro\" \/>\n\t<meta name=\"twitter:label2\" content=\"Tiempo de lectura\" \/>\n\t<meta name=\"twitter:data2\" content=\"1 minuto\" \/>\n<script type=\"application\/ld+json\" class=\"yoast-schema-graph\">{\"@context\":\"https:\/\/schema.org\",\"@graph\":[{\"@type\":\"NewsArticle\",\"@id\":\"https:\/\/puntodincontro.mx\/2026\/03\/12\/italian-design-day-in-messico-lambasciatore-modiano-esalta-la-creativita\/#article\",\"isPartOf\":{\"@id\":\"https:\/\/puntodincontro.mx\/2026\/03\/12\/italian-design-day-in-messico-lambasciatore-modiano-esalta-la-creativita\/\"},\"author\":{\"name\":\"Puntodincontro\",\"@id\":\"https:\/\/puntodincontro.mx\/#\/schema\/person\/d3066d18a16259cbb0c29b0d0e93b556\"},\"headline\":\"Italian Design Day in Messico, l&#8217;ambasciatore Modiano esalta la creativit\u00e0\",\"datePublished\":\"2026-03-12T22:48:53+00:00\",\"dateModified\":\"2026-03-12T22:48:54+00:00\",\"mainEntityOfPage\":{\"@id\":\"https:\/\/puntodincontro.mx\/2026\/03\/12\/italian-design-day-in-messico-lambasciatore-modiano-esalta-la-creativita\/\"},\"wordCount\":301,\"commentCount\":0,\"publisher\":{\"@id\":\"https:\/\/puntodincontro.mx\/#organization\"},\"image\":{\"@id\":\"https:\/\/puntodincontro.mx\/2026\/03\/12\/italian-design-day-in-messico-lambasciatore-modiano-esalta-la-creativita\/#primaryimage\"},\"thumbnailUrl\":\"https:\/\/puntodincontro.mx\/wp-content\/uploads\/2026\/03\/modianoiddpuntovert.webp\",\"articleSection\":[\"Italia in Messico\"],\"inLanguage\":\"es\",\"potentialAction\":[{\"@type\":\"CommentAction\",\"name\":\"Comment\",\"target\":[\"https:\/\/puntodincontro.mx\/2026\/03\/12\/italian-design-day-in-messico-lambasciatore-modiano-esalta-la-creativita\/#respond\"]}]},{\"@type\":\"WebPage\",\"@id\":\"https:\/\/puntodincontro.mx\/2026\/03\/12\/italian-design-day-in-messico-lambasciatore-modiano-esalta-la-creativita\/\",\"url\":\"https:\/\/puntodincontro.mx\/2026\/03\/12\/italian-design-day-in-messico-lambasciatore-modiano-esalta-la-creativita\/\",\"name\":\"Italian Design Day in Messico, l'Amb. Modiano esalta la creativit\u00e0\",\"isPartOf\":{\"@id\":\"https:\/\/puntodincontro.mx\/#website\"},\"primaryImageOfPage\":{\"@id\":\"https:\/\/puntodincontro.mx\/2026\/03\/12\/italian-design-day-in-messico-lambasciatore-modiano-esalta-la-creativita\/#primaryimage\"},\"image\":{\"@id\":\"https:\/\/puntodincontro.mx\/2026\/03\/12\/italian-design-day-in-messico-lambasciatore-modiano-esalta-la-creativita\/#primaryimage\"},\"thumbnailUrl\":\"https:\/\/puntodincontro.mx\/wp-content\/uploads\/2026\/03\/modianoiddpuntovert.webp\",\"datePublished\":\"2026-03-12T22:48:53+00:00\",\"dateModified\":\"2026-03-12T22:48:54+00:00\",\"description\":\"L'Istituto Italiano di Cultura di Citt\u00e0 del Messico ha ospitato la decima edizione dell'Italian Design Day.\",\"breadcrumb\":{\"@id\":\"https:\/\/puntodincontro.mx\/2026\/03\/12\/italian-design-day-in-messico-lambasciatore-modiano-esalta-la-creativita\/#breadcrumb\"},\"inLanguage\":\"es\",\"potentialAction\":[{\"@type\":\"ReadAction\",\"target\":[\"https:\/\/puntodincontro.mx\/2026\/03\/12\/italian-design-day-in-messico-lambasciatore-modiano-esalta-la-creativita\/\"]}]},{\"@type\":\"ImageObject\",\"inLanguage\":\"es\",\"@id\":\"https:\/\/puntodincontro.mx\/2026\/03\/12\/italian-design-day-in-messico-lambasciatore-modiano-esalta-la-creativita\/#primaryimage\",\"url\":\"https:\/\/puntodincontro.mx\/wp-content\/uploads\/2026\/03\/modianoiddpuntovert.webp\",\"contentUrl\":\"https:\/\/puntodincontro.mx\/wp-content\/uploads\/2026\/03\/modianoiddpuntovert.webp\",\"width\":423,\"height\":488,\"caption\":\"Italian Design Day in Messico, l'ambasciatore Modiano esalta la creativit\u00e0 \/ Foto: Puntodincontro\"},{\"@type\":\"BreadcrumbList\",\"@id\":\"https:\/\/puntodincontro.mx\/2026\/03\/12\/italian-design-day-in-messico-lambasciatore-modiano-esalta-la-creativita\/#breadcrumb\",\"itemListElement\":[{\"@type\":\"ListItem\",\"position\":1,\"name\":\"Home\",\"item\":\"https:\/\/puntodincontro.mx\/\"},{\"@type\":\"ListItem\",\"position\":2,\"name\":\"Italian Design Day in Messico, l&#8217;ambasciatore Modiano esalta la creativit\u00e0\"}]},{\"@type\":\"WebSite\",\"@id\":\"https:\/\/puntodincontro.mx\/#website\",\"url\":\"https:\/\/puntodincontro.mx\/\",\"name\":\"Puntodincontro\",\"description\":\"Dal 2006 notizie sui rapporti Italia-Messico \/ Desde 2006 noticias sobre las relaciones entre Italia y M\u00e9xico\",\"publisher\":{\"@id\":\"https:\/\/puntodincontro.mx\/#organization\"},\"potentialAction\":[{\"@type\":\"SearchAction\",\"target\":{\"@type\":\"EntryPoint\",\"urlTemplate\":\"https:\/\/puntodincontro.mx\/?s={search_term_string}\"},\"query-input\":{\"@type\":\"PropertyValueSpecification\",\"valueRequired\":true,\"valueName\":\"search_term_string\"}}],\"inLanguage\":\"es\"},{\"@type\":\"Organization\",\"@id\":\"https:\/\/puntodincontro.mx\/#organization\",\"name\":\"Puntodincontro\",\"url\":\"https:\/\/puntodincontro.mx\/\",\"logo\":{\"@type\":\"ImageObject\",\"inLanguage\":\"es\",\"@id\":\"https:\/\/puntodincontro.mx\/#\/schema\/logo\/image\/\",\"url\":\"https:\/\/puntodincontro.mx\/wp-content\/uploads\/2021\/08\/Default-image-for-open-graph-settings.jpg\",\"contentUrl\":\"https:\/\/puntodincontro.mx\/wp-content\/uploads\/2021\/08\/Default-image-for-open-graph-settings.jpg\",\"width\":1200,\"height\":630,\"caption\":\"Puntodincontro\"},\"image\":{\"@id\":\"https:\/\/puntodincontro.mx\/#\/schema\/logo\/image\/\"},\"sameAs\":[\"https:\/\/www.facebook.com\/puntodincontro.mx\",\"https:\/\/x.com\/puntodincontro\",\"https:\/\/www.instagram.com\/puntodincontro.mx\/\",\"https:\/\/www.linkedin.com\/company\/puntodincontro\/\",\"https:\/\/www.youtube.com\/c\/puntodincontromessico\",\"https:\/\/www.patreon.com\/puntodincontro\",\"https:\/\/www.threads.net\/@puntodincontro.mx\"]},{\"@type\":\"Person\",\"@id\":\"https:\/\/puntodincontro.mx\/#\/schema\/person\/d3066d18a16259cbb0c29b0d0e93b556\",\"name\":\"Puntodincontro\",\"image\":{\"@type\":\"ImageObject\",\"inLanguage\":\"es\",\"@id\":\"https:\/\/puntodincontro.mx\/#\/schema\/person\/image\/\",\"url\":\"https:\/\/secure.gravatar.com\/avatar\/0e85b4b3b5e9d6bfcec6a4956d8cc63a?s=96&d=mm&r=g\",\"contentUrl\":\"https:\/\/secure.gravatar.com\/avatar\/0e85b4b3b5e9d6bfcec6a4956d8cc63a?s=96&d=mm&r=g\",\"caption\":\"Puntodincontro\"},\"url\":\"https:\/\/puntodincontro.mx\/es\/author\/puntodincontro\/\"}]}<\/script>\n<!-- \/ Yoast SEO Premium plugin. -->","yoast_head_json":{"title":"Italian Design Day en M\u00e9xico: el embajador Modiano enaltece la creatividad","description":"El Instituto Italiano de Cultura de la Ciudad de M\u00e9xico fue sede de la d\u00e9cima edici\u00f3n del Italian Design Day","robots":{"index":"index","follow":"follow","max-snippet":"max-snippet:-1","max-image-preview":"max-image-preview:large","max-video-preview":"max-video-preview:-1"},"canonical":"https:\/\/puntodincontro.mx\/es\/2026\/03\/12\/italian-design-day-en-mexico-el-embajador-modiano-enaltece-la-creatividad\/","og_locale":"es_MX","og_type":"article","og_title":"Italian Design Day in Messico, l'ambasciatore Modiano esalta la creativit\u00e0","og_description":"L'Istituto Italiano di Cultura di Citt\u00e0 del Messico ha ospitato la decima edizione dell'Italian Design Day.","og_url":"https:\/\/puntodincontro.mx\/es\/2026\/03\/12\/italian-design-day-en-mexico-el-embajador-modiano-enaltece-la-creatividad\/","og_site_name":"Puntodincontro","article_publisher":"https:\/\/www.facebook.com\/puntodincontro.mx","article_published_time":"2026-03-12T22:48:53+00:00","article_modified_time":"2026-03-12T22:48:54+00:00","og_image":[{"width":932,"height":524,"url":"https:\/\/puntodincontro.mx\/wp-content\/uploads\/2026\/03\/modianoiddpuntocomp.jpg","type":"image\/jpeg"}],"author":"Puntodincontro","twitter_card":"summary_large_image","twitter_creator":"@puntodincontro","twitter_site":"@puntodincontro","twitter_misc":{"Escrito por":"Puntodincontro","Tiempo de lectura":"1 minuto"},"schema":{"@context":"https:\/\/schema.org","@graph":[{"@type":"NewsArticle","@id":"https:\/\/puntodincontro.mx\/2026\/03\/12\/italian-design-day-in-messico-lambasciatore-modiano-esalta-la-creativita\/#article","isPartOf":{"@id":"https:\/\/puntodincontro.mx\/2026\/03\/12\/italian-design-day-in-messico-lambasciatore-modiano-esalta-la-creativita\/"},"author":{"name":"Puntodincontro","@id":"https:\/\/puntodincontro.mx\/#\/schema\/person\/d3066d18a16259cbb0c29b0d0e93b556"},"headline":"Italian Design Day in Messico, l&#8217;ambasciatore Modiano esalta la creativit\u00e0","datePublished":"2026-03-12T22:48:53+00:00","dateModified":"2026-03-12T22:48:54+00:00","mainEntityOfPage":{"@id":"https:\/\/puntodincontro.mx\/2026\/03\/12\/italian-design-day-in-messico-lambasciatore-modiano-esalta-la-creativita\/"},"wordCount":301,"commentCount":0,"publisher":{"@id":"https:\/\/puntodincontro.mx\/#organization"},"image":{"@id":"https:\/\/puntodincontro.mx\/2026\/03\/12\/italian-design-day-in-messico-lambasciatore-modiano-esalta-la-creativita\/#primaryimage"},"thumbnailUrl":"https:\/\/puntodincontro.mx\/wp-content\/uploads\/2026\/03\/modianoiddpuntovert.webp","articleSection":["Italia in Messico"],"inLanguage":"es","potentialAction":[{"@type":"CommentAction","name":"Comment","target":["https:\/\/puntodincontro.mx\/2026\/03\/12\/italian-design-day-in-messico-lambasciatore-modiano-esalta-la-creativita\/#respond"]}]},{"@type":"WebPage","@id":"https:\/\/puntodincontro.mx\/2026\/03\/12\/italian-design-day-in-messico-lambasciatore-modiano-esalta-la-creativita\/","url":"https:\/\/puntodincontro.mx\/2026\/03\/12\/italian-design-day-in-messico-lambasciatore-modiano-esalta-la-creativita\/","name":"Italian Design Day en M\u00e9xico: el embajador Modiano enaltece la creatividad","isPartOf":{"@id":"https:\/\/puntodincontro.mx\/#website"},"primaryImageOfPage":{"@id":"https:\/\/puntodincontro.mx\/2026\/03\/12\/italian-design-day-in-messico-lambasciatore-modiano-esalta-la-creativita\/#primaryimage"},"image":{"@id":"https:\/\/puntodincontro.mx\/2026\/03\/12\/italian-design-day-in-messico-lambasciatore-modiano-esalta-la-creativita\/#primaryimage"},"thumbnailUrl":"https:\/\/puntodincontro.mx\/wp-content\/uploads\/2026\/03\/modianoiddpuntovert.webp","datePublished":"2026-03-12T22:48:53+00:00","dateModified":"2026-03-12T22:48:54+00:00","description":"El Instituto Italiano de Cultura de la Ciudad de M\u00e9xico fue sede de la d\u00e9cima edici\u00f3n del Italian Design Day","breadcrumb":{"@id":"https:\/\/puntodincontro.mx\/2026\/03\/12\/italian-design-day-in-messico-lambasciatore-modiano-esalta-la-creativita\/#breadcrumb"},"inLanguage":"es","potentialAction":[{"@type":"ReadAction","target":["https:\/\/puntodincontro.mx\/2026\/03\/12\/italian-design-day-in-messico-lambasciatore-modiano-esalta-la-creativita\/"]}]},{"@type":"ImageObject","inLanguage":"es","@id":"https:\/\/puntodincontro.mx\/2026\/03\/12\/italian-design-day-in-messico-lambasciatore-modiano-esalta-la-creativita\/#primaryimage","url":"https:\/\/puntodincontro.mx\/wp-content\/uploads\/2026\/03\/modianoiddpuntovert.webp","contentUrl":"https:\/\/puntodincontro.mx\/wp-content\/uploads\/2026\/03\/modianoiddpuntovert.webp","width":423,"height":488,"caption":"Italian Design Day in Messico, l'ambasciatore Modiano esalta la creativit\u00e0 \/ Foto: Puntodincontro"},{"@type":"BreadcrumbList","@id":"https:\/\/puntodincontro.mx\/2026\/03\/12\/italian-design-day-in-messico-lambasciatore-modiano-esalta-la-creativita\/#breadcrumb","itemListElement":[{"@type":"ListItem","position":1,"name":"Home","item":"https:\/\/puntodincontro.mx\/"},{"@type":"ListItem","position":2,"name":"Italian Design Day in Messico, l&#8217;ambasciatore Modiano esalta la creativit\u00e0"}]},{"@type":"WebSite","@id":"https:\/\/puntodincontro.mx\/#website","url":"https:\/\/puntodincontro.mx\/","name":"Puntodincontro","description":"Desde el 2006 noticias sobre las relaciones entre Italia y M\u00e9xico \/ Dal 2006 notizie sui rapporti Italia-Messico","publisher":{"@id":"https:\/\/puntodincontro.mx\/#organization"},"potentialAction":[{"@type":"SearchAction","target":{"@type":"EntryPoint","urlTemplate":"https:\/\/puntodincontro.mx\/?s={search_term_string}"},"query-input":{"@type":"PropertyValueSpecification","valueRequired":true,"valueName":"search_term_string"}}],"inLanguage":"es"},{"@type":"Organization","@id":"https:\/\/puntodincontro.mx\/#organization","name":"Puntodincontro","url":"https:\/\/puntodincontro.mx\/","logo":{"@type":"ImageObject","inLanguage":"es","@id":"https:\/\/puntodincontro.mx\/#\/schema\/logo\/image\/","url":"https:\/\/puntodincontro.mx\/wp-content\/uploads\/2021\/08\/Default-image-for-open-graph-settings.jpg","contentUrl":"https:\/\/puntodincontro.mx\/wp-content\/uploads\/2021\/08\/Default-image-for-open-graph-settings.jpg","width":1200,"height":630,"caption":"Puntodincontro"},"image":{"@id":"https:\/\/puntodincontro.mx\/#\/schema\/logo\/image\/"},"sameAs":["https:\/\/www.facebook.com\/puntodincontro.mx","https:\/\/x.com\/puntodincontro","https:\/\/www.instagram.com\/puntodincontro.mx\/","https:\/\/www.linkedin.com\/company\/puntodincontro\/","https:\/\/www.youtube.com\/c\/puntodincontromessico","https:\/\/www.patreon.com\/puntodincontro","https:\/\/www.threads.net\/@puntodincontro.mx"]},{"@type":"Person","@id":"https:\/\/puntodincontro.mx\/#\/schema\/person\/d3066d18a16259cbb0c29b0d0e93b556","name":"Puntodincontro","image":{"@type":"ImageObject","inLanguage":"es","@id":"https:\/\/puntodincontro.mx\/#\/schema\/person\/image\/","url":"https:\/\/secure.gravatar.com\/avatar\/0e85b4b3b5e9d6bfcec6a4956d8cc63a?s=96&d=mm&r=g","contentUrl":"https:\/\/secure.gravatar.com\/avatar\/0e85b4b3b5e9d6bfcec6a4956d8cc63a?s=96&d=mm&r=g","caption":"Puntodincontro"},"url":"https:\/\/puntodincontro.mx\/es\/author\/puntodincontro\/"}]}},"_links":{"self":[{"href":"https:\/\/puntodincontro.mx\/es\/wp-json\/wp\/v2\/posts\/25431"}],"collection":[{"href":"https:\/\/puntodincontro.mx\/es\/wp-json\/wp\/v2\/posts"}],"about":[{"href":"https:\/\/puntodincontro.mx\/es\/wp-json\/wp\/v2\/types\/post"}],"author":[{"embeddable":true,"href":"https:\/\/puntodincontro.mx\/es\/wp-json\/wp\/v2\/users\/2"}],"replies":[{"embeddable":true,"href":"https:\/\/puntodincontro.mx\/es\/wp-json\/wp\/v2\/comments?post=25431"}],"version-history":[{"count":3,"href":"https:\/\/puntodincontro.mx\/es\/wp-json\/wp\/v2\/posts\/25431\/revisions"}],"predecessor-version":[{"id":25434,"href":"https:\/\/puntodincontro.mx\/es\/wp-json\/wp\/v2\/posts\/25431\/revisions\/25434"}],"wp:featuredmedia":[{"embeddable":true,"href":"https:\/\/puntodincontro.mx\/es\/wp-json\/wp\/v2\/media\/25435"}],"wp:attachment":[{"href":"https:\/\/puntodincontro.mx\/es\/wp-json\/wp\/v2\/media?parent=25431"}],"wp:term":[{"taxonomy":"category","embeddable":true,"href":"https:\/\/puntodincontro.mx\/es\/wp-json\/wp\/v2\/categories?post=25431"},{"taxonomy":"post_tag","embeddable":true,"href":"https:\/\/puntodincontro.mx\/es\/wp-json\/wp\/v2\/tags?post=25431"}],"curies":[{"name":"wp","href":"https:\/\/api.w.org\/{rel}","templated":true}]}}