{"id":25437,"date":"2026-03-13T08:12:31","date_gmt":"2026-03-13T14:12:31","guid":{"rendered":"https:\/\/puntodincontro.mx\/?p=25437"},"modified":"2026-03-13T09:07:10","modified_gmt":"2026-03-13T15:07:10","slug":"embajador-lozano-cultura-y-economia-misma-estrategia-de-futuro3","status":"publish","type":"post","link":"https:\/\/puntodincontro.mx\/es\/2026\/03\/13\/lambasciatore-lozano-cultura-ed-economia-stessa-strategia-di-futuro3\/","title":{"rendered":"Embajador Lozano: \u00abcultura y econom\u00eda, una misma estrategia de futuro\u00bb"},"content":{"rendered":"<p class=\"translation-block\"><strong>06:04 h<\/strong> - En esta entrevista exclusiva para Puntodincontro, el embajador de M\u00e9xico en Italia, Genaro Lozano, presenta su visi\u00f3n estrat\u00e9gica para fortalecer el v\u00ednculo entre ambos pa\u00edses a lo largo de 2026.<\/p>\n\n\n\n<p>Con una misi\u00f3n que comenz\u00f3 hace apenas seis meses, el jefe de la diplomacia del pa\u00eds norteamericano en Roma traza una ruta que conjuga las relaciones culturales, la cooperaci\u00f3n econ\u00f3mica y una profunda atenci\u00f3n a los connacionales residentes en la pen\u00ednsula.<\/p>\n\n\n\n<p><strong>\u00bfCu\u00e1les son los objetivos para 2026 de la Embajada de M\u00e9xico en Italia?<\/strong><\/p>\n\n\n\n<p>Para 2026 nuestra agenda es ambiciosa y se articula en torno a tres grandes ejes: cultura, econom\u00eda y cooperaci\u00f3n acad\u00e9mica. En primer lugar, queremos consolidar la presencia cultural de M\u00e9xico en Italia con la apertura del primer Instituto Cultural de M\u00e9xico en Italia, al que nombramos \u201cTina Modotti\u201d. Queremos que el Modotti sea un espacio permanente de di\u00e1logo entre nuestras sociedades, dedicado a toda la pluralidad de la cultura que ofrece una potencia cultural milenaria como es M\u00e9xico.<\/p>\n\n\n\n<p>Al mismo tiempo trabajamos para reforzar la cooperaci\u00f3n acad\u00e9mica con nuevas c\u00e1tedras para investigadoras y docentes de M\u00e9xico, as\u00ed como para estudiantes que puedan venir a realizar una doble titulaci\u00f3n en Italia. Buscamos tambi\u00e9n fortalecer los v\u00ednculos entre editoriales entre ambos pa\u00edses, especialmente en el marco de la Feria Internacional del Libro de Guadalajara, donde Italia participar\u00e1 como pa\u00eds invitado de honor en noviembre pr\u00f3ximo.<\/p>\n\n\n\n<p>Finalmente, estamos impulsando una agenda econ\u00f3mica orientada a fortalecer las cadenas productivas compartidas \u2014desde la manufactura y el dise\u00f1o hasta la agroindustria, las energ\u00edas renovables y la innovaci\u00f3n tecnol\u00f3gica\u2014 en colaboraci\u00f3n con la C\u00e1mara de Comercio de M\u00e9xico en Italia. Nuestra convicci\u00f3n es clara: cultura y econom\u00eda no son \u00e1mbitos separados, sino partes de una misma estrategia de futuro para una relaci\u00f3n que considero amorosa, culturalmente poderosa y econ\u00f3micamente estrat\u00e9gica.<\/p>\n\n\n\n<p><strong>El comercio entre Italia y M\u00e9xico no ha registrado crecimiento durante 2025 con respecto al a\u00f1o anterior. \u00bfA qu\u00e9 atribuye esta situaci\u00f3n? <\/strong><\/p>\n\n\n\n<p id=\"p-rc_2de40f0d0b4bcf0f-96\">El comercio bilateral entre M\u00e9xico e Italia supera actualmente los 10 mil millones de d\u00f3lares, lo cual refleja la solidez estructural de nuestra relaci\u00f3n econ\u00f3mica. Realmente los \u00faltimos datos registrados del 2025 mostraron una mejor\u00eda con respecto al 2024. Sin embargo, este 2026 s\u00ed estamos notando un arranque poco vigoroso, esto debido a los acontecimientos globales: la desaceleraci\u00f3n de algunas econom\u00edas europeas, las tensiones en las cadenas de suministro internacionales y el contexto geopol\u00edtico que ha afectado al comercio mundial.<\/p>\n\n\n\n<p id=\"p-rc_2de40f0d0b4bcf0f-97\">Es importante precisar que Italia es el tercer socio comercial europeo de M\u00e9xico y M\u00e9xico es el segundo socio comercial italiano en Am\u00e9rica, despu\u00e9s de Estados Unidos. Adem\u00e1s, M\u00e9xico es el principal mercado de referencia para Italia en Am\u00e9rica Latina, lo que subraya la relevancia estrat\u00e9gica de esta relaci\u00f3n. Tenemos todo para consolidar esta relaci\u00f3n mutuamente provechosa y estrat\u00e9gica.<\/p>\n\n\n\n<p>Existe un enorme potencial de expansi\u00f3n, particularmente en sectores como la industria automotriz, el sector aeroespacial, las energ\u00edas renovables, la innovaci\u00f3n tecnol\u00f3gica y tambi\u00e9n la econom\u00eda creativa. Estamos convencidos de que el comercio bilateral retomar\u00e1 una senda de crecimiento sostenido en los pr\u00f3ximos a\u00f1os, especialmente a ra\u00edz de la modernizaci\u00f3n del Acuerdo Global M\u00e9xico-Uni\u00f3n Europea.<\/p>\n\n\n\n<p class=\"translation-block\"><strong>\u00bfExisten planes para que empresas italianas inviertan en M\u00e9xico como parte del <em>Plan M\u00e9xico<\/em> anunciado por la presidente Claudia Sheinbaum? En concreto, \u00bfcu\u00e1l es la situaci\u00f3n del proyecto de Fincantieri para el puerto de Progreso?<\/strong><\/p>\n\n\n\n<p class=\"translation-block\">Italia es uno de los socios industriales m\u00e1s importantes de M\u00e9xico en Europa y muchas empresas italianas han construido en nuestro pa\u00eds una presencia s\u00f3lida y de largo plazo. En el contexto del Plan M\u00e9xico, impulsado por la presidenta Claudia Sheinbaum, existe un gran inter\u00e9s por parte del sector empresarial italiano en ampliar su participaci\u00f3n en sectores estrat\u00e9gicos como la infraestructura, la energ\u00eda, la manufactura avanzada y la econom\u00eda verde.<\/p>\n\n\n\n<p>En cuanto al proyecto de Fincantieri, vinculado con el puerto de Progreso, en el estado de Yucat\u00e1n, las conversaciones contin\u00faan avanzando en el marco de un di\u00e1logo t\u00e9cnico entre autoridades mexicanas y la empresa italiana. Se trata de un proyecto de gran relevancia para el desarrollo log\u00edstico y mar\u00edtimo del sureste mexicano, por lo que ambas partes est\u00e1n trabajando para encontrar las mejores condiciones y las etapas de su implementaci\u00f3n. Nuestra prioridad es que estas inversiones contribuyan al desarrollo regional, a la generaci\u00f3n de empleo, a la prosperidad compartida y al fortalecimiento de las cadenas industriales entre M\u00e9xico e Italia.<\/p>\n\n\n\n<p><strong><strong>\u00bfCu\u00e1ntos mexicanos viven actualmente en Italia, en qu\u00e9 zonas del pa\u00eds y cu\u00e1les son sus actividades principales? \u00bfHa crecido el n\u00famero de mexicanos en Italia?<\/strong><\/strong><\/p>\n\n\n\n<p>Actualmente residen en Italia m\u00e1s de 7 mil personas de M\u00e9xico. Es una comunidad relativamente peque\u00f1a, pero muy din\u00e1mica y altamente integrada en la sociedad italiana.<\/p>\n\n\n\n<p>Una caracter\u00edstica muy particular es que casi en su totalidad, la comunidad mexicana en Italia est\u00e1 compuesta por mujeres que llegaron por v\u00ednculos familiares o afectivos; por eso siempre enfatizo, con afecto, que la relaci\u00f3n entre M\u00e9xico e Italia se cimenta en el amor, en las historias de esas familias italo mexicanas que se formaron por una verdadera \u201cmigraci\u00f3n del amor\u201d.<\/p>\n\n\n\n<div style=\"height:12px\" aria-hidden=\"true\" class=\"wp-block-spacer\"><\/div>\n\n\n<div class=\"wp-block-image\">\n<figure class=\"aligncenter size-full\"><img loading=\"lazy\" decoding=\"async\" width=\"850\" height=\"445\" src=\"https:\/\/puntodincontro.mx\/wp-content\/uploads\/2026\/03\/fotocomunitamessicana.webp\" alt=\"\" class=\"wp-image-25461\" srcset=\"https:\/\/puntodincontro.mx\/wp-content\/uploads\/2026\/03\/fotocomunitamessicana.webp 850w, https:\/\/puntodincontro.mx\/wp-content\/uploads\/2026\/03\/fotocomunitamessicana-300x157.webp 300w, https:\/\/puntodincontro.mx\/wp-content\/uploads\/2026\/03\/fotocomunitamessicana-768x402.webp 768w, https:\/\/puntodincontro.mx\/wp-content\/uploads\/2026\/03\/fotocomunitamessicana-18x9.webp 18w\" sizes=\"(max-width: 850px) 100vw, 850px\" \/><\/figure><\/div>\n\n\n<div style=\"height:18px\" aria-hidden=\"true\" class=\"wp-block-spacer\"><\/div>\n\n\n\n<p>La comunidad se concentra principalmente en grandes ciudades como Roma, Mil\u00e1n, Florencia, Napoles y tambi\u00e9n en algunas regiones del norte y del centro del pa\u00eds. Sus actividades son muy diversas: desde el \u00e1mbito acad\u00e9mico y la investigaci\u00f3n universitaria hasta el emprendimiento, la restauraci\u00f3n, el comercio internacional, la promoci\u00f3n cultural y el trabajo en casa.<\/p>\n\n\n\n<p>Sin embargo, hay una tendencia que se est\u00e1 desarrollando actualmente y es que en los \u00faltimos a\u00f1os el n\u00famero de mexicanos en Italia ha mostrado un crecimiento gradual, especialmente entre estudiantes, investigadores y profesionales vinculados a sectores creativos y culturales.<\/p>\n\n\n\n<p>Mi misi\u00f3n en Italia empez\u00f3 hace apenas seis meses y en este corto tiempo he viajado por todo el pa\u00eds para reunirme con la comunidad mexicana. He sostenido 14 caf\u00e9s con las comunidades en Roma, Palermo, N\u00e1poles, Florencia, Trieste, Udine, Pordinone, G\u00e9nova, Rimini, Brescia, Mil\u00e1n, Florencia. En los pr\u00f3ximos meses tengo planeado regresar a Florencia y a N\u00e1poles, para realizar consulados m\u00f3viles, as\u00ed como ir a encontrar a las comunidades mexicanas en Bergamo, Bari, Ancona, Padova, entre otros. Tambi\u00e9n he ido a San Marino y acudir\u00e9 a Malta y a Albania, tres pa\u00edses en los que tambi\u00e9n represento a M\u00e9xico y en donde queremos acercarnos a la comunidad mexicana y aumentar la presencia de M\u00e9xico y los intereses del pa\u00eds.<\/p>\n\n\n\n<p>Lo primero que hice al llegar fue abrir la Embajada a la comunidad mexicana, realizar un diagn\u00f3stico de sus necesidades. Nuestra pol\u00edtica exterior es humanista, cercana a la gente y esto es una prioridad, algo que al parecer le cuesta trabajo entender a algunas personas. Esto es una transformaci\u00f3n real que encabeza la Presidenta Claudia Sheinbaum y que ejecuta el Canciller De la Fuente a trav\u00e9s de las Representaciones de M\u00e9xico en el Exterior. Siempre que me encuentro con la comunidad les menciono que la Presidenta les manda un abrazo y que estamos para atender sus necesidades.<\/p>\n\n\n\n<p><strong>\u00bfCu\u00e1ntos consulados honorarios existen de M\u00e9xico en Italia? \u00bfHay planes para aumentar su n\u00famero?<\/strong><\/p>\n\n\n\n<p>Actualmente M\u00e9xico cuenta con 11 consulados honorarios en Italia, que trabajan en coordinaci\u00f3n con la Embajada en Roma para ofrecer asistencia a la comunidad mexicana y promover las relaciones econ\u00f3micas, culturales y acad\u00e9micas entre nuestros dos pa\u00edses. Acabamos de reabrir el de Florencia y de inaugurar el de G\u00e9nova. Pronto inauguraremos el primero en Albania tambi\u00e9n.<\/p>\n\n\n\n<p>Estos consulados honorarios desempe\u00f1an un papel muy importante porque permiten mantener una presencia institucional cercana en distintas regiones del pa\u00eds y apoyar tanto a los ciudadanos mexicanos como a las empresas e instituciones italianas interesadas en M\u00e9xico.<\/p>\n\n\n\n<p>Por el momento, nuestra prioridad es consolidar y fortalecer la red existente, ampliando sus actividades de promoci\u00f3n cultural, econ\u00f3mica y tur\u00edstica. Naturalmente, seguimos evaluando la evoluci\u00f3n de la presencia mexicana en Italia y las oportunidades de cooperaci\u00f3n bilateral, por lo que en el futuro no se descarta la posibilidad de ampliar esta red si las necesidades lo justifican y encontramos perfiles ideales con amor profundo por M\u00e9xico y un enorme sentido de servicio a la gente.<\/p>\n\n\n\n<div style=\"height:12px\" aria-hidden=\"true\" class=\"wp-block-spacer\"><\/div>\n\n\n<div class=\"wp-block-image\">\n<figure class=\"aligncenter size-full\"><img loading=\"lazy\" decoding=\"async\" width=\"850\" height=\"445\" src=\"https:\/\/puntodincontro.mx\/wp-content\/uploads\/2026\/03\/fotocomunitamessicana2.webp\" alt=\"\" class=\"wp-image-25465\" srcset=\"https:\/\/puntodincontro.mx\/wp-content\/uploads\/2026\/03\/fotocomunitamessicana2.webp 850w, https:\/\/puntodincontro.mx\/wp-content\/uploads\/2026\/03\/fotocomunitamessicana2-300x157.webp 300w, https:\/\/puntodincontro.mx\/wp-content\/uploads\/2026\/03\/fotocomunitamessicana2-768x402.webp 768w, https:\/\/puntodincontro.mx\/wp-content\/uploads\/2026\/03\/fotocomunitamessicana2-18x9.webp 18w\" sizes=\"(max-width: 850px) 100vw, 850px\" \/><\/figure><\/div>\n\n\n<div style=\"height:6px\" aria-hidden=\"true\" class=\"wp-block-spacer\"><\/div>\n\n\n\n<p class=\"has-text-align-center has-small-font-size\">Foto: Embajada de M\u00e9xico en Italia<\/p>\n\n\n\n<div style=\"height:12px\" aria-hidden=\"true\" class=\"wp-block-spacer\"><\/div>\n\n\n<!-- Ad space powered by WP AdCenter v2.5.7 - https:\/\/wpadcenter.com\/ --><div class=\"wpadcenter-adgroup\" ><div class=\"wpadcenter-adgroup__row wpadcenter-aligncenter\"><div class=\"wpadcenter-ad-container\" ><div id=\"wpadcenter-ad-18464\" class=\"ad-placement\"><div class=\"wpadcenter-ad-inner\" ><a id=\"wpadcenter_ad\" data-value=\"18464\" data-placement=\"\" href=\"https:\/\/www.productosremo.com\/\" target=\"_blank\" class=\"wpadcenter-ad-inner__item\" ><img decoding=\"async\"   src=\"https:\/\/puntodincontro.mx\/wp-content\/uploads\/2021\/08\/remobanner.jpg\" class=\"attachment-post-thumbnail size-post-thumbnail wp-post-image\" alt=\"\" srcset=\"https:\/\/puntodincontro.mx\/wp-content\/uploads\/2021\/08\/remobanner.jpg 200w, https:\/\/puntodincontro.mx\/wp-content\/uploads\/2021\/08\/remobanner-16x5.jpg 16w\" sizes=\"(max-width: 200px) 100vw, 200px\" \/><\/a><\/div><\/div><\/div><div class=\"wpadcenter-ad-container\" ><div id=\"wpadcenter-ad-5305\" class=\"ad-placement\"><div class=\"wpadcenter-ad-inner\" ><a id=\"wpadcenter_ad\" data-value=\"5305\" data-placement=\"\" href=\"https:\/\/ambcittadelmessico.esteri.it\/ambasciata_cittadelmessico\/it\/\" target=\"_blank\" class=\"wpadcenter-ad-inner__item\" ><img decoding=\"async\"   src=\"https:\/\/puntodincontro.mx\/wp-content\/uploads\/2022\/05\/Ambasciata.jpg\" class=\"attachment-post-thumbnail size-post-thumbnail wp-post-image\" alt=\"\" srcset=\"https:\/\/puntodincontro.mx\/wp-content\/uploads\/2022\/05\/Ambasciata.jpg 200w, https:\/\/puntodincontro.mx\/wp-content\/uploads\/2022\/05\/Ambasciata-18x5.jpg 18w\" sizes=\"(max-width: 200px) 100vw, 200px\" \/><\/a><\/div><\/div><\/div><div class=\"wpadcenter-ad-container\" ><div id=\"wpadcenter-ad-3781\" class=\"ad-placement\"><div class=\"wpadcenter-ad-inner\" ><a id=\"wpadcenter_ad\" data-value=\"3781\" data-placement=\"\" href=\"https:\/\/cannizzo.com.mx\/\" target=\"_blank\" class=\"wpadcenter-ad-inner__item\" ><img decoding=\"async\"   src=\"https:\/\/puntodincontro.mx\/wp-content\/uploads\/2022\/03\/cannizzo2.jpg\" class=\"attachment-post-thumbnail size-post-thumbnail wp-post-image\" alt=\"\" srcset=\"https:\/\/puntodincontro.mx\/wp-content\/uploads\/2022\/03\/cannizzo2.jpg 200w, https:\/\/puntodincontro.mx\/wp-content\/uploads\/2022\/03\/cannizzo2-18x5.jpg 18w\" sizes=\"(max-width: 200px) 100vw, 200px\" \/><\/a><\/div><\/div><\/div><\/div><div class=\"wpadcenter-adgroup__row wpadcenter-aligncenter\"><div class=\"wpadcenter-ad-container\" ><div id=\"wpadcenter-ad-1704\" class=\"ad-placement\"><div class=\"wpadcenter-ad-inner\" ><a id=\"wpadcenter_ad\" data-value=\"1704\" data-placement=\"\" href=\"https:\/\/puntodincontro.mx\/es\/2021\/12\/24\/inps-verificacion-de-supervivencia-de-los-pensionados-en-el-extranjero\/\" target=\"_blank\" class=\"wpadcenter-ad-inner__item\" ><img decoding=\"async\"   src=\"https:\/\/puntodincontro.mx\/wp-content\/uploads\/2021\/11\/logo-ital.jpg\" class=\"attachment-post-thumbnail size-post-thumbnail wp-post-image\" alt=\"Patronato ITAL Messico\" srcset=\"https:\/\/puntodincontro.mx\/wp-content\/uploads\/2021\/11\/logo-ital.jpg 200w, https:\/\/puntodincontro.mx\/wp-content\/uploads\/2021\/11\/logo-ital-16x5.jpg 16w\" sizes=\"(max-width: 200px) 100vw, 200px\" \/><\/a><\/div><\/div><\/div><div class=\"wpadcenter-ad-container\" ><div id=\"wpadcenter-ad-1538\" class=\"ad-placement\"><div class=\"wpadcenter-ad-inner\" ><a id=\"wpadcenter_ad\" data-value=\"1538\" data-placement=\"\" href=\"https:\/\/asociacionitaliana.org\/\" target=\"_blank\" class=\"wpadcenter-ad-inner__item\" ><img decoding=\"async\"   src=\"https:\/\/puntodincontro.mx\/wp-content\/uploads\/2021\/11\/aialogo.jpg\" class=\"attachment-post-thumbnail size-post-thumbnail wp-post-image\" alt=\"Associazione Italiana di Assistenza IAP\" srcset=\"https:\/\/puntodincontro.mx\/wp-content\/uploads\/2021\/11\/aialogo.jpg 200w, https:\/\/puntodincontro.mx\/wp-content\/uploads\/2021\/11\/aialogo-18x5.jpg 18w\" sizes=\"(max-width: 200px) 100vw, 200px\" \/><\/a><\/div><\/div><\/div><div class=\"wpadcenter-ad-container\" ><div id=\"wpadcenter-ad-1513\" class=\"ad-placement\"><div class=\"wpadcenter-ad-inner\" ><a id=\"wpadcenter_ad\" data-value=\"1513\" data-placement=\"\" href=\"https:\/\/gcinmuebles.mx\" target=\"_blank\" class=\"wpadcenter-ad-inner__item\" ><img decoding=\"async\"   src=\"https:\/\/puntodincontro.mx\/wp-content\/uploads\/2021\/10\/gcinmuebleslogopunto-1.jpg\" class=\"attachment-post-thumbnail size-post-thumbnail wp-post-image\" alt=\"\" srcset=\"https:\/\/puntodincontro.mx\/wp-content\/uploads\/2021\/10\/gcinmuebleslogopunto-1.jpg 200w, https:\/\/puntodincontro.mx\/wp-content\/uploads\/2021\/10\/gcinmuebleslogopunto-1-18x5.jpg 18w\" sizes=\"(max-width: 200px) 100vw, 200px\" \/><\/a><\/div><\/div><\/div><\/div><div class=\"wpadcenter-adgroup__row wpadcenter-aligncenter\"><div class=\"wpadcenter-ad-container\" ><div id=\"wpadcenter-ad-1374\" class=\"ad-placement\"><div class=\"wpadcenter-ad-inner\" ><a id=\"wpadcenter_ad\" data-value=\"1374\" data-placement=\"\" href=\"https:\/\/www.9colonne.it\/\" target=\"_blank\" class=\"wpadcenter-ad-inner__item\" ><img decoding=\"async\"   src=\"https:\/\/puntodincontro.mx\/wp-content\/uploads\/2021\/10\/Banner9colonne.gif\" class=\"attachment-post-thumbnail size-post-thumbnail wp-post-image\" alt=\"\" \/><\/a><\/div><\/div><\/div><div class=\"wpadcenter-ad-container\" ><div id=\"wpadcenter-ad-276\" class=\"ad-placement\"><div class=\"wpadcenter-ad-inner\" ><a id=\"wpadcenter_ad\" data-value=\"276\" data-placement=\"\" href=\"http:\/\/www.camaraitaliana.mx\/\" target=\"_blank\" class=\"wpadcenter-ad-inner__item\" ><img decoding=\"async\"   src=\"https:\/\/puntodincontro.mx\/wp-content\/uploads\/2021\/08\/ccimnuovo.jpg\" class=\"attachment-post-thumbnail size-post-thumbnail wp-post-image\" alt=\"\" srcset=\"https:\/\/puntodincontro.mx\/wp-content\/uploads\/2021\/08\/ccimnuovo.jpg 200w, https:\/\/puntodincontro.mx\/wp-content\/uploads\/2021\/08\/ccimnuovo-18x5.jpg 18w\" sizes=\"(max-width: 200px) 100vw, 200px\" \/><\/a><\/div><\/div><\/div><div class=\"wpadcenter-ad-container\" ><div id=\"wpadcenter-ad-272\" class=\"ad-placement\"><div class=\"wpadcenter-ad-inner\" ><a id=\"wpadcenter_ad\" data-value=\"272\" data-placement=\"\" href=\"http:\/\/corix.us\/\" target=\"_blank\" class=\"wpadcenter-ad-inner__item\" ><img decoding=\"async\"   src=\"https:\/\/puntodincontro.mx\/wp-content\/uploads\/2021\/08\/corixbanner-1.jpg\" class=\"attachment-post-thumbnail size-post-thumbnail wp-post-image\" alt=\"\" srcset=\"https:\/\/puntodincontro.mx\/wp-content\/uploads\/2021\/08\/corixbanner-1.jpg 200w, https:\/\/puntodincontro.mx\/wp-content\/uploads\/2021\/08\/corixbanner-1-16x5.jpg 16w\" sizes=\"(max-width: 200px) 100vw, 200px\" \/><\/a><\/div><\/div><\/div><\/div><div class=\"wpadcenter-adgroup__row wpadcenter-aligncenter\"><div class=\"wpadcenter-ad-container\" ><div id=\"wpadcenter-ad-266\" class=\"ad-placement\"><div class=\"wpadcenter-ad-inner\" ><a id=\"wpadcenter_ad\" data-value=\"266\" data-placement=\"\" href=\"https:\/\/www.prinsel.com.mx\/\" target=\"_blank\" class=\"wpadcenter-ad-inner__item\" ><img decoding=\"async\"   src=\"https:\/\/puntodincontro.mx\/wp-content\/uploads\/2021\/08\/prinselbanner-1.jpg\" class=\"attachment-post-thumbnail size-post-thumbnail wp-post-image\" alt=\"\" srcset=\"https:\/\/puntodincontro.mx\/wp-content\/uploads\/2021\/08\/prinselbanner-1.jpg 200w, https:\/\/puntodincontro.mx\/wp-content\/uploads\/2021\/08\/prinselbanner-1-16x5.jpg 16w\" sizes=\"(max-width: 200px) 100vw, 200px\" \/><\/a><\/div><\/div><\/div><div class=\"wpadcenter-ad-container\" ><div id=\"wpadcenter-ad-261\" class=\"ad-placement\"><div class=\"wpadcenter-ad-inner\" ><a id=\"wpadcenter_ad\" data-value=\"261\" data-placement=\"\" href=\"https:\/\/faitalia.com.mx\/\" target=\"_blank\" class=\"wpadcenter-ad-inner__item\" ><img decoding=\"async\"   src=\"https:\/\/puntodincontro.mx\/wp-content\/uploads\/2021\/08\/gruppodino.jpg\" class=\"attachment-post-thumbnail size-post-thumbnail wp-post-image\" alt=\"\" srcset=\"https:\/\/puntodincontro.mx\/wp-content\/uploads\/2021\/08\/gruppodino.jpg 200w, https:\/\/puntodincontro.mx\/wp-content\/uploads\/2021\/08\/gruppodino-18x5.jpg 18w\" sizes=\"(max-width: 200px) 100vw, 200px\" \/><\/a><\/div><\/div><\/div><\/div><\/div>\n\n\n<div style=\"height:12px\" aria-hidden=\"true\" class=\"wp-block-spacer\"><\/div>","protected":false},"excerpt":{"rendered":"<p>Ore 06.04 &#8211; In questa intervista esclusiva per Puntodincontro, l\u2019Ambasciatore del Messico in Italia, Genaro Lozano, illustra la sua visione strategica per il rafforzamento del legame tra i due Paesi nel corso del 2026. Con una missione iniziata da soli sei mesi, il capo della diplomazia del Paese nordamericano a Roma delinea un percorso che unisce rapporti culturali, cooperazione economica e una profonda attenzione ai connazionali residenti nella penisola. Quali sono gli obiettivi per il 2026 dell&#8217;Ambasciata del Messico in Italia? Per il 2026 la nostra agenda \u00e8 ambiziosa e si articola attorno a tre grandi assi: cultura, economia e&#8230; <\/p>","protected":false},"author":2,"featured_media":25457,"comment_status":"open","ping_status":"open","sticky":false,"template":"","format":"standard","meta":{"_monsterinsights_skip_tracking":false,"_monsterinsights_sitenote_active":false,"_monsterinsights_sitenote_note":"","_monsterinsights_sitenote_category":0,"footnotes":""},"categories":[6],"tags":[],"class_list":["post-25437","post","type-post","status-publish","format-standard","has-post-thumbnail","hentry","category-messico-in-italia"],"yoast_head":"<!-- This site is optimized with the Yoast SEO Premium plugin v18.4 (Yoast SEO v25.6) - https:\/\/yoast.com\/wordpress\/plugins\/seo\/ -->\n<title>L&#039;ambasciatore Lozano: \u00abcultura ed economia, stessa strategia\u00bb<\/title>\n<meta name=\"description\" content=\"In questa intervista esclusiva per Puntodincontro, l\u2019Ambasciatore del Messico in Italia, Genaro Lozano, illustra la sua visione strategica.\" \/>\n<meta name=\"robots\" content=\"index, follow, max-snippet:-1, max-image-preview:large, max-video-preview:-1\" \/>\n<link rel=\"canonical\" href=\"https:\/\/puntodincontro.mx\/es\/2026\/03\/13\/embajador-lozano-cultura-y-economia-misma-estrategia-de-futuro3\/\" \/>\n<meta property=\"og:locale\" content=\"es_MX\" \/>\n<meta property=\"og:type\" content=\"article\" \/>\n<meta property=\"og:title\" content=\"L&#039;ambasciatore Lozano: \u00abcultura ed economia, stessa strategia di futuro\u00bb\" \/>\n<meta property=\"og:description\" content=\"In questa intervista esclusiva per Puntodincontro, l\u2019Ambasciatore del Messico in Italia, Genaro Lozano, illustra la sua visione strategica.\" \/>\n<meta property=\"og:url\" content=\"https:\/\/puntodincontro.mx\/es\/2026\/03\/13\/embajador-lozano-cultura-y-economia-misma-estrategia-de-futuro3\/\" \/>\n<meta property=\"og:site_name\" content=\"Puntodincontro\" \/>\n<meta property=\"article:publisher\" content=\"https:\/\/www.facebook.com\/puntodincontro.mx\" \/>\n<meta property=\"article:published_time\" content=\"2026-03-13T14:12:31+00:00\" \/>\n<meta property=\"article:modified_time\" content=\"2026-03-13T15:07:10+00:00\" \/>\n<meta property=\"og:image\" content=\"https:\/\/puntodincontro.mx\/wp-content\/uploads\/2026\/03\/intervistalozanopuntocomp2.jpg\" \/>\n\t<meta property=\"og:image:width\" content=\"932\" \/>\n\t<meta property=\"og:image:height\" content=\"488\" \/>\n\t<meta property=\"og:image:type\" content=\"image\/jpeg\" \/>\n<meta name=\"author\" content=\"Puntodincontro\" \/>\n<meta name=\"twitter:card\" content=\"summary_large_image\" \/>\n<meta name=\"twitter:creator\" content=\"@puntodincontro\" \/>\n<meta name=\"twitter:site\" content=\"@puntodincontro\" \/>\n<meta name=\"twitter:label1\" content=\"Escrito por\" \/>\n\t<meta name=\"twitter:data1\" content=\"Puntodincontro\" \/>\n\t<meta name=\"twitter:label2\" content=\"Tiempo de lectura\" \/>\n\t<meta name=\"twitter:data2\" content=\"6 minutos\" \/>\n<script type=\"application\/ld+json\" class=\"yoast-schema-graph\">{\"@context\":\"https:\/\/schema.org\",\"@graph\":[{\"@type\":\"NewsArticle\",\"@id\":\"https:\/\/puntodincontro.mx\/2026\/03\/13\/lambasciatore-lozano-cultura-ed-economia-stessa-strategia-di-futuro3\/#article\",\"isPartOf\":{\"@id\":\"https:\/\/puntodincontro.mx\/2026\/03\/13\/lambasciatore-lozano-cultura-ed-economia-stessa-strategia-di-futuro3\/\"},\"author\":{\"name\":\"Puntodincontro\",\"@id\":\"https:\/\/puntodincontro.mx\/#\/schema\/person\/d3066d18a16259cbb0c29b0d0e93b556\"},\"headline\":\"L&#8217;ambasciatore Lozano: \u00abcultura ed economia, stessa strategia di futuro\u00bb\",\"datePublished\":\"2026-03-13T14:12:31+00:00\",\"dateModified\":\"2026-03-13T15:07:10+00:00\",\"mainEntityOfPage\":{\"@id\":\"https:\/\/puntodincontro.mx\/2026\/03\/13\/lambasciatore-lozano-cultura-ed-economia-stessa-strategia-di-futuro3\/\"},\"wordCount\":1304,\"commentCount\":0,\"publisher\":{\"@id\":\"https:\/\/puntodincontro.mx\/#organization\"},\"image\":{\"@id\":\"https:\/\/puntodincontro.mx\/2026\/03\/13\/lambasciatore-lozano-cultura-ed-economia-stessa-strategia-di-futuro3\/#primaryimage\"},\"thumbnailUrl\":\"https:\/\/puntodincontro.mx\/wp-content\/uploads\/2026\/03\/intervistalozanopuntovert.webp\",\"articleSection\":[\"Messico in Italia\"],\"inLanguage\":\"es\",\"potentialAction\":[{\"@type\":\"CommentAction\",\"name\":\"Comment\",\"target\":[\"https:\/\/puntodincontro.mx\/2026\/03\/13\/lambasciatore-lozano-cultura-ed-economia-stessa-strategia-di-futuro3\/#respond\"]}]},{\"@type\":\"WebPage\",\"@id\":\"https:\/\/puntodincontro.mx\/2026\/03\/13\/lambasciatore-lozano-cultura-ed-economia-stessa-strategia-di-futuro3\/\",\"url\":\"https:\/\/puntodincontro.mx\/2026\/03\/13\/lambasciatore-lozano-cultura-ed-economia-stessa-strategia-di-futuro3\/\",\"name\":\"L'ambasciatore Lozano: \u00abcultura ed economia, stessa strategia\u00bb\",\"isPartOf\":{\"@id\":\"https:\/\/puntodincontro.mx\/#website\"},\"primaryImageOfPage\":{\"@id\":\"https:\/\/puntodincontro.mx\/2026\/03\/13\/lambasciatore-lozano-cultura-ed-economia-stessa-strategia-di-futuro3\/#primaryimage\"},\"image\":{\"@id\":\"https:\/\/puntodincontro.mx\/2026\/03\/13\/lambasciatore-lozano-cultura-ed-economia-stessa-strategia-di-futuro3\/#primaryimage\"},\"thumbnailUrl\":\"https:\/\/puntodincontro.mx\/wp-content\/uploads\/2026\/03\/intervistalozanopuntovert.webp\",\"datePublished\":\"2026-03-13T14:12:31+00:00\",\"dateModified\":\"2026-03-13T15:07:10+00:00\",\"description\":\"In questa intervista esclusiva per Puntodincontro, l\u2019Ambasciatore del Messico in Italia, Genaro Lozano, illustra la sua visione strategica.\",\"breadcrumb\":{\"@id\":\"https:\/\/puntodincontro.mx\/2026\/03\/13\/lambasciatore-lozano-cultura-ed-economia-stessa-strategia-di-futuro3\/#breadcrumb\"},\"inLanguage\":\"es\",\"potentialAction\":[{\"@type\":\"ReadAction\",\"target\":[\"https:\/\/puntodincontro.mx\/2026\/03\/13\/lambasciatore-lozano-cultura-ed-economia-stessa-strategia-di-futuro3\/\"]}]},{\"@type\":\"ImageObject\",\"inLanguage\":\"es\",\"@id\":\"https:\/\/puntodincontro.mx\/2026\/03\/13\/lambasciatore-lozano-cultura-ed-economia-stessa-strategia-di-futuro3\/#primaryimage\",\"url\":\"https:\/\/puntodincontro.mx\/wp-content\/uploads\/2026\/03\/intervistalozanopuntovert.webp\",\"contentUrl\":\"https:\/\/puntodincontro.mx\/wp-content\/uploads\/2026\/03\/intervistalozanopuntovert.webp\",\"width\":423,\"height\":488,\"caption\":\"L'ambasciatore Lozano: \u00abcultura ed economia, una stessa strategia di futuro\u00bb \/ Foto: Ambasciata del Messico in Italia\"},{\"@type\":\"BreadcrumbList\",\"@id\":\"https:\/\/puntodincontro.mx\/2026\/03\/13\/lambasciatore-lozano-cultura-ed-economia-stessa-strategia-di-futuro3\/#breadcrumb\",\"itemListElement\":[{\"@type\":\"ListItem\",\"position\":1,\"name\":\"Home\",\"item\":\"https:\/\/puntodincontro.mx\/\"},{\"@type\":\"ListItem\",\"position\":2,\"name\":\"L&#8217;ambasciatore Lozano: \u00abcultura ed economia, stessa strategia di futuro\u00bb\"}]},{\"@type\":\"WebSite\",\"@id\":\"https:\/\/puntodincontro.mx\/#website\",\"url\":\"https:\/\/puntodincontro.mx\/\",\"name\":\"Puntodincontro\",\"description\":\"Dal 2006 notizie sui rapporti Italia-Messico \/ Desde 2006 noticias sobre las relaciones entre Italia y M\u00e9xico\",\"publisher\":{\"@id\":\"https:\/\/puntodincontro.mx\/#organization\"},\"potentialAction\":[{\"@type\":\"SearchAction\",\"target\":{\"@type\":\"EntryPoint\",\"urlTemplate\":\"https:\/\/puntodincontro.mx\/?s={search_term_string}\"},\"query-input\":{\"@type\":\"PropertyValueSpecification\",\"valueRequired\":true,\"valueName\":\"search_term_string\"}}],\"inLanguage\":\"es\"},{\"@type\":\"Organization\",\"@id\":\"https:\/\/puntodincontro.mx\/#organization\",\"name\":\"Puntodincontro\",\"url\":\"https:\/\/puntodincontro.mx\/\",\"logo\":{\"@type\":\"ImageObject\",\"inLanguage\":\"es\",\"@id\":\"https:\/\/puntodincontro.mx\/#\/schema\/logo\/image\/\",\"url\":\"https:\/\/puntodincontro.mx\/wp-content\/uploads\/2021\/08\/Default-image-for-open-graph-settings.jpg\",\"contentUrl\":\"https:\/\/puntodincontro.mx\/wp-content\/uploads\/2021\/08\/Default-image-for-open-graph-settings.jpg\",\"width\":1200,\"height\":630,\"caption\":\"Puntodincontro\"},\"image\":{\"@id\":\"https:\/\/puntodincontro.mx\/#\/schema\/logo\/image\/\"},\"sameAs\":[\"https:\/\/www.facebook.com\/puntodincontro.mx\",\"https:\/\/x.com\/puntodincontro\",\"https:\/\/www.instagram.com\/puntodincontro.mx\/\",\"https:\/\/www.linkedin.com\/company\/puntodincontro\/\",\"https:\/\/www.youtube.com\/c\/puntodincontromessico\",\"https:\/\/www.patreon.com\/puntodincontro\",\"https:\/\/www.threads.net\/@puntodincontro.mx\"]},{\"@type\":\"Person\",\"@id\":\"https:\/\/puntodincontro.mx\/#\/schema\/person\/d3066d18a16259cbb0c29b0d0e93b556\",\"name\":\"Puntodincontro\",\"image\":{\"@type\":\"ImageObject\",\"inLanguage\":\"es\",\"@id\":\"https:\/\/puntodincontro.mx\/#\/schema\/person\/image\/\",\"url\":\"https:\/\/secure.gravatar.com\/avatar\/0e85b4b3b5e9d6bfcec6a4956d8cc63a?s=96&d=mm&r=g\",\"contentUrl\":\"https:\/\/secure.gravatar.com\/avatar\/0e85b4b3b5e9d6bfcec6a4956d8cc63a?s=96&d=mm&r=g\",\"caption\":\"Puntodincontro\"},\"url\":\"https:\/\/puntodincontro.mx\/es\/author\/puntodincontro\/\"}]}<\/script>\n<!-- \/ Yoast SEO Premium plugin. -->","yoast_head_json":{"title":"El embajador Lozano: \u00abcultura y econom\u00eda, misma estrategia\u00bb","description":"En esta entrevista exclusiva para Puntodincontro, el embajador de M\u00e9xico en Italia, Genaro Lozano, presenta su visi\u00f3n estrat\u00e9gica.","robots":{"index":"index","follow":"follow","max-snippet":"max-snippet:-1","max-image-preview":"max-image-preview:large","max-video-preview":"max-video-preview:-1"},"canonical":"https:\/\/puntodincontro.mx\/es\/2026\/03\/13\/embajador-lozano-cultura-y-economia-misma-estrategia-de-futuro3\/","og_locale":"es_MX","og_type":"article","og_title":"L'ambasciatore Lozano: \u00abcultura ed economia, stessa strategia di futuro\u00bb","og_description":"In questa intervista esclusiva per Puntodincontro, l\u2019Ambasciatore del Messico in Italia, Genaro Lozano, illustra la sua visione strategica.","og_url":"https:\/\/puntodincontro.mx\/es\/2026\/03\/13\/embajador-lozano-cultura-y-economia-misma-estrategia-de-futuro3\/","og_site_name":"Puntodincontro","article_publisher":"https:\/\/www.facebook.com\/puntodincontro.mx","article_published_time":"2026-03-13T14:12:31+00:00","article_modified_time":"2026-03-13T15:07:10+00:00","og_image":[{"width":932,"height":488,"url":"https:\/\/puntodincontro.mx\/wp-content\/uploads\/2026\/03\/intervistalozanopuntocomp2.jpg","type":"image\/jpeg"}],"author":"Puntodincontro","twitter_card":"summary_large_image","twitter_creator":"@puntodincontro","twitter_site":"@puntodincontro","twitter_misc":{"Escrito por":"Puntodincontro","Tiempo de lectura":"6 minutos"},"schema":{"@context":"https:\/\/schema.org","@graph":[{"@type":"NewsArticle","@id":"https:\/\/puntodincontro.mx\/2026\/03\/13\/lambasciatore-lozano-cultura-ed-economia-stessa-strategia-di-futuro3\/#article","isPartOf":{"@id":"https:\/\/puntodincontro.mx\/2026\/03\/13\/lambasciatore-lozano-cultura-ed-economia-stessa-strategia-di-futuro3\/"},"author":{"name":"Puntodincontro","@id":"https:\/\/puntodincontro.mx\/#\/schema\/person\/d3066d18a16259cbb0c29b0d0e93b556"},"headline":"L&#8217;ambasciatore Lozano: \u00abcultura ed economia, stessa strategia di futuro\u00bb","datePublished":"2026-03-13T14:12:31+00:00","dateModified":"2026-03-13T15:07:10+00:00","mainEntityOfPage":{"@id":"https:\/\/puntodincontro.mx\/2026\/03\/13\/lambasciatore-lozano-cultura-ed-economia-stessa-strategia-di-futuro3\/"},"wordCount":1304,"commentCount":0,"publisher":{"@id":"https:\/\/puntodincontro.mx\/#organization"},"image":{"@id":"https:\/\/puntodincontro.mx\/2026\/03\/13\/lambasciatore-lozano-cultura-ed-economia-stessa-strategia-di-futuro3\/#primaryimage"},"thumbnailUrl":"https:\/\/puntodincontro.mx\/wp-content\/uploads\/2026\/03\/intervistalozanopuntovert.webp","articleSection":["Messico in Italia"],"inLanguage":"es","potentialAction":[{"@type":"CommentAction","name":"Comment","target":["https:\/\/puntodincontro.mx\/2026\/03\/13\/lambasciatore-lozano-cultura-ed-economia-stessa-strategia-di-futuro3\/#respond"]}]},{"@type":"WebPage","@id":"https:\/\/puntodincontro.mx\/2026\/03\/13\/lambasciatore-lozano-cultura-ed-economia-stessa-strategia-di-futuro3\/","url":"https:\/\/puntodincontro.mx\/2026\/03\/13\/lambasciatore-lozano-cultura-ed-economia-stessa-strategia-di-futuro3\/","name":"El embajador Lozano: \u00abcultura y econom\u00eda, misma estrategia\u00bb","isPartOf":{"@id":"https:\/\/puntodincontro.mx\/#website"},"primaryImageOfPage":{"@id":"https:\/\/puntodincontro.mx\/2026\/03\/13\/lambasciatore-lozano-cultura-ed-economia-stessa-strategia-di-futuro3\/#primaryimage"},"image":{"@id":"https:\/\/puntodincontro.mx\/2026\/03\/13\/lambasciatore-lozano-cultura-ed-economia-stessa-strategia-di-futuro3\/#primaryimage"},"thumbnailUrl":"https:\/\/puntodincontro.mx\/wp-content\/uploads\/2026\/03\/intervistalozanopuntovert.webp","datePublished":"2026-03-13T14:12:31+00:00","dateModified":"2026-03-13T15:07:10+00:00","description":"En esta entrevista exclusiva para Puntodincontro, el embajador de M\u00e9xico en Italia, Genaro Lozano, presenta su visi\u00f3n estrat\u00e9gica.","breadcrumb":{"@id":"https:\/\/puntodincontro.mx\/2026\/03\/13\/lambasciatore-lozano-cultura-ed-economia-stessa-strategia-di-futuro3\/#breadcrumb"},"inLanguage":"es","potentialAction":[{"@type":"ReadAction","target":["https:\/\/puntodincontro.mx\/2026\/03\/13\/lambasciatore-lozano-cultura-ed-economia-stessa-strategia-di-futuro3\/"]}]},{"@type":"ImageObject","inLanguage":"es","@id":"https:\/\/puntodincontro.mx\/2026\/03\/13\/lambasciatore-lozano-cultura-ed-economia-stessa-strategia-di-futuro3\/#primaryimage","url":"https:\/\/puntodincontro.mx\/wp-content\/uploads\/2026\/03\/intervistalozanopuntovert.webp","contentUrl":"https:\/\/puntodincontro.mx\/wp-content\/uploads\/2026\/03\/intervistalozanopuntovert.webp","width":423,"height":488,"caption":"L'ambasciatore Lozano: \u00abcultura ed economia, una stessa strategia di futuro\u00bb \/ Foto: Ambasciata del Messico in Italia"},{"@type":"BreadcrumbList","@id":"https:\/\/puntodincontro.mx\/2026\/03\/13\/lambasciatore-lozano-cultura-ed-economia-stessa-strategia-di-futuro3\/#breadcrumb","itemListElement":[{"@type":"ListItem","position":1,"name":"Home","item":"https:\/\/puntodincontro.mx\/"},{"@type":"ListItem","position":2,"name":"L&#8217;ambasciatore Lozano: \u00abcultura ed economia, stessa strategia di futuro\u00bb"}]},{"@type":"WebSite","@id":"https:\/\/puntodincontro.mx\/#website","url":"https:\/\/puntodincontro.mx\/","name":"Puntodincontro","description":"Desde el 2006 noticias sobre las relaciones entre Italia y M\u00e9xico \/ Dal 2006 notizie sui rapporti Italia-Messico","publisher":{"@id":"https:\/\/puntodincontro.mx\/#organization"},"potentialAction":[{"@type":"SearchAction","target":{"@type":"EntryPoint","urlTemplate":"https:\/\/puntodincontro.mx\/?s={search_term_string}"},"query-input":{"@type":"PropertyValueSpecification","valueRequired":true,"valueName":"search_term_string"}}],"inLanguage":"es"},{"@type":"Organization","@id":"https:\/\/puntodincontro.mx\/#organization","name":"Puntodincontro","url":"https:\/\/puntodincontro.mx\/","logo":{"@type":"ImageObject","inLanguage":"es","@id":"https:\/\/puntodincontro.mx\/#\/schema\/logo\/image\/","url":"https:\/\/puntodincontro.mx\/wp-content\/uploads\/2021\/08\/Default-image-for-open-graph-settings.jpg","contentUrl":"https:\/\/puntodincontro.mx\/wp-content\/uploads\/2021\/08\/Default-image-for-open-graph-settings.jpg","width":1200,"height":630,"caption":"Puntodincontro"},"image":{"@id":"https:\/\/puntodincontro.mx\/#\/schema\/logo\/image\/"},"sameAs":["https:\/\/www.facebook.com\/puntodincontro.mx","https:\/\/x.com\/puntodincontro","https:\/\/www.instagram.com\/puntodincontro.mx\/","https:\/\/www.linkedin.com\/company\/puntodincontro\/","https:\/\/www.youtube.com\/c\/puntodincontromessico","https:\/\/www.patreon.com\/puntodincontro","https:\/\/www.threads.net\/@puntodincontro.mx"]},{"@type":"Person","@id":"https:\/\/puntodincontro.mx\/#\/schema\/person\/d3066d18a16259cbb0c29b0d0e93b556","name":"Puntodincontro","image":{"@type":"ImageObject","inLanguage":"es","@id":"https:\/\/puntodincontro.mx\/#\/schema\/person\/image\/","url":"https:\/\/secure.gravatar.com\/avatar\/0e85b4b3b5e9d6bfcec6a4956d8cc63a?s=96&d=mm&r=g","contentUrl":"https:\/\/secure.gravatar.com\/avatar\/0e85b4b3b5e9d6bfcec6a4956d8cc63a?s=96&d=mm&r=g","caption":"Puntodincontro"},"url":"https:\/\/puntodincontro.mx\/es\/author\/puntodincontro\/"}]}},"_links":{"self":[{"href":"https:\/\/puntodincontro.mx\/es\/wp-json\/wp\/v2\/posts\/25437"}],"collection":[{"href":"https:\/\/puntodincontro.mx\/es\/wp-json\/wp\/v2\/posts"}],"about":[{"href":"https:\/\/puntodincontro.mx\/es\/wp-json\/wp\/v2\/types\/post"}],"author":[{"embeddable":true,"href":"https:\/\/puntodincontro.mx\/es\/wp-json\/wp\/v2\/users\/2"}],"replies":[{"embeddable":true,"href":"https:\/\/puntodincontro.mx\/es\/wp-json\/wp\/v2\/comments?post=25437"}],"version-history":[{"count":25,"href":"https:\/\/puntodincontro.mx\/es\/wp-json\/wp\/v2\/posts\/25437\/revisions"}],"predecessor-version":[{"id":25467,"href":"https:\/\/puntodincontro.mx\/es\/wp-json\/wp\/v2\/posts\/25437\/revisions\/25467"}],"wp:featuredmedia":[{"embeddable":true,"href":"https:\/\/puntodincontro.mx\/es\/wp-json\/wp\/v2\/media\/25457"}],"wp:attachment":[{"href":"https:\/\/puntodincontro.mx\/es\/wp-json\/wp\/v2\/media?parent=25437"}],"wp:term":[{"taxonomy":"category","embeddable":true,"href":"https:\/\/puntodincontro.mx\/es\/wp-json\/wp\/v2\/categories?post=25437"},{"taxonomy":"post_tag","embeddable":true,"href":"https:\/\/puntodincontro.mx\/es\/wp-json\/wp\/v2\/tags?post=25437"}],"curies":[{"name":"wp","href":"https:\/\/api.w.org\/{rel}","templated":true}]}}