{"id":25469,"date":"2026-03-16T08:42:25","date_gmt":"2026-03-16T14:42:25","guid":{"rendered":"https:\/\/puntodincontro.mx\/?p=25469"},"modified":"2026-03-16T08:42:26","modified_gmt":"2026-03-16T14:42:26","slug":"mexico-mision-del-embajador-alessandro-modiano-en-san-luis-potosi","status":"publish","type":"post","link":"https:\/\/puntodincontro.mx\/es\/2026\/03\/16\/messico-missione-a-san-luis-potosi-dellambasciatore-alessandro-modiano\/","title":{"rendered":"M\u00e9xico: misi\u00f3n del Embajador Alessandro Modiano en San Luis Potos\u00ed"},"content":{"rendered":"<p class=\"translation-block\"><strong>08:18 h<\/strong> - El Embajador de Italia en M\u00e9xico, Alessandro Modiano, realiz\u00f3 el pasado 11 de marzo una misi\u00f3n de trabajo en San Luis Potos\u00ed, con el objetivo de destacar ante las autoridades pol\u00edticas locales la relevancia de la presencia industrial italiana en la entidad.<\/p>\n\n\n\n<p>Durante su visita, el Embajador Modiano mantuvo productivos encuentros con el Gobernador de San Luis Potos\u00ed, Ricardo Gallardo Cardona, as\u00ed como con los secretarios estatales de Desarrollo Econ\u00f3mico, Seguridad y Finanzas. En estas reuniones, resalt\u00f3 la excelencia de las empresas italianas, particularmente en los sectores automotriz, el\u00e9ctrico y energ\u00e9tico. El Embajador expres\u00f3 su reconocimiento por la estabilidad en materia de seguridad en el estado, los incentivos fiscales ofrecidos por el Gobierno estatal a la inversi\u00f3n extranjera y la disponibilidad de recursos energ\u00e9ticos, factores que garantizan un clima de negocios favorable para las compa\u00f1\u00edas italianas.<\/p>\n\n\n\n<p>Asimismo, el Embajador Modiano se reuni\u00f3 con el Alcalde de San Luis Potos\u00ed, Enrique Galindo, con quien dialog\u00f3 sobre las perspectivas para fortalecer la presencia econ\u00f3mica y cultural de Italia en la capital potosina.<\/p>\n\n\n\n<p>Posteriormente, visit\u00f3 la planta de la empresa italiana Zoppas, donde particip\u00f3 en la celebraci\u00f3n por los 25 a\u00f1os de operaci\u00f3n de la firma en M\u00e9xico. Al evento asistieron el presidente de la compa\u00f1\u00eda, Gianfranco Zoppas; el Director General; los secretarios estatales Gonz\u00e1lez (Econom\u00eda) y S\u00e1nchez (Trabajo), adem\u00e1s del Alcalde de Rioverde, municipio donde la empresa realiz\u00f3 recientemente una segunda inversi\u00f3n.<\/p>\n\n\n\n<p class=\"translation-block\">La misi\u00f3n concluy\u00f3 con una visita a la planta de Barilla, la cual opera en San Luis Potos\u00ed desde 2003 mediante una joint venture con el Grupo Herdez, consolidando una inversi\u00f3n productiva enfocada en el mercado mexicano.<\/p>\n\n\n\n<p>\u00abLa presencia industrial italiana en el estado de San Luis Potos\u00ed y, de manera m\u00e1s amplia, en el centro-norte de M\u00e9xico, gracias a las inversiones de nuestras empresas, contribuye a la consolidaci\u00f3n de cl\u00fasteres industriales que fungen como motores de desarrollo econ\u00f3mico para M\u00e9xico y para la asociaci\u00f3n econ\u00f3mica entre nuestros dos pa\u00edses. Nuestras relaciones econ\u00f3micas y comerciales se ver\u00e1n a\u00fan m\u00e1s fortalecidas con la pr\u00f3xima firma del Acuerdo Global Modernizado entre la Uni\u00f3n Europea y M\u00e9xico, prevista para los pr\u00f3ximos meses\u00bb, declar\u00f3 el Embajador.<\/p>\n\n\n\n<p><\/p>\n\n\n\n<p class=\"has-small-font-size\">Foto: X @Al_Modiano<\/p>\n\n\n\n<div style=\"height:12px\" aria-hidden=\"true\" class=\"wp-block-spacer\"><\/div>\n\n\n<!-- Ad space powered by WP AdCenter v2.5.7 - https:\/\/wpadcenter.com\/ --><div class=\"wpadcenter-adgroup\" ><div class=\"wpadcenter-adgroup__row wpadcenter-aligncenter\"><div class=\"wpadcenter-ad-container\" ><div id=\"wpadcenter-ad-18464\" class=\"ad-placement\"><div class=\"wpadcenter-ad-inner\" ><a id=\"wpadcenter_ad\" data-value=\"18464\" data-placement=\"\" href=\"https:\/\/www.productosremo.com\/\" target=\"_blank\" class=\"wpadcenter-ad-inner__item\" ><img decoding=\"async\"   src=\"https:\/\/puntodincontro.mx\/wp-content\/uploads\/2021\/08\/remobanner.jpg\" class=\"attachment-post-thumbnail size-post-thumbnail wp-post-image\" alt=\"\" srcset=\"https:\/\/puntodincontro.mx\/wp-content\/uploads\/2021\/08\/remobanner.jpg 200w, https:\/\/puntodincontro.mx\/wp-content\/uploads\/2021\/08\/remobanner-16x5.jpg 16w\" sizes=\"(max-width: 200px) 100vw, 200px\" \/><\/a><\/div><\/div><\/div><div class=\"wpadcenter-ad-container\" ><div id=\"wpadcenter-ad-5305\" class=\"ad-placement\"><div class=\"wpadcenter-ad-inner\" ><a id=\"wpadcenter_ad\" data-value=\"5305\" data-placement=\"\" href=\"https:\/\/ambcittadelmessico.esteri.it\/ambasciata_cittadelmessico\/it\/\" target=\"_blank\" class=\"wpadcenter-ad-inner__item\" ><img decoding=\"async\"   src=\"https:\/\/puntodincontro.mx\/wp-content\/uploads\/2022\/05\/Ambasciata.jpg\" class=\"attachment-post-thumbnail size-post-thumbnail wp-post-image\" alt=\"\" srcset=\"https:\/\/puntodincontro.mx\/wp-content\/uploads\/2022\/05\/Ambasciata.jpg 200w, https:\/\/puntodincontro.mx\/wp-content\/uploads\/2022\/05\/Ambasciata-18x5.jpg 18w\" sizes=\"(max-width: 200px) 100vw, 200px\" \/><\/a><\/div><\/div><\/div><div class=\"wpadcenter-ad-container\" ><div id=\"wpadcenter-ad-3781\" class=\"ad-placement\"><div class=\"wpadcenter-ad-inner\" ><a id=\"wpadcenter_ad\" data-value=\"3781\" data-placement=\"\" href=\"https:\/\/cannizzo.com.mx\/\" target=\"_blank\" class=\"wpadcenter-ad-inner__item\" ><img decoding=\"async\"   src=\"https:\/\/puntodincontro.mx\/wp-content\/uploads\/2022\/03\/cannizzo2.jpg\" class=\"attachment-post-thumbnail size-post-thumbnail wp-post-image\" alt=\"\" srcset=\"https:\/\/puntodincontro.mx\/wp-content\/uploads\/2022\/03\/cannizzo2.jpg 200w, https:\/\/puntodincontro.mx\/wp-content\/uploads\/2022\/03\/cannizzo2-18x5.jpg 18w\" sizes=\"(max-width: 200px) 100vw, 200px\" \/><\/a><\/div><\/div><\/div><\/div><div class=\"wpadcenter-adgroup__row wpadcenter-aligncenter\"><div class=\"wpadcenter-ad-container\" ><div id=\"wpadcenter-ad-1704\" class=\"ad-placement\"><div class=\"wpadcenter-ad-inner\" ><a id=\"wpadcenter_ad\" data-value=\"1704\" data-placement=\"\" href=\"https:\/\/puntodincontro.mx\/es\/2021\/12\/24\/inps-verificacion-de-supervivencia-de-los-pensionados-en-el-extranjero\/\" target=\"_blank\" class=\"wpadcenter-ad-inner__item\" ><img decoding=\"async\"   src=\"https:\/\/puntodincontro.mx\/wp-content\/uploads\/2021\/11\/logo-ital.jpg\" class=\"attachment-post-thumbnail size-post-thumbnail wp-post-image\" alt=\"Patronato ITAL Messico\" srcset=\"https:\/\/puntodincontro.mx\/wp-content\/uploads\/2021\/11\/logo-ital.jpg 200w, https:\/\/puntodincontro.mx\/wp-content\/uploads\/2021\/11\/logo-ital-16x5.jpg 16w\" sizes=\"(max-width: 200px) 100vw, 200px\" \/><\/a><\/div><\/div><\/div><div class=\"wpadcenter-ad-container\" ><div id=\"wpadcenter-ad-1538\" class=\"ad-placement\"><div class=\"wpadcenter-ad-inner\" ><a id=\"wpadcenter_ad\" data-value=\"1538\" data-placement=\"\" href=\"https:\/\/asociacionitaliana.org\/\" target=\"_blank\" class=\"wpadcenter-ad-inner__item\" ><img decoding=\"async\"   src=\"https:\/\/puntodincontro.mx\/wp-content\/uploads\/2021\/11\/aialogo.jpg\" class=\"attachment-post-thumbnail size-post-thumbnail wp-post-image\" alt=\"Associazione Italiana di Assistenza IAP\" srcset=\"https:\/\/puntodincontro.mx\/wp-content\/uploads\/2021\/11\/aialogo.jpg 200w, https:\/\/puntodincontro.mx\/wp-content\/uploads\/2021\/11\/aialogo-18x5.jpg 18w\" sizes=\"(max-width: 200px) 100vw, 200px\" \/><\/a><\/div><\/div><\/div><div class=\"wpadcenter-ad-container\" ><div id=\"wpadcenter-ad-1513\" class=\"ad-placement\"><div class=\"wpadcenter-ad-inner\" ><a id=\"wpadcenter_ad\" data-value=\"1513\" data-placement=\"\" href=\"https:\/\/gcinmuebles.mx\" target=\"_blank\" class=\"wpadcenter-ad-inner__item\" ><img decoding=\"async\"   src=\"https:\/\/puntodincontro.mx\/wp-content\/uploads\/2021\/10\/gcinmuebleslogopunto-1.jpg\" class=\"attachment-post-thumbnail size-post-thumbnail wp-post-image\" alt=\"\" srcset=\"https:\/\/puntodincontro.mx\/wp-content\/uploads\/2021\/10\/gcinmuebleslogopunto-1.jpg 200w, https:\/\/puntodincontro.mx\/wp-content\/uploads\/2021\/10\/gcinmuebleslogopunto-1-18x5.jpg 18w\" sizes=\"(max-width: 200px) 100vw, 200px\" \/><\/a><\/div><\/div><\/div><\/div><div class=\"wpadcenter-adgroup__row wpadcenter-aligncenter\"><div class=\"wpadcenter-ad-container\" ><div id=\"wpadcenter-ad-1374\" class=\"ad-placement\"><div class=\"wpadcenter-ad-inner\" ><a id=\"wpadcenter_ad\" data-value=\"1374\" data-placement=\"\" href=\"https:\/\/www.9colonne.it\/\" target=\"_blank\" class=\"wpadcenter-ad-inner__item\" ><img decoding=\"async\"   src=\"https:\/\/puntodincontro.mx\/wp-content\/uploads\/2021\/10\/Banner9colonne.gif\" class=\"attachment-post-thumbnail size-post-thumbnail wp-post-image\" alt=\"\" \/><\/a><\/div><\/div><\/div><div class=\"wpadcenter-ad-container\" ><div id=\"wpadcenter-ad-276\" class=\"ad-placement\"><div class=\"wpadcenter-ad-inner\" ><a id=\"wpadcenter_ad\" data-value=\"276\" data-placement=\"\" href=\"http:\/\/www.camaraitaliana.mx\/\" target=\"_blank\" class=\"wpadcenter-ad-inner__item\" ><img decoding=\"async\"   src=\"https:\/\/puntodincontro.mx\/wp-content\/uploads\/2021\/08\/ccimnuovo.jpg\" class=\"attachment-post-thumbnail size-post-thumbnail wp-post-image\" alt=\"\" srcset=\"https:\/\/puntodincontro.mx\/wp-content\/uploads\/2021\/08\/ccimnuovo.jpg 200w, https:\/\/puntodincontro.mx\/wp-content\/uploads\/2021\/08\/ccimnuovo-18x5.jpg 18w\" sizes=\"(max-width: 200px) 100vw, 200px\" \/><\/a><\/div><\/div><\/div><div class=\"wpadcenter-ad-container\" ><div id=\"wpadcenter-ad-272\" class=\"ad-placement\"><div class=\"wpadcenter-ad-inner\" ><a id=\"wpadcenter_ad\" data-value=\"272\" data-placement=\"\" href=\"http:\/\/corix.us\/\" target=\"_blank\" class=\"wpadcenter-ad-inner__item\" ><img decoding=\"async\"   src=\"https:\/\/puntodincontro.mx\/wp-content\/uploads\/2021\/08\/corixbanner-1.jpg\" class=\"attachment-post-thumbnail size-post-thumbnail wp-post-image\" alt=\"\" srcset=\"https:\/\/puntodincontro.mx\/wp-content\/uploads\/2021\/08\/corixbanner-1.jpg 200w, https:\/\/puntodincontro.mx\/wp-content\/uploads\/2021\/08\/corixbanner-1-16x5.jpg 16w\" sizes=\"(max-width: 200px) 100vw, 200px\" \/><\/a><\/div><\/div><\/div><\/div><div class=\"wpadcenter-adgroup__row wpadcenter-aligncenter\"><div class=\"wpadcenter-ad-container\" ><div id=\"wpadcenter-ad-266\" class=\"ad-placement\"><div class=\"wpadcenter-ad-inner\" ><a id=\"wpadcenter_ad\" data-value=\"266\" data-placement=\"\" href=\"https:\/\/www.prinsel.com.mx\/\" target=\"_blank\" class=\"wpadcenter-ad-inner__item\" ><img decoding=\"async\"   src=\"https:\/\/puntodincontro.mx\/wp-content\/uploads\/2021\/08\/prinselbanner-1.jpg\" class=\"attachment-post-thumbnail size-post-thumbnail wp-post-image\" alt=\"\" srcset=\"https:\/\/puntodincontro.mx\/wp-content\/uploads\/2021\/08\/prinselbanner-1.jpg 200w, https:\/\/puntodincontro.mx\/wp-content\/uploads\/2021\/08\/prinselbanner-1-16x5.jpg 16w\" sizes=\"(max-width: 200px) 100vw, 200px\" \/><\/a><\/div><\/div><\/div><div class=\"wpadcenter-ad-container\" ><div id=\"wpadcenter-ad-261\" class=\"ad-placement\"><div class=\"wpadcenter-ad-inner\" ><a id=\"wpadcenter_ad\" data-value=\"261\" data-placement=\"\" href=\"https:\/\/faitalia.com.mx\/\" target=\"_blank\" class=\"wpadcenter-ad-inner__item\" ><img decoding=\"async\"   src=\"https:\/\/puntodincontro.mx\/wp-content\/uploads\/2021\/08\/gruppodino.jpg\" class=\"attachment-post-thumbnail size-post-thumbnail wp-post-image\" alt=\"\" srcset=\"https:\/\/puntodincontro.mx\/wp-content\/uploads\/2021\/08\/gruppodino.jpg 200w, https:\/\/puntodincontro.mx\/wp-content\/uploads\/2021\/08\/gruppodino-18x5.jpg 18w\" sizes=\"(max-width: 200px) 100vw, 200px\" \/><\/a><\/div><\/div><\/div><\/div><\/div>\n\n\n<div style=\"height:12px\" aria-hidden=\"true\" class=\"wp-block-spacer\"><\/div>","protected":false},"excerpt":{"rendered":"<p>Ore 08.18 &#8211; L\u2019Ambasciatore d\u2019Italia in Messico, Alessandro Modiano, ha effettuato l\u201911 marzo una missione a San Luis Potos\u00ed, volta a valorizzare presso le Autorit\u00e0 politiche locali la presenza industriale italiana nello Stato. Nel corso della missione, l\u2019Ambasciatore Modiano ha avuto proficui incontri con il Governatore di San Luis Potos\u00ed, Ricardo Gallardo Cardona, e con i Ministri statali dell\u2019Economia, della Sicurezza e delle Finanze, nel corso dei quali ha valorizzato l\u2019eccellenza delle imprese italiane, con particolare riferimento ai settori automobilistico, elettrico ed energetico. L\u2019Ambasciatore ha manifestato apprezzamento per la stabile situazione di sicurezza in San Luis Potos\u00ed, gli incentivi fiscali&#8230; <\/p>","protected":false},"author":2,"featured_media":25475,"comment_status":"open","ping_status":"open","sticky":false,"template":"","format":"standard","meta":{"_monsterinsights_skip_tracking":false,"_monsterinsights_sitenote_active":false,"_monsterinsights_sitenote_note":"","_monsterinsights_sitenote_category":0,"footnotes":""},"categories":[4],"tags":[],"class_list":["post-25469","post","type-post","status-publish","format-standard","has-post-thumbnail","hentry","category-italia-in-messico"],"yoast_head":"<!-- This site is optimized with the Yoast SEO Premium plugin v18.4 (Yoast SEO v25.6) - https:\/\/yoast.com\/wordpress\/plugins\/seo\/ -->\n<title>Messico, missione a San Luis Potos\u00ed dell\u2019Ambasciatore Modiano<\/title>\n<meta name=\"description\" content=\"L\u2019Ambasciatore d\u2019Italia in Messico, Alessandro Modiano, ha effettuato l\u201911 marzo una missione a San Luis Potos\u00ed.\" \/>\n<meta name=\"robots\" content=\"index, follow, max-snippet:-1, max-image-preview:large, max-video-preview:-1\" \/>\n<link rel=\"canonical\" href=\"https:\/\/puntodincontro.mx\/es\/2026\/03\/16\/mexico-mision-del-embajador-alessandro-modiano-en-san-luis-potosi\/\" \/>\n<meta property=\"og:locale\" content=\"es_MX\" \/>\n<meta property=\"og:type\" content=\"article\" \/>\n<meta property=\"og:title\" content=\"Messico, missione a San Luis Potos\u00ed dell\u2019Ambasciatore Alessandro Modiano\" \/>\n<meta property=\"og:description\" content=\"L\u2019Ambasciatore d\u2019Italia in Messico, Alessandro Modiano, ha effettuato l\u201911 marzo una missione a San Luis Potos\u00ed.\" \/>\n<meta property=\"og:url\" content=\"https:\/\/puntodincontro.mx\/es\/2026\/03\/16\/mexico-mision-del-embajador-alessandro-modiano-en-san-luis-potosi\/\" \/>\n<meta property=\"og:site_name\" content=\"Puntodincontro\" \/>\n<meta property=\"article:publisher\" content=\"https:\/\/www.facebook.com\/puntodincontro.mx\" \/>\n<meta property=\"article:published_time\" content=\"2026-03-16T14:42:25+00:00\" \/>\n<meta property=\"article:modified_time\" content=\"2026-03-16T14:42:26+00:00\" \/>\n<meta property=\"og:image\" content=\"https:\/\/puntodincontro.mx\/wp-content\/uploads\/2026\/03\/modianoslppuntocomp.jpg\" \/>\n\t<meta property=\"og:image:width\" content=\"932\" \/>\n\t<meta property=\"og:image:height\" content=\"488\" \/>\n\t<meta property=\"og:image:type\" content=\"image\/jpeg\" \/>\n<meta name=\"author\" content=\"Puntodincontro\" \/>\n<meta name=\"twitter:card\" content=\"summary_large_image\" \/>\n<meta name=\"twitter:creator\" content=\"@puntodincontro\" \/>\n<meta name=\"twitter:site\" content=\"@puntodincontro\" \/>\n<meta name=\"twitter:label1\" content=\"Escrito por\" \/>\n\t<meta name=\"twitter:data1\" content=\"Puntodincontro\" \/>\n\t<meta name=\"twitter:label2\" content=\"Tiempo de lectura\" \/>\n\t<meta name=\"twitter:data2\" content=\"2 minutos\" \/>\n<script type=\"application\/ld+json\" class=\"yoast-schema-graph\">{\"@context\":\"https:\/\/schema.org\",\"@graph\":[{\"@type\":\"NewsArticle\",\"@id\":\"https:\/\/puntodincontro.mx\/2026\/03\/16\/messico-missione-a-san-luis-potosi-dellambasciatore-alessandro-modiano\/#article\",\"isPartOf\":{\"@id\":\"https:\/\/puntodincontro.mx\/2026\/03\/16\/messico-missione-a-san-luis-potosi-dellambasciatore-alessandro-modiano\/\"},\"author\":{\"name\":\"Puntodincontro\",\"@id\":\"https:\/\/puntodincontro.mx\/#\/schema\/person\/d3066d18a16259cbb0c29b0d0e93b556\"},\"headline\":\"Messico, missione a San Luis Potos\u00ed dell\u2019Ambasciatore Alessandro Modiano\",\"datePublished\":\"2026-03-16T14:42:25+00:00\",\"dateModified\":\"2026-03-16T14:42:26+00:00\",\"mainEntityOfPage\":{\"@id\":\"https:\/\/puntodincontro.mx\/2026\/03\/16\/messico-missione-a-san-luis-potosi-dellambasciatore-alessandro-modiano\/\"},\"wordCount\":349,\"commentCount\":0,\"publisher\":{\"@id\":\"https:\/\/puntodincontro.mx\/#organization\"},\"image\":{\"@id\":\"https:\/\/puntodincontro.mx\/2026\/03\/16\/messico-missione-a-san-luis-potosi-dellambasciatore-alessandro-modiano\/#primaryimage\"},\"thumbnailUrl\":\"https:\/\/puntodincontro.mx\/wp-content\/uploads\/2026\/03\/modianoslppuntovert.webp\",\"articleSection\":[\"Italia in Messico\"],\"inLanguage\":\"es\",\"potentialAction\":[{\"@type\":\"CommentAction\",\"name\":\"Comment\",\"target\":[\"https:\/\/puntodincontro.mx\/2026\/03\/16\/messico-missione-a-san-luis-potosi-dellambasciatore-alessandro-modiano\/#respond\"]}]},{\"@type\":\"WebPage\",\"@id\":\"https:\/\/puntodincontro.mx\/2026\/03\/16\/messico-missione-a-san-luis-potosi-dellambasciatore-alessandro-modiano\/\",\"url\":\"https:\/\/puntodincontro.mx\/2026\/03\/16\/messico-missione-a-san-luis-potosi-dellambasciatore-alessandro-modiano\/\",\"name\":\"Messico, missione a San Luis Potos\u00ed dell\u2019Ambasciatore Modiano\",\"isPartOf\":{\"@id\":\"https:\/\/puntodincontro.mx\/#website\"},\"primaryImageOfPage\":{\"@id\":\"https:\/\/puntodincontro.mx\/2026\/03\/16\/messico-missione-a-san-luis-potosi-dellambasciatore-alessandro-modiano\/#primaryimage\"},\"image\":{\"@id\":\"https:\/\/puntodincontro.mx\/2026\/03\/16\/messico-missione-a-san-luis-potosi-dellambasciatore-alessandro-modiano\/#primaryimage\"},\"thumbnailUrl\":\"https:\/\/puntodincontro.mx\/wp-content\/uploads\/2026\/03\/modianoslppuntovert.webp\",\"datePublished\":\"2026-03-16T14:42:25+00:00\",\"dateModified\":\"2026-03-16T14:42:26+00:00\",\"description\":\"L\u2019Ambasciatore d\u2019Italia in Messico, Alessandro Modiano, ha effettuato l\u201911 marzo una missione a San Luis Potos\u00ed.\",\"breadcrumb\":{\"@id\":\"https:\/\/puntodincontro.mx\/2026\/03\/16\/messico-missione-a-san-luis-potosi-dellambasciatore-alessandro-modiano\/#breadcrumb\"},\"inLanguage\":\"es\",\"potentialAction\":[{\"@type\":\"ReadAction\",\"target\":[\"https:\/\/puntodincontro.mx\/2026\/03\/16\/messico-missione-a-san-luis-potosi-dellambasciatore-alessandro-modiano\/\"]}]},{\"@type\":\"ImageObject\",\"inLanguage\":\"es\",\"@id\":\"https:\/\/puntodincontro.mx\/2026\/03\/16\/messico-missione-a-san-luis-potosi-dellambasciatore-alessandro-modiano\/#primaryimage\",\"url\":\"https:\/\/puntodincontro.mx\/wp-content\/uploads\/2026\/03\/modianoslppuntovert.webp\",\"contentUrl\":\"https:\/\/puntodincontro.mx\/wp-content\/uploads\/2026\/03\/modianoslppuntovert.webp\",\"width\":423,\"height\":488,\"caption\":\"Messico, missione a San Luis Potos\u00ed dell\u2019Ambasciatore Alessandro Modiano \/ Foto: X @Al_Modiano\"},{\"@type\":\"BreadcrumbList\",\"@id\":\"https:\/\/puntodincontro.mx\/2026\/03\/16\/messico-missione-a-san-luis-potosi-dellambasciatore-alessandro-modiano\/#breadcrumb\",\"itemListElement\":[{\"@type\":\"ListItem\",\"position\":1,\"name\":\"Home\",\"item\":\"https:\/\/puntodincontro.mx\/\"},{\"@type\":\"ListItem\",\"position\":2,\"name\":\"Messico, missione a San Luis Potos\u00ed dell\u2019Ambasciatore Alessandro Modiano\"}]},{\"@type\":\"WebSite\",\"@id\":\"https:\/\/puntodincontro.mx\/#website\",\"url\":\"https:\/\/puntodincontro.mx\/\",\"name\":\"Puntodincontro\",\"description\":\"Dal 2006 notizie sui rapporti Italia-Messico \/ Desde 2006 noticias sobre las relaciones entre Italia y M\u00e9xico\",\"publisher\":{\"@id\":\"https:\/\/puntodincontro.mx\/#organization\"},\"potentialAction\":[{\"@type\":\"SearchAction\",\"target\":{\"@type\":\"EntryPoint\",\"urlTemplate\":\"https:\/\/puntodincontro.mx\/?s={search_term_string}\"},\"query-input\":{\"@type\":\"PropertyValueSpecification\",\"valueRequired\":true,\"valueName\":\"search_term_string\"}}],\"inLanguage\":\"es\"},{\"@type\":\"Organization\",\"@id\":\"https:\/\/puntodincontro.mx\/#organization\",\"name\":\"Puntodincontro\",\"url\":\"https:\/\/puntodincontro.mx\/\",\"logo\":{\"@type\":\"ImageObject\",\"inLanguage\":\"es\",\"@id\":\"https:\/\/puntodincontro.mx\/#\/schema\/logo\/image\/\",\"url\":\"https:\/\/puntodincontro.mx\/wp-content\/uploads\/2021\/08\/Default-image-for-open-graph-settings.jpg\",\"contentUrl\":\"https:\/\/puntodincontro.mx\/wp-content\/uploads\/2021\/08\/Default-image-for-open-graph-settings.jpg\",\"width\":1200,\"height\":630,\"caption\":\"Puntodincontro\"},\"image\":{\"@id\":\"https:\/\/puntodincontro.mx\/#\/schema\/logo\/image\/\"},\"sameAs\":[\"https:\/\/www.facebook.com\/puntodincontro.mx\",\"https:\/\/x.com\/puntodincontro\",\"https:\/\/www.instagram.com\/puntodincontro.mx\/\",\"https:\/\/www.linkedin.com\/company\/puntodincontro\/\",\"https:\/\/www.youtube.com\/c\/puntodincontromessico\",\"https:\/\/www.patreon.com\/puntodincontro\",\"https:\/\/www.threads.net\/@puntodincontro.mx\"]},{\"@type\":\"Person\",\"@id\":\"https:\/\/puntodincontro.mx\/#\/schema\/person\/d3066d18a16259cbb0c29b0d0e93b556\",\"name\":\"Puntodincontro\",\"image\":{\"@type\":\"ImageObject\",\"inLanguage\":\"es\",\"@id\":\"https:\/\/puntodincontro.mx\/#\/schema\/person\/image\/\",\"url\":\"https:\/\/secure.gravatar.com\/avatar\/0e85b4b3b5e9d6bfcec6a4956d8cc63a?s=96&d=mm&r=g\",\"contentUrl\":\"https:\/\/secure.gravatar.com\/avatar\/0e85b4b3b5e9d6bfcec6a4956d8cc63a?s=96&d=mm&r=g\",\"caption\":\"Puntodincontro\"},\"url\":\"https:\/\/puntodincontro.mx\/es\/author\/puntodincontro\/\"}]}<\/script>\n<!-- \/ Yoast SEO Premium plugin. -->","yoast_head_json":{"title":"M\u00e9xico: misi\u00f3n del Embajador Modiano en San Luis Potos\u00ed","description":"El embajador de Italia en M\u00e9xico, Alessandro Modiano, realiz\u00f3 una misi\u00f3n a San Luis Potos\u00ed el 11 de marzo.","robots":{"index":"index","follow":"follow","max-snippet":"max-snippet:-1","max-image-preview":"max-image-preview:large","max-video-preview":"max-video-preview:-1"},"canonical":"https:\/\/puntodincontro.mx\/es\/2026\/03\/16\/mexico-mision-del-embajador-alessandro-modiano-en-san-luis-potosi\/","og_locale":"es_MX","og_type":"article","og_title":"Messico, missione a San Luis Potos\u00ed dell\u2019Ambasciatore Alessandro Modiano","og_description":"L\u2019Ambasciatore d\u2019Italia in Messico, Alessandro Modiano, ha effettuato l\u201911 marzo una missione a San Luis Potos\u00ed.","og_url":"https:\/\/puntodincontro.mx\/es\/2026\/03\/16\/mexico-mision-del-embajador-alessandro-modiano-en-san-luis-potosi\/","og_site_name":"Puntodincontro","article_publisher":"https:\/\/www.facebook.com\/puntodincontro.mx","article_published_time":"2026-03-16T14:42:25+00:00","article_modified_time":"2026-03-16T14:42:26+00:00","og_image":[{"width":932,"height":488,"url":"https:\/\/puntodincontro.mx\/wp-content\/uploads\/2026\/03\/modianoslppuntocomp.jpg","type":"image\/jpeg"}],"author":"Puntodincontro","twitter_card":"summary_large_image","twitter_creator":"@puntodincontro","twitter_site":"@puntodincontro","twitter_misc":{"Escrito por":"Puntodincontro","Tiempo de lectura":"2 minutos"},"schema":{"@context":"https:\/\/schema.org","@graph":[{"@type":"NewsArticle","@id":"https:\/\/puntodincontro.mx\/2026\/03\/16\/messico-missione-a-san-luis-potosi-dellambasciatore-alessandro-modiano\/#article","isPartOf":{"@id":"https:\/\/puntodincontro.mx\/2026\/03\/16\/messico-missione-a-san-luis-potosi-dellambasciatore-alessandro-modiano\/"},"author":{"name":"Puntodincontro","@id":"https:\/\/puntodincontro.mx\/#\/schema\/person\/d3066d18a16259cbb0c29b0d0e93b556"},"headline":"Messico, missione a San Luis Potos\u00ed dell\u2019Ambasciatore Alessandro Modiano","datePublished":"2026-03-16T14:42:25+00:00","dateModified":"2026-03-16T14:42:26+00:00","mainEntityOfPage":{"@id":"https:\/\/puntodincontro.mx\/2026\/03\/16\/messico-missione-a-san-luis-potosi-dellambasciatore-alessandro-modiano\/"},"wordCount":349,"commentCount":0,"publisher":{"@id":"https:\/\/puntodincontro.mx\/#organization"},"image":{"@id":"https:\/\/puntodincontro.mx\/2026\/03\/16\/messico-missione-a-san-luis-potosi-dellambasciatore-alessandro-modiano\/#primaryimage"},"thumbnailUrl":"https:\/\/puntodincontro.mx\/wp-content\/uploads\/2026\/03\/modianoslppuntovert.webp","articleSection":["Italia in Messico"],"inLanguage":"es","potentialAction":[{"@type":"CommentAction","name":"Comment","target":["https:\/\/puntodincontro.mx\/2026\/03\/16\/messico-missione-a-san-luis-potosi-dellambasciatore-alessandro-modiano\/#respond"]}]},{"@type":"WebPage","@id":"https:\/\/puntodincontro.mx\/2026\/03\/16\/messico-missione-a-san-luis-potosi-dellambasciatore-alessandro-modiano\/","url":"https:\/\/puntodincontro.mx\/2026\/03\/16\/messico-missione-a-san-luis-potosi-dellambasciatore-alessandro-modiano\/","name":"M\u00e9xico: misi\u00f3n del Embajador Modiano en San Luis Potos\u00ed","isPartOf":{"@id":"https:\/\/puntodincontro.mx\/#website"},"primaryImageOfPage":{"@id":"https:\/\/puntodincontro.mx\/2026\/03\/16\/messico-missione-a-san-luis-potosi-dellambasciatore-alessandro-modiano\/#primaryimage"},"image":{"@id":"https:\/\/puntodincontro.mx\/2026\/03\/16\/messico-missione-a-san-luis-potosi-dellambasciatore-alessandro-modiano\/#primaryimage"},"thumbnailUrl":"https:\/\/puntodincontro.mx\/wp-content\/uploads\/2026\/03\/modianoslppuntovert.webp","datePublished":"2026-03-16T14:42:25+00:00","dateModified":"2026-03-16T14:42:26+00:00","description":"El embajador de Italia en M\u00e9xico, Alessandro Modiano, realiz\u00f3 una misi\u00f3n a San Luis Potos\u00ed el 11 de marzo.","breadcrumb":{"@id":"https:\/\/puntodincontro.mx\/2026\/03\/16\/messico-missione-a-san-luis-potosi-dellambasciatore-alessandro-modiano\/#breadcrumb"},"inLanguage":"es","potentialAction":[{"@type":"ReadAction","target":["https:\/\/puntodincontro.mx\/2026\/03\/16\/messico-missione-a-san-luis-potosi-dellambasciatore-alessandro-modiano\/"]}]},{"@type":"ImageObject","inLanguage":"es","@id":"https:\/\/puntodincontro.mx\/2026\/03\/16\/messico-missione-a-san-luis-potosi-dellambasciatore-alessandro-modiano\/#primaryimage","url":"https:\/\/puntodincontro.mx\/wp-content\/uploads\/2026\/03\/modianoslppuntovert.webp","contentUrl":"https:\/\/puntodincontro.mx\/wp-content\/uploads\/2026\/03\/modianoslppuntovert.webp","width":423,"height":488,"caption":"Messico, missione a San Luis Potos\u00ed dell\u2019Ambasciatore Alessandro Modiano \/ Foto: X @Al_Modiano"},{"@type":"BreadcrumbList","@id":"https:\/\/puntodincontro.mx\/2026\/03\/16\/messico-missione-a-san-luis-potosi-dellambasciatore-alessandro-modiano\/#breadcrumb","itemListElement":[{"@type":"ListItem","position":1,"name":"Home","item":"https:\/\/puntodincontro.mx\/"},{"@type":"ListItem","position":2,"name":"Messico, missione a San Luis Potos\u00ed dell\u2019Ambasciatore Alessandro Modiano"}]},{"@type":"WebSite","@id":"https:\/\/puntodincontro.mx\/#website","url":"https:\/\/puntodincontro.mx\/","name":"Puntodincontro","description":"Desde el 2006 noticias sobre las relaciones entre Italia y M\u00e9xico \/ Dal 2006 notizie sui rapporti Italia-Messico","publisher":{"@id":"https:\/\/puntodincontro.mx\/#organization"},"potentialAction":[{"@type":"SearchAction","target":{"@type":"EntryPoint","urlTemplate":"https:\/\/puntodincontro.mx\/?s={search_term_string}"},"query-input":{"@type":"PropertyValueSpecification","valueRequired":true,"valueName":"search_term_string"}}],"inLanguage":"es"},{"@type":"Organization","@id":"https:\/\/puntodincontro.mx\/#organization","name":"Puntodincontro","url":"https:\/\/puntodincontro.mx\/","logo":{"@type":"ImageObject","inLanguage":"es","@id":"https:\/\/puntodincontro.mx\/#\/schema\/logo\/image\/","url":"https:\/\/puntodincontro.mx\/wp-content\/uploads\/2021\/08\/Default-image-for-open-graph-settings.jpg","contentUrl":"https:\/\/puntodincontro.mx\/wp-content\/uploads\/2021\/08\/Default-image-for-open-graph-settings.jpg","width":1200,"height":630,"caption":"Puntodincontro"},"image":{"@id":"https:\/\/puntodincontro.mx\/#\/schema\/logo\/image\/"},"sameAs":["https:\/\/www.facebook.com\/puntodincontro.mx","https:\/\/x.com\/puntodincontro","https:\/\/www.instagram.com\/puntodincontro.mx\/","https:\/\/www.linkedin.com\/company\/puntodincontro\/","https:\/\/www.youtube.com\/c\/puntodincontromessico","https:\/\/www.patreon.com\/puntodincontro","https:\/\/www.threads.net\/@puntodincontro.mx"]},{"@type":"Person","@id":"https:\/\/puntodincontro.mx\/#\/schema\/person\/d3066d18a16259cbb0c29b0d0e93b556","name":"Puntodincontro","image":{"@type":"ImageObject","inLanguage":"es","@id":"https:\/\/puntodincontro.mx\/#\/schema\/person\/image\/","url":"https:\/\/secure.gravatar.com\/avatar\/0e85b4b3b5e9d6bfcec6a4956d8cc63a?s=96&d=mm&r=g","contentUrl":"https:\/\/secure.gravatar.com\/avatar\/0e85b4b3b5e9d6bfcec6a4956d8cc63a?s=96&d=mm&r=g","caption":"Puntodincontro"},"url":"https:\/\/puntodincontro.mx\/es\/author\/puntodincontro\/"}]}},"_links":{"self":[{"href":"https:\/\/puntodincontro.mx\/es\/wp-json\/wp\/v2\/posts\/25469"}],"collection":[{"href":"https:\/\/puntodincontro.mx\/es\/wp-json\/wp\/v2\/posts"}],"about":[{"href":"https:\/\/puntodincontro.mx\/es\/wp-json\/wp\/v2\/types\/post"}],"author":[{"embeddable":true,"href":"https:\/\/puntodincontro.mx\/es\/wp-json\/wp\/v2\/users\/2"}],"replies":[{"embeddable":true,"href":"https:\/\/puntodincontro.mx\/es\/wp-json\/wp\/v2\/comments?post=25469"}],"version-history":[{"count":5,"href":"https:\/\/puntodincontro.mx\/es\/wp-json\/wp\/v2\/posts\/25469\/revisions"}],"predecessor-version":[{"id":25474,"href":"https:\/\/puntodincontro.mx\/es\/wp-json\/wp\/v2\/posts\/25469\/revisions\/25474"}],"wp:featuredmedia":[{"embeddable":true,"href":"https:\/\/puntodincontro.mx\/es\/wp-json\/wp\/v2\/media\/25475"}],"wp:attachment":[{"href":"https:\/\/puntodincontro.mx\/es\/wp-json\/wp\/v2\/media?parent=25469"}],"wp:term":[{"taxonomy":"category","embeddable":true,"href":"https:\/\/puntodincontro.mx\/es\/wp-json\/wp\/v2\/categories?post=25469"},{"taxonomy":"post_tag","embeddable":true,"href":"https:\/\/puntodincontro.mx\/es\/wp-json\/wp\/v2\/tags?post=25469"}],"curies":[{"name":"wp","href":"https:\/\/api.w.org\/{rel}","templated":true}]}}