{"id":25477,"date":"2026-03-16T13:49:20","date_gmt":"2026-03-16T19:49:20","guid":{"rendered":"https:\/\/puntodincontro.mx\/?p=25477"},"modified":"2026-03-16T15:40:06","modified_gmt":"2026-03-16T21:40:06","slug":"puntodincontro-2006-2026-veinte-anos-de-historias-entre-dos-mundos","status":"publish","type":"post","link":"https:\/\/puntodincontro.mx\/es\/2026\/03\/16\/puntodincontro-2006-2026-ventanni-di-storie-tra-due-mondi\/","title":{"rendered":"Puntodincontro 2006-2026: vent&#8217;anni di storie tra due mondi"},"content":{"rendered":"<p class=\"translation-block\"><strong>13:12 h<\/strong> - El 16 de marzo de 2006, con el t\u00edtulo <em>Testa a testa tra Prodi e Berlusconi<\/em> \u2014en el que se analizaba la situaci\u00f3n pol\u00edtica italiana a pocas semanas de las elecciones generales de aquel a\u00f1o\u2014 nac\u00eda oficialmente Puntodincontro. Hoy celebramos veinte a\u00f1os de periodismo independiente, dos d\u00e9cadas dedicadas a tejer una red invisible, pero s\u00f3lida, entre ambas orillas del Atl\u00e1ntico.<\/p>\n\n\n\n<p>En estos veinte a\u00f1os, el peri\u00f3dico se ha convertido en una br\u00fajula para los italianos en M\u00e9xico y para los mexicanos en Italia. Por sus p\u00e1ginas han pasado cr\u00f3nicas que marcaron una \u00e9poca: desde an\u00e1lisis geopol\u00edticos hasta momentos de crisis global. Es imposible no recordar el art\u00edculo de enero de 2020 que reportaba la primera aparici\u00f3n de un virus entonces desconocido, destinado a convertirse en la pandemia de Covid-19, o las innumerables investigaciones sobre las reformas electorales para el voto en el extranjero.<\/p>\n\n\n\n<p>Puntodincontro no es solo un sitio web: es una instituci\u00f3n cuya autoridad ha trascendido las fronteras digitales. Nuestras entrevistas y reportajes de fondo han sido retomados y transmitidos por importantes emisoras como Rai, Rai Radio 2 e inBlu2000 en Italia, as\u00ed como por TV Azteca y TV UNAM en M\u00e9xico, consolidando nuestro papel como fuente primaria para las relaciones diplom\u00e1ticas, econ\u00f3micas, cient\u00edficas, culturales y tur\u00edsticas entre ambas naciones.<\/p>\n\n\n\n<p>Este logro no habr\u00eda sido posible sin la ayuda de quienes creen en la informaci\u00f3n de calidad. La redacci\u00f3n desea agradecer profundamente a la Embajada de Italia en M\u00e9xico por su constante colaboraci\u00f3n. Un agradecimiento especial a las instituciones, empresas y asociaciones patrocinadoras, entre ellas la C\u00e1mara de Comercio Italiana en M\u00e9xico, Cannizzo, la Asociaci\u00f3n Italiana de Asistencia, Remo\u2019s, Prinsel, Alquemia Italiana, Maccaferri de M\u00e9xico, el Patronato Ital, Enit, Corix y 9 Colonne.<\/p>\n\n\n\n<p>Nuestro reconocimiento m\u00e1s sincero va tambi\u00e9n para los donadores individuales que nos apoyaron y los que lo siguen haciendo. Su respaldo garantiza nuestra independencia: gracias de todo coraz\u00f3n a Adalberto Cortesi, Ferrucio y Elena Tinghi, Isabelle y Giovanni Aloi, Anna y Vittorio Sacchi, Franco Zullo, Vincenzo D\u2019Elia, Giulio, Emma y Andrew Chiesa, Marina Galzerano, Gianni, Alessandro y Alessandra Barzizza, Eugenia Vignau, Cecile de Mauleon, Alberto del R\u00edo, Clemente Cabello, Massimo Foglia, Vincenzo Ammendola, Antonio Mariniello, Ileana y Daniela Zumpano, David Hern\u00e1ndez y Edgar Rogelio Zanella. Junto con ustedes, Puntodincontro seguir\u00e1 siendo, durante los pr\u00f3ximos veinte a\u00f1os, la voz de quienes viven, aman y trabajan entre Italia y M\u00e9xico.<\/p>\n\n\n\n<p class=\"has-small-font-size\">Imagen: Puntodincontro<\/p>\n\n\n\n<div style=\"height:12px\" aria-hidden=\"true\" class=\"wp-block-spacer\"><\/div>\n\n\n<!-- Ad space powered by WP AdCenter v2.5.7 - https:\/\/wpadcenter.com\/ --><div class=\"wpadcenter-adgroup\" ><div class=\"wpadcenter-adgroup__row wpadcenter-aligncenter\"><div class=\"wpadcenter-ad-container\" ><div id=\"wpadcenter-ad-18464\" class=\"ad-placement\"><div class=\"wpadcenter-ad-inner\" ><a id=\"wpadcenter_ad\" data-value=\"18464\" data-placement=\"\" href=\"https:\/\/www.productosremo.com\/\" target=\"_blank\" class=\"wpadcenter-ad-inner__item\" ><img decoding=\"async\"   src=\"https:\/\/puntodincontro.mx\/wp-content\/uploads\/2021\/08\/remobanner.jpg\" class=\"attachment-post-thumbnail size-post-thumbnail wp-post-image\" alt=\"\" srcset=\"https:\/\/puntodincontro.mx\/wp-content\/uploads\/2021\/08\/remobanner.jpg 200w, https:\/\/puntodincontro.mx\/wp-content\/uploads\/2021\/08\/remobanner-16x5.jpg 16w\" sizes=\"(max-width: 200px) 100vw, 200px\" \/><\/a><\/div><\/div><\/div><div class=\"wpadcenter-ad-container\" ><div id=\"wpadcenter-ad-5305\" class=\"ad-placement\"><div class=\"wpadcenter-ad-inner\" ><a id=\"wpadcenter_ad\" data-value=\"5305\" data-placement=\"\" href=\"https:\/\/ambcittadelmessico.esteri.it\/ambasciata_cittadelmessico\/it\/\" target=\"_blank\" class=\"wpadcenter-ad-inner__item\" ><img decoding=\"async\"   src=\"https:\/\/puntodincontro.mx\/wp-content\/uploads\/2022\/05\/Ambasciata.jpg\" class=\"attachment-post-thumbnail size-post-thumbnail wp-post-image\" alt=\"\" srcset=\"https:\/\/puntodincontro.mx\/wp-content\/uploads\/2022\/05\/Ambasciata.jpg 200w, https:\/\/puntodincontro.mx\/wp-content\/uploads\/2022\/05\/Ambasciata-18x5.jpg 18w\" sizes=\"(max-width: 200px) 100vw, 200px\" \/><\/a><\/div><\/div><\/div><div class=\"wpadcenter-ad-container\" ><div id=\"wpadcenter-ad-3781\" class=\"ad-placement\"><div class=\"wpadcenter-ad-inner\" ><a id=\"wpadcenter_ad\" data-value=\"3781\" data-placement=\"\" href=\"https:\/\/cannizzo.com.mx\/\" target=\"_blank\" class=\"wpadcenter-ad-inner__item\" ><img decoding=\"async\"   src=\"https:\/\/puntodincontro.mx\/wp-content\/uploads\/2022\/03\/cannizzo2.jpg\" class=\"attachment-post-thumbnail size-post-thumbnail wp-post-image\" alt=\"\" srcset=\"https:\/\/puntodincontro.mx\/wp-content\/uploads\/2022\/03\/cannizzo2.jpg 200w, https:\/\/puntodincontro.mx\/wp-content\/uploads\/2022\/03\/cannizzo2-18x5.jpg 18w\" sizes=\"(max-width: 200px) 100vw, 200px\" \/><\/a><\/div><\/div><\/div><\/div><div class=\"wpadcenter-adgroup__row wpadcenter-aligncenter\"><div class=\"wpadcenter-ad-container\" ><div id=\"wpadcenter-ad-1704\" class=\"ad-placement\"><div class=\"wpadcenter-ad-inner\" ><a id=\"wpadcenter_ad\" data-value=\"1704\" data-placement=\"\" href=\"https:\/\/puntodincontro.mx\/es\/2021\/12\/24\/inps-verificacion-de-supervivencia-de-los-pensionados-en-el-extranjero\/\" target=\"_blank\" class=\"wpadcenter-ad-inner__item\" ><img decoding=\"async\"   src=\"https:\/\/puntodincontro.mx\/wp-content\/uploads\/2021\/11\/logo-ital.jpg\" class=\"attachment-post-thumbnail size-post-thumbnail wp-post-image\" alt=\"Patronato ITAL Messico\" srcset=\"https:\/\/puntodincontro.mx\/wp-content\/uploads\/2021\/11\/logo-ital.jpg 200w, https:\/\/puntodincontro.mx\/wp-content\/uploads\/2021\/11\/logo-ital-16x5.jpg 16w\" sizes=\"(max-width: 200px) 100vw, 200px\" \/><\/a><\/div><\/div><\/div><div class=\"wpadcenter-ad-container\" ><div id=\"wpadcenter-ad-1538\" class=\"ad-placement\"><div class=\"wpadcenter-ad-inner\" ><a id=\"wpadcenter_ad\" data-value=\"1538\" data-placement=\"\" href=\"https:\/\/asociacionitaliana.org\/\" target=\"_blank\" class=\"wpadcenter-ad-inner__item\" ><img decoding=\"async\"   src=\"https:\/\/puntodincontro.mx\/wp-content\/uploads\/2021\/11\/aialogo.jpg\" class=\"attachment-post-thumbnail size-post-thumbnail wp-post-image\" alt=\"Associazione Italiana di Assistenza IAP\" srcset=\"https:\/\/puntodincontro.mx\/wp-content\/uploads\/2021\/11\/aialogo.jpg 200w, https:\/\/puntodincontro.mx\/wp-content\/uploads\/2021\/11\/aialogo-18x5.jpg 18w\" sizes=\"(max-width: 200px) 100vw, 200px\" \/><\/a><\/div><\/div><\/div><div class=\"wpadcenter-ad-container\" ><div id=\"wpadcenter-ad-1513\" class=\"ad-placement\"><div class=\"wpadcenter-ad-inner\" ><a id=\"wpadcenter_ad\" data-value=\"1513\" data-placement=\"\" href=\"https:\/\/gcinmuebles.mx\" target=\"_blank\" class=\"wpadcenter-ad-inner__item\" ><img decoding=\"async\"   src=\"https:\/\/puntodincontro.mx\/wp-content\/uploads\/2021\/10\/gcinmuebleslogopunto-1.jpg\" class=\"attachment-post-thumbnail size-post-thumbnail wp-post-image\" alt=\"\" srcset=\"https:\/\/puntodincontro.mx\/wp-content\/uploads\/2021\/10\/gcinmuebleslogopunto-1.jpg 200w, https:\/\/puntodincontro.mx\/wp-content\/uploads\/2021\/10\/gcinmuebleslogopunto-1-18x5.jpg 18w\" sizes=\"(max-width: 200px) 100vw, 200px\" \/><\/a><\/div><\/div><\/div><\/div><div class=\"wpadcenter-adgroup__row wpadcenter-aligncenter\"><div class=\"wpadcenter-ad-container\" ><div id=\"wpadcenter-ad-1374\" class=\"ad-placement\"><div class=\"wpadcenter-ad-inner\" ><a id=\"wpadcenter_ad\" data-value=\"1374\" data-placement=\"\" href=\"https:\/\/www.9colonne.it\/\" target=\"_blank\" class=\"wpadcenter-ad-inner__item\" ><img decoding=\"async\"   src=\"https:\/\/puntodincontro.mx\/wp-content\/uploads\/2021\/10\/Banner9colonne.gif\" class=\"attachment-post-thumbnail size-post-thumbnail wp-post-image\" alt=\"\" \/><\/a><\/div><\/div><\/div><div class=\"wpadcenter-ad-container\" ><div id=\"wpadcenter-ad-276\" class=\"ad-placement\"><div class=\"wpadcenter-ad-inner\" ><a id=\"wpadcenter_ad\" data-value=\"276\" data-placement=\"\" href=\"http:\/\/www.camaraitaliana.mx\/\" target=\"_blank\" class=\"wpadcenter-ad-inner__item\" ><img decoding=\"async\"   src=\"https:\/\/puntodincontro.mx\/wp-content\/uploads\/2021\/08\/ccimnuovo.jpg\" class=\"attachment-post-thumbnail size-post-thumbnail wp-post-image\" alt=\"\" srcset=\"https:\/\/puntodincontro.mx\/wp-content\/uploads\/2021\/08\/ccimnuovo.jpg 200w, https:\/\/puntodincontro.mx\/wp-content\/uploads\/2021\/08\/ccimnuovo-18x5.jpg 18w\" sizes=\"(max-width: 200px) 100vw, 200px\" \/><\/a><\/div><\/div><\/div><div class=\"wpadcenter-ad-container\" ><div id=\"wpadcenter-ad-272\" class=\"ad-placement\"><div class=\"wpadcenter-ad-inner\" ><a id=\"wpadcenter_ad\" data-value=\"272\" data-placement=\"\" href=\"http:\/\/corix.us\/\" target=\"_blank\" class=\"wpadcenter-ad-inner__item\" ><img decoding=\"async\"   src=\"https:\/\/puntodincontro.mx\/wp-content\/uploads\/2021\/08\/corixbanner-1.jpg\" class=\"attachment-post-thumbnail size-post-thumbnail wp-post-image\" alt=\"\" srcset=\"https:\/\/puntodincontro.mx\/wp-content\/uploads\/2021\/08\/corixbanner-1.jpg 200w, https:\/\/puntodincontro.mx\/wp-content\/uploads\/2021\/08\/corixbanner-1-16x5.jpg 16w\" sizes=\"(max-width: 200px) 100vw, 200px\" \/><\/a><\/div><\/div><\/div><\/div><div class=\"wpadcenter-adgroup__row wpadcenter-aligncenter\"><div class=\"wpadcenter-ad-container\" ><div id=\"wpadcenter-ad-266\" class=\"ad-placement\"><div class=\"wpadcenter-ad-inner\" ><a id=\"wpadcenter_ad\" data-value=\"266\" data-placement=\"\" href=\"https:\/\/www.prinsel.com.mx\/\" target=\"_blank\" class=\"wpadcenter-ad-inner__item\" ><img decoding=\"async\"   src=\"https:\/\/puntodincontro.mx\/wp-content\/uploads\/2021\/08\/prinselbanner-1.jpg\" class=\"attachment-post-thumbnail size-post-thumbnail wp-post-image\" alt=\"\" srcset=\"https:\/\/puntodincontro.mx\/wp-content\/uploads\/2021\/08\/prinselbanner-1.jpg 200w, https:\/\/puntodincontro.mx\/wp-content\/uploads\/2021\/08\/prinselbanner-1-16x5.jpg 16w\" sizes=\"(max-width: 200px) 100vw, 200px\" \/><\/a><\/div><\/div><\/div><div class=\"wpadcenter-ad-container\" ><div id=\"wpadcenter-ad-261\" class=\"ad-placement\"><div class=\"wpadcenter-ad-inner\" ><a id=\"wpadcenter_ad\" data-value=\"261\" data-placement=\"\" href=\"https:\/\/faitalia.com.mx\/\" target=\"_blank\" class=\"wpadcenter-ad-inner__item\" ><img decoding=\"async\"   src=\"https:\/\/puntodincontro.mx\/wp-content\/uploads\/2021\/08\/gruppodino.jpg\" class=\"attachment-post-thumbnail size-post-thumbnail wp-post-image\" alt=\"\" srcset=\"https:\/\/puntodincontro.mx\/wp-content\/uploads\/2021\/08\/gruppodino.jpg 200w, https:\/\/puntodincontro.mx\/wp-content\/uploads\/2021\/08\/gruppodino-18x5.jpg 18w\" sizes=\"(max-width: 200px) 100vw, 200px\" \/><\/a><\/div><\/div><\/div><\/div><\/div>\n\n\n<div style=\"height:12px\" aria-hidden=\"true\" class=\"wp-block-spacer\"><\/div>","protected":false},"excerpt":{"rendered":"<p>Ore 13.12 &#8211; Il 16 marzo 2006, con il titolo Testa a testa tra Prodi e Berlusconi \u2014che analizzava la situazione politica italiana a poche settimane dalle elezioni politiche di quell&#8217;anno\u2014 nasceva ufficialmente Puntodincontro. Oggi celebriamo vent\u2019anni di giornalismo indipendente, due decenni trascorsi a tessere una tela invisibile, ma robustissima, tra le due sponde dell\u2019Atlantico. In questo ventennio, il giornale \u00e8 diventato una bussola per gli italiani in Messico e per i messicani in Italia. Tra le sue pagine sono passate cronache che hanno segnato un\u2019epoca: dalle analisi geopolitiche ai momenti di crisi globale. Impossibile non ricordare l\u2019articolo del gennaio&#8230; <\/p>","protected":false},"author":2,"featured_media":25481,"comment_status":"open","ping_status":"open","sticky":false,"template":"","format":"standard","meta":{"_monsterinsights_skip_tracking":false,"_monsterinsights_sitenote_active":false,"_monsterinsights_sitenote_note":"","_monsterinsights_sitenote_category":0,"footnotes":""},"categories":[4],"tags":[],"class_list":["post-25477","post","type-post","status-publish","format-standard","has-post-thumbnail","hentry","category-italia-in-messico"],"yoast_head":"<!-- This site is optimized with the Yoast SEO Premium plugin v18.4 (Yoast SEO v25.6) - https:\/\/yoast.com\/wordpress\/plugins\/seo\/ -->\n<title>Puntodincontro 2006-2026: vent&#039;anni di storie tra due mondi<\/title>\n<meta name=\"description\" content=\"Il 16 marzo 2006, con il titolo &#039;Testa a testa tra Prodi e Berlusconi&#039; nasceva ufficialmente Puntodincontro.\" \/>\n<meta name=\"robots\" content=\"index, follow, max-snippet:-1, max-image-preview:large, max-video-preview:-1\" \/>\n<link rel=\"canonical\" href=\"https:\/\/puntodincontro.mx\/es\/2026\/03\/16\/puntodincontro-2006-2026-veinte-anos-de-historias-entre-dos-mundos\/\" \/>\n<meta property=\"og:locale\" content=\"es_MX\" \/>\n<meta property=\"og:type\" content=\"article\" \/>\n<meta property=\"og:title\" content=\"Puntodincontro 2006-2026: vent&#039;anni di storie tra due mondi\" \/>\n<meta property=\"og:description\" content=\"Il 16 marzo 2006, con il titolo &#039;Testa a testa tra Prodi e Berlusconi&#039; nasceva ufficialmente Puntodincontro.\" \/>\n<meta property=\"og:url\" content=\"https:\/\/puntodincontro.mx\/es\/2026\/03\/16\/puntodincontro-2006-2026-veinte-anos-de-historias-entre-dos-mundos\/\" \/>\n<meta property=\"og:site_name\" content=\"Puntodincontro\" \/>\n<meta property=\"article:publisher\" content=\"https:\/\/www.facebook.com\/puntodincontro.mx\" \/>\n<meta property=\"article:published_time\" content=\"2026-03-16T19:49:20+00:00\" \/>\n<meta property=\"article:modified_time\" content=\"2026-03-16T21:40:06+00:00\" \/>\n<meta property=\"og:image\" content=\"https:\/\/puntodincontro.mx\/wp-content\/uploads\/2026\/03\/punto20annicomp.jpg\" \/>\n\t<meta property=\"og:image:width\" content=\"932\" \/>\n\t<meta property=\"og:image:height\" content=\"488\" \/>\n\t<meta property=\"og:image:type\" content=\"image\/jpeg\" \/>\n<meta name=\"author\" content=\"Puntodincontro\" \/>\n<meta name=\"twitter:card\" content=\"summary_large_image\" \/>\n<meta name=\"twitter:creator\" content=\"@puntodincontro\" \/>\n<meta name=\"twitter:site\" content=\"@puntodincontro\" \/>\n<meta name=\"twitter:label1\" content=\"Escrito por\" \/>\n\t<meta name=\"twitter:data1\" content=\"Puntodincontro\" \/>\n\t<meta name=\"twitter:label2\" content=\"Tiempo de lectura\" \/>\n\t<meta name=\"twitter:data2\" content=\"2 minutos\" \/>\n<script type=\"application\/ld+json\" class=\"yoast-schema-graph\">{\"@context\":\"https:\/\/schema.org\",\"@graph\":[{\"@type\":\"NewsArticle\",\"@id\":\"https:\/\/puntodincontro.mx\/2026\/03\/16\/puntodincontro-2006-2026-ventanni-di-storie-tra-due-mondi\/#article\",\"isPartOf\":{\"@id\":\"https:\/\/puntodincontro.mx\/2026\/03\/16\/puntodincontro-2006-2026-ventanni-di-storie-tra-due-mondi\/\"},\"author\":{\"name\":\"Puntodincontro\",\"@id\":\"https:\/\/puntodincontro.mx\/#\/schema\/person\/d3066d18a16259cbb0c29b0d0e93b556\"},\"headline\":\"Puntodincontro 2006-2026: vent&#8217;anni di storie tra due mondi\",\"datePublished\":\"2026-03-16T19:49:20+00:00\",\"dateModified\":\"2026-03-16T21:40:06+00:00\",\"mainEntityOfPage\":{\"@id\":\"https:\/\/puntodincontro.mx\/2026\/03\/16\/puntodincontro-2006-2026-ventanni-di-storie-tra-due-mondi\/\"},\"wordCount\":399,\"commentCount\":2,\"publisher\":{\"@id\":\"https:\/\/puntodincontro.mx\/#organization\"},\"image\":{\"@id\":\"https:\/\/puntodincontro.mx\/2026\/03\/16\/puntodincontro-2006-2026-ventanni-di-storie-tra-due-mondi\/#primaryimage\"},\"thumbnailUrl\":\"https:\/\/puntodincontro.mx\/wp-content\/uploads\/2026\/03\/punto20annivert.webp\",\"articleSection\":[\"Italia in Messico\"],\"inLanguage\":\"es\",\"potentialAction\":[{\"@type\":\"CommentAction\",\"name\":\"Comment\",\"target\":[\"https:\/\/puntodincontro.mx\/2026\/03\/16\/puntodincontro-2006-2026-ventanni-di-storie-tra-due-mondi\/#respond\"]}]},{\"@type\":\"WebPage\",\"@id\":\"https:\/\/puntodincontro.mx\/2026\/03\/16\/puntodincontro-2006-2026-ventanni-di-storie-tra-due-mondi\/\",\"url\":\"https:\/\/puntodincontro.mx\/2026\/03\/16\/puntodincontro-2006-2026-ventanni-di-storie-tra-due-mondi\/\",\"name\":\"Puntodincontro 2006-2026: vent'anni di storie tra due mondi\",\"isPartOf\":{\"@id\":\"https:\/\/puntodincontro.mx\/#website\"},\"primaryImageOfPage\":{\"@id\":\"https:\/\/puntodincontro.mx\/2026\/03\/16\/puntodincontro-2006-2026-ventanni-di-storie-tra-due-mondi\/#primaryimage\"},\"image\":{\"@id\":\"https:\/\/puntodincontro.mx\/2026\/03\/16\/puntodincontro-2006-2026-ventanni-di-storie-tra-due-mondi\/#primaryimage\"},\"thumbnailUrl\":\"https:\/\/puntodincontro.mx\/wp-content\/uploads\/2026\/03\/punto20annivert.webp\",\"datePublished\":\"2026-03-16T19:49:20+00:00\",\"dateModified\":\"2026-03-16T21:40:06+00:00\",\"description\":\"Il 16 marzo 2006, con il titolo 'Testa a testa tra Prodi e Berlusconi' nasceva ufficialmente Puntodincontro.\",\"breadcrumb\":{\"@id\":\"https:\/\/puntodincontro.mx\/2026\/03\/16\/puntodincontro-2006-2026-ventanni-di-storie-tra-due-mondi\/#breadcrumb\"},\"inLanguage\":\"es\",\"potentialAction\":[{\"@type\":\"ReadAction\",\"target\":[\"https:\/\/puntodincontro.mx\/2026\/03\/16\/puntodincontro-2006-2026-ventanni-di-storie-tra-due-mondi\/\"]}]},{\"@type\":\"ImageObject\",\"inLanguage\":\"es\",\"@id\":\"https:\/\/puntodincontro.mx\/2026\/03\/16\/puntodincontro-2006-2026-ventanni-di-storie-tra-due-mondi\/#primaryimage\",\"url\":\"https:\/\/puntodincontro.mx\/wp-content\/uploads\/2026\/03\/punto20annivert.webp\",\"contentUrl\":\"https:\/\/puntodincontro.mx\/wp-content\/uploads\/2026\/03\/punto20annivert.webp\",\"width\":423,\"height\":488,\"caption\":\"Puntodincontro 2006-2026: vent'anni di storie tra due mondi \/ Immagine: Puntodincontro\"},{\"@type\":\"BreadcrumbList\",\"@id\":\"https:\/\/puntodincontro.mx\/2026\/03\/16\/puntodincontro-2006-2026-ventanni-di-storie-tra-due-mondi\/#breadcrumb\",\"itemListElement\":[{\"@type\":\"ListItem\",\"position\":1,\"name\":\"Home\",\"item\":\"https:\/\/puntodincontro.mx\/\"},{\"@type\":\"ListItem\",\"position\":2,\"name\":\"Puntodincontro 2006-2026: vent&#8217;anni di storie tra due mondi\"}]},{\"@type\":\"WebSite\",\"@id\":\"https:\/\/puntodincontro.mx\/#website\",\"url\":\"https:\/\/puntodincontro.mx\/\",\"name\":\"Puntodincontro\",\"description\":\"Dal 2006 notizie sui rapporti Italia-Messico \/ Desde 2006 noticias sobre las relaciones entre Italia y M\u00e9xico\",\"publisher\":{\"@id\":\"https:\/\/puntodincontro.mx\/#organization\"},\"potentialAction\":[{\"@type\":\"SearchAction\",\"target\":{\"@type\":\"EntryPoint\",\"urlTemplate\":\"https:\/\/puntodincontro.mx\/?s={search_term_string}\"},\"query-input\":{\"@type\":\"PropertyValueSpecification\",\"valueRequired\":true,\"valueName\":\"search_term_string\"}}],\"inLanguage\":\"es\"},{\"@type\":\"Organization\",\"@id\":\"https:\/\/puntodincontro.mx\/#organization\",\"name\":\"Puntodincontro\",\"url\":\"https:\/\/puntodincontro.mx\/\",\"logo\":{\"@type\":\"ImageObject\",\"inLanguage\":\"es\",\"@id\":\"https:\/\/puntodincontro.mx\/#\/schema\/logo\/image\/\",\"url\":\"https:\/\/puntodincontro.mx\/wp-content\/uploads\/2021\/08\/Default-image-for-open-graph-settings.jpg\",\"contentUrl\":\"https:\/\/puntodincontro.mx\/wp-content\/uploads\/2021\/08\/Default-image-for-open-graph-settings.jpg\",\"width\":1200,\"height\":630,\"caption\":\"Puntodincontro\"},\"image\":{\"@id\":\"https:\/\/puntodincontro.mx\/#\/schema\/logo\/image\/\"},\"sameAs\":[\"https:\/\/www.facebook.com\/puntodincontro.mx\",\"https:\/\/x.com\/puntodincontro\",\"https:\/\/www.instagram.com\/puntodincontro.mx\/\",\"https:\/\/www.linkedin.com\/company\/puntodincontro\/\",\"https:\/\/www.youtube.com\/c\/puntodincontromessico\",\"https:\/\/www.patreon.com\/puntodincontro\",\"https:\/\/www.threads.net\/@puntodincontro.mx\"]},{\"@type\":\"Person\",\"@id\":\"https:\/\/puntodincontro.mx\/#\/schema\/person\/d3066d18a16259cbb0c29b0d0e93b556\",\"name\":\"Puntodincontro\",\"image\":{\"@type\":\"ImageObject\",\"inLanguage\":\"es\",\"@id\":\"https:\/\/puntodincontro.mx\/#\/schema\/person\/image\/\",\"url\":\"https:\/\/secure.gravatar.com\/avatar\/0e85b4b3b5e9d6bfcec6a4956d8cc63a?s=96&d=mm&r=g\",\"contentUrl\":\"https:\/\/secure.gravatar.com\/avatar\/0e85b4b3b5e9d6bfcec6a4956d8cc63a?s=96&d=mm&r=g\",\"caption\":\"Puntodincontro\"},\"url\":\"https:\/\/puntodincontro.mx\/es\/author\/puntodincontro\/\"}]}<\/script>\n<!-- \/ Yoast SEO Premium plugin. -->","yoast_head_json":{"title":"Puntodincontro 2006-2026: veinte a\u00f1os de historias entre dos mundos","description":"El 16 de marzo de 2006, con el t\u00edtulo 'Testa a testa tra Prodi e Berlusconi', nac\u00eda oficialmente Puntodincontro.","robots":{"index":"index","follow":"follow","max-snippet":"max-snippet:-1","max-image-preview":"max-image-preview:large","max-video-preview":"max-video-preview:-1"},"canonical":"https:\/\/puntodincontro.mx\/es\/2026\/03\/16\/puntodincontro-2006-2026-veinte-anos-de-historias-entre-dos-mundos\/","og_locale":"es_MX","og_type":"article","og_title":"Puntodincontro 2006-2026: vent'anni di storie tra due mondi","og_description":"Il 16 marzo 2006, con il titolo 'Testa a testa tra Prodi e Berlusconi' nasceva ufficialmente Puntodincontro.","og_url":"https:\/\/puntodincontro.mx\/es\/2026\/03\/16\/puntodincontro-2006-2026-veinte-anos-de-historias-entre-dos-mundos\/","og_site_name":"Puntodincontro","article_publisher":"https:\/\/www.facebook.com\/puntodincontro.mx","article_published_time":"2026-03-16T19:49:20+00:00","article_modified_time":"2026-03-16T21:40:06+00:00","og_image":[{"width":932,"height":488,"url":"https:\/\/puntodincontro.mx\/wp-content\/uploads\/2026\/03\/punto20annicomp.jpg","type":"image\/jpeg"}],"author":"Puntodincontro","twitter_card":"summary_large_image","twitter_creator":"@puntodincontro","twitter_site":"@puntodincontro","twitter_misc":{"Escrito por":"Puntodincontro","Tiempo de lectura":"2 minutos"},"schema":{"@context":"https:\/\/schema.org","@graph":[{"@type":"NewsArticle","@id":"https:\/\/puntodincontro.mx\/2026\/03\/16\/puntodincontro-2006-2026-ventanni-di-storie-tra-due-mondi\/#article","isPartOf":{"@id":"https:\/\/puntodincontro.mx\/2026\/03\/16\/puntodincontro-2006-2026-ventanni-di-storie-tra-due-mondi\/"},"author":{"name":"Puntodincontro","@id":"https:\/\/puntodincontro.mx\/#\/schema\/person\/d3066d18a16259cbb0c29b0d0e93b556"},"headline":"Puntodincontro 2006-2026: vent&#8217;anni di storie tra due mondi","datePublished":"2026-03-16T19:49:20+00:00","dateModified":"2026-03-16T21:40:06+00:00","mainEntityOfPage":{"@id":"https:\/\/puntodincontro.mx\/2026\/03\/16\/puntodincontro-2006-2026-ventanni-di-storie-tra-due-mondi\/"},"wordCount":399,"commentCount":2,"publisher":{"@id":"https:\/\/puntodincontro.mx\/#organization"},"image":{"@id":"https:\/\/puntodincontro.mx\/2026\/03\/16\/puntodincontro-2006-2026-ventanni-di-storie-tra-due-mondi\/#primaryimage"},"thumbnailUrl":"https:\/\/puntodincontro.mx\/wp-content\/uploads\/2026\/03\/punto20annivert.webp","articleSection":["Italia in Messico"],"inLanguage":"es","potentialAction":[{"@type":"CommentAction","name":"Comment","target":["https:\/\/puntodincontro.mx\/2026\/03\/16\/puntodincontro-2006-2026-ventanni-di-storie-tra-due-mondi\/#respond"]}]},{"@type":"WebPage","@id":"https:\/\/puntodincontro.mx\/2026\/03\/16\/puntodincontro-2006-2026-ventanni-di-storie-tra-due-mondi\/","url":"https:\/\/puntodincontro.mx\/2026\/03\/16\/puntodincontro-2006-2026-ventanni-di-storie-tra-due-mondi\/","name":"Puntodincontro 2006-2026: veinte a\u00f1os de historias entre dos mundos","isPartOf":{"@id":"https:\/\/puntodincontro.mx\/#website"},"primaryImageOfPage":{"@id":"https:\/\/puntodincontro.mx\/2026\/03\/16\/puntodincontro-2006-2026-ventanni-di-storie-tra-due-mondi\/#primaryimage"},"image":{"@id":"https:\/\/puntodincontro.mx\/2026\/03\/16\/puntodincontro-2006-2026-ventanni-di-storie-tra-due-mondi\/#primaryimage"},"thumbnailUrl":"https:\/\/puntodincontro.mx\/wp-content\/uploads\/2026\/03\/punto20annivert.webp","datePublished":"2026-03-16T19:49:20+00:00","dateModified":"2026-03-16T21:40:06+00:00","description":"El 16 de marzo de 2006, con el t\u00edtulo 'Testa a testa tra Prodi e Berlusconi', nac\u00eda oficialmente Puntodincontro.","breadcrumb":{"@id":"https:\/\/puntodincontro.mx\/2026\/03\/16\/puntodincontro-2006-2026-ventanni-di-storie-tra-due-mondi\/#breadcrumb"},"inLanguage":"es","potentialAction":[{"@type":"ReadAction","target":["https:\/\/puntodincontro.mx\/2026\/03\/16\/puntodincontro-2006-2026-ventanni-di-storie-tra-due-mondi\/"]}]},{"@type":"ImageObject","inLanguage":"es","@id":"https:\/\/puntodincontro.mx\/2026\/03\/16\/puntodincontro-2006-2026-ventanni-di-storie-tra-due-mondi\/#primaryimage","url":"https:\/\/puntodincontro.mx\/wp-content\/uploads\/2026\/03\/punto20annivert.webp","contentUrl":"https:\/\/puntodincontro.mx\/wp-content\/uploads\/2026\/03\/punto20annivert.webp","width":423,"height":488,"caption":"Puntodincontro 2006-2026: vent'anni di storie tra due mondi \/ Immagine: Puntodincontro"},{"@type":"BreadcrumbList","@id":"https:\/\/puntodincontro.mx\/2026\/03\/16\/puntodincontro-2006-2026-ventanni-di-storie-tra-due-mondi\/#breadcrumb","itemListElement":[{"@type":"ListItem","position":1,"name":"Home","item":"https:\/\/puntodincontro.mx\/"},{"@type":"ListItem","position":2,"name":"Puntodincontro 2006-2026: vent&#8217;anni di storie tra due mondi"}]},{"@type":"WebSite","@id":"https:\/\/puntodincontro.mx\/#website","url":"https:\/\/puntodincontro.mx\/","name":"Puntodincontro","description":"Desde el 2006 noticias sobre las relaciones entre Italia y M\u00e9xico \/ Dal 2006 notizie sui rapporti Italia-Messico","publisher":{"@id":"https:\/\/puntodincontro.mx\/#organization"},"potentialAction":[{"@type":"SearchAction","target":{"@type":"EntryPoint","urlTemplate":"https:\/\/puntodincontro.mx\/?s={search_term_string}"},"query-input":{"@type":"PropertyValueSpecification","valueRequired":true,"valueName":"search_term_string"}}],"inLanguage":"es"},{"@type":"Organization","@id":"https:\/\/puntodincontro.mx\/#organization","name":"Puntodincontro","url":"https:\/\/puntodincontro.mx\/","logo":{"@type":"ImageObject","inLanguage":"es","@id":"https:\/\/puntodincontro.mx\/#\/schema\/logo\/image\/","url":"https:\/\/puntodincontro.mx\/wp-content\/uploads\/2021\/08\/Default-image-for-open-graph-settings.jpg","contentUrl":"https:\/\/puntodincontro.mx\/wp-content\/uploads\/2021\/08\/Default-image-for-open-graph-settings.jpg","width":1200,"height":630,"caption":"Puntodincontro"},"image":{"@id":"https:\/\/puntodincontro.mx\/#\/schema\/logo\/image\/"},"sameAs":["https:\/\/www.facebook.com\/puntodincontro.mx","https:\/\/x.com\/puntodincontro","https:\/\/www.instagram.com\/puntodincontro.mx\/","https:\/\/www.linkedin.com\/company\/puntodincontro\/","https:\/\/www.youtube.com\/c\/puntodincontromessico","https:\/\/www.patreon.com\/puntodincontro","https:\/\/www.threads.net\/@puntodincontro.mx"]},{"@type":"Person","@id":"https:\/\/puntodincontro.mx\/#\/schema\/person\/d3066d18a16259cbb0c29b0d0e93b556","name":"Puntodincontro","image":{"@type":"ImageObject","inLanguage":"es","@id":"https:\/\/puntodincontro.mx\/#\/schema\/person\/image\/","url":"https:\/\/secure.gravatar.com\/avatar\/0e85b4b3b5e9d6bfcec6a4956d8cc63a?s=96&d=mm&r=g","contentUrl":"https:\/\/secure.gravatar.com\/avatar\/0e85b4b3b5e9d6bfcec6a4956d8cc63a?s=96&d=mm&r=g","caption":"Puntodincontro"},"url":"https:\/\/puntodincontro.mx\/es\/author\/puntodincontro\/"}]}},"_links":{"self":[{"href":"https:\/\/puntodincontro.mx\/es\/wp-json\/wp\/v2\/posts\/25477"}],"collection":[{"href":"https:\/\/puntodincontro.mx\/es\/wp-json\/wp\/v2\/posts"}],"about":[{"href":"https:\/\/puntodincontro.mx\/es\/wp-json\/wp\/v2\/types\/post"}],"author":[{"embeddable":true,"href":"https:\/\/puntodincontro.mx\/es\/wp-json\/wp\/v2\/users\/2"}],"replies":[{"embeddable":true,"href":"https:\/\/puntodincontro.mx\/es\/wp-json\/wp\/v2\/comments?post=25477"}],"version-history":[{"count":12,"href":"https:\/\/puntodincontro.mx\/es\/wp-json\/wp\/v2\/posts\/25477\/revisions"}],"predecessor-version":[{"id":25492,"href":"https:\/\/puntodincontro.mx\/es\/wp-json\/wp\/v2\/posts\/25477\/revisions\/25492"}],"wp:featuredmedia":[{"embeddable":true,"href":"https:\/\/puntodincontro.mx\/es\/wp-json\/wp\/v2\/media\/25481"}],"wp:attachment":[{"href":"https:\/\/puntodincontro.mx\/es\/wp-json\/wp\/v2\/media?parent=25477"}],"wp:term":[{"taxonomy":"category","embeddable":true,"href":"https:\/\/puntodincontro.mx\/es\/wp-json\/wp\/v2\/categories?post=25477"},{"taxonomy":"post_tag","embeddable":true,"href":"https:\/\/puntodincontro.mx\/es\/wp-json\/wp\/v2\/tags?post=25477"}],"curies":[{"name":"wp","href":"https:\/\/api.w.org\/{rel}","templated":true}]}}