{"id":25502,"date":"2026-03-17T10:56:29","date_gmt":"2026-03-17T16:56:29","guid":{"rendered":"https:\/\/puntodincontro.mx\/?p=25502"},"modified":"2026-03-17T10:56:30","modified_gmt":"2026-03-17T16:56:30","slug":"primera-jornada-de-salud-y-prevencion-de-la-embajada-de-mexico-en-italia","status":"publish","type":"post","link":"https:\/\/puntodincontro.mx\/es\/2026\/03\/17\/prima-giornata-di-salute-e-prevenzione-dellambasciata-del-messico-in-italia\/","title":{"rendered":"Primera jornada de salud y prevenci\u00f3n de la Embajada de M\u00e9xico en Italia"},"content":{"rendered":"<p class=\"translation-block\"><strong>10:31 h<\/strong> - La Embajada de M\u00e9xico en Italia organiz\u00f3 el pasado s\u00e1bado \u2014en colaboraci\u00f3n con la Fundaci\u00f3n Policl\u00ednico Universitario Agostino Gemelli IRCCS, Telefono Rosa, Arcigay Roma, Gay Center, Roma Check Point, Borgheresi Studio Legale, Tulsi Yoga y el Consultorio Odontol\u00f3gico Cozzolino\u2014 la primera Jornada Integral de Salud, Prevenci\u00f3n y Bienestar en la historia de la representaci\u00f3n diplom\u00e1tica dirigida a la comunidad mexicana, con especial atenci\u00f3n a las mujeres, en el marco de las actividades conmemorativas del D\u00eda Internacional de la Mujer.<\/p>\n\n\n\n<p>La jornada fue concebida como un espacio de acercamiento comunitario, prevenci\u00f3n, informaci\u00f3n y acompa\u00f1amiento, ofreciendo a las personas mexicanas residentes en Italia servicios de salud preventiva, orientaci\u00f3n especializada y actividades de bienestar integral para promover h\u00e1bitos de vida saludables.<\/p>\n\n\n\n<p>El evento represent\u00f3 uno de los primeros resultados concretos del convenio suscrito el 20 de enero de 2026 entre la Embajada y la Fundaci\u00f3n Policl\u00ednico Universitario \u201cAgostino Gemelli\u201d IRCCS, cuyo objetivo es fortalecer la cooperaci\u00f3n en los sectores de salud, prevenci\u00f3n y promoci\u00f3n del bienestar, materializando un esquema de colaboraci\u00f3n interinstitucional al servicio de la comunidad mexicana.<\/p>\n\n\n\n<p>La iniciativa registr\u00f3 una participaci\u00f3n significativa y ofreci\u00f3 a los asistentes acceso a:<\/p>\n\n\n\n<p class=\"translation-block\">\u2022 Servicios m\u00e9dicos preventivos y estudios diagn\u00f3sticos, incluyendo control de la presi\u00f3n arterial, \u00edndice de masa corporal, glucosa, colesterol y eco-Doppler color de los vasos del cuello seg\u00fan criterio m\u00e9dico.<br>\u2022 Ultrasonidos mamarios, con el objetivo de favorecer el diagn\u00f3stico oportuno y la prevenci\u00f3n en la salud femenina.<br>\u2022 Cursos de primeros auxilios.<br>\u2022 M\u00f3dulos de informaci\u00f3n y orientaci\u00f3n especializada sobre prevenci\u00f3n, salud sexual, violencia de g\u00e9nero, asesor\u00eda legal, apoyo a la comunidad LGBT+ y odontolog\u00eda preventiva.<br>\u2022 Actividades de bienestar f\u00edsico, incluyendo yoga para adultos y ni\u00f1os, as\u00ed como zumba.<\/p>\n\n\n\n<p class=\"translation-block\">La conferencia inaugural <em>Longevity \u2013 Gemelli<\/em> abri\u00f3 la jornada con informaci\u00f3n sobre envejecimiento saludable y calidad de vida, subrayando la importancia del autocuidado. El \u00c1rea de Prevenci\u00f3n Integral constituy\u00f3 un elemento central, ofreciendo evaluaciones de salud b\u00e1sicas y orientaci\u00f3n sobre h\u00e1bitos saludables. Los m\u00f3dulos informativos y de orientaci\u00f3n ampliaron la cobertura del evento, brindando una atenci\u00f3n inclusiva, sensible a la diversidad y dirigida particularmente a las mujeres y personas en situaci\u00f3n de vulnerabilidad.<\/p>\n\n\n\n<p>Las actividades de yoga y zumba complementaron el enfoque integral, promoviendo el bienestar f\u00edsico y emocional, la activaci\u00f3n f\u00edsica y la convivencia comunitaria.<\/p>\n\n\n\n<p>En su conjunto, la Jornada Integral de Salud, Prevenci\u00f3n y Bienestar logr\u00f3 el objetivo de acercar los servicios de prevenci\u00f3n, informaci\u00f3n y acompa\u00f1amiento a la comunidad mexicana residente en Italia, destacando la importancia de seguir promoviendo esquemas de coordinaci\u00f3n con instituciones especializadas y organizaciones de la sociedad civil para fortalecer la atenci\u00f3n integral y preventiva.<\/p>\n\n\n\n<p>\u00abLa Embajada de M\u00e9xico en Italia contin\u00faa construyendo una diplomacia de proximidad con un enfoque humanista en la pol\u00edtica exterior mexicana\u00bb, concluye el comunicado difundido por la representaci\u00f3n diplom\u00e1tica.<\/p>\n\n\n\n<div style=\"height:12px\" aria-hidden=\"true\" class=\"wp-block-spacer\"><\/div>\n\n\n<div class=\"wp-block-image\">\n<figure class=\"aligncenter size-full\"><img loading=\"lazy\" decoding=\"async\" width=\"850\" height=\"445\" src=\"https:\/\/puntodincontro.mx\/wp-content\/uploads\/2026\/03\/saluteambasciatamessicopuntofoto.webp\" alt=\"\" class=\"wp-image-25507\" srcset=\"https:\/\/puntodincontro.mx\/wp-content\/uploads\/2026\/03\/saluteambasciatamessicopuntofoto.webp 850w, https:\/\/puntodincontro.mx\/wp-content\/uploads\/2026\/03\/saluteambasciatamessicopuntofoto-300x157.webp 300w, https:\/\/puntodincontro.mx\/wp-content\/uploads\/2026\/03\/saluteambasciatamessicopuntofoto-768x402.webp 768w, https:\/\/puntodincontro.mx\/wp-content\/uploads\/2026\/03\/saluteambasciatamessicopuntofoto-18x9.webp 18w\" sizes=\"(max-width: 850px) 100vw, 850px\" \/><\/figure><\/div>\n\n\n<div style=\"height:6px\" aria-hidden=\"true\" class=\"wp-block-spacer\"><\/div>\n\n\n\n<p class=\"has-text-align-center has-small-font-size\">Foto: Embajada de M\u00e9xico en Italia<\/p>\n\n\n\n<div style=\"height:12px\" aria-hidden=\"true\" class=\"wp-block-spacer\"><\/div>\n\n\n<!-- Ad space powered by WP AdCenter v2.5.7 - https:\/\/wpadcenter.com\/ --><div class=\"wpadcenter-adgroup\" ><div class=\"wpadcenter-adgroup__row wpadcenter-aligncenter\"><div class=\"wpadcenter-ad-container\" ><div id=\"wpadcenter-ad-18464\" class=\"ad-placement\"><div class=\"wpadcenter-ad-inner\" ><a id=\"wpadcenter_ad\" data-value=\"18464\" data-placement=\"\" href=\"https:\/\/www.productosremo.com\/\" target=\"_blank\" class=\"wpadcenter-ad-inner__item\" ><img decoding=\"async\"   src=\"https:\/\/puntodincontro.mx\/wp-content\/uploads\/2021\/08\/remobanner.jpg\" class=\"attachment-post-thumbnail size-post-thumbnail wp-post-image\" alt=\"\" srcset=\"https:\/\/puntodincontro.mx\/wp-content\/uploads\/2021\/08\/remobanner.jpg 200w, https:\/\/puntodincontro.mx\/wp-content\/uploads\/2021\/08\/remobanner-16x5.jpg 16w\" sizes=\"(max-width: 200px) 100vw, 200px\" \/><\/a><\/div><\/div><\/div><div class=\"wpadcenter-ad-container\" ><div id=\"wpadcenter-ad-5305\" class=\"ad-placement\"><div class=\"wpadcenter-ad-inner\" ><a id=\"wpadcenter_ad\" data-value=\"5305\" data-placement=\"\" href=\"https:\/\/ambcittadelmessico.esteri.it\/ambasciata_cittadelmessico\/it\/\" target=\"_blank\" class=\"wpadcenter-ad-inner__item\" ><img decoding=\"async\"   src=\"https:\/\/puntodincontro.mx\/wp-content\/uploads\/2022\/05\/Ambasciata.jpg\" class=\"attachment-post-thumbnail size-post-thumbnail wp-post-image\" alt=\"\" srcset=\"https:\/\/puntodincontro.mx\/wp-content\/uploads\/2022\/05\/Ambasciata.jpg 200w, https:\/\/puntodincontro.mx\/wp-content\/uploads\/2022\/05\/Ambasciata-18x5.jpg 18w\" sizes=\"(max-width: 200px) 100vw, 200px\" \/><\/a><\/div><\/div><\/div><div class=\"wpadcenter-ad-container\" ><div id=\"wpadcenter-ad-3781\" class=\"ad-placement\"><div class=\"wpadcenter-ad-inner\" ><a id=\"wpadcenter_ad\" data-value=\"3781\" data-placement=\"\" href=\"https:\/\/cannizzo.com.mx\/\" target=\"_blank\" class=\"wpadcenter-ad-inner__item\" ><img decoding=\"async\"   src=\"https:\/\/puntodincontro.mx\/wp-content\/uploads\/2022\/03\/cannizzo2.jpg\" class=\"attachment-post-thumbnail size-post-thumbnail wp-post-image\" alt=\"\" srcset=\"https:\/\/puntodincontro.mx\/wp-content\/uploads\/2022\/03\/cannizzo2.jpg 200w, https:\/\/puntodincontro.mx\/wp-content\/uploads\/2022\/03\/cannizzo2-18x5.jpg 18w\" sizes=\"(max-width: 200px) 100vw, 200px\" \/><\/a><\/div><\/div><\/div><\/div><div class=\"wpadcenter-adgroup__row wpadcenter-aligncenter\"><div class=\"wpadcenter-ad-container\" ><div id=\"wpadcenter-ad-1704\" class=\"ad-placement\"><div class=\"wpadcenter-ad-inner\" ><a id=\"wpadcenter_ad\" data-value=\"1704\" data-placement=\"\" href=\"https:\/\/puntodincontro.mx\/es\/2021\/12\/24\/inps-verificacion-de-supervivencia-de-los-pensionados-en-el-extranjero\/\" target=\"_blank\" class=\"wpadcenter-ad-inner__item\" ><img decoding=\"async\"   src=\"https:\/\/puntodincontro.mx\/wp-content\/uploads\/2021\/11\/logo-ital.jpg\" class=\"attachment-post-thumbnail size-post-thumbnail wp-post-image\" alt=\"Patronato ITAL Messico\" srcset=\"https:\/\/puntodincontro.mx\/wp-content\/uploads\/2021\/11\/logo-ital.jpg 200w, https:\/\/puntodincontro.mx\/wp-content\/uploads\/2021\/11\/logo-ital-16x5.jpg 16w\" sizes=\"(max-width: 200px) 100vw, 200px\" \/><\/a><\/div><\/div><\/div><div class=\"wpadcenter-ad-container\" ><div id=\"wpadcenter-ad-1538\" class=\"ad-placement\"><div class=\"wpadcenter-ad-inner\" ><a id=\"wpadcenter_ad\" data-value=\"1538\" data-placement=\"\" href=\"https:\/\/asociacionitaliana.org\/\" target=\"_blank\" class=\"wpadcenter-ad-inner__item\" ><img decoding=\"async\"   src=\"https:\/\/puntodincontro.mx\/wp-content\/uploads\/2021\/11\/aialogo.jpg\" class=\"attachment-post-thumbnail size-post-thumbnail wp-post-image\" alt=\"Associazione Italiana di Assistenza IAP\" srcset=\"https:\/\/puntodincontro.mx\/wp-content\/uploads\/2021\/11\/aialogo.jpg 200w, https:\/\/puntodincontro.mx\/wp-content\/uploads\/2021\/11\/aialogo-18x5.jpg 18w\" sizes=\"(max-width: 200px) 100vw, 200px\" \/><\/a><\/div><\/div><\/div><div class=\"wpadcenter-ad-container\" ><div id=\"wpadcenter-ad-1513\" class=\"ad-placement\"><div class=\"wpadcenter-ad-inner\" ><a id=\"wpadcenter_ad\" data-value=\"1513\" data-placement=\"\" href=\"https:\/\/gcinmuebles.mx\" target=\"_blank\" class=\"wpadcenter-ad-inner__item\" ><img decoding=\"async\"   src=\"https:\/\/puntodincontro.mx\/wp-content\/uploads\/2021\/10\/gcinmuebleslogopunto-1.jpg\" class=\"attachment-post-thumbnail size-post-thumbnail wp-post-image\" alt=\"\" srcset=\"https:\/\/puntodincontro.mx\/wp-content\/uploads\/2021\/10\/gcinmuebleslogopunto-1.jpg 200w, https:\/\/puntodincontro.mx\/wp-content\/uploads\/2021\/10\/gcinmuebleslogopunto-1-18x5.jpg 18w\" sizes=\"(max-width: 200px) 100vw, 200px\" \/><\/a><\/div><\/div><\/div><\/div><div class=\"wpadcenter-adgroup__row wpadcenter-aligncenter\"><div class=\"wpadcenter-ad-container\" ><div id=\"wpadcenter-ad-1374\" class=\"ad-placement\"><div class=\"wpadcenter-ad-inner\" ><a id=\"wpadcenter_ad\" data-value=\"1374\" data-placement=\"\" href=\"https:\/\/www.9colonne.it\/\" target=\"_blank\" class=\"wpadcenter-ad-inner__item\" ><img decoding=\"async\"   src=\"https:\/\/puntodincontro.mx\/wp-content\/uploads\/2021\/10\/Banner9colonne.gif\" class=\"attachment-post-thumbnail size-post-thumbnail wp-post-image\" alt=\"\" \/><\/a><\/div><\/div><\/div><div class=\"wpadcenter-ad-container\" ><div id=\"wpadcenter-ad-276\" class=\"ad-placement\"><div class=\"wpadcenter-ad-inner\" ><a id=\"wpadcenter_ad\" data-value=\"276\" data-placement=\"\" href=\"http:\/\/www.camaraitaliana.mx\/\" target=\"_blank\" class=\"wpadcenter-ad-inner__item\" ><img decoding=\"async\"   src=\"https:\/\/puntodincontro.mx\/wp-content\/uploads\/2021\/08\/ccimnuovo.jpg\" class=\"attachment-post-thumbnail size-post-thumbnail wp-post-image\" alt=\"\" srcset=\"https:\/\/puntodincontro.mx\/wp-content\/uploads\/2021\/08\/ccimnuovo.jpg 200w, https:\/\/puntodincontro.mx\/wp-content\/uploads\/2021\/08\/ccimnuovo-18x5.jpg 18w\" sizes=\"(max-width: 200px) 100vw, 200px\" \/><\/a><\/div><\/div><\/div><div class=\"wpadcenter-ad-container\" ><div id=\"wpadcenter-ad-272\" class=\"ad-placement\"><div class=\"wpadcenter-ad-inner\" ><a id=\"wpadcenter_ad\" data-value=\"272\" data-placement=\"\" href=\"http:\/\/corix.us\/\" target=\"_blank\" class=\"wpadcenter-ad-inner__item\" ><img decoding=\"async\"   src=\"https:\/\/puntodincontro.mx\/wp-content\/uploads\/2021\/08\/corixbanner-1.jpg\" class=\"attachment-post-thumbnail size-post-thumbnail wp-post-image\" alt=\"\" srcset=\"https:\/\/puntodincontro.mx\/wp-content\/uploads\/2021\/08\/corixbanner-1.jpg 200w, https:\/\/puntodincontro.mx\/wp-content\/uploads\/2021\/08\/corixbanner-1-16x5.jpg 16w\" sizes=\"(max-width: 200px) 100vw, 200px\" \/><\/a><\/div><\/div><\/div><\/div><div class=\"wpadcenter-adgroup__row wpadcenter-aligncenter\"><div class=\"wpadcenter-ad-container\" ><div id=\"wpadcenter-ad-266\" class=\"ad-placement\"><div class=\"wpadcenter-ad-inner\" ><a id=\"wpadcenter_ad\" data-value=\"266\" data-placement=\"\" href=\"https:\/\/www.prinsel.com.mx\/\" target=\"_blank\" class=\"wpadcenter-ad-inner__item\" ><img decoding=\"async\"   src=\"https:\/\/puntodincontro.mx\/wp-content\/uploads\/2021\/08\/prinselbanner-1.jpg\" class=\"attachment-post-thumbnail size-post-thumbnail wp-post-image\" alt=\"\" srcset=\"https:\/\/puntodincontro.mx\/wp-content\/uploads\/2021\/08\/prinselbanner-1.jpg 200w, https:\/\/puntodincontro.mx\/wp-content\/uploads\/2021\/08\/prinselbanner-1-16x5.jpg 16w\" sizes=\"(max-width: 200px) 100vw, 200px\" \/><\/a><\/div><\/div><\/div><div class=\"wpadcenter-ad-container\" ><div id=\"wpadcenter-ad-261\" class=\"ad-placement\"><div class=\"wpadcenter-ad-inner\" ><a id=\"wpadcenter_ad\" data-value=\"261\" data-placement=\"\" href=\"https:\/\/faitalia.com.mx\/\" target=\"_blank\" class=\"wpadcenter-ad-inner__item\" ><img decoding=\"async\"   src=\"https:\/\/puntodincontro.mx\/wp-content\/uploads\/2021\/08\/gruppodino.jpg\" class=\"attachment-post-thumbnail size-post-thumbnail wp-post-image\" alt=\"\" srcset=\"https:\/\/puntodincontro.mx\/wp-content\/uploads\/2021\/08\/gruppodino.jpg 200w, https:\/\/puntodincontro.mx\/wp-content\/uploads\/2021\/08\/gruppodino-18x5.jpg 18w\" sizes=\"(max-width: 200px) 100vw, 200px\" \/><\/a><\/div><\/div><\/div><\/div><\/div>\n\n\n<div style=\"height:12px\" aria-hidden=\"true\" class=\"wp-block-spacer\"><\/div>","protected":false},"excerpt":{"rendered":"<p>Ore 10.31 &#8211; L\u2019Ambasciata del Messico in Italia ha organizzato sabato scorso \u2014in collaborazione con la Fondazione Policlinico Universitario Agostino Gemelli IRCCS, Telefono Rosa, Arcigay Roma, Gay Center, Roma Check Point, Borgheresi Studio Legale, Tulsi Yoga e Studio Odontoiatrico Cozzolino\u2014 la prima Giornata Integrale di Salute, Prevenzione e Benessere nella storia della rappresentanza diplomatica rivolta alla comunit\u00e0 messicana, con particolare attenzione alle donne, nell\u2019ambito delle attivit\u00e0 commemorative della Giornata Internazionale della Donna. La giornata \u00e8 stata concepita come uno spazio di avvicinamento comunitario, prevenzione, informazione e accompagnamento, offrendo alle persone messicane residenti in Italia servizi di salute preventiva, orientamento specializzato&#8230; <\/p>","protected":false},"author":2,"featured_media":25509,"comment_status":"open","ping_status":"open","sticky":false,"template":"","format":"standard","meta":{"_monsterinsights_skip_tracking":false,"_monsterinsights_sitenote_active":false,"_monsterinsights_sitenote_note":"","_monsterinsights_sitenote_category":0,"footnotes":""},"categories":[7],"tags":[],"class_list":["post-25502","post","type-post","status-publish","format-standard","has-post-thumbnail","hentry","category-salute-e-benessere"],"yoast_head":"<!-- This site is optimized with the Yoast SEO Premium plugin v18.4 (Yoast SEO v25.6) - https:\/\/yoast.com\/wordpress\/plugins\/seo\/ -->\n<title>Prima giornata di salute dell&#039;Ambasciata del Messico in Italia<\/title>\n<meta name=\"description\" content=\"L\u2019Ambasciata del Messico in Italia ha organizzato la prima Giornata di Salute, Prevenzione e Benessere rivolta alla comunit\u00e0 messicana.\" \/>\n<meta name=\"robots\" content=\"index, follow, max-snippet:-1, max-image-preview:large, max-video-preview:-1\" \/>\n<link rel=\"canonical\" href=\"https:\/\/puntodincontro.mx\/es\/2026\/03\/17\/primera-jornada-de-salud-y-prevencion-de-la-embajada-de-mexico-en-italia\/\" \/>\n<meta property=\"og:locale\" content=\"es_MX\" \/>\n<meta property=\"og:type\" content=\"article\" \/>\n<meta property=\"og:title\" content=\"Prima giornata di salute e prevenzione dell&#039;Ambasciata del Messico in Italia\" \/>\n<meta property=\"og:description\" content=\"L\u2019Ambasciata del Messico in Italia ha organizzato la prima Giornata di Salute, Prevenzione e Benessere rivolta alla comunit\u00e0 messicana.\" \/>\n<meta property=\"og:url\" content=\"https:\/\/puntodincontro.mx\/es\/2026\/03\/17\/primera-jornada-de-salud-y-prevencion-de-la-embajada-de-mexico-en-italia\/\" \/>\n<meta property=\"og:site_name\" content=\"Puntodincontro\" \/>\n<meta property=\"article:publisher\" content=\"https:\/\/www.facebook.com\/puntodincontro.mx\" \/>\n<meta property=\"article:published_time\" content=\"2026-03-17T16:56:29+00:00\" \/>\n<meta property=\"article:modified_time\" content=\"2026-03-17T16:56:30+00:00\" \/>\n<meta property=\"og:image\" content=\"https:\/\/puntodincontro.mx\/wp-content\/uploads\/2026\/03\/saluteambasciatamessicopuntocomp.jpg\" \/>\n\t<meta property=\"og:image:width\" content=\"932\" \/>\n\t<meta property=\"og:image:height\" content=\"488\" \/>\n\t<meta property=\"og:image:type\" content=\"image\/jpeg\" \/>\n<meta name=\"author\" content=\"Puntodincontro\" \/>\n<meta name=\"twitter:card\" content=\"summary_large_image\" \/>\n<meta name=\"twitter:creator\" content=\"@puntodincontro\" \/>\n<meta name=\"twitter:site\" content=\"@puntodincontro\" \/>\n<meta name=\"twitter:label1\" content=\"Escrito por\" \/>\n\t<meta name=\"twitter:data1\" content=\"Puntodincontro\" \/>\n\t<meta name=\"twitter:label2\" content=\"Tiempo de lectura\" \/>\n\t<meta name=\"twitter:data2\" content=\"2 minutos\" \/>\n<script type=\"application\/ld+json\" class=\"yoast-schema-graph\">{\"@context\":\"https:\/\/schema.org\",\"@graph\":[{\"@type\":\"NewsArticle\",\"@id\":\"https:\/\/puntodincontro.mx\/2026\/03\/17\/prima-giornata-di-salute-e-prevenzione-dellambasciata-del-messico-in-italia\/#article\",\"isPartOf\":{\"@id\":\"https:\/\/puntodincontro.mx\/2026\/03\/17\/prima-giornata-di-salute-e-prevenzione-dellambasciata-del-messico-in-italia\/\"},\"author\":{\"name\":\"Puntodincontro\",\"@id\":\"https:\/\/puntodincontro.mx\/#\/schema\/person\/d3066d18a16259cbb0c29b0d0e93b556\"},\"headline\":\"Prima giornata di salute e prevenzione dell&#8217;Ambasciata del Messico in Italia\",\"datePublished\":\"2026-03-17T16:56:29+00:00\",\"dateModified\":\"2026-03-17T16:56:30+00:00\",\"mainEntityOfPage\":{\"@id\":\"https:\/\/puntodincontro.mx\/2026\/03\/17\/prima-giornata-di-salute-e-prevenzione-dellambasciata-del-messico-in-italia\/\"},\"wordCount\":461,\"commentCount\":0,\"publisher\":{\"@id\":\"https:\/\/puntodincontro.mx\/#organization\"},\"image\":{\"@id\":\"https:\/\/puntodincontro.mx\/2026\/03\/17\/prima-giornata-di-salute-e-prevenzione-dellambasciata-del-messico-in-italia\/#primaryimage\"},\"thumbnailUrl\":\"https:\/\/puntodincontro.mx\/wp-content\/uploads\/2026\/03\/saluteambasciatamessicopuntovert.webp\",\"articleSection\":[\"Salute e benessere\"],\"inLanguage\":\"es\",\"potentialAction\":[{\"@type\":\"CommentAction\",\"name\":\"Comment\",\"target\":[\"https:\/\/puntodincontro.mx\/2026\/03\/17\/prima-giornata-di-salute-e-prevenzione-dellambasciata-del-messico-in-italia\/#respond\"]}]},{\"@type\":\"WebPage\",\"@id\":\"https:\/\/puntodincontro.mx\/2026\/03\/17\/prima-giornata-di-salute-e-prevenzione-dellambasciata-del-messico-in-italia\/\",\"url\":\"https:\/\/puntodincontro.mx\/2026\/03\/17\/prima-giornata-di-salute-e-prevenzione-dellambasciata-del-messico-in-italia\/\",\"name\":\"Prima giornata di salute dell'Ambasciata del Messico in Italia\",\"isPartOf\":{\"@id\":\"https:\/\/puntodincontro.mx\/#website\"},\"primaryImageOfPage\":{\"@id\":\"https:\/\/puntodincontro.mx\/2026\/03\/17\/prima-giornata-di-salute-e-prevenzione-dellambasciata-del-messico-in-italia\/#primaryimage\"},\"image\":{\"@id\":\"https:\/\/puntodincontro.mx\/2026\/03\/17\/prima-giornata-di-salute-e-prevenzione-dellambasciata-del-messico-in-italia\/#primaryimage\"},\"thumbnailUrl\":\"https:\/\/puntodincontro.mx\/wp-content\/uploads\/2026\/03\/saluteambasciatamessicopuntovert.webp\",\"datePublished\":\"2026-03-17T16:56:29+00:00\",\"dateModified\":\"2026-03-17T16:56:30+00:00\",\"description\":\"L\u2019Ambasciata del Messico in Italia ha organizzato la prima Giornata di Salute, Prevenzione e Benessere rivolta alla comunit\u00e0 messicana.\",\"breadcrumb\":{\"@id\":\"https:\/\/puntodincontro.mx\/2026\/03\/17\/prima-giornata-di-salute-e-prevenzione-dellambasciata-del-messico-in-italia\/#breadcrumb\"},\"inLanguage\":\"es\",\"potentialAction\":[{\"@type\":\"ReadAction\",\"target\":[\"https:\/\/puntodincontro.mx\/2026\/03\/17\/prima-giornata-di-salute-e-prevenzione-dellambasciata-del-messico-in-italia\/\"]}]},{\"@type\":\"ImageObject\",\"inLanguage\":\"es\",\"@id\":\"https:\/\/puntodincontro.mx\/2026\/03\/17\/prima-giornata-di-salute-e-prevenzione-dellambasciata-del-messico-in-italia\/#primaryimage\",\"url\":\"https:\/\/puntodincontro.mx\/wp-content\/uploads\/2026\/03\/saluteambasciatamessicopuntovert.webp\",\"contentUrl\":\"https:\/\/puntodincontro.mx\/wp-content\/uploads\/2026\/03\/saluteambasciatamessicopuntovert.webp\",\"width\":423,\"height\":488,\"caption\":\"Prima giornata di salute e prevenzione dell'Ambasciata del Messico in Italia \/ Foto: Ambasciata del Messico in Italia\"},{\"@type\":\"BreadcrumbList\",\"@id\":\"https:\/\/puntodincontro.mx\/2026\/03\/17\/prima-giornata-di-salute-e-prevenzione-dellambasciata-del-messico-in-italia\/#breadcrumb\",\"itemListElement\":[{\"@type\":\"ListItem\",\"position\":1,\"name\":\"Home\",\"item\":\"https:\/\/puntodincontro.mx\/\"},{\"@type\":\"ListItem\",\"position\":2,\"name\":\"Prima giornata di salute e prevenzione dell&#8217;Ambasciata del Messico in Italia\"}]},{\"@type\":\"WebSite\",\"@id\":\"https:\/\/puntodincontro.mx\/#website\",\"url\":\"https:\/\/puntodincontro.mx\/\",\"name\":\"Puntodincontro\",\"description\":\"Dal 2006 notizie sui rapporti Italia-Messico \/ Desde 2006 noticias sobre las relaciones entre Italia y M\u00e9xico\",\"publisher\":{\"@id\":\"https:\/\/puntodincontro.mx\/#organization\"},\"potentialAction\":[{\"@type\":\"SearchAction\",\"target\":{\"@type\":\"EntryPoint\",\"urlTemplate\":\"https:\/\/puntodincontro.mx\/?s={search_term_string}\"},\"query-input\":{\"@type\":\"PropertyValueSpecification\",\"valueRequired\":true,\"valueName\":\"search_term_string\"}}],\"inLanguage\":\"es\"},{\"@type\":\"Organization\",\"@id\":\"https:\/\/puntodincontro.mx\/#organization\",\"name\":\"Puntodincontro\",\"url\":\"https:\/\/puntodincontro.mx\/\",\"logo\":{\"@type\":\"ImageObject\",\"inLanguage\":\"es\",\"@id\":\"https:\/\/puntodincontro.mx\/#\/schema\/logo\/image\/\",\"url\":\"https:\/\/puntodincontro.mx\/wp-content\/uploads\/2021\/08\/Default-image-for-open-graph-settings.jpg\",\"contentUrl\":\"https:\/\/puntodincontro.mx\/wp-content\/uploads\/2021\/08\/Default-image-for-open-graph-settings.jpg\",\"width\":1200,\"height\":630,\"caption\":\"Puntodincontro\"},\"image\":{\"@id\":\"https:\/\/puntodincontro.mx\/#\/schema\/logo\/image\/\"},\"sameAs\":[\"https:\/\/www.facebook.com\/puntodincontro.mx\",\"https:\/\/x.com\/puntodincontro\",\"https:\/\/www.instagram.com\/puntodincontro.mx\/\",\"https:\/\/www.linkedin.com\/company\/puntodincontro\/\",\"https:\/\/www.youtube.com\/c\/puntodincontromessico\",\"https:\/\/www.patreon.com\/puntodincontro\",\"https:\/\/www.threads.net\/@puntodincontro.mx\"]},{\"@type\":\"Person\",\"@id\":\"https:\/\/puntodincontro.mx\/#\/schema\/person\/d3066d18a16259cbb0c29b0d0e93b556\",\"name\":\"Puntodincontro\",\"image\":{\"@type\":\"ImageObject\",\"inLanguage\":\"es\",\"@id\":\"https:\/\/puntodincontro.mx\/#\/schema\/person\/image\/\",\"url\":\"https:\/\/secure.gravatar.com\/avatar\/0e85b4b3b5e9d6bfcec6a4956d8cc63a?s=96&d=mm&r=g\",\"contentUrl\":\"https:\/\/secure.gravatar.com\/avatar\/0e85b4b3b5e9d6bfcec6a4956d8cc63a?s=96&d=mm&r=g\",\"caption\":\"Puntodincontro\"},\"url\":\"https:\/\/puntodincontro.mx\/es\/author\/puntodincontro\/\"}]}<\/script>\n<!-- \/ Yoast SEO Premium plugin. -->","yoast_head_json":{"title":"Primera jornada de salud de la Embajada de M\u00e9xico en Italia","description":"La Embajada de M\u00e9xico en Italia organiz\u00f3 la primera Jornada de Salud, Prevenci\u00f3n y Bienestar dirigida a la comunidad mexicana.","robots":{"index":"index","follow":"follow","max-snippet":"max-snippet:-1","max-image-preview":"max-image-preview:large","max-video-preview":"max-video-preview:-1"},"canonical":"https:\/\/puntodincontro.mx\/es\/2026\/03\/17\/primera-jornada-de-salud-y-prevencion-de-la-embajada-de-mexico-en-italia\/","og_locale":"es_MX","og_type":"article","og_title":"Prima giornata di salute e prevenzione dell'Ambasciata del Messico in Italia","og_description":"L\u2019Ambasciata del Messico in Italia ha organizzato la prima Giornata di Salute, Prevenzione e Benessere rivolta alla comunit\u00e0 messicana.","og_url":"https:\/\/puntodincontro.mx\/es\/2026\/03\/17\/primera-jornada-de-salud-y-prevencion-de-la-embajada-de-mexico-en-italia\/","og_site_name":"Puntodincontro","article_publisher":"https:\/\/www.facebook.com\/puntodincontro.mx","article_published_time":"2026-03-17T16:56:29+00:00","article_modified_time":"2026-03-17T16:56:30+00:00","og_image":[{"width":932,"height":488,"url":"https:\/\/puntodincontro.mx\/wp-content\/uploads\/2026\/03\/saluteambasciatamessicopuntocomp.jpg","type":"image\/jpeg"}],"author":"Puntodincontro","twitter_card":"summary_large_image","twitter_creator":"@puntodincontro","twitter_site":"@puntodincontro","twitter_misc":{"Escrito por":"Puntodincontro","Tiempo de lectura":"2 minutos"},"schema":{"@context":"https:\/\/schema.org","@graph":[{"@type":"NewsArticle","@id":"https:\/\/puntodincontro.mx\/2026\/03\/17\/prima-giornata-di-salute-e-prevenzione-dellambasciata-del-messico-in-italia\/#article","isPartOf":{"@id":"https:\/\/puntodincontro.mx\/2026\/03\/17\/prima-giornata-di-salute-e-prevenzione-dellambasciata-del-messico-in-italia\/"},"author":{"name":"Puntodincontro","@id":"https:\/\/puntodincontro.mx\/#\/schema\/person\/d3066d18a16259cbb0c29b0d0e93b556"},"headline":"Prima giornata di salute e prevenzione dell&#8217;Ambasciata del Messico in Italia","datePublished":"2026-03-17T16:56:29+00:00","dateModified":"2026-03-17T16:56:30+00:00","mainEntityOfPage":{"@id":"https:\/\/puntodincontro.mx\/2026\/03\/17\/prima-giornata-di-salute-e-prevenzione-dellambasciata-del-messico-in-italia\/"},"wordCount":461,"commentCount":0,"publisher":{"@id":"https:\/\/puntodincontro.mx\/#organization"},"image":{"@id":"https:\/\/puntodincontro.mx\/2026\/03\/17\/prima-giornata-di-salute-e-prevenzione-dellambasciata-del-messico-in-italia\/#primaryimage"},"thumbnailUrl":"https:\/\/puntodincontro.mx\/wp-content\/uploads\/2026\/03\/saluteambasciatamessicopuntovert.webp","articleSection":["Salute e benessere"],"inLanguage":"es","potentialAction":[{"@type":"CommentAction","name":"Comment","target":["https:\/\/puntodincontro.mx\/2026\/03\/17\/prima-giornata-di-salute-e-prevenzione-dellambasciata-del-messico-in-italia\/#respond"]}]},{"@type":"WebPage","@id":"https:\/\/puntodincontro.mx\/2026\/03\/17\/prima-giornata-di-salute-e-prevenzione-dellambasciata-del-messico-in-italia\/","url":"https:\/\/puntodincontro.mx\/2026\/03\/17\/prima-giornata-di-salute-e-prevenzione-dellambasciata-del-messico-in-italia\/","name":"Primera jornada de salud de la Embajada de M\u00e9xico en Italia","isPartOf":{"@id":"https:\/\/puntodincontro.mx\/#website"},"primaryImageOfPage":{"@id":"https:\/\/puntodincontro.mx\/2026\/03\/17\/prima-giornata-di-salute-e-prevenzione-dellambasciata-del-messico-in-italia\/#primaryimage"},"image":{"@id":"https:\/\/puntodincontro.mx\/2026\/03\/17\/prima-giornata-di-salute-e-prevenzione-dellambasciata-del-messico-in-italia\/#primaryimage"},"thumbnailUrl":"https:\/\/puntodincontro.mx\/wp-content\/uploads\/2026\/03\/saluteambasciatamessicopuntovert.webp","datePublished":"2026-03-17T16:56:29+00:00","dateModified":"2026-03-17T16:56:30+00:00","description":"La Embajada de M\u00e9xico en Italia organiz\u00f3 la primera Jornada de Salud, Prevenci\u00f3n y Bienestar dirigida a la comunidad mexicana.","breadcrumb":{"@id":"https:\/\/puntodincontro.mx\/2026\/03\/17\/prima-giornata-di-salute-e-prevenzione-dellambasciata-del-messico-in-italia\/#breadcrumb"},"inLanguage":"es","potentialAction":[{"@type":"ReadAction","target":["https:\/\/puntodincontro.mx\/2026\/03\/17\/prima-giornata-di-salute-e-prevenzione-dellambasciata-del-messico-in-italia\/"]}]},{"@type":"ImageObject","inLanguage":"es","@id":"https:\/\/puntodincontro.mx\/2026\/03\/17\/prima-giornata-di-salute-e-prevenzione-dellambasciata-del-messico-in-italia\/#primaryimage","url":"https:\/\/puntodincontro.mx\/wp-content\/uploads\/2026\/03\/saluteambasciatamessicopuntovert.webp","contentUrl":"https:\/\/puntodincontro.mx\/wp-content\/uploads\/2026\/03\/saluteambasciatamessicopuntovert.webp","width":423,"height":488,"caption":"Prima giornata di salute e prevenzione dell'Ambasciata del Messico in Italia \/ Foto: Ambasciata del Messico in Italia"},{"@type":"BreadcrumbList","@id":"https:\/\/puntodincontro.mx\/2026\/03\/17\/prima-giornata-di-salute-e-prevenzione-dellambasciata-del-messico-in-italia\/#breadcrumb","itemListElement":[{"@type":"ListItem","position":1,"name":"Home","item":"https:\/\/puntodincontro.mx\/"},{"@type":"ListItem","position":2,"name":"Prima giornata di salute e prevenzione dell&#8217;Ambasciata del Messico in Italia"}]},{"@type":"WebSite","@id":"https:\/\/puntodincontro.mx\/#website","url":"https:\/\/puntodincontro.mx\/","name":"Puntodincontro","description":"Desde el 2006 noticias sobre las relaciones entre Italia y M\u00e9xico \/ Dal 2006 notizie sui rapporti Italia-Messico","publisher":{"@id":"https:\/\/puntodincontro.mx\/#organization"},"potentialAction":[{"@type":"SearchAction","target":{"@type":"EntryPoint","urlTemplate":"https:\/\/puntodincontro.mx\/?s={search_term_string}"},"query-input":{"@type":"PropertyValueSpecification","valueRequired":true,"valueName":"search_term_string"}}],"inLanguage":"es"},{"@type":"Organization","@id":"https:\/\/puntodincontro.mx\/#organization","name":"Puntodincontro","url":"https:\/\/puntodincontro.mx\/","logo":{"@type":"ImageObject","inLanguage":"es","@id":"https:\/\/puntodincontro.mx\/#\/schema\/logo\/image\/","url":"https:\/\/puntodincontro.mx\/wp-content\/uploads\/2021\/08\/Default-image-for-open-graph-settings.jpg","contentUrl":"https:\/\/puntodincontro.mx\/wp-content\/uploads\/2021\/08\/Default-image-for-open-graph-settings.jpg","width":1200,"height":630,"caption":"Puntodincontro"},"image":{"@id":"https:\/\/puntodincontro.mx\/#\/schema\/logo\/image\/"},"sameAs":["https:\/\/www.facebook.com\/puntodincontro.mx","https:\/\/x.com\/puntodincontro","https:\/\/www.instagram.com\/puntodincontro.mx\/","https:\/\/www.linkedin.com\/company\/puntodincontro\/","https:\/\/www.youtube.com\/c\/puntodincontromessico","https:\/\/www.patreon.com\/puntodincontro","https:\/\/www.threads.net\/@puntodincontro.mx"]},{"@type":"Person","@id":"https:\/\/puntodincontro.mx\/#\/schema\/person\/d3066d18a16259cbb0c29b0d0e93b556","name":"Puntodincontro","image":{"@type":"ImageObject","inLanguage":"es","@id":"https:\/\/puntodincontro.mx\/#\/schema\/person\/image\/","url":"https:\/\/secure.gravatar.com\/avatar\/0e85b4b3b5e9d6bfcec6a4956d8cc63a?s=96&d=mm&r=g","contentUrl":"https:\/\/secure.gravatar.com\/avatar\/0e85b4b3b5e9d6bfcec6a4956d8cc63a?s=96&d=mm&r=g","caption":"Puntodincontro"},"url":"https:\/\/puntodincontro.mx\/es\/author\/puntodincontro\/"}]}},"_links":{"self":[{"href":"https:\/\/puntodincontro.mx\/es\/wp-json\/wp\/v2\/posts\/25502"}],"collection":[{"href":"https:\/\/puntodincontro.mx\/es\/wp-json\/wp\/v2\/posts"}],"about":[{"href":"https:\/\/puntodincontro.mx\/es\/wp-json\/wp\/v2\/types\/post"}],"author":[{"embeddable":true,"href":"https:\/\/puntodincontro.mx\/es\/wp-json\/wp\/v2\/users\/2"}],"replies":[{"embeddable":true,"href":"https:\/\/puntodincontro.mx\/es\/wp-json\/wp\/v2\/comments?post=25502"}],"version-history":[{"count":5,"href":"https:\/\/puntodincontro.mx\/es\/wp-json\/wp\/v2\/posts\/25502\/revisions"}],"predecessor-version":[{"id":25508,"href":"https:\/\/puntodincontro.mx\/es\/wp-json\/wp\/v2\/posts\/25502\/revisions\/25508"}],"wp:featuredmedia":[{"embeddable":true,"href":"https:\/\/puntodincontro.mx\/es\/wp-json\/wp\/v2\/media\/25509"}],"wp:attachment":[{"href":"https:\/\/puntodincontro.mx\/es\/wp-json\/wp\/v2\/media?parent=25502"}],"wp:term":[{"taxonomy":"category","embeddable":true,"href":"https:\/\/puntodincontro.mx\/es\/wp-json\/wp\/v2\/categories?post=25502"},{"taxonomy":"post_tag","embeddable":true,"href":"https:\/\/puntodincontro.mx\/es\/wp-json\/wp\/v2\/tags?post=25502"}],"curies":[{"name":"wp","href":"https:\/\/api.w.org\/{rel}","templated":true}]}}