{"id":25935,"date":"2026-04-29T18:28:20","date_gmt":"2026-04-30T00:28:20","guid":{"rendered":"https:\/\/puntodincontro.mx\/?p=25935"},"modified":"2026-04-29T20:13:30","modified_gmt":"2026-04-30T02:13:30","slug":"italia-pais-invitado-de-honor-en-la-feria-aeroespacial-2027-en-mexico2","status":"publish","type":"post","link":"https:\/\/puntodincontro.mx\/es\/2026\/04\/29\/italia-ospite-donore-alla-fiera-aerospaziale-2027-in-messico2\/","title":{"rendered":"Italia, pa\u00eds invitado de honor en la Feria Aeroespacial 2027 en M\u00e9xico"},"content":{"rendered":"<p class=\"translation-block\"><strong>18:14 h<\/strong> - El embajador de Italia en M\u00e9xico, Alessandro Modiano, particip\u00f3 el pasado 24 de abril en Tulum (estado de Quintana Roo) en la ceremonia de lanzamiento de la s\u00e9ptima edici\u00f3n de la \"Feria Aeroespacial M\u00e9xico\" (Famex), el principal evento de exhibici\u00f3n del sector aeroespacial en M\u00e9xico y uno de los m\u00e1s importantes de Am\u00e9rica Latina, que se llevar\u00e1 a cabo del 20 al 24 de abril de 2027 en la Base A\u00e9rea Militar No. 1 de Santa Luc\u00eda (en las instalaciones del Aeropuerto Internacional Felipe \u00c1ngeles - AIFA).<\/p>\n\n\n\n<p>La ceremonia, organizada por la Fuerza A\u00e9rea Mexicana en el marco del espect\u00e1culo a\u00e9reo \"Tulum Air Show 2026\", fue el escenario ideal para anunciar que Italia ha aceptado la invitaci\u00f3n para participar en la Famex 2027 como pa\u00eds invitado de honor.<\/p>\n\n\n\n<p>En su intervenci\u00f3n durante la ceremonia, celebrada en presencia del comandante de la Fuerza A\u00e9rea Mexicana, el general Rom\u00e1n Carmona Landa, el embajador Modiano subray\u00f3 que la elecci\u00f3n de Italia como pa\u00eds invitado de honor de la Famex representa un claro reconocimiento a la excelencia tecnol\u00f3gica italiana. Destac\u00f3 adem\u00e1s que la fuerte presencia de la industria italiana del sector en este evento constituir\u00e1 una oportunidad \u00fanica para profundizar la cooperaci\u00f3n entre Italia y M\u00e9xico en un \u00e1rea estrat\u00e9gica como la aeroespacial.<\/p>\n\n\n\n<p>La participaci\u00f3n de Italia con un perfil tan destacado en la edici\u00f3n 2027 de la Famex \u2014a\u00f1adi\u00f3 el diplom\u00e1tico\u2014 contribuir\u00e1 tambi\u00e9n a fortalecer la asociaci\u00f3n estrat\u00e9gica entre ambos pa\u00edses, tras las celebraciones por los 150 a\u00f1os de relaciones diplom\u00e1ticas en 2024, la visita a M\u00e9xico del vicepresidente del Consejo de Ministros italiano, Antonio Tajani, en 2025, y la participaci\u00f3n de Italia como pa\u00eds invitado de honor en la Feria Internacional del Libro de Guadalajara el pr\u00f3ximo mes de noviembre.<\/p>\n\n\n\n<p>Durante la misi\u00f3n, el embajador Modiano tambi\u00e9n sostuvo un fruct\u00edfero encuentro con la gobernadora Mara Lezama Espinosa, en el cual se analizaron las formas de incrementar a\u00fan m\u00e1s la presencia italiana en el sector tur\u00edstico de Quintana Roo, as\u00ed como posibles colaboraciones en el \u00e1mbito cultural.<\/p>\n\n\n\n<p class=\"has-small-font-size\">Foto: X @Al_Modiano<\/p>\n\n\n\n<div style=\"height:12px\" aria-hidden=\"true\" class=\"wp-block-spacer\"><\/div>\n\n\n<!-- Ad space powered by WP AdCenter v2.5.7 - https:\/\/wpadcenter.com\/ --><div class=\"wpadcenter-adgroup\" ><div class=\"wpadcenter-adgroup__row wpadcenter-aligncenter\"><div class=\"wpadcenter-ad-container\" ><div id=\"wpadcenter-ad-18464\" class=\"ad-placement\"><div class=\"wpadcenter-ad-inner\" ><a id=\"wpadcenter_ad\" data-value=\"18464\" data-placement=\"\" href=\"https:\/\/www.productosremo.com\/\" target=\"_blank\" class=\"wpadcenter-ad-inner__item\" ><img decoding=\"async\"   src=\"https:\/\/puntodincontro.mx\/wp-content\/uploads\/2021\/08\/remobanner.jpg\" class=\"attachment-post-thumbnail size-post-thumbnail wp-post-image\" alt=\"\" srcset=\"https:\/\/puntodincontro.mx\/wp-content\/uploads\/2021\/08\/remobanner.jpg 200w, https:\/\/puntodincontro.mx\/wp-content\/uploads\/2021\/08\/remobanner-16x5.jpg 16w\" sizes=\"(max-width: 200px) 100vw, 200px\" \/><\/a><\/div><\/div><\/div><div class=\"wpadcenter-ad-container\" ><div id=\"wpadcenter-ad-5305\" class=\"ad-placement\"><div class=\"wpadcenter-ad-inner\" ><a id=\"wpadcenter_ad\" data-value=\"5305\" data-placement=\"\" href=\"https:\/\/ambcittadelmessico.esteri.it\/ambasciata_cittadelmessico\/it\/\" target=\"_blank\" class=\"wpadcenter-ad-inner__item\" ><img decoding=\"async\"   src=\"https:\/\/puntodincontro.mx\/wp-content\/uploads\/2022\/05\/Ambasciata.jpg\" class=\"attachment-post-thumbnail size-post-thumbnail wp-post-image\" alt=\"\" srcset=\"https:\/\/puntodincontro.mx\/wp-content\/uploads\/2022\/05\/Ambasciata.jpg 200w, https:\/\/puntodincontro.mx\/wp-content\/uploads\/2022\/05\/Ambasciata-18x5.jpg 18w\" sizes=\"(max-width: 200px) 100vw, 200px\" \/><\/a><\/div><\/div><\/div><div class=\"wpadcenter-ad-container\" ><div id=\"wpadcenter-ad-3781\" class=\"ad-placement\"><div class=\"wpadcenter-ad-inner\" ><a id=\"wpadcenter_ad\" data-value=\"3781\" data-placement=\"\" href=\"https:\/\/cannizzo.com.mx\/\" target=\"_blank\" class=\"wpadcenter-ad-inner__item\" ><img decoding=\"async\"   src=\"https:\/\/puntodincontro.mx\/wp-content\/uploads\/2022\/03\/cannizzo2.jpg\" class=\"attachment-post-thumbnail size-post-thumbnail wp-post-image\" alt=\"\" srcset=\"https:\/\/puntodincontro.mx\/wp-content\/uploads\/2022\/03\/cannizzo2.jpg 200w, https:\/\/puntodincontro.mx\/wp-content\/uploads\/2022\/03\/cannizzo2-18x5.jpg 18w\" sizes=\"(max-width: 200px) 100vw, 200px\" \/><\/a><\/div><\/div><\/div><\/div><div class=\"wpadcenter-adgroup__row wpadcenter-aligncenter\"><div class=\"wpadcenter-ad-container\" ><div id=\"wpadcenter-ad-1704\" class=\"ad-placement\"><div class=\"wpadcenter-ad-inner\" ><a id=\"wpadcenter_ad\" data-value=\"1704\" data-placement=\"\" href=\"https:\/\/puntodincontro.mx\/es\/2021\/12\/24\/inps-verificacion-de-supervivencia-de-los-pensionados-en-el-extranjero\/\" target=\"_blank\" class=\"wpadcenter-ad-inner__item\" ><img decoding=\"async\"   src=\"https:\/\/puntodincontro.mx\/wp-content\/uploads\/2021\/11\/logo-ital.jpg\" class=\"attachment-post-thumbnail size-post-thumbnail wp-post-image\" alt=\"Patronato ITAL Messico\" srcset=\"https:\/\/puntodincontro.mx\/wp-content\/uploads\/2021\/11\/logo-ital.jpg 200w, https:\/\/puntodincontro.mx\/wp-content\/uploads\/2021\/11\/logo-ital-16x5.jpg 16w\" sizes=\"(max-width: 200px) 100vw, 200px\" \/><\/a><\/div><\/div><\/div><div class=\"wpadcenter-ad-container\" ><div id=\"wpadcenter-ad-1538\" class=\"ad-placement\"><div class=\"wpadcenter-ad-inner\" ><a id=\"wpadcenter_ad\" data-value=\"1538\" data-placement=\"\" href=\"https:\/\/asociacionitaliana.org\/\" target=\"_blank\" class=\"wpadcenter-ad-inner__item\" ><img decoding=\"async\"   src=\"https:\/\/puntodincontro.mx\/wp-content\/uploads\/2021\/11\/aialogo.jpg\" class=\"attachment-post-thumbnail size-post-thumbnail wp-post-image\" alt=\"Associazione Italiana di Assistenza IAP\" srcset=\"https:\/\/puntodincontro.mx\/wp-content\/uploads\/2021\/11\/aialogo.jpg 200w, https:\/\/puntodincontro.mx\/wp-content\/uploads\/2021\/11\/aialogo-18x5.jpg 18w\" sizes=\"(max-width: 200px) 100vw, 200px\" \/><\/a><\/div><\/div><\/div><div class=\"wpadcenter-ad-container\" ><div id=\"wpadcenter-ad-1513\" class=\"ad-placement\"><div class=\"wpadcenter-ad-inner\" ><a id=\"wpadcenter_ad\" data-value=\"1513\" data-placement=\"\" href=\"https:\/\/gcinmuebles.mx\" target=\"_blank\" class=\"wpadcenter-ad-inner__item\" ><img decoding=\"async\"   src=\"https:\/\/puntodincontro.mx\/wp-content\/uploads\/2021\/10\/gcinmuebleslogopunto-1.jpg\" class=\"attachment-post-thumbnail size-post-thumbnail wp-post-image\" alt=\"\" srcset=\"https:\/\/puntodincontro.mx\/wp-content\/uploads\/2021\/10\/gcinmuebleslogopunto-1.jpg 200w, https:\/\/puntodincontro.mx\/wp-content\/uploads\/2021\/10\/gcinmuebleslogopunto-1-18x5.jpg 18w\" sizes=\"(max-width: 200px) 100vw, 200px\" \/><\/a><\/div><\/div><\/div><\/div><div class=\"wpadcenter-adgroup__row wpadcenter-aligncenter\"><div class=\"wpadcenter-ad-container\" ><div id=\"wpadcenter-ad-1374\" class=\"ad-placement\"><div class=\"wpadcenter-ad-inner\" ><a id=\"wpadcenter_ad\" data-value=\"1374\" data-placement=\"\" href=\"https:\/\/www.9colonne.it\/\" target=\"_blank\" class=\"wpadcenter-ad-inner__item\" ><img decoding=\"async\"   src=\"https:\/\/puntodincontro.mx\/wp-content\/uploads\/2021\/10\/Banner9colonne.gif\" class=\"attachment-post-thumbnail size-post-thumbnail wp-post-image\" alt=\"\" \/><\/a><\/div><\/div><\/div><div class=\"wpadcenter-ad-container\" ><div id=\"wpadcenter-ad-276\" class=\"ad-placement\"><div class=\"wpadcenter-ad-inner\" ><a id=\"wpadcenter_ad\" data-value=\"276\" data-placement=\"\" href=\"http:\/\/www.camaraitaliana.mx\/\" target=\"_blank\" class=\"wpadcenter-ad-inner__item\" ><img decoding=\"async\"   src=\"https:\/\/puntodincontro.mx\/wp-content\/uploads\/2021\/08\/ccimnuovo.jpg\" class=\"attachment-post-thumbnail size-post-thumbnail wp-post-image\" alt=\"\" srcset=\"https:\/\/puntodincontro.mx\/wp-content\/uploads\/2021\/08\/ccimnuovo.jpg 200w, https:\/\/puntodincontro.mx\/wp-content\/uploads\/2021\/08\/ccimnuovo-18x5.jpg 18w\" sizes=\"(max-width: 200px) 100vw, 200px\" \/><\/a><\/div><\/div><\/div><div class=\"wpadcenter-ad-container\" ><div id=\"wpadcenter-ad-272\" class=\"ad-placement\"><div class=\"wpadcenter-ad-inner\" ><a id=\"wpadcenter_ad\" data-value=\"272\" data-placement=\"\" href=\"http:\/\/corix.us\/\" target=\"_blank\" class=\"wpadcenter-ad-inner__item\" ><img decoding=\"async\"   src=\"https:\/\/puntodincontro.mx\/wp-content\/uploads\/2021\/08\/corixbanner-1.jpg\" class=\"attachment-post-thumbnail size-post-thumbnail wp-post-image\" alt=\"\" srcset=\"https:\/\/puntodincontro.mx\/wp-content\/uploads\/2021\/08\/corixbanner-1.jpg 200w, https:\/\/puntodincontro.mx\/wp-content\/uploads\/2021\/08\/corixbanner-1-16x5.jpg 16w\" sizes=\"(max-width: 200px) 100vw, 200px\" \/><\/a><\/div><\/div><\/div><\/div><div class=\"wpadcenter-adgroup__row wpadcenter-aligncenter\"><div class=\"wpadcenter-ad-container\" ><div id=\"wpadcenter-ad-266\" class=\"ad-placement\"><div class=\"wpadcenter-ad-inner\" ><a id=\"wpadcenter_ad\" data-value=\"266\" data-placement=\"\" href=\"https:\/\/www.prinsel.com.mx\/\" target=\"_blank\" class=\"wpadcenter-ad-inner__item\" ><img decoding=\"async\"   src=\"https:\/\/puntodincontro.mx\/wp-content\/uploads\/2021\/08\/prinselbanner-1.jpg\" class=\"attachment-post-thumbnail size-post-thumbnail wp-post-image\" alt=\"\" srcset=\"https:\/\/puntodincontro.mx\/wp-content\/uploads\/2021\/08\/prinselbanner-1.jpg 200w, https:\/\/puntodincontro.mx\/wp-content\/uploads\/2021\/08\/prinselbanner-1-16x5.jpg 16w\" sizes=\"(max-width: 200px) 100vw, 200px\" \/><\/a><\/div><\/div><\/div><div class=\"wpadcenter-ad-container\" ><div id=\"wpadcenter-ad-261\" class=\"ad-placement\"><div class=\"wpadcenter-ad-inner\" ><a id=\"wpadcenter_ad\" data-value=\"261\" data-placement=\"\" href=\"https:\/\/faitalia.com.mx\/\" target=\"_blank\" class=\"wpadcenter-ad-inner__item\" ><img decoding=\"async\"   src=\"https:\/\/puntodincontro.mx\/wp-content\/uploads\/2021\/08\/gruppodino.jpg\" class=\"attachment-post-thumbnail size-post-thumbnail wp-post-image\" alt=\"\" srcset=\"https:\/\/puntodincontro.mx\/wp-content\/uploads\/2021\/08\/gruppodino.jpg 200w, https:\/\/puntodincontro.mx\/wp-content\/uploads\/2021\/08\/gruppodino-18x5.jpg 18w\" sizes=\"(max-width: 200px) 100vw, 200px\" \/><\/a><\/div><\/div><\/div><\/div><\/div>\n\n\n<div style=\"height:12px\" aria-hidden=\"true\" class=\"wp-block-spacer\"><\/div>","protected":false},"excerpt":{"rendered":"<p>Ore 18.14 &#8211; L\u2019Ambasciatore d\u2019Italia in Messico, Alessandro Modiano, ha preso parte lo scorso 24 aprile a Tulum (Stato di Quintana Roo) alla cerimonia di lancio della settima edizione della \u201cFeria Aeroespacial M\u00e9xico\u201d (Famex), principale evento espositivo nel settore aerospaziale in Messico e tra i pi\u00f9 importanti in America Latina, che si svolger\u00e0 dal 20 al 24 aprile 2027 presso la Base Aerea Militare n. 1 di Santa Lucia (presso l\u2019Aeroporto Internazionale Felipe Angeles &#8211; Aifa). La cerimonia, organizzata dalla Fuerza Aerea Mexicana nell\u2019ambito dello spettacolo aereo \u201cTulum Air Show 2026\u201d, ha costituito la cornice ideale per annunciare che l\u2019Italia&#8230; <\/p>","protected":false},"author":2,"featured_media":25940,"comment_status":"open","ping_status":"open","sticky":false,"template":"","format":"standard","meta":{"_monsterinsights_skip_tracking":false,"_monsterinsights_sitenote_active":false,"_monsterinsights_sitenote_note":"","_monsterinsights_sitenote_category":0,"footnotes":""},"categories":[4],"tags":[],"class_list":["post-25935","post","type-post","status-publish","format-standard","has-post-thumbnail","hentry","category-italia-in-messico"],"yoast_head":"<!-- This site is optimized with the Yoast SEO Premium plugin v18.4 (Yoast SEO v25.6) - https:\/\/yoast.com\/wordpress\/plugins\/seo\/ -->\n<title>Italia ospite d&#039;onore alla Fiera Aerospaziale 2027 in Messico<\/title>\n<meta name=\"description\" content=\"L\u2019Ambasciatore d\u2019Italia in Messico, Alessandro Modiano, ha preso parte alla cerimonia di lancio della settima edizione di Famex.\" \/>\n<meta name=\"robots\" content=\"index, follow, max-snippet:-1, max-image-preview:large, max-video-preview:-1\" \/>\n<link rel=\"canonical\" href=\"https:\/\/puntodincontro.mx\/es\/2026\/04\/29\/italia-pais-invitado-de-honor-en-la-feria-aeroespacial-2027-en-mexico2\/\" \/>\n<meta property=\"og:locale\" content=\"es_MX\" \/>\n<meta property=\"og:type\" content=\"article\" \/>\n<meta property=\"og:title\" content=\"Italia ospite d&#039;onore alla Fiera Aerospaziale 2027 in Messico\" \/>\n<meta property=\"og:description\" content=\"L\u2019Ambasciatore d\u2019Italia in Messico, Alessandro Modiano, ha preso parte alla cerimonia di lancio della settima edizione di Famex.\" \/>\n<meta property=\"og:url\" content=\"https:\/\/puntodincontro.mx\/es\/2026\/04\/29\/italia-pais-invitado-de-honor-en-la-feria-aeroespacial-2027-en-mexico2\/\" \/>\n<meta property=\"og:site_name\" content=\"Puntodincontro\" \/>\n<meta property=\"article:publisher\" content=\"https:\/\/www.facebook.com\/puntodincontro.mx\" \/>\n<meta property=\"article:published_time\" content=\"2026-04-30T00:28:20+00:00\" \/>\n<meta property=\"article:modified_time\" content=\"2026-04-30T02:13:30+00:00\" \/>\n<meta property=\"og:image\" content=\"https:\/\/puntodincontro.mx\/wp-content\/uploads\/2026\/04\/modianotulumpunto2.jpg\" \/>\n\t<meta property=\"og:image:width\" content=\"932\" \/>\n\t<meta property=\"og:image:height\" content=\"488\" \/>\n\t<meta property=\"og:image:type\" content=\"image\/jpeg\" \/>\n<meta name=\"author\" content=\"Puntodincontro\" \/>\n<meta name=\"twitter:card\" content=\"summary_large_image\" \/>\n<meta name=\"twitter:creator\" content=\"@puntodincontro\" \/>\n<meta name=\"twitter:site\" content=\"@puntodincontro\" \/>\n<meta name=\"twitter:label1\" content=\"Escrito por\" \/>\n\t<meta name=\"twitter:data1\" content=\"Puntodincontro\" \/>\n\t<meta name=\"twitter:label2\" content=\"Tiempo de lectura\" \/>\n\t<meta name=\"twitter:data2\" content=\"2 minutos\" \/>\n<script type=\"application\/ld+json\" class=\"yoast-schema-graph\">{\"@context\":\"https:\/\/schema.org\",\"@graph\":[{\"@type\":\"NewsArticle\",\"@id\":\"https:\/\/puntodincontro.mx\/2026\/04\/29\/italia-ospite-donore-alla-fiera-aerospaziale-2027-in-messico2\/#article\",\"isPartOf\":{\"@id\":\"https:\/\/puntodincontro.mx\/2026\/04\/29\/italia-ospite-donore-alla-fiera-aerospaziale-2027-in-messico2\/\"},\"author\":{\"name\":\"Puntodincontro\",\"@id\":\"https:\/\/puntodincontro.mx\/#\/schema\/person\/d3066d18a16259cbb0c29b0d0e93b556\"},\"headline\":\"Italia ospite d&#8217;onore alla Fiera Aerospaziale 2027 in Messico\",\"datePublished\":\"2026-04-30T00:28:20+00:00\",\"dateModified\":\"2026-04-30T02:13:30+00:00\",\"mainEntityOfPage\":{\"@id\":\"https:\/\/puntodincontro.mx\/2026\/04\/29\/italia-ospite-donore-alla-fiera-aerospaziale-2027-in-messico2\/\"},\"wordCount\":318,\"commentCount\":0,\"publisher\":{\"@id\":\"https:\/\/puntodincontro.mx\/#organization\"},\"image\":{\"@id\":\"https:\/\/puntodincontro.mx\/2026\/04\/29\/italia-ospite-donore-alla-fiera-aerospaziale-2027-in-messico2\/#primaryimage\"},\"thumbnailUrl\":\"https:\/\/puntodincontro.mx\/wp-content\/uploads\/2026\/04\/modianotulumpuntovert.webp\",\"articleSection\":[\"Italia in Messico\"],\"inLanguage\":\"es\",\"potentialAction\":[{\"@type\":\"CommentAction\",\"name\":\"Comment\",\"target\":[\"https:\/\/puntodincontro.mx\/2026\/04\/29\/italia-ospite-donore-alla-fiera-aerospaziale-2027-in-messico2\/#respond\"]}]},{\"@type\":\"WebPage\",\"@id\":\"https:\/\/puntodincontro.mx\/2026\/04\/29\/italia-ospite-donore-alla-fiera-aerospaziale-2027-in-messico2\/\",\"url\":\"https:\/\/puntodincontro.mx\/2026\/04\/29\/italia-ospite-donore-alla-fiera-aerospaziale-2027-in-messico2\/\",\"name\":\"Italia ospite d'onore alla Fiera Aerospaziale 2027 in Messico\",\"isPartOf\":{\"@id\":\"https:\/\/puntodincontro.mx\/#website\"},\"primaryImageOfPage\":{\"@id\":\"https:\/\/puntodincontro.mx\/2026\/04\/29\/italia-ospite-donore-alla-fiera-aerospaziale-2027-in-messico2\/#primaryimage\"},\"image\":{\"@id\":\"https:\/\/puntodincontro.mx\/2026\/04\/29\/italia-ospite-donore-alla-fiera-aerospaziale-2027-in-messico2\/#primaryimage\"},\"thumbnailUrl\":\"https:\/\/puntodincontro.mx\/wp-content\/uploads\/2026\/04\/modianotulumpuntovert.webp\",\"datePublished\":\"2026-04-30T00:28:20+00:00\",\"dateModified\":\"2026-04-30T02:13:30+00:00\",\"description\":\"L\u2019Ambasciatore d\u2019Italia in Messico, Alessandro Modiano, ha preso parte alla cerimonia di lancio della settima edizione di Famex.\",\"breadcrumb\":{\"@id\":\"https:\/\/puntodincontro.mx\/2026\/04\/29\/italia-ospite-donore-alla-fiera-aerospaziale-2027-in-messico2\/#breadcrumb\"},\"inLanguage\":\"es\",\"potentialAction\":[{\"@type\":\"ReadAction\",\"target\":[\"https:\/\/puntodincontro.mx\/2026\/04\/29\/italia-ospite-donore-alla-fiera-aerospaziale-2027-in-messico2\/\"]}]},{\"@type\":\"ImageObject\",\"inLanguage\":\"es\",\"@id\":\"https:\/\/puntodincontro.mx\/2026\/04\/29\/italia-ospite-donore-alla-fiera-aerospaziale-2027-in-messico2\/#primaryimage\",\"url\":\"https:\/\/puntodincontro.mx\/wp-content\/uploads\/2026\/04\/modianotulumpuntovert.webp\",\"contentUrl\":\"https:\/\/puntodincontro.mx\/wp-content\/uploads\/2026\/04\/modianotulumpuntovert.webp\",\"width\":423,\"height\":488,\"caption\":\"Italia ospite d'onore alla Fiera Aerospaziale 2027 in Messico \/ Foto: X @Al_Modiano\"},{\"@type\":\"BreadcrumbList\",\"@id\":\"https:\/\/puntodincontro.mx\/2026\/04\/29\/italia-ospite-donore-alla-fiera-aerospaziale-2027-in-messico2\/#breadcrumb\",\"itemListElement\":[{\"@type\":\"ListItem\",\"position\":1,\"name\":\"Home\",\"item\":\"https:\/\/puntodincontro.mx\/\"},{\"@type\":\"ListItem\",\"position\":2,\"name\":\"Italia ospite d&#8217;onore alla Fiera Aerospaziale 2027 in Messico\"}]},{\"@type\":\"WebSite\",\"@id\":\"https:\/\/puntodincontro.mx\/#website\",\"url\":\"https:\/\/puntodincontro.mx\/\",\"name\":\"Puntodincontro\",\"description\":\"Dal 2006 notizie sui rapporti Italia-Messico \/ Desde 2006 noticias sobre las relaciones entre Italia y M\u00e9xico\",\"publisher\":{\"@id\":\"https:\/\/puntodincontro.mx\/#organization\"},\"potentialAction\":[{\"@type\":\"SearchAction\",\"target\":{\"@type\":\"EntryPoint\",\"urlTemplate\":\"https:\/\/puntodincontro.mx\/?s={search_term_string}\"},\"query-input\":{\"@type\":\"PropertyValueSpecification\",\"valueRequired\":true,\"valueName\":\"search_term_string\"}}],\"inLanguage\":\"es\"},{\"@type\":\"Organization\",\"@id\":\"https:\/\/puntodincontro.mx\/#organization\",\"name\":\"Puntodincontro\",\"url\":\"https:\/\/puntodincontro.mx\/\",\"logo\":{\"@type\":\"ImageObject\",\"inLanguage\":\"es\",\"@id\":\"https:\/\/puntodincontro.mx\/#\/schema\/logo\/image\/\",\"url\":\"https:\/\/puntodincontro.mx\/wp-content\/uploads\/2021\/08\/Default-image-for-open-graph-settings.jpg\",\"contentUrl\":\"https:\/\/puntodincontro.mx\/wp-content\/uploads\/2021\/08\/Default-image-for-open-graph-settings.jpg\",\"width\":1200,\"height\":630,\"caption\":\"Puntodincontro\"},\"image\":{\"@id\":\"https:\/\/puntodincontro.mx\/#\/schema\/logo\/image\/\"},\"sameAs\":[\"https:\/\/www.facebook.com\/puntodincontro.mx\",\"https:\/\/x.com\/puntodincontro\",\"https:\/\/www.instagram.com\/puntodincontro.mx\/\",\"https:\/\/www.linkedin.com\/company\/puntodincontro\/\",\"https:\/\/www.youtube.com\/c\/puntodincontromessico\",\"https:\/\/www.patreon.com\/puntodincontro\",\"https:\/\/www.threads.net\/@puntodincontro.mx\"]},{\"@type\":\"Person\",\"@id\":\"https:\/\/puntodincontro.mx\/#\/schema\/person\/d3066d18a16259cbb0c29b0d0e93b556\",\"name\":\"Puntodincontro\",\"image\":{\"@type\":\"ImageObject\",\"inLanguage\":\"es\",\"@id\":\"https:\/\/puntodincontro.mx\/#\/schema\/person\/image\/\",\"url\":\"https:\/\/secure.gravatar.com\/avatar\/0e85b4b3b5e9d6bfcec6a4956d8cc63a?s=96&d=mm&r=g\",\"contentUrl\":\"https:\/\/secure.gravatar.com\/avatar\/0e85b4b3b5e9d6bfcec6a4956d8cc63a?s=96&d=mm&r=g\",\"caption\":\"Puntodincontro\"},\"url\":\"https:\/\/puntodincontro.mx\/es\/author\/puntodincontro\/\"}]}<\/script>\n<!-- \/ Yoast SEO Premium plugin. -->","yoast_head_json":{"title":"Italia, pa\u00eds invitado de honor en la Feria Aeroespacial 2027 en M\u00e9xico","description":"El embajador de Italia en M\u00e9xico, Alessandro Modiano, particip\u00f3 en la ceremonia de lanzamiento de la s\u00e9ptima edici\u00f3n de Famex.","robots":{"index":"index","follow":"follow","max-snippet":"max-snippet:-1","max-image-preview":"max-image-preview:large","max-video-preview":"max-video-preview:-1"},"canonical":"https:\/\/puntodincontro.mx\/es\/2026\/04\/29\/italia-pais-invitado-de-honor-en-la-feria-aeroespacial-2027-en-mexico2\/","og_locale":"es_MX","og_type":"article","og_title":"Italia ospite d'onore alla Fiera Aerospaziale 2027 in Messico","og_description":"L\u2019Ambasciatore d\u2019Italia in Messico, Alessandro Modiano, ha preso parte alla cerimonia di lancio della settima edizione di Famex.","og_url":"https:\/\/puntodincontro.mx\/es\/2026\/04\/29\/italia-pais-invitado-de-honor-en-la-feria-aeroespacial-2027-en-mexico2\/","og_site_name":"Puntodincontro","article_publisher":"https:\/\/www.facebook.com\/puntodincontro.mx","article_published_time":"2026-04-30T00:28:20+00:00","article_modified_time":"2026-04-30T02:13:30+00:00","og_image":[{"width":932,"height":488,"url":"https:\/\/puntodincontro.mx\/wp-content\/uploads\/2026\/04\/modianotulumpunto2.jpg","type":"image\/jpeg"}],"author":"Puntodincontro","twitter_card":"summary_large_image","twitter_creator":"@puntodincontro","twitter_site":"@puntodincontro","twitter_misc":{"Escrito por":"Puntodincontro","Tiempo de lectura":"2 minutos"},"schema":{"@context":"https:\/\/schema.org","@graph":[{"@type":"NewsArticle","@id":"https:\/\/puntodincontro.mx\/2026\/04\/29\/italia-ospite-donore-alla-fiera-aerospaziale-2027-in-messico2\/#article","isPartOf":{"@id":"https:\/\/puntodincontro.mx\/2026\/04\/29\/italia-ospite-donore-alla-fiera-aerospaziale-2027-in-messico2\/"},"author":{"name":"Puntodincontro","@id":"https:\/\/puntodincontro.mx\/#\/schema\/person\/d3066d18a16259cbb0c29b0d0e93b556"},"headline":"Italia ospite d&#8217;onore alla Fiera Aerospaziale 2027 in Messico","datePublished":"2026-04-30T00:28:20+00:00","dateModified":"2026-04-30T02:13:30+00:00","mainEntityOfPage":{"@id":"https:\/\/puntodincontro.mx\/2026\/04\/29\/italia-ospite-donore-alla-fiera-aerospaziale-2027-in-messico2\/"},"wordCount":318,"commentCount":0,"publisher":{"@id":"https:\/\/puntodincontro.mx\/#organization"},"image":{"@id":"https:\/\/puntodincontro.mx\/2026\/04\/29\/italia-ospite-donore-alla-fiera-aerospaziale-2027-in-messico2\/#primaryimage"},"thumbnailUrl":"https:\/\/puntodincontro.mx\/wp-content\/uploads\/2026\/04\/modianotulumpuntovert.webp","articleSection":["Italia in Messico"],"inLanguage":"es","potentialAction":[{"@type":"CommentAction","name":"Comment","target":["https:\/\/puntodincontro.mx\/2026\/04\/29\/italia-ospite-donore-alla-fiera-aerospaziale-2027-in-messico2\/#respond"]}]},{"@type":"WebPage","@id":"https:\/\/puntodincontro.mx\/2026\/04\/29\/italia-ospite-donore-alla-fiera-aerospaziale-2027-in-messico2\/","url":"https:\/\/puntodincontro.mx\/2026\/04\/29\/italia-ospite-donore-alla-fiera-aerospaziale-2027-in-messico2\/","name":"Italia, pa\u00eds invitado de honor en la Feria Aeroespacial 2027 en M\u00e9xico","isPartOf":{"@id":"https:\/\/puntodincontro.mx\/#website"},"primaryImageOfPage":{"@id":"https:\/\/puntodincontro.mx\/2026\/04\/29\/italia-ospite-donore-alla-fiera-aerospaziale-2027-in-messico2\/#primaryimage"},"image":{"@id":"https:\/\/puntodincontro.mx\/2026\/04\/29\/italia-ospite-donore-alla-fiera-aerospaziale-2027-in-messico2\/#primaryimage"},"thumbnailUrl":"https:\/\/puntodincontro.mx\/wp-content\/uploads\/2026\/04\/modianotulumpuntovert.webp","datePublished":"2026-04-30T00:28:20+00:00","dateModified":"2026-04-30T02:13:30+00:00","description":"El embajador de Italia en M\u00e9xico, Alessandro Modiano, particip\u00f3 en la ceremonia de lanzamiento de la s\u00e9ptima edici\u00f3n de Famex.","breadcrumb":{"@id":"https:\/\/puntodincontro.mx\/2026\/04\/29\/italia-ospite-donore-alla-fiera-aerospaziale-2027-in-messico2\/#breadcrumb"},"inLanguage":"es","potentialAction":[{"@type":"ReadAction","target":["https:\/\/puntodincontro.mx\/2026\/04\/29\/italia-ospite-donore-alla-fiera-aerospaziale-2027-in-messico2\/"]}]},{"@type":"ImageObject","inLanguage":"es","@id":"https:\/\/puntodincontro.mx\/2026\/04\/29\/italia-ospite-donore-alla-fiera-aerospaziale-2027-in-messico2\/#primaryimage","url":"https:\/\/puntodincontro.mx\/wp-content\/uploads\/2026\/04\/modianotulumpuntovert.webp","contentUrl":"https:\/\/puntodincontro.mx\/wp-content\/uploads\/2026\/04\/modianotulumpuntovert.webp","width":423,"height":488,"caption":"Italia ospite d'onore alla Fiera Aerospaziale 2027 in Messico \/ Foto: X @Al_Modiano"},{"@type":"BreadcrumbList","@id":"https:\/\/puntodincontro.mx\/2026\/04\/29\/italia-ospite-donore-alla-fiera-aerospaziale-2027-in-messico2\/#breadcrumb","itemListElement":[{"@type":"ListItem","position":1,"name":"Home","item":"https:\/\/puntodincontro.mx\/"},{"@type":"ListItem","position":2,"name":"Italia ospite d&#8217;onore alla Fiera Aerospaziale 2027 in Messico"}]},{"@type":"WebSite","@id":"https:\/\/puntodincontro.mx\/#website","url":"https:\/\/puntodincontro.mx\/","name":"Puntodincontro","description":"Desde el 2006 noticias sobre las relaciones entre Italia y M\u00e9xico \/ Dal 2006 notizie sui rapporti Italia-Messico","publisher":{"@id":"https:\/\/puntodincontro.mx\/#organization"},"potentialAction":[{"@type":"SearchAction","target":{"@type":"EntryPoint","urlTemplate":"https:\/\/puntodincontro.mx\/?s={search_term_string}"},"query-input":{"@type":"PropertyValueSpecification","valueRequired":true,"valueName":"search_term_string"}}],"inLanguage":"es"},{"@type":"Organization","@id":"https:\/\/puntodincontro.mx\/#organization","name":"Puntodincontro","url":"https:\/\/puntodincontro.mx\/","logo":{"@type":"ImageObject","inLanguage":"es","@id":"https:\/\/puntodincontro.mx\/#\/schema\/logo\/image\/","url":"https:\/\/puntodincontro.mx\/wp-content\/uploads\/2021\/08\/Default-image-for-open-graph-settings.jpg","contentUrl":"https:\/\/puntodincontro.mx\/wp-content\/uploads\/2021\/08\/Default-image-for-open-graph-settings.jpg","width":1200,"height":630,"caption":"Puntodincontro"},"image":{"@id":"https:\/\/puntodincontro.mx\/#\/schema\/logo\/image\/"},"sameAs":["https:\/\/www.facebook.com\/puntodincontro.mx","https:\/\/x.com\/puntodincontro","https:\/\/www.instagram.com\/puntodincontro.mx\/","https:\/\/www.linkedin.com\/company\/puntodincontro\/","https:\/\/www.youtube.com\/c\/puntodincontromessico","https:\/\/www.patreon.com\/puntodincontro","https:\/\/www.threads.net\/@puntodincontro.mx"]},{"@type":"Person","@id":"https:\/\/puntodincontro.mx\/#\/schema\/person\/d3066d18a16259cbb0c29b0d0e93b556","name":"Puntodincontro","image":{"@type":"ImageObject","inLanguage":"es","@id":"https:\/\/puntodincontro.mx\/#\/schema\/person\/image\/","url":"https:\/\/secure.gravatar.com\/avatar\/0e85b4b3b5e9d6bfcec6a4956d8cc63a?s=96&d=mm&r=g","contentUrl":"https:\/\/secure.gravatar.com\/avatar\/0e85b4b3b5e9d6bfcec6a4956d8cc63a?s=96&d=mm&r=g","caption":"Puntodincontro"},"url":"https:\/\/puntodincontro.mx\/es\/author\/puntodincontro\/"}]}},"_links":{"self":[{"href":"https:\/\/puntodincontro.mx\/es\/wp-json\/wp\/v2\/posts\/25935"}],"collection":[{"href":"https:\/\/puntodincontro.mx\/es\/wp-json\/wp\/v2\/posts"}],"about":[{"href":"https:\/\/puntodincontro.mx\/es\/wp-json\/wp\/v2\/types\/post"}],"author":[{"embeddable":true,"href":"https:\/\/puntodincontro.mx\/es\/wp-json\/wp\/v2\/users\/2"}],"replies":[{"embeddable":true,"href":"https:\/\/puntodincontro.mx\/es\/wp-json\/wp\/v2\/comments?post=25935"}],"version-history":[{"count":4,"href":"https:\/\/puntodincontro.mx\/es\/wp-json\/wp\/v2\/posts\/25935\/revisions"}],"predecessor-version":[{"id":25939,"href":"https:\/\/puntodincontro.mx\/es\/wp-json\/wp\/v2\/posts\/25935\/revisions\/25939"}],"wp:featuredmedia":[{"embeddable":true,"href":"https:\/\/puntodincontro.mx\/es\/wp-json\/wp\/v2\/media\/25940"}],"wp:attachment":[{"href":"https:\/\/puntodincontro.mx\/es\/wp-json\/wp\/v2\/media?parent=25935"}],"wp:term":[{"taxonomy":"category","embeddable":true,"href":"https:\/\/puntodincontro.mx\/es\/wp-json\/wp\/v2\/categories?post=25935"},{"taxonomy":"post_tag","embeddable":true,"href":"https:\/\/puntodincontro.mx\/es\/wp-json\/wp\/v2\/tags?post=25935"}],"curies":[{"name":"wp","href":"https:\/\/api.w.org\/{rel}","templated":true}]}}