{"id":25942,"date":"2026-04-29T19:53:46","date_gmt":"2026-04-30T01:53:46","guid":{"rendered":"https:\/\/puntodincontro.mx\/?p=25942"},"modified":"2026-04-29T20:28:38","modified_gmt":"2026-04-30T02:28:38","slug":"el-embajador-modiano-arroz-oliar-de-la-identidad-agroalimentaria-italiana2","status":"publish","type":"post","link":"https:\/\/puntodincontro.mx\/es\/2026\/04\/29\/lambasciatore-modiano-riso-pilastro-dellidentita-agroalimentare-italiana2\/","title":{"rendered":"El embajador Modiano: \u00abArroz, pilar de la identidad agroalimentaria italiana\u00bb"},"content":{"rendered":"<p class=\"translation-block\"><strong>19:39 h<\/strong> - El 28 de abril de 2026, el Instituto Italiano de Cultura de la Ciudad de M\u00e9xico fue sede de una conferencia dedicada a la importancia del territorio en la valorizaci\u00f3n de los productos agroalimentarios, la cual estuvo centrada en el arroz italiano.<\/p>\n\n\n\n<p>La inauguraci\u00f3n del evento estuvo a cargo del embajador de Italia en M\u00e9xico, Alessandro Modiano, quien subray\u00f3 que este cereal representa \u00abprofundamente la identidad agroalimentaria de Italia\u00bb. En su discurso de apertura, el diplom\u00e1tico record\u00f3 que la iniciativa se enmarca en una estrategia de promoci\u00f3n m\u00e1s amplia respaldada por el gobierno, citando como ejemplo la feria internacional Ris\u00f2 de Vercelli, creada el a\u00f1o pasado a iniciativa del Ministerio de Agricultura, Soberan\u00eda Alimentaria y Bosques (MASAF) precisamente para impulsar el sector arrocero nacional. De este modo, Modiano destac\u00f3 el triple valor del producto: econ\u00f3mico, cultural y territorial.<\/p>\n\n\n\n<p>Tras recordar que las exportaciones agroalimentarias italianas en 2025 superaron la barrera de los 70 mil millones de euros, Modiano celebr\u00f3 el hito alcanzado a finales de ese a\u00f1o, cuando \u00abla cocina italiana fue reconocida por la Unesco como patrimonio cultural\u00bb. Seg\u00fan el jefe de la misi\u00f3n diplom\u00e1tica en el pa\u00eds latinoamericano, el arroz encarna a la perfecci\u00f3n este esp\u00edritu, ya que nace del sabio equilibrio entre los factores naturales y la labor humana.<\/p>\n\n\n\n<p>El panel posterior fue moderado por Roberto Sorrentino, agregado agr\u00edcola de la Embajada, quien invit\u00f3 a los ponentes a analizar la singularidad del arroz italiano y su potencial de mercado. La doctora Natalia Bobba, presidenta del Ente Nacional del Arroz, explic\u00f3 que su pa\u00eds cuenta con m\u00e1s de doscientas variedades inscritas en el registro oficial. La peculiaridad del producto, afirm\u00f3, se deriva de su estrecho v\u00ednculo con el territorio y de la hist\u00f3rica y compleja gesti\u00f3n h\u00eddrica. En cuanto a su posicionamiento en M\u00e9xico, la presidenta traz\u00f3 un rumbo claro: \u00abAl no poder competir con el arroz gen\u00e9rico de grano largo, debemos apostar por el segmento premium\u00bb, educando a los consumidores para protegerlos de las falsificaciones.<\/p>\n\n\n\n<p>Para ilustrar las din\u00e1micas de producci\u00f3n, intervino el agr\u00f3nomo Dino Massignani en representaci\u00f3n de la Reserva San Massimo, una finca agr\u00edcola lombarda ubicada dentro de un \u00e1rea natural protegida donde el cereal se cultiva utilizando agua de manantial pr\u00edstina y m\u00e9todos que protegen la biodiversidad. Massignani describi\u00f3 los estrictos protocolos de trazabilidad y el pulido a la piedra de los granos, procesos necesarios para incursionar en la alta gastronom\u00eda y los restaurantes de lujo.<\/p>\n\n\n\n<p>El aspecto estrictamente gastron\u00f3mico qued\u00f3 a cargo del chef Cosimo Branca. El experto se\u00f1al\u00f3 a la variedad Carnaroli como la m\u00e1s confiable a nivel t\u00e9cnico para la elaboraci\u00f3n de risottos, gracias a su resistencia durante la cocci\u00f3n, y analiz\u00f3 los retos t\u00e9cnicos que supone la altitud de la Ciudad de M\u00e9xico, donde el agua hierve a tan solo 93 \u00b0C, lo que obliga a prolongar los tiempos en el fuego. Branca concluy\u00f3 definiendo al arroz italiano como \u00abuna herramienta que conecta culturas\u00bb, ideal para dialogar con los complejos sabores de la gastronom\u00eda mexicana.<\/p>\n\n\n\n<p class=\"has-small-font-size\">Instagram @abarroteriaitaliana<\/p>\n\n\n\n<div style=\"height:12px\" aria-hidden=\"true\" class=\"wp-block-spacer\"><\/div>\n\n\n<!-- Ad space powered by WP AdCenter v2.5.7 - https:\/\/wpadcenter.com\/ --><div class=\"wpadcenter-adgroup\" ><div class=\"wpadcenter-adgroup__row wpadcenter-aligncenter\"><div class=\"wpadcenter-ad-container\" ><div id=\"wpadcenter-ad-18464\" class=\"ad-placement\"><div class=\"wpadcenter-ad-inner\" ><a id=\"wpadcenter_ad\" data-value=\"18464\" data-placement=\"\" href=\"https:\/\/www.productosremo.com\/\" target=\"_blank\" class=\"wpadcenter-ad-inner__item\" ><img decoding=\"async\"   src=\"https:\/\/puntodincontro.mx\/wp-content\/uploads\/2021\/08\/remobanner.jpg\" class=\"attachment-post-thumbnail size-post-thumbnail wp-post-image\" alt=\"\" srcset=\"https:\/\/puntodincontro.mx\/wp-content\/uploads\/2021\/08\/remobanner.jpg 200w, https:\/\/puntodincontro.mx\/wp-content\/uploads\/2021\/08\/remobanner-16x5.jpg 16w\" sizes=\"(max-width: 200px) 100vw, 200px\" \/><\/a><\/div><\/div><\/div><div class=\"wpadcenter-ad-container\" ><div id=\"wpadcenter-ad-5305\" class=\"ad-placement\"><div class=\"wpadcenter-ad-inner\" ><a id=\"wpadcenter_ad\" data-value=\"5305\" data-placement=\"\" href=\"https:\/\/ambcittadelmessico.esteri.it\/ambasciata_cittadelmessico\/it\/\" target=\"_blank\" class=\"wpadcenter-ad-inner__item\" ><img decoding=\"async\"   src=\"https:\/\/puntodincontro.mx\/wp-content\/uploads\/2022\/05\/Ambasciata.jpg\" class=\"attachment-post-thumbnail size-post-thumbnail wp-post-image\" alt=\"\" srcset=\"https:\/\/puntodincontro.mx\/wp-content\/uploads\/2022\/05\/Ambasciata.jpg 200w, https:\/\/puntodincontro.mx\/wp-content\/uploads\/2022\/05\/Ambasciata-18x5.jpg 18w\" sizes=\"(max-width: 200px) 100vw, 200px\" \/><\/a><\/div><\/div><\/div><div class=\"wpadcenter-ad-container\" ><div id=\"wpadcenter-ad-3781\" class=\"ad-placement\"><div class=\"wpadcenter-ad-inner\" ><a id=\"wpadcenter_ad\" data-value=\"3781\" data-placement=\"\" href=\"https:\/\/cannizzo.com.mx\/\" target=\"_blank\" class=\"wpadcenter-ad-inner__item\" ><img decoding=\"async\"   src=\"https:\/\/puntodincontro.mx\/wp-content\/uploads\/2022\/03\/cannizzo2.jpg\" class=\"attachment-post-thumbnail size-post-thumbnail wp-post-image\" alt=\"\" srcset=\"https:\/\/puntodincontro.mx\/wp-content\/uploads\/2022\/03\/cannizzo2.jpg 200w, https:\/\/puntodincontro.mx\/wp-content\/uploads\/2022\/03\/cannizzo2-18x5.jpg 18w\" sizes=\"(max-width: 200px) 100vw, 200px\" \/><\/a><\/div><\/div><\/div><\/div><div class=\"wpadcenter-adgroup__row wpadcenter-aligncenter\"><div class=\"wpadcenter-ad-container\" ><div id=\"wpadcenter-ad-1704\" class=\"ad-placement\"><div class=\"wpadcenter-ad-inner\" ><a id=\"wpadcenter_ad\" data-value=\"1704\" data-placement=\"\" href=\"https:\/\/puntodincontro.mx\/es\/2021\/12\/24\/inps-verificacion-de-supervivencia-de-los-pensionados-en-el-extranjero\/\" target=\"_blank\" class=\"wpadcenter-ad-inner__item\" ><img decoding=\"async\"   src=\"https:\/\/puntodincontro.mx\/wp-content\/uploads\/2021\/11\/logo-ital.jpg\" class=\"attachment-post-thumbnail size-post-thumbnail wp-post-image\" alt=\"Patronato ITAL Messico\" srcset=\"https:\/\/puntodincontro.mx\/wp-content\/uploads\/2021\/11\/logo-ital.jpg 200w, https:\/\/puntodincontro.mx\/wp-content\/uploads\/2021\/11\/logo-ital-16x5.jpg 16w\" sizes=\"(max-width: 200px) 100vw, 200px\" \/><\/a><\/div><\/div><\/div><div class=\"wpadcenter-ad-container\" ><div id=\"wpadcenter-ad-1538\" class=\"ad-placement\"><div class=\"wpadcenter-ad-inner\" ><a id=\"wpadcenter_ad\" data-value=\"1538\" data-placement=\"\" href=\"https:\/\/asociacionitaliana.org\/\" target=\"_blank\" class=\"wpadcenter-ad-inner__item\" ><img decoding=\"async\"   src=\"https:\/\/puntodincontro.mx\/wp-content\/uploads\/2021\/11\/aialogo.jpg\" class=\"attachment-post-thumbnail size-post-thumbnail wp-post-image\" alt=\"Associazione Italiana di Assistenza IAP\" srcset=\"https:\/\/puntodincontro.mx\/wp-content\/uploads\/2021\/11\/aialogo.jpg 200w, https:\/\/puntodincontro.mx\/wp-content\/uploads\/2021\/11\/aialogo-18x5.jpg 18w\" sizes=\"(max-width: 200px) 100vw, 200px\" \/><\/a><\/div><\/div><\/div><div class=\"wpadcenter-ad-container\" ><div id=\"wpadcenter-ad-1513\" class=\"ad-placement\"><div class=\"wpadcenter-ad-inner\" ><a id=\"wpadcenter_ad\" data-value=\"1513\" data-placement=\"\" href=\"https:\/\/gcinmuebles.mx\" target=\"_blank\" class=\"wpadcenter-ad-inner__item\" ><img decoding=\"async\"   src=\"https:\/\/puntodincontro.mx\/wp-content\/uploads\/2021\/10\/gcinmuebleslogopunto-1.jpg\" class=\"attachment-post-thumbnail size-post-thumbnail wp-post-image\" alt=\"\" srcset=\"https:\/\/puntodincontro.mx\/wp-content\/uploads\/2021\/10\/gcinmuebleslogopunto-1.jpg 200w, https:\/\/puntodincontro.mx\/wp-content\/uploads\/2021\/10\/gcinmuebleslogopunto-1-18x5.jpg 18w\" sizes=\"(max-width: 200px) 100vw, 200px\" \/><\/a><\/div><\/div><\/div><\/div><div class=\"wpadcenter-adgroup__row wpadcenter-aligncenter\"><div class=\"wpadcenter-ad-container\" ><div id=\"wpadcenter-ad-1374\" class=\"ad-placement\"><div class=\"wpadcenter-ad-inner\" ><a id=\"wpadcenter_ad\" data-value=\"1374\" data-placement=\"\" href=\"https:\/\/www.9colonne.it\/\" target=\"_blank\" class=\"wpadcenter-ad-inner__item\" ><img decoding=\"async\"   src=\"https:\/\/puntodincontro.mx\/wp-content\/uploads\/2021\/10\/Banner9colonne.gif\" class=\"attachment-post-thumbnail size-post-thumbnail wp-post-image\" alt=\"\" \/><\/a><\/div><\/div><\/div><div class=\"wpadcenter-ad-container\" ><div id=\"wpadcenter-ad-276\" class=\"ad-placement\"><div class=\"wpadcenter-ad-inner\" ><a id=\"wpadcenter_ad\" data-value=\"276\" data-placement=\"\" href=\"http:\/\/www.camaraitaliana.mx\/\" target=\"_blank\" class=\"wpadcenter-ad-inner__item\" ><img decoding=\"async\"   src=\"https:\/\/puntodincontro.mx\/wp-content\/uploads\/2021\/08\/ccimnuovo.jpg\" class=\"attachment-post-thumbnail size-post-thumbnail wp-post-image\" alt=\"\" srcset=\"https:\/\/puntodincontro.mx\/wp-content\/uploads\/2021\/08\/ccimnuovo.jpg 200w, https:\/\/puntodincontro.mx\/wp-content\/uploads\/2021\/08\/ccimnuovo-18x5.jpg 18w\" sizes=\"(max-width: 200px) 100vw, 200px\" \/><\/a><\/div><\/div><\/div><div class=\"wpadcenter-ad-container\" ><div id=\"wpadcenter-ad-272\" class=\"ad-placement\"><div class=\"wpadcenter-ad-inner\" ><a id=\"wpadcenter_ad\" data-value=\"272\" data-placement=\"\" href=\"http:\/\/corix.us\/\" target=\"_blank\" class=\"wpadcenter-ad-inner__item\" ><img decoding=\"async\"   src=\"https:\/\/puntodincontro.mx\/wp-content\/uploads\/2021\/08\/corixbanner-1.jpg\" class=\"attachment-post-thumbnail size-post-thumbnail wp-post-image\" alt=\"\" srcset=\"https:\/\/puntodincontro.mx\/wp-content\/uploads\/2021\/08\/corixbanner-1.jpg 200w, https:\/\/puntodincontro.mx\/wp-content\/uploads\/2021\/08\/corixbanner-1-16x5.jpg 16w\" sizes=\"(max-width: 200px) 100vw, 200px\" \/><\/a><\/div><\/div><\/div><\/div><div class=\"wpadcenter-adgroup__row wpadcenter-aligncenter\"><div class=\"wpadcenter-ad-container\" ><div id=\"wpadcenter-ad-266\" class=\"ad-placement\"><div class=\"wpadcenter-ad-inner\" ><a id=\"wpadcenter_ad\" data-value=\"266\" data-placement=\"\" href=\"https:\/\/www.prinsel.com.mx\/\" target=\"_blank\" class=\"wpadcenter-ad-inner__item\" ><img decoding=\"async\"   src=\"https:\/\/puntodincontro.mx\/wp-content\/uploads\/2021\/08\/prinselbanner-1.jpg\" class=\"attachment-post-thumbnail size-post-thumbnail wp-post-image\" alt=\"\" srcset=\"https:\/\/puntodincontro.mx\/wp-content\/uploads\/2021\/08\/prinselbanner-1.jpg 200w, https:\/\/puntodincontro.mx\/wp-content\/uploads\/2021\/08\/prinselbanner-1-16x5.jpg 16w\" sizes=\"(max-width: 200px) 100vw, 200px\" \/><\/a><\/div><\/div><\/div><div class=\"wpadcenter-ad-container\" ><div id=\"wpadcenter-ad-261\" class=\"ad-placement\"><div class=\"wpadcenter-ad-inner\" ><a id=\"wpadcenter_ad\" data-value=\"261\" data-placement=\"\" href=\"https:\/\/faitalia.com.mx\/\" target=\"_blank\" class=\"wpadcenter-ad-inner__item\" ><img decoding=\"async\"   src=\"https:\/\/puntodincontro.mx\/wp-content\/uploads\/2021\/08\/gruppodino.jpg\" class=\"attachment-post-thumbnail size-post-thumbnail wp-post-image\" alt=\"\" srcset=\"https:\/\/puntodincontro.mx\/wp-content\/uploads\/2021\/08\/gruppodino.jpg 200w, https:\/\/puntodincontro.mx\/wp-content\/uploads\/2021\/08\/gruppodino-18x5.jpg 18w\" sizes=\"(max-width: 200px) 100vw, 200px\" \/><\/a><\/div><\/div><\/div><\/div><\/div>\n\n\n<div style=\"height:12px\" aria-hidden=\"true\" class=\"wp-block-spacer\"><\/div>","protected":false},"excerpt":{"rendered":"<p>Ore 19.39 &#8211; Il 28 aprile 2026 l&#8217;Istituto Italiano di Cultura di Citt\u00e0 del Messico ha ospitato una conferenza dedicata all&#8217;importanza del territorio nella valorizzazione dei prodotti agroalimentari, incentrata sul riso italiano. Ad aprire i lavori \u00e8 stato l&#8217;Ambasciatore d&#8217;Italia in Messico, Alessandro Modiano, il quale ha sottolineato come questo cereale rappresenti \u00abprofondamente l&#8217;identit\u00e0 agroalimentare d&#8217;Italia\u00bb. Nel suo discorso introduttivo, il diplomatico ha ricordato che l&#8217;iniziativa si inserisce in una pi\u00f9 ampia strategia di promozione sostenuta dal governo, citando come esempio la fiera internazionale Ris\u00f2 di Vercelli, nata lo scorso anno per volont\u00e0 del Ministero dell&#8217;Agricoltura, della Sovranit\u00e0 Alimentare e&#8230; <\/p>","protected":false},"author":2,"featured_media":25949,"comment_status":"open","ping_status":"open","sticky":false,"template":"","format":"standard","meta":{"_monsterinsights_skip_tracking":false,"_monsterinsights_sitenote_active":false,"_monsterinsights_sitenote_note":"","_monsterinsights_sitenote_category":0,"footnotes":""},"categories":[4],"tags":[],"class_list":["post-25942","post","type-post","status-publish","format-standard","has-post-thumbnail","hentry","category-italia-in-messico"],"yoast_head":"<!-- This site is optimized with the Yoast SEO Premium plugin v18.4 (Yoast SEO v25.6) - https:\/\/yoast.com\/wordpress\/plugins\/seo\/ -->\n<title>Amb. Modiano: \u00abRiso pilastro dell\u2019identit\u00e0 agroalimentare italiana\u00bb<\/title>\n<meta name=\"description\" content=\"L&#039;Istituto Italiano di Cultura di Citt\u00e0 del Messico ha ospitato una conferenza incentrata sul riso italiano.\" \/>\n<meta name=\"robots\" content=\"index, follow, max-snippet:-1, max-image-preview:large, max-video-preview:-1\" \/>\n<link rel=\"canonical\" href=\"https:\/\/puntodincontro.mx\/es\/2026\/04\/29\/el-embajador-modiano-arroz-oliar-de-la-identidad-agroalimentaria-italiana2\/\" \/>\n<meta property=\"og:locale\" content=\"es_MX\" \/>\n<meta property=\"og:type\" content=\"article\" \/>\n<meta property=\"og:title\" content=\"L&#039;Ambasciatore Modiano: \u00abRiso pilastro dell&#039;identit\u00e0 agroalimentare italiana\u00bb\" \/>\n<meta property=\"og:description\" content=\"L&#039;Istituto Italiano di Cultura di Citt\u00e0 del Messico ha ospitato una conferenza incentrata sul riso italiano.\" \/>\n<meta property=\"og:url\" content=\"https:\/\/puntodincontro.mx\/es\/2026\/04\/29\/el-embajador-modiano-arroz-oliar-de-la-identidad-agroalimentaria-italiana2\/\" \/>\n<meta property=\"og:site_name\" content=\"Puntodincontro\" \/>\n<meta property=\"article:publisher\" content=\"https:\/\/www.facebook.com\/puntodincontro.mx\" \/>\n<meta property=\"article:published_time\" content=\"2026-04-30T01:53:46+00:00\" \/>\n<meta property=\"article:modified_time\" content=\"2026-04-30T02:28:38+00:00\" \/>\n<meta property=\"og:image\" content=\"https:\/\/puntodincontro.mx\/wp-content\/uploads\/2026\/04\/risoiicpunto2.jpg\" \/>\n\t<meta property=\"og:image:width\" content=\"932\" \/>\n\t<meta property=\"og:image:height\" content=\"488\" \/>\n\t<meta property=\"og:image:type\" content=\"image\/jpeg\" \/>\n<meta name=\"author\" content=\"Puntodincontro\" \/>\n<meta name=\"twitter:card\" content=\"summary_large_image\" \/>\n<meta name=\"twitter:creator\" content=\"@puntodincontro\" \/>\n<meta name=\"twitter:site\" content=\"@puntodincontro\" \/>\n<meta name=\"twitter:label1\" content=\"Escrito por\" \/>\n\t<meta name=\"twitter:data1\" content=\"Puntodincontro\" \/>\n\t<meta name=\"twitter:label2\" content=\"Tiempo de lectura\" \/>\n\t<meta name=\"twitter:data2\" content=\"2 minutos\" \/>\n<script type=\"application\/ld+json\" class=\"yoast-schema-graph\">{\"@context\":\"https:\/\/schema.org\",\"@graph\":[{\"@type\":\"NewsArticle\",\"@id\":\"https:\/\/puntodincontro.mx\/2026\/04\/29\/lambasciatore-modiano-riso-pilastro-dellidentita-agroalimentare-italiana2\/#article\",\"isPartOf\":{\"@id\":\"https:\/\/puntodincontro.mx\/2026\/04\/29\/lambasciatore-modiano-riso-pilastro-dellidentita-agroalimentare-italiana2\/\"},\"author\":{\"name\":\"Puntodincontro\",\"@id\":\"https:\/\/puntodincontro.mx\/#\/schema\/person\/d3066d18a16259cbb0c29b0d0e93b556\"},\"headline\":\"L&#8217;Ambasciatore Modiano: \u00abRiso pilastro dell&#8217;identit\u00e0 agroalimentare italiana\u00bb\",\"datePublished\":\"2026-04-30T01:53:46+00:00\",\"dateModified\":\"2026-04-30T02:28:38+00:00\",\"mainEntityOfPage\":{\"@id\":\"https:\/\/puntodincontro.mx\/2026\/04\/29\/lambasciatore-modiano-riso-pilastro-dellidentita-agroalimentare-italiana2\/\"},\"wordCount\":459,\"commentCount\":0,\"publisher\":{\"@id\":\"https:\/\/puntodincontro.mx\/#organization\"},\"image\":{\"@id\":\"https:\/\/puntodincontro.mx\/2026\/04\/29\/lambasciatore-modiano-riso-pilastro-dellidentita-agroalimentare-italiana2\/#primaryimage\"},\"thumbnailUrl\":\"https:\/\/puntodincontro.mx\/wp-content\/uploads\/2026\/04\/risoiicpuntovert.webp\",\"articleSection\":[\"Italia in Messico\"],\"inLanguage\":\"es\",\"potentialAction\":[{\"@type\":\"CommentAction\",\"name\":\"Comment\",\"target\":[\"https:\/\/puntodincontro.mx\/2026\/04\/29\/lambasciatore-modiano-riso-pilastro-dellidentita-agroalimentare-italiana2\/#respond\"]}]},{\"@type\":\"WebPage\",\"@id\":\"https:\/\/puntodincontro.mx\/2026\/04\/29\/lambasciatore-modiano-riso-pilastro-dellidentita-agroalimentare-italiana2\/\",\"url\":\"https:\/\/puntodincontro.mx\/2026\/04\/29\/lambasciatore-modiano-riso-pilastro-dellidentita-agroalimentare-italiana2\/\",\"name\":\"Amb. Modiano: \u00abRiso pilastro dell\u2019identit\u00e0 agroalimentare italiana\u00bb\",\"isPartOf\":{\"@id\":\"https:\/\/puntodincontro.mx\/#website\"},\"primaryImageOfPage\":{\"@id\":\"https:\/\/puntodincontro.mx\/2026\/04\/29\/lambasciatore-modiano-riso-pilastro-dellidentita-agroalimentare-italiana2\/#primaryimage\"},\"image\":{\"@id\":\"https:\/\/puntodincontro.mx\/2026\/04\/29\/lambasciatore-modiano-riso-pilastro-dellidentita-agroalimentare-italiana2\/#primaryimage\"},\"thumbnailUrl\":\"https:\/\/puntodincontro.mx\/wp-content\/uploads\/2026\/04\/risoiicpuntovert.webp\",\"datePublished\":\"2026-04-30T01:53:46+00:00\",\"dateModified\":\"2026-04-30T02:28:38+00:00\",\"description\":\"L'Istituto Italiano di Cultura di Citt\u00e0 del Messico ha ospitato una conferenza incentrata sul riso italiano.\",\"breadcrumb\":{\"@id\":\"https:\/\/puntodincontro.mx\/2026\/04\/29\/lambasciatore-modiano-riso-pilastro-dellidentita-agroalimentare-italiana2\/#breadcrumb\"},\"inLanguage\":\"es\",\"potentialAction\":[{\"@type\":\"ReadAction\",\"target\":[\"https:\/\/puntodincontro.mx\/2026\/04\/29\/lambasciatore-modiano-riso-pilastro-dellidentita-agroalimentare-italiana2\/\"]}]},{\"@type\":\"ImageObject\",\"inLanguage\":\"es\",\"@id\":\"https:\/\/puntodincontro.mx\/2026\/04\/29\/lambasciatore-modiano-riso-pilastro-dellidentita-agroalimentare-italiana2\/#primaryimage\",\"url\":\"https:\/\/puntodincontro.mx\/wp-content\/uploads\/2026\/04\/risoiicpuntovert.webp\",\"contentUrl\":\"https:\/\/puntodincontro.mx\/wp-content\/uploads\/2026\/04\/risoiicpuntovert.webp\",\"width\":423,\"height\":488,\"caption\":\"L\u2019Ambasciatore Modiano: \u00abRiso pilastro dell\u2019identit\u00e0 agroalimentare italiana\u00bb \/ Foto: Instagram @abarroteriaitaliana\"},{\"@type\":\"BreadcrumbList\",\"@id\":\"https:\/\/puntodincontro.mx\/2026\/04\/29\/lambasciatore-modiano-riso-pilastro-dellidentita-agroalimentare-italiana2\/#breadcrumb\",\"itemListElement\":[{\"@type\":\"ListItem\",\"position\":1,\"name\":\"Home\",\"item\":\"https:\/\/puntodincontro.mx\/\"},{\"@type\":\"ListItem\",\"position\":2,\"name\":\"L&#8217;Ambasciatore Modiano: \u00abRiso pilastro dell&#8217;identit\u00e0 agroalimentare italiana\u00bb\"}]},{\"@type\":\"WebSite\",\"@id\":\"https:\/\/puntodincontro.mx\/#website\",\"url\":\"https:\/\/puntodincontro.mx\/\",\"name\":\"Puntodincontro\",\"description\":\"Dal 2006 notizie sui rapporti Italia-Messico \/ Desde 2006 noticias sobre las relaciones entre Italia y M\u00e9xico\",\"publisher\":{\"@id\":\"https:\/\/puntodincontro.mx\/#organization\"},\"potentialAction\":[{\"@type\":\"SearchAction\",\"target\":{\"@type\":\"EntryPoint\",\"urlTemplate\":\"https:\/\/puntodincontro.mx\/?s={search_term_string}\"},\"query-input\":{\"@type\":\"PropertyValueSpecification\",\"valueRequired\":true,\"valueName\":\"search_term_string\"}}],\"inLanguage\":\"es\"},{\"@type\":\"Organization\",\"@id\":\"https:\/\/puntodincontro.mx\/#organization\",\"name\":\"Puntodincontro\",\"url\":\"https:\/\/puntodincontro.mx\/\",\"logo\":{\"@type\":\"ImageObject\",\"inLanguage\":\"es\",\"@id\":\"https:\/\/puntodincontro.mx\/#\/schema\/logo\/image\/\",\"url\":\"https:\/\/puntodincontro.mx\/wp-content\/uploads\/2021\/08\/Default-image-for-open-graph-settings.jpg\",\"contentUrl\":\"https:\/\/puntodincontro.mx\/wp-content\/uploads\/2021\/08\/Default-image-for-open-graph-settings.jpg\",\"width\":1200,\"height\":630,\"caption\":\"Puntodincontro\"},\"image\":{\"@id\":\"https:\/\/puntodincontro.mx\/#\/schema\/logo\/image\/\"},\"sameAs\":[\"https:\/\/www.facebook.com\/puntodincontro.mx\",\"https:\/\/x.com\/puntodincontro\",\"https:\/\/www.instagram.com\/puntodincontro.mx\/\",\"https:\/\/www.linkedin.com\/company\/puntodincontro\/\",\"https:\/\/www.youtube.com\/c\/puntodincontromessico\",\"https:\/\/www.patreon.com\/puntodincontro\",\"https:\/\/www.threads.net\/@puntodincontro.mx\"]},{\"@type\":\"Person\",\"@id\":\"https:\/\/puntodincontro.mx\/#\/schema\/person\/d3066d18a16259cbb0c29b0d0e93b556\",\"name\":\"Puntodincontro\",\"image\":{\"@type\":\"ImageObject\",\"inLanguage\":\"es\",\"@id\":\"https:\/\/puntodincontro.mx\/#\/schema\/person\/image\/\",\"url\":\"https:\/\/secure.gravatar.com\/avatar\/0e85b4b3b5e9d6bfcec6a4956d8cc63a?s=96&d=mm&r=g\",\"contentUrl\":\"https:\/\/secure.gravatar.com\/avatar\/0e85b4b3b5e9d6bfcec6a4956d8cc63a?s=96&d=mm&r=g\",\"caption\":\"Puntodincontro\"},\"url\":\"https:\/\/puntodincontro.mx\/es\/author\/puntodincontro\/\"}]}<\/script>\n<!-- \/ Yoast SEO Premium plugin. -->","yoast_head_json":{"title":"El embajador Modiano: \u00abArroz, pilar de la identidad agroalimentaria italiana\u00bb","description":"El Instituto Italiano de Cultura de la Ciudad de M\u00e9xico fue sede de una conferencia centrada en el arroz italiano.","robots":{"index":"index","follow":"follow","max-snippet":"max-snippet:-1","max-image-preview":"max-image-preview:large","max-video-preview":"max-video-preview:-1"},"canonical":"https:\/\/puntodincontro.mx\/es\/2026\/04\/29\/el-embajador-modiano-arroz-oliar-de-la-identidad-agroalimentaria-italiana2\/","og_locale":"es_MX","og_type":"article","og_title":"L'Ambasciatore Modiano: \u00abRiso pilastro dell'identit\u00e0 agroalimentare italiana\u00bb","og_description":"L'Istituto Italiano di Cultura di Citt\u00e0 del Messico ha ospitato una conferenza incentrata sul riso italiano.","og_url":"https:\/\/puntodincontro.mx\/es\/2026\/04\/29\/el-embajador-modiano-arroz-oliar-de-la-identidad-agroalimentaria-italiana2\/","og_site_name":"Puntodincontro","article_publisher":"https:\/\/www.facebook.com\/puntodincontro.mx","article_published_time":"2026-04-30T01:53:46+00:00","article_modified_time":"2026-04-30T02:28:38+00:00","og_image":[{"width":932,"height":488,"url":"https:\/\/puntodincontro.mx\/wp-content\/uploads\/2026\/04\/risoiicpunto2.jpg","type":"image\/jpeg"}],"author":"Puntodincontro","twitter_card":"summary_large_image","twitter_creator":"@puntodincontro","twitter_site":"@puntodincontro","twitter_misc":{"Escrito por":"Puntodincontro","Tiempo de lectura":"2 minutos"},"schema":{"@context":"https:\/\/schema.org","@graph":[{"@type":"NewsArticle","@id":"https:\/\/puntodincontro.mx\/2026\/04\/29\/lambasciatore-modiano-riso-pilastro-dellidentita-agroalimentare-italiana2\/#article","isPartOf":{"@id":"https:\/\/puntodincontro.mx\/2026\/04\/29\/lambasciatore-modiano-riso-pilastro-dellidentita-agroalimentare-italiana2\/"},"author":{"name":"Puntodincontro","@id":"https:\/\/puntodincontro.mx\/#\/schema\/person\/d3066d18a16259cbb0c29b0d0e93b556"},"headline":"L&#8217;Ambasciatore Modiano: \u00abRiso pilastro dell&#8217;identit\u00e0 agroalimentare italiana\u00bb","datePublished":"2026-04-30T01:53:46+00:00","dateModified":"2026-04-30T02:28:38+00:00","mainEntityOfPage":{"@id":"https:\/\/puntodincontro.mx\/2026\/04\/29\/lambasciatore-modiano-riso-pilastro-dellidentita-agroalimentare-italiana2\/"},"wordCount":459,"commentCount":0,"publisher":{"@id":"https:\/\/puntodincontro.mx\/#organization"},"image":{"@id":"https:\/\/puntodincontro.mx\/2026\/04\/29\/lambasciatore-modiano-riso-pilastro-dellidentita-agroalimentare-italiana2\/#primaryimage"},"thumbnailUrl":"https:\/\/puntodincontro.mx\/wp-content\/uploads\/2026\/04\/risoiicpuntovert.webp","articleSection":["Italia in Messico"],"inLanguage":"es","potentialAction":[{"@type":"CommentAction","name":"Comment","target":["https:\/\/puntodincontro.mx\/2026\/04\/29\/lambasciatore-modiano-riso-pilastro-dellidentita-agroalimentare-italiana2\/#respond"]}]},{"@type":"WebPage","@id":"https:\/\/puntodincontro.mx\/2026\/04\/29\/lambasciatore-modiano-riso-pilastro-dellidentita-agroalimentare-italiana2\/","url":"https:\/\/puntodincontro.mx\/2026\/04\/29\/lambasciatore-modiano-riso-pilastro-dellidentita-agroalimentare-italiana2\/","name":"El embajador Modiano: \u00abArroz, pilar de la identidad agroalimentaria italiana\u00bb","isPartOf":{"@id":"https:\/\/puntodincontro.mx\/#website"},"primaryImageOfPage":{"@id":"https:\/\/puntodincontro.mx\/2026\/04\/29\/lambasciatore-modiano-riso-pilastro-dellidentita-agroalimentare-italiana2\/#primaryimage"},"image":{"@id":"https:\/\/puntodincontro.mx\/2026\/04\/29\/lambasciatore-modiano-riso-pilastro-dellidentita-agroalimentare-italiana2\/#primaryimage"},"thumbnailUrl":"https:\/\/puntodincontro.mx\/wp-content\/uploads\/2026\/04\/risoiicpuntovert.webp","datePublished":"2026-04-30T01:53:46+00:00","dateModified":"2026-04-30T02:28:38+00:00","description":"El Instituto Italiano de Cultura de la Ciudad de M\u00e9xico fue sede de una conferencia centrada en el arroz italiano.","breadcrumb":{"@id":"https:\/\/puntodincontro.mx\/2026\/04\/29\/lambasciatore-modiano-riso-pilastro-dellidentita-agroalimentare-italiana2\/#breadcrumb"},"inLanguage":"es","potentialAction":[{"@type":"ReadAction","target":["https:\/\/puntodincontro.mx\/2026\/04\/29\/lambasciatore-modiano-riso-pilastro-dellidentita-agroalimentare-italiana2\/"]}]},{"@type":"ImageObject","inLanguage":"es","@id":"https:\/\/puntodincontro.mx\/2026\/04\/29\/lambasciatore-modiano-riso-pilastro-dellidentita-agroalimentare-italiana2\/#primaryimage","url":"https:\/\/puntodincontro.mx\/wp-content\/uploads\/2026\/04\/risoiicpuntovert.webp","contentUrl":"https:\/\/puntodincontro.mx\/wp-content\/uploads\/2026\/04\/risoiicpuntovert.webp","width":423,"height":488,"caption":"L\u2019Ambasciatore Modiano: \u00abRiso pilastro dell\u2019identit\u00e0 agroalimentare italiana\u00bb \/ Foto: Instagram @abarroteriaitaliana"},{"@type":"BreadcrumbList","@id":"https:\/\/puntodincontro.mx\/2026\/04\/29\/lambasciatore-modiano-riso-pilastro-dellidentita-agroalimentare-italiana2\/#breadcrumb","itemListElement":[{"@type":"ListItem","position":1,"name":"Home","item":"https:\/\/puntodincontro.mx\/"},{"@type":"ListItem","position":2,"name":"L&#8217;Ambasciatore Modiano: \u00abRiso pilastro dell&#8217;identit\u00e0 agroalimentare italiana\u00bb"}]},{"@type":"WebSite","@id":"https:\/\/puntodincontro.mx\/#website","url":"https:\/\/puntodincontro.mx\/","name":"Puntodincontro","description":"Desde el 2006 noticias sobre las relaciones entre Italia y M\u00e9xico \/ Dal 2006 notizie sui rapporti Italia-Messico","publisher":{"@id":"https:\/\/puntodincontro.mx\/#organization"},"potentialAction":[{"@type":"SearchAction","target":{"@type":"EntryPoint","urlTemplate":"https:\/\/puntodincontro.mx\/?s={search_term_string}"},"query-input":{"@type":"PropertyValueSpecification","valueRequired":true,"valueName":"search_term_string"}}],"inLanguage":"es"},{"@type":"Organization","@id":"https:\/\/puntodincontro.mx\/#organization","name":"Puntodincontro","url":"https:\/\/puntodincontro.mx\/","logo":{"@type":"ImageObject","inLanguage":"es","@id":"https:\/\/puntodincontro.mx\/#\/schema\/logo\/image\/","url":"https:\/\/puntodincontro.mx\/wp-content\/uploads\/2021\/08\/Default-image-for-open-graph-settings.jpg","contentUrl":"https:\/\/puntodincontro.mx\/wp-content\/uploads\/2021\/08\/Default-image-for-open-graph-settings.jpg","width":1200,"height":630,"caption":"Puntodincontro"},"image":{"@id":"https:\/\/puntodincontro.mx\/#\/schema\/logo\/image\/"},"sameAs":["https:\/\/www.facebook.com\/puntodincontro.mx","https:\/\/x.com\/puntodincontro","https:\/\/www.instagram.com\/puntodincontro.mx\/","https:\/\/www.linkedin.com\/company\/puntodincontro\/","https:\/\/www.youtube.com\/c\/puntodincontromessico","https:\/\/www.patreon.com\/puntodincontro","https:\/\/www.threads.net\/@puntodincontro.mx"]},{"@type":"Person","@id":"https:\/\/puntodincontro.mx\/#\/schema\/person\/d3066d18a16259cbb0c29b0d0e93b556","name":"Puntodincontro","image":{"@type":"ImageObject","inLanguage":"es","@id":"https:\/\/puntodincontro.mx\/#\/schema\/person\/image\/","url":"https:\/\/secure.gravatar.com\/avatar\/0e85b4b3b5e9d6bfcec6a4956d8cc63a?s=96&d=mm&r=g","contentUrl":"https:\/\/secure.gravatar.com\/avatar\/0e85b4b3b5e9d6bfcec6a4956d8cc63a?s=96&d=mm&r=g","caption":"Puntodincontro"},"url":"https:\/\/puntodincontro.mx\/es\/author\/puntodincontro\/"}]}},"_links":{"self":[{"href":"https:\/\/puntodincontro.mx\/es\/wp-json\/wp\/v2\/posts\/25942"}],"collection":[{"href":"https:\/\/puntodincontro.mx\/es\/wp-json\/wp\/v2\/posts"}],"about":[{"href":"https:\/\/puntodincontro.mx\/es\/wp-json\/wp\/v2\/types\/post"}],"author":[{"embeddable":true,"href":"https:\/\/puntodincontro.mx\/es\/wp-json\/wp\/v2\/users\/2"}],"replies":[{"embeddable":true,"href":"https:\/\/puntodincontro.mx\/es\/wp-json\/wp\/v2\/comments?post=25942"}],"version-history":[{"count":6,"href":"https:\/\/puntodincontro.mx\/es\/wp-json\/wp\/v2\/posts\/25942\/revisions"}],"predecessor-version":[{"id":25948,"href":"https:\/\/puntodincontro.mx\/es\/wp-json\/wp\/v2\/posts\/25942\/revisions\/25948"}],"wp:featuredmedia":[{"embeddable":true,"href":"https:\/\/puntodincontro.mx\/es\/wp-json\/wp\/v2\/media\/25949"}],"wp:attachment":[{"href":"https:\/\/puntodincontro.mx\/es\/wp-json\/wp\/v2\/media?parent=25942"}],"wp:term":[{"taxonomy":"category","embeddable":true,"href":"https:\/\/puntodincontro.mx\/es\/wp-json\/wp\/v2\/categories?post=25942"},{"taxonomy":"post_tag","embeddable":true,"href":"https:\/\/puntodincontro.mx\/es\/wp-json\/wp\/v2\/tags?post=25942"}],"curies":[{"name":"wp","href":"https:\/\/api.w.org\/{rel}","templated":true}]}}