{"id":25973,"date":"2026-05-01T04:00:37","date_gmt":"2026-05-01T10:00:37","guid":{"rendered":"https:\/\/puntodincontro.mx\/?p=25973"},"modified":"2026-05-01T04:01:49","modified_gmt":"2026-05-01T10:01:49","slug":"cumbre-union-europea-mexico-encuentro-el-22-de-mayo","status":"publish","type":"post","link":"https:\/\/puntodincontro.mx\/es\/2026\/05\/01\/vertice-unione-europea-messico-incontro-il-22-maggio\/","title":{"rendered":"Cumbre Uni\u00f3n Europea-M\u00e9xico: encuentro el 22 de mayo"},"content":{"rendered":"<p class=\"translation-block\"><strong>03:38 h<\/strong> - El 22 de mayo de 2026, la Ciudad de M\u00e9xico albergar\u00e1 la octava cumbre entre la Uni\u00f3n Europea y el pa\u00eds latinoamericano, marcando el primer encuentro bilateral de este nivel desde 2015. El evento fue anunciado tras una conversaci\u00f3n telef\u00f3nica entre la presidenta mexicana, Claudia Sheinbaum, y el presidente del Consejo Europeo, Ant\u00f3nio Costa. La delegaci\u00f3n europea, que iniciar\u00e1 sus trabajos el veintiuno de mayo, incluir\u00e1 tambi\u00e9n a la presidenta de la Comisi\u00f3n Europea, Ursula von der Leyen.<\/p>\n\n\n\n<p>Ambas partes definieron la cita como \u00abun momento decisivo\u00bb para consolidar una nueva etapa de cooperaci\u00f3n pol\u00edtica, econ\u00f3mica y diplom\u00e1tica.<\/p>\n\n\n\n<p>El objetivo principal de la cumbre ser\u00e1 la firma del Acuerdo Global Modernizado y del Acuerdo Interino sobre Comercio. El entendimiento actualizar\u00e1 el marco de las relaciones establecido en el a\u00f1o 2000, ampliando las oportunidades de inversi\u00f3n y el intercambio comercial. En 2024, el comercio entre ambas regiones super\u00f3 los 82 mil millones de euros, confirmando a la Uni\u00f3n Europea como el tercer socio comercial de mayor relevancia para M\u00e9xico.<\/p>\n\n\n\n<p>Durante las conversaciones se abordar\u00e1n temas relevantes como el cambio clim\u00e1tico, la energ\u00eda, la seguridad, la salud, la migraci\u00f3n, la digitalizaci\u00f3n, la innovaci\u00f3n y la igualdad de g\u00e9nero. La presidenta Sheinbaum encabezar\u00e1 los di\u00e1logos por parte del gobierno en un contexto que exige el fortalecimiento de los acuerdos internacionales.<\/p>\n\n\n\n<p>A trav\u00e9s de sus redes sociales, Ant\u00f3nio Costa expres\u00f3 su satisfacci\u00f3n, subrayando que \u00abnuestra visi\u00f3n com\u00fan del mundo, basada en la defensa de la cooperaci\u00f3n, el crecimiento sostenible y el respeto por el derecho internacional, une a Europa y a M\u00e9xico a ambos lados del oc\u00e9ano\u00bb. El l\u00edder europeo a\u00f1adi\u00f3 adem\u00e1s: \u00abEstoy deseando visitar M\u00e9xico para seguir avanzando en nuestras prioridades conjuntas\u00bb. Finalmente, las autoridades reiteraron su firme compromiso con el multilateralismo, con el fin de hacer frente juntos a los desaf\u00edos globales.<\/p>\n\n\n\n<p class=\"has-small-font-size\">Foto: @MEscaneroF &#8211; lopezdoriga.com<\/p>\n\n\n\n<div style=\"height:12px\" aria-hidden=\"true\" class=\"wp-block-spacer\"><\/div>\n\n\n<!-- Ad space powered by WP AdCenter v2.5.7 - https:\/\/wpadcenter.com\/ --><div class=\"wpadcenter-adgroup\" ><div class=\"wpadcenter-adgroup__row wpadcenter-aligncenter\"><div class=\"wpadcenter-ad-container\" ><div id=\"wpadcenter-ad-18464\" class=\"ad-placement\"><div class=\"wpadcenter-ad-inner\" ><a id=\"wpadcenter_ad\" data-value=\"18464\" data-placement=\"\" href=\"https:\/\/www.productosremo.com\/\" target=\"_blank\" class=\"wpadcenter-ad-inner__item\" ><img decoding=\"async\"   src=\"https:\/\/puntodincontro.mx\/wp-content\/uploads\/2021\/08\/remobanner.jpg\" class=\"attachment-post-thumbnail size-post-thumbnail wp-post-image\" alt=\"\" srcset=\"https:\/\/puntodincontro.mx\/wp-content\/uploads\/2021\/08\/remobanner.jpg 200w, https:\/\/puntodincontro.mx\/wp-content\/uploads\/2021\/08\/remobanner-16x5.jpg 16w\" sizes=\"(max-width: 200px) 100vw, 200px\" \/><\/a><\/div><\/div><\/div><div class=\"wpadcenter-ad-container\" ><div id=\"wpadcenter-ad-5305\" class=\"ad-placement\"><div class=\"wpadcenter-ad-inner\" ><a id=\"wpadcenter_ad\" data-value=\"5305\" data-placement=\"\" href=\"https:\/\/ambcittadelmessico.esteri.it\/ambasciata_cittadelmessico\/it\/\" target=\"_blank\" class=\"wpadcenter-ad-inner__item\" ><img decoding=\"async\"   src=\"https:\/\/puntodincontro.mx\/wp-content\/uploads\/2022\/05\/Ambasciata.jpg\" class=\"attachment-post-thumbnail size-post-thumbnail wp-post-image\" alt=\"\" srcset=\"https:\/\/puntodincontro.mx\/wp-content\/uploads\/2022\/05\/Ambasciata.jpg 200w, https:\/\/puntodincontro.mx\/wp-content\/uploads\/2022\/05\/Ambasciata-18x5.jpg 18w\" sizes=\"(max-width: 200px) 100vw, 200px\" \/><\/a><\/div><\/div><\/div><div class=\"wpadcenter-ad-container\" ><div id=\"wpadcenter-ad-3781\" class=\"ad-placement\"><div class=\"wpadcenter-ad-inner\" ><a id=\"wpadcenter_ad\" data-value=\"3781\" data-placement=\"\" href=\"https:\/\/cannizzo.com.mx\/\" target=\"_blank\" class=\"wpadcenter-ad-inner__item\" ><img decoding=\"async\"   src=\"https:\/\/puntodincontro.mx\/wp-content\/uploads\/2022\/03\/cannizzo2.jpg\" class=\"attachment-post-thumbnail size-post-thumbnail wp-post-image\" alt=\"\" srcset=\"https:\/\/puntodincontro.mx\/wp-content\/uploads\/2022\/03\/cannizzo2.jpg 200w, https:\/\/puntodincontro.mx\/wp-content\/uploads\/2022\/03\/cannizzo2-18x5.jpg 18w\" sizes=\"(max-width: 200px) 100vw, 200px\" \/><\/a><\/div><\/div><\/div><\/div><div class=\"wpadcenter-adgroup__row wpadcenter-aligncenter\"><div class=\"wpadcenter-ad-container\" ><div id=\"wpadcenter-ad-1704\" class=\"ad-placement\"><div class=\"wpadcenter-ad-inner\" ><a id=\"wpadcenter_ad\" data-value=\"1704\" data-placement=\"\" href=\"https:\/\/puntodincontro.mx\/es\/2021\/12\/24\/inps-verificacion-de-supervivencia-de-los-pensionados-en-el-extranjero\/\" target=\"_blank\" class=\"wpadcenter-ad-inner__item\" ><img decoding=\"async\"   src=\"https:\/\/puntodincontro.mx\/wp-content\/uploads\/2021\/11\/logo-ital.jpg\" class=\"attachment-post-thumbnail size-post-thumbnail wp-post-image\" alt=\"Patronato ITAL Messico\" srcset=\"https:\/\/puntodincontro.mx\/wp-content\/uploads\/2021\/11\/logo-ital.jpg 200w, https:\/\/puntodincontro.mx\/wp-content\/uploads\/2021\/11\/logo-ital-16x5.jpg 16w\" sizes=\"(max-width: 200px) 100vw, 200px\" \/><\/a><\/div><\/div><\/div><div class=\"wpadcenter-ad-container\" ><div id=\"wpadcenter-ad-1538\" class=\"ad-placement\"><div class=\"wpadcenter-ad-inner\" ><a id=\"wpadcenter_ad\" data-value=\"1538\" data-placement=\"\" href=\"https:\/\/asociacionitaliana.org\/\" target=\"_blank\" class=\"wpadcenter-ad-inner__item\" ><img decoding=\"async\"   src=\"https:\/\/puntodincontro.mx\/wp-content\/uploads\/2021\/11\/aialogo.jpg\" class=\"attachment-post-thumbnail size-post-thumbnail wp-post-image\" alt=\"Associazione Italiana di Assistenza IAP\" srcset=\"https:\/\/puntodincontro.mx\/wp-content\/uploads\/2021\/11\/aialogo.jpg 200w, https:\/\/puntodincontro.mx\/wp-content\/uploads\/2021\/11\/aialogo-18x5.jpg 18w\" sizes=\"(max-width: 200px) 100vw, 200px\" \/><\/a><\/div><\/div><\/div><div class=\"wpadcenter-ad-container\" ><div id=\"wpadcenter-ad-1513\" class=\"ad-placement\"><div class=\"wpadcenter-ad-inner\" ><a id=\"wpadcenter_ad\" data-value=\"1513\" data-placement=\"\" href=\"https:\/\/gcinmuebles.mx\" target=\"_blank\" class=\"wpadcenter-ad-inner__item\" ><img decoding=\"async\"   src=\"https:\/\/puntodincontro.mx\/wp-content\/uploads\/2021\/10\/gcinmuebleslogopunto-1.jpg\" class=\"attachment-post-thumbnail size-post-thumbnail wp-post-image\" alt=\"\" srcset=\"https:\/\/puntodincontro.mx\/wp-content\/uploads\/2021\/10\/gcinmuebleslogopunto-1.jpg 200w, https:\/\/puntodincontro.mx\/wp-content\/uploads\/2021\/10\/gcinmuebleslogopunto-1-18x5.jpg 18w\" sizes=\"(max-width: 200px) 100vw, 200px\" \/><\/a><\/div><\/div><\/div><\/div><div class=\"wpadcenter-adgroup__row wpadcenter-aligncenter\"><div class=\"wpadcenter-ad-container\" ><div id=\"wpadcenter-ad-1374\" class=\"ad-placement\"><div class=\"wpadcenter-ad-inner\" ><a id=\"wpadcenter_ad\" data-value=\"1374\" data-placement=\"\" href=\"https:\/\/www.9colonne.it\/\" target=\"_blank\" class=\"wpadcenter-ad-inner__item\" ><img decoding=\"async\"   src=\"https:\/\/puntodincontro.mx\/wp-content\/uploads\/2021\/10\/Banner9colonne.gif\" class=\"attachment-post-thumbnail size-post-thumbnail wp-post-image\" alt=\"\" \/><\/a><\/div><\/div><\/div><div class=\"wpadcenter-ad-container\" ><div id=\"wpadcenter-ad-276\" class=\"ad-placement\"><div class=\"wpadcenter-ad-inner\" ><a id=\"wpadcenter_ad\" data-value=\"276\" data-placement=\"\" href=\"http:\/\/www.camaraitaliana.mx\/\" target=\"_blank\" class=\"wpadcenter-ad-inner__item\" ><img decoding=\"async\"   src=\"https:\/\/puntodincontro.mx\/wp-content\/uploads\/2021\/08\/ccimnuovo.jpg\" class=\"attachment-post-thumbnail size-post-thumbnail wp-post-image\" alt=\"\" srcset=\"https:\/\/puntodincontro.mx\/wp-content\/uploads\/2021\/08\/ccimnuovo.jpg 200w, https:\/\/puntodincontro.mx\/wp-content\/uploads\/2021\/08\/ccimnuovo-18x5.jpg 18w\" sizes=\"(max-width: 200px) 100vw, 200px\" \/><\/a><\/div><\/div><\/div><div class=\"wpadcenter-ad-container\" ><div id=\"wpadcenter-ad-272\" class=\"ad-placement\"><div class=\"wpadcenter-ad-inner\" ><a id=\"wpadcenter_ad\" data-value=\"272\" data-placement=\"\" href=\"http:\/\/corix.us\/\" target=\"_blank\" class=\"wpadcenter-ad-inner__item\" ><img decoding=\"async\"   src=\"https:\/\/puntodincontro.mx\/wp-content\/uploads\/2021\/08\/corixbanner-1.jpg\" class=\"attachment-post-thumbnail size-post-thumbnail wp-post-image\" alt=\"\" srcset=\"https:\/\/puntodincontro.mx\/wp-content\/uploads\/2021\/08\/corixbanner-1.jpg 200w, https:\/\/puntodincontro.mx\/wp-content\/uploads\/2021\/08\/corixbanner-1-16x5.jpg 16w\" sizes=\"(max-width: 200px) 100vw, 200px\" \/><\/a><\/div><\/div><\/div><\/div><div class=\"wpadcenter-adgroup__row wpadcenter-aligncenter\"><div class=\"wpadcenter-ad-container\" ><div id=\"wpadcenter-ad-266\" class=\"ad-placement\"><div class=\"wpadcenter-ad-inner\" ><a id=\"wpadcenter_ad\" data-value=\"266\" data-placement=\"\" href=\"https:\/\/www.prinsel.com.mx\/\" target=\"_blank\" class=\"wpadcenter-ad-inner__item\" ><img decoding=\"async\"   src=\"https:\/\/puntodincontro.mx\/wp-content\/uploads\/2021\/08\/prinselbanner-1.jpg\" class=\"attachment-post-thumbnail size-post-thumbnail wp-post-image\" alt=\"\" srcset=\"https:\/\/puntodincontro.mx\/wp-content\/uploads\/2021\/08\/prinselbanner-1.jpg 200w, https:\/\/puntodincontro.mx\/wp-content\/uploads\/2021\/08\/prinselbanner-1-16x5.jpg 16w\" sizes=\"(max-width: 200px) 100vw, 200px\" \/><\/a><\/div><\/div><\/div><div class=\"wpadcenter-ad-container\" ><div id=\"wpadcenter-ad-261\" class=\"ad-placement\"><div class=\"wpadcenter-ad-inner\" ><a id=\"wpadcenter_ad\" data-value=\"261\" data-placement=\"\" href=\"https:\/\/faitalia.com.mx\/\" target=\"_blank\" class=\"wpadcenter-ad-inner__item\" ><img decoding=\"async\"   src=\"https:\/\/puntodincontro.mx\/wp-content\/uploads\/2021\/08\/gruppodino.jpg\" class=\"attachment-post-thumbnail size-post-thumbnail wp-post-image\" alt=\"\" srcset=\"https:\/\/puntodincontro.mx\/wp-content\/uploads\/2021\/08\/gruppodino.jpg 200w, https:\/\/puntodincontro.mx\/wp-content\/uploads\/2021\/08\/gruppodino-18x5.jpg 18w\" sizes=\"(max-width: 200px) 100vw, 200px\" \/><\/a><\/div><\/div><\/div><\/div><\/div>\n\n\n<div style=\"height:12px\" aria-hidden=\"true\" class=\"wp-block-spacer\"><\/div>","protected":false},"excerpt":{"rendered":"<p>Ore 03.38 &#8211; Il 22 maggio del 2026, Citt\u00e0 del Messico ospiter\u00e0 l&#8217;ottavo vertice tra l&#8217;Unione Europea e il Paese latinoamericano, segnando il primo incontro bilaterale di questo livello dal 2015. L&#8217;evento \u00e8 stato annunciato a seguito di un colloquio telefonico tra la presidente messicana Claudia Sheinbaum e il presidente del Consiglio Europeo Ant\u00f3nio Costa. La delegazione europea, che inizier\u00e0 i lavori il ventuno maggio, includer\u00e0 anche la presidente della Commissione Europea, Ursula von der Leyen. Entrambe le parti hanno definito l&#8217;appuntamento come \u00abun momento decisivo\u00bb per consolidare una nuova fase della cooperazione politica, economica e diplomatica. L&#8217;obiettivo principale del&#8230; <\/p>","protected":false},"author":2,"featured_media":25976,"comment_status":"open","ping_status":"open","sticky":false,"template":"","format":"standard","meta":{"_monsterinsights_skip_tracking":false,"_monsterinsights_sitenote_active":false,"_monsterinsights_sitenote_note":"","_monsterinsights_sitenote_category":0,"footnotes":""},"categories":[3],"tags":[],"class_list":["post-25973","post","type-post","status-publish","format-standard","has-post-thumbnail","hentry","category-economia-e-finanza"],"yoast_head":"<!-- This site is optimized with the Yoast SEO Premium plugin v18.4 (Yoast SEO v25.6) - https:\/\/yoast.com\/wordpress\/plugins\/seo\/ -->\n<title>Vertice Unione Europea-Messico: incontro il 22 maggio<\/title>\n<meta name=\"description\" content=\"Il 22 maggio Citt\u00e0 del Messico ospiter\u00e0 l&#039;ottavo vertice Ue-Messico, il primo incontro di questo livello dal 2015.\" \/>\n<meta name=\"robots\" content=\"index, follow, max-snippet:-1, max-image-preview:large, max-video-preview:-1\" \/>\n<link rel=\"canonical\" href=\"https:\/\/puntodincontro.mx\/es\/2026\/05\/01\/cumbre-union-europea-mexico-encuentro-el-22-de-mayo\/\" \/>\n<meta property=\"og:locale\" content=\"es_MX\" \/>\n<meta property=\"og:type\" content=\"article\" \/>\n<meta property=\"og:title\" content=\"Vertice Unione Europea-Messico: incontro il 22 maggio\" \/>\n<meta property=\"og:description\" content=\"Il 22 maggio Citt\u00e0 del Messico ospiter\u00e0 l&#039;ottavo vertice Ue-Messico, il primo incontro di questo livello dal 2015.\" \/>\n<meta property=\"og:url\" content=\"https:\/\/puntodincontro.mx\/es\/2026\/05\/01\/cumbre-union-europea-mexico-encuentro-el-22-de-mayo\/\" \/>\n<meta property=\"og:site_name\" content=\"Puntodincontro\" \/>\n<meta property=\"article:publisher\" content=\"https:\/\/www.facebook.com\/puntodincontro.mx\" \/>\n<meta property=\"article:published_time\" content=\"2026-05-01T10:00:37+00:00\" \/>\n<meta property=\"article:modified_time\" content=\"2026-05-01T10:01:49+00:00\" \/>\n<meta property=\"og:image\" content=\"https:\/\/puntodincontro.mx\/wp-content\/uploads\/2026\/05\/uemessicopuntocomp.jpg\" \/>\n\t<meta property=\"og:image:width\" content=\"932\" \/>\n\t<meta property=\"og:image:height\" content=\"488\" \/>\n\t<meta property=\"og:image:type\" content=\"image\/jpeg\" \/>\n<meta name=\"author\" content=\"Puntodincontro\" \/>\n<meta name=\"twitter:card\" content=\"summary_large_image\" \/>\n<meta name=\"twitter:creator\" content=\"@puntodincontro\" \/>\n<meta name=\"twitter:site\" content=\"@puntodincontro\" \/>\n<meta name=\"twitter:label1\" content=\"Escrito por\" \/>\n\t<meta name=\"twitter:data1\" content=\"Puntodincontro\" \/>\n\t<meta name=\"twitter:label2\" content=\"Tiempo de lectura\" \/>\n\t<meta name=\"twitter:data2\" content=\"1 minuto\" \/>\n<script type=\"application\/ld+json\" class=\"yoast-schema-graph\">{\"@context\":\"https:\/\/schema.org\",\"@graph\":[{\"@type\":\"NewsArticle\",\"@id\":\"https:\/\/puntodincontro.mx\/2026\/05\/01\/vertice-unione-europea-messico-incontro-il-22-maggio\/#article\",\"isPartOf\":{\"@id\":\"https:\/\/puntodincontro.mx\/2026\/05\/01\/vertice-unione-europea-messico-incontro-il-22-maggio\/\"},\"author\":{\"name\":\"Puntodincontro\",\"@id\":\"https:\/\/puntodincontro.mx\/#\/schema\/person\/d3066d18a16259cbb0c29b0d0e93b556\"},\"headline\":\"Vertice Unione Europea-Messico: incontro il 22 maggio\",\"datePublished\":\"2026-05-01T10:00:37+00:00\",\"dateModified\":\"2026-05-01T10:01:49+00:00\",\"mainEntityOfPage\":{\"@id\":\"https:\/\/puntodincontro.mx\/2026\/05\/01\/vertice-unione-europea-messico-incontro-il-22-maggio\/\"},\"wordCount\":305,\"commentCount\":0,\"publisher\":{\"@id\":\"https:\/\/puntodincontro.mx\/#organization\"},\"image\":{\"@id\":\"https:\/\/puntodincontro.mx\/2026\/05\/01\/vertice-unione-europea-messico-incontro-il-22-maggio\/#primaryimage\"},\"thumbnailUrl\":\"https:\/\/puntodincontro.mx\/wp-content\/uploads\/2026\/05\/uemessicopuntovert.webp\",\"articleSection\":[\"Economia e finanza\"],\"inLanguage\":\"es\",\"potentialAction\":[{\"@type\":\"CommentAction\",\"name\":\"Comment\",\"target\":[\"https:\/\/puntodincontro.mx\/2026\/05\/01\/vertice-unione-europea-messico-incontro-il-22-maggio\/#respond\"]}]},{\"@type\":\"WebPage\",\"@id\":\"https:\/\/puntodincontro.mx\/2026\/05\/01\/vertice-unione-europea-messico-incontro-il-22-maggio\/\",\"url\":\"https:\/\/puntodincontro.mx\/2026\/05\/01\/vertice-unione-europea-messico-incontro-il-22-maggio\/\",\"name\":\"Vertice Unione Europea-Messico: incontro il 22 maggio\",\"isPartOf\":{\"@id\":\"https:\/\/puntodincontro.mx\/#website\"},\"primaryImageOfPage\":{\"@id\":\"https:\/\/puntodincontro.mx\/2026\/05\/01\/vertice-unione-europea-messico-incontro-il-22-maggio\/#primaryimage\"},\"image\":{\"@id\":\"https:\/\/puntodincontro.mx\/2026\/05\/01\/vertice-unione-europea-messico-incontro-il-22-maggio\/#primaryimage\"},\"thumbnailUrl\":\"https:\/\/puntodincontro.mx\/wp-content\/uploads\/2026\/05\/uemessicopuntovert.webp\",\"datePublished\":\"2026-05-01T10:00:37+00:00\",\"dateModified\":\"2026-05-01T10:01:49+00:00\",\"description\":\"Il 22 maggio Citt\u00e0 del Messico ospiter\u00e0 l'ottavo vertice Ue-Messico, il primo incontro di questo livello dal 2015.\",\"breadcrumb\":{\"@id\":\"https:\/\/puntodincontro.mx\/2026\/05\/01\/vertice-unione-europea-messico-incontro-il-22-maggio\/#breadcrumb\"},\"inLanguage\":\"es\",\"potentialAction\":[{\"@type\":\"ReadAction\",\"target\":[\"https:\/\/puntodincontro.mx\/2026\/05\/01\/vertice-unione-europea-messico-incontro-il-22-maggio\/\"]}]},{\"@type\":\"ImageObject\",\"inLanguage\":\"es\",\"@id\":\"https:\/\/puntodincontro.mx\/2026\/05\/01\/vertice-unione-europea-messico-incontro-il-22-maggio\/#primaryimage\",\"url\":\"https:\/\/puntodincontro.mx\/wp-content\/uploads\/2026\/05\/uemessicopuntovert.webp\",\"contentUrl\":\"https:\/\/puntodincontro.mx\/wp-content\/uploads\/2026\/05\/uemessicopuntovert.webp\",\"width\":423,\"height\":488,\"caption\":\"Vertice Unione Europea-Messico: incontro il 22 maggio \/ Foto: @MEscaneroF - lopezdoriga.com\"},{\"@type\":\"BreadcrumbList\",\"@id\":\"https:\/\/puntodincontro.mx\/2026\/05\/01\/vertice-unione-europea-messico-incontro-il-22-maggio\/#breadcrumb\",\"itemListElement\":[{\"@type\":\"ListItem\",\"position\":1,\"name\":\"Home\",\"item\":\"https:\/\/puntodincontro.mx\/\"},{\"@type\":\"ListItem\",\"position\":2,\"name\":\"Vertice Unione Europea-Messico: incontro il 22 maggio\"}]},{\"@type\":\"WebSite\",\"@id\":\"https:\/\/puntodincontro.mx\/#website\",\"url\":\"https:\/\/puntodincontro.mx\/\",\"name\":\"Puntodincontro\",\"description\":\"Dal 2006 notizie sui rapporti Italia-Messico \/ Desde 2006 noticias sobre las relaciones entre Italia y M\u00e9xico\",\"publisher\":{\"@id\":\"https:\/\/puntodincontro.mx\/#organization\"},\"potentialAction\":[{\"@type\":\"SearchAction\",\"target\":{\"@type\":\"EntryPoint\",\"urlTemplate\":\"https:\/\/puntodincontro.mx\/?s={search_term_string}\"},\"query-input\":{\"@type\":\"PropertyValueSpecification\",\"valueRequired\":true,\"valueName\":\"search_term_string\"}}],\"inLanguage\":\"es\"},{\"@type\":\"Organization\",\"@id\":\"https:\/\/puntodincontro.mx\/#organization\",\"name\":\"Puntodincontro\",\"url\":\"https:\/\/puntodincontro.mx\/\",\"logo\":{\"@type\":\"ImageObject\",\"inLanguage\":\"es\",\"@id\":\"https:\/\/puntodincontro.mx\/#\/schema\/logo\/image\/\",\"url\":\"https:\/\/puntodincontro.mx\/wp-content\/uploads\/2021\/08\/Default-image-for-open-graph-settings.jpg\",\"contentUrl\":\"https:\/\/puntodincontro.mx\/wp-content\/uploads\/2021\/08\/Default-image-for-open-graph-settings.jpg\",\"width\":1200,\"height\":630,\"caption\":\"Puntodincontro\"},\"image\":{\"@id\":\"https:\/\/puntodincontro.mx\/#\/schema\/logo\/image\/\"},\"sameAs\":[\"https:\/\/www.facebook.com\/puntodincontro.mx\",\"https:\/\/x.com\/puntodincontro\",\"https:\/\/www.instagram.com\/puntodincontro.mx\/\",\"https:\/\/www.linkedin.com\/company\/puntodincontro\/\",\"https:\/\/www.youtube.com\/c\/puntodincontromessico\",\"https:\/\/www.patreon.com\/puntodincontro\",\"https:\/\/www.threads.net\/@puntodincontro.mx\"]},{\"@type\":\"Person\",\"@id\":\"https:\/\/puntodincontro.mx\/#\/schema\/person\/d3066d18a16259cbb0c29b0d0e93b556\",\"name\":\"Puntodincontro\",\"image\":{\"@type\":\"ImageObject\",\"inLanguage\":\"es\",\"@id\":\"https:\/\/puntodincontro.mx\/#\/schema\/person\/image\/\",\"url\":\"https:\/\/secure.gravatar.com\/avatar\/0e85b4b3b5e9d6bfcec6a4956d8cc63a?s=96&d=mm&r=g\",\"contentUrl\":\"https:\/\/secure.gravatar.com\/avatar\/0e85b4b3b5e9d6bfcec6a4956d8cc63a?s=96&d=mm&r=g\",\"caption\":\"Puntodincontro\"},\"url\":\"https:\/\/puntodincontro.mx\/es\/author\/puntodincontro\/\"}]}<\/script>\n<!-- \/ Yoast SEO Premium plugin. -->","yoast_head_json":{"title":"Cumbre Uni\u00f3n Europea-M\u00e9xico: encuentro el 22 de mayo","description":"El 22 de mayo, la Ciudad de M\u00e9xico albergar\u00e1 la octava cumbre UE-M\u00e9xico, el primer encuentro de este nivel desde 2015.","robots":{"index":"index","follow":"follow","max-snippet":"max-snippet:-1","max-image-preview":"max-image-preview:large","max-video-preview":"max-video-preview:-1"},"canonical":"https:\/\/puntodincontro.mx\/es\/2026\/05\/01\/cumbre-union-europea-mexico-encuentro-el-22-de-mayo\/","og_locale":"es_MX","og_type":"article","og_title":"Vertice Unione Europea-Messico: incontro il 22 maggio","og_description":"Il 22 maggio Citt\u00e0 del Messico ospiter\u00e0 l'ottavo vertice Ue-Messico, il primo incontro di questo livello dal 2015.","og_url":"https:\/\/puntodincontro.mx\/es\/2026\/05\/01\/cumbre-union-europea-mexico-encuentro-el-22-de-mayo\/","og_site_name":"Puntodincontro","article_publisher":"https:\/\/www.facebook.com\/puntodincontro.mx","article_published_time":"2026-05-01T10:00:37+00:00","article_modified_time":"2026-05-01T10:01:49+00:00","og_image":[{"width":932,"height":488,"url":"https:\/\/puntodincontro.mx\/wp-content\/uploads\/2026\/05\/uemessicopuntocomp.jpg","type":"image\/jpeg"}],"author":"Puntodincontro","twitter_card":"summary_large_image","twitter_creator":"@puntodincontro","twitter_site":"@puntodincontro","twitter_misc":{"Escrito por":"Puntodincontro","Tiempo de lectura":"1 minuto"},"schema":{"@context":"https:\/\/schema.org","@graph":[{"@type":"NewsArticle","@id":"https:\/\/puntodincontro.mx\/2026\/05\/01\/vertice-unione-europea-messico-incontro-il-22-maggio\/#article","isPartOf":{"@id":"https:\/\/puntodincontro.mx\/2026\/05\/01\/vertice-unione-europea-messico-incontro-il-22-maggio\/"},"author":{"name":"Puntodincontro","@id":"https:\/\/puntodincontro.mx\/#\/schema\/person\/d3066d18a16259cbb0c29b0d0e93b556"},"headline":"Vertice Unione Europea-Messico: incontro il 22 maggio","datePublished":"2026-05-01T10:00:37+00:00","dateModified":"2026-05-01T10:01:49+00:00","mainEntityOfPage":{"@id":"https:\/\/puntodincontro.mx\/2026\/05\/01\/vertice-unione-europea-messico-incontro-il-22-maggio\/"},"wordCount":305,"commentCount":0,"publisher":{"@id":"https:\/\/puntodincontro.mx\/#organization"},"image":{"@id":"https:\/\/puntodincontro.mx\/2026\/05\/01\/vertice-unione-europea-messico-incontro-il-22-maggio\/#primaryimage"},"thumbnailUrl":"https:\/\/puntodincontro.mx\/wp-content\/uploads\/2026\/05\/uemessicopuntovert.webp","articleSection":["Economia e finanza"],"inLanguage":"es","potentialAction":[{"@type":"CommentAction","name":"Comment","target":["https:\/\/puntodincontro.mx\/2026\/05\/01\/vertice-unione-europea-messico-incontro-il-22-maggio\/#respond"]}]},{"@type":"WebPage","@id":"https:\/\/puntodincontro.mx\/2026\/05\/01\/vertice-unione-europea-messico-incontro-il-22-maggio\/","url":"https:\/\/puntodincontro.mx\/2026\/05\/01\/vertice-unione-europea-messico-incontro-il-22-maggio\/","name":"Cumbre Uni\u00f3n Europea-M\u00e9xico: encuentro el 22 de mayo","isPartOf":{"@id":"https:\/\/puntodincontro.mx\/#website"},"primaryImageOfPage":{"@id":"https:\/\/puntodincontro.mx\/2026\/05\/01\/vertice-unione-europea-messico-incontro-il-22-maggio\/#primaryimage"},"image":{"@id":"https:\/\/puntodincontro.mx\/2026\/05\/01\/vertice-unione-europea-messico-incontro-il-22-maggio\/#primaryimage"},"thumbnailUrl":"https:\/\/puntodincontro.mx\/wp-content\/uploads\/2026\/05\/uemessicopuntovert.webp","datePublished":"2026-05-01T10:00:37+00:00","dateModified":"2026-05-01T10:01:49+00:00","description":"El 22 de mayo, la Ciudad de M\u00e9xico albergar\u00e1 la octava cumbre UE-M\u00e9xico, el primer encuentro de este nivel desde 2015.","breadcrumb":{"@id":"https:\/\/puntodincontro.mx\/2026\/05\/01\/vertice-unione-europea-messico-incontro-il-22-maggio\/#breadcrumb"},"inLanguage":"es","potentialAction":[{"@type":"ReadAction","target":["https:\/\/puntodincontro.mx\/2026\/05\/01\/vertice-unione-europea-messico-incontro-il-22-maggio\/"]}]},{"@type":"ImageObject","inLanguage":"es","@id":"https:\/\/puntodincontro.mx\/2026\/05\/01\/vertice-unione-europea-messico-incontro-il-22-maggio\/#primaryimage","url":"https:\/\/puntodincontro.mx\/wp-content\/uploads\/2026\/05\/uemessicopuntovert.webp","contentUrl":"https:\/\/puntodincontro.mx\/wp-content\/uploads\/2026\/05\/uemessicopuntovert.webp","width":423,"height":488,"caption":"Vertice Unione Europea-Messico: incontro il 22 maggio \/ Foto: @MEscaneroF - lopezdoriga.com"},{"@type":"BreadcrumbList","@id":"https:\/\/puntodincontro.mx\/2026\/05\/01\/vertice-unione-europea-messico-incontro-il-22-maggio\/#breadcrumb","itemListElement":[{"@type":"ListItem","position":1,"name":"Home","item":"https:\/\/puntodincontro.mx\/"},{"@type":"ListItem","position":2,"name":"Vertice Unione Europea-Messico: incontro il 22 maggio"}]},{"@type":"WebSite","@id":"https:\/\/puntodincontro.mx\/#website","url":"https:\/\/puntodincontro.mx\/","name":"Puntodincontro","description":"Desde el 2006 noticias sobre las relaciones entre Italia y M\u00e9xico \/ Dal 2006 notizie sui rapporti Italia-Messico","publisher":{"@id":"https:\/\/puntodincontro.mx\/#organization"},"potentialAction":[{"@type":"SearchAction","target":{"@type":"EntryPoint","urlTemplate":"https:\/\/puntodincontro.mx\/?s={search_term_string}"},"query-input":{"@type":"PropertyValueSpecification","valueRequired":true,"valueName":"search_term_string"}}],"inLanguage":"es"},{"@type":"Organization","@id":"https:\/\/puntodincontro.mx\/#organization","name":"Puntodincontro","url":"https:\/\/puntodincontro.mx\/","logo":{"@type":"ImageObject","inLanguage":"es","@id":"https:\/\/puntodincontro.mx\/#\/schema\/logo\/image\/","url":"https:\/\/puntodincontro.mx\/wp-content\/uploads\/2021\/08\/Default-image-for-open-graph-settings.jpg","contentUrl":"https:\/\/puntodincontro.mx\/wp-content\/uploads\/2021\/08\/Default-image-for-open-graph-settings.jpg","width":1200,"height":630,"caption":"Puntodincontro"},"image":{"@id":"https:\/\/puntodincontro.mx\/#\/schema\/logo\/image\/"},"sameAs":["https:\/\/www.facebook.com\/puntodincontro.mx","https:\/\/x.com\/puntodincontro","https:\/\/www.instagram.com\/puntodincontro.mx\/","https:\/\/www.linkedin.com\/company\/puntodincontro\/","https:\/\/www.youtube.com\/c\/puntodincontromessico","https:\/\/www.patreon.com\/puntodincontro","https:\/\/www.threads.net\/@puntodincontro.mx"]},{"@type":"Person","@id":"https:\/\/puntodincontro.mx\/#\/schema\/person\/d3066d18a16259cbb0c29b0d0e93b556","name":"Puntodincontro","image":{"@type":"ImageObject","inLanguage":"es","@id":"https:\/\/puntodincontro.mx\/#\/schema\/person\/image\/","url":"https:\/\/secure.gravatar.com\/avatar\/0e85b4b3b5e9d6bfcec6a4956d8cc63a?s=96&d=mm&r=g","contentUrl":"https:\/\/secure.gravatar.com\/avatar\/0e85b4b3b5e9d6bfcec6a4956d8cc63a?s=96&d=mm&r=g","caption":"Puntodincontro"},"url":"https:\/\/puntodincontro.mx\/es\/author\/puntodincontro\/"}]}},"_links":{"self":[{"href":"https:\/\/puntodincontro.mx\/es\/wp-json\/wp\/v2\/posts\/25973"}],"collection":[{"href":"https:\/\/puntodincontro.mx\/es\/wp-json\/wp\/v2\/posts"}],"about":[{"href":"https:\/\/puntodincontro.mx\/es\/wp-json\/wp\/v2\/types\/post"}],"author":[{"embeddable":true,"href":"https:\/\/puntodincontro.mx\/es\/wp-json\/wp\/v2\/users\/2"}],"replies":[{"embeddable":true,"href":"https:\/\/puntodincontro.mx\/es\/wp-json\/wp\/v2\/comments?post=25973"}],"version-history":[{"count":2,"href":"https:\/\/puntodincontro.mx\/es\/wp-json\/wp\/v2\/posts\/25973\/revisions"}],"predecessor-version":[{"id":25975,"href":"https:\/\/puntodincontro.mx\/es\/wp-json\/wp\/v2\/posts\/25973\/revisions\/25975"}],"wp:featuredmedia":[{"embeddable":true,"href":"https:\/\/puntodincontro.mx\/es\/wp-json\/wp\/v2\/media\/25976"}],"wp:attachment":[{"href":"https:\/\/puntodincontro.mx\/es\/wp-json\/wp\/v2\/media?parent=25973"}],"wp:term":[{"taxonomy":"category","embeddable":true,"href":"https:\/\/puntodincontro.mx\/es\/wp-json\/wp\/v2\/categories?post=25973"},{"taxonomy":"post_tag","embeddable":true,"href":"https:\/\/puntodincontro.mx\/es\/wp-json\/wp\/v2\/tags?post=25973"}],"curies":[{"name":"wp","href":"https:\/\/api.w.org\/{rel}","templated":true}]}}