{"id":2618,"date":"2022-01-09T09:44:33","date_gmt":"2022-01-09T15:44:33","guid":{"rendered":"https:\/\/puntodincontro.mx\/?p=2618"},"modified":"2022-01-09T09:44:34","modified_gmt":"2022-01-09T15:44:34","slug":"canova-en-2022-el-bicentenario-luctuoso","status":"publish","type":"post","link":"https:\/\/puntodincontro.mx\/es\/2022\/01\/09\/canova-nel-2022-il-bicentenario-della-morte\/","title":{"rendered":"Canova, en 2022 el bicentenario luctuoso"},"content":{"rendered":"<p class=\"translation-block\"><strong>09:37 hrs.<\/strong> \u2013 Se celebra este a\u00f1o el bicentenario de la muerte de Antonio Canova, escultor y pintor del neoclasicismo italiano, protagonista de una exposici\u00f3n en el Museo Nacional de San Carlos de la Ciudad de M\u00e9xico en 2016 (en las fotos de este art\u00edculo, algunas de las obras expuestas en esa ocasi\u00f3n).<\/p>\n\n\n\n<p>Nacido en Possagno en 1757 y fallecido en Venecia en 1822, el genio de Canova es indiscutible y sus obras maestras est\u00e1n expuestas en los museos m\u00e1s importantes del mundo, desde el Louvre hasta el Hermitage.<\/p>\n\n\n\n<p>Entre el 7 de julio al 2 de octubre de 2016 fueron expuestas en tierra azteca seis de sus esculturas y trece grabados, acompa\u00f1ados de 29 fotograf\u00edas de Domenico Mimmo Jodice (N\u00e1poles, 24 marzo, 1934), quien reinterpret\u00f3 con su lente la obra del escultor. La muestra, proveniente del archivo de la Biblioteca del Museo C\u00edvico de Bassano del Grappa, fue organizada en aquella ocasi\u00f3n en colaboraci\u00f3n con el Instituto Italiano de Cultura.<\/p>\n\n\n\n<p>En Italia, tras la constituci\u00f3n, a mediados de diciembre de 2021, del Comit\u00e9 Nacional para las Celebraciones del Segundo Centenario con aproximadamente 157 mil euros de fondos p\u00fablicos, se espera la definici\u00f3n de los eventos para proceder a su organizaci\u00f3n en los pr\u00f3ximos meses con el fin de rendir homenaje al artista v\u00e9neto.<\/p>\n\n\n\n<p>Entre las instituciones que se encuentran en primera l\u00ednea est\u00e1 el Ayuntamiento de Possagno, en estrecha colaboraci\u00f3n con el Museo Canova, que ya ha obtenido 784,000 euros del Ministerio de Cultura para llevar a cabo el proyecto \u201cRestauraci\u00f3n y digitalizaci\u00f3n del conjunto arquitect\u00f3nico de Canova\u201d. La iniciativa involucrar\u00e1 el ala dedicada al siglo XIX del museo \u2014compuesta por la gypsoteca, la casa natal, la biblioteca y el archivo\u2014 construida por el medio hermano del escultor, el abad Giovanni Battista Sartori, para albergar las obras de Canova especialmente transportadas desde Roma, \u00faltimo lugar de trabajo del artista.<\/p>\n\n\n\n<p>En el frente expositivo, el calendario est\u00e1 lleno de eventos, con algunos proyectos ya inaugurados en los \u00faltimos meses de 2021.<\/p>\n\n\n\n<p class=\"translation-block\">Precisamente en los Museos C\u00edvicos de Bassano del Grappa \u2014lugar de origen de las obras expuestas en M\u00e9xico en 2016\u2014 se llev\u00f3 a cabo como primer acto de celebraci\u00f3n la digitalizaci\u00f3n completa del archivo de Canova que se conserva en la biblioteca, as\u00ed como la puesta en marcha de la exposici\u00f3n <em>Ebe Canova<\/em>, que podr\u00e1 ser visitada hasta el 30 de mayo de 2022.<\/p>\n\n\n\n<p>La muestra presenta al p\u00fablico la belleza redescubierta de la famosa estatua de yeso de 1817: gracias a las nuevas tecnolog\u00edas, los fragmentos de la obra \u2014que hab\u00eda quedado destruida tras el bombardeo aliado de Bassano en 1945\u2014 fueron reensamblados para recomponer la forma original. Junto a la obra maestra se exponen pinturas, dibujos, libros ilustrados y un estudio detallado acerca de la figura mitol\u00f3gica de Hebe, s\u00edmbolo de la eterna juventud.<\/p>\n\n\n\n<div class=\"wp-block-image\"><figure class=\"aligncenter size-full\"><img loading=\"lazy\" decoding=\"async\" width=\"932\" height=\"488\" src=\"https:\/\/puntodincontro.mx\/wp-content\/uploads\/2022\/01\/canovamuseosancarlos2016comp.jpg\" alt=\"\" class=\"wp-image-2619\" srcset=\"https:\/\/puntodincontro.mx\/wp-content\/uploads\/2022\/01\/canovamuseosancarlos2016comp.jpg 932w, https:\/\/puntodincontro.mx\/wp-content\/uploads\/2022\/01\/canovamuseosancarlos2016comp-300x157.jpg 300w, https:\/\/puntodincontro.mx\/wp-content\/uploads\/2022\/01\/canovamuseosancarlos2016comp-768x402.jpg 768w, https:\/\/puntodincontro.mx\/wp-content\/uploads\/2022\/01\/canovamuseosancarlos2016comp-16x8.jpg 16w\" sizes=\"(max-width: 932px) 100vw, 932px\" \/><\/figure><\/div>\n\n\n\n<div style=\"height:12px\" aria-hidden=\"true\" class=\"wp-block-spacer\"><\/div>\n\n\n\n\n\n<div style=\"height:12px\" aria-hidden=\"true\" class=\"wp-block-spacer\"><\/div>","protected":false},"excerpt":{"rendered":"<p>Ore 09.37 &#8211; Si celebra quest&#8217;anno il bicentenario della morte di Antonio Canova, scultore e pittore del Neoclassicismo italiano, protagonista di un&#8217;esposizione al Museo Nacional de San Carlos di Citt\u00e0 del Messico nel 2016 (nelle foto di questo articolo, alcune delle opere esposte in quell&#8217;occasione). Nato a Possagno nel 1757 e morto a Venezia nel 1822, il genio di Canova \u00e8 indiscusso e i suoi capolavori trovano posto nei pi\u00f9 importanti musei del mondo, dal Louvre all&#8217;Hermitage. Tra il 7 luglio e il 2 ottobre 2016 sono state esposte in suolo azteco sei sue sculture e tredici incisioni, accompagnate da&#8230; <\/p>","protected":false},"author":2,"featured_media":2622,"comment_status":"open","ping_status":"open","sticky":false,"template":"","format":"standard","meta":{"_monsterinsights_skip_tracking":false,"_monsterinsights_sitenote_active":false,"_monsterinsights_sitenote_note":"","_monsterinsights_sitenote_category":0,"footnotes":""},"categories":[25],"tags":[],"class_list":["post-2618","post","type-post","status-publish","format-standard","has-post-thumbnail","hentry","category-cultura"],"yoast_head":"<!-- This site is optimized with the Yoast SEO Premium plugin v18.4 (Yoast SEO v25.6) - https:\/\/yoast.com\/wordpress\/plugins\/seo\/ -->\n<title>Canova, nel 2022 il bicentenario della morte Puntodincontro<\/title>\n<meta name=\"description\" content=\"Si celebra quest&#039;anno il bicentenario della morte di Antonio Canova, scultore e pittore del Neoclassicismo italiano, protagonista di un&#039;esposizione al Museo Nacional de San Carlos di Citt\u00e0 del Messico nel 2016 (nelle foto di questo articolo, alcune delle opere esposte in quell&#039;occasione).\" \/>\n<meta name=\"robots\" content=\"index, follow, max-snippet:-1, max-image-preview:large, max-video-preview:-1\" \/>\n<link rel=\"canonical\" href=\"https:\/\/puntodincontro.mx\/es\/2022\/01\/09\/canova-en-2022-el-bicentenario-luctuoso\/\" \/>\n<meta property=\"og:locale\" content=\"es_MX\" \/>\n<meta property=\"og:type\" content=\"article\" \/>\n<meta property=\"og:title\" content=\"Canova, nel 2022 il bicentenario della morte\" \/>\n<meta property=\"og:description\" content=\"Si celebra quest&#039;anno il bicentenario della morte di Antonio Canova, scultore e pittore del Neoclassicismo italiano, protagonista di un&#039;esposizione al Museo Nacional de San Carlos di Citt\u00e0 del Messico nel 2016 (nelle foto di questo articolo, alcune delle opere esposte in quell&#039;occasione).\" \/>\n<meta property=\"og:url\" content=\"https:\/\/puntodincontro.mx\/es\/2022\/01\/09\/canova-en-2022-el-bicentenario-luctuoso\/\" \/>\n<meta property=\"og:site_name\" content=\"Puntodincontro\" \/>\n<meta property=\"article:publisher\" content=\"https:\/\/www.facebook.com\/puntodincontro.mx\" \/>\n<meta property=\"article:published_time\" content=\"2022-01-09T15:44:33+00:00\" \/>\n<meta property=\"article:modified_time\" content=\"2022-01-09T15:44:34+00:00\" \/>\n<meta property=\"og:image\" content=\"https:\/\/puntodincontro.mx\/wp-content\/uploads\/2022\/01\/canovamuseosancarlos2016vert.webp\" \/>\n\t<meta property=\"og:image:width\" content=\"423\" \/>\n\t<meta property=\"og:image:height\" content=\"488\" \/>\n\t<meta property=\"og:image:type\" content=\"image\/webp\" \/>\n<meta name=\"author\" content=\"Puntodincontro\" \/>\n<meta name=\"twitter:card\" content=\"summary_large_image\" \/>\n<meta name=\"twitter:creator\" content=\"@puntodincontro\" \/>\n<meta name=\"twitter:site\" content=\"@puntodincontro\" \/>\n<meta name=\"twitter:label1\" content=\"Escrito por\" \/>\n\t<meta name=\"twitter:data1\" content=\"Puntodincontro\" \/>\n\t<meta name=\"twitter:label2\" content=\"Tiempo de lectura\" \/>\n\t<meta name=\"twitter:data2\" content=\"3 minutos\" \/>\n<script type=\"application\/ld+json\" class=\"yoast-schema-graph\">{\"@context\":\"https:\/\/schema.org\",\"@graph\":[{\"@type\":\"NewsArticle\",\"@id\":\"https:\/\/puntodincontro.mx\/2022\/01\/09\/canova-nel-2022-il-bicentenario-della-morte\/#article\",\"isPartOf\":{\"@id\":\"https:\/\/puntodincontro.mx\/2022\/01\/09\/canova-nel-2022-il-bicentenario-della-morte\/\"},\"author\":{\"name\":\"Puntodincontro\",\"@id\":\"https:\/\/puntodincontro.mx\/#\/schema\/person\/d3066d18a16259cbb0c29b0d0e93b556\"},\"headline\":\"Canova, nel 2022 il bicentenario della morte\",\"datePublished\":\"2022-01-09T15:44:33+00:00\",\"dateModified\":\"2022-01-09T15:44:34+00:00\",\"mainEntityOfPage\":{\"@id\":\"https:\/\/puntodincontro.mx\/2022\/01\/09\/canova-nel-2022-il-bicentenario-della-morte\/\"},\"wordCount\":403,\"commentCount\":0,\"publisher\":{\"@id\":\"https:\/\/puntodincontro.mx\/#organization\"},\"image\":{\"@id\":\"https:\/\/puntodincontro.mx\/2022\/01\/09\/canova-nel-2022-il-bicentenario-della-morte\/#primaryimage\"},\"thumbnailUrl\":\"https:\/\/puntodincontro.mx\/wp-content\/uploads\/2022\/01\/canovamuseosancarlos2016vert.webp\",\"articleSection\":[\"Cultura\"],\"inLanguage\":\"es\",\"potentialAction\":[{\"@type\":\"CommentAction\",\"name\":\"Comment\",\"target\":[\"https:\/\/puntodincontro.mx\/2022\/01\/09\/canova-nel-2022-il-bicentenario-della-morte\/#respond\"]}]},{\"@type\":\"WebPage\",\"@id\":\"https:\/\/puntodincontro.mx\/2022\/01\/09\/canova-nel-2022-il-bicentenario-della-morte\/\",\"url\":\"https:\/\/puntodincontro.mx\/2022\/01\/09\/canova-nel-2022-il-bicentenario-della-morte\/\",\"name\":\"Canova, nel 2022 il bicentenario della morte Puntodincontro\",\"isPartOf\":{\"@id\":\"https:\/\/puntodincontro.mx\/#website\"},\"primaryImageOfPage\":{\"@id\":\"https:\/\/puntodincontro.mx\/2022\/01\/09\/canova-nel-2022-il-bicentenario-della-morte\/#primaryimage\"},\"image\":{\"@id\":\"https:\/\/puntodincontro.mx\/2022\/01\/09\/canova-nel-2022-il-bicentenario-della-morte\/#primaryimage\"},\"thumbnailUrl\":\"https:\/\/puntodincontro.mx\/wp-content\/uploads\/2022\/01\/canovamuseosancarlos2016vert.webp\",\"datePublished\":\"2022-01-09T15:44:33+00:00\",\"dateModified\":\"2022-01-09T15:44:34+00:00\",\"description\":\"Si celebra quest'anno il bicentenario della morte di Antonio Canova, scultore e pittore del Neoclassicismo italiano, protagonista di un'esposizione al Museo Nacional de San Carlos di Citt\u00e0 del Messico nel 2016 (nelle foto di questo articolo, alcune delle opere esposte in quell'occasione).\",\"breadcrumb\":{\"@id\":\"https:\/\/puntodincontro.mx\/2022\/01\/09\/canova-nel-2022-il-bicentenario-della-morte\/#breadcrumb\"},\"inLanguage\":\"es\",\"potentialAction\":[{\"@type\":\"ReadAction\",\"target\":[\"https:\/\/puntodincontro.mx\/2022\/01\/09\/canova-nel-2022-il-bicentenario-della-morte\/\"]}]},{\"@type\":\"ImageObject\",\"inLanguage\":\"es\",\"@id\":\"https:\/\/puntodincontro.mx\/2022\/01\/09\/canova-nel-2022-il-bicentenario-della-morte\/#primaryimage\",\"url\":\"https:\/\/puntodincontro.mx\/wp-content\/uploads\/2022\/01\/canovamuseosancarlos2016vert.webp\",\"contentUrl\":\"https:\/\/puntodincontro.mx\/wp-content\/uploads\/2022\/01\/canovamuseosancarlos2016vert.webp\",\"width\":423,\"height\":488,\"caption\":\"Canova, nel 2022 il bicentenario della morte\"},{\"@type\":\"BreadcrumbList\",\"@id\":\"https:\/\/puntodincontro.mx\/2022\/01\/09\/canova-nel-2022-il-bicentenario-della-morte\/#breadcrumb\",\"itemListElement\":[{\"@type\":\"ListItem\",\"position\":1,\"name\":\"Home\",\"item\":\"https:\/\/puntodincontro.mx\/\"},{\"@type\":\"ListItem\",\"position\":2,\"name\":\"Canova, nel 2022 il bicentenario della morte\"}]},{\"@type\":\"WebSite\",\"@id\":\"https:\/\/puntodincontro.mx\/#website\",\"url\":\"https:\/\/puntodincontro.mx\/\",\"name\":\"Puntodincontro\",\"description\":\"Dal 2006 notizie sui rapporti Italia-Messico \/ Desde 2006 noticias sobre las relaciones entre Italia y M\u00e9xico\",\"publisher\":{\"@id\":\"https:\/\/puntodincontro.mx\/#organization\"},\"potentialAction\":[{\"@type\":\"SearchAction\",\"target\":{\"@type\":\"EntryPoint\",\"urlTemplate\":\"https:\/\/puntodincontro.mx\/?s={search_term_string}\"},\"query-input\":{\"@type\":\"PropertyValueSpecification\",\"valueRequired\":true,\"valueName\":\"search_term_string\"}}],\"inLanguage\":\"es\"},{\"@type\":\"Organization\",\"@id\":\"https:\/\/puntodincontro.mx\/#organization\",\"name\":\"Puntodincontro\",\"url\":\"https:\/\/puntodincontro.mx\/\",\"logo\":{\"@type\":\"ImageObject\",\"inLanguage\":\"es\",\"@id\":\"https:\/\/puntodincontro.mx\/#\/schema\/logo\/image\/\",\"url\":\"https:\/\/puntodincontro.mx\/wp-content\/uploads\/2021\/08\/Default-image-for-open-graph-settings.jpg\",\"contentUrl\":\"https:\/\/puntodincontro.mx\/wp-content\/uploads\/2021\/08\/Default-image-for-open-graph-settings.jpg\",\"width\":1200,\"height\":630,\"caption\":\"Puntodincontro\"},\"image\":{\"@id\":\"https:\/\/puntodincontro.mx\/#\/schema\/logo\/image\/\"},\"sameAs\":[\"https:\/\/www.facebook.com\/puntodincontro.mx\",\"https:\/\/x.com\/puntodincontro\",\"https:\/\/www.instagram.com\/puntodincontro.mx\/\",\"https:\/\/www.linkedin.com\/company\/puntodincontro\/\",\"https:\/\/www.youtube.com\/c\/puntodincontromessico\",\"https:\/\/www.patreon.com\/puntodincontro\",\"https:\/\/www.threads.net\/@puntodincontro.mx\"]},{\"@type\":\"Person\",\"@id\":\"https:\/\/puntodincontro.mx\/#\/schema\/person\/d3066d18a16259cbb0c29b0d0e93b556\",\"name\":\"Puntodincontro\",\"image\":{\"@type\":\"ImageObject\",\"inLanguage\":\"es\",\"@id\":\"https:\/\/puntodincontro.mx\/#\/schema\/person\/image\/\",\"url\":\"https:\/\/secure.gravatar.com\/avatar\/0e85b4b3b5e9d6bfcec6a4956d8cc63a?s=96&d=mm&r=g\",\"contentUrl\":\"https:\/\/secure.gravatar.com\/avatar\/0e85b4b3b5e9d6bfcec6a4956d8cc63a?s=96&d=mm&r=g\",\"caption\":\"Puntodincontro\"},\"url\":\"https:\/\/puntodincontro.mx\/es\/author\/puntodincontro\/\"}]}<\/script>\n<!-- \/ Yoast SEO Premium plugin. -->","yoast_head_json":{"title":"Canova, nel 2022 il bicentenario della morte Puntodincontro","description":"Si celebra quest'anno il bicentenario della morte di Antonio Canova, scultore e pittore del Neoclassicismo italiano, protagonista di un'esposizione al Museo Nacional de San Carlos di Citt\u00e0 del Messico nel 2016 (nelle foto di questo articolo, alcune delle opere esposte in quell'occasione).","robots":{"index":"index","follow":"follow","max-snippet":"max-snippet:-1","max-image-preview":"max-image-preview:large","max-video-preview":"max-video-preview:-1"},"canonical":"https:\/\/puntodincontro.mx\/es\/2022\/01\/09\/canova-en-2022-el-bicentenario-luctuoso\/","og_locale":"es_MX","og_type":"article","og_title":"Canova, nel 2022 il bicentenario della morte","og_description":"Si celebra quest'anno il bicentenario della morte di Antonio Canova, scultore e pittore del Neoclassicismo italiano, protagonista di un'esposizione al Museo Nacional de San Carlos di Citt\u00e0 del Messico nel 2016 (nelle foto di questo articolo, alcune delle opere esposte in quell'occasione).","og_url":"https:\/\/puntodincontro.mx\/es\/2022\/01\/09\/canova-en-2022-el-bicentenario-luctuoso\/","og_site_name":"Puntodincontro","article_publisher":"https:\/\/www.facebook.com\/puntodincontro.mx","article_published_time":"2022-01-09T15:44:33+00:00","article_modified_time":"2022-01-09T15:44:34+00:00","og_image":[{"width":423,"height":488,"url":"https:\/\/puntodincontro.mx\/wp-content\/uploads\/2022\/01\/canovamuseosancarlos2016vert.webp","type":"image\/webp"}],"author":"Puntodincontro","twitter_card":"summary_large_image","twitter_creator":"@puntodincontro","twitter_site":"@puntodincontro","twitter_misc":{"Escrito por":"Puntodincontro","Tiempo de lectura":"3 minutos"},"schema":{"@context":"https:\/\/schema.org","@graph":[{"@type":"NewsArticle","@id":"https:\/\/puntodincontro.mx\/2022\/01\/09\/canova-nel-2022-il-bicentenario-della-morte\/#article","isPartOf":{"@id":"https:\/\/puntodincontro.mx\/2022\/01\/09\/canova-nel-2022-il-bicentenario-della-morte\/"},"author":{"name":"Puntodincontro","@id":"https:\/\/puntodincontro.mx\/#\/schema\/person\/d3066d18a16259cbb0c29b0d0e93b556"},"headline":"Canova, nel 2022 il bicentenario della morte","datePublished":"2022-01-09T15:44:33+00:00","dateModified":"2022-01-09T15:44:34+00:00","mainEntityOfPage":{"@id":"https:\/\/puntodincontro.mx\/2022\/01\/09\/canova-nel-2022-il-bicentenario-della-morte\/"},"wordCount":403,"commentCount":0,"publisher":{"@id":"https:\/\/puntodincontro.mx\/#organization"},"image":{"@id":"https:\/\/puntodincontro.mx\/2022\/01\/09\/canova-nel-2022-il-bicentenario-della-morte\/#primaryimage"},"thumbnailUrl":"https:\/\/puntodincontro.mx\/wp-content\/uploads\/2022\/01\/canovamuseosancarlos2016vert.webp","articleSection":["Cultura"],"inLanguage":"es","potentialAction":[{"@type":"CommentAction","name":"Comment","target":["https:\/\/puntodincontro.mx\/2022\/01\/09\/canova-nel-2022-il-bicentenario-della-morte\/#respond"]}]},{"@type":"WebPage","@id":"https:\/\/puntodincontro.mx\/2022\/01\/09\/canova-nel-2022-il-bicentenario-della-morte\/","url":"https:\/\/puntodincontro.mx\/2022\/01\/09\/canova-nel-2022-il-bicentenario-della-morte\/","name":"Canova, nel 2022 il bicentenario della morte Puntodincontro","isPartOf":{"@id":"https:\/\/puntodincontro.mx\/#website"},"primaryImageOfPage":{"@id":"https:\/\/puntodincontro.mx\/2022\/01\/09\/canova-nel-2022-il-bicentenario-della-morte\/#primaryimage"},"image":{"@id":"https:\/\/puntodincontro.mx\/2022\/01\/09\/canova-nel-2022-il-bicentenario-della-morte\/#primaryimage"},"thumbnailUrl":"https:\/\/puntodincontro.mx\/wp-content\/uploads\/2022\/01\/canovamuseosancarlos2016vert.webp","datePublished":"2022-01-09T15:44:33+00:00","dateModified":"2022-01-09T15:44:34+00:00","description":"Si celebra quest'anno il bicentenario della morte di Antonio Canova, scultore e pittore del Neoclassicismo italiano, protagonista di un'esposizione al Museo Nacional de San Carlos di Citt\u00e0 del Messico nel 2016 (nelle foto di questo articolo, alcune delle opere esposte in quell'occasione).","breadcrumb":{"@id":"https:\/\/puntodincontro.mx\/2022\/01\/09\/canova-nel-2022-il-bicentenario-della-morte\/#breadcrumb"},"inLanguage":"es","potentialAction":[{"@type":"ReadAction","target":["https:\/\/puntodincontro.mx\/2022\/01\/09\/canova-nel-2022-il-bicentenario-della-morte\/"]}]},{"@type":"ImageObject","inLanguage":"es","@id":"https:\/\/puntodincontro.mx\/2022\/01\/09\/canova-nel-2022-il-bicentenario-della-morte\/#primaryimage","url":"https:\/\/puntodincontro.mx\/wp-content\/uploads\/2022\/01\/canovamuseosancarlos2016vert.webp","contentUrl":"https:\/\/puntodincontro.mx\/wp-content\/uploads\/2022\/01\/canovamuseosancarlos2016vert.webp","width":423,"height":488,"caption":"Canova, nel 2022 il bicentenario della morte"},{"@type":"BreadcrumbList","@id":"https:\/\/puntodincontro.mx\/2022\/01\/09\/canova-nel-2022-il-bicentenario-della-morte\/#breadcrumb","itemListElement":[{"@type":"ListItem","position":1,"name":"Home","item":"https:\/\/puntodincontro.mx\/"},{"@type":"ListItem","position":2,"name":"Canova, nel 2022 il bicentenario della morte"}]},{"@type":"WebSite","@id":"https:\/\/puntodincontro.mx\/#website","url":"https:\/\/puntodincontro.mx\/","name":"Puntodincontro","description":"Desde el 2006 noticias sobre las relaciones entre Italia y M\u00e9xico \/ Dal 2006 notizie sui rapporti Italia-Messico","publisher":{"@id":"https:\/\/puntodincontro.mx\/#organization"},"potentialAction":[{"@type":"SearchAction","target":{"@type":"EntryPoint","urlTemplate":"https:\/\/puntodincontro.mx\/?s={search_term_string}"},"query-input":{"@type":"PropertyValueSpecification","valueRequired":true,"valueName":"search_term_string"}}],"inLanguage":"es"},{"@type":"Organization","@id":"https:\/\/puntodincontro.mx\/#organization","name":"Puntodincontro","url":"https:\/\/puntodincontro.mx\/","logo":{"@type":"ImageObject","inLanguage":"es","@id":"https:\/\/puntodincontro.mx\/#\/schema\/logo\/image\/","url":"https:\/\/puntodincontro.mx\/wp-content\/uploads\/2021\/08\/Default-image-for-open-graph-settings.jpg","contentUrl":"https:\/\/puntodincontro.mx\/wp-content\/uploads\/2021\/08\/Default-image-for-open-graph-settings.jpg","width":1200,"height":630,"caption":"Puntodincontro"},"image":{"@id":"https:\/\/puntodincontro.mx\/#\/schema\/logo\/image\/"},"sameAs":["https:\/\/www.facebook.com\/puntodincontro.mx","https:\/\/x.com\/puntodincontro","https:\/\/www.instagram.com\/puntodincontro.mx\/","https:\/\/www.linkedin.com\/company\/puntodincontro\/","https:\/\/www.youtube.com\/c\/puntodincontromessico","https:\/\/www.patreon.com\/puntodincontro","https:\/\/www.threads.net\/@puntodincontro.mx"]},{"@type":"Person","@id":"https:\/\/puntodincontro.mx\/#\/schema\/person\/d3066d18a16259cbb0c29b0d0e93b556","name":"Puntodincontro","image":{"@type":"ImageObject","inLanguage":"es","@id":"https:\/\/puntodincontro.mx\/#\/schema\/person\/image\/","url":"https:\/\/secure.gravatar.com\/avatar\/0e85b4b3b5e9d6bfcec6a4956d8cc63a?s=96&d=mm&r=g","contentUrl":"https:\/\/secure.gravatar.com\/avatar\/0e85b4b3b5e9d6bfcec6a4956d8cc63a?s=96&d=mm&r=g","caption":"Puntodincontro"},"url":"https:\/\/puntodincontro.mx\/es\/author\/puntodincontro\/"}]}},"_links":{"self":[{"href":"https:\/\/puntodincontro.mx\/es\/wp-json\/wp\/v2\/posts\/2618"}],"collection":[{"href":"https:\/\/puntodincontro.mx\/es\/wp-json\/wp\/v2\/posts"}],"about":[{"href":"https:\/\/puntodincontro.mx\/es\/wp-json\/wp\/v2\/types\/post"}],"author":[{"embeddable":true,"href":"https:\/\/puntodincontro.mx\/es\/wp-json\/wp\/v2\/users\/2"}],"replies":[{"embeddable":true,"href":"https:\/\/puntodincontro.mx\/es\/wp-json\/wp\/v2\/comments?post=2618"}],"version-history":[{"count":1,"href":"https:\/\/puntodincontro.mx\/es\/wp-json\/wp\/v2\/posts\/2618\/revisions"}],"predecessor-version":[{"id":2620,"href":"https:\/\/puntodincontro.mx\/es\/wp-json\/wp\/v2\/posts\/2618\/revisions\/2620"}],"wp:featuredmedia":[{"embeddable":true,"href":"https:\/\/puntodincontro.mx\/es\/wp-json\/wp\/v2\/media\/2622"}],"wp:attachment":[{"href":"https:\/\/puntodincontro.mx\/es\/wp-json\/wp\/v2\/media?parent=2618"}],"wp:term":[{"taxonomy":"category","embeddable":true,"href":"https:\/\/puntodincontro.mx\/es\/wp-json\/wp\/v2\/categories?post=2618"},{"taxonomy":"post_tag","embeddable":true,"href":"https:\/\/puntodincontro.mx\/es\/wp-json\/wp\/v2\/tags?post=2618"}],"curies":[{"name":"wp","href":"https:\/\/api.w.org\/{rel}","templated":true}]}}