{"id":2688,"date":"2022-01-11T17:41:42","date_gmt":"2022-01-11T23:41:42","guid":{"rendered":"https:\/\/puntodincontro.mx\/?p=2688"},"modified":"2022-01-11T17:41:43","modified_gmt":"2022-01-11T23:41:43","slug":"murio-gian-franco-brignone-fundador-de-costa-careyes","status":"publish","type":"post","link":"https:\/\/puntodincontro.mx\/es\/2022\/01\/11\/e-morto-gian-franco-brignone-il-fondatore-di-costa-careyes\/","title":{"rendered":"Muri\u00f3 Gian Franco Brignone, fundador de Costa Careyes"},"content":{"rendered":"<p class=\"translation-block\"><strong>17:35 hrs.<\/strong> \u2013 Falleci\u00f3 Gian Franco Brignone, turin\u00e9s, hijo de una familia de banqueros, artista y promotor inmobiliario. Ten\u00eda 95 a\u00f1os.<\/p>\n\n\n\n<p>Ten\u00eda 42 cuando, en una excursi\u00f3n en avi\u00f3n en 1968 con su amigo Luis de Rivera \u2014quien le hab\u00eda sugerido visitar esa zona\u2014 sobrevol\u00f3 Careyes, un oasis en la costa mexicana, entre la selva y la playa del Pac\u00edfico, y se enamor\u00f3 del lugar. Adquiri\u00f3 12 kil\u00f3metros de costa y 1.500 hect\u00e1reas de selva, manglares, acantilados y playas.<\/p>\n\n\n\n<p>\u00abCosta Careyes es un exclusivo espacio inmobiliario privado de lujo compuesto por castillos marinos, villas privadas, caba\u00f1as y bungalows. Est\u00e1 ubicado en la costa sur del estado de Jalisco\u00bb, se lee en el sitio web oficial del complejo tur\u00edstico.<\/p>\n\n\n\n<p>Originalmente eran tierras v\u00edrgenes y salvajes. Primero, al contratar al arquitecto mexicano Marco Aldaco para el dise\u00f1o, construy\u00f3 Casa Mi Ojo, una estructura azul brillante, conectada por un puente colgante al acantilado m\u00e1s cercano. El nombre de la casa hac\u00eda referencia, dijo el empresario, al ojo que hab\u00eda perdido de joven. Careyes se convirti\u00f3 r\u00e1pidamente en un lugar popular para la jet set europea. A Gianni Agnelli le encantaba descansar aqu\u00ed, al igual que al magnate financiero James Goldsmith.<\/p>\n\n\n\n<p>Durante m\u00e1s de 40 a\u00f1os, custodi\u00f3 y preserv\u00f3 de cerca el complejo, donde muchos han comprado propiedades. \u00abHay 27 condiciones a respetar\u00bb \u2014explic\u00f3 Brignone\u2014 \u00abentre otras, los posibles compradores deben ser capaces de apreciar la m\u00fasica del cielo, la tierra y el mar y haber cometido la mayor\u00eda de los siete pecados capitales. Adem\u00e1s, se supone que todos aqu\u00ed son pol\u00edglotas y tienen una buena dosis de humor. Porque Careyes es una forma de vida\u00bb.<\/p>\n\n\n\n<div class=\"wp-block-image\"><figure class=\"aligncenter size-full\"><img loading=\"lazy\" decoding=\"async\" width=\"932\" height=\"487\" src=\"https:\/\/puntodincontro.mx\/wp-content\/uploads\/2022\/01\/costacareyes.webp\" alt=\"\" class=\"wp-image-2689\" srcset=\"https:\/\/puntodincontro.mx\/wp-content\/uploads\/2022\/01\/costacareyes.webp 932w, https:\/\/puntodincontro.mx\/wp-content\/uploads\/2022\/01\/costacareyes-300x157.webp 300w, https:\/\/puntodincontro.mx\/wp-content\/uploads\/2022\/01\/costacareyes-768x401.webp 768w, https:\/\/puntodincontro.mx\/wp-content\/uploads\/2022\/01\/costacareyes-16x8.webp 16w\" sizes=\"(max-width: 932px) 100vw, 932px\" \/><\/figure><\/div>\n\n\n\n<div style=\"height:12px\" aria-hidden=\"true\" class=\"wp-block-spacer\"><\/div>\n\n\n\n\n\n<div style=\"height:12px\" aria-hidden=\"true\" class=\"wp-block-spacer\"><\/div>","protected":false},"excerpt":{"rendered":"<p>Ore 17.35 &#8211; Addio a Gian Franco Brignone, torinese, figlio di una famiglia di banchieri, artista e promotore immobiliare. Aveva 95 anni. Ne aveva 42 quando, durante un&#8217;escursione in aereo nel 1968 con l&#8217;amico Luis de Rivera \u2014che gli aveva suggerito di visitare quella zona\u2014 sorvol\u00f2 Careyes, un\u2019oasi sulla costa messicana, tra la giungla e la spiaggia del Pacifico, e se ne innamor\u00f2. Acquis\u00ec 12 chilometri di costa e 1.500 ettari di giungla, mangrovie, scogliere e spiagge. \u00abCosta Careyes \u00e8 un esclusivo complesso immobiliare privato di lusso composto da castelli oceanici, ville private, casette e bungalows. Si trova sulla costa&#8230; <\/p>","protected":false},"author":2,"featured_media":2691,"comment_status":"open","ping_status":"open","sticky":false,"template":"","format":"standard","meta":{"_monsterinsights_skip_tracking":false,"_monsterinsights_sitenote_active":false,"_monsterinsights_sitenote_note":"","_monsterinsights_sitenote_category":0,"footnotes":""},"categories":[8],"tags":[],"class_list":["post-2688","post","type-post","status-publish","format-standard","has-post-thumbnail","hentry","category-viaggi"],"yoast_head":"<!-- This site is optimized with the Yoast SEO Premium plugin v18.4 (Yoast SEO v25.6) - https:\/\/yoast.com\/wordpress\/plugins\/seo\/ -->\n<title>\u00c8 morto Gian Franco Brignone, il fondatore di Costa Careyes Puntodincontro<\/title>\n<meta name=\"description\" content=\"Addio a Gian Franco Brignone, torinese, figlio di una famiglia di banchieri, artista e promotore immobiliare. Aveva 95 anni.\" \/>\n<meta name=\"robots\" content=\"index, follow, max-snippet:-1, max-image-preview:large, max-video-preview:-1\" \/>\n<link rel=\"canonical\" href=\"https:\/\/puntodincontro.mx\/es\/2022\/01\/11\/murio-gian-franco-brignone-fundador-de-costa-careyes\/\" \/>\n<meta property=\"og:locale\" content=\"es_MX\" \/>\n<meta property=\"og:type\" content=\"article\" \/>\n<meta property=\"og:title\" content=\"\u00c8 morto Gian Franco Brignone, il fondatore di Costa Careyes\" \/>\n<meta property=\"og:description\" content=\"Addio a Gian Franco Brignone, torinese, figlio di una famiglia di banchieri, artista e promotore immobiliare. Aveva 95 anni.\" \/>\n<meta property=\"og:url\" content=\"https:\/\/puntodincontro.mx\/es\/2022\/01\/11\/murio-gian-franco-brignone-fundador-de-costa-careyes\/\" \/>\n<meta property=\"og:site_name\" content=\"Puntodincontro\" \/>\n<meta property=\"article:publisher\" content=\"https:\/\/www.facebook.com\/puntodincontro.mx\" \/>\n<meta property=\"article:published_time\" content=\"2022-01-11T23:41:42+00:00\" \/>\n<meta property=\"article:modified_time\" content=\"2022-01-11T23:41:43+00:00\" \/>\n<meta property=\"og:image\" content=\"https:\/\/puntodincontro.mx\/wp-content\/uploads\/2022\/01\/gianfrancobrignonevert.webp\" \/>\n\t<meta property=\"og:image:width\" content=\"423\" \/>\n\t<meta property=\"og:image:height\" content=\"488\" \/>\n\t<meta property=\"og:image:type\" content=\"image\/webp\" \/>\n<meta name=\"author\" content=\"Puntodincontro\" \/>\n<meta name=\"twitter:card\" content=\"summary_large_image\" \/>\n<meta name=\"twitter:creator\" content=\"@puntodincontro\" \/>\n<meta name=\"twitter:site\" content=\"@puntodincontro\" \/>\n<meta name=\"twitter:label1\" content=\"Escrito por\" \/>\n\t<meta name=\"twitter:data1\" content=\"Puntodincontro\" \/>\n\t<meta name=\"twitter:label2\" content=\"Tiempo de lectura\" \/>\n\t<meta name=\"twitter:data2\" content=\"2 minutos\" \/>\n<script type=\"application\/ld+json\" class=\"yoast-schema-graph\">{\"@context\":\"https:\/\/schema.org\",\"@graph\":[{\"@type\":\"NewsArticle\",\"@id\":\"https:\/\/puntodincontro.mx\/2022\/01\/11\/e-morto-gian-franco-brignone-il-fondatore-di-costa-careyes\/#article\",\"isPartOf\":{\"@id\":\"https:\/\/puntodincontro.mx\/2022\/01\/11\/e-morto-gian-franco-brignone-il-fondatore-di-costa-careyes\/\"},\"author\":{\"name\":\"Puntodincontro\",\"@id\":\"https:\/\/puntodincontro.mx\/#\/schema\/person\/d3066d18a16259cbb0c29b0d0e93b556\"},\"headline\":\"\u00c8 morto Gian Franco Brignone, il fondatore di Costa Careyes\",\"datePublished\":\"2022-01-11T23:41:42+00:00\",\"dateModified\":\"2022-01-11T23:41:43+00:00\",\"mainEntityOfPage\":{\"@id\":\"https:\/\/puntodincontro.mx\/2022\/01\/11\/e-morto-gian-franco-brignone-il-fondatore-di-costa-careyes\/\"},\"wordCount\":262,\"commentCount\":0,\"publisher\":{\"@id\":\"https:\/\/puntodincontro.mx\/#organization\"},\"image\":{\"@id\":\"https:\/\/puntodincontro.mx\/2022\/01\/11\/e-morto-gian-franco-brignone-il-fondatore-di-costa-careyes\/#primaryimage\"},\"thumbnailUrl\":\"https:\/\/puntodincontro.mx\/wp-content\/uploads\/2022\/01\/gianfrancobrignonevert.webp\",\"articleSection\":[\"Viaggi\"],\"inLanguage\":\"es\",\"potentialAction\":[{\"@type\":\"CommentAction\",\"name\":\"Comment\",\"target\":[\"https:\/\/puntodincontro.mx\/2022\/01\/11\/e-morto-gian-franco-brignone-il-fondatore-di-costa-careyes\/#respond\"]}]},{\"@type\":\"WebPage\",\"@id\":\"https:\/\/puntodincontro.mx\/2022\/01\/11\/e-morto-gian-franco-brignone-il-fondatore-di-costa-careyes\/\",\"url\":\"https:\/\/puntodincontro.mx\/2022\/01\/11\/e-morto-gian-franco-brignone-il-fondatore-di-costa-careyes\/\",\"name\":\"\u00c8 morto Gian Franco Brignone, il fondatore di Costa Careyes Puntodincontro\",\"isPartOf\":{\"@id\":\"https:\/\/puntodincontro.mx\/#website\"},\"primaryImageOfPage\":{\"@id\":\"https:\/\/puntodincontro.mx\/2022\/01\/11\/e-morto-gian-franco-brignone-il-fondatore-di-costa-careyes\/#primaryimage\"},\"image\":{\"@id\":\"https:\/\/puntodincontro.mx\/2022\/01\/11\/e-morto-gian-franco-brignone-il-fondatore-di-costa-careyes\/#primaryimage\"},\"thumbnailUrl\":\"https:\/\/puntodincontro.mx\/wp-content\/uploads\/2022\/01\/gianfrancobrignonevert.webp\",\"datePublished\":\"2022-01-11T23:41:42+00:00\",\"dateModified\":\"2022-01-11T23:41:43+00:00\",\"description\":\"Addio a Gian Franco Brignone, torinese, figlio di una famiglia di banchieri, artista e promotore immobiliare. Aveva 95 anni.\",\"breadcrumb\":{\"@id\":\"https:\/\/puntodincontro.mx\/2022\/01\/11\/e-morto-gian-franco-brignone-il-fondatore-di-costa-careyes\/#breadcrumb\"},\"inLanguage\":\"es\",\"potentialAction\":[{\"@type\":\"ReadAction\",\"target\":[\"https:\/\/puntodincontro.mx\/2022\/01\/11\/e-morto-gian-franco-brignone-il-fondatore-di-costa-careyes\/\"]}]},{\"@type\":\"ImageObject\",\"inLanguage\":\"es\",\"@id\":\"https:\/\/puntodincontro.mx\/2022\/01\/11\/e-morto-gian-franco-brignone-il-fondatore-di-costa-careyes\/#primaryimage\",\"url\":\"https:\/\/puntodincontro.mx\/wp-content\/uploads\/2022\/01\/gianfrancobrignonevert.webp\",\"contentUrl\":\"https:\/\/puntodincontro.mx\/wp-content\/uploads\/2022\/01\/gianfrancobrignonevert.webp\",\"width\":423,\"height\":488,\"caption\":\"\u00c8 morto Gian Franco Brignone, il fondatore di Costa Careyes\"},{\"@type\":\"BreadcrumbList\",\"@id\":\"https:\/\/puntodincontro.mx\/2022\/01\/11\/e-morto-gian-franco-brignone-il-fondatore-di-costa-careyes\/#breadcrumb\",\"itemListElement\":[{\"@type\":\"ListItem\",\"position\":1,\"name\":\"Home\",\"item\":\"https:\/\/puntodincontro.mx\/\"},{\"@type\":\"ListItem\",\"position\":2,\"name\":\"\u00c8 morto Gian Franco Brignone, il fondatore di Costa Careyes\"}]},{\"@type\":\"WebSite\",\"@id\":\"https:\/\/puntodincontro.mx\/#website\",\"url\":\"https:\/\/puntodincontro.mx\/\",\"name\":\"Puntodincontro\",\"description\":\"Dal 2006 notizie sui rapporti Italia-Messico \/ Desde 2006 noticias sobre las relaciones entre Italia y M\u00e9xico\",\"publisher\":{\"@id\":\"https:\/\/puntodincontro.mx\/#organization\"},\"potentialAction\":[{\"@type\":\"SearchAction\",\"target\":{\"@type\":\"EntryPoint\",\"urlTemplate\":\"https:\/\/puntodincontro.mx\/?s={search_term_string}\"},\"query-input\":{\"@type\":\"PropertyValueSpecification\",\"valueRequired\":true,\"valueName\":\"search_term_string\"}}],\"inLanguage\":\"es\"},{\"@type\":\"Organization\",\"@id\":\"https:\/\/puntodincontro.mx\/#organization\",\"name\":\"Puntodincontro\",\"url\":\"https:\/\/puntodincontro.mx\/\",\"logo\":{\"@type\":\"ImageObject\",\"inLanguage\":\"es\",\"@id\":\"https:\/\/puntodincontro.mx\/#\/schema\/logo\/image\/\",\"url\":\"https:\/\/puntodincontro.mx\/wp-content\/uploads\/2021\/08\/Default-image-for-open-graph-settings.jpg\",\"contentUrl\":\"https:\/\/puntodincontro.mx\/wp-content\/uploads\/2021\/08\/Default-image-for-open-graph-settings.jpg\",\"width\":1200,\"height\":630,\"caption\":\"Puntodincontro\"},\"image\":{\"@id\":\"https:\/\/puntodincontro.mx\/#\/schema\/logo\/image\/\"},\"sameAs\":[\"https:\/\/www.facebook.com\/puntodincontro.mx\",\"https:\/\/x.com\/puntodincontro\",\"https:\/\/www.instagram.com\/puntodincontro.mx\/\",\"https:\/\/www.linkedin.com\/company\/puntodincontro\/\",\"https:\/\/www.youtube.com\/c\/puntodincontromessico\",\"https:\/\/www.patreon.com\/puntodincontro\",\"https:\/\/www.threads.net\/@puntodincontro.mx\"]},{\"@type\":\"Person\",\"@id\":\"https:\/\/puntodincontro.mx\/#\/schema\/person\/d3066d18a16259cbb0c29b0d0e93b556\",\"name\":\"Puntodincontro\",\"image\":{\"@type\":\"ImageObject\",\"inLanguage\":\"es\",\"@id\":\"https:\/\/puntodincontro.mx\/#\/schema\/person\/image\/\",\"url\":\"https:\/\/secure.gravatar.com\/avatar\/0e85b4b3b5e9d6bfcec6a4956d8cc63a?s=96&d=mm&r=g\",\"contentUrl\":\"https:\/\/secure.gravatar.com\/avatar\/0e85b4b3b5e9d6bfcec6a4956d8cc63a?s=96&d=mm&r=g\",\"caption\":\"Puntodincontro\"},\"url\":\"https:\/\/puntodincontro.mx\/es\/author\/puntodincontro\/\"}]}<\/script>\n<!-- \/ Yoast SEO Premium plugin. -->","yoast_head_json":{"title":"\u00c8 morto Gian Franco Brignone, il fondatore di Costa Careyes Puntodincontro","description":"Falleci\u00f3 Gian Franco Brignone, turin\u00e9s, hijo de una familia de banqueros, artista y promotor inmobiliario. Ten\u00eda 95 a\u00f1os.","robots":{"index":"index","follow":"follow","max-snippet":"max-snippet:-1","max-image-preview":"max-image-preview:large","max-video-preview":"max-video-preview:-1"},"canonical":"https:\/\/puntodincontro.mx\/es\/2022\/01\/11\/murio-gian-franco-brignone-fundador-de-costa-careyes\/","og_locale":"es_MX","og_type":"article","og_title":"\u00c8 morto Gian Franco Brignone, il fondatore di Costa Careyes","og_description":"Addio a Gian Franco Brignone, torinese, figlio di una famiglia di banchieri, artista e promotore immobiliare. Aveva 95 anni.","og_url":"https:\/\/puntodincontro.mx\/es\/2022\/01\/11\/murio-gian-franco-brignone-fundador-de-costa-careyes\/","og_site_name":"Puntodincontro","article_publisher":"https:\/\/www.facebook.com\/puntodincontro.mx","article_published_time":"2022-01-11T23:41:42+00:00","article_modified_time":"2022-01-11T23:41:43+00:00","og_image":[{"width":423,"height":488,"url":"https:\/\/puntodincontro.mx\/wp-content\/uploads\/2022\/01\/gianfrancobrignonevert.webp","type":"image\/webp"}],"author":"Puntodincontro","twitter_card":"summary_large_image","twitter_creator":"@puntodincontro","twitter_site":"@puntodincontro","twitter_misc":{"Escrito por":"Puntodincontro","Tiempo de lectura":"2 minutos"},"schema":{"@context":"https:\/\/schema.org","@graph":[{"@type":"NewsArticle","@id":"https:\/\/puntodincontro.mx\/2022\/01\/11\/e-morto-gian-franco-brignone-il-fondatore-di-costa-careyes\/#article","isPartOf":{"@id":"https:\/\/puntodincontro.mx\/2022\/01\/11\/e-morto-gian-franco-brignone-il-fondatore-di-costa-careyes\/"},"author":{"name":"Puntodincontro","@id":"https:\/\/puntodincontro.mx\/#\/schema\/person\/d3066d18a16259cbb0c29b0d0e93b556"},"headline":"\u00c8 morto Gian Franco Brignone, il fondatore di Costa Careyes","datePublished":"2022-01-11T23:41:42+00:00","dateModified":"2022-01-11T23:41:43+00:00","mainEntityOfPage":{"@id":"https:\/\/puntodincontro.mx\/2022\/01\/11\/e-morto-gian-franco-brignone-il-fondatore-di-costa-careyes\/"},"wordCount":262,"commentCount":0,"publisher":{"@id":"https:\/\/puntodincontro.mx\/#organization"},"image":{"@id":"https:\/\/puntodincontro.mx\/2022\/01\/11\/e-morto-gian-franco-brignone-il-fondatore-di-costa-careyes\/#primaryimage"},"thumbnailUrl":"https:\/\/puntodincontro.mx\/wp-content\/uploads\/2022\/01\/gianfrancobrignonevert.webp","articleSection":["Viaggi"],"inLanguage":"es","potentialAction":[{"@type":"CommentAction","name":"Comment","target":["https:\/\/puntodincontro.mx\/2022\/01\/11\/e-morto-gian-franco-brignone-il-fondatore-di-costa-careyes\/#respond"]}]},{"@type":"WebPage","@id":"https:\/\/puntodincontro.mx\/2022\/01\/11\/e-morto-gian-franco-brignone-il-fondatore-di-costa-careyes\/","url":"https:\/\/puntodincontro.mx\/2022\/01\/11\/e-morto-gian-franco-brignone-il-fondatore-di-costa-careyes\/","name":"\u00c8 morto Gian Franco Brignone, il fondatore di Costa Careyes Puntodincontro","isPartOf":{"@id":"https:\/\/puntodincontro.mx\/#website"},"primaryImageOfPage":{"@id":"https:\/\/puntodincontro.mx\/2022\/01\/11\/e-morto-gian-franco-brignone-il-fondatore-di-costa-careyes\/#primaryimage"},"image":{"@id":"https:\/\/puntodincontro.mx\/2022\/01\/11\/e-morto-gian-franco-brignone-il-fondatore-di-costa-careyes\/#primaryimage"},"thumbnailUrl":"https:\/\/puntodincontro.mx\/wp-content\/uploads\/2022\/01\/gianfrancobrignonevert.webp","datePublished":"2022-01-11T23:41:42+00:00","dateModified":"2022-01-11T23:41:43+00:00","description":"Falleci\u00f3 Gian Franco Brignone, turin\u00e9s, hijo de una familia de banqueros, artista y promotor inmobiliario. Ten\u00eda 95 a\u00f1os.","breadcrumb":{"@id":"https:\/\/puntodincontro.mx\/2022\/01\/11\/e-morto-gian-franco-brignone-il-fondatore-di-costa-careyes\/#breadcrumb"},"inLanguage":"es","potentialAction":[{"@type":"ReadAction","target":["https:\/\/puntodincontro.mx\/2022\/01\/11\/e-morto-gian-franco-brignone-il-fondatore-di-costa-careyes\/"]}]},{"@type":"ImageObject","inLanguage":"es","@id":"https:\/\/puntodincontro.mx\/2022\/01\/11\/e-morto-gian-franco-brignone-il-fondatore-di-costa-careyes\/#primaryimage","url":"https:\/\/puntodincontro.mx\/wp-content\/uploads\/2022\/01\/gianfrancobrignonevert.webp","contentUrl":"https:\/\/puntodincontro.mx\/wp-content\/uploads\/2022\/01\/gianfrancobrignonevert.webp","width":423,"height":488,"caption":"\u00c8 morto Gian Franco Brignone, il fondatore di Costa Careyes"},{"@type":"BreadcrumbList","@id":"https:\/\/puntodincontro.mx\/2022\/01\/11\/e-morto-gian-franco-brignone-il-fondatore-di-costa-careyes\/#breadcrumb","itemListElement":[{"@type":"ListItem","position":1,"name":"Home","item":"https:\/\/puntodincontro.mx\/"},{"@type":"ListItem","position":2,"name":"\u00c8 morto Gian Franco Brignone, il fondatore di Costa Careyes"}]},{"@type":"WebSite","@id":"https:\/\/puntodincontro.mx\/#website","url":"https:\/\/puntodincontro.mx\/","name":"Puntodincontro","description":"Desde el 2006 noticias sobre las relaciones entre Italia y M\u00e9xico \/ Dal 2006 notizie sui rapporti Italia-Messico","publisher":{"@id":"https:\/\/puntodincontro.mx\/#organization"},"potentialAction":[{"@type":"SearchAction","target":{"@type":"EntryPoint","urlTemplate":"https:\/\/puntodincontro.mx\/?s={search_term_string}"},"query-input":{"@type":"PropertyValueSpecification","valueRequired":true,"valueName":"search_term_string"}}],"inLanguage":"es"},{"@type":"Organization","@id":"https:\/\/puntodincontro.mx\/#organization","name":"Puntodincontro","url":"https:\/\/puntodincontro.mx\/","logo":{"@type":"ImageObject","inLanguage":"es","@id":"https:\/\/puntodincontro.mx\/#\/schema\/logo\/image\/","url":"https:\/\/puntodincontro.mx\/wp-content\/uploads\/2021\/08\/Default-image-for-open-graph-settings.jpg","contentUrl":"https:\/\/puntodincontro.mx\/wp-content\/uploads\/2021\/08\/Default-image-for-open-graph-settings.jpg","width":1200,"height":630,"caption":"Puntodincontro"},"image":{"@id":"https:\/\/puntodincontro.mx\/#\/schema\/logo\/image\/"},"sameAs":["https:\/\/www.facebook.com\/puntodincontro.mx","https:\/\/x.com\/puntodincontro","https:\/\/www.instagram.com\/puntodincontro.mx\/","https:\/\/www.linkedin.com\/company\/puntodincontro\/","https:\/\/www.youtube.com\/c\/puntodincontromessico","https:\/\/www.patreon.com\/puntodincontro","https:\/\/www.threads.net\/@puntodincontro.mx"]},{"@type":"Person","@id":"https:\/\/puntodincontro.mx\/#\/schema\/person\/d3066d18a16259cbb0c29b0d0e93b556","name":"Puntodincontro","image":{"@type":"ImageObject","inLanguage":"es","@id":"https:\/\/puntodincontro.mx\/#\/schema\/person\/image\/","url":"https:\/\/secure.gravatar.com\/avatar\/0e85b4b3b5e9d6bfcec6a4956d8cc63a?s=96&d=mm&r=g","contentUrl":"https:\/\/secure.gravatar.com\/avatar\/0e85b4b3b5e9d6bfcec6a4956d8cc63a?s=96&d=mm&r=g","caption":"Puntodincontro"},"url":"https:\/\/puntodincontro.mx\/es\/author\/puntodincontro\/"}]}},"_links":{"self":[{"href":"https:\/\/puntodincontro.mx\/es\/wp-json\/wp\/v2\/posts\/2688"}],"collection":[{"href":"https:\/\/puntodincontro.mx\/es\/wp-json\/wp\/v2\/posts"}],"about":[{"href":"https:\/\/puntodincontro.mx\/es\/wp-json\/wp\/v2\/types\/post"}],"author":[{"embeddable":true,"href":"https:\/\/puntodincontro.mx\/es\/wp-json\/wp\/v2\/users\/2"}],"replies":[{"embeddable":true,"href":"https:\/\/puntodincontro.mx\/es\/wp-json\/wp\/v2\/comments?post=2688"}],"version-history":[{"count":1,"href":"https:\/\/puntodincontro.mx\/es\/wp-json\/wp\/v2\/posts\/2688\/revisions"}],"predecessor-version":[{"id":2690,"href":"https:\/\/puntodincontro.mx\/es\/wp-json\/wp\/v2\/posts\/2688\/revisions\/2690"}],"wp:featuredmedia":[{"embeddable":true,"href":"https:\/\/puntodincontro.mx\/es\/wp-json\/wp\/v2\/media\/2691"}],"wp:attachment":[{"href":"https:\/\/puntodincontro.mx\/es\/wp-json\/wp\/v2\/media?parent=2688"}],"wp:term":[{"taxonomy":"category","embeddable":true,"href":"https:\/\/puntodincontro.mx\/es\/wp-json\/wp\/v2\/categories?post=2688"},{"taxonomy":"post_tag","embeddable":true,"href":"https:\/\/puntodincontro.mx\/es\/wp-json\/wp\/v2\/tags?post=2688"}],"curies":[{"name":"wp","href":"https:\/\/api.w.org\/{rel}","templated":true}]}}