{"id":27085,"date":"2026-09-03T18:11:30","date_gmt":"2026-09-04T00:11:30","guid":{"rendered":"https:\/\/puntodincontro.mx\/?p=27085"},"modified":"2026-09-03T20:39:26","modified_gmt":"2026-09-04T02:39:26","slug":"comites-anuncian-las-elecciones-para-el-4-de-diciembre-de-2026","status":"publish","type":"post","link":"https:\/\/puntodincontro.mx\/es\/2026\/09\/03\/comites-indette-le-elezioni-per-il-4-dicembre-2026\/","title":{"rendered":"Comites: anuncian las elecciones para el 4 de diciembre de 2026"},"content":{"rendered":"<p class=\"translation-block\"><strong>15:09 h<\/strong> - Como lo anticip\u00f3 en meses recientes el subsecretario de Relaciones Exteriores, Massimo Dell\u2019Utri, hoy, 3 de septiembre, los consulados italianos en el mundo han anunciado los comicios para la renovaci\u00f3n de los Comit\u00e9s de los Italianos en el Exterior (Comites), programados para el 4 de diciembre. De esta resoluci\u00f3n dependen todos los plazos referentes al registro en el padr\u00f3n, la presentaci\u00f3n de listas y el env\u00edo del material correspondiente.<\/p>\n\n\n\n<p>En este proceso, los ciudadanos dados de alta en el AIRE sufragan por correo, sin embargo, a diferencia de las votaciones pol\u00edticas, para recibir la documentaci\u00f3n en su domicilio deben apuntarse en la lista de electores a m\u00e1s tardar el 4 de noviembre de 2026.<\/p>\n\n\n\n<p>Los Comites se establecen en las circunscripciones con al menos tres mil ciudadanos italianos y est\u00e1n conformados por 12 o 18 miembros, seg\u00fan si la jurisdicci\u00f3n consular cuenta con menos o m\u00e1s de 100 mil inscritos. En el caso espec\u00edfico de M\u00e9xico, dado que la cifra de personas inscritas en el AIRE ronda las 25 mil, los integrantes del Comites ser\u00e1n 12 y las listas que participen en las elecciones no podr\u00e1n presentar m\u00e1s de 16 candidatos cada una.<\/p>\n\n\n\n<p>El ordenamiento consular consta de 4 art\u00edculos: el primero llama a las urnas, el segundo define la cantidad de consejeros a designar, el tercero crea la Oficina Electoral y el cuarto cita a la primera sesi\u00f3n del nuevo Comit\u00e9.<\/p>\n\n\n\n<p>Respecto al procedimiento y los plazos, la entrega de candidaturas deber\u00e1 realizarse entre el vig\u00e9simo y trig\u00e9simo d\u00eda posterior al anuncio, es decir, del 23 de septiembre al 3 de octubre de 2026. Por otro lado, ya se encuentra habilitado el registro para obtener la documentaci\u00f3n de sufragio, cuya fecha l\u00edmite se mantiene fijada para el 4 de noviembre. Tienen derecho a participar los ciudadanos que lleven viviendo y dados de alta en el AIRE dentro de la jurisdicci\u00f3n consular al menos 6 meses antes de la jornada. Este tr\u00e1mite se puede efectuar acudiendo personalmente a las oficinas representativas, o bien, mandando por correo postal o electr\u00f3nico (ordinario o certificado) el formato proporcionado por dichas sedes, adjuntando siempre una copia de una identificaci\u00f3n oficial.<\/p>\n\n\n\n<p>Una vez completado el empadronamiento, los votantes recibir\u00e1n los sobres a m\u00e1s tardar el 15 de noviembre, aproximadamente veinte d\u00edas previos a la jornada electoral. Si el paquete no llega, ser\u00e1 posible pedir una reposici\u00f3n a partir del d\u00eda 21. Las boletas marcadas tendr\u00e1n que remitirse de vuelta como m\u00e1ximo el d\u00e9cimo d\u00eda anterior al proceso, es decir, el 25 de noviembre. En cualquier caso, se tomar\u00e1n por v\u00e1lidos para el conteo final todos los env\u00edos que sean entregados en las dependencias consulares hasta las 24:00 horas de la fecha estipulada para el cierre.<\/p>\n\n\n\n<p class=\"has-small-font-size\">Imagen: Puntodincontro<\/p>\n\n\n\n<div style=\"height:12px\" aria-hidden=\"true\" class=\"wp-block-spacer\"><\/div>\n\n\n<!-- Ad space powered by WP AdCenter v2.5.7 - https:\/\/wpadcenter.com\/ --><div class=\"wpadcenter-adgroup\" ><div class=\"wpadcenter-adgroup__row wpadcenter-aligncenter\"><div class=\"wpadcenter-ad-container\" ><div id=\"wpadcenter-ad-18464\" class=\"ad-placement\"><div class=\"wpadcenter-ad-inner\" ><a id=\"wpadcenter_ad\" data-value=\"18464\" data-placement=\"\" href=\"https:\/\/www.productosremo.com\/\" target=\"_blank\" class=\"wpadcenter-ad-inner__item\" ><img decoding=\"async\"   src=\"https:\/\/puntodincontro.mx\/wp-content\/uploads\/2021\/08\/remobanner.jpg\" class=\"attachment-post-thumbnail size-post-thumbnail wp-post-image\" alt=\"\" srcset=\"https:\/\/puntodincontro.mx\/wp-content\/uploads\/2021\/08\/remobanner.jpg 200w, https:\/\/puntodincontro.mx\/wp-content\/uploads\/2021\/08\/remobanner-16x5.jpg 16w\" sizes=\"(max-width: 200px) 100vw, 200px\" \/><\/a><\/div><\/div><\/div><div class=\"wpadcenter-ad-container\" ><div id=\"wpadcenter-ad-5305\" class=\"ad-placement\"><div class=\"wpadcenter-ad-inner\" ><a id=\"wpadcenter_ad\" data-value=\"5305\" data-placement=\"\" href=\"https:\/\/ambcittadelmessico.esteri.it\/ambasciata_cittadelmessico\/it\/\" target=\"_blank\" class=\"wpadcenter-ad-inner__item\" ><img decoding=\"async\"   src=\"https:\/\/puntodincontro.mx\/wp-content\/uploads\/2022\/05\/Ambasciata.jpg\" class=\"attachment-post-thumbnail size-post-thumbnail wp-post-image\" alt=\"\" srcset=\"https:\/\/puntodincontro.mx\/wp-content\/uploads\/2022\/05\/Ambasciata.jpg 200w, https:\/\/puntodincontro.mx\/wp-content\/uploads\/2022\/05\/Ambasciata-18x5.jpg 18w\" sizes=\"(max-width: 200px) 100vw, 200px\" \/><\/a><\/div><\/div><\/div><div class=\"wpadcenter-ad-container\" ><div id=\"wpadcenter-ad-3781\" class=\"ad-placement\"><div class=\"wpadcenter-ad-inner\" ><a id=\"wpadcenter_ad\" data-value=\"3781\" data-placement=\"\" href=\"https:\/\/cannizzo.com.mx\/\" target=\"_blank\" class=\"wpadcenter-ad-inner__item\" ><img decoding=\"async\"   src=\"https:\/\/puntodincontro.mx\/wp-content\/uploads\/2022\/03\/cannizzo2.jpg\" class=\"attachment-post-thumbnail size-post-thumbnail wp-post-image\" alt=\"\" srcset=\"https:\/\/puntodincontro.mx\/wp-content\/uploads\/2022\/03\/cannizzo2.jpg 200w, https:\/\/puntodincontro.mx\/wp-content\/uploads\/2022\/03\/cannizzo2-18x5.jpg 18w\" sizes=\"(max-width: 200px) 100vw, 200px\" \/><\/a><\/div><\/div><\/div><\/div><div class=\"wpadcenter-adgroup__row wpadcenter-aligncenter\"><div class=\"wpadcenter-ad-container\" ><div id=\"wpadcenter-ad-1704\" class=\"ad-placement\"><div class=\"wpadcenter-ad-inner\" ><a id=\"wpadcenter_ad\" data-value=\"1704\" data-placement=\"\" href=\"https:\/\/puntodincontro.mx\/es\/2021\/12\/24\/inps-verificacion-de-supervivencia-de-los-pensionados-en-el-extranjero\/\" target=\"_blank\" class=\"wpadcenter-ad-inner__item\" ><img decoding=\"async\"   src=\"https:\/\/puntodincontro.mx\/wp-content\/uploads\/2021\/11\/logo-ital.jpg\" class=\"attachment-post-thumbnail size-post-thumbnail wp-post-image\" alt=\"Patronato ITAL Messico\" srcset=\"https:\/\/puntodincontro.mx\/wp-content\/uploads\/2021\/11\/logo-ital.jpg 200w, https:\/\/puntodincontro.mx\/wp-content\/uploads\/2021\/11\/logo-ital-16x5.jpg 16w\" sizes=\"(max-width: 200px) 100vw, 200px\" \/><\/a><\/div><\/div><\/div><div class=\"wpadcenter-ad-container\" ><div id=\"wpadcenter-ad-1538\" class=\"ad-placement\"><div class=\"wpadcenter-ad-inner\" ><a id=\"wpadcenter_ad\" data-value=\"1538\" data-placement=\"\" href=\"https:\/\/asociacionitaliana.org\/\" target=\"_blank\" class=\"wpadcenter-ad-inner__item\" ><img decoding=\"async\"   src=\"https:\/\/puntodincontro.mx\/wp-content\/uploads\/2021\/11\/aialogo.jpg\" class=\"attachment-post-thumbnail size-post-thumbnail wp-post-image\" alt=\"Associazione Italiana di Assistenza IAP\" srcset=\"https:\/\/puntodincontro.mx\/wp-content\/uploads\/2021\/11\/aialogo.jpg 200w, https:\/\/puntodincontro.mx\/wp-content\/uploads\/2021\/11\/aialogo-18x5.jpg 18w\" sizes=\"(max-width: 200px) 100vw, 200px\" \/><\/a><\/div><\/div><\/div><div class=\"wpadcenter-ad-container\" ><div id=\"wpadcenter-ad-1513\" class=\"ad-placement\"><div class=\"wpadcenter-ad-inner\" ><a id=\"wpadcenter_ad\" data-value=\"1513\" data-placement=\"\" href=\"https:\/\/gcinmuebles.mx\" target=\"_blank\" class=\"wpadcenter-ad-inner__item\" ><img decoding=\"async\"   src=\"https:\/\/puntodincontro.mx\/wp-content\/uploads\/2021\/10\/gcinmuebles.jpg\" class=\"attachment-post-thumbnail size-post-thumbnail wp-post-image\" alt=\"\" srcset=\"https:\/\/puntodincontro.mx\/wp-content\/uploads\/2021\/10\/gcinmuebles.jpg 200w, https:\/\/puntodincontro.mx\/wp-content\/uploads\/2021\/10\/gcinmuebles-18x5.jpg 18w\" sizes=\"(max-width: 200px) 100vw, 200px\" \/><\/a><\/div><\/div><\/div><\/div><div class=\"wpadcenter-adgroup__row wpadcenter-aligncenter\"><div class=\"wpadcenter-ad-container\" ><div id=\"wpadcenter-ad-1374\" class=\"ad-placement\"><div class=\"wpadcenter-ad-inner\" ><a id=\"wpadcenter_ad\" data-value=\"1374\" data-placement=\"\" href=\"https:\/\/www.9colonne.it\/\" target=\"_blank\" class=\"wpadcenter-ad-inner__item\" ><img decoding=\"async\"   src=\"https:\/\/puntodincontro.mx\/wp-content\/uploads\/2021\/10\/Banner9colonne.gif\" class=\"attachment-post-thumbnail size-post-thumbnail wp-post-image\" alt=\"\" \/><\/a><\/div><\/div><\/div><div class=\"wpadcenter-ad-container\" ><div id=\"wpadcenter-ad-276\" class=\"ad-placement\"><div class=\"wpadcenter-ad-inner\" ><a id=\"wpadcenter_ad\" data-value=\"276\" data-placement=\"\" href=\"http:\/\/www.camaraitaliana.mx\/\" target=\"_blank\" class=\"wpadcenter-ad-inner__item\" ><img decoding=\"async\"   src=\"https:\/\/puntodincontro.mx\/wp-content\/uploads\/2021\/08\/ccimnuovo.jpg\" class=\"attachment-post-thumbnail size-post-thumbnail wp-post-image\" alt=\"\" srcset=\"https:\/\/puntodincontro.mx\/wp-content\/uploads\/2021\/08\/ccimnuovo.jpg 200w, https:\/\/puntodincontro.mx\/wp-content\/uploads\/2021\/08\/ccimnuovo-18x5.jpg 18w\" sizes=\"(max-width: 200px) 100vw, 200px\" \/><\/a><\/div><\/div><\/div><div class=\"wpadcenter-ad-container\" ><div id=\"wpadcenter-ad-272\" class=\"ad-placement\"><div class=\"wpadcenter-ad-inner\" ><a id=\"wpadcenter_ad\" data-value=\"272\" data-placement=\"\" href=\"http:\/\/corix.us\/\" target=\"_blank\" class=\"wpadcenter-ad-inner__item\" ><img decoding=\"async\"   src=\"https:\/\/puntodincontro.mx\/wp-content\/uploads\/2021\/08\/corixbanner-1.jpg\" class=\"attachment-post-thumbnail size-post-thumbnail wp-post-image\" alt=\"\" srcset=\"https:\/\/puntodincontro.mx\/wp-content\/uploads\/2021\/08\/corixbanner-1.jpg 200w, https:\/\/puntodincontro.mx\/wp-content\/uploads\/2021\/08\/corixbanner-1-16x5.jpg 16w\" sizes=\"(max-width: 200px) 100vw, 200px\" \/><\/a><\/div><\/div><\/div><\/div><div class=\"wpadcenter-adgroup__row wpadcenter-aligncenter\"><div class=\"wpadcenter-ad-container\" ><div id=\"wpadcenter-ad-261\" class=\"ad-placement\"><div class=\"wpadcenter-ad-inner\" ><a id=\"wpadcenter_ad\" data-value=\"261\" data-placement=\"\" href=\"https:\/\/faitalia.com.mx\/\" target=\"_blank\" class=\"wpadcenter-ad-inner__item\" ><img decoding=\"async\"   src=\"https:\/\/puntodincontro.mx\/wp-content\/uploads\/2021\/08\/gruppodino.jpg\" class=\"attachment-post-thumbnail size-post-thumbnail wp-post-image\" alt=\"\" srcset=\"https:\/\/puntodincontro.mx\/wp-content\/uploads\/2021\/08\/gruppodino.jpg 200w, https:\/\/puntodincontro.mx\/wp-content\/uploads\/2021\/08\/gruppodino-18x5.jpg 18w\" sizes=\"(max-width: 200px) 100vw, 200px\" \/><\/a><\/div><\/div><\/div><\/div>","protected":false},"excerpt":{"rendered":"<p>Ore 15.09 &#8211; Come anticipato nei mesi scorsi dal sottosegretario agli esteri Massimo Dell\u2019Utri, oggi, 3 settembre, i consolati italiani nel mondo hanno indetto le elezioni per il rinnovo dei Comitati degli italiani all&#8217;estero (Comites) che si terranno il 4 dicembre. Dal decreto di indizione dipendono tutte le scadenze per l\u2019iscrizione nel registro degli elettori, per la presentazione delle liste e per l\u2019invio del materiale elettorale. Anche per l\u2019elezione dei Comites, infatti, gli iscritti all\u2019Aire votano per corrispondenza, ma, al contrario di quanto accade per le votazioni politiche, per ricevere il plico elettorale devono iscriversi nell\u2019elenco degli elettori entro e&#8230; <\/p>","protected":false},"author":2,"featured_media":27092,"comment_status":"open","ping_status":"open","sticky":false,"template":"","format":"standard","meta":{"_monsterinsights_skip_tracking":false,"footnotes":""},"categories":[4],"tags":[],"class_list":["post-27085","post","type-post","status-publish","format-standard","has-post-thumbnail","hentry","category-italia-in-messico"],"yoast_head":"<!-- This site is optimized with the Yoast SEO Premium plugin v18.4 (Yoast SEO v25.6) - https:\/\/yoast.com\/wordpress\/plugins\/seo\/ -->\n<title>Comites: indette le elezioni per il 4 dicembre 2026<\/title>\n<meta name=\"description\" content=\"Come anticipato nei mesi scorsi, i consolati italiani nel mondo hanno indetto le elezioni per il rinnovo dei Comites.\" \/>\n<meta name=\"robots\" content=\"index, follow, max-snippet:-1, max-image-preview:large, max-video-preview:-1\" \/>\n<link rel=\"canonical\" href=\"https:\/\/puntodincontro.mx\/es\/2026\/09\/03\/comites-anuncian-las-elecciones-para-el-4-de-diciembre-de-2026\/\" \/>\n<meta property=\"og:locale\" content=\"es_MX\" \/>\n<meta property=\"og:type\" content=\"article\" \/>\n<meta property=\"og:title\" content=\"Comites: indette le elezioni per il 4 dicembre 2026\" \/>\n<meta property=\"og:description\" content=\"Come anticipato nei mesi scorsi, i consolati italiani nel mondo hanno indetto le elezioni per il rinnovo dei Comites.\" \/>\n<meta property=\"og:url\" content=\"https:\/\/puntodincontro.mx\/es\/2026\/09\/03\/comites-anuncian-las-elecciones-para-el-4-de-diciembre-de-2026\/\" \/>\n<meta property=\"og:site_name\" content=\"Puntodincontro\" \/>\n<meta property=\"article:publisher\" content=\"https:\/\/www.facebook.com\/puntodincontro.mx\" \/>\n<meta property=\"article:published_time\" content=\"2026-09-04T00:11:30+00:00\" \/>\n<meta property=\"article:modified_time\" content=\"2026-09-04T02:39:26+00:00\" \/>\n<meta property=\"og:image\" content=\"https:\/\/puntodincontro.mx\/wp-content\/uploads\/2026\/09\/comitesindetteelezionicomp-1.jpg\" \/>\n\t<meta property=\"og:image:width\" content=\"932\" \/>\n\t<meta property=\"og:image:height\" content=\"488\" \/>\n\t<meta property=\"og:image:type\" content=\"image\/jpeg\" \/>\n<meta name=\"author\" content=\"Puntodincontro\" \/>\n<meta name=\"twitter:card\" content=\"summary_large_image\" \/>\n<meta name=\"twitter:creator\" content=\"@puntodincontro\" \/>\n<meta name=\"twitter:site\" content=\"@puntodincontro\" \/>\n<meta name=\"twitter:label1\" content=\"Escrito por\" \/>\n\t<meta name=\"twitter:data1\" content=\"Puntodincontro\" \/>\n\t<meta name=\"twitter:label2\" content=\"Tiempo de lectura\" \/>\n\t<meta name=\"twitter:data2\" content=\"2 minutos\" \/>\n<script type=\"application\/ld+json\" class=\"yoast-schema-graph\">{\"@context\":\"https:\/\/schema.org\",\"@graph\":[{\"@type\":\"NewsArticle\",\"@id\":\"https:\/\/puntodincontro.mx\/2026\/09\/03\/comites-indette-le-elezioni-per-il-4-dicembre-2026\/#article\",\"isPartOf\":{\"@id\":\"https:\/\/puntodincontro.mx\/2026\/09\/03\/comites-indette-le-elezioni-per-il-4-dicembre-2026\/\"},\"author\":{\"name\":\"Puntodincontro\",\"@id\":\"https:\/\/puntodincontro.mx\/#\/schema\/person\/d3066d18a16259cbb0c29b0d0e93b556\"},\"headline\":\"Comites: indette le elezioni per il 4 dicembre 2026\",\"datePublished\":\"2026-09-04T00:11:30+00:00\",\"dateModified\":\"2026-09-04T02:39:26+00:00\",\"mainEntityOfPage\":{\"@id\":\"https:\/\/puntodincontro.mx\/2026\/09\/03\/comites-indette-le-elezioni-per-il-4-dicembre-2026\/\"},\"wordCount\":429,\"commentCount\":0,\"publisher\":{\"@id\":\"https:\/\/puntodincontro.mx\/#organization\"},\"image\":{\"@id\":\"https:\/\/puntodincontro.mx\/2026\/09\/03\/comites-indette-le-elezioni-per-il-4-dicembre-2026\/#primaryimage\"},\"thumbnailUrl\":\"https:\/\/puntodincontro.mx\/wp-content\/uploads\/2026\/09\/comitesindetteelezionivert.webp\",\"articleSection\":[\"Italia in Messico\"],\"inLanguage\":\"es\",\"potentialAction\":[{\"@type\":\"CommentAction\",\"name\":\"Comment\",\"target\":[\"https:\/\/puntodincontro.mx\/2026\/09\/03\/comites-indette-le-elezioni-per-il-4-dicembre-2026\/#respond\"]}]},{\"@type\":\"WebPage\",\"@id\":\"https:\/\/puntodincontro.mx\/2026\/09\/03\/comites-indette-le-elezioni-per-il-4-dicembre-2026\/\",\"url\":\"https:\/\/puntodincontro.mx\/2026\/09\/03\/comites-indette-le-elezioni-per-il-4-dicembre-2026\/\",\"name\":\"Comites: indette le elezioni per il 4 dicembre 2026\",\"isPartOf\":{\"@id\":\"https:\/\/puntodincontro.mx\/#website\"},\"primaryImageOfPage\":{\"@id\":\"https:\/\/puntodincontro.mx\/2026\/09\/03\/comites-indette-le-elezioni-per-il-4-dicembre-2026\/#primaryimage\"},\"image\":{\"@id\":\"https:\/\/puntodincontro.mx\/2026\/09\/03\/comites-indette-le-elezioni-per-il-4-dicembre-2026\/#primaryimage\"},\"thumbnailUrl\":\"https:\/\/puntodincontro.mx\/wp-content\/uploads\/2026\/09\/comitesindetteelezionivert.webp\",\"datePublished\":\"2026-09-04T00:11:30+00:00\",\"dateModified\":\"2026-09-04T02:39:26+00:00\",\"description\":\"Come anticipato nei mesi scorsi, i consolati italiani nel mondo hanno indetto le elezioni per il rinnovo dei Comites.\",\"breadcrumb\":{\"@id\":\"https:\/\/puntodincontro.mx\/2026\/09\/03\/comites-indette-le-elezioni-per-il-4-dicembre-2026\/#breadcrumb\"},\"inLanguage\":\"es\",\"potentialAction\":[{\"@type\":\"ReadAction\",\"target\":[\"https:\/\/puntodincontro.mx\/2026\/09\/03\/comites-indette-le-elezioni-per-il-4-dicembre-2026\/\"]}]},{\"@type\":\"ImageObject\",\"inLanguage\":\"es\",\"@id\":\"https:\/\/puntodincontro.mx\/2026\/09\/03\/comites-indette-le-elezioni-per-il-4-dicembre-2026\/#primaryimage\",\"url\":\"https:\/\/puntodincontro.mx\/wp-content\/uploads\/2026\/09\/comitesindetteelezionivert.webp\",\"contentUrl\":\"https:\/\/puntodincontro.mx\/wp-content\/uploads\/2026\/09\/comitesindetteelezionivert.webp\",\"width\":423,\"height\":488,\"caption\":\"Comites: indette le elezioni per il 4 dicembre 2026 \/ Immagine: Puntodincontro\"},{\"@type\":\"BreadcrumbList\",\"@id\":\"https:\/\/puntodincontro.mx\/2026\/09\/03\/comites-indette-le-elezioni-per-il-4-dicembre-2026\/#breadcrumb\",\"itemListElement\":[{\"@type\":\"ListItem\",\"position\":1,\"name\":\"Home\",\"item\":\"https:\/\/puntodincontro.mx\/\"},{\"@type\":\"ListItem\",\"position\":2,\"name\":\"Comites: indette le elezioni per il 4 dicembre 2026\"}]},{\"@type\":\"WebSite\",\"@id\":\"https:\/\/puntodincontro.mx\/#website\",\"url\":\"https:\/\/puntodincontro.mx\/\",\"name\":\"Puntodincontro\",\"description\":\"Dal 2006 notizie sui rapporti Italia-Messico \/ Desde 2006 noticias sobre las relaciones entre Italia y M\u00e9xico\",\"publisher\":{\"@id\":\"https:\/\/puntodincontro.mx\/#organization\"},\"potentialAction\":[{\"@type\":\"SearchAction\",\"target\":{\"@type\":\"EntryPoint\",\"urlTemplate\":\"https:\/\/puntodincontro.mx\/?s={search_term_string}\"},\"query-input\":{\"@type\":\"PropertyValueSpecification\",\"valueRequired\":true,\"valueName\":\"search_term_string\"}}],\"inLanguage\":\"es\"},{\"@type\":\"Organization\",\"@id\":\"https:\/\/puntodincontro.mx\/#organization\",\"name\":\"Puntodincontro\",\"url\":\"https:\/\/puntodincontro.mx\/\",\"logo\":{\"@type\":\"ImageObject\",\"inLanguage\":\"es\",\"@id\":\"https:\/\/puntodincontro.mx\/#\/schema\/logo\/image\/\",\"url\":\"https:\/\/puntodincontro.mx\/wp-content\/uploads\/2021\/08\/Default-image-for-open-graph-settings.jpg\",\"contentUrl\":\"https:\/\/puntodincontro.mx\/wp-content\/uploads\/2021\/08\/Default-image-for-open-graph-settings.jpg\",\"width\":1200,\"height\":630,\"caption\":\"Puntodincontro\"},\"image\":{\"@id\":\"https:\/\/puntodincontro.mx\/#\/schema\/logo\/image\/\"},\"sameAs\":[\"https:\/\/www.facebook.com\/puntodincontro.mx\",\"https:\/\/x.com\/puntodincontro\",\"https:\/\/www.instagram.com\/puntodincontro.mx\/\",\"https:\/\/www.linkedin.com\/company\/puntodincontro\/\",\"https:\/\/www.youtube.com\/c\/puntodincontromessico\",\"https:\/\/www.patreon.com\/puntodincontro\",\"https:\/\/www.threads.net\/@puntodincontro.mx\"]},{\"@type\":\"Person\",\"@id\":\"https:\/\/puntodincontro.mx\/#\/schema\/person\/d3066d18a16259cbb0c29b0d0e93b556\",\"name\":\"Puntodincontro\",\"image\":{\"@type\":\"ImageObject\",\"inLanguage\":\"es\",\"@id\":\"https:\/\/puntodincontro.mx\/#\/schema\/person\/image\/\",\"url\":\"https:\/\/secure.gravatar.com\/avatar\/0e85b4b3b5e9d6bfcec6a4956d8cc63a?s=96&d=mm&r=g\",\"contentUrl\":\"https:\/\/secure.gravatar.com\/avatar\/0e85b4b3b5e9d6bfcec6a4956d8cc63a?s=96&d=mm&r=g\",\"caption\":\"Puntodincontro\"},\"url\":\"https:\/\/puntodincontro.mx\/es\/author\/puntodincontro\/\"}]}<\/script>\n<!-- \/ Yoast SEO Premium plugin. -->","yoast_head_json":{"title":"Comites: anuncian las elecciones para el 4 de diciembre de 2026","description":"Como se anticip\u00f3 en los \u00faltimos meses, los consulados italianos alrededor del mundo han convocado a elecciones para la renovaci\u00f3n de los Comites.","robots":{"index":"index","follow":"follow","max-snippet":"max-snippet:-1","max-image-preview":"max-image-preview:large","max-video-preview":"max-video-preview:-1"},"canonical":"https:\/\/puntodincontro.mx\/es\/2026\/09\/03\/comites-anuncian-las-elecciones-para-el-4-de-diciembre-de-2026\/","og_locale":"es_MX","og_type":"article","og_title":"Comites: indette le elezioni per il 4 dicembre 2026","og_description":"Come anticipato nei mesi scorsi, i consolati italiani nel mondo hanno indetto le elezioni per il rinnovo dei Comites.","og_url":"https:\/\/puntodincontro.mx\/es\/2026\/09\/03\/comites-anuncian-las-elecciones-para-el-4-de-diciembre-de-2026\/","og_site_name":"Puntodincontro","article_publisher":"https:\/\/www.facebook.com\/puntodincontro.mx","article_published_time":"2026-09-04T00:11:30+00:00","article_modified_time":"2026-09-04T02:39:26+00:00","og_image":[{"width":932,"height":488,"url":"https:\/\/puntodincontro.mx\/wp-content\/uploads\/2026\/09\/comitesindetteelezionicomp-1.jpg","type":"image\/jpeg"}],"author":"Puntodincontro","twitter_card":"summary_large_image","twitter_creator":"@puntodincontro","twitter_site":"@puntodincontro","twitter_misc":{"Escrito por":"Puntodincontro","Tiempo de lectura":"2 minutos"},"schema":{"@context":"https:\/\/schema.org","@graph":[{"@type":"NewsArticle","@id":"https:\/\/puntodincontro.mx\/2026\/09\/03\/comites-indette-le-elezioni-per-il-4-dicembre-2026\/#article","isPartOf":{"@id":"https:\/\/puntodincontro.mx\/2026\/09\/03\/comites-indette-le-elezioni-per-il-4-dicembre-2026\/"},"author":{"name":"Puntodincontro","@id":"https:\/\/puntodincontro.mx\/#\/schema\/person\/d3066d18a16259cbb0c29b0d0e93b556"},"headline":"Comites: indette le elezioni per il 4 dicembre 2026","datePublished":"2026-09-04T00:11:30+00:00","dateModified":"2026-09-04T02:39:26+00:00","mainEntityOfPage":{"@id":"https:\/\/puntodincontro.mx\/2026\/09\/03\/comites-indette-le-elezioni-per-il-4-dicembre-2026\/"},"wordCount":429,"commentCount":0,"publisher":{"@id":"https:\/\/puntodincontro.mx\/#organization"},"image":{"@id":"https:\/\/puntodincontro.mx\/2026\/09\/03\/comites-indette-le-elezioni-per-il-4-dicembre-2026\/#primaryimage"},"thumbnailUrl":"https:\/\/puntodincontro.mx\/wp-content\/uploads\/2026\/09\/comitesindetteelezionivert.webp","articleSection":["Italia in Messico"],"inLanguage":"es","potentialAction":[{"@type":"CommentAction","name":"Comment","target":["https:\/\/puntodincontro.mx\/2026\/09\/03\/comites-indette-le-elezioni-per-il-4-dicembre-2026\/#respond"]}]},{"@type":"WebPage","@id":"https:\/\/puntodincontro.mx\/2026\/09\/03\/comites-indette-le-elezioni-per-il-4-dicembre-2026\/","url":"https:\/\/puntodincontro.mx\/2026\/09\/03\/comites-indette-le-elezioni-per-il-4-dicembre-2026\/","name":"Comites: anuncian las elecciones para el 4 de diciembre de 2026","isPartOf":{"@id":"https:\/\/puntodincontro.mx\/#website"},"primaryImageOfPage":{"@id":"https:\/\/puntodincontro.mx\/2026\/09\/03\/comites-indette-le-elezioni-per-il-4-dicembre-2026\/#primaryimage"},"image":{"@id":"https:\/\/puntodincontro.mx\/2026\/09\/03\/comites-indette-le-elezioni-per-il-4-dicembre-2026\/#primaryimage"},"thumbnailUrl":"https:\/\/puntodincontro.mx\/wp-content\/uploads\/2026\/09\/comitesindetteelezionivert.webp","datePublished":"2026-09-04T00:11:30+00:00","dateModified":"2026-09-04T02:39:26+00:00","description":"Como se anticip\u00f3 en los \u00faltimos meses, los consulados italianos alrededor del mundo han convocado a elecciones para la renovaci\u00f3n de los Comites.","breadcrumb":{"@id":"https:\/\/puntodincontro.mx\/2026\/09\/03\/comites-indette-le-elezioni-per-il-4-dicembre-2026\/#breadcrumb"},"inLanguage":"es","potentialAction":[{"@type":"ReadAction","target":["https:\/\/puntodincontro.mx\/2026\/09\/03\/comites-indette-le-elezioni-per-il-4-dicembre-2026\/"]}]},{"@type":"ImageObject","inLanguage":"es","@id":"https:\/\/puntodincontro.mx\/2026\/09\/03\/comites-indette-le-elezioni-per-il-4-dicembre-2026\/#primaryimage","url":"https:\/\/puntodincontro.mx\/wp-content\/uploads\/2026\/09\/comitesindetteelezionivert.webp","contentUrl":"https:\/\/puntodincontro.mx\/wp-content\/uploads\/2026\/09\/comitesindetteelezionivert.webp","width":423,"height":488,"caption":"Comites: indette le elezioni per il 4 dicembre 2026 \/ Immagine: Puntodincontro"},{"@type":"BreadcrumbList","@id":"https:\/\/puntodincontro.mx\/2026\/09\/03\/comites-indette-le-elezioni-per-il-4-dicembre-2026\/#breadcrumb","itemListElement":[{"@type":"ListItem","position":1,"name":"Home","item":"https:\/\/puntodincontro.mx\/"},{"@type":"ListItem","position":2,"name":"Comites: indette le elezioni per il 4 dicembre 2026"}]},{"@type":"WebSite","@id":"https:\/\/puntodincontro.mx\/#website","url":"https:\/\/puntodincontro.mx\/","name":"Puntodincontro","description":"Desde el 2006 noticias sobre las relaciones entre Italia y M\u00e9xico \/ Dal 2006 notizie sui rapporti Italia-Messico","publisher":{"@id":"https:\/\/puntodincontro.mx\/#organization"},"potentialAction":[{"@type":"SearchAction","target":{"@type":"EntryPoint","urlTemplate":"https:\/\/puntodincontro.mx\/?s={search_term_string}"},"query-input":{"@type":"PropertyValueSpecification","valueRequired":true,"valueName":"search_term_string"}}],"inLanguage":"es"},{"@type":"Organization","@id":"https:\/\/puntodincontro.mx\/#organization","name":"Puntodincontro","url":"https:\/\/puntodincontro.mx\/","logo":{"@type":"ImageObject","inLanguage":"es","@id":"https:\/\/puntodincontro.mx\/#\/schema\/logo\/image\/","url":"https:\/\/puntodincontro.mx\/wp-content\/uploads\/2021\/08\/Default-image-for-open-graph-settings.jpg","contentUrl":"https:\/\/puntodincontro.mx\/wp-content\/uploads\/2021\/08\/Default-image-for-open-graph-settings.jpg","width":1200,"height":630,"caption":"Puntodincontro"},"image":{"@id":"https:\/\/puntodincontro.mx\/#\/schema\/logo\/image\/"},"sameAs":["https:\/\/www.facebook.com\/puntodincontro.mx","https:\/\/x.com\/puntodincontro","https:\/\/www.instagram.com\/puntodincontro.mx\/","https:\/\/www.linkedin.com\/company\/puntodincontro\/","https:\/\/www.youtube.com\/c\/puntodincontromessico","https:\/\/www.patreon.com\/puntodincontro","https:\/\/www.threads.net\/@puntodincontro.mx"]},{"@type":"Person","@id":"https:\/\/puntodincontro.mx\/#\/schema\/person\/d3066d18a16259cbb0c29b0d0e93b556","name":"Puntodincontro","image":{"@type":"ImageObject","inLanguage":"es","@id":"https:\/\/puntodincontro.mx\/#\/schema\/person\/image\/","url":"https:\/\/secure.gravatar.com\/avatar\/0e85b4b3b5e9d6bfcec6a4956d8cc63a?s=96&d=mm&r=g","contentUrl":"https:\/\/secure.gravatar.com\/avatar\/0e85b4b3b5e9d6bfcec6a4956d8cc63a?s=96&d=mm&r=g","caption":"Puntodincontro"},"url":"https:\/\/puntodincontro.mx\/es\/author\/puntodincontro\/"}]}},"_links":{"self":[{"href":"https:\/\/puntodincontro.mx\/es\/wp-json\/wp\/v2\/posts\/27085"}],"collection":[{"href":"https:\/\/puntodincontro.mx\/es\/wp-json\/wp\/v2\/posts"}],"about":[{"href":"https:\/\/puntodincontro.mx\/es\/wp-json\/wp\/v2\/types\/post"}],"author":[{"embeddable":true,"href":"https:\/\/puntodincontro.mx\/es\/wp-json\/wp\/v2\/users\/2"}],"replies":[{"embeddable":true,"href":"https:\/\/puntodincontro.mx\/es\/wp-json\/wp\/v2\/comments?post=27085"}],"version-history":[{"count":4,"href":"https:\/\/puntodincontro.mx\/es\/wp-json\/wp\/v2\/posts\/27085\/revisions"}],"predecessor-version":[{"id":27089,"href":"https:\/\/puntodincontro.mx\/es\/wp-json\/wp\/v2\/posts\/27085\/revisions\/27089"}],"wp:featuredmedia":[{"embeddable":true,"href":"https:\/\/puntodincontro.mx\/es\/wp-json\/wp\/v2\/media\/27092"}],"wp:attachment":[{"href":"https:\/\/puntodincontro.mx\/es\/wp-json\/wp\/v2\/media?parent=27085"}],"wp:term":[{"taxonomy":"category","embeddable":true,"href":"https:\/\/puntodincontro.mx\/es\/wp-json\/wp\/v2\/categories?post=27085"},{"taxonomy":"post_tag","embeddable":true,"href":"https:\/\/puntodincontro.mx\/es\/wp-json\/wp\/v2\/tags?post=27085"}],"curies":[{"name":"wp","href":"https:\/\/api.w.org\/{rel}","templated":true}]}}