{"id":2711,"date":"2022-01-12T17:51:06","date_gmt":"2022-01-12T23:51:06","guid":{"rendered":"https:\/\/puntodincontro.mx\/?p=2711"},"modified":"2022-01-12T17:51:07","modified_gmt":"2022-01-12T23:51:07","slug":"el-arzobispo-de-trento-relata-la-historia-del-padre-kino","status":"publish","type":"post","link":"https:\/\/puntodincontro.mx\/es\/2022\/01\/12\/larcivescovo-di-trento-racconta-la-storia-di-padre-kino\/","title":{"rendered":"El arzobispo de Trento relata la historia del padre Kino"},"content":{"rendered":"<p class=\"translation-block\"><strong>17:45 hrs.<\/strong> \u2013 En el marco del ciclo de encuentros \u201cTrentinos y M\u00e9xico. Los constructores de puentes\u201d que figura entre las iniciativas de hermanamiento entre la regi\u00f3n italiana del Trentino con M\u00e9xico, la Sociedad del Museo C\u00edvico de Rovereto \u2014en colaboraci\u00f3n con el Consulado General de M\u00e9xico en Mil\u00e1n, la Asociaci\u00f3n Cultural Padre Eusebio Francesco Chini de Segno y la <em>Associazione Trentini nel Mondo<\/em>\u2014 llevar\u00e1 a cabo un evento dedicado a la figura e historia del padre Eusebio Chini, padre Kino, nacido en Trentino y mexicano de adopci\u00f3n, quien es conmemorado en su tierra natal y celebrado tambi\u00e9n en el pa\u00eds latinoamericano.<\/p>\n\n\n\n<p>El jueves 13 de enero a las 20.30 horas (hora de Italia, las 13.30 horas en el centro de M\u00e9xico) en la sala Filarm\u00f3nica de Rovereto y con la participaci\u00f3n del arzobispo de Trento Lauro Tisi, se describir\u00e1 su actividad como misionero e investigador, promotor de la dignidad de los pueblos ind\u00edgenas y art\u00edfice del nacimiento de relaciones, puentes hist\u00f3ricos y culturales entre M\u00e9xico y el Trentino.<\/p>\n\n\n\n<p>Participan tambi\u00e9n la Comunidad de Vallagarina, el Municipio de Rovereto, el Municipio de Predaia, la Comunidad del Valle de Non, la Fundaci\u00f3n Alvise Comel, la Fundaci\u00f3n Campana dei Caduti e Iprase, con el apoyo de la Fundaci\u00f3n Caritro.<\/p>\n\n\n\n<p>Entrada libre, Green Pass reforzado obligatorio. Las conferencias estar\u00e1n disponibles en l\u00ednea en el canal de YouTube de la Fondazione Museo Civico di Rovereto en los pr\u00f3ximos d\u00edas.<\/p>\n\n\n\n<div style=\"height:12px\" aria-hidden=\"true\" class=\"wp-block-spacer\"><\/div>\n\n\n\n\n\n<div style=\"height:12px\" aria-hidden=\"true\" class=\"wp-block-spacer\"><\/div>","protected":false},"excerpt":{"rendered":"<p>Ore 17.45 &#8211; Nell\u2019ambito del ciclo di incontri \u201cTrentini e il Messico. I costruttori di ponti\u201d che si colloca tra le iniziative dei gemellaggi del Trentino con il Messico, la Societ\u00e0 del Museo Civico di Rovereto \u2014in collaborazione con il Consolato Generale del Messico a Milano, l\u2019Associazione Culturale Padre Eusebio Francesco Chini di Segno e l\u2019Associazione Trentini nel Mondo\u2014 propone un appuntamento dedicato alla figura e alla storia di Padre Eusebio Chini, Padre Kino, trentino di nascita e messicano d\u2019adozione, che \u00e8 commemorato nella sua terra d\u2019origine e celebrato anche nel Paese latinoamericano. Gioved\u00ec 13 gennaio alle 20.30 (ora italiana,&#8230; <\/p>","protected":false},"author":2,"featured_media":2712,"comment_status":"open","ping_status":"open","sticky":false,"template":"","format":"standard","meta":{"_monsterinsights_skip_tracking":false,"_monsterinsights_sitenote_active":false,"_monsterinsights_sitenote_note":"","_monsterinsights_sitenote_category":0,"footnotes":""},"categories":[18],"tags":[],"class_list":["post-2711","post","type-post","status-publish","format-standard","has-post-thumbnail","hentry","category-cronaca"],"yoast_head":"<!-- This site is optimized with the Yoast SEO Premium plugin v18.4 (Yoast SEO v25.6) - https:\/\/yoast.com\/wordpress\/plugins\/seo\/ -->\n<title>L&#039;arcivescovo di Trento racconta la storia di Padre Kino Puntodincontro<\/title>\n<meta name=\"description\" content=\"Nell\u2019ambito del ciclo di incontri \u201cTrentini e il Messico. I costruttori di ponti\u201d che si colloca tra le iniziative dei gemellaggi del Trentino con il Messico, la Societ\u00e0 del Museo Civico di Rovereto \u2014in collaborazione con il Consolato Generale del Messico a Milano, l\u2019Associazione Culturale Padre Eusebio Francesco Chini di Segno e l\u2019Associazione Trentini nel Mondo\u2014 propone un appuntamento dedicato alla figura e alla storia di Padre Eusebio Chini, Padre Kino, trentino di nascita e messicano d\u2019adozione, che \u00e8 commemorato nella sua terra d\u2019origine e celebrato anche nel Paese latinoamericano.\" \/>\n<meta name=\"robots\" content=\"index, follow, max-snippet:-1, max-image-preview:large, max-video-preview:-1\" \/>\n<link rel=\"canonical\" href=\"https:\/\/puntodincontro.mx\/es\/2022\/01\/12\/el-arzobispo-de-trento-relata-la-historia-del-padre-kino\/\" \/>\n<meta property=\"og:locale\" content=\"es_MX\" \/>\n<meta property=\"og:type\" content=\"article\" \/>\n<meta property=\"og:title\" content=\"L&#039;arcivescovo di Trento racconta la storia di Padre Kino\" \/>\n<meta property=\"og:description\" content=\"Nell\u2019ambito del ciclo di incontri \u201cTrentini e il Messico. I costruttori di ponti\u201d che si colloca tra le iniziative dei gemellaggi del Trentino con il Messico, la Societ\u00e0 del Museo Civico di Rovereto \u2014in collaborazione con il Consolato Generale del Messico a Milano, l\u2019Associazione Culturale Padre Eusebio Francesco Chini di Segno e l\u2019Associazione Trentini nel Mondo\u2014 propone un appuntamento dedicato alla figura e alla storia di Padre Eusebio Chini, Padre Kino, trentino di nascita e messicano d\u2019adozione, che \u00e8 commemorato nella sua terra d\u2019origine e celebrato anche nel Paese latinoamericano.\" \/>\n<meta property=\"og:url\" content=\"https:\/\/puntodincontro.mx\/es\/2022\/01\/12\/el-arzobispo-de-trento-relata-la-historia-del-padre-kino\/\" \/>\n<meta property=\"og:site_name\" content=\"Puntodincontro\" \/>\n<meta property=\"article:publisher\" content=\"https:\/\/www.facebook.com\/puntodincontro.mx\" \/>\n<meta property=\"article:published_time\" content=\"2022-01-12T23:51:06+00:00\" \/>\n<meta property=\"article:modified_time\" content=\"2022-01-12T23:51:07+00:00\" \/>\n<meta property=\"og:image\" content=\"https:\/\/puntodincontro.mx\/wp-content\/uploads\/2022\/01\/padrekinovert.webp\" \/>\n\t<meta property=\"og:image:width\" content=\"423\" \/>\n\t<meta property=\"og:image:height\" content=\"488\" \/>\n\t<meta property=\"og:image:type\" content=\"image\/webp\" \/>\n<meta name=\"author\" content=\"Puntodincontro\" \/>\n<meta name=\"twitter:card\" content=\"summary_large_image\" \/>\n<meta name=\"twitter:creator\" content=\"@puntodincontro\" \/>\n<meta name=\"twitter:site\" content=\"@puntodincontro\" \/>\n<meta name=\"twitter:label1\" content=\"Escrito por\" \/>\n\t<meta name=\"twitter:data1\" content=\"Puntodincontro\" \/>\n\t<meta name=\"twitter:label2\" content=\"Tiempo de lectura\" \/>\n\t<meta name=\"twitter:data2\" content=\"2 minutos\" \/>\n<script type=\"application\/ld+json\" class=\"yoast-schema-graph\">{\"@context\":\"https:\/\/schema.org\",\"@graph\":[{\"@type\":\"NewsArticle\",\"@id\":\"https:\/\/puntodincontro.mx\/2022\/01\/12\/larcivescovo-di-trento-racconta-la-storia-di-padre-kino\/#article\",\"isPartOf\":{\"@id\":\"https:\/\/puntodincontro.mx\/2022\/01\/12\/larcivescovo-di-trento-racconta-la-storia-di-padre-kino\/\"},\"author\":{\"name\":\"Puntodincontro\",\"@id\":\"https:\/\/puntodincontro.mx\/#\/schema\/person\/d3066d18a16259cbb0c29b0d0e93b556\"},\"headline\":\"L&#8217;arcivescovo di Trento racconta la storia di Padre Kino\",\"datePublished\":\"2022-01-12T23:51:06+00:00\",\"dateModified\":\"2022-01-12T23:51:07+00:00\",\"mainEntityOfPage\":{\"@id\":\"https:\/\/puntodincontro.mx\/2022\/01\/12\/larcivescovo-di-trento-racconta-la-storia-di-padre-kino\/\"},\"wordCount\":222,\"commentCount\":0,\"publisher\":{\"@id\":\"https:\/\/puntodincontro.mx\/#organization\"},\"image\":{\"@id\":\"https:\/\/puntodincontro.mx\/2022\/01\/12\/larcivescovo-di-trento-racconta-la-storia-di-padre-kino\/#primaryimage\"},\"thumbnailUrl\":\"https:\/\/puntodincontro.mx\/wp-content\/uploads\/2022\/01\/padrekinovert.webp\",\"articleSection\":[\"Cronaca\"],\"inLanguage\":\"es\",\"potentialAction\":[{\"@type\":\"CommentAction\",\"name\":\"Comment\",\"target\":[\"https:\/\/puntodincontro.mx\/2022\/01\/12\/larcivescovo-di-trento-racconta-la-storia-di-padre-kino\/#respond\"]}]},{\"@type\":\"WebPage\",\"@id\":\"https:\/\/puntodincontro.mx\/2022\/01\/12\/larcivescovo-di-trento-racconta-la-storia-di-padre-kino\/\",\"url\":\"https:\/\/puntodincontro.mx\/2022\/01\/12\/larcivescovo-di-trento-racconta-la-storia-di-padre-kino\/\",\"name\":\"L'arcivescovo di Trento racconta la storia di Padre Kino Puntodincontro\",\"isPartOf\":{\"@id\":\"https:\/\/puntodincontro.mx\/#website\"},\"primaryImageOfPage\":{\"@id\":\"https:\/\/puntodincontro.mx\/2022\/01\/12\/larcivescovo-di-trento-racconta-la-storia-di-padre-kino\/#primaryimage\"},\"image\":{\"@id\":\"https:\/\/puntodincontro.mx\/2022\/01\/12\/larcivescovo-di-trento-racconta-la-storia-di-padre-kino\/#primaryimage\"},\"thumbnailUrl\":\"https:\/\/puntodincontro.mx\/wp-content\/uploads\/2022\/01\/padrekinovert.webp\",\"datePublished\":\"2022-01-12T23:51:06+00:00\",\"dateModified\":\"2022-01-12T23:51:07+00:00\",\"description\":\"Nell\u2019ambito del ciclo di incontri \u201cTrentini e il Messico. I costruttori di ponti\u201d che si colloca tra le iniziative dei gemellaggi del Trentino con il Messico, la Societ\u00e0 del Museo Civico di Rovereto \u2014in collaborazione con il Consolato Generale del Messico a Milano, l\u2019Associazione Culturale Padre Eusebio Francesco Chini di Segno e l\u2019Associazione Trentini nel Mondo\u2014 propone un appuntamento dedicato alla figura e alla storia di Padre Eusebio Chini, Padre Kino, trentino di nascita e messicano d\u2019adozione, che \u00e8 commemorato nella sua terra d\u2019origine e celebrato anche nel Paese latinoamericano.\",\"breadcrumb\":{\"@id\":\"https:\/\/puntodincontro.mx\/2022\/01\/12\/larcivescovo-di-trento-racconta-la-storia-di-padre-kino\/#breadcrumb\"},\"inLanguage\":\"es\",\"potentialAction\":[{\"@type\":\"ReadAction\",\"target\":[\"https:\/\/puntodincontro.mx\/2022\/01\/12\/larcivescovo-di-trento-racconta-la-storia-di-padre-kino\/\"]}]},{\"@type\":\"ImageObject\",\"inLanguage\":\"es\",\"@id\":\"https:\/\/puntodincontro.mx\/2022\/01\/12\/larcivescovo-di-trento-racconta-la-storia-di-padre-kino\/#primaryimage\",\"url\":\"https:\/\/puntodincontro.mx\/wp-content\/uploads\/2022\/01\/padrekinovert.webp\",\"contentUrl\":\"https:\/\/puntodincontro.mx\/wp-content\/uploads\/2022\/01\/padrekinovert.webp\",\"width\":423,\"height\":488,\"caption\":\"L'arcivescovo di Trento racconta la storia di Padre Kino\"},{\"@type\":\"BreadcrumbList\",\"@id\":\"https:\/\/puntodincontro.mx\/2022\/01\/12\/larcivescovo-di-trento-racconta-la-storia-di-padre-kino\/#breadcrumb\",\"itemListElement\":[{\"@type\":\"ListItem\",\"position\":1,\"name\":\"Home\",\"item\":\"https:\/\/puntodincontro.mx\/\"},{\"@type\":\"ListItem\",\"position\":2,\"name\":\"L&#8217;arcivescovo di Trento racconta la storia di Padre Kino\"}]},{\"@type\":\"WebSite\",\"@id\":\"https:\/\/puntodincontro.mx\/#website\",\"url\":\"https:\/\/puntodincontro.mx\/\",\"name\":\"Puntodincontro\",\"description\":\"Dal 2006 notizie sui rapporti Italia-Messico \/ Desde 2006 noticias sobre las relaciones entre Italia y M\u00e9xico\",\"publisher\":{\"@id\":\"https:\/\/puntodincontro.mx\/#organization\"},\"potentialAction\":[{\"@type\":\"SearchAction\",\"target\":{\"@type\":\"EntryPoint\",\"urlTemplate\":\"https:\/\/puntodincontro.mx\/?s={search_term_string}\"},\"query-input\":{\"@type\":\"PropertyValueSpecification\",\"valueRequired\":true,\"valueName\":\"search_term_string\"}}],\"inLanguage\":\"es\"},{\"@type\":\"Organization\",\"@id\":\"https:\/\/puntodincontro.mx\/#organization\",\"name\":\"Puntodincontro\",\"url\":\"https:\/\/puntodincontro.mx\/\",\"logo\":{\"@type\":\"ImageObject\",\"inLanguage\":\"es\",\"@id\":\"https:\/\/puntodincontro.mx\/#\/schema\/logo\/image\/\",\"url\":\"https:\/\/puntodincontro.mx\/wp-content\/uploads\/2021\/08\/Default-image-for-open-graph-settings.jpg\",\"contentUrl\":\"https:\/\/puntodincontro.mx\/wp-content\/uploads\/2021\/08\/Default-image-for-open-graph-settings.jpg\",\"width\":1200,\"height\":630,\"caption\":\"Puntodincontro\"},\"image\":{\"@id\":\"https:\/\/puntodincontro.mx\/#\/schema\/logo\/image\/\"},\"sameAs\":[\"https:\/\/www.facebook.com\/puntodincontro.mx\",\"https:\/\/x.com\/puntodincontro\",\"https:\/\/www.instagram.com\/puntodincontro.mx\/\",\"https:\/\/www.linkedin.com\/company\/puntodincontro\/\",\"https:\/\/www.youtube.com\/c\/puntodincontromessico\",\"https:\/\/www.patreon.com\/puntodincontro\",\"https:\/\/www.threads.net\/@puntodincontro.mx\"]},{\"@type\":\"Person\",\"@id\":\"https:\/\/puntodincontro.mx\/#\/schema\/person\/d3066d18a16259cbb0c29b0d0e93b556\",\"name\":\"Puntodincontro\",\"image\":{\"@type\":\"ImageObject\",\"inLanguage\":\"es\",\"@id\":\"https:\/\/puntodincontro.mx\/#\/schema\/person\/image\/\",\"url\":\"https:\/\/secure.gravatar.com\/avatar\/0e85b4b3b5e9d6bfcec6a4956d8cc63a?s=96&d=mm&r=g\",\"contentUrl\":\"https:\/\/secure.gravatar.com\/avatar\/0e85b4b3b5e9d6bfcec6a4956d8cc63a?s=96&d=mm&r=g\",\"caption\":\"Puntodincontro\"},\"url\":\"https:\/\/puntodincontro.mx\/es\/author\/puntodincontro\/\"}]}<\/script>\n<!-- \/ Yoast SEO Premium plugin. -->","yoast_head_json":{"title":"L'arcivescovo di Trento racconta la storia di Padre Kino Puntodincontro","description":"En el marco del ciclo de encuentros \u201cTrentinos y M\u00e9xico. Los constructores de puentes\u201d que figura entre las iniciativas de hermanamiento entre la regi\u00f3n italiana delTrentino con M\u00e9xico, la Sociedad del Museo C\u00edvico de Rovereto \u2014en colaboraci\u00f3n con el Consulado General de M\u00e9xico en Mil\u00e1n, la Asociaci\u00f3n Cultural Padre Eusebio Francesco Chini di Segno y la Associazione Trentini nel Mondo\u2014 llevar\u00e1 a cabo un evento dedicado a la figura e historia del padre Eusebio Chini, padre Kino, nacido en Trentino y mexicano de adopci\u00f3n, quien es conmemorado en su tierra natal y celebrado tambi\u00e9n en el pa\u00eds latinoamericano.","robots":{"index":"index","follow":"follow","max-snippet":"max-snippet:-1","max-image-preview":"max-image-preview:large","max-video-preview":"max-video-preview:-1"},"canonical":"https:\/\/puntodincontro.mx\/es\/2022\/01\/12\/el-arzobispo-de-trento-relata-la-historia-del-padre-kino\/","og_locale":"es_MX","og_type":"article","og_title":"L'arcivescovo di Trento racconta la storia di Padre Kino","og_description":"Nell\u2019ambito del ciclo di incontri \u201cTrentini e il Messico. I costruttori di ponti\u201d che si colloca tra le iniziative dei gemellaggi del Trentino con il Messico, la Societ\u00e0 del Museo Civico di Rovereto \u2014in collaborazione con il Consolato Generale del Messico a Milano, l\u2019Associazione Culturale Padre Eusebio Francesco Chini di Segno e l\u2019Associazione Trentini nel Mondo\u2014 propone un appuntamento dedicato alla figura e alla storia di Padre Eusebio Chini, Padre Kino, trentino di nascita e messicano d\u2019adozione, che \u00e8 commemorato nella sua terra d\u2019origine e celebrato anche nel Paese latinoamericano.","og_url":"https:\/\/puntodincontro.mx\/es\/2022\/01\/12\/el-arzobispo-de-trento-relata-la-historia-del-padre-kino\/","og_site_name":"Puntodincontro","article_publisher":"https:\/\/www.facebook.com\/puntodincontro.mx","article_published_time":"2022-01-12T23:51:06+00:00","article_modified_time":"2022-01-12T23:51:07+00:00","og_image":[{"width":423,"height":488,"url":"https:\/\/puntodincontro.mx\/wp-content\/uploads\/2022\/01\/padrekinovert.webp","type":"image\/webp"}],"author":"Puntodincontro","twitter_card":"summary_large_image","twitter_creator":"@puntodincontro","twitter_site":"@puntodincontro","twitter_misc":{"Escrito por":"Puntodincontro","Tiempo de lectura":"2 minutos"},"schema":{"@context":"https:\/\/schema.org","@graph":[{"@type":"NewsArticle","@id":"https:\/\/puntodincontro.mx\/2022\/01\/12\/larcivescovo-di-trento-racconta-la-storia-di-padre-kino\/#article","isPartOf":{"@id":"https:\/\/puntodincontro.mx\/2022\/01\/12\/larcivescovo-di-trento-racconta-la-storia-di-padre-kino\/"},"author":{"name":"Puntodincontro","@id":"https:\/\/puntodincontro.mx\/#\/schema\/person\/d3066d18a16259cbb0c29b0d0e93b556"},"headline":"L&#8217;arcivescovo di Trento racconta la storia di Padre Kino","datePublished":"2022-01-12T23:51:06+00:00","dateModified":"2022-01-12T23:51:07+00:00","mainEntityOfPage":{"@id":"https:\/\/puntodincontro.mx\/2022\/01\/12\/larcivescovo-di-trento-racconta-la-storia-di-padre-kino\/"},"wordCount":222,"commentCount":0,"publisher":{"@id":"https:\/\/puntodincontro.mx\/#organization"},"image":{"@id":"https:\/\/puntodincontro.mx\/2022\/01\/12\/larcivescovo-di-trento-racconta-la-storia-di-padre-kino\/#primaryimage"},"thumbnailUrl":"https:\/\/puntodincontro.mx\/wp-content\/uploads\/2022\/01\/padrekinovert.webp","articleSection":["Cronaca"],"inLanguage":"es","potentialAction":[{"@type":"CommentAction","name":"Comment","target":["https:\/\/puntodincontro.mx\/2022\/01\/12\/larcivescovo-di-trento-racconta-la-storia-di-padre-kino\/#respond"]}]},{"@type":"WebPage","@id":"https:\/\/puntodincontro.mx\/2022\/01\/12\/larcivescovo-di-trento-racconta-la-storia-di-padre-kino\/","url":"https:\/\/puntodincontro.mx\/2022\/01\/12\/larcivescovo-di-trento-racconta-la-storia-di-padre-kino\/","name":"L'arcivescovo di Trento racconta la storia di Padre Kino Puntodincontro","isPartOf":{"@id":"https:\/\/puntodincontro.mx\/#website"},"primaryImageOfPage":{"@id":"https:\/\/puntodincontro.mx\/2022\/01\/12\/larcivescovo-di-trento-racconta-la-storia-di-padre-kino\/#primaryimage"},"image":{"@id":"https:\/\/puntodincontro.mx\/2022\/01\/12\/larcivescovo-di-trento-racconta-la-storia-di-padre-kino\/#primaryimage"},"thumbnailUrl":"https:\/\/puntodincontro.mx\/wp-content\/uploads\/2022\/01\/padrekinovert.webp","datePublished":"2022-01-12T23:51:06+00:00","dateModified":"2022-01-12T23:51:07+00:00","description":"En el marco del ciclo de encuentros \u201cTrentinos y M\u00e9xico. Los constructores de puentes\u201d que figura entre las iniciativas de hermanamiento entre la regi\u00f3n italiana delTrentino con M\u00e9xico, la Sociedad del Museo C\u00edvico de Rovereto \u2014en colaboraci\u00f3n con el Consulado General de M\u00e9xico en Mil\u00e1n, la Asociaci\u00f3n Cultural Padre Eusebio Francesco Chini di Segno y la Associazione Trentini nel Mondo\u2014 llevar\u00e1 a cabo un evento dedicado a la figura e historia del padre Eusebio Chini, padre Kino, nacido en Trentino y mexicano de adopci\u00f3n, quien es conmemorado en su tierra natal y celebrado tambi\u00e9n en el pa\u00eds latinoamericano.","breadcrumb":{"@id":"https:\/\/puntodincontro.mx\/2022\/01\/12\/larcivescovo-di-trento-racconta-la-storia-di-padre-kino\/#breadcrumb"},"inLanguage":"es","potentialAction":[{"@type":"ReadAction","target":["https:\/\/puntodincontro.mx\/2022\/01\/12\/larcivescovo-di-trento-racconta-la-storia-di-padre-kino\/"]}]},{"@type":"ImageObject","inLanguage":"es","@id":"https:\/\/puntodincontro.mx\/2022\/01\/12\/larcivescovo-di-trento-racconta-la-storia-di-padre-kino\/#primaryimage","url":"https:\/\/puntodincontro.mx\/wp-content\/uploads\/2022\/01\/padrekinovert.webp","contentUrl":"https:\/\/puntodincontro.mx\/wp-content\/uploads\/2022\/01\/padrekinovert.webp","width":423,"height":488,"caption":"L'arcivescovo di Trento racconta la storia di Padre Kino"},{"@type":"BreadcrumbList","@id":"https:\/\/puntodincontro.mx\/2022\/01\/12\/larcivescovo-di-trento-racconta-la-storia-di-padre-kino\/#breadcrumb","itemListElement":[{"@type":"ListItem","position":1,"name":"Home","item":"https:\/\/puntodincontro.mx\/"},{"@type":"ListItem","position":2,"name":"L&#8217;arcivescovo di Trento racconta la storia di Padre Kino"}]},{"@type":"WebSite","@id":"https:\/\/puntodincontro.mx\/#website","url":"https:\/\/puntodincontro.mx\/","name":"Puntodincontro","description":"Desde el 2006 noticias sobre las relaciones entre Italia y M\u00e9xico \/ Dal 2006 notizie sui rapporti Italia-Messico","publisher":{"@id":"https:\/\/puntodincontro.mx\/#organization"},"potentialAction":[{"@type":"SearchAction","target":{"@type":"EntryPoint","urlTemplate":"https:\/\/puntodincontro.mx\/?s={search_term_string}"},"query-input":{"@type":"PropertyValueSpecification","valueRequired":true,"valueName":"search_term_string"}}],"inLanguage":"es"},{"@type":"Organization","@id":"https:\/\/puntodincontro.mx\/#organization","name":"Puntodincontro","url":"https:\/\/puntodincontro.mx\/","logo":{"@type":"ImageObject","inLanguage":"es","@id":"https:\/\/puntodincontro.mx\/#\/schema\/logo\/image\/","url":"https:\/\/puntodincontro.mx\/wp-content\/uploads\/2021\/08\/Default-image-for-open-graph-settings.jpg","contentUrl":"https:\/\/puntodincontro.mx\/wp-content\/uploads\/2021\/08\/Default-image-for-open-graph-settings.jpg","width":1200,"height":630,"caption":"Puntodincontro"},"image":{"@id":"https:\/\/puntodincontro.mx\/#\/schema\/logo\/image\/"},"sameAs":["https:\/\/www.facebook.com\/puntodincontro.mx","https:\/\/x.com\/puntodincontro","https:\/\/www.instagram.com\/puntodincontro.mx\/","https:\/\/www.linkedin.com\/company\/puntodincontro\/","https:\/\/www.youtube.com\/c\/puntodincontromessico","https:\/\/www.patreon.com\/puntodincontro","https:\/\/www.threads.net\/@puntodincontro.mx"]},{"@type":"Person","@id":"https:\/\/puntodincontro.mx\/#\/schema\/person\/d3066d18a16259cbb0c29b0d0e93b556","name":"Puntodincontro","image":{"@type":"ImageObject","inLanguage":"es","@id":"https:\/\/puntodincontro.mx\/#\/schema\/person\/image\/","url":"https:\/\/secure.gravatar.com\/avatar\/0e85b4b3b5e9d6bfcec6a4956d8cc63a?s=96&d=mm&r=g","contentUrl":"https:\/\/secure.gravatar.com\/avatar\/0e85b4b3b5e9d6bfcec6a4956d8cc63a?s=96&d=mm&r=g","caption":"Puntodincontro"},"url":"https:\/\/puntodincontro.mx\/es\/author\/puntodincontro\/"}]}},"_links":{"self":[{"href":"https:\/\/puntodincontro.mx\/es\/wp-json\/wp\/v2\/posts\/2711"}],"collection":[{"href":"https:\/\/puntodincontro.mx\/es\/wp-json\/wp\/v2\/posts"}],"about":[{"href":"https:\/\/puntodincontro.mx\/es\/wp-json\/wp\/v2\/types\/post"}],"author":[{"embeddable":true,"href":"https:\/\/puntodincontro.mx\/es\/wp-json\/wp\/v2\/users\/2"}],"replies":[{"embeddable":true,"href":"https:\/\/puntodincontro.mx\/es\/wp-json\/wp\/v2\/comments?post=2711"}],"version-history":[{"count":3,"href":"https:\/\/puntodincontro.mx\/es\/wp-json\/wp\/v2\/posts\/2711\/revisions"}],"predecessor-version":[{"id":2716,"href":"https:\/\/puntodincontro.mx\/es\/wp-json\/wp\/v2\/posts\/2711\/revisions\/2716"}],"wp:featuredmedia":[{"embeddable":true,"href":"https:\/\/puntodincontro.mx\/es\/wp-json\/wp\/v2\/media\/2712"}],"wp:attachment":[{"href":"https:\/\/puntodincontro.mx\/es\/wp-json\/wp\/v2\/media?parent=2711"}],"wp:term":[{"taxonomy":"category","embeddable":true,"href":"https:\/\/puntodincontro.mx\/es\/wp-json\/wp\/v2\/categories?post=2711"},{"taxonomy":"post_tag","embeddable":true,"href":"https:\/\/puntodincontro.mx\/es\/wp-json\/wp\/v2\/tags?post=2711"}],"curies":[{"name":"wp","href":"https:\/\/api.w.org\/{rel}","templated":true}]}}