{"id":2730,"date":"2022-01-13T14:23:08","date_gmt":"2022-01-13T20:23:08","guid":{"rendered":"https:\/\/puntodincontro.mx\/?p=2730"},"modified":"2022-01-13T14:27:24","modified_gmt":"2022-01-13T20:27:24","slug":"alderisi-reflexiones-sobre-rai-italia","status":"publish","type":"post","link":"https:\/\/puntodincontro.mx\/es\/2022\/01\/13\/alderisi-riflessioni-su-rai-italia\/","title":{"rendered":"Alderisi: reflexiones sobre Rai Italia"},"content":{"rendered":"<p class=\"translation-block\"><strong>14:15 hrs.<\/strong> \u2013 \u00abDeseo sinceramente mucho \u00e9xito al nuevo director de Rai Italia, Fabrizio Ferragni, ex subdirector de los noticiarios de Rai 1 y director del canal en ingl\u00e9s de la RAI\u00bb.<\/p>\n\n\n\n<p class=\"translation-block\">Lo dijo la Senadora Francesca Alderisi (FI), elegida en la repartici\u00f3n de Am\u00e9rica del Norte y Central, quien durante muchos a\u00f1os fue curadora, autora y presentadora del hist\u00f3rico programa de servicio de Rai International <em>Sportello Italia<\/em>.<\/p>\n\n\n\n<p>\u00abRecib\u00ed con entusiasmo esta noticia, que me lleva a reflexionar\u00bb \u2014a\u00f1adi\u00f3 Alderisi\u2014 \u00aben virtud de mi trayectoria profesional en Rai International, donde tuve la oportunidad de trabajar con cuatro diferentes directores. El cari\u00f1o que le tengo al p\u00fablico, que sigue expresando decepci\u00f3n y desilusi\u00f3n por algunas elecciones editoriales que se han sucedido a lo largo de los a\u00f1os, tambi\u00e9n y sobre todo tras substanciales recortes presupuestarios, ponen de relieve cu\u00e1nto a\u00fan no entendemos, pese al paso del tiempo, la importancia del canal de televisi\u00f3n dedicado a los italianos en el mundo y a sus descendientes, emitido en los cinco continentes y con lamentablemente cada vez menos suscriptores. M\u00e1s all\u00e1 de que Rai no haya podido adquirir los derechos televisivos de los partidos de f\u00fatbol de la Serie A por los altos costos, espero que se pueda reevaluar seriamente la programaci\u00f3n, potenciando las autoproducciones que ahora se han reducido al m\u00ednimo\u00bb.<\/p>\n\n\n\n<p>La senaadora, adem\u00e1s, coment\u00f3: \u00abNo hay una conversaci\u00f3n con los televidentes, con quienes tengo un contacto continuo no solo en la zona geogr\u00e1fica que represento, en la que no se me exprese inconformidad con la programaci\u00f3n, que no refleja lo que requiere el p\u00fablico. Como guionista de televisi\u00f3n, creo que este canal se ha desprendido parcialmente de su audiencia\u00bb.<\/p>\n\n\n\n<p>\u00abQuedo a disposici\u00f3n del director Ferragni para cualquier posible evaluaci\u00f3n\u00bb \u2014concluy\u00f3 la senadora\u2014 \u00abEspero de todo coraz\u00f3n que este canal, muy querido por todos nosotros, pueda volver a brillar como hace alg\u00fan tiempo y, sobre todo, volver a tener los recursos que se merece\u00bb.<\/p>\n\n\n\n<div style=\"height:12px\" aria-hidden=\"true\" class=\"wp-block-spacer\"><\/div>\n\n\n\n\n\n<div style=\"height:12px\" aria-hidden=\"true\" class=\"wp-block-spacer\"><\/div>","protected":false},"excerpt":{"rendered":"<p>Ore 14.15 &#8211; \u00abI miei pi\u00f9 sentiti auguri di buon lavoro al nuovo direttore di Rai Italia, Fabrizio Ferragni, gi\u00e0 vicedirettore del Tg1 e direttore del canale in lingua inglese della Rai\u00bb. Cos\u00ec la senatrice Francesca Alderisi (FI), eletta nella ripartizione Nord e Centro America, per molti anni curatrice, autrice e conduttrice dello storico programma di servizio di Rai International Sportello Italia. \u00abHo accolto con entusiasmo questa notizia che mi porta a fare una riflessione\u00bb \u2014ha aggiunto Alderisi\u2014 \u00abin virt\u00f9 della mia carriera professionale a Rai International, dove ho avuto modo di lavorare con quattro diversi direttori. L\u2019affetto che ho&#8230; <\/p>","protected":false},"author":2,"featured_media":2732,"comment_status":"open","ping_status":"open","sticky":false,"template":"","format":"standard","meta":{"_monsterinsights_skip_tracking":false,"_monsterinsights_sitenote_active":false,"_monsterinsights_sitenote_note":"","_monsterinsights_sitenote_category":0,"footnotes":""},"categories":[5],"tags":[],"class_list":["post-2730","post","type-post","status-publish","format-standard","has-post-thumbnail","hentry","category-italia-nel-mondo"],"yoast_head":"<!-- This site is optimized with the Yoast SEO Premium plugin v18.4 (Yoast SEO v25.6) - https:\/\/yoast.com\/wordpress\/plugins\/seo\/ -->\n<title>Alderisi: riflessioni su Rai Italia Puntodincontro<\/title>\n<meta name=\"description\" content=\"\u00abI miei pi\u00f9 sentiti auguri di buon lavoro al nuovo direttore di Rai Italia, Fabrizio Ferragni, gi\u00e0 vicedirettore del Tg1 e direttore del canale in lingua inglese della Rai\u00bb. Cos\u00ec la senatrice Francesca Alderisi (FI), eletta nella ripartizione Nord e Centro America, per molti anni curatrice, autrice e conduttrice dello storico programma di servizio di Rai International \u201cSportello Italia\u201d.\" \/>\n<meta name=\"robots\" content=\"index, follow, max-snippet:-1, max-image-preview:large, max-video-preview:-1\" \/>\n<link rel=\"canonical\" href=\"https:\/\/puntodincontro.mx\/es\/2022\/01\/13\/alderisi-reflexiones-sobre-rai-italia\/\" \/>\n<meta property=\"og:locale\" content=\"es_MX\" \/>\n<meta property=\"og:type\" content=\"article\" \/>\n<meta property=\"og:title\" content=\"Alderisi: riflessioni su Rai Italia\" \/>\n<meta property=\"og:description\" content=\"\u00abI miei pi\u00f9 sentiti auguri di buon lavoro al nuovo direttore di Rai Italia, Fabrizio Ferragni, gi\u00e0 vicedirettore del Tg1 e direttore del canale in lingua inglese della Rai\u00bb. Cos\u00ec la senatrice Francesca Alderisi (FI), eletta nella ripartizione Nord e Centro America, per molti anni curatrice, autrice e conduttrice dello storico programma di servizio di Rai International \u201cSportello Italia\u201d.\" \/>\n<meta property=\"og:url\" content=\"https:\/\/puntodincontro.mx\/es\/2022\/01\/13\/alderisi-reflexiones-sobre-rai-italia\/\" \/>\n<meta property=\"og:site_name\" content=\"Puntodincontro\" \/>\n<meta property=\"article:publisher\" content=\"https:\/\/www.facebook.com\/puntodincontro.mx\" \/>\n<meta property=\"article:published_time\" content=\"2022-01-13T20:23:08+00:00\" \/>\n<meta property=\"article:modified_time\" content=\"2022-01-13T20:27:24+00:00\" \/>\n<meta property=\"og:image\" content=\"https:\/\/puntodincontro.mx\/wp-content\/uploads\/2022\/01\/alderisiferragnivert.webp\" \/>\n\t<meta property=\"og:image:width\" content=\"423\" \/>\n\t<meta property=\"og:image:height\" content=\"488\" \/>\n\t<meta property=\"og:image:type\" content=\"image\/webp\" \/>\n<meta name=\"author\" content=\"Puntodincontro\" \/>\n<meta name=\"twitter:card\" content=\"summary_large_image\" \/>\n<meta name=\"twitter:creator\" content=\"@puntodincontro\" \/>\n<meta name=\"twitter:site\" content=\"@puntodincontro\" \/>\n<meta name=\"twitter:label1\" content=\"Escrito por\" \/>\n\t<meta name=\"twitter:data1\" content=\"Puntodincontro\" \/>\n\t<meta name=\"twitter:label2\" content=\"Tiempo de lectura\" \/>\n\t<meta name=\"twitter:data2\" content=\"2 minutos\" \/>\n<script type=\"application\/ld+json\" class=\"yoast-schema-graph\">{\"@context\":\"https:\/\/schema.org\",\"@graph\":[{\"@type\":\"NewsArticle\",\"@id\":\"https:\/\/puntodincontro.mx\/2022\/01\/13\/alderisi-riflessioni-su-rai-italia\/#article\",\"isPartOf\":{\"@id\":\"https:\/\/puntodincontro.mx\/2022\/01\/13\/alderisi-riflessioni-su-rai-italia\/\"},\"author\":{\"name\":\"Puntodincontro\",\"@id\":\"https:\/\/puntodincontro.mx\/#\/schema\/person\/d3066d18a16259cbb0c29b0d0e93b556\"},\"headline\":\"Alderisi: riflessioni su Rai Italia\",\"datePublished\":\"2022-01-13T20:23:08+00:00\",\"dateModified\":\"2022-01-13T20:27:24+00:00\",\"mainEntityOfPage\":{\"@id\":\"https:\/\/puntodincontro.mx\/2022\/01\/13\/alderisi-riflessioni-su-rai-italia\/\"},\"wordCount\":305,\"commentCount\":0,\"publisher\":{\"@id\":\"https:\/\/puntodincontro.mx\/#organization\"},\"image\":{\"@id\":\"https:\/\/puntodincontro.mx\/2022\/01\/13\/alderisi-riflessioni-su-rai-italia\/#primaryimage\"},\"thumbnailUrl\":\"https:\/\/puntodincontro.mx\/wp-content\/uploads\/2022\/01\/alderisiferragnivert.webp\",\"articleSection\":[\"Italia nel mondo\"],\"inLanguage\":\"es\",\"potentialAction\":[{\"@type\":\"CommentAction\",\"name\":\"Comment\",\"target\":[\"https:\/\/puntodincontro.mx\/2022\/01\/13\/alderisi-riflessioni-su-rai-italia\/#respond\"]}]},{\"@type\":\"WebPage\",\"@id\":\"https:\/\/puntodincontro.mx\/2022\/01\/13\/alderisi-riflessioni-su-rai-italia\/\",\"url\":\"https:\/\/puntodincontro.mx\/2022\/01\/13\/alderisi-riflessioni-su-rai-italia\/\",\"name\":\"Alderisi: riflessioni su Rai Italia Puntodincontro\",\"isPartOf\":{\"@id\":\"https:\/\/puntodincontro.mx\/#website\"},\"primaryImageOfPage\":{\"@id\":\"https:\/\/puntodincontro.mx\/2022\/01\/13\/alderisi-riflessioni-su-rai-italia\/#primaryimage\"},\"image\":{\"@id\":\"https:\/\/puntodincontro.mx\/2022\/01\/13\/alderisi-riflessioni-su-rai-italia\/#primaryimage\"},\"thumbnailUrl\":\"https:\/\/puntodincontro.mx\/wp-content\/uploads\/2022\/01\/alderisiferragnivert.webp\",\"datePublished\":\"2022-01-13T20:23:08+00:00\",\"dateModified\":\"2022-01-13T20:27:24+00:00\",\"description\":\"\u00abI miei pi\u00f9 sentiti auguri di buon lavoro al nuovo direttore di Rai Italia, Fabrizio Ferragni, gi\u00e0 vicedirettore del Tg1 e direttore del canale in lingua inglese della Rai\u00bb. Cos\u00ec la senatrice Francesca Alderisi (FI), eletta nella ripartizione Nord e Centro America, per molti anni curatrice, autrice e conduttrice dello storico programma di servizio di Rai International \u201cSportello Italia\u201d.\",\"breadcrumb\":{\"@id\":\"https:\/\/puntodincontro.mx\/2022\/01\/13\/alderisi-riflessioni-su-rai-italia\/#breadcrumb\"},\"inLanguage\":\"es\",\"potentialAction\":[{\"@type\":\"ReadAction\",\"target\":[\"https:\/\/puntodincontro.mx\/2022\/01\/13\/alderisi-riflessioni-su-rai-italia\/\"]}]},{\"@type\":\"ImageObject\",\"inLanguage\":\"es\",\"@id\":\"https:\/\/puntodincontro.mx\/2022\/01\/13\/alderisi-riflessioni-su-rai-italia\/#primaryimage\",\"url\":\"https:\/\/puntodincontro.mx\/wp-content\/uploads\/2022\/01\/alderisiferragnivert.webp\",\"contentUrl\":\"https:\/\/puntodincontro.mx\/wp-content\/uploads\/2022\/01\/alderisiferragnivert.webp\",\"width\":423,\"height\":488,\"caption\":\"Alderisi: riflessioni su Rai Italia\"},{\"@type\":\"BreadcrumbList\",\"@id\":\"https:\/\/puntodincontro.mx\/2022\/01\/13\/alderisi-riflessioni-su-rai-italia\/#breadcrumb\",\"itemListElement\":[{\"@type\":\"ListItem\",\"position\":1,\"name\":\"Home\",\"item\":\"https:\/\/puntodincontro.mx\/\"},{\"@type\":\"ListItem\",\"position\":2,\"name\":\"Alderisi: riflessioni su Rai Italia\"}]},{\"@type\":\"WebSite\",\"@id\":\"https:\/\/puntodincontro.mx\/#website\",\"url\":\"https:\/\/puntodincontro.mx\/\",\"name\":\"Puntodincontro\",\"description\":\"Dal 2006 notizie sui rapporti Italia-Messico \/ Desde 2006 noticias sobre las relaciones entre Italia y M\u00e9xico\",\"publisher\":{\"@id\":\"https:\/\/puntodincontro.mx\/#organization\"},\"potentialAction\":[{\"@type\":\"SearchAction\",\"target\":{\"@type\":\"EntryPoint\",\"urlTemplate\":\"https:\/\/puntodincontro.mx\/?s={search_term_string}\"},\"query-input\":{\"@type\":\"PropertyValueSpecification\",\"valueRequired\":true,\"valueName\":\"search_term_string\"}}],\"inLanguage\":\"es\"},{\"@type\":\"Organization\",\"@id\":\"https:\/\/puntodincontro.mx\/#organization\",\"name\":\"Puntodincontro\",\"url\":\"https:\/\/puntodincontro.mx\/\",\"logo\":{\"@type\":\"ImageObject\",\"inLanguage\":\"es\",\"@id\":\"https:\/\/puntodincontro.mx\/#\/schema\/logo\/image\/\",\"url\":\"https:\/\/puntodincontro.mx\/wp-content\/uploads\/2021\/08\/Default-image-for-open-graph-settings.jpg\",\"contentUrl\":\"https:\/\/puntodincontro.mx\/wp-content\/uploads\/2021\/08\/Default-image-for-open-graph-settings.jpg\",\"width\":1200,\"height\":630,\"caption\":\"Puntodincontro\"},\"image\":{\"@id\":\"https:\/\/puntodincontro.mx\/#\/schema\/logo\/image\/\"},\"sameAs\":[\"https:\/\/www.facebook.com\/puntodincontro.mx\",\"https:\/\/x.com\/puntodincontro\",\"https:\/\/www.instagram.com\/puntodincontro.mx\/\",\"https:\/\/www.linkedin.com\/company\/puntodincontro\/\",\"https:\/\/www.youtube.com\/c\/puntodincontromessico\",\"https:\/\/www.patreon.com\/puntodincontro\",\"https:\/\/www.threads.net\/@puntodincontro.mx\"]},{\"@type\":\"Person\",\"@id\":\"https:\/\/puntodincontro.mx\/#\/schema\/person\/d3066d18a16259cbb0c29b0d0e93b556\",\"name\":\"Puntodincontro\",\"image\":{\"@type\":\"ImageObject\",\"inLanguage\":\"es\",\"@id\":\"https:\/\/puntodincontro.mx\/#\/schema\/person\/image\/\",\"url\":\"https:\/\/secure.gravatar.com\/avatar\/0e85b4b3b5e9d6bfcec6a4956d8cc63a?s=96&d=mm&r=g\",\"contentUrl\":\"https:\/\/secure.gravatar.com\/avatar\/0e85b4b3b5e9d6bfcec6a4956d8cc63a?s=96&d=mm&r=g\",\"caption\":\"Puntodincontro\"},\"url\":\"https:\/\/puntodincontro.mx\/es\/author\/puntodincontro\/\"}]}<\/script>\n<!-- \/ Yoast SEO Premium plugin. -->","yoast_head_json":{"title":"Alderisi: riflessioni su Rai Italia Puntodincontro","description":"\u00abDeseo sinceramente mucho \u00e9xito al nuevo director de Rai Italia, Fabrizio Ferragni, ex subdirector de los noticiarios de Rai 1 y director del canal en ingl\u00e9s de la RAI\u00bb. Lo dijo la Senadora Francesca Alderisi (FI), elegida en la repartici\u00f3n de Am\u00e9rica del Norte y Central, quien durante muchos a\u00f1os fue curadora, autora y presentadora del hist\u00f3rico programa de servicio de Rai International \u201cSportello Italia\u201d.","robots":{"index":"index","follow":"follow","max-snippet":"max-snippet:-1","max-image-preview":"max-image-preview:large","max-video-preview":"max-video-preview:-1"},"canonical":"https:\/\/puntodincontro.mx\/es\/2022\/01\/13\/alderisi-reflexiones-sobre-rai-italia\/","og_locale":"es_MX","og_type":"article","og_title":"Alderisi: riflessioni su Rai Italia","og_description":"\u00abI miei pi\u00f9 sentiti auguri di buon lavoro al nuovo direttore di Rai Italia, Fabrizio Ferragni, gi\u00e0 vicedirettore del Tg1 e direttore del canale in lingua inglese della Rai\u00bb. Cos\u00ec la senatrice Francesca Alderisi (FI), eletta nella ripartizione Nord e Centro America, per molti anni curatrice, autrice e conduttrice dello storico programma di servizio di Rai International \u201cSportello Italia\u201d.","og_url":"https:\/\/puntodincontro.mx\/es\/2022\/01\/13\/alderisi-reflexiones-sobre-rai-italia\/","og_site_name":"Puntodincontro","article_publisher":"https:\/\/www.facebook.com\/puntodincontro.mx","article_published_time":"2022-01-13T20:23:08+00:00","article_modified_time":"2022-01-13T20:27:24+00:00","og_image":[{"width":423,"height":488,"url":"https:\/\/puntodincontro.mx\/wp-content\/uploads\/2022\/01\/alderisiferragnivert.webp","type":"image\/webp"}],"author":"Puntodincontro","twitter_card":"summary_large_image","twitter_creator":"@puntodincontro","twitter_site":"@puntodincontro","twitter_misc":{"Escrito por":"Puntodincontro","Tiempo de lectura":"2 minutos"},"schema":{"@context":"https:\/\/schema.org","@graph":[{"@type":"NewsArticle","@id":"https:\/\/puntodincontro.mx\/2022\/01\/13\/alderisi-riflessioni-su-rai-italia\/#article","isPartOf":{"@id":"https:\/\/puntodincontro.mx\/2022\/01\/13\/alderisi-riflessioni-su-rai-italia\/"},"author":{"name":"Puntodincontro","@id":"https:\/\/puntodincontro.mx\/#\/schema\/person\/d3066d18a16259cbb0c29b0d0e93b556"},"headline":"Alderisi: riflessioni su Rai Italia","datePublished":"2022-01-13T20:23:08+00:00","dateModified":"2022-01-13T20:27:24+00:00","mainEntityOfPage":{"@id":"https:\/\/puntodincontro.mx\/2022\/01\/13\/alderisi-riflessioni-su-rai-italia\/"},"wordCount":305,"commentCount":0,"publisher":{"@id":"https:\/\/puntodincontro.mx\/#organization"},"image":{"@id":"https:\/\/puntodincontro.mx\/2022\/01\/13\/alderisi-riflessioni-su-rai-italia\/#primaryimage"},"thumbnailUrl":"https:\/\/puntodincontro.mx\/wp-content\/uploads\/2022\/01\/alderisiferragnivert.webp","articleSection":["Italia nel mondo"],"inLanguage":"es","potentialAction":[{"@type":"CommentAction","name":"Comment","target":["https:\/\/puntodincontro.mx\/2022\/01\/13\/alderisi-riflessioni-su-rai-italia\/#respond"]}]},{"@type":"WebPage","@id":"https:\/\/puntodincontro.mx\/2022\/01\/13\/alderisi-riflessioni-su-rai-italia\/","url":"https:\/\/puntodincontro.mx\/2022\/01\/13\/alderisi-riflessioni-su-rai-italia\/","name":"Alderisi: riflessioni su Rai Italia Puntodincontro","isPartOf":{"@id":"https:\/\/puntodincontro.mx\/#website"},"primaryImageOfPage":{"@id":"https:\/\/puntodincontro.mx\/2022\/01\/13\/alderisi-riflessioni-su-rai-italia\/#primaryimage"},"image":{"@id":"https:\/\/puntodincontro.mx\/2022\/01\/13\/alderisi-riflessioni-su-rai-italia\/#primaryimage"},"thumbnailUrl":"https:\/\/puntodincontro.mx\/wp-content\/uploads\/2022\/01\/alderisiferragnivert.webp","datePublished":"2022-01-13T20:23:08+00:00","dateModified":"2022-01-13T20:27:24+00:00","description":"\u00abDeseo sinceramente mucho \u00e9xito al nuevo director de Rai Italia, Fabrizio Ferragni, ex subdirector de los noticiarios de Rai 1 y director del canal en ingl\u00e9s de la RAI\u00bb. Lo dijo la Senadora Francesca Alderisi (FI), elegida en la repartici\u00f3n de Am\u00e9rica del Norte y Central, quien durante muchos a\u00f1os fue curadora, autora y presentadora del hist\u00f3rico programa de servicio de Rai International \u201cSportello Italia\u201d.","breadcrumb":{"@id":"https:\/\/puntodincontro.mx\/2022\/01\/13\/alderisi-riflessioni-su-rai-italia\/#breadcrumb"},"inLanguage":"es","potentialAction":[{"@type":"ReadAction","target":["https:\/\/puntodincontro.mx\/2022\/01\/13\/alderisi-riflessioni-su-rai-italia\/"]}]},{"@type":"ImageObject","inLanguage":"es","@id":"https:\/\/puntodincontro.mx\/2022\/01\/13\/alderisi-riflessioni-su-rai-italia\/#primaryimage","url":"https:\/\/puntodincontro.mx\/wp-content\/uploads\/2022\/01\/alderisiferragnivert.webp","contentUrl":"https:\/\/puntodincontro.mx\/wp-content\/uploads\/2022\/01\/alderisiferragnivert.webp","width":423,"height":488,"caption":"Alderisi: riflessioni su Rai Italia"},{"@type":"BreadcrumbList","@id":"https:\/\/puntodincontro.mx\/2022\/01\/13\/alderisi-riflessioni-su-rai-italia\/#breadcrumb","itemListElement":[{"@type":"ListItem","position":1,"name":"Home","item":"https:\/\/puntodincontro.mx\/"},{"@type":"ListItem","position":2,"name":"Alderisi: riflessioni su Rai Italia"}]},{"@type":"WebSite","@id":"https:\/\/puntodincontro.mx\/#website","url":"https:\/\/puntodincontro.mx\/","name":"Puntodincontro","description":"Desde el 2006 noticias sobre las relaciones entre Italia y M\u00e9xico \/ Dal 2006 notizie sui rapporti Italia-Messico","publisher":{"@id":"https:\/\/puntodincontro.mx\/#organization"},"potentialAction":[{"@type":"SearchAction","target":{"@type":"EntryPoint","urlTemplate":"https:\/\/puntodincontro.mx\/?s={search_term_string}"},"query-input":{"@type":"PropertyValueSpecification","valueRequired":true,"valueName":"search_term_string"}}],"inLanguage":"es"},{"@type":"Organization","@id":"https:\/\/puntodincontro.mx\/#organization","name":"Puntodincontro","url":"https:\/\/puntodincontro.mx\/","logo":{"@type":"ImageObject","inLanguage":"es","@id":"https:\/\/puntodincontro.mx\/#\/schema\/logo\/image\/","url":"https:\/\/puntodincontro.mx\/wp-content\/uploads\/2021\/08\/Default-image-for-open-graph-settings.jpg","contentUrl":"https:\/\/puntodincontro.mx\/wp-content\/uploads\/2021\/08\/Default-image-for-open-graph-settings.jpg","width":1200,"height":630,"caption":"Puntodincontro"},"image":{"@id":"https:\/\/puntodincontro.mx\/#\/schema\/logo\/image\/"},"sameAs":["https:\/\/www.facebook.com\/puntodincontro.mx","https:\/\/x.com\/puntodincontro","https:\/\/www.instagram.com\/puntodincontro.mx\/","https:\/\/www.linkedin.com\/company\/puntodincontro\/","https:\/\/www.youtube.com\/c\/puntodincontromessico","https:\/\/www.patreon.com\/puntodincontro","https:\/\/www.threads.net\/@puntodincontro.mx"]},{"@type":"Person","@id":"https:\/\/puntodincontro.mx\/#\/schema\/person\/d3066d18a16259cbb0c29b0d0e93b556","name":"Puntodincontro","image":{"@type":"ImageObject","inLanguage":"es","@id":"https:\/\/puntodincontro.mx\/#\/schema\/person\/image\/","url":"https:\/\/secure.gravatar.com\/avatar\/0e85b4b3b5e9d6bfcec6a4956d8cc63a?s=96&d=mm&r=g","contentUrl":"https:\/\/secure.gravatar.com\/avatar\/0e85b4b3b5e9d6bfcec6a4956d8cc63a?s=96&d=mm&r=g","caption":"Puntodincontro"},"url":"https:\/\/puntodincontro.mx\/es\/author\/puntodincontro\/"}]}},"_links":{"self":[{"href":"https:\/\/puntodincontro.mx\/es\/wp-json\/wp\/v2\/posts\/2730"}],"collection":[{"href":"https:\/\/puntodincontro.mx\/es\/wp-json\/wp\/v2\/posts"}],"about":[{"href":"https:\/\/puntodincontro.mx\/es\/wp-json\/wp\/v2\/types\/post"}],"author":[{"embeddable":true,"href":"https:\/\/puntodincontro.mx\/es\/wp-json\/wp\/v2\/users\/2"}],"replies":[{"embeddable":true,"href":"https:\/\/puntodincontro.mx\/es\/wp-json\/wp\/v2\/comments?post=2730"}],"version-history":[{"count":2,"href":"https:\/\/puntodincontro.mx\/es\/wp-json\/wp\/v2\/posts\/2730\/revisions"}],"predecessor-version":[{"id":2734,"href":"https:\/\/puntodincontro.mx\/es\/wp-json\/wp\/v2\/posts\/2730\/revisions\/2734"}],"wp:featuredmedia":[{"embeddable":true,"href":"https:\/\/puntodincontro.mx\/es\/wp-json\/wp\/v2\/media\/2732"}],"wp:attachment":[{"href":"https:\/\/puntodincontro.mx\/es\/wp-json\/wp\/v2\/media?parent=2730"}],"wp:term":[{"taxonomy":"category","embeddable":true,"href":"https:\/\/puntodincontro.mx\/es\/wp-json\/wp\/v2\/categories?post=2730"},{"taxonomy":"post_tag","embeddable":true,"href":"https:\/\/puntodincontro.mx\/es\/wp-json\/wp\/v2\/tags?post=2730"}],"curies":[{"name":"wp","href":"https:\/\/api.w.org\/{rel}","templated":true}]}}