{"id":2735,"date":"2022-01-14T05:50:08","date_gmt":"2022-01-14T11:50:08","guid":{"rendered":"https:\/\/puntodincontro.mx\/?p=2735"},"modified":"2022-01-14T05:50:10","modified_gmt":"2022-01-14T11:50:10","slug":"hablamos-el-mismo-idioma-un-punto-fuerte-en-psicoterapia","status":"publish","type":"post","link":"https:\/\/puntodincontro.mx\/es\/2022\/01\/14\/parliamo-la-stessa-lingua-un-punto-di-forza-in-psicoterapia\/","title":{"rendered":"\u00bfHablamos el mismo idioma? Un punto fuerte en psicoterapia"},"content":{"rendered":"<p class=\"translation-block\"><strong>05:23 hrs.<\/strong> \u2013 Hablar el mismo idioma es una fortaleza en psicoterapia.<\/p>\n\n\n\n<p>Se han realizado varios estudios a nivel internacional que demuestran que cuando la persona y el terapeuta comparten el mismo idioma de origen, la terapia tiene mayor efectividad y mejores resultados.<\/p>\n\n\n\n<p>Esto tambi\u00e9n se aplica a quienes, como residentes en el extranjero, dejaron su tierra natal y se embarcaron en una nueva vida en otro pa\u00eds, con una lengua y una cultura diferentes.<\/p>\n\n\n\n<p>\u00bfCu\u00e1les son las razones que respaldan esta eficacia?<\/p>\n\n\n\n<p>Partamos de un concepto clave: la psicoterapia es relaci\u00f3n y el lenguaje es una parte crucial de todas las relaciones humanas. Hablar el mismo idioma facilita el intercambio relacional al permitir que la persona comparta pensamientos y creencias que corren el riesgo de perderse si se usa un idioma diferente.<\/p>\n\n\n\n<p>Adem\u00e1s, la psicoterapia es un proceso emocional y la lengua materna contiene grandes reservas de informaci\u00f3n emocional. Es el lenguaje con el que contactamos desde el nacimiento el que caracteriza nuestras primeras relaciones afectivas y con \u00e9l formulamos pensamientos y almacenamos recuerdos. Por lo tanto, expresar sentimientos con un terapeuta que comparte nuestro mismo idioma puede servir como una poderosa liberaci\u00f3n emocional.<\/p>\n\n\n\n<p>Por otro lado, cuando la psicoterapia utiliza un lenguaje adquirido en etapas posteriores de la vida, corre el riesgo de perder algunas palabras emocionales que no son f\u00e1cilmente traducibles, excluyendo as\u00ed conocimientos vitales para el \u00e9xito del tratamiento.<\/p>\n\n\n\n<p>Finalmente, hablar el mismo idioma ayuda a sentirse m\u00e1s comprendidos en los propios valores y cultura. La lengua materna incluye matices culturales que podr\u00edan pasar desapercibidos para un terapeuta que no la conozca, dejando de lado elementos fundamentales \u00fatiles para fomentar el sentimiento de comprensi\u00f3n mutua en psicoterapia.<\/p>\n\n\n\n<p class=\"translation-block\"><em>CentroMoses Psicologi oltre i confini<\/em> es un servicio en l\u00ednea que fue dise\u00f1ado con el objetivo de ofrecer a los italianos que viven en el extranjero la oportunidad de acceder a terapias en su propio idioma y cultura de origen con profesionales connacionales.<\/p>\n\n\n\n<p class=\"translation-block\">\u00a1<a href=\"https:\/\/www.centromoses.it\/\" target=\"_blank\" rel=\"noreferrer noopener\">Cont\u00e1ctanos<\/a>, elegiremos al terapeuta que mejor se adapte a tus necesidades!<\/p>\n\n\n\n<p><strong>Fuentes bibliograficas:<\/strong><\/p>\n\n\n\n<p>Tannenbaum, M &amp; Har, E. (2020). Beyond basic communication: the role of the mother tongue in cognitive-behavioral therapy (CBT). <em>International journal of bilingualism<\/em>, 1-12.<\/p>\n\n\n\n<p>Marian, V. &amp; Kaushanskaya, M (2004). Self-construal and emotion in bicultural bilinguals. <em>Journal of memory and language<\/em>, 51, 190-201.<\/p>\n\n\n\n<p>Szoke, D., Cummings, C., Benuto, L.T. (2020). Exposure in an increasingly bilingual world: native language exposure therapy with a non-language matched therapist. <em>Clinical case studies<\/em>, 19(1), 51-61.<\/p>\n\n\n\n<p>Griner, D. &amp; Smith, T.B. (2006). Culturally adapted mental health interventions: a meta-analytic review. <em>Psychotherapy: theory, research, practice, training<\/em>, 43(4), 531-548.<\/p>\n\n\n\n<p>Chu, J., Leino, A., Pfulm, S., Sue, S. (2016). A model for the theoretical basis of cultural competency to guide psychotherapy. <em>Professional psychology: research and practice<\/em>, 47(1), 18-29.<\/p>\n\n\n\n<div style=\"height:12px\" aria-hidden=\"true\" class=\"wp-block-spacer\"><\/div>\n\n\n\n\n\n<div style=\"height:12px\" aria-hidden=\"true\" class=\"wp-block-spacer\"><\/div>","protected":false},"excerpt":{"rendered":"<p>Ore 05.23 &#8211; Parlare la stessa lingua \u00e8 un punto di forza in psicoterapia. Sono stati condotti diversi studi in ambito internazionale che lo dimostrano, quando la persona e il terapeuta condividono la stessa lingua di origine la terapia ha una maggiore efficacia ed esiti migliori. E questo vale anche per chi, come i residenti all\u2019estero, ha lasciato la propria terra d\u2019origine e intrapreso una nuova vita in un altro Paese, con lingua e cultura differenti. Quali sarebbero i motivi a supporto di tale efficacia? Partiamo da un concetto chiave: la psicoterapia \u00e8 relazione e il linguaggio \u00e8 una parte&#8230; <\/p>","protected":false},"author":2,"featured_media":2736,"comment_status":"open","ping_status":"open","sticky":false,"template":"","format":"standard","meta":{"_monsterinsights_skip_tracking":false,"_monsterinsights_sitenote_active":false,"_monsterinsights_sitenote_note":"","_monsterinsights_sitenote_category":0,"footnotes":""},"categories":[7],"tags":[],"class_list":["post-2735","post","type-post","status-publish","format-standard","has-post-thumbnail","hentry","category-salute-e-benessere"],"yoast_head":"<!-- This site is optimized with the Yoast SEO Premium plugin v18.4 (Yoast SEO v25.6) - https:\/\/yoast.com\/wordpress\/plugins\/seo\/ -->\n<title>Parliamo la stessa lingua? Un punto di forza in psicoterapia Puntodincontro<\/title>\n<meta name=\"description\" content=\"Parlare la stessa lingua \u00e8 un punto di forza in psicoterapia. Sono stati condotti diversi studi in ambito internazionale che lo dimostrano, quando la persona e il terapeuta condividono la stessa lingua di origine la terapia ha una maggiore efficacia ed esiti migliori.\" \/>\n<meta name=\"robots\" content=\"index, follow, max-snippet:-1, max-image-preview:large, max-video-preview:-1\" \/>\n<link rel=\"canonical\" href=\"https:\/\/puntodincontro.mx\/es\/2022\/01\/14\/hablamos-el-mismo-idioma-un-punto-fuerte-en-psicoterapia\/\" \/>\n<meta property=\"og:locale\" content=\"es_MX\" \/>\n<meta property=\"og:type\" content=\"article\" \/>\n<meta property=\"og:title\" content=\"Parliamo la stessa lingua? Un punto di forza in psicoterapia\" \/>\n<meta property=\"og:description\" content=\"Parlare la stessa lingua \u00e8 un punto di forza in psicoterapia. Sono stati condotti diversi studi in ambito internazionale che lo dimostrano, quando la persona e il terapeuta condividono la stessa lingua di origine la terapia ha una maggiore efficacia ed esiti migliori.\" \/>\n<meta property=\"og:url\" content=\"https:\/\/puntodincontro.mx\/es\/2022\/01\/14\/hablamos-el-mismo-idioma-un-punto-fuerte-en-psicoterapia\/\" \/>\n<meta property=\"og:site_name\" content=\"Puntodincontro\" \/>\n<meta property=\"article:publisher\" content=\"https:\/\/www.facebook.com\/puntodincontro.mx\" \/>\n<meta property=\"article:published_time\" content=\"2022-01-14T11:50:08+00:00\" \/>\n<meta property=\"article:modified_time\" content=\"2022-01-14T11:50:10+00:00\" \/>\n<meta property=\"og:image\" content=\"https:\/\/puntodincontro.mx\/wp-content\/uploads\/2022\/01\/parlarelastessalinguavert.webp\" \/>\n\t<meta property=\"og:image:width\" content=\"423\" \/>\n\t<meta property=\"og:image:height\" content=\"488\" \/>\n\t<meta property=\"og:image:type\" content=\"image\/webp\" \/>\n<meta name=\"author\" content=\"Puntodincontro\" \/>\n<meta name=\"twitter:card\" content=\"summary_large_image\" \/>\n<meta name=\"twitter:creator\" content=\"@puntodincontro\" \/>\n<meta name=\"twitter:site\" content=\"@puntodincontro\" \/>\n<meta name=\"twitter:label1\" content=\"Escrito por\" \/>\n\t<meta name=\"twitter:data1\" content=\"Puntodincontro\" \/>\n\t<meta name=\"twitter:label2\" content=\"Tiempo de lectura\" \/>\n\t<meta name=\"twitter:data2\" content=\"3 minutos\" \/>\n<script type=\"application\/ld+json\" class=\"yoast-schema-graph\">{\"@context\":\"https:\/\/schema.org\",\"@graph\":[{\"@type\":\"NewsArticle\",\"@id\":\"https:\/\/puntodincontro.mx\/2022\/01\/14\/parliamo-la-stessa-lingua-un-punto-di-forza-in-psicoterapia\/#article\",\"isPartOf\":{\"@id\":\"https:\/\/puntodincontro.mx\/2022\/01\/14\/parliamo-la-stessa-lingua-un-punto-di-forza-in-psicoterapia\/\"},\"author\":{\"name\":\"Puntodincontro\",\"@id\":\"https:\/\/puntodincontro.mx\/#\/schema\/person\/d3066d18a16259cbb0c29b0d0e93b556\"},\"headline\":\"Parliamo la stessa lingua? Un punto di forza in psicoterapia\",\"datePublished\":\"2022-01-14T11:50:08+00:00\",\"dateModified\":\"2022-01-14T11:50:10+00:00\",\"mainEntityOfPage\":{\"@id\":\"https:\/\/puntodincontro.mx\/2022\/01\/14\/parliamo-la-stessa-lingua-un-punto-di-forza-in-psicoterapia\/\"},\"wordCount\":443,\"commentCount\":0,\"publisher\":{\"@id\":\"https:\/\/puntodincontro.mx\/#organization\"},\"image\":{\"@id\":\"https:\/\/puntodincontro.mx\/2022\/01\/14\/parliamo-la-stessa-lingua-un-punto-di-forza-in-psicoterapia\/#primaryimage\"},\"thumbnailUrl\":\"https:\/\/puntodincontro.mx\/wp-content\/uploads\/2022\/01\/parlarelastessalinguavert.webp\",\"articleSection\":[\"Salute e benessere\"],\"inLanguage\":\"es\",\"potentialAction\":[{\"@type\":\"CommentAction\",\"name\":\"Comment\",\"target\":[\"https:\/\/puntodincontro.mx\/2022\/01\/14\/parliamo-la-stessa-lingua-un-punto-di-forza-in-psicoterapia\/#respond\"]}]},{\"@type\":\"WebPage\",\"@id\":\"https:\/\/puntodincontro.mx\/2022\/01\/14\/parliamo-la-stessa-lingua-un-punto-di-forza-in-psicoterapia\/\",\"url\":\"https:\/\/puntodincontro.mx\/2022\/01\/14\/parliamo-la-stessa-lingua-un-punto-di-forza-in-psicoterapia\/\",\"name\":\"Parliamo la stessa lingua? Un punto di forza in psicoterapia Puntodincontro\",\"isPartOf\":{\"@id\":\"https:\/\/puntodincontro.mx\/#website\"},\"primaryImageOfPage\":{\"@id\":\"https:\/\/puntodincontro.mx\/2022\/01\/14\/parliamo-la-stessa-lingua-un-punto-di-forza-in-psicoterapia\/#primaryimage\"},\"image\":{\"@id\":\"https:\/\/puntodincontro.mx\/2022\/01\/14\/parliamo-la-stessa-lingua-un-punto-di-forza-in-psicoterapia\/#primaryimage\"},\"thumbnailUrl\":\"https:\/\/puntodincontro.mx\/wp-content\/uploads\/2022\/01\/parlarelastessalinguavert.webp\",\"datePublished\":\"2022-01-14T11:50:08+00:00\",\"dateModified\":\"2022-01-14T11:50:10+00:00\",\"description\":\"Parlare la stessa lingua \u00e8 un punto di forza in psicoterapia. Sono stati condotti diversi studi in ambito internazionale che lo dimostrano, quando la persona e il terapeuta condividono la stessa lingua di origine la terapia ha una maggiore efficacia ed esiti migliori.\",\"breadcrumb\":{\"@id\":\"https:\/\/puntodincontro.mx\/2022\/01\/14\/parliamo-la-stessa-lingua-un-punto-di-forza-in-psicoterapia\/#breadcrumb\"},\"inLanguage\":\"es\",\"potentialAction\":[{\"@type\":\"ReadAction\",\"target\":[\"https:\/\/puntodincontro.mx\/2022\/01\/14\/parliamo-la-stessa-lingua-un-punto-di-forza-in-psicoterapia\/\"]}]},{\"@type\":\"ImageObject\",\"inLanguage\":\"es\",\"@id\":\"https:\/\/puntodincontro.mx\/2022\/01\/14\/parliamo-la-stessa-lingua-un-punto-di-forza-in-psicoterapia\/#primaryimage\",\"url\":\"https:\/\/puntodincontro.mx\/wp-content\/uploads\/2022\/01\/parlarelastessalinguavert.webp\",\"contentUrl\":\"https:\/\/puntodincontro.mx\/wp-content\/uploads\/2022\/01\/parlarelastessalinguavert.webp\",\"width\":423,\"height\":488,\"caption\":\"Parliamo la stessa lingua? Un punto di forza in psicoterapia\"},{\"@type\":\"BreadcrumbList\",\"@id\":\"https:\/\/puntodincontro.mx\/2022\/01\/14\/parliamo-la-stessa-lingua-un-punto-di-forza-in-psicoterapia\/#breadcrumb\",\"itemListElement\":[{\"@type\":\"ListItem\",\"position\":1,\"name\":\"Home\",\"item\":\"https:\/\/puntodincontro.mx\/\"},{\"@type\":\"ListItem\",\"position\":2,\"name\":\"Parliamo la stessa lingua? Un punto di forza in psicoterapia\"}]},{\"@type\":\"WebSite\",\"@id\":\"https:\/\/puntodincontro.mx\/#website\",\"url\":\"https:\/\/puntodincontro.mx\/\",\"name\":\"Puntodincontro\",\"description\":\"Dal 2006 notizie sui rapporti Italia-Messico \/ Desde 2006 noticias sobre las relaciones entre Italia y M\u00e9xico\",\"publisher\":{\"@id\":\"https:\/\/puntodincontro.mx\/#organization\"},\"potentialAction\":[{\"@type\":\"SearchAction\",\"target\":{\"@type\":\"EntryPoint\",\"urlTemplate\":\"https:\/\/puntodincontro.mx\/?s={search_term_string}\"},\"query-input\":{\"@type\":\"PropertyValueSpecification\",\"valueRequired\":true,\"valueName\":\"search_term_string\"}}],\"inLanguage\":\"es\"},{\"@type\":\"Organization\",\"@id\":\"https:\/\/puntodincontro.mx\/#organization\",\"name\":\"Puntodincontro\",\"url\":\"https:\/\/puntodincontro.mx\/\",\"logo\":{\"@type\":\"ImageObject\",\"inLanguage\":\"es\",\"@id\":\"https:\/\/puntodincontro.mx\/#\/schema\/logo\/image\/\",\"url\":\"https:\/\/puntodincontro.mx\/wp-content\/uploads\/2021\/08\/Default-image-for-open-graph-settings.jpg\",\"contentUrl\":\"https:\/\/puntodincontro.mx\/wp-content\/uploads\/2021\/08\/Default-image-for-open-graph-settings.jpg\",\"width\":1200,\"height\":630,\"caption\":\"Puntodincontro\"},\"image\":{\"@id\":\"https:\/\/puntodincontro.mx\/#\/schema\/logo\/image\/\"},\"sameAs\":[\"https:\/\/www.facebook.com\/puntodincontro.mx\",\"https:\/\/x.com\/puntodincontro\",\"https:\/\/www.instagram.com\/puntodincontro.mx\/\",\"https:\/\/www.linkedin.com\/company\/puntodincontro\/\",\"https:\/\/www.youtube.com\/c\/puntodincontromessico\",\"https:\/\/www.patreon.com\/puntodincontro\",\"https:\/\/www.threads.net\/@puntodincontro.mx\"]},{\"@type\":\"Person\",\"@id\":\"https:\/\/puntodincontro.mx\/#\/schema\/person\/d3066d18a16259cbb0c29b0d0e93b556\",\"name\":\"Puntodincontro\",\"image\":{\"@type\":\"ImageObject\",\"inLanguage\":\"es\",\"@id\":\"https:\/\/puntodincontro.mx\/#\/schema\/person\/image\/\",\"url\":\"https:\/\/secure.gravatar.com\/avatar\/0e85b4b3b5e9d6bfcec6a4956d8cc63a?s=96&d=mm&r=g\",\"contentUrl\":\"https:\/\/secure.gravatar.com\/avatar\/0e85b4b3b5e9d6bfcec6a4956d8cc63a?s=96&d=mm&r=g\",\"caption\":\"Puntodincontro\"},\"url\":\"https:\/\/puntodincontro.mx\/es\/author\/puntodincontro\/\"}]}<\/script>\n<!-- \/ Yoast SEO Premium plugin. -->","yoast_head_json":{"title":"Parliamo la stessa lingua? Un punto di forza in psicoterapia Puntodincontro","description":"Hablar el mismo idioma es una fortaleza en psicoterapia. Se han realizado varios estudios a nivel internacional que demuestran que cuando la persona y el terapeuta comparten el mismo idioma de origen, la terapia tiene mayor efectividad y mejores resultados.","robots":{"index":"index","follow":"follow","max-snippet":"max-snippet:-1","max-image-preview":"max-image-preview:large","max-video-preview":"max-video-preview:-1"},"canonical":"https:\/\/puntodincontro.mx\/es\/2022\/01\/14\/hablamos-el-mismo-idioma-un-punto-fuerte-en-psicoterapia\/","og_locale":"es_MX","og_type":"article","og_title":"Parliamo la stessa lingua? Un punto di forza in psicoterapia","og_description":"Parlare la stessa lingua \u00e8 un punto di forza in psicoterapia. Sono stati condotti diversi studi in ambito internazionale che lo dimostrano, quando la persona e il terapeuta condividono la stessa lingua di origine la terapia ha una maggiore efficacia ed esiti migliori.","og_url":"https:\/\/puntodincontro.mx\/es\/2022\/01\/14\/hablamos-el-mismo-idioma-un-punto-fuerte-en-psicoterapia\/","og_site_name":"Puntodincontro","article_publisher":"https:\/\/www.facebook.com\/puntodincontro.mx","article_published_time":"2022-01-14T11:50:08+00:00","article_modified_time":"2022-01-14T11:50:10+00:00","og_image":[{"width":423,"height":488,"url":"https:\/\/puntodincontro.mx\/wp-content\/uploads\/2022\/01\/parlarelastessalinguavert.webp","type":"image\/webp"}],"author":"Puntodincontro","twitter_card":"summary_large_image","twitter_creator":"@puntodincontro","twitter_site":"@puntodincontro","twitter_misc":{"Escrito por":"Puntodincontro","Tiempo de lectura":"3 minutos"},"schema":{"@context":"https:\/\/schema.org","@graph":[{"@type":"NewsArticle","@id":"https:\/\/puntodincontro.mx\/2022\/01\/14\/parliamo-la-stessa-lingua-un-punto-di-forza-in-psicoterapia\/#article","isPartOf":{"@id":"https:\/\/puntodincontro.mx\/2022\/01\/14\/parliamo-la-stessa-lingua-un-punto-di-forza-in-psicoterapia\/"},"author":{"name":"Puntodincontro","@id":"https:\/\/puntodincontro.mx\/#\/schema\/person\/d3066d18a16259cbb0c29b0d0e93b556"},"headline":"Parliamo la stessa lingua? Un punto di forza in psicoterapia","datePublished":"2022-01-14T11:50:08+00:00","dateModified":"2022-01-14T11:50:10+00:00","mainEntityOfPage":{"@id":"https:\/\/puntodincontro.mx\/2022\/01\/14\/parliamo-la-stessa-lingua-un-punto-di-forza-in-psicoterapia\/"},"wordCount":443,"commentCount":0,"publisher":{"@id":"https:\/\/puntodincontro.mx\/#organization"},"image":{"@id":"https:\/\/puntodincontro.mx\/2022\/01\/14\/parliamo-la-stessa-lingua-un-punto-di-forza-in-psicoterapia\/#primaryimage"},"thumbnailUrl":"https:\/\/puntodincontro.mx\/wp-content\/uploads\/2022\/01\/parlarelastessalinguavert.webp","articleSection":["Salute e benessere"],"inLanguage":"es","potentialAction":[{"@type":"CommentAction","name":"Comment","target":["https:\/\/puntodincontro.mx\/2022\/01\/14\/parliamo-la-stessa-lingua-un-punto-di-forza-in-psicoterapia\/#respond"]}]},{"@type":"WebPage","@id":"https:\/\/puntodincontro.mx\/2022\/01\/14\/parliamo-la-stessa-lingua-un-punto-di-forza-in-psicoterapia\/","url":"https:\/\/puntodincontro.mx\/2022\/01\/14\/parliamo-la-stessa-lingua-un-punto-di-forza-in-psicoterapia\/","name":"Parliamo la stessa lingua? Un punto di forza in psicoterapia Puntodincontro","isPartOf":{"@id":"https:\/\/puntodincontro.mx\/#website"},"primaryImageOfPage":{"@id":"https:\/\/puntodincontro.mx\/2022\/01\/14\/parliamo-la-stessa-lingua-un-punto-di-forza-in-psicoterapia\/#primaryimage"},"image":{"@id":"https:\/\/puntodincontro.mx\/2022\/01\/14\/parliamo-la-stessa-lingua-un-punto-di-forza-in-psicoterapia\/#primaryimage"},"thumbnailUrl":"https:\/\/puntodincontro.mx\/wp-content\/uploads\/2022\/01\/parlarelastessalinguavert.webp","datePublished":"2022-01-14T11:50:08+00:00","dateModified":"2022-01-14T11:50:10+00:00","description":"Hablar el mismo idioma es una fortaleza en psicoterapia. Se han realizado varios estudios a nivel internacional que demuestran que cuando la persona y el terapeuta comparten el mismo idioma de origen, la terapia tiene mayor efectividad y mejores resultados.","breadcrumb":{"@id":"https:\/\/puntodincontro.mx\/2022\/01\/14\/parliamo-la-stessa-lingua-un-punto-di-forza-in-psicoterapia\/#breadcrumb"},"inLanguage":"es","potentialAction":[{"@type":"ReadAction","target":["https:\/\/puntodincontro.mx\/2022\/01\/14\/parliamo-la-stessa-lingua-un-punto-di-forza-in-psicoterapia\/"]}]},{"@type":"ImageObject","inLanguage":"es","@id":"https:\/\/puntodincontro.mx\/2022\/01\/14\/parliamo-la-stessa-lingua-un-punto-di-forza-in-psicoterapia\/#primaryimage","url":"https:\/\/puntodincontro.mx\/wp-content\/uploads\/2022\/01\/parlarelastessalinguavert.webp","contentUrl":"https:\/\/puntodincontro.mx\/wp-content\/uploads\/2022\/01\/parlarelastessalinguavert.webp","width":423,"height":488,"caption":"Parliamo la stessa lingua? Un punto di forza in psicoterapia"},{"@type":"BreadcrumbList","@id":"https:\/\/puntodincontro.mx\/2022\/01\/14\/parliamo-la-stessa-lingua-un-punto-di-forza-in-psicoterapia\/#breadcrumb","itemListElement":[{"@type":"ListItem","position":1,"name":"Home","item":"https:\/\/puntodincontro.mx\/"},{"@type":"ListItem","position":2,"name":"Parliamo la stessa lingua? Un punto di forza in psicoterapia"}]},{"@type":"WebSite","@id":"https:\/\/puntodincontro.mx\/#website","url":"https:\/\/puntodincontro.mx\/","name":"Puntodincontro","description":"Desde el 2006 noticias sobre las relaciones entre Italia y M\u00e9xico \/ Dal 2006 notizie sui rapporti Italia-Messico","publisher":{"@id":"https:\/\/puntodincontro.mx\/#organization"},"potentialAction":[{"@type":"SearchAction","target":{"@type":"EntryPoint","urlTemplate":"https:\/\/puntodincontro.mx\/?s={search_term_string}"},"query-input":{"@type":"PropertyValueSpecification","valueRequired":true,"valueName":"search_term_string"}}],"inLanguage":"es"},{"@type":"Organization","@id":"https:\/\/puntodincontro.mx\/#organization","name":"Puntodincontro","url":"https:\/\/puntodincontro.mx\/","logo":{"@type":"ImageObject","inLanguage":"es","@id":"https:\/\/puntodincontro.mx\/#\/schema\/logo\/image\/","url":"https:\/\/puntodincontro.mx\/wp-content\/uploads\/2021\/08\/Default-image-for-open-graph-settings.jpg","contentUrl":"https:\/\/puntodincontro.mx\/wp-content\/uploads\/2021\/08\/Default-image-for-open-graph-settings.jpg","width":1200,"height":630,"caption":"Puntodincontro"},"image":{"@id":"https:\/\/puntodincontro.mx\/#\/schema\/logo\/image\/"},"sameAs":["https:\/\/www.facebook.com\/puntodincontro.mx","https:\/\/x.com\/puntodincontro","https:\/\/www.instagram.com\/puntodincontro.mx\/","https:\/\/www.linkedin.com\/company\/puntodincontro\/","https:\/\/www.youtube.com\/c\/puntodincontromessico","https:\/\/www.patreon.com\/puntodincontro","https:\/\/www.threads.net\/@puntodincontro.mx"]},{"@type":"Person","@id":"https:\/\/puntodincontro.mx\/#\/schema\/person\/d3066d18a16259cbb0c29b0d0e93b556","name":"Puntodincontro","image":{"@type":"ImageObject","inLanguage":"es","@id":"https:\/\/puntodincontro.mx\/#\/schema\/person\/image\/","url":"https:\/\/secure.gravatar.com\/avatar\/0e85b4b3b5e9d6bfcec6a4956d8cc63a?s=96&d=mm&r=g","contentUrl":"https:\/\/secure.gravatar.com\/avatar\/0e85b4b3b5e9d6bfcec6a4956d8cc63a?s=96&d=mm&r=g","caption":"Puntodincontro"},"url":"https:\/\/puntodincontro.mx\/es\/author\/puntodincontro\/"}]}},"_links":{"self":[{"href":"https:\/\/puntodincontro.mx\/es\/wp-json\/wp\/v2\/posts\/2735"}],"collection":[{"href":"https:\/\/puntodincontro.mx\/es\/wp-json\/wp\/v2\/posts"}],"about":[{"href":"https:\/\/puntodincontro.mx\/es\/wp-json\/wp\/v2\/types\/post"}],"author":[{"embeddable":true,"href":"https:\/\/puntodincontro.mx\/es\/wp-json\/wp\/v2\/users\/2"}],"replies":[{"embeddable":true,"href":"https:\/\/puntodincontro.mx\/es\/wp-json\/wp\/v2\/comments?post=2735"}],"version-history":[{"count":3,"href":"https:\/\/puntodincontro.mx\/es\/wp-json\/wp\/v2\/posts\/2735\/revisions"}],"predecessor-version":[{"id":2741,"href":"https:\/\/puntodincontro.mx\/es\/wp-json\/wp\/v2\/posts\/2735\/revisions\/2741"}],"wp:featuredmedia":[{"embeddable":true,"href":"https:\/\/puntodincontro.mx\/es\/wp-json\/wp\/v2\/media\/2736"}],"wp:attachment":[{"href":"https:\/\/puntodincontro.mx\/es\/wp-json\/wp\/v2\/media?parent=2735"}],"wp:term":[{"taxonomy":"category","embeddable":true,"href":"https:\/\/puntodincontro.mx\/es\/wp-json\/wp\/v2\/categories?post=2735"},{"taxonomy":"post_tag","embeddable":true,"href":"https:\/\/puntodincontro.mx\/es\/wp-json\/wp\/v2\/tags?post=2735"}],"curies":[{"name":"wp","href":"https:\/\/api.w.org\/{rel}","templated":true}]}}