{"id":2772,"date":"2022-01-14T14:03:57","date_gmt":"2022-01-14T20:03:57","guid":{"rendered":"https:\/\/puntodincontro.mx\/?p=2772"},"modified":"2022-01-14T14:03:58","modified_gmt":"2022-01-14T20:03:58","slug":"italia-primera-en-europa-por-presencias-turisticas","status":"publish","type":"post","link":"https:\/\/puntodincontro.mx\/es\/2022\/01\/14\/italia-prima-in-europa-per-presenze-turistiche\/","title":{"rendered":"Italia primera en Europa por presencias tur\u00edsticas"},"content":{"rendered":"<p class=\"translation-block\"><strong>13:58 hrs.<\/strong> \u2013 Italia primer lugar en Europa por n\u00famero de presencias tur\u00edsticas. Lo anterior se desprende de un informe del Istat \u2014el \u00f3rgano estad\u00edstico del Estado\u2014 sobre los visitantes en el pa\u00eds de la bota en los primeros nueve meses de 2021.<\/p>\n\n\n\n<p>En 2021 los flujos tur\u00edsticos de todas las naciones europeos se vieron profundamente afectados por la pandemia de Covid-19, que limit\u00f3 severamente la movilidad de las personas. Eurostat estima que el n\u00famero de pernoctaciones en alojamientos de los 27 pa\u00edses miembros de la Uni\u00f3n Europea fue de aproximadamente 1,100 millones en los ocho primeros meses de 2021, un valor similar al del mismo periodo de 2020, pero alrededor de 50% inferior que en 2019, el a\u00f1o anterior a la pandemia.<\/p>\n\n\n\n<p>Entre los pa\u00edses que muestran un mayor descenso de presencias respecto al mismo periodo de 2019 se encuentran Malta (-65.4%), Letonia (-58.7%), Hungr\u00eda (-57.8%) y Portugal (-56,2%). Les sigue Espa\u00f1a que, con un descenso del 54.6%, pierde la primera posici\u00f3n del ranking europeo y deja el paso a Italia, en primera posici\u00f3n en 2021, y a Alemania, en segunda posici\u00f3n.<\/p>\n\n\n\n<p>En lo que respecta a los nueve primeros meses de 2021 los datos provisionales para el Bel Paese muestran una tendencia menos negativa que la media europea respecto a 2019, con un descenso del 38.4% en las llegadas a los establecimientos hoteleros (145 millones de hu\u00e9spedes menos) mientras las entradas tur\u00edsticas al pa\u00eds registran una disminuci\u00f3n del 46.5%.<\/p>\n\n\n\n<div style=\"height:12px\" aria-hidden=\"true\" class=\"wp-block-spacer\"><\/div>\n\n\n\n\n\n<div style=\"height:12px\" aria-hidden=\"true\" class=\"wp-block-spacer\"><\/div>","protected":false},"excerpt":{"rendered":"<p>Ore 13.58 &#8211; Italia prima in Europa per numero di presenze turistiche. \u00c8 quanto emerge da un rapporto dell\u2019Istat sul movimento turistico in Italia nei primi nove mesi del 2021. Nel 2021 i flussi turistici di tutti i Paesi europei sono stati profondamente segnati dalla pandemia da Covid-19, che ha fortemente limitato la mobilit\u00e0 delle persone. Eurostat stima, infatti, che il numero delle notti trascorse (presenze) nelle strutture ricettive nell\u2019Unione europea (Ue 27) sia pari a circa 1,1 miliardi nei primi otto mesi del 2021, valore analogo a quello dello stesso periodo del 2020, ma inferiore di circa il 50%&#8230; <\/p>","protected":false},"author":2,"featured_media":2774,"comment_status":"open","ping_status":"open","sticky":false,"template":"","format":"standard","meta":{"_monsterinsights_skip_tracking":false,"_monsterinsights_sitenote_active":false,"_monsterinsights_sitenote_note":"","_monsterinsights_sitenote_category":0,"footnotes":""},"categories":[8],"tags":[],"class_list":["post-2772","post","type-post","status-publish","format-standard","has-post-thumbnail","hentry","category-viaggi"],"yoast_head":"<!-- This site is optimized with the Yoast SEO Premium plugin v18.4 (Yoast SEO v25.6) - https:\/\/yoast.com\/wordpress\/plugins\/seo\/ -->\n<title>Italia prima in Europa per presenze turistiche Puntodincontro<\/title>\n<meta name=\"description\" content=\"Italia prima in Europa per numero di presenze turistiche. \u00c8 quanto emerge da un rapporto dell\u2019Istat sul movimento turistico in Italia nei primi nove mesi del 2021.\" \/>\n<meta name=\"robots\" content=\"index, follow, max-snippet:-1, max-image-preview:large, max-video-preview:-1\" \/>\n<link rel=\"canonical\" href=\"https:\/\/puntodincontro.mx\/es\/2022\/01\/14\/italia-primera-en-europa-por-presencias-turisticas\/\" \/>\n<meta property=\"og:locale\" content=\"es_MX\" \/>\n<meta property=\"og:type\" content=\"article\" \/>\n<meta property=\"og:title\" content=\"Italia prima in Europa per presenze turistiche\" \/>\n<meta property=\"og:description\" content=\"Italia prima in Europa per numero di presenze turistiche. \u00c8 quanto emerge da un rapporto dell\u2019Istat sul movimento turistico in Italia nei primi nove mesi del 2021.\" \/>\n<meta property=\"og:url\" content=\"https:\/\/puntodincontro.mx\/es\/2022\/01\/14\/italia-primera-en-europa-por-presencias-turisticas\/\" \/>\n<meta property=\"og:site_name\" content=\"Puntodincontro\" \/>\n<meta property=\"article:publisher\" content=\"https:\/\/www.facebook.com\/puntodincontro.mx\" \/>\n<meta property=\"article:published_time\" content=\"2022-01-14T20:03:57+00:00\" \/>\n<meta property=\"article:modified_time\" content=\"2022-01-14T20:03:58+00:00\" \/>\n<meta property=\"og:image\" content=\"https:\/\/puntodincontro.mx\/wp-content\/uploads\/2022\/01\/turistiinitaliavert.webp\" \/>\n\t<meta property=\"og:image:width\" content=\"423\" \/>\n\t<meta property=\"og:image:height\" content=\"488\" \/>\n\t<meta property=\"og:image:type\" content=\"image\/webp\" \/>\n<meta name=\"author\" content=\"Puntodincontro\" \/>\n<meta name=\"twitter:card\" content=\"summary_large_image\" \/>\n<meta name=\"twitter:creator\" content=\"@puntodincontro\" \/>\n<meta name=\"twitter:site\" content=\"@puntodincontro\" \/>\n<meta name=\"twitter:label1\" content=\"Escrito por\" \/>\n\t<meta name=\"twitter:data1\" content=\"Puntodincontro\" \/>\n\t<meta name=\"twitter:label2\" content=\"Tiempo de lectura\" \/>\n\t<meta name=\"twitter:data2\" content=\"2 minutos\" \/>\n<script type=\"application\/ld+json\" class=\"yoast-schema-graph\">{\"@context\":\"https:\/\/schema.org\",\"@graph\":[{\"@type\":\"NewsArticle\",\"@id\":\"https:\/\/puntodincontro.mx\/2022\/01\/14\/italia-prima-in-europa-per-presenze-turistiche\/#article\",\"isPartOf\":{\"@id\":\"https:\/\/puntodincontro.mx\/2022\/01\/14\/italia-prima-in-europa-per-presenze-turistiche\/\"},\"author\":{\"name\":\"Puntodincontro\",\"@id\":\"https:\/\/puntodincontro.mx\/#\/schema\/person\/d3066d18a16259cbb0c29b0d0e93b556\"},\"headline\":\"Italia prima in Europa per presenze turistiche\",\"datePublished\":\"2022-01-14T20:03:57+00:00\",\"dateModified\":\"2022-01-14T20:03:58+00:00\",\"mainEntityOfPage\":{\"@id\":\"https:\/\/puntodincontro.mx\/2022\/01\/14\/italia-prima-in-europa-per-presenze-turistiche\/\"},\"wordCount\":208,\"commentCount\":0,\"publisher\":{\"@id\":\"https:\/\/puntodincontro.mx\/#organization\"},\"image\":{\"@id\":\"https:\/\/puntodincontro.mx\/2022\/01\/14\/italia-prima-in-europa-per-presenze-turistiche\/#primaryimage\"},\"thumbnailUrl\":\"https:\/\/puntodincontro.mx\/wp-content\/uploads\/2022\/01\/turistiinitaliavert.webp\",\"articleSection\":[\"Viaggi\"],\"inLanguage\":\"es\",\"potentialAction\":[{\"@type\":\"CommentAction\",\"name\":\"Comment\",\"target\":[\"https:\/\/puntodincontro.mx\/2022\/01\/14\/italia-prima-in-europa-per-presenze-turistiche\/#respond\"]}]},{\"@type\":\"WebPage\",\"@id\":\"https:\/\/puntodincontro.mx\/2022\/01\/14\/italia-prima-in-europa-per-presenze-turistiche\/\",\"url\":\"https:\/\/puntodincontro.mx\/2022\/01\/14\/italia-prima-in-europa-per-presenze-turistiche\/\",\"name\":\"Italia prima in Europa per presenze turistiche Puntodincontro\",\"isPartOf\":{\"@id\":\"https:\/\/puntodincontro.mx\/#website\"},\"primaryImageOfPage\":{\"@id\":\"https:\/\/puntodincontro.mx\/2022\/01\/14\/italia-prima-in-europa-per-presenze-turistiche\/#primaryimage\"},\"image\":{\"@id\":\"https:\/\/puntodincontro.mx\/2022\/01\/14\/italia-prima-in-europa-per-presenze-turistiche\/#primaryimage\"},\"thumbnailUrl\":\"https:\/\/puntodincontro.mx\/wp-content\/uploads\/2022\/01\/turistiinitaliavert.webp\",\"datePublished\":\"2022-01-14T20:03:57+00:00\",\"dateModified\":\"2022-01-14T20:03:58+00:00\",\"description\":\"Italia prima in Europa per numero di presenze turistiche. \u00c8 quanto emerge da un rapporto dell\u2019Istat sul movimento turistico in Italia nei primi nove mesi del 2021.\",\"breadcrumb\":{\"@id\":\"https:\/\/puntodincontro.mx\/2022\/01\/14\/italia-prima-in-europa-per-presenze-turistiche\/#breadcrumb\"},\"inLanguage\":\"es\",\"potentialAction\":[{\"@type\":\"ReadAction\",\"target\":[\"https:\/\/puntodincontro.mx\/2022\/01\/14\/italia-prima-in-europa-per-presenze-turistiche\/\"]}]},{\"@type\":\"ImageObject\",\"inLanguage\":\"es\",\"@id\":\"https:\/\/puntodincontro.mx\/2022\/01\/14\/italia-prima-in-europa-per-presenze-turistiche\/#primaryimage\",\"url\":\"https:\/\/puntodincontro.mx\/wp-content\/uploads\/2022\/01\/turistiinitaliavert.webp\",\"contentUrl\":\"https:\/\/puntodincontro.mx\/wp-content\/uploads\/2022\/01\/turistiinitaliavert.webp\",\"width\":423,\"height\":488,\"caption\":\"Italia prima in Europa per presenze turistiche\"},{\"@type\":\"BreadcrumbList\",\"@id\":\"https:\/\/puntodincontro.mx\/2022\/01\/14\/italia-prima-in-europa-per-presenze-turistiche\/#breadcrumb\",\"itemListElement\":[{\"@type\":\"ListItem\",\"position\":1,\"name\":\"Home\",\"item\":\"https:\/\/puntodincontro.mx\/\"},{\"@type\":\"ListItem\",\"position\":2,\"name\":\"Italia prima in Europa per presenze turistiche\"}]},{\"@type\":\"WebSite\",\"@id\":\"https:\/\/puntodincontro.mx\/#website\",\"url\":\"https:\/\/puntodincontro.mx\/\",\"name\":\"Puntodincontro\",\"description\":\"Dal 2006 notizie sui rapporti Italia-Messico \/ Desde 2006 noticias sobre las relaciones entre Italia y M\u00e9xico\",\"publisher\":{\"@id\":\"https:\/\/puntodincontro.mx\/#organization\"},\"potentialAction\":[{\"@type\":\"SearchAction\",\"target\":{\"@type\":\"EntryPoint\",\"urlTemplate\":\"https:\/\/puntodincontro.mx\/?s={search_term_string}\"},\"query-input\":{\"@type\":\"PropertyValueSpecification\",\"valueRequired\":true,\"valueName\":\"search_term_string\"}}],\"inLanguage\":\"es\"},{\"@type\":\"Organization\",\"@id\":\"https:\/\/puntodincontro.mx\/#organization\",\"name\":\"Puntodincontro\",\"url\":\"https:\/\/puntodincontro.mx\/\",\"logo\":{\"@type\":\"ImageObject\",\"inLanguage\":\"es\",\"@id\":\"https:\/\/puntodincontro.mx\/#\/schema\/logo\/image\/\",\"url\":\"https:\/\/puntodincontro.mx\/wp-content\/uploads\/2021\/08\/Default-image-for-open-graph-settings.jpg\",\"contentUrl\":\"https:\/\/puntodincontro.mx\/wp-content\/uploads\/2021\/08\/Default-image-for-open-graph-settings.jpg\",\"width\":1200,\"height\":630,\"caption\":\"Puntodincontro\"},\"image\":{\"@id\":\"https:\/\/puntodincontro.mx\/#\/schema\/logo\/image\/\"},\"sameAs\":[\"https:\/\/www.facebook.com\/puntodincontro.mx\",\"https:\/\/x.com\/puntodincontro\",\"https:\/\/www.instagram.com\/puntodincontro.mx\/\",\"https:\/\/www.linkedin.com\/company\/puntodincontro\/\",\"https:\/\/www.youtube.com\/c\/puntodincontromessico\",\"https:\/\/www.patreon.com\/puntodincontro\",\"https:\/\/www.threads.net\/@puntodincontro.mx\"]},{\"@type\":\"Person\",\"@id\":\"https:\/\/puntodincontro.mx\/#\/schema\/person\/d3066d18a16259cbb0c29b0d0e93b556\",\"name\":\"Puntodincontro\",\"image\":{\"@type\":\"ImageObject\",\"inLanguage\":\"es\",\"@id\":\"https:\/\/puntodincontro.mx\/#\/schema\/person\/image\/\",\"url\":\"https:\/\/secure.gravatar.com\/avatar\/0e85b4b3b5e9d6bfcec6a4956d8cc63a?s=96&d=mm&r=g\",\"contentUrl\":\"https:\/\/secure.gravatar.com\/avatar\/0e85b4b3b5e9d6bfcec6a4956d8cc63a?s=96&d=mm&r=g\",\"caption\":\"Puntodincontro\"},\"url\":\"https:\/\/puntodincontro.mx\/es\/author\/puntodincontro\/\"}]}<\/script>\n<!-- \/ Yoast SEO Premium plugin. -->","yoast_head_json":{"title":"Italia prima in Europa per presenze turistiche Puntodincontro","description":"Italia primer lugar en Europa por n\u00famero de presencias tur\u00edsticas. Lo anterior se desprende de un informe del Istat \u2014el \u00f3rgano estad\u00edstico del Estado\u2014 sobre los visitantes en el pa\u00eds de la bota en los primeros nueve meses de 2021.","robots":{"index":"index","follow":"follow","max-snippet":"max-snippet:-1","max-image-preview":"max-image-preview:large","max-video-preview":"max-video-preview:-1"},"canonical":"https:\/\/puntodincontro.mx\/es\/2022\/01\/14\/italia-primera-en-europa-por-presencias-turisticas\/","og_locale":"es_MX","og_type":"article","og_title":"Italia prima in Europa per presenze turistiche","og_description":"Italia prima in Europa per numero di presenze turistiche. \u00c8 quanto emerge da un rapporto dell\u2019Istat sul movimento turistico in Italia nei primi nove mesi del 2021.","og_url":"https:\/\/puntodincontro.mx\/es\/2022\/01\/14\/italia-primera-en-europa-por-presencias-turisticas\/","og_site_name":"Puntodincontro","article_publisher":"https:\/\/www.facebook.com\/puntodincontro.mx","article_published_time":"2022-01-14T20:03:57+00:00","article_modified_time":"2022-01-14T20:03:58+00:00","og_image":[{"width":423,"height":488,"url":"https:\/\/puntodincontro.mx\/wp-content\/uploads\/2022\/01\/turistiinitaliavert.webp","type":"image\/webp"}],"author":"Puntodincontro","twitter_card":"summary_large_image","twitter_creator":"@puntodincontro","twitter_site":"@puntodincontro","twitter_misc":{"Escrito por":"Puntodincontro","Tiempo de lectura":"2 minutos"},"schema":{"@context":"https:\/\/schema.org","@graph":[{"@type":"NewsArticle","@id":"https:\/\/puntodincontro.mx\/2022\/01\/14\/italia-prima-in-europa-per-presenze-turistiche\/#article","isPartOf":{"@id":"https:\/\/puntodincontro.mx\/2022\/01\/14\/italia-prima-in-europa-per-presenze-turistiche\/"},"author":{"name":"Puntodincontro","@id":"https:\/\/puntodincontro.mx\/#\/schema\/person\/d3066d18a16259cbb0c29b0d0e93b556"},"headline":"Italia prima in Europa per presenze turistiche","datePublished":"2022-01-14T20:03:57+00:00","dateModified":"2022-01-14T20:03:58+00:00","mainEntityOfPage":{"@id":"https:\/\/puntodincontro.mx\/2022\/01\/14\/italia-prima-in-europa-per-presenze-turistiche\/"},"wordCount":208,"commentCount":0,"publisher":{"@id":"https:\/\/puntodincontro.mx\/#organization"},"image":{"@id":"https:\/\/puntodincontro.mx\/2022\/01\/14\/italia-prima-in-europa-per-presenze-turistiche\/#primaryimage"},"thumbnailUrl":"https:\/\/puntodincontro.mx\/wp-content\/uploads\/2022\/01\/turistiinitaliavert.webp","articleSection":["Viaggi"],"inLanguage":"es","potentialAction":[{"@type":"CommentAction","name":"Comment","target":["https:\/\/puntodincontro.mx\/2022\/01\/14\/italia-prima-in-europa-per-presenze-turistiche\/#respond"]}]},{"@type":"WebPage","@id":"https:\/\/puntodincontro.mx\/2022\/01\/14\/italia-prima-in-europa-per-presenze-turistiche\/","url":"https:\/\/puntodincontro.mx\/2022\/01\/14\/italia-prima-in-europa-per-presenze-turistiche\/","name":"Italia prima in Europa per presenze turistiche Puntodincontro","isPartOf":{"@id":"https:\/\/puntodincontro.mx\/#website"},"primaryImageOfPage":{"@id":"https:\/\/puntodincontro.mx\/2022\/01\/14\/italia-prima-in-europa-per-presenze-turistiche\/#primaryimage"},"image":{"@id":"https:\/\/puntodincontro.mx\/2022\/01\/14\/italia-prima-in-europa-per-presenze-turistiche\/#primaryimage"},"thumbnailUrl":"https:\/\/puntodincontro.mx\/wp-content\/uploads\/2022\/01\/turistiinitaliavert.webp","datePublished":"2022-01-14T20:03:57+00:00","dateModified":"2022-01-14T20:03:58+00:00","description":"Italia primer lugar en Europa por n\u00famero de presencias tur\u00edsticas. Lo anterior se desprende de un informe del Istat \u2014el \u00f3rgano estad\u00edstico del Estado\u2014 sobre los visitantes en el pa\u00eds de la bota en los primeros nueve meses de 2021.","breadcrumb":{"@id":"https:\/\/puntodincontro.mx\/2022\/01\/14\/italia-prima-in-europa-per-presenze-turistiche\/#breadcrumb"},"inLanguage":"es","potentialAction":[{"@type":"ReadAction","target":["https:\/\/puntodincontro.mx\/2022\/01\/14\/italia-prima-in-europa-per-presenze-turistiche\/"]}]},{"@type":"ImageObject","inLanguage":"es","@id":"https:\/\/puntodincontro.mx\/2022\/01\/14\/italia-prima-in-europa-per-presenze-turistiche\/#primaryimage","url":"https:\/\/puntodincontro.mx\/wp-content\/uploads\/2022\/01\/turistiinitaliavert.webp","contentUrl":"https:\/\/puntodincontro.mx\/wp-content\/uploads\/2022\/01\/turistiinitaliavert.webp","width":423,"height":488,"caption":"Italia prima in Europa per presenze turistiche"},{"@type":"BreadcrumbList","@id":"https:\/\/puntodincontro.mx\/2022\/01\/14\/italia-prima-in-europa-per-presenze-turistiche\/#breadcrumb","itemListElement":[{"@type":"ListItem","position":1,"name":"Home","item":"https:\/\/puntodincontro.mx\/"},{"@type":"ListItem","position":2,"name":"Italia prima in Europa per presenze turistiche"}]},{"@type":"WebSite","@id":"https:\/\/puntodincontro.mx\/#website","url":"https:\/\/puntodincontro.mx\/","name":"Puntodincontro","description":"Desde el 2006 noticias sobre las relaciones entre Italia y M\u00e9xico \/ Dal 2006 notizie sui rapporti Italia-Messico","publisher":{"@id":"https:\/\/puntodincontro.mx\/#organization"},"potentialAction":[{"@type":"SearchAction","target":{"@type":"EntryPoint","urlTemplate":"https:\/\/puntodincontro.mx\/?s={search_term_string}"},"query-input":{"@type":"PropertyValueSpecification","valueRequired":true,"valueName":"search_term_string"}}],"inLanguage":"es"},{"@type":"Organization","@id":"https:\/\/puntodincontro.mx\/#organization","name":"Puntodincontro","url":"https:\/\/puntodincontro.mx\/","logo":{"@type":"ImageObject","inLanguage":"es","@id":"https:\/\/puntodincontro.mx\/#\/schema\/logo\/image\/","url":"https:\/\/puntodincontro.mx\/wp-content\/uploads\/2021\/08\/Default-image-for-open-graph-settings.jpg","contentUrl":"https:\/\/puntodincontro.mx\/wp-content\/uploads\/2021\/08\/Default-image-for-open-graph-settings.jpg","width":1200,"height":630,"caption":"Puntodincontro"},"image":{"@id":"https:\/\/puntodincontro.mx\/#\/schema\/logo\/image\/"},"sameAs":["https:\/\/www.facebook.com\/puntodincontro.mx","https:\/\/x.com\/puntodincontro","https:\/\/www.instagram.com\/puntodincontro.mx\/","https:\/\/www.linkedin.com\/company\/puntodincontro\/","https:\/\/www.youtube.com\/c\/puntodincontromessico","https:\/\/www.patreon.com\/puntodincontro","https:\/\/www.threads.net\/@puntodincontro.mx"]},{"@type":"Person","@id":"https:\/\/puntodincontro.mx\/#\/schema\/person\/d3066d18a16259cbb0c29b0d0e93b556","name":"Puntodincontro","image":{"@type":"ImageObject","inLanguage":"es","@id":"https:\/\/puntodincontro.mx\/#\/schema\/person\/image\/","url":"https:\/\/secure.gravatar.com\/avatar\/0e85b4b3b5e9d6bfcec6a4956d8cc63a?s=96&d=mm&r=g","contentUrl":"https:\/\/secure.gravatar.com\/avatar\/0e85b4b3b5e9d6bfcec6a4956d8cc63a?s=96&d=mm&r=g","caption":"Puntodincontro"},"url":"https:\/\/puntodincontro.mx\/es\/author\/puntodincontro\/"}]}},"_links":{"self":[{"href":"https:\/\/puntodincontro.mx\/es\/wp-json\/wp\/v2\/posts\/2772"}],"collection":[{"href":"https:\/\/puntodincontro.mx\/es\/wp-json\/wp\/v2\/posts"}],"about":[{"href":"https:\/\/puntodincontro.mx\/es\/wp-json\/wp\/v2\/types\/post"}],"author":[{"embeddable":true,"href":"https:\/\/puntodincontro.mx\/es\/wp-json\/wp\/v2\/users\/2"}],"replies":[{"embeddable":true,"href":"https:\/\/puntodincontro.mx\/es\/wp-json\/wp\/v2\/comments?post=2772"}],"version-history":[{"count":1,"href":"https:\/\/puntodincontro.mx\/es\/wp-json\/wp\/v2\/posts\/2772\/revisions"}],"predecessor-version":[{"id":2773,"href":"https:\/\/puntodincontro.mx\/es\/wp-json\/wp\/v2\/posts\/2772\/revisions\/2773"}],"wp:featuredmedia":[{"embeddable":true,"href":"https:\/\/puntodincontro.mx\/es\/wp-json\/wp\/v2\/media\/2774"}],"wp:attachment":[{"href":"https:\/\/puntodincontro.mx\/es\/wp-json\/wp\/v2\/media?parent=2772"}],"wp:term":[{"taxonomy":"category","embeddable":true,"href":"https:\/\/puntodincontro.mx\/es\/wp-json\/wp\/v2\/categories?post=2772"},{"taxonomy":"post_tag","embeddable":true,"href":"https:\/\/puntodincontro.mx\/es\/wp-json\/wp\/v2\/tags?post=2772"}],"curies":[{"name":"wp","href":"https:\/\/api.w.org\/{rel}","templated":true}]}}