{"id":2945,"date":"2022-01-29T13:44:53","date_gmt":"2022-01-29T19:44:53","guid":{"rendered":"https:\/\/puntodincontro.mx\/?p=2945"},"modified":"2022-01-29T14:26:20","modified_gmt":"2022-01-29T20:26:20","slug":"sergio-mattarella-es-el-13o-presidente-de-la-republica-italiana","status":"publish","type":"post","link":"https:\/\/puntodincontro.mx\/es\/2022\/01\/29\/sergio-mattarella-e-il-13o-presidente-della-repubblica-italiana\/","title":{"rendered":"Sergio Mattarella es el decimotercer presidente de la Rep\u00fablica Italiana"},"content":{"rendered":"<p class=\"translation-block\"><strong>13:37 hrs.<\/strong> \u2013 El Parlamento ya eligi\u00f3: Sergio Mattarella es el decimotercer presidente de la Rep\u00fablica Italiana.<\/p>\n\n\n\n<p>Al t\u00e9rmino del escrutinio de la octava votaci\u00f3n, realizado personalmente por el Presidente de la C\u00e1mara de Diputados Roberto Fico, y luego de una semana de rencillas entre partidos e incertidumbres, esta vez se lleg\u00f3 a una decisi\u00f3n.<\/p>\n\n\n\n<p>El qu\u00f3rum para la elecci\u00f3n estaba fijado en 505 y Mattarella obtuvo 759 votos.<\/p>\n\n\n\n<p>El acuerdo para su reeleci\u00f3n se alcanz\u00f3 en la cumbre mayoritaria, gracias tambi\u00e9n a la mediaci\u00f3n del primer ministro Mario Draghi.<\/p>\n\n\n\n<p>Los l\u00edderes de grupo de las fuerzas pol\u00edticas se reunieron luego con el Jefe de Estado saliente en el Quirinal hace unas horas para preguntarle su disponibilidad para la reelecci\u00f3n. \u00abTen\u00eda otros planes, pero soy respetuoso del Parlamento\u00bb, dijo el presidente, confirmando su aceptaci\u00f3n.<\/p>\n\n\n\n<p>Carlo Nordio, candidato de FdI, recibi\u00f3 90 votos, Nino Di Matteo 37, Silvio Berlusconi 9, Mario Draghi 5 y Elisabetta Belloni 6.<strong>,\u00a0<\/strong>a<strong>\u00a0<\/strong>Silvio Berlusconi<strong>\u00a0<\/strong>9,<strong>\u00a0<\/strong>a<strong>\u00a0<\/strong>Draghi\u00a05<strong>\u00a0<\/strong>e 6 a<strong>\u00a0<\/strong>Elisabetta Belloni.\u00a0<\/p>\n\n\n\n<div style=\"height:12px\" aria-hidden=\"true\" class=\"wp-block-spacer\"><\/div>\n\n\n\n\n\n<div style=\"height:12px\" aria-hidden=\"true\" class=\"wp-block-spacer\"><\/div>","protected":false},"excerpt":{"rendered":"<p>Ore 13.37 &#8211; Il Parlamento ha scelto: Sergio Mattarella \u00e8 il tredicesimo presidente della Repubblica Italiana. Alla fine dello spoglio dell&#8217;ottava votazione, effettuato personalmente dal presidente della Camera Roberto Fico, e dopo una settimana di liti tra i partiti e incertezze, questa volta \u00e8 stata fumata bianca. Il quorum per l\u2019elezione era fissato a 505 e Mattarella ha ottenuto 759 voti. L&#8217;intesa per il suo bis \u00e8 stata raggiunta nel vertice di maggioranza, grazie anche alla mediazione del premier Mario Draghi. I capigruppo delle forze politiche hanno poi incontrato il Capo dello Stato uscente al Quirinale alcune ore fa per&#8230; <\/p>","protected":false},"author":2,"featured_media":2946,"comment_status":"open","ping_status":"open","sticky":false,"template":"","format":"standard","meta":{"_monsterinsights_skip_tracking":false,"_monsterinsights_sitenote_active":false,"_monsterinsights_sitenote_note":"","_monsterinsights_sitenote_category":0,"footnotes":""},"categories":[18],"tags":[],"class_list":["post-2945","post","type-post","status-publish","format-standard","has-post-thumbnail","hentry","category-cronaca"],"yoast_head":"<!-- This site is optimized with the Yoast SEO Premium plugin v18.4 (Yoast SEO v25.6) - https:\/\/yoast.com\/wordpress\/plugins\/seo\/ -->\n<title>Sergio Mattarella \u00e8 il 13\u00ba Presidente della Repubblica Italiana Puntodincontro<\/title>\n<meta name=\"description\" content=\"Il Parlamento ha scelto: Sergio Mattarella \u00e8 il tredicesimo presidente della Repubblica Italiana. Alla fine dello spoglio dell&#039;ottava votazione, effettuato personalmente dal presidente della Camera Roberto Fico, e dopo una settimana di liti tra i partiti e incertezze, questa volta \u00e8 stata fumata bianca.\" \/>\n<meta name=\"robots\" content=\"index, follow, max-snippet:-1, max-image-preview:large, max-video-preview:-1\" \/>\n<link rel=\"canonical\" href=\"https:\/\/puntodincontro.mx\/es\/2022\/01\/29\/sergio-mattarella-es-el-13o-presidente-de-la-republica-italiana\/\" \/>\n<meta property=\"og:locale\" content=\"es_MX\" \/>\n<meta property=\"og:type\" content=\"article\" \/>\n<meta property=\"og:title\" content=\"Sergio Mattarella \u00e8 il 13\u00ba Presidente della Repubblica Italiana\" \/>\n<meta property=\"og:description\" content=\"Il Parlamento ha scelto: Sergio Mattarella \u00e8 il tredicesimo presidente della Repubblica Italiana. Alla fine dello spoglio dell&#039;ottava votazione, effettuato personalmente dal presidente della Camera Roberto Fico, e dopo una settimana di liti tra i partiti e incertezze, questa volta \u00e8 stata fumata bianca.\" \/>\n<meta property=\"og:url\" content=\"https:\/\/puntodincontro.mx\/es\/2022\/01\/29\/sergio-mattarella-es-el-13o-presidente-de-la-republica-italiana\/\" \/>\n<meta property=\"og:site_name\" content=\"Puntodincontro\" \/>\n<meta property=\"article:publisher\" content=\"https:\/\/www.facebook.com\/puntodincontro.mx\" \/>\n<meta property=\"article:published_time\" content=\"2022-01-29T19:44:53+00:00\" \/>\n<meta property=\"article:modified_time\" content=\"2022-01-29T20:26:20+00:00\" \/>\n<meta property=\"og:image\" content=\"https:\/\/puntodincontro.mx\/wp-content\/uploads\/2022\/01\/mattarellarielettovert.webp\" \/>\n\t<meta property=\"og:image:width\" content=\"423\" \/>\n\t<meta property=\"og:image:height\" content=\"488\" \/>\n\t<meta property=\"og:image:type\" content=\"image\/webp\" \/>\n<meta name=\"author\" content=\"Puntodincontro\" \/>\n<meta name=\"twitter:card\" content=\"summary_large_image\" \/>\n<meta name=\"twitter:creator\" content=\"@puntodincontro\" \/>\n<meta name=\"twitter:site\" content=\"@puntodincontro\" \/>\n<meta name=\"twitter:label1\" content=\"Escrito por\" \/>\n\t<meta name=\"twitter:data1\" content=\"Puntodincontro\" \/>\n\t<meta name=\"twitter:label2\" content=\"Tiempo de lectura\" \/>\n\t<meta name=\"twitter:data2\" content=\"1 minuto\" \/>\n<script type=\"application\/ld+json\" class=\"yoast-schema-graph\">{\"@context\":\"https:\/\/schema.org\",\"@graph\":[{\"@type\":\"NewsArticle\",\"@id\":\"https:\/\/puntodincontro.mx\/2022\/01\/29\/sergio-mattarella-e-il-13o-presidente-della-repubblica-italiana\/#article\",\"isPartOf\":{\"@id\":\"https:\/\/puntodincontro.mx\/2022\/01\/29\/sergio-mattarella-e-il-13o-presidente-della-repubblica-italiana\/\"},\"author\":{\"name\":\"Puntodincontro\",\"@id\":\"https:\/\/puntodincontro.mx\/#\/schema\/person\/d3066d18a16259cbb0c29b0d0e93b556\"},\"headline\":\"Sergio Mattarella \u00e8 il 13\u00ba Presidente della Repubblica Italiana\",\"datePublished\":\"2022-01-29T19:44:53+00:00\",\"dateModified\":\"2022-01-29T20:26:20+00:00\",\"mainEntityOfPage\":{\"@id\":\"https:\/\/puntodincontro.mx\/2022\/01\/29\/sergio-mattarella-e-il-13o-presidente-della-repubblica-italiana\/\"},\"wordCount\":149,\"commentCount\":1,\"publisher\":{\"@id\":\"https:\/\/puntodincontro.mx\/#organization\"},\"image\":{\"@id\":\"https:\/\/puntodincontro.mx\/2022\/01\/29\/sergio-mattarella-e-il-13o-presidente-della-repubblica-italiana\/#primaryimage\"},\"thumbnailUrl\":\"https:\/\/puntodincontro.mx\/wp-content\/uploads\/2022\/01\/mattarellarielettovert.webp\",\"articleSection\":[\"Cronaca\"],\"inLanguage\":\"es\",\"potentialAction\":[{\"@type\":\"CommentAction\",\"name\":\"Comment\",\"target\":[\"https:\/\/puntodincontro.mx\/2022\/01\/29\/sergio-mattarella-e-il-13o-presidente-della-repubblica-italiana\/#respond\"]}]},{\"@type\":\"WebPage\",\"@id\":\"https:\/\/puntodincontro.mx\/2022\/01\/29\/sergio-mattarella-e-il-13o-presidente-della-repubblica-italiana\/\",\"url\":\"https:\/\/puntodincontro.mx\/2022\/01\/29\/sergio-mattarella-e-il-13o-presidente-della-repubblica-italiana\/\",\"name\":\"Sergio Mattarella \u00e8 il 13\u00ba Presidente della Repubblica Italiana Puntodincontro\",\"isPartOf\":{\"@id\":\"https:\/\/puntodincontro.mx\/#website\"},\"primaryImageOfPage\":{\"@id\":\"https:\/\/puntodincontro.mx\/2022\/01\/29\/sergio-mattarella-e-il-13o-presidente-della-repubblica-italiana\/#primaryimage\"},\"image\":{\"@id\":\"https:\/\/puntodincontro.mx\/2022\/01\/29\/sergio-mattarella-e-il-13o-presidente-della-repubblica-italiana\/#primaryimage\"},\"thumbnailUrl\":\"https:\/\/puntodincontro.mx\/wp-content\/uploads\/2022\/01\/mattarellarielettovert.webp\",\"datePublished\":\"2022-01-29T19:44:53+00:00\",\"dateModified\":\"2022-01-29T20:26:20+00:00\",\"description\":\"Il Parlamento ha scelto: Sergio Mattarella \u00e8 il tredicesimo presidente della Repubblica Italiana. Alla fine dello spoglio dell'ottava votazione, effettuato personalmente dal presidente della Camera Roberto Fico, e dopo una settimana di liti tra i partiti e incertezze, questa volta \u00e8 stata fumata bianca.\",\"breadcrumb\":{\"@id\":\"https:\/\/puntodincontro.mx\/2022\/01\/29\/sergio-mattarella-e-il-13o-presidente-della-repubblica-italiana\/#breadcrumb\"},\"inLanguage\":\"es\",\"potentialAction\":[{\"@type\":\"ReadAction\",\"target\":[\"https:\/\/puntodincontro.mx\/2022\/01\/29\/sergio-mattarella-e-il-13o-presidente-della-repubblica-italiana\/\"]}]},{\"@type\":\"ImageObject\",\"inLanguage\":\"es\",\"@id\":\"https:\/\/puntodincontro.mx\/2022\/01\/29\/sergio-mattarella-e-il-13o-presidente-della-repubblica-italiana\/#primaryimage\",\"url\":\"https:\/\/puntodincontro.mx\/wp-content\/uploads\/2022\/01\/mattarellarielettovert.webp\",\"contentUrl\":\"https:\/\/puntodincontro.mx\/wp-content\/uploads\/2022\/01\/mattarellarielettovert.webp\",\"width\":423,\"height\":488,\"caption\":\"Sergio Mattarella \u00e8 il 13\u00ba Presidente della Repubblica Italiana\"},{\"@type\":\"BreadcrumbList\",\"@id\":\"https:\/\/puntodincontro.mx\/2022\/01\/29\/sergio-mattarella-e-il-13o-presidente-della-repubblica-italiana\/#breadcrumb\",\"itemListElement\":[{\"@type\":\"ListItem\",\"position\":1,\"name\":\"Home\",\"item\":\"https:\/\/puntodincontro.mx\/\"},{\"@type\":\"ListItem\",\"position\":2,\"name\":\"Sergio Mattarella \u00e8 il 13\u00ba Presidente della Repubblica Italiana\"}]},{\"@type\":\"WebSite\",\"@id\":\"https:\/\/puntodincontro.mx\/#website\",\"url\":\"https:\/\/puntodincontro.mx\/\",\"name\":\"Puntodincontro\",\"description\":\"Dal 2006 notizie sui rapporti Italia-Messico \/ Desde 2006 noticias sobre las relaciones entre Italia y M\u00e9xico\",\"publisher\":{\"@id\":\"https:\/\/puntodincontro.mx\/#organization\"},\"potentialAction\":[{\"@type\":\"SearchAction\",\"target\":{\"@type\":\"EntryPoint\",\"urlTemplate\":\"https:\/\/puntodincontro.mx\/?s={search_term_string}\"},\"query-input\":{\"@type\":\"PropertyValueSpecification\",\"valueRequired\":true,\"valueName\":\"search_term_string\"}}],\"inLanguage\":\"es\"},{\"@type\":\"Organization\",\"@id\":\"https:\/\/puntodincontro.mx\/#organization\",\"name\":\"Puntodincontro\",\"url\":\"https:\/\/puntodincontro.mx\/\",\"logo\":{\"@type\":\"ImageObject\",\"inLanguage\":\"es\",\"@id\":\"https:\/\/puntodincontro.mx\/#\/schema\/logo\/image\/\",\"url\":\"https:\/\/puntodincontro.mx\/wp-content\/uploads\/2021\/08\/Default-image-for-open-graph-settings.jpg\",\"contentUrl\":\"https:\/\/puntodincontro.mx\/wp-content\/uploads\/2021\/08\/Default-image-for-open-graph-settings.jpg\",\"width\":1200,\"height\":630,\"caption\":\"Puntodincontro\"},\"image\":{\"@id\":\"https:\/\/puntodincontro.mx\/#\/schema\/logo\/image\/\"},\"sameAs\":[\"https:\/\/www.facebook.com\/puntodincontro.mx\",\"https:\/\/x.com\/puntodincontro\",\"https:\/\/www.instagram.com\/puntodincontro.mx\/\",\"https:\/\/www.linkedin.com\/company\/puntodincontro\/\",\"https:\/\/www.youtube.com\/c\/puntodincontromessico\",\"https:\/\/www.patreon.com\/puntodincontro\",\"https:\/\/www.threads.net\/@puntodincontro.mx\"]},{\"@type\":\"Person\",\"@id\":\"https:\/\/puntodincontro.mx\/#\/schema\/person\/d3066d18a16259cbb0c29b0d0e93b556\",\"name\":\"Puntodincontro\",\"image\":{\"@type\":\"ImageObject\",\"inLanguage\":\"es\",\"@id\":\"https:\/\/puntodincontro.mx\/#\/schema\/person\/image\/\",\"url\":\"https:\/\/secure.gravatar.com\/avatar\/0e85b4b3b5e9d6bfcec6a4956d8cc63a?s=96&d=mm&r=g\",\"contentUrl\":\"https:\/\/secure.gravatar.com\/avatar\/0e85b4b3b5e9d6bfcec6a4956d8cc63a?s=96&d=mm&r=g\",\"caption\":\"Puntodincontro\"},\"url\":\"https:\/\/puntodincontro.mx\/es\/author\/puntodincontro\/\"}]}<\/script>\n<!-- \/ Yoast SEO Premium plugin. -->","yoast_head_json":{"title":"Sergio Mattarella \u00e8 il 13\u00ba Presidente della Repubblica Italiana Puntodincontro","description":"Il Parlamento ha scelto: Sergio Mattarella \u00e8 il tredicesimo presidente della Repubblica Italiana. Alla fine dello spoglio dell'ottava votazione, effettuato personalmente dal presidente della Camera Roberto Fico, e dopo una settimana di liti tra i partiti e incertezze, questa volta \u00e8 stata fumata bianca.","robots":{"index":"index","follow":"follow","max-snippet":"max-snippet:-1","max-image-preview":"max-image-preview:large","max-video-preview":"max-video-preview:-1"},"canonical":"https:\/\/puntodincontro.mx\/es\/2022\/01\/29\/sergio-mattarella-es-el-13o-presidente-de-la-republica-italiana\/","og_locale":"es_MX","og_type":"article","og_title":"Sergio Mattarella \u00e8 il 13\u00ba Presidente della Repubblica Italiana","og_description":"Il Parlamento ha scelto: Sergio Mattarella \u00e8 il tredicesimo presidente della Repubblica Italiana. Alla fine dello spoglio dell'ottava votazione, effettuato personalmente dal presidente della Camera Roberto Fico, e dopo una settimana di liti tra i partiti e incertezze, questa volta \u00e8 stata fumata bianca.","og_url":"https:\/\/puntodincontro.mx\/es\/2022\/01\/29\/sergio-mattarella-es-el-13o-presidente-de-la-republica-italiana\/","og_site_name":"Puntodincontro","article_publisher":"https:\/\/www.facebook.com\/puntodincontro.mx","article_published_time":"2022-01-29T19:44:53+00:00","article_modified_time":"2022-01-29T20:26:20+00:00","og_image":[{"width":423,"height":488,"url":"https:\/\/puntodincontro.mx\/wp-content\/uploads\/2022\/01\/mattarellarielettovert.webp","type":"image\/webp"}],"author":"Puntodincontro","twitter_card":"summary_large_image","twitter_creator":"@puntodincontro","twitter_site":"@puntodincontro","twitter_misc":{"Escrito por":"Puntodincontro","Tiempo de lectura":"1 minuto"},"schema":{"@context":"https:\/\/schema.org","@graph":[{"@type":"NewsArticle","@id":"https:\/\/puntodincontro.mx\/2022\/01\/29\/sergio-mattarella-e-il-13o-presidente-della-repubblica-italiana\/#article","isPartOf":{"@id":"https:\/\/puntodincontro.mx\/2022\/01\/29\/sergio-mattarella-e-il-13o-presidente-della-repubblica-italiana\/"},"author":{"name":"Puntodincontro","@id":"https:\/\/puntodincontro.mx\/#\/schema\/person\/d3066d18a16259cbb0c29b0d0e93b556"},"headline":"Sergio Mattarella \u00e8 il 13\u00ba Presidente della Repubblica Italiana","datePublished":"2022-01-29T19:44:53+00:00","dateModified":"2022-01-29T20:26:20+00:00","mainEntityOfPage":{"@id":"https:\/\/puntodincontro.mx\/2022\/01\/29\/sergio-mattarella-e-il-13o-presidente-della-repubblica-italiana\/"},"wordCount":149,"commentCount":1,"publisher":{"@id":"https:\/\/puntodincontro.mx\/#organization"},"image":{"@id":"https:\/\/puntodincontro.mx\/2022\/01\/29\/sergio-mattarella-e-il-13o-presidente-della-repubblica-italiana\/#primaryimage"},"thumbnailUrl":"https:\/\/puntodincontro.mx\/wp-content\/uploads\/2022\/01\/mattarellarielettovert.webp","articleSection":["Cronaca"],"inLanguage":"es","potentialAction":[{"@type":"CommentAction","name":"Comment","target":["https:\/\/puntodincontro.mx\/2022\/01\/29\/sergio-mattarella-e-il-13o-presidente-della-repubblica-italiana\/#respond"]}]},{"@type":"WebPage","@id":"https:\/\/puntodincontro.mx\/2022\/01\/29\/sergio-mattarella-e-il-13o-presidente-della-repubblica-italiana\/","url":"https:\/\/puntodincontro.mx\/2022\/01\/29\/sergio-mattarella-e-il-13o-presidente-della-repubblica-italiana\/","name":"Sergio Mattarella \u00e8 il 13\u00ba Presidente della Repubblica Italiana Puntodincontro","isPartOf":{"@id":"https:\/\/puntodincontro.mx\/#website"},"primaryImageOfPage":{"@id":"https:\/\/puntodincontro.mx\/2022\/01\/29\/sergio-mattarella-e-il-13o-presidente-della-repubblica-italiana\/#primaryimage"},"image":{"@id":"https:\/\/puntodincontro.mx\/2022\/01\/29\/sergio-mattarella-e-il-13o-presidente-della-repubblica-italiana\/#primaryimage"},"thumbnailUrl":"https:\/\/puntodincontro.mx\/wp-content\/uploads\/2022\/01\/mattarellarielettovert.webp","datePublished":"2022-01-29T19:44:53+00:00","dateModified":"2022-01-29T20:26:20+00:00","description":"Il Parlamento ha scelto: Sergio Mattarella \u00e8 il tredicesimo presidente della Repubblica Italiana. Alla fine dello spoglio dell'ottava votazione, effettuato personalmente dal presidente della Camera Roberto Fico, e dopo una settimana di liti tra i partiti e incertezze, questa volta \u00e8 stata fumata bianca.","breadcrumb":{"@id":"https:\/\/puntodincontro.mx\/2022\/01\/29\/sergio-mattarella-e-il-13o-presidente-della-repubblica-italiana\/#breadcrumb"},"inLanguage":"es","potentialAction":[{"@type":"ReadAction","target":["https:\/\/puntodincontro.mx\/2022\/01\/29\/sergio-mattarella-e-il-13o-presidente-della-repubblica-italiana\/"]}]},{"@type":"ImageObject","inLanguage":"es","@id":"https:\/\/puntodincontro.mx\/2022\/01\/29\/sergio-mattarella-e-il-13o-presidente-della-repubblica-italiana\/#primaryimage","url":"https:\/\/puntodincontro.mx\/wp-content\/uploads\/2022\/01\/mattarellarielettovert.webp","contentUrl":"https:\/\/puntodincontro.mx\/wp-content\/uploads\/2022\/01\/mattarellarielettovert.webp","width":423,"height":488,"caption":"Sergio Mattarella \u00e8 il 13\u00ba Presidente della Repubblica Italiana"},{"@type":"BreadcrumbList","@id":"https:\/\/puntodincontro.mx\/2022\/01\/29\/sergio-mattarella-e-il-13o-presidente-della-repubblica-italiana\/#breadcrumb","itemListElement":[{"@type":"ListItem","position":1,"name":"Home","item":"https:\/\/puntodincontro.mx\/"},{"@type":"ListItem","position":2,"name":"Sergio Mattarella \u00e8 il 13\u00ba Presidente della Repubblica Italiana"}]},{"@type":"WebSite","@id":"https:\/\/puntodincontro.mx\/#website","url":"https:\/\/puntodincontro.mx\/","name":"Puntodincontro","description":"Desde el 2006 noticias sobre las relaciones entre Italia y M\u00e9xico \/ Dal 2006 notizie sui rapporti Italia-Messico","publisher":{"@id":"https:\/\/puntodincontro.mx\/#organization"},"potentialAction":[{"@type":"SearchAction","target":{"@type":"EntryPoint","urlTemplate":"https:\/\/puntodincontro.mx\/?s={search_term_string}"},"query-input":{"@type":"PropertyValueSpecification","valueRequired":true,"valueName":"search_term_string"}}],"inLanguage":"es"},{"@type":"Organization","@id":"https:\/\/puntodincontro.mx\/#organization","name":"Puntodincontro","url":"https:\/\/puntodincontro.mx\/","logo":{"@type":"ImageObject","inLanguage":"es","@id":"https:\/\/puntodincontro.mx\/#\/schema\/logo\/image\/","url":"https:\/\/puntodincontro.mx\/wp-content\/uploads\/2021\/08\/Default-image-for-open-graph-settings.jpg","contentUrl":"https:\/\/puntodincontro.mx\/wp-content\/uploads\/2021\/08\/Default-image-for-open-graph-settings.jpg","width":1200,"height":630,"caption":"Puntodincontro"},"image":{"@id":"https:\/\/puntodincontro.mx\/#\/schema\/logo\/image\/"},"sameAs":["https:\/\/www.facebook.com\/puntodincontro.mx","https:\/\/x.com\/puntodincontro","https:\/\/www.instagram.com\/puntodincontro.mx\/","https:\/\/www.linkedin.com\/company\/puntodincontro\/","https:\/\/www.youtube.com\/c\/puntodincontromessico","https:\/\/www.patreon.com\/puntodincontro","https:\/\/www.threads.net\/@puntodincontro.mx"]},{"@type":"Person","@id":"https:\/\/puntodincontro.mx\/#\/schema\/person\/d3066d18a16259cbb0c29b0d0e93b556","name":"Puntodincontro","image":{"@type":"ImageObject","inLanguage":"es","@id":"https:\/\/puntodincontro.mx\/#\/schema\/person\/image\/","url":"https:\/\/secure.gravatar.com\/avatar\/0e85b4b3b5e9d6bfcec6a4956d8cc63a?s=96&d=mm&r=g","contentUrl":"https:\/\/secure.gravatar.com\/avatar\/0e85b4b3b5e9d6bfcec6a4956d8cc63a?s=96&d=mm&r=g","caption":"Puntodincontro"},"url":"https:\/\/puntodincontro.mx\/es\/author\/puntodincontro\/"}]}},"_links":{"self":[{"href":"https:\/\/puntodincontro.mx\/es\/wp-json\/wp\/v2\/posts\/2945"}],"collection":[{"href":"https:\/\/puntodincontro.mx\/es\/wp-json\/wp\/v2\/posts"}],"about":[{"href":"https:\/\/puntodincontro.mx\/es\/wp-json\/wp\/v2\/types\/post"}],"author":[{"embeddable":true,"href":"https:\/\/puntodincontro.mx\/es\/wp-json\/wp\/v2\/users\/2"}],"replies":[{"embeddable":true,"href":"https:\/\/puntodincontro.mx\/es\/wp-json\/wp\/v2\/comments?post=2945"}],"version-history":[{"count":8,"href":"https:\/\/puntodincontro.mx\/es\/wp-json\/wp\/v2\/posts\/2945\/revisions"}],"predecessor-version":[{"id":2959,"href":"https:\/\/puntodincontro.mx\/es\/wp-json\/wp\/v2\/posts\/2945\/revisions\/2959"}],"wp:featuredmedia":[{"embeddable":true,"href":"https:\/\/puntodincontro.mx\/es\/wp-json\/wp\/v2\/media\/2946"}],"wp:attachment":[{"href":"https:\/\/puntodincontro.mx\/es\/wp-json\/wp\/v2\/media?parent=2945"}],"wp:term":[{"taxonomy":"category","embeddable":true,"href":"https:\/\/puntodincontro.mx\/es\/wp-json\/wp\/v2\/categories?post=2945"},{"taxonomy":"post_tag","embeddable":true,"href":"https:\/\/puntodincontro.mx\/es\/wp-json\/wp\/v2\/tags?post=2945"}],"curies":[{"name":"wp","href":"https:\/\/api.w.org\/{rel}","templated":true}]}}