{"id":3121,"date":"2022-02-05T17:54:46","date_gmt":"2022-02-05T23:54:46","guid":{"rendered":"https:\/\/puntodincontro.mx\/?p=3121"},"modified":"2022-02-05T17:54:47","modified_gmt":"2022-02-05T23:54:47","slug":"prezzo-della-pasta-in-italia-38-nella-catena-ce-anche-il-messico","status":"publish","type":"post","link":"https:\/\/puntodincontro.mx\/es\/2022\/02\/05\/prezzo-della-pasta-in-italia-38-nella-catena-ce-anche-il-messico\/","title":{"rendered":"Precio de la pasta en Italia +38%. En la cadena tambi\u00e9n est\u00e1 M\u00e9xico"},"content":{"rendered":"<p class=\"translation-block\"><strong>17:44 hrs.<\/strong> \u2013 Un salto hacia adelante en el precio del trigo ha provocado en Italia aumentos en la pasta, el pan, la harina y muchos otros productos procesados. El kilo de espaguetis, que en septiembre en los supermercados se compraba a 1.10 euros, ahora cuesta 1.52. Un aumento del 38%.<\/p>\n\n\n\n<p>\u00abLos cultivos italianos no cubren las necesidades de los productores y nos vemos obligados a importar trigo del extranjero\u00bb explic\u00f3 hace unos d\u00edas Vincenzino Rota, presidente de Confagricoltura Roma. Seg\u00fan datos de Coldiretti, \u00abel trigo duro italiano se paga menos a los agricultores nacionales que el de otros pa\u00edses, que representa el 40% en la producci\u00f3n de pasta\u00bb.<\/p>\n\n\n\n<p class=\"translation-block\">M\u00e9xico, una de las naciones proveedoras de Italia, es el tercer exportador mundial de trigo duro y su principal \u00e1rea de producci\u00f3n es el valle del Yaqui en el Estado norte\u00f1o de Sonora. <a href=\"https:\/\/idp.cimmyt.org\/consideraciones-sobre-la-siembra-en-seco-de-trigo-duro\/\" target=\"_blank\" rel=\"noreferrer noopener\">Seg\u00fan el Centro Internacional de Mejoramiento de Ma\u00edz y Trigo (CIMMYT)<\/a>, desde 2002 la menor disponibilidad de agua de riego provocada por la escasez de lluvias y la recarga de los embalses \u2014junto con el aumento de la demanda de otros usuarios\u2014 ha provocado una disminuci\u00f3n de la producci\u00f3n.<\/p>\n\n\n\n<p>A finales de julio de 2021, durante una visita a Roma, el Ministro de Agricultura de M\u00e9xico, V\u00edctor Villalobos Ar\u00e1mbula, se reuni\u00f3 con un grupo de los principales importadores italianos de trigo con quienes abord\u00f3 los problemas relacionados con el abastecimiento de trigo duro. El pa\u00eds latinoamericano y Canad\u00e1 \u00abrevisaron a la baja sus estimaciones de inventarios, lo que ha provocado que su valor suba\u00bb, a\u00f1adi\u00f3 Rota.<\/p>\n\n\n\n<div style=\"height:12px\" aria-hidden=\"true\" class=\"wp-block-spacer\"><\/div>\n\n\n\n\n\n<div style=\"height:12px\" aria-hidden=\"true\" class=\"wp-block-spacer\"><\/div>","protected":false},"excerpt":{"rendered":"<p>Ore 17.44 &#8211; Balzo in avanti del prezzo del grano che fa rincarare in Italia pasta, pane, farina e tanti altri prodotti lavorati. Un chilo di spaghetti, che a settembre nella grande distribuzione si comprava a 1,10 euro, ora ne costa 1,52. Un aumento del 38%. \u00abLe coltivazioni italiane non soddisfano il fabbisogno dei produttori e siamo costretti a importare grano dall\u2019estero\u00bb, ha spiegato nei giorni scorsi Vincenzino Rota, presidente di Confagricoltura Roma. Secondo dati di Coldiretti, \u00abil grano duro italiano \u00e8 pagato agli agricoltori nazionali meno di quello proveniente da altri Paesi, che pesa per il 40% sulla produzione&#8230; <\/p>","protected":false},"author":2,"featured_media":3125,"comment_status":"open","ping_status":"open","sticky":false,"template":"","format":"standard","meta":{"_monsterinsights_skip_tracking":false,"_monsterinsights_sitenote_active":false,"_monsterinsights_sitenote_note":"","_monsterinsights_sitenote_category":0,"footnotes":""},"categories":[3],"tags":[],"class_list":["post-3121","post","type-post","status-publish","format-standard","has-post-thumbnail","hentry","category-economia-e-finanza"],"yoast_head":"<!-- This site is optimized with the Yoast SEO Premium plugin v18.4 (Yoast SEO v25.6) - https:\/\/yoast.com\/wordpress\/plugins\/seo\/ -->\n<title>Prezzo della pasta in Italia +38%. Nella catena c&#039;\u00e8 anche il Messico Puntodincontro<\/title>\n<meta name=\"description\" content=\"Balzo in avanti del prezzo del grano che fa rincarare in Italia pasta, pane, farina e tanti altri prodotti lavorati. Un chilo di spaghetti, che a settembre nella grande distribuzione si comprava a 1,10 euro, ora ne costa 1,52. Un aumento del 38%.\" \/>\n<meta name=\"robots\" content=\"index, follow, max-snippet:-1, max-image-preview:large, max-video-preview:-1\" \/>\n<link rel=\"canonical\" href=\"https:\/\/puntodincontro.mx\/es\/2022\/02\/05\/prezzo-della-pasta-in-italia-38-nella-catena-ce-anche-il-messico\/\" \/>\n<meta property=\"og:locale\" content=\"es_MX\" \/>\n<meta property=\"og:type\" content=\"article\" \/>\n<meta property=\"og:title\" content=\"Prezzo della pasta in Italia +38%. Nella catena c&#039;\u00e8 anche il Messico\" \/>\n<meta property=\"og:description\" content=\"Balzo in avanti del prezzo del grano che fa rincarare in Italia pasta, pane, farina e tanti altri prodotti lavorati. Un chilo di spaghetti, che a settembre nella grande distribuzione si comprava a 1,10 euro, ora ne costa 1,52. Un aumento del 38%.\" \/>\n<meta property=\"og:url\" content=\"https:\/\/puntodincontro.mx\/es\/2022\/02\/05\/prezzo-della-pasta-in-italia-38-nella-catena-ce-anche-il-messico\/\" \/>\n<meta property=\"og:site_name\" content=\"Puntodincontro\" \/>\n<meta property=\"article:publisher\" content=\"https:\/\/www.facebook.com\/puntodincontro.mx\" \/>\n<meta property=\"article:published_time\" content=\"2022-02-05T23:54:46+00:00\" \/>\n<meta property=\"article:modified_time\" content=\"2022-02-05T23:54:47+00:00\" \/>\n<meta property=\"og:image\" content=\"https:\/\/puntodincontro.mx\/wp-content\/uploads\/2022\/02\/prezzopastavert.webp\" \/>\n\t<meta property=\"og:image:width\" content=\"423\" \/>\n\t<meta property=\"og:image:height\" content=\"488\" \/>\n\t<meta property=\"og:image:type\" content=\"image\/webp\" \/>\n<meta name=\"author\" content=\"Puntodincontro\" \/>\n<meta name=\"twitter:card\" content=\"summary_large_image\" \/>\n<meta name=\"twitter:creator\" content=\"@puntodincontro\" \/>\n<meta name=\"twitter:site\" content=\"@puntodincontro\" \/>\n<meta name=\"twitter:label1\" content=\"Escrito por\" \/>\n\t<meta name=\"twitter:data1\" content=\"Puntodincontro\" \/>\n\t<meta name=\"twitter:label2\" content=\"Tiempo de lectura\" \/>\n\t<meta name=\"twitter:data2\" content=\"2 minutos\" \/>\n<script type=\"application\/ld+json\" class=\"yoast-schema-graph\">{\"@context\":\"https:\/\/schema.org\",\"@graph\":[{\"@type\":\"NewsArticle\",\"@id\":\"https:\/\/puntodincontro.mx\/2022\/02\/05\/prezzo-della-pasta-in-italia-38-nella-catena-ce-anche-il-messico\/#article\",\"isPartOf\":{\"@id\":\"https:\/\/puntodincontro.mx\/2022\/02\/05\/prezzo-della-pasta-in-italia-38-nella-catena-ce-anche-il-messico\/\"},\"author\":{\"name\":\"Puntodincontro\",\"@id\":\"https:\/\/puntodincontro.mx\/#\/schema\/person\/d3066d18a16259cbb0c29b0d0e93b556\"},\"headline\":\"Prezzo della pasta in Italia +38%. Nella catena c&#8217;\u00e8 anche il Messico\",\"datePublished\":\"2022-02-05T23:54:46+00:00\",\"dateModified\":\"2022-02-05T23:54:47+00:00\",\"mainEntityOfPage\":{\"@id\":\"https:\/\/puntodincontro.mx\/2022\/02\/05\/prezzo-della-pasta-in-italia-38-nella-catena-ce-anche-il-messico\/\"},\"wordCount\":246,\"commentCount\":1,\"publisher\":{\"@id\":\"https:\/\/puntodincontro.mx\/#organization\"},\"image\":{\"@id\":\"https:\/\/puntodincontro.mx\/2022\/02\/05\/prezzo-della-pasta-in-italia-38-nella-catena-ce-anche-il-messico\/#primaryimage\"},\"thumbnailUrl\":\"https:\/\/puntodincontro.mx\/wp-content\/uploads\/2022\/02\/prezzopastavert.webp\",\"articleSection\":[\"Economia e finanza\"],\"inLanguage\":\"es\",\"potentialAction\":[{\"@type\":\"CommentAction\",\"name\":\"Comment\",\"target\":[\"https:\/\/puntodincontro.mx\/2022\/02\/05\/prezzo-della-pasta-in-italia-38-nella-catena-ce-anche-il-messico\/#respond\"]}]},{\"@type\":\"WebPage\",\"@id\":\"https:\/\/puntodincontro.mx\/2022\/02\/05\/prezzo-della-pasta-in-italia-38-nella-catena-ce-anche-il-messico\/\",\"url\":\"https:\/\/puntodincontro.mx\/2022\/02\/05\/prezzo-della-pasta-in-italia-38-nella-catena-ce-anche-il-messico\/\",\"name\":\"Prezzo della pasta in Italia +38%. Nella catena c'\u00e8 anche il Messico Puntodincontro\",\"isPartOf\":{\"@id\":\"https:\/\/puntodincontro.mx\/#website\"},\"primaryImageOfPage\":{\"@id\":\"https:\/\/puntodincontro.mx\/2022\/02\/05\/prezzo-della-pasta-in-italia-38-nella-catena-ce-anche-il-messico\/#primaryimage\"},\"image\":{\"@id\":\"https:\/\/puntodincontro.mx\/2022\/02\/05\/prezzo-della-pasta-in-italia-38-nella-catena-ce-anche-il-messico\/#primaryimage\"},\"thumbnailUrl\":\"https:\/\/puntodincontro.mx\/wp-content\/uploads\/2022\/02\/prezzopastavert.webp\",\"datePublished\":\"2022-02-05T23:54:46+00:00\",\"dateModified\":\"2022-02-05T23:54:47+00:00\",\"description\":\"Balzo in avanti del prezzo del grano che fa rincarare in Italia pasta, pane, farina e tanti altri prodotti lavorati. Un chilo di spaghetti, che a settembre nella grande distribuzione si comprava a 1,10 euro, ora ne costa 1,52. Un aumento del 38%.\",\"breadcrumb\":{\"@id\":\"https:\/\/puntodincontro.mx\/2022\/02\/05\/prezzo-della-pasta-in-italia-38-nella-catena-ce-anche-il-messico\/#breadcrumb\"},\"inLanguage\":\"es\",\"potentialAction\":[{\"@type\":\"ReadAction\",\"target\":[\"https:\/\/puntodincontro.mx\/2022\/02\/05\/prezzo-della-pasta-in-italia-38-nella-catena-ce-anche-il-messico\/\"]}]},{\"@type\":\"ImageObject\",\"inLanguage\":\"es\",\"@id\":\"https:\/\/puntodincontro.mx\/2022\/02\/05\/prezzo-della-pasta-in-italia-38-nella-catena-ce-anche-il-messico\/#primaryimage\",\"url\":\"https:\/\/puntodincontro.mx\/wp-content\/uploads\/2022\/02\/prezzopastavert.webp\",\"contentUrl\":\"https:\/\/puntodincontro.mx\/wp-content\/uploads\/2022\/02\/prezzopastavert.webp\",\"width\":423,\"height\":488,\"caption\":\"Prezzo della pasta in Italia +38%. Nella catena c'\u00e8 anche il Messico\"},{\"@type\":\"BreadcrumbList\",\"@id\":\"https:\/\/puntodincontro.mx\/2022\/02\/05\/prezzo-della-pasta-in-italia-38-nella-catena-ce-anche-il-messico\/#breadcrumb\",\"itemListElement\":[{\"@type\":\"ListItem\",\"position\":1,\"name\":\"Home\",\"item\":\"https:\/\/puntodincontro.mx\/\"},{\"@type\":\"ListItem\",\"position\":2,\"name\":\"Prezzo della pasta in Italia +38%. Nella catena c&#8217;\u00e8 anche il Messico\"}]},{\"@type\":\"WebSite\",\"@id\":\"https:\/\/puntodincontro.mx\/#website\",\"url\":\"https:\/\/puntodincontro.mx\/\",\"name\":\"Puntodincontro\",\"description\":\"Dal 2006 notizie sui rapporti Italia-Messico \/ Desde 2006 noticias sobre las relaciones entre Italia y M\u00e9xico\",\"publisher\":{\"@id\":\"https:\/\/puntodincontro.mx\/#organization\"},\"potentialAction\":[{\"@type\":\"SearchAction\",\"target\":{\"@type\":\"EntryPoint\",\"urlTemplate\":\"https:\/\/puntodincontro.mx\/?s={search_term_string}\"},\"query-input\":{\"@type\":\"PropertyValueSpecification\",\"valueRequired\":true,\"valueName\":\"search_term_string\"}}],\"inLanguage\":\"es\"},{\"@type\":\"Organization\",\"@id\":\"https:\/\/puntodincontro.mx\/#organization\",\"name\":\"Puntodincontro\",\"url\":\"https:\/\/puntodincontro.mx\/\",\"logo\":{\"@type\":\"ImageObject\",\"inLanguage\":\"es\",\"@id\":\"https:\/\/puntodincontro.mx\/#\/schema\/logo\/image\/\",\"url\":\"https:\/\/puntodincontro.mx\/wp-content\/uploads\/2021\/08\/Default-image-for-open-graph-settings.jpg\",\"contentUrl\":\"https:\/\/puntodincontro.mx\/wp-content\/uploads\/2021\/08\/Default-image-for-open-graph-settings.jpg\",\"width\":1200,\"height\":630,\"caption\":\"Puntodincontro\"},\"image\":{\"@id\":\"https:\/\/puntodincontro.mx\/#\/schema\/logo\/image\/\"},\"sameAs\":[\"https:\/\/www.facebook.com\/puntodincontro.mx\",\"https:\/\/x.com\/puntodincontro\",\"https:\/\/www.instagram.com\/puntodincontro.mx\/\",\"https:\/\/www.linkedin.com\/company\/puntodincontro\/\",\"https:\/\/www.youtube.com\/c\/puntodincontromessico\",\"https:\/\/www.patreon.com\/puntodincontro\",\"https:\/\/www.threads.net\/@puntodincontro.mx\"]},{\"@type\":\"Person\",\"@id\":\"https:\/\/puntodincontro.mx\/#\/schema\/person\/d3066d18a16259cbb0c29b0d0e93b556\",\"name\":\"Puntodincontro\",\"image\":{\"@type\":\"ImageObject\",\"inLanguage\":\"es\",\"@id\":\"https:\/\/puntodincontro.mx\/#\/schema\/person\/image\/\",\"url\":\"https:\/\/secure.gravatar.com\/avatar\/0e85b4b3b5e9d6bfcec6a4956d8cc63a?s=96&d=mm&r=g\",\"contentUrl\":\"https:\/\/secure.gravatar.com\/avatar\/0e85b4b3b5e9d6bfcec6a4956d8cc63a?s=96&d=mm&r=g\",\"caption\":\"Puntodincontro\"},\"url\":\"https:\/\/puntodincontro.mx\/es\/author\/puntodincontro\/\"}]}<\/script>\n<!-- \/ Yoast SEO Premium plugin. -->","yoast_head_json":{"title":"Prezzo della pasta in Italia +38%. Nella catena c'\u00e8 anche il Messico Puntodincontro","description":"Un salto hacia adelante en el precio del trigo ha provocado en Italia aumentos en la pasta, el pan, la harina y muchos otros productos procesados. El kilo de espaguetis, que en septiembre en los supermercados se compraba a 1.10 euros, ahora cuesta 1.52. Un aumento del 38%.","robots":{"index":"index","follow":"follow","max-snippet":"max-snippet:-1","max-image-preview":"max-image-preview:large","max-video-preview":"max-video-preview:-1"},"canonical":"https:\/\/puntodincontro.mx\/es\/2022\/02\/05\/prezzo-della-pasta-in-italia-38-nella-catena-ce-anche-il-messico\/","og_locale":"es_MX","og_type":"article","og_title":"Prezzo della pasta in Italia +38%. Nella catena c'\u00e8 anche il Messico","og_description":"Balzo in avanti del prezzo del grano che fa rincarare in Italia pasta, pane, farina e tanti altri prodotti lavorati. Un chilo di spaghetti, che a settembre nella grande distribuzione si comprava a 1,10 euro, ora ne costa 1,52. Un aumento del 38%.","og_url":"https:\/\/puntodincontro.mx\/es\/2022\/02\/05\/prezzo-della-pasta-in-italia-38-nella-catena-ce-anche-il-messico\/","og_site_name":"Puntodincontro","article_publisher":"https:\/\/www.facebook.com\/puntodincontro.mx","article_published_time":"2022-02-05T23:54:46+00:00","article_modified_time":"2022-02-05T23:54:47+00:00","og_image":[{"width":423,"height":488,"url":"https:\/\/puntodincontro.mx\/wp-content\/uploads\/2022\/02\/prezzopastavert.webp","type":"image\/webp"}],"author":"Puntodincontro","twitter_card":"summary_large_image","twitter_creator":"@puntodincontro","twitter_site":"@puntodincontro","twitter_misc":{"Escrito por":"Puntodincontro","Tiempo de lectura":"2 minutos"},"schema":{"@context":"https:\/\/schema.org","@graph":[{"@type":"NewsArticle","@id":"https:\/\/puntodincontro.mx\/2022\/02\/05\/prezzo-della-pasta-in-italia-38-nella-catena-ce-anche-il-messico\/#article","isPartOf":{"@id":"https:\/\/puntodincontro.mx\/2022\/02\/05\/prezzo-della-pasta-in-italia-38-nella-catena-ce-anche-il-messico\/"},"author":{"name":"Puntodincontro","@id":"https:\/\/puntodincontro.mx\/#\/schema\/person\/d3066d18a16259cbb0c29b0d0e93b556"},"headline":"Prezzo della pasta in Italia +38%. Nella catena c&#8217;\u00e8 anche il Messico","datePublished":"2022-02-05T23:54:46+00:00","dateModified":"2022-02-05T23:54:47+00:00","mainEntityOfPage":{"@id":"https:\/\/puntodincontro.mx\/2022\/02\/05\/prezzo-della-pasta-in-italia-38-nella-catena-ce-anche-il-messico\/"},"wordCount":246,"commentCount":1,"publisher":{"@id":"https:\/\/puntodincontro.mx\/#organization"},"image":{"@id":"https:\/\/puntodincontro.mx\/2022\/02\/05\/prezzo-della-pasta-in-italia-38-nella-catena-ce-anche-il-messico\/#primaryimage"},"thumbnailUrl":"https:\/\/puntodincontro.mx\/wp-content\/uploads\/2022\/02\/prezzopastavert.webp","articleSection":["Economia e finanza"],"inLanguage":"es","potentialAction":[{"@type":"CommentAction","name":"Comment","target":["https:\/\/puntodincontro.mx\/2022\/02\/05\/prezzo-della-pasta-in-italia-38-nella-catena-ce-anche-il-messico\/#respond"]}]},{"@type":"WebPage","@id":"https:\/\/puntodincontro.mx\/2022\/02\/05\/prezzo-della-pasta-in-italia-38-nella-catena-ce-anche-il-messico\/","url":"https:\/\/puntodincontro.mx\/2022\/02\/05\/prezzo-della-pasta-in-italia-38-nella-catena-ce-anche-il-messico\/","name":"Prezzo della pasta in Italia +38%. Nella catena c'\u00e8 anche il Messico Puntodincontro","isPartOf":{"@id":"https:\/\/puntodincontro.mx\/#website"},"primaryImageOfPage":{"@id":"https:\/\/puntodincontro.mx\/2022\/02\/05\/prezzo-della-pasta-in-italia-38-nella-catena-ce-anche-il-messico\/#primaryimage"},"image":{"@id":"https:\/\/puntodincontro.mx\/2022\/02\/05\/prezzo-della-pasta-in-italia-38-nella-catena-ce-anche-il-messico\/#primaryimage"},"thumbnailUrl":"https:\/\/puntodincontro.mx\/wp-content\/uploads\/2022\/02\/prezzopastavert.webp","datePublished":"2022-02-05T23:54:46+00:00","dateModified":"2022-02-05T23:54:47+00:00","description":"Un salto hacia adelante en el precio del trigo ha provocado en Italia aumentos en la pasta, el pan, la harina y muchos otros productos procesados. El kilo de espaguetis, que en septiembre en los supermercados se compraba a 1.10 euros, ahora cuesta 1.52. Un aumento del 38%.","breadcrumb":{"@id":"https:\/\/puntodincontro.mx\/2022\/02\/05\/prezzo-della-pasta-in-italia-38-nella-catena-ce-anche-il-messico\/#breadcrumb"},"inLanguage":"es","potentialAction":[{"@type":"ReadAction","target":["https:\/\/puntodincontro.mx\/2022\/02\/05\/prezzo-della-pasta-in-italia-38-nella-catena-ce-anche-il-messico\/"]}]},{"@type":"ImageObject","inLanguage":"es","@id":"https:\/\/puntodincontro.mx\/2022\/02\/05\/prezzo-della-pasta-in-italia-38-nella-catena-ce-anche-il-messico\/#primaryimage","url":"https:\/\/puntodincontro.mx\/wp-content\/uploads\/2022\/02\/prezzopastavert.webp","contentUrl":"https:\/\/puntodincontro.mx\/wp-content\/uploads\/2022\/02\/prezzopastavert.webp","width":423,"height":488,"caption":"Prezzo della pasta in Italia +38%. Nella catena c'\u00e8 anche il Messico"},{"@type":"BreadcrumbList","@id":"https:\/\/puntodincontro.mx\/2022\/02\/05\/prezzo-della-pasta-in-italia-38-nella-catena-ce-anche-il-messico\/#breadcrumb","itemListElement":[{"@type":"ListItem","position":1,"name":"Home","item":"https:\/\/puntodincontro.mx\/"},{"@type":"ListItem","position":2,"name":"Prezzo della pasta in Italia +38%. Nella catena c&#8217;\u00e8 anche il Messico"}]},{"@type":"WebSite","@id":"https:\/\/puntodincontro.mx\/#website","url":"https:\/\/puntodincontro.mx\/","name":"Puntodincontro","description":"Desde el 2006 noticias sobre las relaciones entre Italia y M\u00e9xico \/ Dal 2006 notizie sui rapporti Italia-Messico","publisher":{"@id":"https:\/\/puntodincontro.mx\/#organization"},"potentialAction":[{"@type":"SearchAction","target":{"@type":"EntryPoint","urlTemplate":"https:\/\/puntodincontro.mx\/?s={search_term_string}"},"query-input":{"@type":"PropertyValueSpecification","valueRequired":true,"valueName":"search_term_string"}}],"inLanguage":"es"},{"@type":"Organization","@id":"https:\/\/puntodincontro.mx\/#organization","name":"Puntodincontro","url":"https:\/\/puntodincontro.mx\/","logo":{"@type":"ImageObject","inLanguage":"es","@id":"https:\/\/puntodincontro.mx\/#\/schema\/logo\/image\/","url":"https:\/\/puntodincontro.mx\/wp-content\/uploads\/2021\/08\/Default-image-for-open-graph-settings.jpg","contentUrl":"https:\/\/puntodincontro.mx\/wp-content\/uploads\/2021\/08\/Default-image-for-open-graph-settings.jpg","width":1200,"height":630,"caption":"Puntodincontro"},"image":{"@id":"https:\/\/puntodincontro.mx\/#\/schema\/logo\/image\/"},"sameAs":["https:\/\/www.facebook.com\/puntodincontro.mx","https:\/\/x.com\/puntodincontro","https:\/\/www.instagram.com\/puntodincontro.mx\/","https:\/\/www.linkedin.com\/company\/puntodincontro\/","https:\/\/www.youtube.com\/c\/puntodincontromessico","https:\/\/www.patreon.com\/puntodincontro","https:\/\/www.threads.net\/@puntodincontro.mx"]},{"@type":"Person","@id":"https:\/\/puntodincontro.mx\/#\/schema\/person\/d3066d18a16259cbb0c29b0d0e93b556","name":"Puntodincontro","image":{"@type":"ImageObject","inLanguage":"es","@id":"https:\/\/puntodincontro.mx\/#\/schema\/person\/image\/","url":"https:\/\/secure.gravatar.com\/avatar\/0e85b4b3b5e9d6bfcec6a4956d8cc63a?s=96&d=mm&r=g","contentUrl":"https:\/\/secure.gravatar.com\/avatar\/0e85b4b3b5e9d6bfcec6a4956d8cc63a?s=96&d=mm&r=g","caption":"Puntodincontro"},"url":"https:\/\/puntodincontro.mx\/es\/author\/puntodincontro\/"}]}},"_links":{"self":[{"href":"https:\/\/puntodincontro.mx\/es\/wp-json\/wp\/v2\/posts\/3121"}],"collection":[{"href":"https:\/\/puntodincontro.mx\/es\/wp-json\/wp\/v2\/posts"}],"about":[{"href":"https:\/\/puntodincontro.mx\/es\/wp-json\/wp\/v2\/types\/post"}],"author":[{"embeddable":true,"href":"https:\/\/puntodincontro.mx\/es\/wp-json\/wp\/v2\/users\/2"}],"replies":[{"embeddable":true,"href":"https:\/\/puntodincontro.mx\/es\/wp-json\/wp\/v2\/comments?post=3121"}],"version-history":[{"count":3,"href":"https:\/\/puntodincontro.mx\/es\/wp-json\/wp\/v2\/posts\/3121\/revisions"}],"predecessor-version":[{"id":3127,"href":"https:\/\/puntodincontro.mx\/es\/wp-json\/wp\/v2\/posts\/3121\/revisions\/3127"}],"wp:featuredmedia":[{"embeddable":true,"href":"https:\/\/puntodincontro.mx\/es\/wp-json\/wp\/v2\/media\/3125"}],"wp:attachment":[{"href":"https:\/\/puntodincontro.mx\/es\/wp-json\/wp\/v2\/media?parent=3121"}],"wp:term":[{"taxonomy":"category","embeddable":true,"href":"https:\/\/puntodincontro.mx\/es\/wp-json\/wp\/v2\/categories?post=3121"},{"taxonomy":"post_tag","embeddable":true,"href":"https:\/\/puntodincontro.mx\/es\/wp-json\/wp\/v2\/tags?post=3121"}],"curies":[{"name":"wp","href":"https:\/\/api.w.org\/{rel}","templated":true}]}}