{"id":3129,"date":"2022-02-06T04:19:54","date_gmt":"2022-02-06T10:19:54","guid":{"rendered":"https:\/\/puntodincontro.mx\/?p=3129"},"modified":"2022-02-06T04:19:56","modified_gmt":"2022-02-06T10:19:56","slug":"fallecio-ruben-fuentes-autor-de-la-bikina","status":"publish","type":"post","link":"https:\/\/puntodincontro.mx\/es\/2022\/02\/06\/addio-a-ruben-fuentes-autore-de-la-bikina\/","title":{"rendered":"Falleci\u00f3 Rub\u00e9n Fuentes, autor de \u201cLa Bikina\u201d"},"content":{"rendered":"<p class=\"translation-block\"><strong>04:04 hrs.<\/strong> \u2013 Falleci\u00f3 ayer a la edad de 95 a\u00f1os el compositor mexicano Rub\u00e9n Fuentes, autor de docenas de canciones conocidas internacionalmente como <em>La Bikina<\/em>, <em>Cien a\u00f1os<\/em> y <em>Qu\u00e9 bonita es mi tierra<\/em>.<\/p>\n\n\n\n<p>Nacido en 1926 en Ciudad Guzm\u00e1n, en el Estado de Jalisco, Fuentes es conocido por sus aportaciones a los g\u00e9neros del bolero ranchero, bolero moruno y a las canciones rom\u00e1nticas, adem\u00e1s de la creaci\u00f3n del mariachi sinf\u00f3nico, que contribuyeron significativamente a la difusi\u00f3n de la m\u00fasica mexicana en el mundo. Fue, adem\u00e1s, autor de un gran n\u00famero de temas musicales para producciones cinematogr\u00e1ficas.<\/p>\n\n\n\n<p>Sus canciones han sido interpretadas por muchos artistas de renombre, entre los cuales destacan Jorge Negrete, Pedro Infante, Lola Beltr\u00e1n, Marco Antonio Mu\u00f1iz, Javier Solis, Julio Iglesias, Roc\u00edo D\u00farcal, Fernando de la Mora, Guadalupe Pineda, Cristian Castro y Luis Miguel.<\/p>\n\n\n\n<p>En 1944 se uni\u00f3 al Mariachi Vargas de Tecalitl\u00e1n como violinista y m\u00e1s tarde como arreglista. Tras dejar de tocar con el grupo en 1955, mantuvo su posici\u00f3n de productor, arreglista y director musical, convirti\u00e9ndose en un referente para la m\u00fasica de mariachi en general.<\/p>\n\n\n\n<figure class=\"wp-block-embed aligncenter is-type-video is-provider-youtube wp-block-embed-youtube wp-embed-aspect-4-3 wp-has-aspect-ratio\"><div class=\"wp-block-embed__wrapper\">\n<div class=\"epyt-video-wrapper\"><iframe loading=\"lazy\"  id=\"_ytid_72678\"  width=\"800\" height=\"450\"  data-origwidth=\"800\" data-origheight=\"450\"  data-relstop=\"1\" src=\"https:\/\/www.youtube.com\/embed\/NCvJwzDQTBM?enablejsapi=1&#038;autoplay=0&#038;cc_load_policy=0&#038;cc_lang_pref=&#038;iv_load_policy=1&#038;loop=0&#038;rel=0&#038;fs=1&#038;playsinline=0&#038;autohide=2&#038;theme=dark&#038;color=red&#038;controls=1&#038;disablekb=0&#038;\" class=\"__youtube_prefs__  epyt-is-override  no-lazyload\" title=\"YouTube player\"  allow=\"fullscreen; accelerometer; autoplay; clipboard-write; encrypted-media; gyroscope; picture-in-picture; web-share\" referrerpolicy=\"strict-origin-when-cross-origin\" allowfullscreen data-no-lazy=\"1\" data-skipgform_ajax_framebjll=\"\"><\/iframe><\/div>\n<\/div><\/figure>\n\n\n\n<div style=\"height:12px\" aria-hidden=\"true\" class=\"wp-block-spacer\"><\/div>\n\n\n\n\n\n<div style=\"height:12px\" aria-hidden=\"true\" class=\"wp-block-spacer\"><\/div>","protected":false},"excerpt":{"rendered":"<p>Ore 04.04 &#8211; \u00c8 scomparso ieri all&#8217;et\u00e0 di 95 anni il compositore messicano Rub\u00e9n Fuentes, autore di decine di canzoni di fama internazionale come La Bikina, Cien a\u00f1os e Qu\u00e9 bonita es mi tierra. Nato nel 1926 a Ciudad Guzm\u00e1n, nello Stato di Jalisco, Fuentes \u00e8 noto per i suoi contributi ai generi del bolero ranchero, bolero moruno e alle canzoni romantiche, oltre alla creazione dei mariachi sinfonici, che hanno contribuito in modo significativo alla diffusione della musica messicana nel mondo. \u00c8 stato anche autore di un gran numero di temi musicali per produzioni cinematografiche. Le sue canzoni sono state&#8230; <\/p>","protected":false},"author":2,"featured_media":3130,"comment_status":"open","ping_status":"open","sticky":false,"template":"","format":"standard","meta":{"_monsterinsights_skip_tracking":false,"_monsterinsights_sitenote_active":false,"_monsterinsights_sitenote_note":"","_monsterinsights_sitenote_category":0,"footnotes":""},"categories":[25],"tags":[],"class_list":["post-3129","post","type-post","status-publish","format-standard","has-post-thumbnail","hentry","category-cultura"],"yoast_head":"<!-- This site is optimized with the Yoast SEO Premium plugin v18.4 (Yoast SEO v25.6) - https:\/\/yoast.com\/wordpress\/plugins\/seo\/ -->\n<title>Addio a Rub\u00e9n Fuentes, autore de \u201cLa Bikina\u201d Puntodincontro<\/title>\n<meta name=\"description\" content=\"\u00c8 scomparso ieri all&#039;et\u00e0 di 95 anni il compositore messicano Rub\u00e9n Fuentes, autore di decine di canzoni di fama internazionale come La bikina, Cien a\u00f1os e Qu\u00e9 bonita es mi tierra.\" \/>\n<meta name=\"robots\" content=\"index, follow, max-snippet:-1, max-image-preview:large, max-video-preview:-1\" \/>\n<link rel=\"canonical\" href=\"https:\/\/puntodincontro.mx\/es\/2022\/02\/06\/fallecio-ruben-fuentes-autor-de-la-bikina\/\" \/>\n<meta property=\"og:locale\" content=\"es_MX\" \/>\n<meta property=\"og:type\" content=\"article\" \/>\n<meta property=\"og:title\" content=\"Addio a Rub\u00e9n Fuentes, autore de \u201cLa Bikina\u201d\" \/>\n<meta property=\"og:description\" content=\"\u00c8 scomparso ieri all&#039;et\u00e0 di 95 anni il compositore messicano Rub\u00e9n Fuentes, autore di decine di canzoni di fama internazionale come La bikina, Cien a\u00f1os e Qu\u00e9 bonita es mi tierra.\" \/>\n<meta property=\"og:url\" content=\"https:\/\/puntodincontro.mx\/es\/2022\/02\/06\/fallecio-ruben-fuentes-autor-de-la-bikina\/\" \/>\n<meta property=\"og:site_name\" content=\"Puntodincontro\" \/>\n<meta property=\"article:publisher\" content=\"https:\/\/www.facebook.com\/puntodincontro.mx\" \/>\n<meta property=\"article:published_time\" content=\"2022-02-06T10:19:54+00:00\" \/>\n<meta property=\"article:modified_time\" content=\"2022-02-06T10:19:56+00:00\" \/>\n<meta property=\"og:image\" content=\"https:\/\/puntodincontro.mx\/wp-content\/uploads\/2022\/02\/mortorubenfuentesvert.webp\" \/>\n\t<meta property=\"og:image:width\" content=\"423\" \/>\n\t<meta property=\"og:image:height\" content=\"488\" \/>\n\t<meta property=\"og:image:type\" content=\"image\/webp\" \/>\n<meta name=\"author\" content=\"Puntodincontro\" \/>\n<meta name=\"twitter:card\" content=\"summary_large_image\" \/>\n<meta name=\"twitter:creator\" content=\"@puntodincontro\" \/>\n<meta name=\"twitter:site\" content=\"@puntodincontro\" \/>\n<meta name=\"twitter:label1\" content=\"Escrito por\" \/>\n\t<meta name=\"twitter:data1\" content=\"Puntodincontro\" \/>\n\t<meta name=\"twitter:label2\" content=\"Tiempo de lectura\" \/>\n\t<meta name=\"twitter:data2\" content=\"1 minuto\" \/>\n<script type=\"application\/ld+json\" class=\"yoast-schema-graph\">{\"@context\":\"https:\/\/schema.org\",\"@graph\":[{\"@type\":\"NewsArticle\",\"@id\":\"https:\/\/puntodincontro.mx\/2022\/02\/06\/addio-a-ruben-fuentes-autore-de-la-bikina\/#article\",\"isPartOf\":{\"@id\":\"https:\/\/puntodincontro.mx\/2022\/02\/06\/addio-a-ruben-fuentes-autore-de-la-bikina\/\"},\"author\":{\"name\":\"Puntodincontro\",\"@id\":\"https:\/\/puntodincontro.mx\/#\/schema\/person\/d3066d18a16259cbb0c29b0d0e93b556\"},\"headline\":\"Addio a Rub\u00e9n Fuentes, autore de \u201cLa Bikina\u201d\",\"datePublished\":\"2022-02-06T10:19:54+00:00\",\"dateModified\":\"2022-02-06T10:19:56+00:00\",\"mainEntityOfPage\":{\"@id\":\"https:\/\/puntodincontro.mx\/2022\/02\/06\/addio-a-ruben-fuentes-autore-de-la-bikina\/\"},\"wordCount\":197,\"commentCount\":0,\"publisher\":{\"@id\":\"https:\/\/puntodincontro.mx\/#organization\"},\"image\":{\"@id\":\"https:\/\/puntodincontro.mx\/2022\/02\/06\/addio-a-ruben-fuentes-autore-de-la-bikina\/#primaryimage\"},\"thumbnailUrl\":\"https:\/\/puntodincontro.mx\/wp-content\/uploads\/2022\/02\/mortorubenfuentesvert.webp\",\"articleSection\":[\"Cultura\"],\"inLanguage\":\"es\",\"potentialAction\":[{\"@type\":\"CommentAction\",\"name\":\"Comment\",\"target\":[\"https:\/\/puntodincontro.mx\/2022\/02\/06\/addio-a-ruben-fuentes-autore-de-la-bikina\/#respond\"]}]},{\"@type\":\"WebPage\",\"@id\":\"https:\/\/puntodincontro.mx\/2022\/02\/06\/addio-a-ruben-fuentes-autore-de-la-bikina\/\",\"url\":\"https:\/\/puntodincontro.mx\/2022\/02\/06\/addio-a-ruben-fuentes-autore-de-la-bikina\/\",\"name\":\"Addio a Rub\u00e9n Fuentes, autore de \u201cLa Bikina\u201d Puntodincontro\",\"isPartOf\":{\"@id\":\"https:\/\/puntodincontro.mx\/#website\"},\"primaryImageOfPage\":{\"@id\":\"https:\/\/puntodincontro.mx\/2022\/02\/06\/addio-a-ruben-fuentes-autore-de-la-bikina\/#primaryimage\"},\"image\":{\"@id\":\"https:\/\/puntodincontro.mx\/2022\/02\/06\/addio-a-ruben-fuentes-autore-de-la-bikina\/#primaryimage\"},\"thumbnailUrl\":\"https:\/\/puntodincontro.mx\/wp-content\/uploads\/2022\/02\/mortorubenfuentesvert.webp\",\"datePublished\":\"2022-02-06T10:19:54+00:00\",\"dateModified\":\"2022-02-06T10:19:56+00:00\",\"description\":\"\u00c8 scomparso ieri all'et\u00e0 di 95 anni il compositore messicano Rub\u00e9n Fuentes, autore di decine di canzoni di fama internazionale come La bikina, Cien a\u00f1os e Qu\u00e9 bonita es mi tierra.\",\"breadcrumb\":{\"@id\":\"https:\/\/puntodincontro.mx\/2022\/02\/06\/addio-a-ruben-fuentes-autore-de-la-bikina\/#breadcrumb\"},\"inLanguage\":\"es\",\"potentialAction\":[{\"@type\":\"ReadAction\",\"target\":[\"https:\/\/puntodincontro.mx\/2022\/02\/06\/addio-a-ruben-fuentes-autore-de-la-bikina\/\"]}]},{\"@type\":\"ImageObject\",\"inLanguage\":\"es\",\"@id\":\"https:\/\/puntodincontro.mx\/2022\/02\/06\/addio-a-ruben-fuentes-autore-de-la-bikina\/#primaryimage\",\"url\":\"https:\/\/puntodincontro.mx\/wp-content\/uploads\/2022\/02\/mortorubenfuentesvert.webp\",\"contentUrl\":\"https:\/\/puntodincontro.mx\/wp-content\/uploads\/2022\/02\/mortorubenfuentesvert.webp\",\"width\":423,\"height\":488,\"caption\":\"Addio a Rub\u00e9n Fuentes, autore de \u201cLa Bikina\u201d\"},{\"@type\":\"BreadcrumbList\",\"@id\":\"https:\/\/puntodincontro.mx\/2022\/02\/06\/addio-a-ruben-fuentes-autore-de-la-bikina\/#breadcrumb\",\"itemListElement\":[{\"@type\":\"ListItem\",\"position\":1,\"name\":\"Home\",\"item\":\"https:\/\/puntodincontro.mx\/\"},{\"@type\":\"ListItem\",\"position\":2,\"name\":\"Addio a Rub\u00e9n Fuentes, autore de \u201cLa Bikina\u201d\"}]},{\"@type\":\"WebSite\",\"@id\":\"https:\/\/puntodincontro.mx\/#website\",\"url\":\"https:\/\/puntodincontro.mx\/\",\"name\":\"Puntodincontro\",\"description\":\"Dal 2006 notizie sui rapporti Italia-Messico \/ Desde 2006 noticias sobre las relaciones entre Italia y M\u00e9xico\",\"publisher\":{\"@id\":\"https:\/\/puntodincontro.mx\/#organization\"},\"potentialAction\":[{\"@type\":\"SearchAction\",\"target\":{\"@type\":\"EntryPoint\",\"urlTemplate\":\"https:\/\/puntodincontro.mx\/?s={search_term_string}\"},\"query-input\":{\"@type\":\"PropertyValueSpecification\",\"valueRequired\":true,\"valueName\":\"search_term_string\"}}],\"inLanguage\":\"es\"},{\"@type\":\"Organization\",\"@id\":\"https:\/\/puntodincontro.mx\/#organization\",\"name\":\"Puntodincontro\",\"url\":\"https:\/\/puntodincontro.mx\/\",\"logo\":{\"@type\":\"ImageObject\",\"inLanguage\":\"es\",\"@id\":\"https:\/\/puntodincontro.mx\/#\/schema\/logo\/image\/\",\"url\":\"https:\/\/puntodincontro.mx\/wp-content\/uploads\/2021\/08\/Default-image-for-open-graph-settings.jpg\",\"contentUrl\":\"https:\/\/puntodincontro.mx\/wp-content\/uploads\/2021\/08\/Default-image-for-open-graph-settings.jpg\",\"width\":1200,\"height\":630,\"caption\":\"Puntodincontro\"},\"image\":{\"@id\":\"https:\/\/puntodincontro.mx\/#\/schema\/logo\/image\/\"},\"sameAs\":[\"https:\/\/www.facebook.com\/puntodincontro.mx\",\"https:\/\/x.com\/puntodincontro\",\"https:\/\/www.instagram.com\/puntodincontro.mx\/\",\"https:\/\/www.linkedin.com\/company\/puntodincontro\/\",\"https:\/\/www.youtube.com\/c\/puntodincontromessico\",\"https:\/\/www.patreon.com\/puntodincontro\",\"https:\/\/www.threads.net\/@puntodincontro.mx\"]},{\"@type\":\"Person\",\"@id\":\"https:\/\/puntodincontro.mx\/#\/schema\/person\/d3066d18a16259cbb0c29b0d0e93b556\",\"name\":\"Puntodincontro\",\"image\":{\"@type\":\"ImageObject\",\"inLanguage\":\"es\",\"@id\":\"https:\/\/puntodincontro.mx\/#\/schema\/person\/image\/\",\"url\":\"https:\/\/secure.gravatar.com\/avatar\/0e85b4b3b5e9d6bfcec6a4956d8cc63a?s=96&d=mm&r=g\",\"contentUrl\":\"https:\/\/secure.gravatar.com\/avatar\/0e85b4b3b5e9d6bfcec6a4956d8cc63a?s=96&d=mm&r=g\",\"caption\":\"Puntodincontro\"},\"url\":\"https:\/\/puntodincontro.mx\/es\/author\/puntodincontro\/\"}]}<\/script>\n<!-- \/ Yoast SEO Premium plugin. -->","yoast_head_json":{"title":"Addio a Rub\u00e9n Fuentes, autore de \u201cLa Bikina\u201d Puntodincontro","description":"\u00c8 scomparso ieri all'et\u00e0 di 95 anni il compositore messicano Rub\u00e9n Fuentes, autore di decine di canzoni di fama internazionale come La bikina, Cien a\u00f1os e Qu\u00e9 bonita es mi tierra.","robots":{"index":"index","follow":"follow","max-snippet":"max-snippet:-1","max-image-preview":"max-image-preview:large","max-video-preview":"max-video-preview:-1"},"canonical":"https:\/\/puntodincontro.mx\/es\/2022\/02\/06\/fallecio-ruben-fuentes-autor-de-la-bikina\/","og_locale":"es_MX","og_type":"article","og_title":"Addio a Rub\u00e9n Fuentes, autore de \u201cLa Bikina\u201d","og_description":"\u00c8 scomparso ieri all'et\u00e0 di 95 anni il compositore messicano Rub\u00e9n Fuentes, autore di decine di canzoni di fama internazionale come La bikina, Cien a\u00f1os e Qu\u00e9 bonita es mi tierra.","og_url":"https:\/\/puntodincontro.mx\/es\/2022\/02\/06\/fallecio-ruben-fuentes-autor-de-la-bikina\/","og_site_name":"Puntodincontro","article_publisher":"https:\/\/www.facebook.com\/puntodincontro.mx","article_published_time":"2022-02-06T10:19:54+00:00","article_modified_time":"2022-02-06T10:19:56+00:00","og_image":[{"width":423,"height":488,"url":"https:\/\/puntodincontro.mx\/wp-content\/uploads\/2022\/02\/mortorubenfuentesvert.webp","type":"image\/webp"}],"author":"Puntodincontro","twitter_card":"summary_large_image","twitter_creator":"@puntodincontro","twitter_site":"@puntodincontro","twitter_misc":{"Escrito por":"Puntodincontro","Tiempo de lectura":"1 minuto"},"schema":{"@context":"https:\/\/schema.org","@graph":[{"@type":"NewsArticle","@id":"https:\/\/puntodincontro.mx\/2022\/02\/06\/addio-a-ruben-fuentes-autore-de-la-bikina\/#article","isPartOf":{"@id":"https:\/\/puntodincontro.mx\/2022\/02\/06\/addio-a-ruben-fuentes-autore-de-la-bikina\/"},"author":{"name":"Puntodincontro","@id":"https:\/\/puntodincontro.mx\/#\/schema\/person\/d3066d18a16259cbb0c29b0d0e93b556"},"headline":"Addio a Rub\u00e9n Fuentes, autore de \u201cLa Bikina\u201d","datePublished":"2022-02-06T10:19:54+00:00","dateModified":"2022-02-06T10:19:56+00:00","mainEntityOfPage":{"@id":"https:\/\/puntodincontro.mx\/2022\/02\/06\/addio-a-ruben-fuentes-autore-de-la-bikina\/"},"wordCount":197,"commentCount":0,"publisher":{"@id":"https:\/\/puntodincontro.mx\/#organization"},"image":{"@id":"https:\/\/puntodincontro.mx\/2022\/02\/06\/addio-a-ruben-fuentes-autore-de-la-bikina\/#primaryimage"},"thumbnailUrl":"https:\/\/puntodincontro.mx\/wp-content\/uploads\/2022\/02\/mortorubenfuentesvert.webp","articleSection":["Cultura"],"inLanguage":"es","potentialAction":[{"@type":"CommentAction","name":"Comment","target":["https:\/\/puntodincontro.mx\/2022\/02\/06\/addio-a-ruben-fuentes-autore-de-la-bikina\/#respond"]}]},{"@type":"WebPage","@id":"https:\/\/puntodincontro.mx\/2022\/02\/06\/addio-a-ruben-fuentes-autore-de-la-bikina\/","url":"https:\/\/puntodincontro.mx\/2022\/02\/06\/addio-a-ruben-fuentes-autore-de-la-bikina\/","name":"Addio a Rub\u00e9n Fuentes, autore de \u201cLa Bikina\u201d Puntodincontro","isPartOf":{"@id":"https:\/\/puntodincontro.mx\/#website"},"primaryImageOfPage":{"@id":"https:\/\/puntodincontro.mx\/2022\/02\/06\/addio-a-ruben-fuentes-autore-de-la-bikina\/#primaryimage"},"image":{"@id":"https:\/\/puntodincontro.mx\/2022\/02\/06\/addio-a-ruben-fuentes-autore-de-la-bikina\/#primaryimage"},"thumbnailUrl":"https:\/\/puntodincontro.mx\/wp-content\/uploads\/2022\/02\/mortorubenfuentesvert.webp","datePublished":"2022-02-06T10:19:54+00:00","dateModified":"2022-02-06T10:19:56+00:00","description":"\u00c8 scomparso ieri all'et\u00e0 di 95 anni il compositore messicano Rub\u00e9n Fuentes, autore di decine di canzoni di fama internazionale come La bikina, Cien a\u00f1os e Qu\u00e9 bonita es mi tierra.","breadcrumb":{"@id":"https:\/\/puntodincontro.mx\/2022\/02\/06\/addio-a-ruben-fuentes-autore-de-la-bikina\/#breadcrumb"},"inLanguage":"es","potentialAction":[{"@type":"ReadAction","target":["https:\/\/puntodincontro.mx\/2022\/02\/06\/addio-a-ruben-fuentes-autore-de-la-bikina\/"]}]},{"@type":"ImageObject","inLanguage":"es","@id":"https:\/\/puntodincontro.mx\/2022\/02\/06\/addio-a-ruben-fuentes-autore-de-la-bikina\/#primaryimage","url":"https:\/\/puntodincontro.mx\/wp-content\/uploads\/2022\/02\/mortorubenfuentesvert.webp","contentUrl":"https:\/\/puntodincontro.mx\/wp-content\/uploads\/2022\/02\/mortorubenfuentesvert.webp","width":423,"height":488,"caption":"Addio a Rub\u00e9n Fuentes, autore de \u201cLa Bikina\u201d"},{"@type":"BreadcrumbList","@id":"https:\/\/puntodincontro.mx\/2022\/02\/06\/addio-a-ruben-fuentes-autore-de-la-bikina\/#breadcrumb","itemListElement":[{"@type":"ListItem","position":1,"name":"Home","item":"https:\/\/puntodincontro.mx\/"},{"@type":"ListItem","position":2,"name":"Addio a Rub\u00e9n Fuentes, autore de \u201cLa Bikina\u201d"}]},{"@type":"WebSite","@id":"https:\/\/puntodincontro.mx\/#website","url":"https:\/\/puntodincontro.mx\/","name":"Puntodincontro","description":"Desde el 2006 noticias sobre las relaciones entre Italia y M\u00e9xico \/ Dal 2006 notizie sui rapporti Italia-Messico","publisher":{"@id":"https:\/\/puntodincontro.mx\/#organization"},"potentialAction":[{"@type":"SearchAction","target":{"@type":"EntryPoint","urlTemplate":"https:\/\/puntodincontro.mx\/?s={search_term_string}"},"query-input":{"@type":"PropertyValueSpecification","valueRequired":true,"valueName":"search_term_string"}}],"inLanguage":"es"},{"@type":"Organization","@id":"https:\/\/puntodincontro.mx\/#organization","name":"Puntodincontro","url":"https:\/\/puntodincontro.mx\/","logo":{"@type":"ImageObject","inLanguage":"es","@id":"https:\/\/puntodincontro.mx\/#\/schema\/logo\/image\/","url":"https:\/\/puntodincontro.mx\/wp-content\/uploads\/2021\/08\/Default-image-for-open-graph-settings.jpg","contentUrl":"https:\/\/puntodincontro.mx\/wp-content\/uploads\/2021\/08\/Default-image-for-open-graph-settings.jpg","width":1200,"height":630,"caption":"Puntodincontro"},"image":{"@id":"https:\/\/puntodincontro.mx\/#\/schema\/logo\/image\/"},"sameAs":["https:\/\/www.facebook.com\/puntodincontro.mx","https:\/\/x.com\/puntodincontro","https:\/\/www.instagram.com\/puntodincontro.mx\/","https:\/\/www.linkedin.com\/company\/puntodincontro\/","https:\/\/www.youtube.com\/c\/puntodincontromessico","https:\/\/www.patreon.com\/puntodincontro","https:\/\/www.threads.net\/@puntodincontro.mx"]},{"@type":"Person","@id":"https:\/\/puntodincontro.mx\/#\/schema\/person\/d3066d18a16259cbb0c29b0d0e93b556","name":"Puntodincontro","image":{"@type":"ImageObject","inLanguage":"es","@id":"https:\/\/puntodincontro.mx\/#\/schema\/person\/image\/","url":"https:\/\/secure.gravatar.com\/avatar\/0e85b4b3b5e9d6bfcec6a4956d8cc63a?s=96&d=mm&r=g","contentUrl":"https:\/\/secure.gravatar.com\/avatar\/0e85b4b3b5e9d6bfcec6a4956d8cc63a?s=96&d=mm&r=g","caption":"Puntodincontro"},"url":"https:\/\/puntodincontro.mx\/es\/author\/puntodincontro\/"}]}},"_links":{"self":[{"href":"https:\/\/puntodincontro.mx\/es\/wp-json\/wp\/v2\/posts\/3129"}],"collection":[{"href":"https:\/\/puntodincontro.mx\/es\/wp-json\/wp\/v2\/posts"}],"about":[{"href":"https:\/\/puntodincontro.mx\/es\/wp-json\/wp\/v2\/types\/post"}],"author":[{"embeddable":true,"href":"https:\/\/puntodincontro.mx\/es\/wp-json\/wp\/v2\/users\/2"}],"replies":[{"embeddable":true,"href":"https:\/\/puntodincontro.mx\/es\/wp-json\/wp\/v2\/comments?post=3129"}],"version-history":[{"count":3,"href":"https:\/\/puntodincontro.mx\/es\/wp-json\/wp\/v2\/posts\/3129\/revisions"}],"predecessor-version":[{"id":3134,"href":"https:\/\/puntodincontro.mx\/es\/wp-json\/wp\/v2\/posts\/3129\/revisions\/3134"}],"wp:featuredmedia":[{"embeddable":true,"href":"https:\/\/puntodincontro.mx\/es\/wp-json\/wp\/v2\/media\/3130"}],"wp:attachment":[{"href":"https:\/\/puntodincontro.mx\/es\/wp-json\/wp\/v2\/media?parent=3129"}],"wp:term":[{"taxonomy":"category","embeddable":true,"href":"https:\/\/puntodincontro.mx\/es\/wp-json\/wp\/v2\/categories?post=3129"},{"taxonomy":"post_tag","embeddable":true,"href":"https:\/\/puntodincontro.mx\/es\/wp-json\/wp\/v2\/tags?post=3129"}],"curies":[{"name":"wp","href":"https:\/\/api.w.org\/{rel}","templated":true}]}}