{"id":3212,"date":"2022-02-13T08:19:46","date_gmt":"2022-02-13T14:19:46","guid":{"rendered":"https:\/\/puntodincontro.mx\/?p=3212"},"modified":"2022-02-13T08:19:47","modified_gmt":"2022-02-13T14:19:47","slug":"vi-festival-cultural-italiano-de-playa-del-carmen","status":"publish","type":"post","link":"https:\/\/puntodincontro.mx\/es\/2022\/02\/13\/vi-festival-culturale-italiano-di-playa-del-carmen\/","title":{"rendered":"VI Festival Cultural Italiano de Playa del Carmen"},"content":{"rendered":"\n<p><strong>Ore 08.15<\/strong> &#8211; Il 10 e 11 giugno 2022 si svolger\u00e0 il sesto Festival Culturale Italiano di Playa del Carmen, localit\u00e0 balneare situata lungo la linea costiera caraibica della Riviera Maya e luogo di residenza di una delle pi\u00f9 grandi comunit\u00e0 di cittadini del Bel Paese in Messico.<\/p>\n\n\n\n<p>L&#8217;evento, la cui prima edizione si \u00e8 svolta nel 2009, coinvolge l&#8217;intera popolazione locale e per due sere seguito metter\u00e0 in scena uno show a base di musica e danza professionale.<\/p>\n\n\n\n<p>\u00abSiamo il secondo festival italiano pi\u00f9 importante delle Americhe (al primo c&#8217;\u00e8 quello di New York)\u00bb, affermano le organizzatrici in un tweet pubblicato il 10 febbraio. \u00abIniziamo oggi la preparazione e la produzione [\u2026]\u00bb \u2014hanno aggiunto\u2014 \u00abe per 4 mesi saremo completamente dedicate a questo lavoro\u00bb.<\/p>\n\n\n\n<p>\u00abCome ogni anno\u00bb \u2014si legge nel testo\u2014 \u00abricerchiamo patrocini e sostenitori per far s\u00ec che i nostri artisti ricevano una retribuzione adeguata al loro impegno e dedizione. Siamo un gruppo di 120 persone. Abbiamo pronto tutto il materiale mediatico e di promozione che possa aiutare a diffondere il valore e l&#8217;importanza di questo evento\u00bb.<\/p>\n\n\n\n<p>Il festival intende mettere in luce l&#8217;identit\u00e0 multiculturale che caratterizza la societ\u00e0 di Playa del Carmen e diffondere la cultura italiana. Gli interessati possono contattare il numero di telefono +52 984 1408818.<\/p>\n\n\n\n<div style=\"height:12px\" aria-hidden=\"true\" class=\"wp-block-spacer\"><\/div>\n\n\n\n\n\n<div style=\"height:12px\" aria-hidden=\"true\" class=\"wp-block-spacer\"><\/div>\n","protected":false},"excerpt":{"rendered":"<p>Ore 08.15 &#8211; Il 10 e 11 giugno 2022 si svolger\u00e0 il sesto Festival Culturale Italiano di Playa del Carmen, localit\u00e0 balneare situata lungo la linea costiera caraibica della Riviera Maya e luogo di residenza di una delle pi\u00f9 grandi comunit\u00e0 di cittadini del Bel Paese in Messico. L&#8217;evento, la cui prima edizione si \u00e8 svolta nel 2009, coinvolge l&#8217;intera popolazione locale e per due sere seguito metter\u00e0 in scena uno show a base di musica e danza professionale. \u00abSiamo il secondo festival italiano pi\u00f9 importante delle Americhe (al primo c&#8217;\u00e8 quello di New York)\u00bb, affermano le organizzatrici in un&#8230; <\/p>","protected":false},"author":2,"featured_media":3215,"comment_status":"open","ping_status":"open","sticky":false,"template":"","format":"standard","meta":{"_monsterinsights_skip_tracking":false,"_monsterinsights_sitenote_active":false,"_monsterinsights_sitenote_note":"","_monsterinsights_sitenote_category":0,"footnotes":""},"categories":[4],"tags":[],"class_list":["post-3212","post","type-post","status-publish","format-standard","has-post-thumbnail","hentry","category-italia-in-messico"],"yoast_head":"<!-- This site is optimized with the Yoast SEO Premium plugin v18.4 (Yoast SEO v25.6) - https:\/\/yoast.com\/wordpress\/plugins\/seo\/ -->\n<title>VI Festival Culturale Italiano di Playa del Carmen Puntodincontro<\/title>\n<meta name=\"description\" content=\"Il 10-11 giugno 2022 si svolger\u00e0 il sesto Festival Culturale Italiano di Playa del Carmen, localit\u00e0 balneare situata lungo la linea costiera caraibica della Riviera Maya e luogo di residenza di una delle pi\u00f9 grandi comunit\u00e0 di cittadini del Bel Paese in Messico.\" \/>\n<meta name=\"robots\" content=\"index, follow, max-snippet:-1, max-image-preview:large, max-video-preview:-1\" \/>\n<link rel=\"canonical\" href=\"https:\/\/puntodincontro.mx\/es\/2022\/02\/13\/vi-festival-cultural-italiano-de-playa-del-carmen\/\" \/>\n<meta property=\"og:locale\" content=\"es_MX\" \/>\n<meta property=\"og:type\" content=\"article\" \/>\n<meta property=\"og:title\" content=\"VI Festival Culturale Italiano di Playa del Carmen\" \/>\n<meta property=\"og:description\" content=\"Il 10-11 giugno 2022 si svolger\u00e0 il sesto Festival Culturale Italiano di Playa del Carmen, localit\u00e0 balneare situata lungo la linea costiera caraibica della Riviera Maya e luogo di residenza di una delle pi\u00f9 grandi comunit\u00e0 di cittadini del Bel Paese in Messico.\" \/>\n<meta property=\"og:url\" content=\"https:\/\/puntodincontro.mx\/es\/2022\/02\/13\/vi-festival-cultural-italiano-de-playa-del-carmen\/\" \/>\n<meta property=\"og:site_name\" content=\"Puntodincontro\" \/>\n<meta property=\"article:publisher\" content=\"https:\/\/www.facebook.com\/puntodincontro.mx\" \/>\n<meta property=\"article:published_time\" content=\"2022-02-13T14:19:46+00:00\" \/>\n<meta property=\"article:modified_time\" content=\"2022-02-13T14:19:47+00:00\" \/>\n<meta property=\"og:image\" content=\"https:\/\/puntodincontro.mx\/wp-content\/uploads\/2022\/02\/festivalitalianoplayadelcarmenvert.webp\" \/>\n\t<meta property=\"og:image:width\" content=\"423\" \/>\n\t<meta property=\"og:image:height\" content=\"488\" \/>\n\t<meta property=\"og:image:type\" content=\"image\/webp\" \/>\n<meta name=\"author\" content=\"Puntodincontro\" \/>\n<meta name=\"twitter:card\" content=\"summary_large_image\" \/>\n<meta name=\"twitter:creator\" content=\"@puntodincontro\" \/>\n<meta name=\"twitter:site\" content=\"@puntodincontro\" \/>\n<meta name=\"twitter:label1\" content=\"Escrito por\" \/>\n\t<meta name=\"twitter:data1\" content=\"Puntodincontro\" \/>\n\t<meta name=\"twitter:label2\" content=\"Tiempo de lectura\" \/>\n\t<meta name=\"twitter:data2\" content=\"2 minutos\" \/>\n<script type=\"application\/ld+json\" class=\"yoast-schema-graph\">{\"@context\":\"https:\/\/schema.org\",\"@graph\":[{\"@type\":\"NewsArticle\",\"@id\":\"https:\/\/puntodincontro.mx\/2022\/02\/13\/vi-festival-culturale-italiano-di-playa-del-carmen\/#article\",\"isPartOf\":{\"@id\":\"https:\/\/puntodincontro.mx\/2022\/02\/13\/vi-festival-culturale-italiano-di-playa-del-carmen\/\"},\"author\":{\"name\":\"Puntodincontro\",\"@id\":\"https:\/\/puntodincontro.mx\/#\/schema\/person\/d3066d18a16259cbb0c29b0d0e93b556\"},\"headline\":\"VI Festival Culturale Italiano di Playa del Carmen\",\"datePublished\":\"2022-02-13T14:19:46+00:00\",\"dateModified\":\"2022-02-13T14:19:47+00:00\",\"mainEntityOfPage\":{\"@id\":\"https:\/\/puntodincontro.mx\/2022\/02\/13\/vi-festival-culturale-italiano-di-playa-del-carmen\/\"},\"wordCount\":210,\"commentCount\":0,\"publisher\":{\"@id\":\"https:\/\/puntodincontro.mx\/#organization\"},\"image\":{\"@id\":\"https:\/\/puntodincontro.mx\/2022\/02\/13\/vi-festival-culturale-italiano-di-playa-del-carmen\/#primaryimage\"},\"thumbnailUrl\":\"https:\/\/puntodincontro.mx\/wp-content\/uploads\/2022\/02\/festivalitalianoplayadelcarmenvert.webp\",\"articleSection\":[\"Italia in Messico\"],\"inLanguage\":\"es\",\"potentialAction\":[{\"@type\":\"CommentAction\",\"name\":\"Comment\",\"target\":[\"https:\/\/puntodincontro.mx\/2022\/02\/13\/vi-festival-culturale-italiano-di-playa-del-carmen\/#respond\"]}]},{\"@type\":\"WebPage\",\"@id\":\"https:\/\/puntodincontro.mx\/2022\/02\/13\/vi-festival-culturale-italiano-di-playa-del-carmen\/\",\"url\":\"https:\/\/puntodincontro.mx\/2022\/02\/13\/vi-festival-culturale-italiano-di-playa-del-carmen\/\",\"name\":\"VI Festival Culturale Italiano di Playa del Carmen Puntodincontro\",\"isPartOf\":{\"@id\":\"https:\/\/puntodincontro.mx\/#website\"},\"primaryImageOfPage\":{\"@id\":\"https:\/\/puntodincontro.mx\/2022\/02\/13\/vi-festival-culturale-italiano-di-playa-del-carmen\/#primaryimage\"},\"image\":{\"@id\":\"https:\/\/puntodincontro.mx\/2022\/02\/13\/vi-festival-culturale-italiano-di-playa-del-carmen\/#primaryimage\"},\"thumbnailUrl\":\"https:\/\/puntodincontro.mx\/wp-content\/uploads\/2022\/02\/festivalitalianoplayadelcarmenvert.webp\",\"datePublished\":\"2022-02-13T14:19:46+00:00\",\"dateModified\":\"2022-02-13T14:19:47+00:00\",\"description\":\"Il 10-11 giugno 2022 si svolger\u00e0 il sesto Festival Culturale Italiano di Playa del Carmen, localit\u00e0 balneare situata lungo la linea costiera caraibica della Riviera Maya e luogo di residenza di una delle pi\u00f9 grandi comunit\u00e0 di cittadini del Bel Paese in Messico.\",\"breadcrumb\":{\"@id\":\"https:\/\/puntodincontro.mx\/2022\/02\/13\/vi-festival-culturale-italiano-di-playa-del-carmen\/#breadcrumb\"},\"inLanguage\":\"es\",\"potentialAction\":[{\"@type\":\"ReadAction\",\"target\":[\"https:\/\/puntodincontro.mx\/2022\/02\/13\/vi-festival-culturale-italiano-di-playa-del-carmen\/\"]}]},{\"@type\":\"ImageObject\",\"inLanguage\":\"es\",\"@id\":\"https:\/\/puntodincontro.mx\/2022\/02\/13\/vi-festival-culturale-italiano-di-playa-del-carmen\/#primaryimage\",\"url\":\"https:\/\/puntodincontro.mx\/wp-content\/uploads\/2022\/02\/festivalitalianoplayadelcarmenvert.webp\",\"contentUrl\":\"https:\/\/puntodincontro.mx\/wp-content\/uploads\/2022\/02\/festivalitalianoplayadelcarmenvert.webp\",\"width\":423,\"height\":488},{\"@type\":\"BreadcrumbList\",\"@id\":\"https:\/\/puntodincontro.mx\/2022\/02\/13\/vi-festival-culturale-italiano-di-playa-del-carmen\/#breadcrumb\",\"itemListElement\":[{\"@type\":\"ListItem\",\"position\":1,\"name\":\"Home\",\"item\":\"https:\/\/puntodincontro.mx\/\"},{\"@type\":\"ListItem\",\"position\":2,\"name\":\"VI Festival Culturale Italiano di Playa del Carmen\"}]},{\"@type\":\"WebSite\",\"@id\":\"https:\/\/puntodincontro.mx\/#website\",\"url\":\"https:\/\/puntodincontro.mx\/\",\"name\":\"Puntodincontro\",\"description\":\"Dal 2006 notizie sui rapporti Italia-Messico \/ Desde 2006 noticias sobre las relaciones entre Italia y M\u00e9xico\",\"publisher\":{\"@id\":\"https:\/\/puntodincontro.mx\/#organization\"},\"potentialAction\":[{\"@type\":\"SearchAction\",\"target\":{\"@type\":\"EntryPoint\",\"urlTemplate\":\"https:\/\/puntodincontro.mx\/?s={search_term_string}\"},\"query-input\":{\"@type\":\"PropertyValueSpecification\",\"valueRequired\":true,\"valueName\":\"search_term_string\"}}],\"inLanguage\":\"es\"},{\"@type\":\"Organization\",\"@id\":\"https:\/\/puntodincontro.mx\/#organization\",\"name\":\"Puntodincontro\",\"url\":\"https:\/\/puntodincontro.mx\/\",\"logo\":{\"@type\":\"ImageObject\",\"inLanguage\":\"es\",\"@id\":\"https:\/\/puntodincontro.mx\/#\/schema\/logo\/image\/\",\"url\":\"https:\/\/puntodincontro.mx\/wp-content\/uploads\/2021\/08\/Default-image-for-open-graph-settings.jpg\",\"contentUrl\":\"https:\/\/puntodincontro.mx\/wp-content\/uploads\/2021\/08\/Default-image-for-open-graph-settings.jpg\",\"width\":1200,\"height\":630,\"caption\":\"Puntodincontro\"},\"image\":{\"@id\":\"https:\/\/puntodincontro.mx\/#\/schema\/logo\/image\/\"},\"sameAs\":[\"https:\/\/www.facebook.com\/puntodincontro.mx\",\"https:\/\/x.com\/puntodincontro\",\"https:\/\/www.instagram.com\/puntodincontro.mx\/\",\"https:\/\/www.linkedin.com\/company\/puntodincontro\/\",\"https:\/\/www.youtube.com\/c\/puntodincontromessico\",\"https:\/\/www.patreon.com\/puntodincontro\",\"https:\/\/www.threads.net\/@puntodincontro.mx\"]},{\"@type\":\"Person\",\"@id\":\"https:\/\/puntodincontro.mx\/#\/schema\/person\/d3066d18a16259cbb0c29b0d0e93b556\",\"name\":\"Puntodincontro\",\"image\":{\"@type\":\"ImageObject\",\"inLanguage\":\"es\",\"@id\":\"https:\/\/puntodincontro.mx\/#\/schema\/person\/image\/\",\"url\":\"https:\/\/secure.gravatar.com\/avatar\/0e85b4b3b5e9d6bfcec6a4956d8cc63a?s=96&d=mm&r=g\",\"contentUrl\":\"https:\/\/secure.gravatar.com\/avatar\/0e85b4b3b5e9d6bfcec6a4956d8cc63a?s=96&d=mm&r=g\",\"caption\":\"Puntodincontro\"},\"url\":\"https:\/\/puntodincontro.mx\/es\/author\/puntodincontro\/\"}]}<\/script>\n<!-- \/ Yoast SEO Premium plugin. -->","yoast_head_json":{"title":"VI Festival Culturale Italiano di Playa del Carmen Puntodincontro","description":"Los d\u00edas 10 y 11 de junio de 2022 se llevar\u00e1 a cabo el sexto Festival Cultural Italiano de Playa del Carmen, localidad tur\u00edsttica ubicada en el litoral caribe\u00f1o de la Riviera Maya y lugar de residencia de una de las mayores comunidades de ciudadanos del Bel Paese en M\u00e9xico.","robots":{"index":"index","follow":"follow","max-snippet":"max-snippet:-1","max-image-preview":"max-image-preview:large","max-video-preview":"max-video-preview:-1"},"canonical":"https:\/\/puntodincontro.mx\/es\/2022\/02\/13\/vi-festival-cultural-italiano-de-playa-del-carmen\/","og_locale":"es_MX","og_type":"article","og_title":"VI Festival Culturale Italiano di Playa del Carmen","og_description":"Il 10-11 giugno 2022 si svolger\u00e0 il sesto Festival Culturale Italiano di Playa del Carmen, localit\u00e0 balneare situata lungo la linea costiera caraibica della Riviera Maya e luogo di residenza di una delle pi\u00f9 grandi comunit\u00e0 di cittadini del Bel Paese in Messico.","og_url":"https:\/\/puntodincontro.mx\/es\/2022\/02\/13\/vi-festival-cultural-italiano-de-playa-del-carmen\/","og_site_name":"Puntodincontro","article_publisher":"https:\/\/www.facebook.com\/puntodincontro.mx","article_published_time":"2022-02-13T14:19:46+00:00","article_modified_time":"2022-02-13T14:19:47+00:00","og_image":[{"width":423,"height":488,"url":"https:\/\/puntodincontro.mx\/wp-content\/uploads\/2022\/02\/festivalitalianoplayadelcarmenvert.webp","type":"image\/webp"}],"author":"Puntodincontro","twitter_card":"summary_large_image","twitter_creator":"@puntodincontro","twitter_site":"@puntodincontro","twitter_misc":{"Escrito por":"Puntodincontro","Tiempo de lectura":"2 minutos"},"schema":{"@context":"https:\/\/schema.org","@graph":[{"@type":"NewsArticle","@id":"https:\/\/puntodincontro.mx\/2022\/02\/13\/vi-festival-culturale-italiano-di-playa-del-carmen\/#article","isPartOf":{"@id":"https:\/\/puntodincontro.mx\/2022\/02\/13\/vi-festival-culturale-italiano-di-playa-del-carmen\/"},"author":{"name":"Puntodincontro","@id":"https:\/\/puntodincontro.mx\/#\/schema\/person\/d3066d18a16259cbb0c29b0d0e93b556"},"headline":"VI Festival Culturale Italiano di Playa del Carmen","datePublished":"2022-02-13T14:19:46+00:00","dateModified":"2022-02-13T14:19:47+00:00","mainEntityOfPage":{"@id":"https:\/\/puntodincontro.mx\/2022\/02\/13\/vi-festival-culturale-italiano-di-playa-del-carmen\/"},"wordCount":210,"commentCount":0,"publisher":{"@id":"https:\/\/puntodincontro.mx\/#organization"},"image":{"@id":"https:\/\/puntodincontro.mx\/2022\/02\/13\/vi-festival-culturale-italiano-di-playa-del-carmen\/#primaryimage"},"thumbnailUrl":"https:\/\/puntodincontro.mx\/wp-content\/uploads\/2022\/02\/festivalitalianoplayadelcarmenvert.webp","articleSection":["Italia in Messico"],"inLanguage":"es","potentialAction":[{"@type":"CommentAction","name":"Comment","target":["https:\/\/puntodincontro.mx\/2022\/02\/13\/vi-festival-culturale-italiano-di-playa-del-carmen\/#respond"]}]},{"@type":"WebPage","@id":"https:\/\/puntodincontro.mx\/2022\/02\/13\/vi-festival-culturale-italiano-di-playa-del-carmen\/","url":"https:\/\/puntodincontro.mx\/2022\/02\/13\/vi-festival-culturale-italiano-di-playa-del-carmen\/","name":"VI Festival Culturale Italiano di Playa del Carmen Puntodincontro","isPartOf":{"@id":"https:\/\/puntodincontro.mx\/#website"},"primaryImageOfPage":{"@id":"https:\/\/puntodincontro.mx\/2022\/02\/13\/vi-festival-culturale-italiano-di-playa-del-carmen\/#primaryimage"},"image":{"@id":"https:\/\/puntodincontro.mx\/2022\/02\/13\/vi-festival-culturale-italiano-di-playa-del-carmen\/#primaryimage"},"thumbnailUrl":"https:\/\/puntodincontro.mx\/wp-content\/uploads\/2022\/02\/festivalitalianoplayadelcarmenvert.webp","datePublished":"2022-02-13T14:19:46+00:00","dateModified":"2022-02-13T14:19:47+00:00","description":"Los d\u00edas 10 y 11 de junio de 2022 se llevar\u00e1 a cabo el sexto Festival Cultural Italiano de Playa del Carmen, localidad tur\u00edsttica ubicada en el litoral caribe\u00f1o de la Riviera Maya y lugar de residencia de una de las mayores comunidades de ciudadanos del Bel Paese en M\u00e9xico.","breadcrumb":{"@id":"https:\/\/puntodincontro.mx\/2022\/02\/13\/vi-festival-culturale-italiano-di-playa-del-carmen\/#breadcrumb"},"inLanguage":"es","potentialAction":[{"@type":"ReadAction","target":["https:\/\/puntodincontro.mx\/2022\/02\/13\/vi-festival-culturale-italiano-di-playa-del-carmen\/"]}]},{"@type":"ImageObject","inLanguage":"es","@id":"https:\/\/puntodincontro.mx\/2022\/02\/13\/vi-festival-culturale-italiano-di-playa-del-carmen\/#primaryimage","url":"https:\/\/puntodincontro.mx\/wp-content\/uploads\/2022\/02\/festivalitalianoplayadelcarmenvert.webp","contentUrl":"https:\/\/puntodincontro.mx\/wp-content\/uploads\/2022\/02\/festivalitalianoplayadelcarmenvert.webp","width":423,"height":488},{"@type":"BreadcrumbList","@id":"https:\/\/puntodincontro.mx\/2022\/02\/13\/vi-festival-culturale-italiano-di-playa-del-carmen\/#breadcrumb","itemListElement":[{"@type":"ListItem","position":1,"name":"Home","item":"https:\/\/puntodincontro.mx\/"},{"@type":"ListItem","position":2,"name":"VI Festival Culturale Italiano di Playa del Carmen"}]},{"@type":"WebSite","@id":"https:\/\/puntodincontro.mx\/#website","url":"https:\/\/puntodincontro.mx\/","name":"Puntodincontro","description":"Desde el 2006 noticias sobre las relaciones entre Italia y M\u00e9xico \/ Dal 2006 notizie sui rapporti Italia-Messico","publisher":{"@id":"https:\/\/puntodincontro.mx\/#organization"},"potentialAction":[{"@type":"SearchAction","target":{"@type":"EntryPoint","urlTemplate":"https:\/\/puntodincontro.mx\/?s={search_term_string}"},"query-input":{"@type":"PropertyValueSpecification","valueRequired":true,"valueName":"search_term_string"}}],"inLanguage":"es"},{"@type":"Organization","@id":"https:\/\/puntodincontro.mx\/#organization","name":"Puntodincontro","url":"https:\/\/puntodincontro.mx\/","logo":{"@type":"ImageObject","inLanguage":"es","@id":"https:\/\/puntodincontro.mx\/#\/schema\/logo\/image\/","url":"https:\/\/puntodincontro.mx\/wp-content\/uploads\/2021\/08\/Default-image-for-open-graph-settings.jpg","contentUrl":"https:\/\/puntodincontro.mx\/wp-content\/uploads\/2021\/08\/Default-image-for-open-graph-settings.jpg","width":1200,"height":630,"caption":"Puntodincontro"},"image":{"@id":"https:\/\/puntodincontro.mx\/#\/schema\/logo\/image\/"},"sameAs":["https:\/\/www.facebook.com\/puntodincontro.mx","https:\/\/x.com\/puntodincontro","https:\/\/www.instagram.com\/puntodincontro.mx\/","https:\/\/www.linkedin.com\/company\/puntodincontro\/","https:\/\/www.youtube.com\/c\/puntodincontromessico","https:\/\/www.patreon.com\/puntodincontro","https:\/\/www.threads.net\/@puntodincontro.mx"]},{"@type":"Person","@id":"https:\/\/puntodincontro.mx\/#\/schema\/person\/d3066d18a16259cbb0c29b0d0e93b556","name":"Puntodincontro","image":{"@type":"ImageObject","inLanguage":"es","@id":"https:\/\/puntodincontro.mx\/#\/schema\/person\/image\/","url":"https:\/\/secure.gravatar.com\/avatar\/0e85b4b3b5e9d6bfcec6a4956d8cc63a?s=96&d=mm&r=g","contentUrl":"https:\/\/secure.gravatar.com\/avatar\/0e85b4b3b5e9d6bfcec6a4956d8cc63a?s=96&d=mm&r=g","caption":"Puntodincontro"},"url":"https:\/\/puntodincontro.mx\/es\/author\/puntodincontro\/"}]}},"_links":{"self":[{"href":"https:\/\/puntodincontro.mx\/es\/wp-json\/wp\/v2\/posts\/3212"}],"collection":[{"href":"https:\/\/puntodincontro.mx\/es\/wp-json\/wp\/v2\/posts"}],"about":[{"href":"https:\/\/puntodincontro.mx\/es\/wp-json\/wp\/v2\/types\/post"}],"author":[{"embeddable":true,"href":"https:\/\/puntodincontro.mx\/es\/wp-json\/wp\/v2\/users\/2"}],"replies":[{"embeddable":true,"href":"https:\/\/puntodincontro.mx\/es\/wp-json\/wp\/v2\/comments?post=3212"}],"version-history":[{"count":3,"href":"https:\/\/puntodincontro.mx\/es\/wp-json\/wp\/v2\/posts\/3212\/revisions"}],"predecessor-version":[{"id":3217,"href":"https:\/\/puntodincontro.mx\/es\/wp-json\/wp\/v2\/posts\/3212\/revisions\/3217"}],"wp:featuredmedia":[{"embeddable":true,"href":"https:\/\/puntodincontro.mx\/es\/wp-json\/wp\/v2\/media\/3215"}],"wp:attachment":[{"href":"https:\/\/puntodincontro.mx\/es\/wp-json\/wp\/v2\/media?parent=3212"}],"wp:term":[{"taxonomy":"category","embeddable":true,"href":"https:\/\/puntodincontro.mx\/es\/wp-json\/wp\/v2\/categories?post=3212"},{"taxonomy":"post_tag","embeddable":true,"href":"https:\/\/puntodincontro.mx\/es\/wp-json\/wp\/v2\/tags?post=3212"}],"curies":[{"name":"wp","href":"https:\/\/api.w.org\/{rel}","templated":true}]}}