{"id":3228,"date":"2022-02-14T01:43:15","date_gmt":"2022-02-14T07:43:15","guid":{"rendered":"https:\/\/puntodincontro.mx\/?p=3228"},"modified":"2022-02-14T01:43:16","modified_gmt":"2022-02-14T07:43:16","slug":"gran-inicio-del-carnaval-de-venecia-2022","status":"publish","type":"post","link":"https:\/\/puntodincontro.mx\/es\/2022\/02\/14\/e-iniziato-alla-grande-il-carnevale-di-venezia-2022\/","title":{"rendered":"Gran inicio del Carnaval de Venecia 2022"},"content":{"rendered":"<p class=\"translation-block\"><strong>01:35 hrs.<\/strong> \u2013 Un desfile de apertura dio inicio oficialmente hace unas horas a las danzas del Carnaval de Venecia 2022, este a\u00f1o titulado <em>Remember the Future<\/em>.<\/p>\n\n\n\n<p>La procesi\u00f3n marina, compuesta por una veintena de embarcaciones t\u00edpicas de la laguna, sali\u00f3 a las 19 (hora italiana) desde Ca' Vendramin Calergi y recorri\u00f3 las aguas del Gran Canal, alcanzando el momento m\u00e1s emocionante cuando una esfera voladora iluminada fue soltada para mecerse en los cielos, regalando una atm\u00f3sfera de ensue\u00f1o a la ciudad.<\/p>\n\n\n\n<p>En el evento participaron los personajes que a lo largo de los a\u00f1os han contribuido a hacer del Carnaval de Venecia uno de los m\u00e1s famosos y queridos del mundo. Junto a la Bissona Serenissima \u2014construida en 1959 por el carpintero Giovanni Giuponi y restaurada en 2020\u2014, otras dos magn\u00edficas lanchas, la Veneziana y la Bizantina. Luego la Pantegana \u2014el rat\u00f3n que se ha convertido en un s\u00edmbolo l\u00fadico de la ciudad\u2014, flanqueado por los M\u00e9dicos de la Peste y el Toro de la Compa\u00f1\u00eda de Arte de los Mascareri. La ganadora de la fiesta de las Mar\u00edas del Carnaval 2021, Mara Stefanuto, tambi\u00e9n particip\u00f3 en la procesi\u00f3n en un gran columpio. La joven luci\u00f3 un traje creado para la ocasi\u00f3n por el Atelier Stefano Nicolao.<\/p>\n\n\n\n<p>El Carnaval de Venecia 2022, a pesar de la programaci\u00f3n reducida para evitar los riesgos de la pandemia, comenz\u00f3 a lo grande. En los dos primeros d\u00edas se registraron m\u00e1s de 100,000 visitantes en la ciudad, 55,000 de los cuales ayer domingo. Respecto al s\u00e1bado, hubo un incremento de unos 18 mil espectadores que llegaron a la laguna desde varias ciudades de la regi\u00f3n. Unos 25,000 eran extranjeros, la mayor\u00eda de los cuales durmi\u00f3 en la ciudad. El 23.58% son turistas franceses, seguidos de los brit\u00e1nicos (12.97%), espa\u00f1oles (12.89%) y alemanes (7.24%).<\/p>\n\n\n\n<div style=\"height:12px\" aria-hidden=\"true\" class=\"wp-block-spacer\"><\/div>\n\n\n\n\n\n<div style=\"height:12px\" aria-hidden=\"true\" class=\"wp-block-spacer\"><\/div>","protected":false},"excerpt":{"rendered":"<p>Ore 01.35 &#8211; Poche ore fa una sfilata di apertura ha ufficialmente dato il via alle danze del Carnevale di Venezia 2022, quest&#8217;anno intitolato Remember the Future. Il corteo acqueo, composto da venti imbarcazioni tipiche della laguna, \u00e8 partito alle 19 (ora italiana) da Ca&#8217; Vendramin Calergi ed ha percorso il Canal Grande, raggiungendo il momento pi\u00f9 emozionante quando una sfera volante illuminata \u00e8 stata liberata per ondeggiare nei cieli, regalando un&#8217;atmosfera onirica alla citt\u00e0. Hanno partecipato all&#8217;evento i personaggi che nel tempo hanno contribuito a rendere il Carnevale veneziano uno dei pi\u00f9 celebri e amati al mondo. A fianco&#8230; <\/p>","protected":false},"author":2,"featured_media":3234,"comment_status":"open","ping_status":"open","sticky":false,"template":"","format":"standard","meta":{"_monsterinsights_skip_tracking":false,"_monsterinsights_sitenote_active":false,"_monsterinsights_sitenote_note":"","_monsterinsights_sitenote_category":0,"footnotes":""},"categories":[8],"tags":[],"class_list":["post-3228","post","type-post","status-publish","format-standard","has-post-thumbnail","hentry","category-viaggi"],"yoast_head":"<!-- This site is optimized with the Yoast SEO Premium plugin v18.4 (Yoast SEO v25.6) - https:\/\/yoast.com\/wordpress\/plugins\/seo\/ -->\n<title>\u00c8 iniziato alla grande il Carnevale di Venezia 2022 Puntodincontro<\/title>\n<meta name=\"description\" content=\"Poche ore fa una sfilata di apertura ha ufficialmente dato il via alle danze del Carnevale di Venezia 2022, quest&#039;anno intitolato \u201cRemember the Future\u201d. Il corteo acqueo, composto da venti imbarcazioni tipiche della laguna, \u00e8 partito alle 19 (ora italiana) da Ca&#039; Vendramin Calergi ed ha percorso il Canal Grande, raggiungendo il momento pi\u00f9 emozionante quando una sfera volante illuminata \u00e8 stata liberata per ondeggiare nei cieli, regalando un&#039;atmosfera onirica alla citt\u00e0.\" \/>\n<meta name=\"robots\" content=\"index, follow, max-snippet:-1, max-image-preview:large, max-video-preview:-1\" \/>\n<link rel=\"canonical\" href=\"https:\/\/puntodincontro.mx\/es\/2022\/02\/14\/gran-inicio-del-carnaval-de-venecia-2022\/\" \/>\n<meta property=\"og:locale\" content=\"es_MX\" \/>\n<meta property=\"og:type\" content=\"article\" \/>\n<meta property=\"og:title\" content=\"\u00c8 iniziato alla grande il Carnevale di Venezia 2022\" \/>\n<meta property=\"og:description\" content=\"Poche ore fa una sfilata di apertura ha ufficialmente dato il via alle danze del Carnevale di Venezia 2022, quest&#039;anno intitolato \u201cRemember the Future\u201d. Il corteo acqueo, composto da venti imbarcazioni tipiche della laguna, \u00e8 partito alle 19 (ora italiana) da Ca&#039; Vendramin Calergi ed ha percorso il Canal Grande, raggiungendo il momento pi\u00f9 emozionante quando una sfera volante illuminata \u00e8 stata liberata per ondeggiare nei cieli, regalando un&#039;atmosfera onirica alla citt\u00e0.\" \/>\n<meta property=\"og:url\" content=\"https:\/\/puntodincontro.mx\/es\/2022\/02\/14\/gran-inicio-del-carnaval-de-venecia-2022\/\" \/>\n<meta property=\"og:site_name\" content=\"Puntodincontro\" \/>\n<meta property=\"article:publisher\" content=\"https:\/\/www.facebook.com\/puntodincontro.mx\" \/>\n<meta property=\"article:published_time\" content=\"2022-02-14T07:43:15+00:00\" \/>\n<meta property=\"article:modified_time\" content=\"2022-02-14T07:43:16+00:00\" \/>\n<meta property=\"og:image\" content=\"https:\/\/puntodincontro.mx\/wp-content\/uploads\/2022\/02\/carnevalediveneziavert.webp\" \/>\n\t<meta property=\"og:image:width\" content=\"423\" \/>\n\t<meta property=\"og:image:height\" content=\"488\" \/>\n\t<meta property=\"og:image:type\" content=\"image\/webp\" \/>\n<meta name=\"author\" content=\"Puntodincontro\" \/>\n<meta name=\"twitter:card\" content=\"summary_large_image\" \/>\n<meta name=\"twitter:creator\" content=\"@puntodincontro\" \/>\n<meta name=\"twitter:site\" content=\"@puntodincontro\" \/>\n<meta name=\"twitter:label1\" content=\"Escrito por\" \/>\n\t<meta name=\"twitter:data1\" content=\"Puntodincontro\" \/>\n\t<meta name=\"twitter:label2\" content=\"Tiempo de lectura\" \/>\n\t<meta name=\"twitter:data2\" content=\"2 minutos\" \/>\n<script type=\"application\/ld+json\" class=\"yoast-schema-graph\">{\"@context\":\"https:\/\/schema.org\",\"@graph\":[{\"@type\":\"NewsArticle\",\"@id\":\"https:\/\/puntodincontro.mx\/2022\/02\/14\/e-iniziato-alla-grande-il-carnevale-di-venezia-2022\/#article\",\"isPartOf\":{\"@id\":\"https:\/\/puntodincontro.mx\/2022\/02\/14\/e-iniziato-alla-grande-il-carnevale-di-venezia-2022\/\"},\"author\":{\"name\":\"Puntodincontro\",\"@id\":\"https:\/\/puntodincontro.mx\/#\/schema\/person\/d3066d18a16259cbb0c29b0d0e93b556\"},\"headline\":\"\u00c8 iniziato alla grande il Carnevale di Venezia 2022\",\"datePublished\":\"2022-02-14T07:43:15+00:00\",\"dateModified\":\"2022-02-14T07:43:16+00:00\",\"mainEntityOfPage\":{\"@id\":\"https:\/\/puntodincontro.mx\/2022\/02\/14\/e-iniziato-alla-grande-il-carnevale-di-venezia-2022\/\"},\"wordCount\":267,\"commentCount\":0,\"publisher\":{\"@id\":\"https:\/\/puntodincontro.mx\/#organization\"},\"image\":{\"@id\":\"https:\/\/puntodincontro.mx\/2022\/02\/14\/e-iniziato-alla-grande-il-carnevale-di-venezia-2022\/#primaryimage\"},\"thumbnailUrl\":\"https:\/\/puntodincontro.mx\/wp-content\/uploads\/2022\/02\/carnevalediveneziavert.webp\",\"articleSection\":[\"Viaggi\"],\"inLanguage\":\"es\",\"potentialAction\":[{\"@type\":\"CommentAction\",\"name\":\"Comment\",\"target\":[\"https:\/\/puntodincontro.mx\/2022\/02\/14\/e-iniziato-alla-grande-il-carnevale-di-venezia-2022\/#respond\"]}]},{\"@type\":\"WebPage\",\"@id\":\"https:\/\/puntodincontro.mx\/2022\/02\/14\/e-iniziato-alla-grande-il-carnevale-di-venezia-2022\/\",\"url\":\"https:\/\/puntodincontro.mx\/2022\/02\/14\/e-iniziato-alla-grande-il-carnevale-di-venezia-2022\/\",\"name\":\"\u00c8 iniziato alla grande il Carnevale di Venezia 2022 Puntodincontro\",\"isPartOf\":{\"@id\":\"https:\/\/puntodincontro.mx\/#website\"},\"primaryImageOfPage\":{\"@id\":\"https:\/\/puntodincontro.mx\/2022\/02\/14\/e-iniziato-alla-grande-il-carnevale-di-venezia-2022\/#primaryimage\"},\"image\":{\"@id\":\"https:\/\/puntodincontro.mx\/2022\/02\/14\/e-iniziato-alla-grande-il-carnevale-di-venezia-2022\/#primaryimage\"},\"thumbnailUrl\":\"https:\/\/puntodincontro.mx\/wp-content\/uploads\/2022\/02\/carnevalediveneziavert.webp\",\"datePublished\":\"2022-02-14T07:43:15+00:00\",\"dateModified\":\"2022-02-14T07:43:16+00:00\",\"description\":\"Poche ore fa una sfilata di apertura ha ufficialmente dato il via alle danze del Carnevale di Venezia 2022, quest'anno intitolato \u201cRemember the Future\u201d. Il corteo acqueo, composto da venti imbarcazioni tipiche della laguna, \u00e8 partito alle 19 (ora italiana) da Ca' Vendramin Calergi ed ha percorso il Canal Grande, raggiungendo il momento pi\u00f9 emozionante quando una sfera volante illuminata \u00e8 stata liberata per ondeggiare nei cieli, regalando un'atmosfera onirica alla citt\u00e0.\",\"breadcrumb\":{\"@id\":\"https:\/\/puntodincontro.mx\/2022\/02\/14\/e-iniziato-alla-grande-il-carnevale-di-venezia-2022\/#breadcrumb\"},\"inLanguage\":\"es\",\"potentialAction\":[{\"@type\":\"ReadAction\",\"target\":[\"https:\/\/puntodincontro.mx\/2022\/02\/14\/e-iniziato-alla-grande-il-carnevale-di-venezia-2022\/\"]}]},{\"@type\":\"ImageObject\",\"inLanguage\":\"es\",\"@id\":\"https:\/\/puntodincontro.mx\/2022\/02\/14\/e-iniziato-alla-grande-il-carnevale-di-venezia-2022\/#primaryimage\",\"url\":\"https:\/\/puntodincontro.mx\/wp-content\/uploads\/2022\/02\/carnevalediveneziavert.webp\",\"contentUrl\":\"https:\/\/puntodincontro.mx\/wp-content\/uploads\/2022\/02\/carnevalediveneziavert.webp\",\"width\":423,\"height\":488},{\"@type\":\"BreadcrumbList\",\"@id\":\"https:\/\/puntodincontro.mx\/2022\/02\/14\/e-iniziato-alla-grande-il-carnevale-di-venezia-2022\/#breadcrumb\",\"itemListElement\":[{\"@type\":\"ListItem\",\"position\":1,\"name\":\"Home\",\"item\":\"https:\/\/puntodincontro.mx\/\"},{\"@type\":\"ListItem\",\"position\":2,\"name\":\"\u00c8 iniziato alla grande il Carnevale di Venezia 2022\"}]},{\"@type\":\"WebSite\",\"@id\":\"https:\/\/puntodincontro.mx\/#website\",\"url\":\"https:\/\/puntodincontro.mx\/\",\"name\":\"Puntodincontro\",\"description\":\"Dal 2006 notizie sui rapporti Italia-Messico \/ Desde 2006 noticias sobre las relaciones entre Italia y M\u00e9xico\",\"publisher\":{\"@id\":\"https:\/\/puntodincontro.mx\/#organization\"},\"potentialAction\":[{\"@type\":\"SearchAction\",\"target\":{\"@type\":\"EntryPoint\",\"urlTemplate\":\"https:\/\/puntodincontro.mx\/?s={search_term_string}\"},\"query-input\":{\"@type\":\"PropertyValueSpecification\",\"valueRequired\":true,\"valueName\":\"search_term_string\"}}],\"inLanguage\":\"es\"},{\"@type\":\"Organization\",\"@id\":\"https:\/\/puntodincontro.mx\/#organization\",\"name\":\"Puntodincontro\",\"url\":\"https:\/\/puntodincontro.mx\/\",\"logo\":{\"@type\":\"ImageObject\",\"inLanguage\":\"es\",\"@id\":\"https:\/\/puntodincontro.mx\/#\/schema\/logo\/image\/\",\"url\":\"https:\/\/puntodincontro.mx\/wp-content\/uploads\/2021\/08\/Default-image-for-open-graph-settings.jpg\",\"contentUrl\":\"https:\/\/puntodincontro.mx\/wp-content\/uploads\/2021\/08\/Default-image-for-open-graph-settings.jpg\",\"width\":1200,\"height\":630,\"caption\":\"Puntodincontro\"},\"image\":{\"@id\":\"https:\/\/puntodincontro.mx\/#\/schema\/logo\/image\/\"},\"sameAs\":[\"https:\/\/www.facebook.com\/puntodincontro.mx\",\"https:\/\/x.com\/puntodincontro\",\"https:\/\/www.instagram.com\/puntodincontro.mx\/\",\"https:\/\/www.linkedin.com\/company\/puntodincontro\/\",\"https:\/\/www.youtube.com\/c\/puntodincontromessico\",\"https:\/\/www.patreon.com\/puntodincontro\",\"https:\/\/www.threads.net\/@puntodincontro.mx\"]},{\"@type\":\"Person\",\"@id\":\"https:\/\/puntodincontro.mx\/#\/schema\/person\/d3066d18a16259cbb0c29b0d0e93b556\",\"name\":\"Puntodincontro\",\"image\":{\"@type\":\"ImageObject\",\"inLanguage\":\"es\",\"@id\":\"https:\/\/puntodincontro.mx\/#\/schema\/person\/image\/\",\"url\":\"https:\/\/secure.gravatar.com\/avatar\/0e85b4b3b5e9d6bfcec6a4956d8cc63a?s=96&d=mm&r=g\",\"contentUrl\":\"https:\/\/secure.gravatar.com\/avatar\/0e85b4b3b5e9d6bfcec6a4956d8cc63a?s=96&d=mm&r=g\",\"caption\":\"Puntodincontro\"},\"url\":\"https:\/\/puntodincontro.mx\/es\/author\/puntodincontro\/\"}]}<\/script>\n<!-- \/ Yoast SEO Premium plugin. -->","yoast_head_json":{"title":"\u00c8 iniziato alla grande il Carnevale di Venezia 2022 Puntodincontro","description":"Poche ore fa una sfilata di apertura ha ufficialmente dato il via alle danze del Carnevale di Venezia 2022, quest'anno intitolato \u201cRemember the Future\u201d. Il corteo acqueo, composto da venti imbarcazioni tipiche della laguna, \u00e8 partito alle 19 (ora italiana) da Ca' Vendramin Calergi ed ha percorso il Canal Grande, raggiungendo il momento pi\u00f9 emozionante quando una sfera volante illuminata \u00e8 stata liberata per ondeggiare nei cieli, regalando un'atmosfera onirica alla citt\u00e0.","robots":{"index":"index","follow":"follow","max-snippet":"max-snippet:-1","max-image-preview":"max-image-preview:large","max-video-preview":"max-video-preview:-1"},"canonical":"https:\/\/puntodincontro.mx\/es\/2022\/02\/14\/gran-inicio-del-carnaval-de-venecia-2022\/","og_locale":"es_MX","og_type":"article","og_title":"\u00c8 iniziato alla grande il Carnevale di Venezia 2022","og_description":"Poche ore fa una sfilata di apertura ha ufficialmente dato il via alle danze del Carnevale di Venezia 2022, quest'anno intitolato \u201cRemember the Future\u201d. Il corteo acqueo, composto da venti imbarcazioni tipiche della laguna, \u00e8 partito alle 19 (ora italiana) da Ca' Vendramin Calergi ed ha percorso il Canal Grande, raggiungendo il momento pi\u00f9 emozionante quando una sfera volante illuminata \u00e8 stata liberata per ondeggiare nei cieli, regalando un'atmosfera onirica alla citt\u00e0.","og_url":"https:\/\/puntodincontro.mx\/es\/2022\/02\/14\/gran-inicio-del-carnaval-de-venecia-2022\/","og_site_name":"Puntodincontro","article_publisher":"https:\/\/www.facebook.com\/puntodincontro.mx","article_published_time":"2022-02-14T07:43:15+00:00","article_modified_time":"2022-02-14T07:43:16+00:00","og_image":[{"width":423,"height":488,"url":"https:\/\/puntodincontro.mx\/wp-content\/uploads\/2022\/02\/carnevalediveneziavert.webp","type":"image\/webp"}],"author":"Puntodincontro","twitter_card":"summary_large_image","twitter_creator":"@puntodincontro","twitter_site":"@puntodincontro","twitter_misc":{"Escrito por":"Puntodincontro","Tiempo de lectura":"2 minutos"},"schema":{"@context":"https:\/\/schema.org","@graph":[{"@type":"NewsArticle","@id":"https:\/\/puntodincontro.mx\/2022\/02\/14\/e-iniziato-alla-grande-il-carnevale-di-venezia-2022\/#article","isPartOf":{"@id":"https:\/\/puntodincontro.mx\/2022\/02\/14\/e-iniziato-alla-grande-il-carnevale-di-venezia-2022\/"},"author":{"name":"Puntodincontro","@id":"https:\/\/puntodincontro.mx\/#\/schema\/person\/d3066d18a16259cbb0c29b0d0e93b556"},"headline":"\u00c8 iniziato alla grande il Carnevale di Venezia 2022","datePublished":"2022-02-14T07:43:15+00:00","dateModified":"2022-02-14T07:43:16+00:00","mainEntityOfPage":{"@id":"https:\/\/puntodincontro.mx\/2022\/02\/14\/e-iniziato-alla-grande-il-carnevale-di-venezia-2022\/"},"wordCount":267,"commentCount":0,"publisher":{"@id":"https:\/\/puntodincontro.mx\/#organization"},"image":{"@id":"https:\/\/puntodincontro.mx\/2022\/02\/14\/e-iniziato-alla-grande-il-carnevale-di-venezia-2022\/#primaryimage"},"thumbnailUrl":"https:\/\/puntodincontro.mx\/wp-content\/uploads\/2022\/02\/carnevalediveneziavert.webp","articleSection":["Viaggi"],"inLanguage":"es","potentialAction":[{"@type":"CommentAction","name":"Comment","target":["https:\/\/puntodincontro.mx\/2022\/02\/14\/e-iniziato-alla-grande-il-carnevale-di-venezia-2022\/#respond"]}]},{"@type":"WebPage","@id":"https:\/\/puntodincontro.mx\/2022\/02\/14\/e-iniziato-alla-grande-il-carnevale-di-venezia-2022\/","url":"https:\/\/puntodincontro.mx\/2022\/02\/14\/e-iniziato-alla-grande-il-carnevale-di-venezia-2022\/","name":"\u00c8 iniziato alla grande il Carnevale di Venezia 2022 Puntodincontro","isPartOf":{"@id":"https:\/\/puntodincontro.mx\/#website"},"primaryImageOfPage":{"@id":"https:\/\/puntodincontro.mx\/2022\/02\/14\/e-iniziato-alla-grande-il-carnevale-di-venezia-2022\/#primaryimage"},"image":{"@id":"https:\/\/puntodincontro.mx\/2022\/02\/14\/e-iniziato-alla-grande-il-carnevale-di-venezia-2022\/#primaryimage"},"thumbnailUrl":"https:\/\/puntodincontro.mx\/wp-content\/uploads\/2022\/02\/carnevalediveneziavert.webp","datePublished":"2022-02-14T07:43:15+00:00","dateModified":"2022-02-14T07:43:16+00:00","description":"Poche ore fa una sfilata di apertura ha ufficialmente dato il via alle danze del Carnevale di Venezia 2022, quest'anno intitolato \u201cRemember the Future\u201d. Il corteo acqueo, composto da venti imbarcazioni tipiche della laguna, \u00e8 partito alle 19 (ora italiana) da Ca' Vendramin Calergi ed ha percorso il Canal Grande, raggiungendo il momento pi\u00f9 emozionante quando una sfera volante illuminata \u00e8 stata liberata per ondeggiare nei cieli, regalando un'atmosfera onirica alla citt\u00e0.","breadcrumb":{"@id":"https:\/\/puntodincontro.mx\/2022\/02\/14\/e-iniziato-alla-grande-il-carnevale-di-venezia-2022\/#breadcrumb"},"inLanguage":"es","potentialAction":[{"@type":"ReadAction","target":["https:\/\/puntodincontro.mx\/2022\/02\/14\/e-iniziato-alla-grande-il-carnevale-di-venezia-2022\/"]}]},{"@type":"ImageObject","inLanguage":"es","@id":"https:\/\/puntodincontro.mx\/2022\/02\/14\/e-iniziato-alla-grande-il-carnevale-di-venezia-2022\/#primaryimage","url":"https:\/\/puntodincontro.mx\/wp-content\/uploads\/2022\/02\/carnevalediveneziavert.webp","contentUrl":"https:\/\/puntodincontro.mx\/wp-content\/uploads\/2022\/02\/carnevalediveneziavert.webp","width":423,"height":488},{"@type":"BreadcrumbList","@id":"https:\/\/puntodincontro.mx\/2022\/02\/14\/e-iniziato-alla-grande-il-carnevale-di-venezia-2022\/#breadcrumb","itemListElement":[{"@type":"ListItem","position":1,"name":"Home","item":"https:\/\/puntodincontro.mx\/"},{"@type":"ListItem","position":2,"name":"\u00c8 iniziato alla grande il Carnevale di Venezia 2022"}]},{"@type":"WebSite","@id":"https:\/\/puntodincontro.mx\/#website","url":"https:\/\/puntodincontro.mx\/","name":"Puntodincontro","description":"Desde el 2006 noticias sobre las relaciones entre Italia y M\u00e9xico \/ Dal 2006 notizie sui rapporti Italia-Messico","publisher":{"@id":"https:\/\/puntodincontro.mx\/#organization"},"potentialAction":[{"@type":"SearchAction","target":{"@type":"EntryPoint","urlTemplate":"https:\/\/puntodincontro.mx\/?s={search_term_string}"},"query-input":{"@type":"PropertyValueSpecification","valueRequired":true,"valueName":"search_term_string"}}],"inLanguage":"es"},{"@type":"Organization","@id":"https:\/\/puntodincontro.mx\/#organization","name":"Puntodincontro","url":"https:\/\/puntodincontro.mx\/","logo":{"@type":"ImageObject","inLanguage":"es","@id":"https:\/\/puntodincontro.mx\/#\/schema\/logo\/image\/","url":"https:\/\/puntodincontro.mx\/wp-content\/uploads\/2021\/08\/Default-image-for-open-graph-settings.jpg","contentUrl":"https:\/\/puntodincontro.mx\/wp-content\/uploads\/2021\/08\/Default-image-for-open-graph-settings.jpg","width":1200,"height":630,"caption":"Puntodincontro"},"image":{"@id":"https:\/\/puntodincontro.mx\/#\/schema\/logo\/image\/"},"sameAs":["https:\/\/www.facebook.com\/puntodincontro.mx","https:\/\/x.com\/puntodincontro","https:\/\/www.instagram.com\/puntodincontro.mx\/","https:\/\/www.linkedin.com\/company\/puntodincontro\/","https:\/\/www.youtube.com\/c\/puntodincontromessico","https:\/\/www.patreon.com\/puntodincontro","https:\/\/www.threads.net\/@puntodincontro.mx"]},{"@type":"Person","@id":"https:\/\/puntodincontro.mx\/#\/schema\/person\/d3066d18a16259cbb0c29b0d0e93b556","name":"Puntodincontro","image":{"@type":"ImageObject","inLanguage":"es","@id":"https:\/\/puntodincontro.mx\/#\/schema\/person\/image\/","url":"https:\/\/secure.gravatar.com\/avatar\/0e85b4b3b5e9d6bfcec6a4956d8cc63a?s=96&d=mm&r=g","contentUrl":"https:\/\/secure.gravatar.com\/avatar\/0e85b4b3b5e9d6bfcec6a4956d8cc63a?s=96&d=mm&r=g","caption":"Puntodincontro"},"url":"https:\/\/puntodincontro.mx\/es\/author\/puntodincontro\/"}]}},"_links":{"self":[{"href":"https:\/\/puntodincontro.mx\/es\/wp-json\/wp\/v2\/posts\/3228"}],"collection":[{"href":"https:\/\/puntodincontro.mx\/es\/wp-json\/wp\/v2\/posts"}],"about":[{"href":"https:\/\/puntodincontro.mx\/es\/wp-json\/wp\/v2\/types\/post"}],"author":[{"embeddable":true,"href":"https:\/\/puntodincontro.mx\/es\/wp-json\/wp\/v2\/users\/2"}],"replies":[{"embeddable":true,"href":"https:\/\/puntodincontro.mx\/es\/wp-json\/wp\/v2\/comments?post=3228"}],"version-history":[{"count":4,"href":"https:\/\/puntodincontro.mx\/es\/wp-json\/wp\/v2\/posts\/3228\/revisions"}],"predecessor-version":[{"id":3233,"href":"https:\/\/puntodincontro.mx\/es\/wp-json\/wp\/v2\/posts\/3228\/revisions\/3233"}],"wp:featuredmedia":[{"embeddable":true,"href":"https:\/\/puntodincontro.mx\/es\/wp-json\/wp\/v2\/media\/3234"}],"wp:attachment":[{"href":"https:\/\/puntodincontro.mx\/es\/wp-json\/wp\/v2\/media?parent=3228"}],"wp:term":[{"taxonomy":"category","embeddable":true,"href":"https:\/\/puntodincontro.mx\/es\/wp-json\/wp\/v2\/categories?post=3228"},{"taxonomy":"post_tag","embeddable":true,"href":"https:\/\/puntodincontro.mx\/es\/wp-json\/wp\/v2\/tags?post=3228"}],"curies":[{"name":"wp","href":"https:\/\/api.w.org\/{rel}","templated":true}]}}