{"id":3359,"date":"2022-02-20T06:20:28","date_gmt":"2022-02-20T12:20:28","guid":{"rendered":"https:\/\/puntodincontro.mx\/?p=3359"},"modified":"2022-02-20T06:20:30","modified_gmt":"2022-02-20T12:20:30","slug":"prem-dayal-mexico-me-abrio-los-brazos-y-el-corazon","status":"publish","type":"post","link":"https:\/\/puntodincontro.mx\/es\/2022\/02\/20\/prem-dayal-il-messico-mi-ha-aperto-le-braccia-e-il-cuore\/","title":{"rendered":"Prem Dayal: \u00abM\u00e9xico me abri\u00f3 los brazos y el coraz\u00f3n\u00bb"},"content":{"rendered":"<p class=\"translation-block\"><strong>06:04 hrs.<\/strong> \u2013 Prem Dayal, cuyo nombre en el registro civil es Giuseppe Pasculli, ha sido definido como \u00abun italiano que no encaja en las categor\u00edas\u00bb.<\/p>\n\n\n\n<p class=\"translation-block\">Su carrera comenz\u00f3 a principios de la d\u00e9cada de 1980 como artista callejero (mimo), convirti\u00e9ndose luego en core\u00f3grafo, director y dramaturgo. Colabor\u00f3 \u200b\u200bdurante a\u00f1os con Armando Pugliese y fue asistente de Dario Fo en el montaje del <em>Arlecchino<\/em> en la Bienal de Venecia.<\/p>\n\n\n\n<p class=\"translation-block\">Algunas de sus obras teatrales son <em>Il Claus<\/em>, <em>C\u2019ho l\u2019Aids<\/em>, <em>Il Miles di Plauto<\/em>, <em>Un Negro Llamado Nicola<\/em>, <em>I Love you\u2026 Bambolina<\/em>, <em>Aria Ruvida<\/em> y <em>Rock Pantomime<\/em>.<\/p>\n\n\n\n<p>Pas\u00f3 la d\u00e9cada de 1990 casi por completo en la India, donde aprendi\u00f3 meditaci\u00f3n y estudi\u00f3 terapia transpersonal. Durante ese per\u00edodo vivi\u00f3 y trabaj\u00f3 en la Comuna Internacional Osho de Puna, sin dejar de lado sus actividades teatrales.<\/p>\n\n\n\n<p class=\"translation-block\">Desde 2001 vive en M\u00e9xico, donde fund\u00f3 el Centro de Meditaci\u00f3n Osho, a trav\u00e9s del cual inici\u00f3 a miles de personas en la b\u00fasqueda de su interior, formando una peque\u00f1a comunidad a su alrededor. Imparte conferencias sobre el \u201cdespertar de la conciencia\u201d y sigue a decenas de grupos en los que utiliza un original estilo terap\u00e9utico que combina con la meditaci\u00f3n y al que denomin\u00f3 <em>Reconnecting<\/em>.<\/p>\n\n\n\n<p>In questi ultimi anni ha raggiunto la notoriet\u00e0 grazie ai suoi libri, fra cui <em>Me vale madres<\/em>, edito da Penguin Random House e Grijalbo (tradotto in italiano con il titolo <em>Mavaffanguru. Guida spirituale per mistici senza Dio<\/em>), divenuto un best seller con pi\u00f9 di 200.000 copie vendute. Ha inoltre pubblicato <em>Tantra e Salsiccia, Il Calendario Eterno<\/em> e <em>Autobiograf\u00eda de un Pinche Guey<\/em> (lanciato in italiano con il titolo <em>Mi Volevano Normale<\/em>).<\/p>\n\n\n\n<p class=\"translation-block\">En el prefacio de <em>Me vale madres<\/em>, el autor afirma: \u00abAl escribir este libro me dediqu\u00e9 a lo que m\u00e1s disfruto: hacer re\u00edr, escandalizar, provocar, inspirar y enojar a los ortodoxos de cualquier pandilla\u00bb.<\/p>\n\n\n\n<p>El viernes 18 de febrero de 2022, Rai Italia transmiti\u00f3 \u2014en la secci\u00f3n Le Storie del programa L'Italia con voi\u2014 un reportaje de Alessandro Galassi en el que Dayal relata brevemente su vida y afirma: \u00abM\u00e9xico me abri\u00f3 los brazos y el coraz\u00f3n\u00bb. Reproducimos a continuaci\u00f3n el v\u00eddeo subtitulado en espa\u00f1ol por Puntodincontro.<\/p>\n\n\n\n<figure class=\"wp-block-embed aligncenter is-type-video is-provider-youtube wp-block-embed-youtube wp-embed-aspect-16-9 wp-has-aspect-ratio\"><div class=\"wp-block-embed__wrapper\">\n<div class=\"epyt-video-wrapper\"><iframe loading=\"lazy\"  id=\"_ytid_43293\"  width=\"800\" height=\"450\"  data-origwidth=\"800\" data-origheight=\"450\"  data-relstop=\"1\" src=\"https:\/\/www.youtube.com\/embed\/rk0mQcKI1To?enablejsapi=1&#038;autoplay=0&#038;cc_load_policy=0&#038;cc_lang_pref=&#038;iv_load_policy=1&#038;loop=0&#038;rel=0&#038;fs=1&#038;playsinline=0&#038;autohide=2&#038;theme=dark&#038;color=red&#038;controls=1&#038;disablekb=0&#038;\" class=\"__youtube_prefs__  epyt-is-override  no-lazyload\" title=\"YouTube player\"  allow=\"fullscreen; accelerometer; autoplay; clipboard-write; encrypted-media; gyroscope; picture-in-picture; web-share\" referrerpolicy=\"strict-origin-when-cross-origin\" allowfullscreen data-no-lazy=\"1\" data-skipgform_ajax_framebjll=\"\"><\/iframe><\/div>\n<\/div><\/figure>\n\n\n\n<div style=\"height:12px\" aria-hidden=\"true\" class=\"wp-block-spacer\"><\/div>\n\n\n\n\n\n<div style=\"height:12px\" aria-hidden=\"true\" class=\"wp-block-spacer\"><\/div>","protected":false},"excerpt":{"rendered":"<p>Ore 06.04 &#8211; Prem Dayal, al secolo Giuseppe Pasculli, \u00e8 stato definito come \u00abun italiano che sfugge alle categorie\u00bb. La sua carriera \u00e8 iniziata al principio degli anni ottanta come artista di strada (mimo), per poi diventare coreografo, regista e drammaturgo. Ha collaborato per anni con Armando Pugliese ed \u00e8 stato assistente di Dario Fo nell\u2019allestimento dell\u2019Arlecchino alla Biennale di Venezia. Fra le sue opere teatrali: Il Claus, C\u2019ho l\u2019Aids, Il Miles di Plauto, Un Negro Chiamato Nicola, I Love you\u2026 Bambolina, Aria Ruvida, Rock Pantomime. Ha trascorso gli anni novanta quasi interamente in India, dove ha appreso la meditazione&#8230; <\/p>","protected":false},"author":2,"featured_media":3362,"comment_status":"open","ping_status":"open","sticky":false,"template":"","format":"standard","meta":{"_monsterinsights_skip_tracking":false,"_monsterinsights_sitenote_active":false,"_monsterinsights_sitenote_note":"","_monsterinsights_sitenote_category":0,"footnotes":""},"categories":[4],"tags":[],"class_list":["post-3359","post","type-post","status-publish","format-standard","has-post-thumbnail","hentry","category-italia-in-messico"],"yoast_head":"<!-- This site is optimized with the Yoast SEO Premium plugin v18.4 (Yoast SEO v25.6) - https:\/\/yoast.com\/wordpress\/plugins\/seo\/ -->\n<title>Prem Dayal: \u00abIl Messico mi ha aperto le braccia e il cuore\u00bb Puntodincontro<\/title>\n<meta name=\"description\" content=\"Prem Dayal, al secolo Giuseppe Pasculli, \u00e8 stato definito come \u00abun italiano che sfugge alle categorie\u00bb. La sua carriera \u00e8 iniziata al principio degli anni ottanta come artista di strada (mimo), per poi diventare coreografo, regista e drammaturgo. Ha collaborato per anni con Armando Pugliese ed \u00e8 stato assistente di Dario Fo nell\u2019allestimento dell\u2019Arlecchino alla Biennale di Venezia.\" \/>\n<meta name=\"robots\" content=\"index, follow, max-snippet:-1, max-image-preview:large, max-video-preview:-1\" \/>\n<link rel=\"canonical\" href=\"https:\/\/puntodincontro.mx\/es\/2022\/02\/20\/prem-dayal-mexico-me-abrio-los-brazos-y-el-corazon\/\" \/>\n<meta property=\"og:locale\" content=\"es_MX\" \/>\n<meta property=\"og:type\" content=\"article\" \/>\n<meta property=\"og:title\" content=\"Prem Dayal: \u00abIl Messico mi ha aperto le braccia e il cuore\u00bb\" \/>\n<meta property=\"og:description\" content=\"Prem Dayal, al secolo Giuseppe Pasculli, \u00e8 stato definito come \u00abun italiano che sfugge alle categorie\u00bb. La sua carriera \u00e8 iniziata al principio degli anni ottanta come artista di strada (mimo), per poi diventare coreografo, regista e drammaturgo. Ha collaborato per anni con Armando Pugliese ed \u00e8 stato assistente di Dario Fo nell\u2019allestimento dell\u2019Arlecchino alla Biennale di Venezia.\" \/>\n<meta property=\"og:url\" content=\"https:\/\/puntodincontro.mx\/es\/2022\/02\/20\/prem-dayal-mexico-me-abrio-los-brazos-y-el-corazon\/\" \/>\n<meta property=\"og:site_name\" content=\"Puntodincontro\" \/>\n<meta property=\"article:publisher\" content=\"https:\/\/www.facebook.com\/puntodincontro.mx\" \/>\n<meta property=\"article:published_time\" content=\"2022-02-20T12:20:28+00:00\" \/>\n<meta property=\"article:modified_time\" content=\"2022-02-20T12:20:30+00:00\" \/>\n<meta property=\"og:image\" content=\"https:\/\/puntodincontro.mx\/wp-content\/uploads\/2022\/02\/premdayalmessicovert.webp\" \/>\n\t<meta property=\"og:image:width\" content=\"423\" \/>\n\t<meta property=\"og:image:height\" content=\"488\" \/>\n\t<meta property=\"og:image:type\" content=\"image\/webp\" \/>\n<meta name=\"author\" content=\"Puntodincontro\" \/>\n<meta name=\"twitter:card\" content=\"summary_large_image\" \/>\n<meta name=\"twitter:creator\" content=\"@puntodincontro\" \/>\n<meta name=\"twitter:site\" content=\"@puntodincontro\" \/>\n<meta name=\"twitter:label1\" content=\"Escrito por\" \/>\n\t<meta name=\"twitter:data1\" content=\"Puntodincontro\" \/>\n\t<meta name=\"twitter:label2\" content=\"Tiempo de lectura\" \/>\n\t<meta name=\"twitter:data2\" content=\"2 minutos\" \/>\n<script type=\"application\/ld+json\" class=\"yoast-schema-graph\">{\"@context\":\"https:\/\/schema.org\",\"@graph\":[{\"@type\":\"NewsArticle\",\"@id\":\"https:\/\/puntodincontro.mx\/2022\/02\/20\/prem-dayal-il-messico-mi-ha-aperto-le-braccia-e-il-cuore\/#article\",\"isPartOf\":{\"@id\":\"https:\/\/puntodincontro.mx\/2022\/02\/20\/prem-dayal-il-messico-mi-ha-aperto-le-braccia-e-il-cuore\/\"},\"author\":{\"name\":\"Puntodincontro\",\"@id\":\"https:\/\/puntodincontro.mx\/#\/schema\/person\/d3066d18a16259cbb0c29b0d0e93b556\"},\"headline\":\"Prem Dayal: \u00abIl Messico mi ha aperto le braccia e il cuore\u00bb\",\"datePublished\":\"2022-02-20T12:20:28+00:00\",\"dateModified\":\"2022-02-20T12:20:30+00:00\",\"mainEntityOfPage\":{\"@id\":\"https:\/\/puntodincontro.mx\/2022\/02\/20\/prem-dayal-il-messico-mi-ha-aperto-le-braccia-e-il-cuore\/\"},\"wordCount\":360,\"commentCount\":0,\"publisher\":{\"@id\":\"https:\/\/puntodincontro.mx\/#organization\"},\"image\":{\"@id\":\"https:\/\/puntodincontro.mx\/2022\/02\/20\/prem-dayal-il-messico-mi-ha-aperto-le-braccia-e-il-cuore\/#primaryimage\"},\"thumbnailUrl\":\"https:\/\/puntodincontro.mx\/wp-content\/uploads\/2022\/02\/premdayalmessicovert.webp\",\"articleSection\":[\"Italia in Messico\"],\"inLanguage\":\"es\",\"potentialAction\":[{\"@type\":\"CommentAction\",\"name\":\"Comment\",\"target\":[\"https:\/\/puntodincontro.mx\/2022\/02\/20\/prem-dayal-il-messico-mi-ha-aperto-le-braccia-e-il-cuore\/#respond\"]}]},{\"@type\":\"WebPage\",\"@id\":\"https:\/\/puntodincontro.mx\/2022\/02\/20\/prem-dayal-il-messico-mi-ha-aperto-le-braccia-e-il-cuore\/\",\"url\":\"https:\/\/puntodincontro.mx\/2022\/02\/20\/prem-dayal-il-messico-mi-ha-aperto-le-braccia-e-il-cuore\/\",\"name\":\"Prem Dayal: \u00abIl Messico mi ha aperto le braccia e il cuore\u00bb Puntodincontro\",\"isPartOf\":{\"@id\":\"https:\/\/puntodincontro.mx\/#website\"},\"primaryImageOfPage\":{\"@id\":\"https:\/\/puntodincontro.mx\/2022\/02\/20\/prem-dayal-il-messico-mi-ha-aperto-le-braccia-e-il-cuore\/#primaryimage\"},\"image\":{\"@id\":\"https:\/\/puntodincontro.mx\/2022\/02\/20\/prem-dayal-il-messico-mi-ha-aperto-le-braccia-e-il-cuore\/#primaryimage\"},\"thumbnailUrl\":\"https:\/\/puntodincontro.mx\/wp-content\/uploads\/2022\/02\/premdayalmessicovert.webp\",\"datePublished\":\"2022-02-20T12:20:28+00:00\",\"dateModified\":\"2022-02-20T12:20:30+00:00\",\"description\":\"Prem Dayal, al secolo Giuseppe Pasculli, \u00e8 stato definito come \u00abun italiano che sfugge alle categorie\u00bb. La sua carriera \u00e8 iniziata al principio degli anni ottanta come artista di strada (mimo), per poi diventare coreografo, regista e drammaturgo. Ha collaborato per anni con Armando Pugliese ed \u00e8 stato assistente di Dario Fo nell\u2019allestimento dell\u2019Arlecchino alla Biennale di Venezia.\",\"breadcrumb\":{\"@id\":\"https:\/\/puntodincontro.mx\/2022\/02\/20\/prem-dayal-il-messico-mi-ha-aperto-le-braccia-e-il-cuore\/#breadcrumb\"},\"inLanguage\":\"es\",\"potentialAction\":[{\"@type\":\"ReadAction\",\"target\":[\"https:\/\/puntodincontro.mx\/2022\/02\/20\/prem-dayal-il-messico-mi-ha-aperto-le-braccia-e-il-cuore\/\"]}]},{\"@type\":\"ImageObject\",\"inLanguage\":\"es\",\"@id\":\"https:\/\/puntodincontro.mx\/2022\/02\/20\/prem-dayal-il-messico-mi-ha-aperto-le-braccia-e-il-cuore\/#primaryimage\",\"url\":\"https:\/\/puntodincontro.mx\/wp-content\/uploads\/2022\/02\/premdayalmessicovert.webp\",\"contentUrl\":\"https:\/\/puntodincontro.mx\/wp-content\/uploads\/2022\/02\/premdayalmessicovert.webp\",\"width\":423,\"height\":488,\"caption\":\"Prem Dayal: \u00abIl Messico mi ha aperto le braccia e il cuore\u00bb\"},{\"@type\":\"BreadcrumbList\",\"@id\":\"https:\/\/puntodincontro.mx\/2022\/02\/20\/prem-dayal-il-messico-mi-ha-aperto-le-braccia-e-il-cuore\/#breadcrumb\",\"itemListElement\":[{\"@type\":\"ListItem\",\"position\":1,\"name\":\"Home\",\"item\":\"https:\/\/puntodincontro.mx\/\"},{\"@type\":\"ListItem\",\"position\":2,\"name\":\"Prem Dayal: \u00abIl Messico mi ha aperto le braccia e il cuore\u00bb\"}]},{\"@type\":\"WebSite\",\"@id\":\"https:\/\/puntodincontro.mx\/#website\",\"url\":\"https:\/\/puntodincontro.mx\/\",\"name\":\"Puntodincontro\",\"description\":\"Dal 2006 notizie sui rapporti Italia-Messico \/ Desde 2006 noticias sobre las relaciones entre Italia y M\u00e9xico\",\"publisher\":{\"@id\":\"https:\/\/puntodincontro.mx\/#organization\"},\"potentialAction\":[{\"@type\":\"SearchAction\",\"target\":{\"@type\":\"EntryPoint\",\"urlTemplate\":\"https:\/\/puntodincontro.mx\/?s={search_term_string}\"},\"query-input\":{\"@type\":\"PropertyValueSpecification\",\"valueRequired\":true,\"valueName\":\"search_term_string\"}}],\"inLanguage\":\"es\"},{\"@type\":\"Organization\",\"@id\":\"https:\/\/puntodincontro.mx\/#organization\",\"name\":\"Puntodincontro\",\"url\":\"https:\/\/puntodincontro.mx\/\",\"logo\":{\"@type\":\"ImageObject\",\"inLanguage\":\"es\",\"@id\":\"https:\/\/puntodincontro.mx\/#\/schema\/logo\/image\/\",\"url\":\"https:\/\/puntodincontro.mx\/wp-content\/uploads\/2021\/08\/Default-image-for-open-graph-settings.jpg\",\"contentUrl\":\"https:\/\/puntodincontro.mx\/wp-content\/uploads\/2021\/08\/Default-image-for-open-graph-settings.jpg\",\"width\":1200,\"height\":630,\"caption\":\"Puntodincontro\"},\"image\":{\"@id\":\"https:\/\/puntodincontro.mx\/#\/schema\/logo\/image\/\"},\"sameAs\":[\"https:\/\/www.facebook.com\/puntodincontro.mx\",\"https:\/\/x.com\/puntodincontro\",\"https:\/\/www.instagram.com\/puntodincontro.mx\/\",\"https:\/\/www.linkedin.com\/company\/puntodincontro\/\",\"https:\/\/www.youtube.com\/c\/puntodincontromessico\",\"https:\/\/www.patreon.com\/puntodincontro\",\"https:\/\/www.threads.net\/@puntodincontro.mx\"]},{\"@type\":\"Person\",\"@id\":\"https:\/\/puntodincontro.mx\/#\/schema\/person\/d3066d18a16259cbb0c29b0d0e93b556\",\"name\":\"Puntodincontro\",\"image\":{\"@type\":\"ImageObject\",\"inLanguage\":\"es\",\"@id\":\"https:\/\/puntodincontro.mx\/#\/schema\/person\/image\/\",\"url\":\"https:\/\/secure.gravatar.com\/avatar\/0e85b4b3b5e9d6bfcec6a4956d8cc63a?s=96&d=mm&r=g\",\"contentUrl\":\"https:\/\/secure.gravatar.com\/avatar\/0e85b4b3b5e9d6bfcec6a4956d8cc63a?s=96&d=mm&r=g\",\"caption\":\"Puntodincontro\"},\"url\":\"https:\/\/puntodincontro.mx\/es\/author\/puntodincontro\/\"}]}<\/script>\n<!-- \/ Yoast SEO Premium plugin. -->","yoast_head_json":{"title":"Prem Dayal: \u00abIl Messico mi ha aperto le braccia e il cuore\u00bb Puntodincontro","description":"Prem Dayal, cuyo nombre en el registro civil es Giuseppe Pasculli, ha sido definido como \u00abun italiano que no encaja en las categor\u00edas\u00bb. Su carrera comenz\u00f3 a principios de la d\u00e9cada de 1980 como artista callejero (mimo), convirti\u00e9ndose luego en core\u00f3grafo, director y dramaturgo. Colabor\u00f3 \u200b\u200bdurante a\u00f1os con Armando Pugliese y fue asistente de Dario Fo en el montaje del Arlequ\u00edn en la Bienal de Venecia.","robots":{"index":"index","follow":"follow","max-snippet":"max-snippet:-1","max-image-preview":"max-image-preview:large","max-video-preview":"max-video-preview:-1"},"canonical":"https:\/\/puntodincontro.mx\/es\/2022\/02\/20\/prem-dayal-mexico-me-abrio-los-brazos-y-el-corazon\/","og_locale":"es_MX","og_type":"article","og_title":"Prem Dayal: \u00abIl Messico mi ha aperto le braccia e il cuore\u00bb","og_description":"Prem Dayal, al secolo Giuseppe Pasculli, \u00e8 stato definito come \u00abun italiano che sfugge alle categorie\u00bb. La sua carriera \u00e8 iniziata al principio degli anni ottanta come artista di strada (mimo), per poi diventare coreografo, regista e drammaturgo. Ha collaborato per anni con Armando Pugliese ed \u00e8 stato assistente di Dario Fo nell\u2019allestimento dell\u2019Arlecchino alla Biennale di Venezia.","og_url":"https:\/\/puntodincontro.mx\/es\/2022\/02\/20\/prem-dayal-mexico-me-abrio-los-brazos-y-el-corazon\/","og_site_name":"Puntodincontro","article_publisher":"https:\/\/www.facebook.com\/puntodincontro.mx","article_published_time":"2022-02-20T12:20:28+00:00","article_modified_time":"2022-02-20T12:20:30+00:00","og_image":[{"width":423,"height":488,"url":"https:\/\/puntodincontro.mx\/wp-content\/uploads\/2022\/02\/premdayalmessicovert.webp","type":"image\/webp"}],"author":"Puntodincontro","twitter_card":"summary_large_image","twitter_creator":"@puntodincontro","twitter_site":"@puntodincontro","twitter_misc":{"Escrito por":"Puntodincontro","Tiempo de lectura":"2 minutos"},"schema":{"@context":"https:\/\/schema.org","@graph":[{"@type":"NewsArticle","@id":"https:\/\/puntodincontro.mx\/2022\/02\/20\/prem-dayal-il-messico-mi-ha-aperto-le-braccia-e-il-cuore\/#article","isPartOf":{"@id":"https:\/\/puntodincontro.mx\/2022\/02\/20\/prem-dayal-il-messico-mi-ha-aperto-le-braccia-e-il-cuore\/"},"author":{"name":"Puntodincontro","@id":"https:\/\/puntodincontro.mx\/#\/schema\/person\/d3066d18a16259cbb0c29b0d0e93b556"},"headline":"Prem Dayal: \u00abIl Messico mi ha aperto le braccia e il cuore\u00bb","datePublished":"2022-02-20T12:20:28+00:00","dateModified":"2022-02-20T12:20:30+00:00","mainEntityOfPage":{"@id":"https:\/\/puntodincontro.mx\/2022\/02\/20\/prem-dayal-il-messico-mi-ha-aperto-le-braccia-e-il-cuore\/"},"wordCount":360,"commentCount":0,"publisher":{"@id":"https:\/\/puntodincontro.mx\/#organization"},"image":{"@id":"https:\/\/puntodincontro.mx\/2022\/02\/20\/prem-dayal-il-messico-mi-ha-aperto-le-braccia-e-il-cuore\/#primaryimage"},"thumbnailUrl":"https:\/\/puntodincontro.mx\/wp-content\/uploads\/2022\/02\/premdayalmessicovert.webp","articleSection":["Italia in Messico"],"inLanguage":"es","potentialAction":[{"@type":"CommentAction","name":"Comment","target":["https:\/\/puntodincontro.mx\/2022\/02\/20\/prem-dayal-il-messico-mi-ha-aperto-le-braccia-e-il-cuore\/#respond"]}]},{"@type":"WebPage","@id":"https:\/\/puntodincontro.mx\/2022\/02\/20\/prem-dayal-il-messico-mi-ha-aperto-le-braccia-e-il-cuore\/","url":"https:\/\/puntodincontro.mx\/2022\/02\/20\/prem-dayal-il-messico-mi-ha-aperto-le-braccia-e-il-cuore\/","name":"Prem Dayal: \u00abIl Messico mi ha aperto le braccia e il cuore\u00bb Puntodincontro","isPartOf":{"@id":"https:\/\/puntodincontro.mx\/#website"},"primaryImageOfPage":{"@id":"https:\/\/puntodincontro.mx\/2022\/02\/20\/prem-dayal-il-messico-mi-ha-aperto-le-braccia-e-il-cuore\/#primaryimage"},"image":{"@id":"https:\/\/puntodincontro.mx\/2022\/02\/20\/prem-dayal-il-messico-mi-ha-aperto-le-braccia-e-il-cuore\/#primaryimage"},"thumbnailUrl":"https:\/\/puntodincontro.mx\/wp-content\/uploads\/2022\/02\/premdayalmessicovert.webp","datePublished":"2022-02-20T12:20:28+00:00","dateModified":"2022-02-20T12:20:30+00:00","description":"Prem Dayal, cuyo nombre en el registro civil es Giuseppe Pasculli, ha sido definido como \u00abun italiano que no encaja en las categor\u00edas\u00bb. Su carrera comenz\u00f3 a principios de la d\u00e9cada de 1980 como artista callejero (mimo), convirti\u00e9ndose luego en core\u00f3grafo, director y dramaturgo. Colabor\u00f3 \u200b\u200bdurante a\u00f1os con Armando Pugliese y fue asistente de Dario Fo en el montaje del Arlequ\u00edn en la Bienal de Venecia.","breadcrumb":{"@id":"https:\/\/puntodincontro.mx\/2022\/02\/20\/prem-dayal-il-messico-mi-ha-aperto-le-braccia-e-il-cuore\/#breadcrumb"},"inLanguage":"es","potentialAction":[{"@type":"ReadAction","target":["https:\/\/puntodincontro.mx\/2022\/02\/20\/prem-dayal-il-messico-mi-ha-aperto-le-braccia-e-il-cuore\/"]}]},{"@type":"ImageObject","inLanguage":"es","@id":"https:\/\/puntodincontro.mx\/2022\/02\/20\/prem-dayal-il-messico-mi-ha-aperto-le-braccia-e-il-cuore\/#primaryimage","url":"https:\/\/puntodincontro.mx\/wp-content\/uploads\/2022\/02\/premdayalmessicovert.webp","contentUrl":"https:\/\/puntodincontro.mx\/wp-content\/uploads\/2022\/02\/premdayalmessicovert.webp","width":423,"height":488,"caption":"Prem Dayal: \u00abIl Messico mi ha aperto le braccia e il cuore\u00bb"},{"@type":"BreadcrumbList","@id":"https:\/\/puntodincontro.mx\/2022\/02\/20\/prem-dayal-il-messico-mi-ha-aperto-le-braccia-e-il-cuore\/#breadcrumb","itemListElement":[{"@type":"ListItem","position":1,"name":"Home","item":"https:\/\/puntodincontro.mx\/"},{"@type":"ListItem","position":2,"name":"Prem Dayal: \u00abIl Messico mi ha aperto le braccia e il cuore\u00bb"}]},{"@type":"WebSite","@id":"https:\/\/puntodincontro.mx\/#website","url":"https:\/\/puntodincontro.mx\/","name":"Puntodincontro","description":"Desde el 2006 noticias sobre las relaciones entre Italia y M\u00e9xico \/ Dal 2006 notizie sui rapporti Italia-Messico","publisher":{"@id":"https:\/\/puntodincontro.mx\/#organization"},"potentialAction":[{"@type":"SearchAction","target":{"@type":"EntryPoint","urlTemplate":"https:\/\/puntodincontro.mx\/?s={search_term_string}"},"query-input":{"@type":"PropertyValueSpecification","valueRequired":true,"valueName":"search_term_string"}}],"inLanguage":"es"},{"@type":"Organization","@id":"https:\/\/puntodincontro.mx\/#organization","name":"Puntodincontro","url":"https:\/\/puntodincontro.mx\/","logo":{"@type":"ImageObject","inLanguage":"es","@id":"https:\/\/puntodincontro.mx\/#\/schema\/logo\/image\/","url":"https:\/\/puntodincontro.mx\/wp-content\/uploads\/2021\/08\/Default-image-for-open-graph-settings.jpg","contentUrl":"https:\/\/puntodincontro.mx\/wp-content\/uploads\/2021\/08\/Default-image-for-open-graph-settings.jpg","width":1200,"height":630,"caption":"Puntodincontro"},"image":{"@id":"https:\/\/puntodincontro.mx\/#\/schema\/logo\/image\/"},"sameAs":["https:\/\/www.facebook.com\/puntodincontro.mx","https:\/\/x.com\/puntodincontro","https:\/\/www.instagram.com\/puntodincontro.mx\/","https:\/\/www.linkedin.com\/company\/puntodincontro\/","https:\/\/www.youtube.com\/c\/puntodincontromessico","https:\/\/www.patreon.com\/puntodincontro","https:\/\/www.threads.net\/@puntodincontro.mx"]},{"@type":"Person","@id":"https:\/\/puntodincontro.mx\/#\/schema\/person\/d3066d18a16259cbb0c29b0d0e93b556","name":"Puntodincontro","image":{"@type":"ImageObject","inLanguage":"es","@id":"https:\/\/puntodincontro.mx\/#\/schema\/person\/image\/","url":"https:\/\/secure.gravatar.com\/avatar\/0e85b4b3b5e9d6bfcec6a4956d8cc63a?s=96&d=mm&r=g","contentUrl":"https:\/\/secure.gravatar.com\/avatar\/0e85b4b3b5e9d6bfcec6a4956d8cc63a?s=96&d=mm&r=g","caption":"Puntodincontro"},"url":"https:\/\/puntodincontro.mx\/es\/author\/puntodincontro\/"}]}},"_links":{"self":[{"href":"https:\/\/puntodincontro.mx\/es\/wp-json\/wp\/v2\/posts\/3359"}],"collection":[{"href":"https:\/\/puntodincontro.mx\/es\/wp-json\/wp\/v2\/posts"}],"about":[{"href":"https:\/\/puntodincontro.mx\/es\/wp-json\/wp\/v2\/types\/post"}],"author":[{"embeddable":true,"href":"https:\/\/puntodincontro.mx\/es\/wp-json\/wp\/v2\/users\/2"}],"replies":[{"embeddable":true,"href":"https:\/\/puntodincontro.mx\/es\/wp-json\/wp\/v2\/comments?post=3359"}],"version-history":[{"count":3,"href":"https:\/\/puntodincontro.mx\/es\/wp-json\/wp\/v2\/posts\/3359\/revisions"}],"predecessor-version":[{"id":3364,"href":"https:\/\/puntodincontro.mx\/es\/wp-json\/wp\/v2\/posts\/3359\/revisions\/3364"}],"wp:featuredmedia":[{"embeddable":true,"href":"https:\/\/puntodincontro.mx\/es\/wp-json\/wp\/v2\/media\/3362"}],"wp:attachment":[{"href":"https:\/\/puntodincontro.mx\/es\/wp-json\/wp\/v2\/media?parent=3359"}],"wp:term":[{"taxonomy":"category","embeddable":true,"href":"https:\/\/puntodincontro.mx\/es\/wp-json\/wp\/v2\/categories?post=3359"},{"taxonomy":"post_tag","embeddable":true,"href":"https:\/\/puntodincontro.mx\/es\/wp-json\/wp\/v2\/tags?post=3359"}],"curies":[{"name":"wp","href":"https:\/\/api.w.org\/{rel}","templated":true}]}}