{"id":3396,"date":"2022-02-21T16:05:34","date_gmt":"2022-02-21T22:05:34","guid":{"rendered":"https:\/\/puntodincontro.mx\/?p=3396"},"modified":"2022-02-21T16:15:48","modified_gmt":"2022-02-21T22:15:48","slug":"referendum-2022-votaran-tambien-los-italianos-en-el-exterior","status":"publish","type":"post","link":"https:\/\/puntodincontro.mx\/es\/2022\/02\/21\/referendum-2022-voteranno-anche-gli-italiani-allestero\/","title":{"rendered":"Refer\u00e9ndum 2022, tambi\u00e9n votar\u00e1n los italianos en el exterior"},"content":{"rendered":"\n<p><strong>Ore 15.50<\/strong> &#8211; Referendum 2022: si voter\u00e0 in primavera, ma \u201csolo\u201d per i quesiti ammessi dalla Corte Costituzionale sulla giustizia. La Consulta ha dichiarato inammissibili altre tre domande che riguardavano l\u2019eutanasia, la \u201clegalizzazione\u201d della coltivazione della cannabis e la responsabilit\u00e0 civile diretta dei magistrati. Adesso il Consiglio dei Ministri \u00e8 chiamato a fissare la data (o le date) per i referendum abrogativi.<\/p>\n\n\n\n<p><strong>Voteranno anche gli italiani all&#8217;estero<\/strong><\/p>\n\n\n\n<p>Flavio Sereni, capo della Cancelleria consolare dell&#8217;Ambasciata d&#8217;Italia in Messico ha confermato a Puntodincontro che \u00abla legge prevede che i residenti all\u2019estero partecipino con voto per corrispondenza alle elezioni politiche e ai referendum, pertanto gli iscritti AIRE in Messico e Belize [e in tutti gli altri Paesi del mondo, ndr] voteranno per i cinque quesiti referendari\u00bb.<\/p>\n\n\n\n<p>\u00abIl Governo decider\u00e0\u00bb \u2014ha aggiunto\u2014 \u00abquando avr\u00e0 luogo il referendum, in una data compresa tra il 15 aprile e il 15 giugno. Tutte le schede votate all\u2019estero vengono portate a Roma entro il giorno della votazione, in modo che siano scrutinate contestualmente a quelle votate in Italia. I tempi di ricezione e rinvio alle Ambasciate dei plichi elettorali saranno definiti dal Ministero degli Affari Esteri dopo che il Governo avr\u00e0 indicato la data di svolgimento della consultazione referendaria\u00bb.<\/p>\n\n\n\n<p><strong>Per cosa si vota<\/strong><\/p>\n\n\n\n<p>Sono cinque i quesiti ammessi dalla Corte Costituzionale, si tratta di referendum abrogativi sul tema della giustizia che qui di seguito brevemente descriviamo:<\/p>\n\n\n\n<p><em>Incandidabilit\u00e0 dopo la condanna<\/em> \u2013 il referendum chiede di abrogare la parte della Legge Severino che prevede l\u2019incandidabilit\u00e0, l\u2019ineleggibilit\u00e0 e la decadenza automatica per parlamentari, membri del governo, consiglieri regionali, sindaci e amministratori locali nel caso di condanna per reati gravi.<\/p>\n\n\n\n<p><em>Separazione delle carriere<\/em> \u2013 Questo quesito del referendum chiede lo stop delle cosiddette \u201cporte girevoli\u201d, impedendo al magistrato durante la sua carriera la possibilit\u00e0 di passare dal ruolo di giudice (che appunto giudica in un procedimento) a quello di pubblico ministero (coordina le indagini e sostiene la parte accusatoria) e viceversa.<\/p>\n\n\n\n<p><em>Riforma Csm<\/em> \u2013 si chiede che non ci sia pi\u00f9 l\u2019obbligo di un magistrato di raccogliere da 25 a 50 firme per presentare la propria candidatura al Consiglio Superiore della Magistratura.*<\/p>\n\n\n\n<p><em>Custodia cautelare durante le indagini<\/em> \u2013 si chiede di togliere la \u201creiterazione del reato\u201d dai motivi per cui i giudici possono disporre la custodia cautelare in carcere o i domiciliari per una persona durante le indagini e quindi prima del processo.<\/p>\n\n\n\n<p><em>Valutazione degli avvocati sui magistrati<\/em> \u2013 il quesito chiede che gli avvocati, parte di Consigli giudiziari, possano votare in merito alla valutazione dell\u2019operato dei magistrati e della loro professionalit\u00e0.<\/p>\n\n\n\n<p class=\"has-small-font-size\">* Se prima delle votazioni per il referendum 2022 passasse in parlamento la riforma Cartabia che prevede l\u2019abolizione di questa soglie di firme, il quesito decadrebbe in automatico.<\/p>\n\n\n\n<p><strong>Serve il quorum?<\/strong><\/p>\n\n\n\n<p>A differenza di un referendum costituzionale confermativo, per un quesito abrogativo \u00e8 previsto il quorum perch\u00e9 l\u2019esito delle urne sia valido: per i 5 referendum sulla giustizia per cui si voter\u00e0 nella primavera 2022 dovr\u00e0 esprimersi almeno il 50% pi\u00f9 uno degli elettori che ne ha diritto. Sotto la soglia del 50% pi\u00f9 uno, i risultati dei referendum saranno nulli e non ci saranno cambiamenti alle leggi.<\/p>\n\n\n\n<div style=\"height:12px\" aria-hidden=\"true\" class=\"wp-block-spacer\"><\/div>\n\n\n\n\n\n<div style=\"height:12px\" aria-hidden=\"true\" class=\"wp-block-spacer\"><\/div>\n","protected":false},"excerpt":{"rendered":"<p>Ore 15.50 &#8211; Referendum 2022: si voter\u00e0 in primavera, ma \u201csolo\u201d per i quesiti ammessi dalla Corte Costituzionale sulla giustizia. La Consulta ha dichiarato inammissibili altre tre domande che riguardavano l\u2019eutanasia, la \u201clegalizzazione\u201d della coltivazione della cannabis e la responsabilit\u00e0 civile diretta dei magistrati. Adesso il Consiglio dei Ministri \u00e8 chiamato a fissare la data (o le date) per i referendum abrogativi. Voteranno anche gli italiani all&#8217;estero Flavio Sereni, capo della Cancelleria consolare dell&#8217;Ambasciata d&#8217;Italia in Messico ha confermato a Puntodincontro che \u00abla legge prevede che i residenti all\u2019estero partecipino con voto per corrispondenza alle elezioni politiche e ai referendum,&#8230; <\/p>","protected":false},"author":2,"featured_media":3400,"comment_status":"open","ping_status":"open","sticky":false,"template":"","format":"standard","meta":{"_monsterinsights_skip_tracking":false,"_monsterinsights_sitenote_active":false,"_monsterinsights_sitenote_note":"","_monsterinsights_sitenote_category":0,"footnotes":""},"categories":[5],"tags":[],"class_list":["post-3396","post","type-post","status-publish","format-standard","has-post-thumbnail","hentry","category-italia-nel-mondo"],"yoast_head":"<!-- This site is optimized with the Yoast SEO Premium plugin v18.4 (Yoast SEO v25.6) - https:\/\/yoast.com\/wordpress\/plugins\/seo\/ -->\n<title>Referendum 2022, voteranno anche gli italiani all&#039;estero Puntodincontro<\/title>\n<meta name=\"description\" content=\"Referendum 2022: si voter\u00e0 in primavera, ma \u201csolo\u201d per i quesiti ammessi dalla Corte Costituzionale sulla giustizia. La Consulta ha dichiarato inammissibili altre tre domande che riguardavano l\u2019eutanasia, la \u201clegalizzazione\u201d della coltivazione della cannabis e la responsabilit\u00e0 civile diretta dei magistrati. Adesso il Consiglio dei Ministri \u00e8 chiamato a fissare la data (o le date) per i referendum abrogativi.\" \/>\n<meta name=\"robots\" content=\"index, follow, max-snippet:-1, max-image-preview:large, max-video-preview:-1\" \/>\n<link rel=\"canonical\" href=\"https:\/\/puntodincontro.mx\/es\/2022\/02\/21\/referendum-2022-votaran-tambien-los-italianos-en-el-exterior\/\" \/>\n<meta property=\"og:locale\" content=\"es_MX\" \/>\n<meta property=\"og:type\" content=\"article\" \/>\n<meta property=\"og:title\" content=\"Referendum 2022, voteranno anche gli italiani all&#039;estero\" \/>\n<meta property=\"og:description\" content=\"Referendum 2022: si voter\u00e0 in primavera, ma \u201csolo\u201d per i quesiti ammessi dalla Corte Costituzionale sulla giustizia. La Consulta ha dichiarato inammissibili altre tre domande che riguardavano l\u2019eutanasia, la \u201clegalizzazione\u201d della coltivazione della cannabis e la responsabilit\u00e0 civile diretta dei magistrati. Adesso il Consiglio dei Ministri \u00e8 chiamato a fissare la data (o le date) per i referendum abrogativi.\" \/>\n<meta property=\"og:url\" content=\"https:\/\/puntodincontro.mx\/es\/2022\/02\/21\/referendum-2022-votaran-tambien-los-italianos-en-el-exterior\/\" \/>\n<meta property=\"og:site_name\" content=\"Puntodincontro\" \/>\n<meta property=\"article:publisher\" content=\"https:\/\/www.facebook.com\/puntodincontro.mx\" \/>\n<meta property=\"article:published_time\" content=\"2022-02-21T22:05:34+00:00\" \/>\n<meta property=\"article:modified_time\" content=\"2022-02-21T22:15:48+00:00\" \/>\n<meta property=\"og:image\" content=\"https:\/\/puntodincontro.mx\/wp-content\/uploads\/2022\/02\/referendumancheallesterovert.webp\" \/>\n\t<meta property=\"og:image:width\" content=\"423\" \/>\n\t<meta property=\"og:image:height\" content=\"488\" \/>\n\t<meta property=\"og:image:type\" content=\"image\/webp\" \/>\n<meta name=\"author\" content=\"Puntodincontro\" \/>\n<meta name=\"twitter:card\" content=\"summary_large_image\" \/>\n<meta name=\"twitter:creator\" content=\"@puntodincontro\" \/>\n<meta name=\"twitter:site\" content=\"@puntodincontro\" \/>\n<meta name=\"twitter:label1\" content=\"Escrito por\" \/>\n\t<meta name=\"twitter:data1\" content=\"Puntodincontro\" \/>\n\t<meta name=\"twitter:label2\" content=\"Tiempo de lectura\" \/>\n\t<meta name=\"twitter:data2\" content=\"3 minutos\" \/>\n<script type=\"application\/ld+json\" class=\"yoast-schema-graph\">{\"@context\":\"https:\/\/schema.org\",\"@graph\":[{\"@type\":\"NewsArticle\",\"@id\":\"https:\/\/puntodincontro.mx\/2022\/02\/21\/referendum-2022-voteranno-anche-gli-italiani-allestero\/#article\",\"isPartOf\":{\"@id\":\"https:\/\/puntodincontro.mx\/2022\/02\/21\/referendum-2022-voteranno-anche-gli-italiani-allestero\/\"},\"author\":{\"name\":\"Puntodincontro\",\"@id\":\"https:\/\/puntodincontro.mx\/#\/schema\/person\/d3066d18a16259cbb0c29b0d0e93b556\"},\"headline\":\"Referendum 2022, voteranno anche gli italiani all&#8217;estero\",\"datePublished\":\"2022-02-21T22:05:34+00:00\",\"dateModified\":\"2022-02-21T22:15:48+00:00\",\"mainEntityOfPage\":{\"@id\":\"https:\/\/puntodincontro.mx\/2022\/02\/21\/referendum-2022-voteranno-anche-gli-italiani-allestero\/\"},\"wordCount\":519,\"commentCount\":0,\"publisher\":{\"@id\":\"https:\/\/puntodincontro.mx\/#organization\"},\"image\":{\"@id\":\"https:\/\/puntodincontro.mx\/2022\/02\/21\/referendum-2022-voteranno-anche-gli-italiani-allestero\/#primaryimage\"},\"thumbnailUrl\":\"https:\/\/puntodincontro.mx\/wp-content\/uploads\/2022\/02\/referendumancheallesterovert.webp\",\"articleSection\":[\"Italia nel mondo\"],\"inLanguage\":\"es\",\"potentialAction\":[{\"@type\":\"CommentAction\",\"name\":\"Comment\",\"target\":[\"https:\/\/puntodincontro.mx\/2022\/02\/21\/referendum-2022-voteranno-anche-gli-italiani-allestero\/#respond\"]}]},{\"@type\":\"WebPage\",\"@id\":\"https:\/\/puntodincontro.mx\/2022\/02\/21\/referendum-2022-voteranno-anche-gli-italiani-allestero\/\",\"url\":\"https:\/\/puntodincontro.mx\/2022\/02\/21\/referendum-2022-voteranno-anche-gli-italiani-allestero\/\",\"name\":\"Referendum 2022, voteranno anche gli italiani all'estero Puntodincontro\",\"isPartOf\":{\"@id\":\"https:\/\/puntodincontro.mx\/#website\"},\"primaryImageOfPage\":{\"@id\":\"https:\/\/puntodincontro.mx\/2022\/02\/21\/referendum-2022-voteranno-anche-gli-italiani-allestero\/#primaryimage\"},\"image\":{\"@id\":\"https:\/\/puntodincontro.mx\/2022\/02\/21\/referendum-2022-voteranno-anche-gli-italiani-allestero\/#primaryimage\"},\"thumbnailUrl\":\"https:\/\/puntodincontro.mx\/wp-content\/uploads\/2022\/02\/referendumancheallesterovert.webp\",\"datePublished\":\"2022-02-21T22:05:34+00:00\",\"dateModified\":\"2022-02-21T22:15:48+00:00\",\"description\":\"Referendum 2022: si voter\u00e0 in primavera, ma \u201csolo\u201d per i quesiti ammessi dalla Corte Costituzionale sulla giustizia. La Consulta ha dichiarato inammissibili altre tre domande che riguardavano l\u2019eutanasia, la \u201clegalizzazione\u201d della coltivazione della cannabis e la responsabilit\u00e0 civile diretta dei magistrati. Adesso il Consiglio dei Ministri \u00e8 chiamato a fissare la data (o le date) per i referendum abrogativi.\",\"breadcrumb\":{\"@id\":\"https:\/\/puntodincontro.mx\/2022\/02\/21\/referendum-2022-voteranno-anche-gli-italiani-allestero\/#breadcrumb\"},\"inLanguage\":\"es\",\"potentialAction\":[{\"@type\":\"ReadAction\",\"target\":[\"https:\/\/puntodincontro.mx\/2022\/02\/21\/referendum-2022-voteranno-anche-gli-italiani-allestero\/\"]}]},{\"@type\":\"ImageObject\",\"inLanguage\":\"es\",\"@id\":\"https:\/\/puntodincontro.mx\/2022\/02\/21\/referendum-2022-voteranno-anche-gli-italiani-allestero\/#primaryimage\",\"url\":\"https:\/\/puntodincontro.mx\/wp-content\/uploads\/2022\/02\/referendumancheallesterovert.webp\",\"contentUrl\":\"https:\/\/puntodincontro.mx\/wp-content\/uploads\/2022\/02\/referendumancheallesterovert.webp\",\"width\":423,\"height\":488,\"caption\":\"Referendum 2022, voteranno anche gli italiani all'estero\"},{\"@type\":\"BreadcrumbList\",\"@id\":\"https:\/\/puntodincontro.mx\/2022\/02\/21\/referendum-2022-voteranno-anche-gli-italiani-allestero\/#breadcrumb\",\"itemListElement\":[{\"@type\":\"ListItem\",\"position\":1,\"name\":\"Home\",\"item\":\"https:\/\/puntodincontro.mx\/\"},{\"@type\":\"ListItem\",\"position\":2,\"name\":\"Referendum 2022, voteranno anche gli italiani all&#8217;estero\"}]},{\"@type\":\"WebSite\",\"@id\":\"https:\/\/puntodincontro.mx\/#website\",\"url\":\"https:\/\/puntodincontro.mx\/\",\"name\":\"Puntodincontro\",\"description\":\"Dal 2006 notizie sui rapporti Italia-Messico \/ Desde 2006 noticias sobre las relaciones entre Italia y M\u00e9xico\",\"publisher\":{\"@id\":\"https:\/\/puntodincontro.mx\/#organization\"},\"potentialAction\":[{\"@type\":\"SearchAction\",\"target\":{\"@type\":\"EntryPoint\",\"urlTemplate\":\"https:\/\/puntodincontro.mx\/?s={search_term_string}\"},\"query-input\":{\"@type\":\"PropertyValueSpecification\",\"valueRequired\":true,\"valueName\":\"search_term_string\"}}],\"inLanguage\":\"es\"},{\"@type\":\"Organization\",\"@id\":\"https:\/\/puntodincontro.mx\/#organization\",\"name\":\"Puntodincontro\",\"url\":\"https:\/\/puntodincontro.mx\/\",\"logo\":{\"@type\":\"ImageObject\",\"inLanguage\":\"es\",\"@id\":\"https:\/\/puntodincontro.mx\/#\/schema\/logo\/image\/\",\"url\":\"https:\/\/puntodincontro.mx\/wp-content\/uploads\/2021\/08\/Default-image-for-open-graph-settings.jpg\",\"contentUrl\":\"https:\/\/puntodincontro.mx\/wp-content\/uploads\/2021\/08\/Default-image-for-open-graph-settings.jpg\",\"width\":1200,\"height\":630,\"caption\":\"Puntodincontro\"},\"image\":{\"@id\":\"https:\/\/puntodincontro.mx\/#\/schema\/logo\/image\/\"},\"sameAs\":[\"https:\/\/www.facebook.com\/puntodincontro.mx\",\"https:\/\/x.com\/puntodincontro\",\"https:\/\/www.instagram.com\/puntodincontro.mx\/\",\"https:\/\/www.linkedin.com\/company\/puntodincontro\/\",\"https:\/\/www.youtube.com\/c\/puntodincontromessico\",\"https:\/\/www.patreon.com\/puntodincontro\",\"https:\/\/www.threads.net\/@puntodincontro.mx\"]},{\"@type\":\"Person\",\"@id\":\"https:\/\/puntodincontro.mx\/#\/schema\/person\/d3066d18a16259cbb0c29b0d0e93b556\",\"name\":\"Puntodincontro\",\"image\":{\"@type\":\"ImageObject\",\"inLanguage\":\"es\",\"@id\":\"https:\/\/puntodincontro.mx\/#\/schema\/person\/image\/\",\"url\":\"https:\/\/secure.gravatar.com\/avatar\/0e85b4b3b5e9d6bfcec6a4956d8cc63a?s=96&d=mm&r=g\",\"contentUrl\":\"https:\/\/secure.gravatar.com\/avatar\/0e85b4b3b5e9d6bfcec6a4956d8cc63a?s=96&d=mm&r=g\",\"caption\":\"Puntodincontro\"},\"url\":\"https:\/\/puntodincontro.mx\/es\/author\/puntodincontro\/\"}]}<\/script>\n<!-- \/ Yoast SEO Premium plugin. -->","yoast_head_json":{"title":"Referendum 2022, voteranno anche gli italiani all'estero Puntodincontro","description":"Refer\u00e9ndum 2022: se votar\u00e1 en primavera pero \u201csolo\u201d para las preguntas admitidas por la Corte Constitucional italiana sobre la justicia. La Consulta declar\u00f3 inadmisibles otras tres interrogaciones relativas a la eutanasia, la \u201clegalizaci\u00f3n\u201d del cultivo de cannabis y la responsabilidad civil directa de los magistrados. Ahora el Consejo de Ministros deber\u00e1 fijar la fecha (o fechas) de los refer\u00e9ndums derogatorios.","robots":{"index":"index","follow":"follow","max-snippet":"max-snippet:-1","max-image-preview":"max-image-preview:large","max-video-preview":"max-video-preview:-1"},"canonical":"https:\/\/puntodincontro.mx\/es\/2022\/02\/21\/referendum-2022-votaran-tambien-los-italianos-en-el-exterior\/","og_locale":"es_MX","og_type":"article","og_title":"Referendum 2022, voteranno anche gli italiani all'estero","og_description":"Referendum 2022: si voter\u00e0 in primavera, ma \u201csolo\u201d per i quesiti ammessi dalla Corte Costituzionale sulla giustizia. La Consulta ha dichiarato inammissibili altre tre domande che riguardavano l\u2019eutanasia, la \u201clegalizzazione\u201d della coltivazione della cannabis e la responsabilit\u00e0 civile diretta dei magistrati. Adesso il Consiglio dei Ministri \u00e8 chiamato a fissare la data (o le date) per i referendum abrogativi.","og_url":"https:\/\/puntodincontro.mx\/es\/2022\/02\/21\/referendum-2022-votaran-tambien-los-italianos-en-el-exterior\/","og_site_name":"Puntodincontro","article_publisher":"https:\/\/www.facebook.com\/puntodincontro.mx","article_published_time":"2022-02-21T22:05:34+00:00","article_modified_time":"2022-02-21T22:15:48+00:00","og_image":[{"width":423,"height":488,"url":"https:\/\/puntodincontro.mx\/wp-content\/uploads\/2022\/02\/referendumancheallesterovert.webp","type":"image\/webp"}],"author":"Puntodincontro","twitter_card":"summary_large_image","twitter_creator":"@puntodincontro","twitter_site":"@puntodincontro","twitter_misc":{"Escrito por":"Puntodincontro","Tiempo de lectura":"3 minutos"},"schema":{"@context":"https:\/\/schema.org","@graph":[{"@type":"NewsArticle","@id":"https:\/\/puntodincontro.mx\/2022\/02\/21\/referendum-2022-voteranno-anche-gli-italiani-allestero\/#article","isPartOf":{"@id":"https:\/\/puntodincontro.mx\/2022\/02\/21\/referendum-2022-voteranno-anche-gli-italiani-allestero\/"},"author":{"name":"Puntodincontro","@id":"https:\/\/puntodincontro.mx\/#\/schema\/person\/d3066d18a16259cbb0c29b0d0e93b556"},"headline":"Referendum 2022, voteranno anche gli italiani all&#8217;estero","datePublished":"2022-02-21T22:05:34+00:00","dateModified":"2022-02-21T22:15:48+00:00","mainEntityOfPage":{"@id":"https:\/\/puntodincontro.mx\/2022\/02\/21\/referendum-2022-voteranno-anche-gli-italiani-allestero\/"},"wordCount":519,"commentCount":0,"publisher":{"@id":"https:\/\/puntodincontro.mx\/#organization"},"image":{"@id":"https:\/\/puntodincontro.mx\/2022\/02\/21\/referendum-2022-voteranno-anche-gli-italiani-allestero\/#primaryimage"},"thumbnailUrl":"https:\/\/puntodincontro.mx\/wp-content\/uploads\/2022\/02\/referendumancheallesterovert.webp","articleSection":["Italia nel mondo"],"inLanguage":"es","potentialAction":[{"@type":"CommentAction","name":"Comment","target":["https:\/\/puntodincontro.mx\/2022\/02\/21\/referendum-2022-voteranno-anche-gli-italiani-allestero\/#respond"]}]},{"@type":"WebPage","@id":"https:\/\/puntodincontro.mx\/2022\/02\/21\/referendum-2022-voteranno-anche-gli-italiani-allestero\/","url":"https:\/\/puntodincontro.mx\/2022\/02\/21\/referendum-2022-voteranno-anche-gli-italiani-allestero\/","name":"Referendum 2022, voteranno anche gli italiani all'estero Puntodincontro","isPartOf":{"@id":"https:\/\/puntodincontro.mx\/#website"},"primaryImageOfPage":{"@id":"https:\/\/puntodincontro.mx\/2022\/02\/21\/referendum-2022-voteranno-anche-gli-italiani-allestero\/#primaryimage"},"image":{"@id":"https:\/\/puntodincontro.mx\/2022\/02\/21\/referendum-2022-voteranno-anche-gli-italiani-allestero\/#primaryimage"},"thumbnailUrl":"https:\/\/puntodincontro.mx\/wp-content\/uploads\/2022\/02\/referendumancheallesterovert.webp","datePublished":"2022-02-21T22:05:34+00:00","dateModified":"2022-02-21T22:15:48+00:00","description":"Refer\u00e9ndum 2022: se votar\u00e1 en primavera pero \u201csolo\u201d para las preguntas admitidas por la Corte Constitucional italiana sobre la justicia. La Consulta declar\u00f3 inadmisibles otras tres interrogaciones relativas a la eutanasia, la \u201clegalizaci\u00f3n\u201d del cultivo de cannabis y la responsabilidad civil directa de los magistrados. Ahora el Consejo de Ministros deber\u00e1 fijar la fecha (o fechas) de los refer\u00e9ndums derogatorios.","breadcrumb":{"@id":"https:\/\/puntodincontro.mx\/2022\/02\/21\/referendum-2022-voteranno-anche-gli-italiani-allestero\/#breadcrumb"},"inLanguage":"es","potentialAction":[{"@type":"ReadAction","target":["https:\/\/puntodincontro.mx\/2022\/02\/21\/referendum-2022-voteranno-anche-gli-italiani-allestero\/"]}]},{"@type":"ImageObject","inLanguage":"es","@id":"https:\/\/puntodincontro.mx\/2022\/02\/21\/referendum-2022-voteranno-anche-gli-italiani-allestero\/#primaryimage","url":"https:\/\/puntodincontro.mx\/wp-content\/uploads\/2022\/02\/referendumancheallesterovert.webp","contentUrl":"https:\/\/puntodincontro.mx\/wp-content\/uploads\/2022\/02\/referendumancheallesterovert.webp","width":423,"height":488,"caption":"Referendum 2022, voteranno anche gli italiani all'estero"},{"@type":"BreadcrumbList","@id":"https:\/\/puntodincontro.mx\/2022\/02\/21\/referendum-2022-voteranno-anche-gli-italiani-allestero\/#breadcrumb","itemListElement":[{"@type":"ListItem","position":1,"name":"Home","item":"https:\/\/puntodincontro.mx\/"},{"@type":"ListItem","position":2,"name":"Referendum 2022, voteranno anche gli italiani all&#8217;estero"}]},{"@type":"WebSite","@id":"https:\/\/puntodincontro.mx\/#website","url":"https:\/\/puntodincontro.mx\/","name":"Puntodincontro","description":"Desde el 2006 noticias sobre las relaciones entre Italia y M\u00e9xico \/ Dal 2006 notizie sui rapporti Italia-Messico","publisher":{"@id":"https:\/\/puntodincontro.mx\/#organization"},"potentialAction":[{"@type":"SearchAction","target":{"@type":"EntryPoint","urlTemplate":"https:\/\/puntodincontro.mx\/?s={search_term_string}"},"query-input":{"@type":"PropertyValueSpecification","valueRequired":true,"valueName":"search_term_string"}}],"inLanguage":"es"},{"@type":"Organization","@id":"https:\/\/puntodincontro.mx\/#organization","name":"Puntodincontro","url":"https:\/\/puntodincontro.mx\/","logo":{"@type":"ImageObject","inLanguage":"es","@id":"https:\/\/puntodincontro.mx\/#\/schema\/logo\/image\/","url":"https:\/\/puntodincontro.mx\/wp-content\/uploads\/2021\/08\/Default-image-for-open-graph-settings.jpg","contentUrl":"https:\/\/puntodincontro.mx\/wp-content\/uploads\/2021\/08\/Default-image-for-open-graph-settings.jpg","width":1200,"height":630,"caption":"Puntodincontro"},"image":{"@id":"https:\/\/puntodincontro.mx\/#\/schema\/logo\/image\/"},"sameAs":["https:\/\/www.facebook.com\/puntodincontro.mx","https:\/\/x.com\/puntodincontro","https:\/\/www.instagram.com\/puntodincontro.mx\/","https:\/\/www.linkedin.com\/company\/puntodincontro\/","https:\/\/www.youtube.com\/c\/puntodincontromessico","https:\/\/www.patreon.com\/puntodincontro","https:\/\/www.threads.net\/@puntodincontro.mx"]},{"@type":"Person","@id":"https:\/\/puntodincontro.mx\/#\/schema\/person\/d3066d18a16259cbb0c29b0d0e93b556","name":"Puntodincontro","image":{"@type":"ImageObject","inLanguage":"es","@id":"https:\/\/puntodincontro.mx\/#\/schema\/person\/image\/","url":"https:\/\/secure.gravatar.com\/avatar\/0e85b4b3b5e9d6bfcec6a4956d8cc63a?s=96&d=mm&r=g","contentUrl":"https:\/\/secure.gravatar.com\/avatar\/0e85b4b3b5e9d6bfcec6a4956d8cc63a?s=96&d=mm&r=g","caption":"Puntodincontro"},"url":"https:\/\/puntodincontro.mx\/es\/author\/puntodincontro\/"}]}},"_links":{"self":[{"href":"https:\/\/puntodincontro.mx\/es\/wp-json\/wp\/v2\/posts\/3396"}],"collection":[{"href":"https:\/\/puntodincontro.mx\/es\/wp-json\/wp\/v2\/posts"}],"about":[{"href":"https:\/\/puntodincontro.mx\/es\/wp-json\/wp\/v2\/types\/post"}],"author":[{"embeddable":true,"href":"https:\/\/puntodincontro.mx\/es\/wp-json\/wp\/v2\/users\/2"}],"replies":[{"embeddable":true,"href":"https:\/\/puntodincontro.mx\/es\/wp-json\/wp\/v2\/comments?post=3396"}],"version-history":[{"count":8,"href":"https:\/\/puntodincontro.mx\/es\/wp-json\/wp\/v2\/posts\/3396\/revisions"}],"predecessor-version":[{"id":3406,"href":"https:\/\/puntodincontro.mx\/es\/wp-json\/wp\/v2\/posts\/3396\/revisions\/3406"}],"wp:featuredmedia":[{"embeddable":true,"href":"https:\/\/puntodincontro.mx\/es\/wp-json\/wp\/v2\/media\/3400"}],"wp:attachment":[{"href":"https:\/\/puntodincontro.mx\/es\/wp-json\/wp\/v2\/media?parent=3396"}],"wp:term":[{"taxonomy":"category","embeddable":true,"href":"https:\/\/puntodincontro.mx\/es\/wp-json\/wp\/v2\/categories?post=3396"},{"taxonomy":"post_tag","embeddable":true,"href":"https:\/\/puntodincontro.mx\/es\/wp-json\/wp\/v2\/tags?post=3396"}],"curies":[{"name":"wp","href":"https:\/\/api.w.org\/{rel}","templated":true}]}}