{"id":364,"date":"2021-08-30T18:21:15","date_gmt":"2021-08-30T23:21:15","guid":{"rendered":"https:\/\/puntodincontro.mx\/pdi2021\/?p=364"},"modified":"2021-09-24T11:10:34","modified_gmt":"2021-09-24T16:10:34","slug":"litalia-e-il-messico-verso-youth4climate","status":"publish","type":"post","link":"https:\/\/puntodincontro.mx\/es\/2021\/08\/30\/litalia-e-il-messico-verso-youth4climate\/","title":{"rendered":"Italia y M\u00e9xico hacia Youth4Climate"},"content":{"rendered":"<p class=\"translation-block\"><strong>18:19 hrs.<\/strong> \u2013 En preparaci\u00f3n para Youth4Climate: Driving Ambition \u2014la iniciativa juvenil que se llevar\u00e1 a cabo en Mil\u00e1n del 28 al 30 de septiembre\u2014 la Embajada de Italia en M\u00e9xico, el Instituto Tecnol\u00f3gico y de Estudios Superiores de Monterrey (ITESM), la Universidad Nacional Aut\u00f3noma de M\u00e9xico (UNAM) y la asociaci\u00f3n de investigadores italianos en M\u00e9xico (ARIM) organizan el evento virtual \u201cLos j\u00f3venes ante los retos del cambio clim\u00e1tico\u201d, que tendr\u00e1 lugar el pr\u00f3ximo 7 de septiembre a las 10.30 (hora del centro de M\u00e9xico).<\/p>\n\n\n\n<p>En la sesi\u00f3n de apertura participar\u00e1n el Embajador de Italia en M\u00e9xico, Luigi De Chiara, Jos\u00e9 Manuel Saniger Blesa, Secretario de Investigaci\u00f3n y Desarrollo de la Coordinaci\u00f3n de Investigaci\u00f3n Cient\u00edfica de la UNAM, Camila Zepeda Lizama, Directora General de Temas Globales de la Secretar\u00eda de Relaciones Exteriores y Silvia Limoncini, quien en los pr\u00f3ximos d\u00edas ser\u00e1 oficialmente nombrada Enviada especial de Italia para el cambio clim\u00e1tico.<\/p>\n\n\n\n<p>En la sesi\u00f3n de apertura participar\u00e1n el Embajador de Italia en M\u00e9xico, Luigi De Chiara, Jos\u00e9 Manuel Saniger Blesa, Secretario de Investigaci\u00f3n y Desarrollo de la Coordinaci\u00f3n de Investigaci\u00f3n Cient\u00edfica de la UNAM, Camila Zepeda Lizama, Directora General de Temas Globales de la Secretar\u00eda de Relaciones Exteriores y Silvia Limoncini, quien en los pr\u00f3ximos d\u00edas ser\u00e1 oficialmente nombrada Enviada especial de Italia para el cambio clim\u00e1tico. <em>Youth4Climate: Driving Ambition<\/em>.<\/p>\n\n\n\n<p>Las sesiones ser\u00e1n moderadas por Simone Lucatello, presidente de la ARIM, y Miguel Ruiz Caba\u00f1as, ex-embajador de M\u00e9xico en Italia y director de la iniciativa del ITESM para la implementaci\u00f3n de los Objetivos de Desarrollo Sostenible. La liga para el registro es<a href=\"https:\/\/csocialestec.mx\/landing-w\/CS-jovenescambioclimatico-070921.html\" target=\"_blank\" rel=\"noreferrer noopener\"> https:\/\/csocialestec.mx\/landing-w\/CS-jovenescambioclimatico-070921.html<\/a><\/p>\n\n\n\n<p>Asistir\u00e1n al encuentro de Mil\u00e1n casi 400 j\u00f3venes de entre 18 y 29 a\u00f1os de edad provenientes de los 197 pa\u00edses miembros de la Cumbre Juvenil sobre el Clima de las Naciones Unidas (CMNUCC). Por cada pa\u00eds, intervendr\u00e1n dos participantes respetando los principios de representaci\u00f3n equitativa de g\u00e9nero, equilibrio geogr\u00e1fico e inclusi\u00f3n social.<\/p>\n\n\n\n<p>El objetivo es desarrollar propuestas concretas para ser incluidas en el proceso de negociaci\u00f3n de la Pre-COP26 en Mil\u00e1n (30 de septiembre - 2 de octubre de 2021) y de la COP26 en Glasgow (1 al 12 de noviembre de 2021).<\/p>\n\n\n\n<div style=\"height:12px\" aria-hidden=\"true\" class=\"wp-block-spacer\"><\/div>","protected":false},"excerpt":{"rendered":"<p>Ore 18.19 &#8211; In preparazione a Youth4Climate: Driving Ambition \u2014l&#8217;iniziativa giovanile che si svolger\u00e0 a Milano dal 28 al 30 settembre\u2014 l&#8217;Ambasciata d&#8217;Italia in Messico, l&#8217;Istituto Tecnologico di Studi Superiori di Monterrey (ITESM), l&#8217;Universit\u00e0 Nazionale Autonoma del Messico (UNAM) e l&#8217;Associazione dei ricercatori italiani in Messico (ARIM) organizzano l&#8217;evento virtuale I giovani di fronte alle sfide del cambiamento climatico che avr\u00e1 luogo il 7 settembre alle 10.30 (ora del Messico centrale). Alla sessione di apertura parteciperanno l&#8217;Ambasciatore d&#8217;Italia in Messico, Luigi De Chiara, Jos\u00e9 Manuel Saniger Blesa, Segretario per la Ricerca e Sviluppo del Coordinamento della Ricerca Scientifica dell&#8217;UNAM, Camila&#8230; <\/p>","protected":false},"author":2,"featured_media":366,"comment_status":"open","ping_status":"open","sticky":false,"template":"","format":"standard","meta":{"_monsterinsights_skip_tracking":false,"_monsterinsights_sitenote_active":false,"_monsterinsights_sitenote_note":"","_monsterinsights_sitenote_category":0,"footnotes":""},"categories":[18],"tags":[],"class_list":["post-364","post","type-post","status-publish","format-standard","has-post-thumbnail","hentry","category-cronaca"],"yoast_head":"<!-- This site is optimized with the Yoast SEO Premium plugin v18.4 (Yoast SEO v25.6) - https:\/\/yoast.com\/wordpress\/plugins\/seo\/ -->\n<title>L&#039;Italia e il Messico verso Youth4Climate Puntodincontro<\/title>\n<meta name=\"robots\" content=\"index, follow, max-snippet:-1, max-image-preview:large, max-video-preview:-1\" \/>\n<link rel=\"canonical\" href=\"https:\/\/puntodincontro.mx\/es\/2021\/08\/30\/litalia-e-il-messico-verso-youth4climate\/\" \/>\n<meta property=\"og:locale\" content=\"es_MX\" \/>\n<meta property=\"og:type\" content=\"article\" \/>\n<meta property=\"og:title\" content=\"L&#039;Italia e il Messico verso Youth4Climate\" \/>\n<meta property=\"og:description\" content=\"Ore 18.19 &#8211; In preparazione a Youth4Climate: Driving Ambition \u2014l&#8217;iniziativa giovanile che si svolger\u00e0 a Milano dal 28 al 30 settembre\u2014 l&#8217;Ambasciata d&#8217;Italia in Messico, l&#8217;Istituto Tecnologico di Studi Superiori di Monterrey (ITESM), l&#8217;Universit\u00e0 Nazionale Autonoma del Messico (UNAM) e l&#8217;Associazione dei ricercatori italiani in Messico (ARIM) organizzano l&#8217;evento virtuale I giovani di fronte alle sfide del cambiamento climatico che avr\u00e1 luogo il 7 settembre alle 10.30 (ora del Messico centrale). Alla sessione di apertura parteciperanno l&#8217;Ambasciatore d&#8217;Italia in Messico, Luigi De Chiara, Jos\u00e9 Manuel Saniger Blesa, Segretario per la Ricerca e Sviluppo del Coordinamento della Ricerca Scientifica dell&#8217;UNAM, Camila...\" \/>\n<meta property=\"og:url\" content=\"https:\/\/puntodincontro.mx\/es\/2021\/08\/30\/litalia-e-il-messico-verso-youth4climate\/\" \/>\n<meta property=\"og:site_name\" content=\"Puntodincontro\" \/>\n<meta property=\"article:publisher\" content=\"https:\/\/www.facebook.com\/puntodincontro.mx\" \/>\n<meta property=\"article:published_time\" content=\"2021-08-30T23:21:15+00:00\" \/>\n<meta property=\"article:modified_time\" content=\"2021-09-24T16:10:34+00:00\" \/>\n<meta property=\"og:image\" content=\"https:\/\/puntodincontro.mx\/wp-content\/uploads\/2021\/08\/italiamessicoyouth4climatecrop.webp\" \/>\n\t<meta property=\"og:image:width\" content=\"423\" \/>\n\t<meta property=\"og:image:height\" content=\"488\" \/>\n\t<meta property=\"og:image:type\" content=\"image\/webp\" \/>\n<meta name=\"author\" content=\"Puntodincontro\" \/>\n<meta name=\"twitter:card\" content=\"summary_large_image\" \/>\n<meta name=\"twitter:creator\" content=\"@puntodincontro\" \/>\n<meta name=\"twitter:site\" content=\"@puntodincontro\" \/>\n<meta name=\"twitter:label1\" content=\"Escrito por\" \/>\n\t<meta name=\"twitter:data1\" content=\"Puntodincontro\" \/>\n\t<meta name=\"twitter:label2\" content=\"Tiempo de lectura\" \/>\n\t<meta name=\"twitter:data2\" content=\"2 minutos\" \/>\n<script type=\"application\/ld+json\" class=\"yoast-schema-graph\">{\"@context\":\"https:\/\/schema.org\",\"@graph\":[{\"@type\":\"NewsArticle\",\"@id\":\"https:\/\/puntodincontro.mx\/2021\/08\/30\/litalia-e-il-messico-verso-youth4climate\/#article\",\"isPartOf\":{\"@id\":\"https:\/\/puntodincontro.mx\/2021\/08\/30\/litalia-e-il-messico-verso-youth4climate\/\"},\"author\":{\"name\":\"Puntodincontro\",\"@id\":\"https:\/\/puntodincontro.mx\/#\/schema\/person\/d3066d18a16259cbb0c29b0d0e93b556\"},\"headline\":\"L&#8217;Italia e il Messico verso Youth4Climate\",\"datePublished\":\"2021-08-30T23:21:15+00:00\",\"dateModified\":\"2021-09-24T16:10:34+00:00\",\"mainEntityOfPage\":{\"@id\":\"https:\/\/puntodincontro.mx\/2021\/08\/30\/litalia-e-il-messico-verso-youth4climate\/\"},\"wordCount\":282,\"commentCount\":0,\"publisher\":{\"@id\":\"https:\/\/puntodincontro.mx\/#organization\"},\"image\":{\"@id\":\"https:\/\/puntodincontro.mx\/2021\/08\/30\/litalia-e-il-messico-verso-youth4climate\/#primaryimage\"},\"thumbnailUrl\":\"https:\/\/puntodincontro.mx\/wp-content\/uploads\/2021\/08\/italiamessicoyouth4climatecrop.webp\",\"articleSection\":[\"Cronaca\"],\"inLanguage\":\"es\",\"potentialAction\":[{\"@type\":\"CommentAction\",\"name\":\"Comment\",\"target\":[\"https:\/\/puntodincontro.mx\/2021\/08\/30\/litalia-e-il-messico-verso-youth4climate\/#respond\"]}]},{\"@type\":\"WebPage\",\"@id\":\"https:\/\/puntodincontro.mx\/2021\/08\/30\/litalia-e-il-messico-verso-youth4climate\/\",\"url\":\"https:\/\/puntodincontro.mx\/2021\/08\/30\/litalia-e-il-messico-verso-youth4climate\/\",\"name\":\"L'Italia e il Messico verso Youth4Climate Puntodincontro\",\"isPartOf\":{\"@id\":\"https:\/\/puntodincontro.mx\/#website\"},\"primaryImageOfPage\":{\"@id\":\"https:\/\/puntodincontro.mx\/2021\/08\/30\/litalia-e-il-messico-verso-youth4climate\/#primaryimage\"},\"image\":{\"@id\":\"https:\/\/puntodincontro.mx\/2021\/08\/30\/litalia-e-il-messico-verso-youth4climate\/#primaryimage\"},\"thumbnailUrl\":\"https:\/\/puntodincontro.mx\/wp-content\/uploads\/2021\/08\/italiamessicoyouth4climatecrop.webp\",\"datePublished\":\"2021-08-30T23:21:15+00:00\",\"dateModified\":\"2021-09-24T16:10:34+00:00\",\"breadcrumb\":{\"@id\":\"https:\/\/puntodincontro.mx\/2021\/08\/30\/litalia-e-il-messico-verso-youth4climate\/#breadcrumb\"},\"inLanguage\":\"es\",\"potentialAction\":[{\"@type\":\"ReadAction\",\"target\":[\"https:\/\/puntodincontro.mx\/2021\/08\/30\/litalia-e-il-messico-verso-youth4climate\/\"]}]},{\"@type\":\"ImageObject\",\"inLanguage\":\"es\",\"@id\":\"https:\/\/puntodincontro.mx\/2021\/08\/30\/litalia-e-il-messico-verso-youth4climate\/#primaryimage\",\"url\":\"https:\/\/puntodincontro.mx\/wp-content\/uploads\/2021\/08\/italiamessicoyouth4climatecrop.webp\",\"contentUrl\":\"https:\/\/puntodincontro.mx\/wp-content\/uploads\/2021\/08\/italiamessicoyouth4climatecrop.webp\",\"width\":423,\"height\":488},{\"@type\":\"BreadcrumbList\",\"@id\":\"https:\/\/puntodincontro.mx\/2021\/08\/30\/litalia-e-il-messico-verso-youth4climate\/#breadcrumb\",\"itemListElement\":[{\"@type\":\"ListItem\",\"position\":1,\"name\":\"Home\",\"item\":\"https:\/\/puntodincontro.mx\/\"},{\"@type\":\"ListItem\",\"position\":2,\"name\":\"L&#8217;Italia e il Messico verso Youth4Climate\"}]},{\"@type\":\"WebSite\",\"@id\":\"https:\/\/puntodincontro.mx\/#website\",\"url\":\"https:\/\/puntodincontro.mx\/\",\"name\":\"Puntodincontro\",\"description\":\"Dal 2006 notizie sui rapporti Italia-Messico \/ Desde 2006 noticias sobre las relaciones entre Italia y M\u00e9xico\",\"publisher\":{\"@id\":\"https:\/\/puntodincontro.mx\/#organization\"},\"potentialAction\":[{\"@type\":\"SearchAction\",\"target\":{\"@type\":\"EntryPoint\",\"urlTemplate\":\"https:\/\/puntodincontro.mx\/?s={search_term_string}\"},\"query-input\":{\"@type\":\"PropertyValueSpecification\",\"valueRequired\":true,\"valueName\":\"search_term_string\"}}],\"inLanguage\":\"es\"},{\"@type\":\"Organization\",\"@id\":\"https:\/\/puntodincontro.mx\/#organization\",\"name\":\"Puntodincontro\",\"url\":\"https:\/\/puntodincontro.mx\/\",\"logo\":{\"@type\":\"ImageObject\",\"inLanguage\":\"es\",\"@id\":\"https:\/\/puntodincontro.mx\/#\/schema\/logo\/image\/\",\"url\":\"https:\/\/puntodincontro.mx\/wp-content\/uploads\/2021\/08\/Default-image-for-open-graph-settings.jpg\",\"contentUrl\":\"https:\/\/puntodincontro.mx\/wp-content\/uploads\/2021\/08\/Default-image-for-open-graph-settings.jpg\",\"width\":1200,\"height\":630,\"caption\":\"Puntodincontro\"},\"image\":{\"@id\":\"https:\/\/puntodincontro.mx\/#\/schema\/logo\/image\/\"},\"sameAs\":[\"https:\/\/www.facebook.com\/puntodincontro.mx\",\"https:\/\/x.com\/puntodincontro\",\"https:\/\/www.instagram.com\/puntodincontro.mx\/\",\"https:\/\/www.linkedin.com\/company\/puntodincontro\/\",\"https:\/\/www.youtube.com\/c\/puntodincontromessico\",\"https:\/\/www.patreon.com\/puntodincontro\",\"https:\/\/www.threads.net\/@puntodincontro.mx\"]},{\"@type\":\"Person\",\"@id\":\"https:\/\/puntodincontro.mx\/#\/schema\/person\/d3066d18a16259cbb0c29b0d0e93b556\",\"name\":\"Puntodincontro\",\"image\":{\"@type\":\"ImageObject\",\"inLanguage\":\"es\",\"@id\":\"https:\/\/puntodincontro.mx\/#\/schema\/person\/image\/\",\"url\":\"https:\/\/secure.gravatar.com\/avatar\/0e85b4b3b5e9d6bfcec6a4956d8cc63a?s=96&d=mm&r=g\",\"contentUrl\":\"https:\/\/secure.gravatar.com\/avatar\/0e85b4b3b5e9d6bfcec6a4956d8cc63a?s=96&d=mm&r=g\",\"caption\":\"Puntodincontro\"},\"url\":\"https:\/\/puntodincontro.mx\/es\/author\/puntodincontro\/\"}]}<\/script>\n<!-- \/ Yoast SEO Premium plugin. -->","yoast_head_json":{"title":"L'Italia e il Messico verso Youth4Climate Puntodincontro","robots":{"index":"index","follow":"follow","max-snippet":"max-snippet:-1","max-image-preview":"max-image-preview:large","max-video-preview":"max-video-preview:-1"},"canonical":"https:\/\/puntodincontro.mx\/es\/2021\/08\/30\/litalia-e-il-messico-verso-youth4climate\/","og_locale":"es_MX","og_type":"article","og_title":"L'Italia e il Messico verso Youth4Climate","og_description":"Ore 18.19 &#8211; In preparazione a Youth4Climate: Driving Ambition \u2014l&#8217;iniziativa giovanile che si svolger\u00e0 a Milano dal 28 al 30 settembre\u2014 l&#8217;Ambasciata d&#8217;Italia in Messico, l&#8217;Istituto Tecnologico di Studi Superiori di Monterrey (ITESM), l&#8217;Universit\u00e0 Nazionale Autonoma del Messico (UNAM) e l&#8217;Associazione dei ricercatori italiani in Messico (ARIM) organizzano l&#8217;evento virtuale I giovani di fronte alle sfide del cambiamento climatico che avr\u00e1 luogo il 7 settembre alle 10.30 (ora del Messico centrale). Alla sessione di apertura parteciperanno l&#8217;Ambasciatore d&#8217;Italia in Messico, Luigi De Chiara, Jos\u00e9 Manuel Saniger Blesa, Segretario per la Ricerca e Sviluppo del Coordinamento della Ricerca Scientifica dell&#8217;UNAM, Camila...","og_url":"https:\/\/puntodincontro.mx\/es\/2021\/08\/30\/litalia-e-il-messico-verso-youth4climate\/","og_site_name":"Puntodincontro","article_publisher":"https:\/\/www.facebook.com\/puntodincontro.mx","article_published_time":"2021-08-30T23:21:15+00:00","article_modified_time":"2021-09-24T16:10:34+00:00","og_image":[{"width":423,"height":488,"url":"https:\/\/puntodincontro.mx\/wp-content\/uploads\/2021\/08\/italiamessicoyouth4climatecrop.webp","type":"image\/webp"}],"author":"Puntodincontro","twitter_card":"summary_large_image","twitter_creator":"@puntodincontro","twitter_site":"@puntodincontro","twitter_misc":{"Escrito por":"Puntodincontro","Tiempo de lectura":"2 minutos"},"schema":{"@context":"https:\/\/schema.org","@graph":[{"@type":"NewsArticle","@id":"https:\/\/puntodincontro.mx\/2021\/08\/30\/litalia-e-il-messico-verso-youth4climate\/#article","isPartOf":{"@id":"https:\/\/puntodincontro.mx\/2021\/08\/30\/litalia-e-il-messico-verso-youth4climate\/"},"author":{"name":"Puntodincontro","@id":"https:\/\/puntodincontro.mx\/#\/schema\/person\/d3066d18a16259cbb0c29b0d0e93b556"},"headline":"L&#8217;Italia e il Messico verso Youth4Climate","datePublished":"2021-08-30T23:21:15+00:00","dateModified":"2021-09-24T16:10:34+00:00","mainEntityOfPage":{"@id":"https:\/\/puntodincontro.mx\/2021\/08\/30\/litalia-e-il-messico-verso-youth4climate\/"},"wordCount":282,"commentCount":0,"publisher":{"@id":"https:\/\/puntodincontro.mx\/#organization"},"image":{"@id":"https:\/\/puntodincontro.mx\/2021\/08\/30\/litalia-e-il-messico-verso-youth4climate\/#primaryimage"},"thumbnailUrl":"https:\/\/puntodincontro.mx\/wp-content\/uploads\/2021\/08\/italiamessicoyouth4climatecrop.webp","articleSection":["Cronaca"],"inLanguage":"es","potentialAction":[{"@type":"CommentAction","name":"Comment","target":["https:\/\/puntodincontro.mx\/2021\/08\/30\/litalia-e-il-messico-verso-youth4climate\/#respond"]}]},{"@type":"WebPage","@id":"https:\/\/puntodincontro.mx\/2021\/08\/30\/litalia-e-il-messico-verso-youth4climate\/","url":"https:\/\/puntodincontro.mx\/2021\/08\/30\/litalia-e-il-messico-verso-youth4climate\/","name":"L'Italia e il Messico verso Youth4Climate Puntodincontro","isPartOf":{"@id":"https:\/\/puntodincontro.mx\/#website"},"primaryImageOfPage":{"@id":"https:\/\/puntodincontro.mx\/2021\/08\/30\/litalia-e-il-messico-verso-youth4climate\/#primaryimage"},"image":{"@id":"https:\/\/puntodincontro.mx\/2021\/08\/30\/litalia-e-il-messico-verso-youth4climate\/#primaryimage"},"thumbnailUrl":"https:\/\/puntodincontro.mx\/wp-content\/uploads\/2021\/08\/italiamessicoyouth4climatecrop.webp","datePublished":"2021-08-30T23:21:15+00:00","dateModified":"2021-09-24T16:10:34+00:00","breadcrumb":{"@id":"https:\/\/puntodincontro.mx\/2021\/08\/30\/litalia-e-il-messico-verso-youth4climate\/#breadcrumb"},"inLanguage":"es","potentialAction":[{"@type":"ReadAction","target":["https:\/\/puntodincontro.mx\/2021\/08\/30\/litalia-e-il-messico-verso-youth4climate\/"]}]},{"@type":"ImageObject","inLanguage":"es","@id":"https:\/\/puntodincontro.mx\/2021\/08\/30\/litalia-e-il-messico-verso-youth4climate\/#primaryimage","url":"https:\/\/puntodincontro.mx\/wp-content\/uploads\/2021\/08\/italiamessicoyouth4climatecrop.webp","contentUrl":"https:\/\/puntodincontro.mx\/wp-content\/uploads\/2021\/08\/italiamessicoyouth4climatecrop.webp","width":423,"height":488},{"@type":"BreadcrumbList","@id":"https:\/\/puntodincontro.mx\/2021\/08\/30\/litalia-e-il-messico-verso-youth4climate\/#breadcrumb","itemListElement":[{"@type":"ListItem","position":1,"name":"Home","item":"https:\/\/puntodincontro.mx\/"},{"@type":"ListItem","position":2,"name":"L&#8217;Italia e il Messico verso Youth4Climate"}]},{"@type":"WebSite","@id":"https:\/\/puntodincontro.mx\/#website","url":"https:\/\/puntodincontro.mx\/","name":"Puntodincontro","description":"Desde el 2006 noticias sobre las relaciones entre Italia y M\u00e9xico \/ Dal 2006 notizie sui rapporti Italia-Messico","publisher":{"@id":"https:\/\/puntodincontro.mx\/#organization"},"potentialAction":[{"@type":"SearchAction","target":{"@type":"EntryPoint","urlTemplate":"https:\/\/puntodincontro.mx\/?s={search_term_string}"},"query-input":{"@type":"PropertyValueSpecification","valueRequired":true,"valueName":"search_term_string"}}],"inLanguage":"es"},{"@type":"Organization","@id":"https:\/\/puntodincontro.mx\/#organization","name":"Puntodincontro","url":"https:\/\/puntodincontro.mx\/","logo":{"@type":"ImageObject","inLanguage":"es","@id":"https:\/\/puntodincontro.mx\/#\/schema\/logo\/image\/","url":"https:\/\/puntodincontro.mx\/wp-content\/uploads\/2021\/08\/Default-image-for-open-graph-settings.jpg","contentUrl":"https:\/\/puntodincontro.mx\/wp-content\/uploads\/2021\/08\/Default-image-for-open-graph-settings.jpg","width":1200,"height":630,"caption":"Puntodincontro"},"image":{"@id":"https:\/\/puntodincontro.mx\/#\/schema\/logo\/image\/"},"sameAs":["https:\/\/www.facebook.com\/puntodincontro.mx","https:\/\/x.com\/puntodincontro","https:\/\/www.instagram.com\/puntodincontro.mx\/","https:\/\/www.linkedin.com\/company\/puntodincontro\/","https:\/\/www.youtube.com\/c\/puntodincontromessico","https:\/\/www.patreon.com\/puntodincontro","https:\/\/www.threads.net\/@puntodincontro.mx"]},{"@type":"Person","@id":"https:\/\/puntodincontro.mx\/#\/schema\/person\/d3066d18a16259cbb0c29b0d0e93b556","name":"Puntodincontro","image":{"@type":"ImageObject","inLanguage":"es","@id":"https:\/\/puntodincontro.mx\/#\/schema\/person\/image\/","url":"https:\/\/secure.gravatar.com\/avatar\/0e85b4b3b5e9d6bfcec6a4956d8cc63a?s=96&d=mm&r=g","contentUrl":"https:\/\/secure.gravatar.com\/avatar\/0e85b4b3b5e9d6bfcec6a4956d8cc63a?s=96&d=mm&r=g","caption":"Puntodincontro"},"url":"https:\/\/puntodincontro.mx\/es\/author\/puntodincontro\/"}]}},"_links":{"self":[{"href":"https:\/\/puntodincontro.mx\/es\/wp-json\/wp\/v2\/posts\/364"}],"collection":[{"href":"https:\/\/puntodincontro.mx\/es\/wp-json\/wp\/v2\/posts"}],"about":[{"href":"https:\/\/puntodincontro.mx\/es\/wp-json\/wp\/v2\/types\/post"}],"author":[{"embeddable":true,"href":"https:\/\/puntodincontro.mx\/es\/wp-json\/wp\/v2\/users\/2"}],"replies":[{"embeddable":true,"href":"https:\/\/puntodincontro.mx\/es\/wp-json\/wp\/v2\/comments?post=364"}],"version-history":[{"count":5,"href":"https:\/\/puntodincontro.mx\/es\/wp-json\/wp\/v2\/posts\/364\/revisions"}],"predecessor-version":[{"id":923,"href":"https:\/\/puntodincontro.mx\/es\/wp-json\/wp\/v2\/posts\/364\/revisions\/923"}],"wp:featuredmedia":[{"embeddable":true,"href":"https:\/\/puntodincontro.mx\/es\/wp-json\/wp\/v2\/media\/366"}],"wp:attachment":[{"href":"https:\/\/puntodincontro.mx\/es\/wp-json\/wp\/v2\/media?parent=364"}],"wp:term":[{"taxonomy":"category","embeddable":true,"href":"https:\/\/puntodincontro.mx\/es\/wp-json\/wp\/v2\/categories?post=364"},{"taxonomy":"post_tag","embeddable":true,"href":"https:\/\/puntodincontro.mx\/es\/wp-json\/wp\/v2\/tags?post=364"}],"curies":[{"name":"wp","href":"https:\/\/api.w.org\/{rel}","templated":true}]}}