{"id":3643,"date":"2022-03-04T08:16:30","date_gmt":"2022-03-04T14:16:30","guid":{"rendered":"https:\/\/puntodincontro.mx\/?p=3643"},"modified":"2022-03-04T08:16:32","modified_gmt":"2022-03-04T14:16:32","slug":"avsi-lanza-la-campana-de-recaudacion-de-fondos-ukraine-emergency","status":"publish","type":"post","link":"https:\/\/puntodincontro.mx\/es\/2022\/03\/04\/avsi-lancia-la-campagna-di-raccolta-fondi-ukraine-emergency\/","title":{"rendered":"AVSI lanza la campa\u00f1a de recaudaci\u00f3n de fondos \u201cUkraine Emergency\u201d"},"content":{"rendered":"<p class=\"translation-block\"><strong>07:26 hrs.<\/strong> \u2013 AVSI \u2014una fundaci\u00f3n italiana no gubernamental sin fines de lucro fundada en Cesena en 1972 y dedicada a proyectos de cooperaci\u00f3n al desarrollo en varios pa\u00edses, incluyendo M\u00e9xico\u2014 apoya a los refugiados ucranianos en Polonia y Ruman\u00eda y lanza una campa\u00f1a de recaudaci\u00f3n de fondos.<\/p>\n\n\n\n<p>La organizaci\u00f3n trabaja en Ucrania desde 2014, tras el inicio del conflicto en Donbass. Ha colaborado con el movimiento de solidaridad internacional Emmaus en Kharkiv para ayudar a reconstruir el tejido social en el pa\u00eds. Desde el estallido del conflicto, el 24 de febrero de 2022, AVSI ha intervenido inmediatamente para apoyar a los ucranianos que huyen de la guerra, cruzando las fronteras hacia los pa\u00edses vecinos.<\/p>\n\n\n\n<p>Junto con nuestros socios a largo plazo, AVSI POLSKA en Polonia y Asocia\u021bia FDP-Protagonisti in educatie en Ruman\u00eda, AVSI est\u00e1 llevando a cabo actividades de respuesta de emergencia en las zonas de la frontera con Polonia (Lviv) y Ruman\u00eda (Galati), donde han llegado miles de familias ucranianas en los \u00faltimos d\u00edas.<\/p>\n\n\n\n<p>Para apoyar estas acciones de respuesta a la emergencia, AVSI pide la ayuda de todos, lanzando una campa\u00f1a de recaudaci\u00f3n de fondos llamada \u201cUkraine Emergency\u201d con el hashtag #HelpUkraine<\/p>\n\n\n\n<p class=\"translation-block\">La informaci\u00f3n m\u00e1s reciente sobre esta iniciativa puede ser consultada en el siguiente link: <a href=\"https:\/\/www.avsi.org\/en\/news\/2022\/02\/28\/ukraine-crisis-helpukraine\/2502\/\" target=\"_blank\" rel=\"noreferrer noopener\">https:\/\/www.avsi.org\/en\/news\/2022\/02\/28\/ukraine-crisis-helpukraine\/2502\/<\/a><\/p>\n\n\n\n<p class=\"translation-block\">Es posible donar con tarjeta de cr\u00e9dito, <a href=\"https:\/\/www.avsi.org\/it\/news\/2020\/08\/07\/satispay-da-oggi-puoi-aiutarci-anche-cosi\/2118\/\" target=\"_blank\" rel=\"noreferrer noopener\">a trav\u00e9s de Satispay en el sitio de AVSI<\/a>, o mediante transferencia bancaria utilizando la siguiente informaci\u00f3n:<\/p>\n\n\n\n<p class=\"translation-block\">FONDAZIONE AVSI: IBAN IT 22 T 02008 01603 000102945081<br>UNICREDIT SPA Fil. Milano Missori, Corso Italia 1 20122 MILANO<br>Codice Swift (BIC): UNCRITMM | Motivo: \u201cEmergenza Ucraina\u201d<\/p>\n\n\n\n<p>\u00abEl conflicto en Ucrania\u00bb \u2014 dijo Giampaolo Silvestri, Secretario General de AVSI\u2014 \u00abha desencadenado un \u00e9xodo de personas, a las que se les han quitado las certezas, que tienen miedo a los bombardeos, que intentan salvarse y salvar a sus seres queridos. Debido a nuestros estrechos v\u00ednculos con estas personas, que ahora son m\u00e1s vulnerables que nunca, estamos planeando acciones de respuesta de emergencia a lo largo de la frontera con Polonia y Ruman\u00eda. En este caso, podemos contar con nuestra larga colaboraci\u00f3n con las organizaciones locales AVSI Polska y Asocia\u021bia FDP-Protagonisti in educatie. Pero necesitamos la ayuda de todos para poder ofrecer refugio, comida y apoyo a quienes huyen de la guerra. Actuemos todos\u00bb (Foto de Davide Arcuri).<\/p>\n\n\n\n<div style=\"height:12px\" aria-hidden=\"true\" class=\"wp-block-spacer\"><\/div>\n\n\n\n\n\n<div style=\"height:12px\" aria-hidden=\"true\" class=\"wp-block-spacer\"><\/div>","protected":false},"excerpt":{"rendered":"<p>Ore 07.26 &#8211; AVSI \u2014fondazione italiana non governativa no-profit fondata a Cesena nel 1972 e dedicata a progetti di cooperazione allo sviluppo in diversi Paesi, tra cui il Messico\u2014 sostiene i rifugiati ucraini in Polonia e Romania e lancia una campagna di raccolta fondi. L&#8217;organizzazione opera in Ucraina dal 2014, dopo l&#8217;inizio del conflitto nel Donbass. Ha collaborato con il movimento internazionale di solidariet\u00e0 Emmaus a Kharkiv per aiutare a ricostruire il tessuto sociale del Paese. Dallo scoppio del conflitto, il 24 febbraio 2022, AVSI \u00e8 immediatamente intervenuta per sostenere gli ucraini in fuga dalla guerra, varcando i confini con&#8230; <\/p>","protected":false},"author":2,"featured_media":3645,"comment_status":"open","ping_status":"open","sticky":false,"template":"","format":"standard","meta":{"_monsterinsights_skip_tracking":false,"_monsterinsights_sitenote_active":false,"_monsterinsights_sitenote_note":"","_monsterinsights_sitenote_category":0,"footnotes":""},"categories":[18],"tags":[],"class_list":["post-3643","post","type-post","status-publish","format-standard","has-post-thumbnail","hentry","category-cronaca"],"yoast_head":"<!-- This site is optimized with the Yoast SEO Premium plugin v18.4 (Yoast SEO v25.6) - https:\/\/yoast.com\/wordpress\/plugins\/seo\/ -->\n<title>AVSI lancia la campagna di raccolta fondi \u201cUkraine Emergency\u201d Puntodincontro<\/title>\n<meta name=\"description\" content=\"AVSI \u2014fondazione italiana non governativa no-profit fondata a Cesena nel 1972 e dedicata a progetti di cooperazione allo sviluppo in diversi Paesi, tra cui il Messico\u2014 sostiene i rifugiati ucraini in Polonia e Romania e lancia una campagna di raccolta fondi.\" \/>\n<meta name=\"robots\" content=\"index, follow, max-snippet:-1, max-image-preview:large, max-video-preview:-1\" \/>\n<link rel=\"canonical\" href=\"https:\/\/puntodincontro.mx\/es\/2022\/03\/04\/avsi-lanza-la-campana-de-recaudacion-de-fondos-ukraine-emergency\/\" \/>\n<meta property=\"og:locale\" content=\"es_MX\" \/>\n<meta property=\"og:type\" content=\"article\" \/>\n<meta property=\"og:title\" content=\"AVSI lancia la campagna di raccolta fondi \u201cUkraine Emergency\u201d\" \/>\n<meta property=\"og:description\" content=\"AVSI \u2014fondazione italiana non governativa no-profit fondata a Cesena nel 1972 e dedicata a progetti di cooperazione allo sviluppo in diversi Paesi, tra cui il Messico\u2014 sostiene i rifugiati ucraini in Polonia e Romania e lancia una campagna di raccolta fondi.\" \/>\n<meta property=\"og:url\" content=\"https:\/\/puntodincontro.mx\/es\/2022\/03\/04\/avsi-lanza-la-campana-de-recaudacion-de-fondos-ukraine-emergency\/\" \/>\n<meta property=\"og:site_name\" content=\"Puntodincontro\" \/>\n<meta property=\"article:publisher\" content=\"https:\/\/www.facebook.com\/puntodincontro.mx\" \/>\n<meta property=\"article:published_time\" content=\"2022-03-04T14:16:30+00:00\" \/>\n<meta property=\"article:modified_time\" content=\"2022-03-04T14:16:32+00:00\" \/>\n<meta property=\"og:image\" content=\"https:\/\/puntodincontro.mx\/wp-content\/uploads\/2022\/03\/avsicampagnaukraineemergencyvert.webp\" \/>\n\t<meta property=\"og:image:width\" content=\"423\" \/>\n\t<meta property=\"og:image:height\" content=\"488\" \/>\n\t<meta property=\"og:image:type\" content=\"image\/webp\" \/>\n<meta name=\"author\" content=\"Puntodincontro\" \/>\n<meta name=\"twitter:card\" content=\"summary_large_image\" \/>\n<meta name=\"twitter:creator\" content=\"@puntodincontro\" \/>\n<meta name=\"twitter:site\" content=\"@puntodincontro\" \/>\n<meta name=\"twitter:label1\" content=\"Escrito por\" \/>\n\t<meta name=\"twitter:data1\" content=\"Puntodincontro\" \/>\n\t<meta name=\"twitter:label2\" content=\"Tiempo de lectura\" \/>\n\t<meta name=\"twitter:data2\" content=\"2 minutos\" \/>\n<script type=\"application\/ld+json\" class=\"yoast-schema-graph\">{\"@context\":\"https:\/\/schema.org\",\"@graph\":[{\"@type\":\"NewsArticle\",\"@id\":\"https:\/\/puntodincontro.mx\/2022\/03\/04\/avsi-lancia-la-campagna-di-raccolta-fondi-ukraine-emergency\/#article\",\"isPartOf\":{\"@id\":\"https:\/\/puntodincontro.mx\/2022\/03\/04\/avsi-lancia-la-campagna-di-raccolta-fondi-ukraine-emergency\/\"},\"author\":{\"name\":\"Puntodincontro\",\"@id\":\"https:\/\/puntodincontro.mx\/#\/schema\/person\/d3066d18a16259cbb0c29b0d0e93b556\"},\"headline\":\"AVSI lancia la campagna di raccolta fondi \u201cUkraine Emergency\u201d\",\"datePublished\":\"2022-03-04T14:16:30+00:00\",\"dateModified\":\"2022-03-04T14:16:32+00:00\",\"mainEntityOfPage\":{\"@id\":\"https:\/\/puntodincontro.mx\/2022\/03\/04\/avsi-lancia-la-campagna-di-raccolta-fondi-ukraine-emergency\/\"},\"wordCount\":352,\"commentCount\":0,\"publisher\":{\"@id\":\"https:\/\/puntodincontro.mx\/#organization\"},\"image\":{\"@id\":\"https:\/\/puntodincontro.mx\/2022\/03\/04\/avsi-lancia-la-campagna-di-raccolta-fondi-ukraine-emergency\/#primaryimage\"},\"thumbnailUrl\":\"https:\/\/puntodincontro.mx\/wp-content\/uploads\/2022\/03\/avsicampagnaukraineemergencyvert.webp\",\"articleSection\":[\"Cronaca\"],\"inLanguage\":\"es\",\"potentialAction\":[{\"@type\":\"CommentAction\",\"name\":\"Comment\",\"target\":[\"https:\/\/puntodincontro.mx\/2022\/03\/04\/avsi-lancia-la-campagna-di-raccolta-fondi-ukraine-emergency\/#respond\"]}]},{\"@type\":\"WebPage\",\"@id\":\"https:\/\/puntodincontro.mx\/2022\/03\/04\/avsi-lancia-la-campagna-di-raccolta-fondi-ukraine-emergency\/\",\"url\":\"https:\/\/puntodincontro.mx\/2022\/03\/04\/avsi-lancia-la-campagna-di-raccolta-fondi-ukraine-emergency\/\",\"name\":\"AVSI lancia la campagna di raccolta fondi \u201cUkraine Emergency\u201d Puntodincontro\",\"isPartOf\":{\"@id\":\"https:\/\/puntodincontro.mx\/#website\"},\"primaryImageOfPage\":{\"@id\":\"https:\/\/puntodincontro.mx\/2022\/03\/04\/avsi-lancia-la-campagna-di-raccolta-fondi-ukraine-emergency\/#primaryimage\"},\"image\":{\"@id\":\"https:\/\/puntodincontro.mx\/2022\/03\/04\/avsi-lancia-la-campagna-di-raccolta-fondi-ukraine-emergency\/#primaryimage\"},\"thumbnailUrl\":\"https:\/\/puntodincontro.mx\/wp-content\/uploads\/2022\/03\/avsicampagnaukraineemergencyvert.webp\",\"datePublished\":\"2022-03-04T14:16:30+00:00\",\"dateModified\":\"2022-03-04T14:16:32+00:00\",\"description\":\"AVSI \u2014fondazione italiana non governativa no-profit fondata a Cesena nel 1972 e dedicata a progetti di cooperazione allo sviluppo in diversi Paesi, tra cui il Messico\u2014 sostiene i rifugiati ucraini in Polonia e Romania e lancia una campagna di raccolta fondi.\",\"breadcrumb\":{\"@id\":\"https:\/\/puntodincontro.mx\/2022\/03\/04\/avsi-lancia-la-campagna-di-raccolta-fondi-ukraine-emergency\/#breadcrumb\"},\"inLanguage\":\"es\",\"potentialAction\":[{\"@type\":\"ReadAction\",\"target\":[\"https:\/\/puntodincontro.mx\/2022\/03\/04\/avsi-lancia-la-campagna-di-raccolta-fondi-ukraine-emergency\/\"]}]},{\"@type\":\"ImageObject\",\"inLanguage\":\"es\",\"@id\":\"https:\/\/puntodincontro.mx\/2022\/03\/04\/avsi-lancia-la-campagna-di-raccolta-fondi-ukraine-emergency\/#primaryimage\",\"url\":\"https:\/\/puntodincontro.mx\/wp-content\/uploads\/2022\/03\/avsicampagnaukraineemergencyvert.webp\",\"contentUrl\":\"https:\/\/puntodincontro.mx\/wp-content\/uploads\/2022\/03\/avsicampagnaukraineemergencyvert.webp\",\"width\":423,\"height\":488,\"caption\":\"AVSI lancia la campagna di raccolta fondi \u201cUkraine Emergency\u201d\"},{\"@type\":\"BreadcrumbList\",\"@id\":\"https:\/\/puntodincontro.mx\/2022\/03\/04\/avsi-lancia-la-campagna-di-raccolta-fondi-ukraine-emergency\/#breadcrumb\",\"itemListElement\":[{\"@type\":\"ListItem\",\"position\":1,\"name\":\"Home\",\"item\":\"https:\/\/puntodincontro.mx\/\"},{\"@type\":\"ListItem\",\"position\":2,\"name\":\"AVSI lancia la campagna di raccolta fondi \u201cUkraine Emergency\u201d\"}]},{\"@type\":\"WebSite\",\"@id\":\"https:\/\/puntodincontro.mx\/#website\",\"url\":\"https:\/\/puntodincontro.mx\/\",\"name\":\"Puntodincontro\",\"description\":\"Dal 2006 notizie sui rapporti Italia-Messico \/ Desde 2006 noticias sobre las relaciones entre Italia y M\u00e9xico\",\"publisher\":{\"@id\":\"https:\/\/puntodincontro.mx\/#organization\"},\"potentialAction\":[{\"@type\":\"SearchAction\",\"target\":{\"@type\":\"EntryPoint\",\"urlTemplate\":\"https:\/\/puntodincontro.mx\/?s={search_term_string}\"},\"query-input\":{\"@type\":\"PropertyValueSpecification\",\"valueRequired\":true,\"valueName\":\"search_term_string\"}}],\"inLanguage\":\"es\"},{\"@type\":\"Organization\",\"@id\":\"https:\/\/puntodincontro.mx\/#organization\",\"name\":\"Puntodincontro\",\"url\":\"https:\/\/puntodincontro.mx\/\",\"logo\":{\"@type\":\"ImageObject\",\"inLanguage\":\"es\",\"@id\":\"https:\/\/puntodincontro.mx\/#\/schema\/logo\/image\/\",\"url\":\"https:\/\/puntodincontro.mx\/wp-content\/uploads\/2021\/08\/Default-image-for-open-graph-settings.jpg\",\"contentUrl\":\"https:\/\/puntodincontro.mx\/wp-content\/uploads\/2021\/08\/Default-image-for-open-graph-settings.jpg\",\"width\":1200,\"height\":630,\"caption\":\"Puntodincontro\"},\"image\":{\"@id\":\"https:\/\/puntodincontro.mx\/#\/schema\/logo\/image\/\"},\"sameAs\":[\"https:\/\/www.facebook.com\/puntodincontro.mx\",\"https:\/\/x.com\/puntodincontro\",\"https:\/\/www.instagram.com\/puntodincontro.mx\/\",\"https:\/\/www.linkedin.com\/company\/puntodincontro\/\",\"https:\/\/www.youtube.com\/c\/puntodincontromessico\",\"https:\/\/www.patreon.com\/puntodincontro\",\"https:\/\/www.threads.net\/@puntodincontro.mx\"]},{\"@type\":\"Person\",\"@id\":\"https:\/\/puntodincontro.mx\/#\/schema\/person\/d3066d18a16259cbb0c29b0d0e93b556\",\"name\":\"Puntodincontro\",\"image\":{\"@type\":\"ImageObject\",\"inLanguage\":\"es\",\"@id\":\"https:\/\/puntodincontro.mx\/#\/schema\/person\/image\/\",\"url\":\"https:\/\/secure.gravatar.com\/avatar\/0e85b4b3b5e9d6bfcec6a4956d8cc63a?s=96&d=mm&r=g\",\"contentUrl\":\"https:\/\/secure.gravatar.com\/avatar\/0e85b4b3b5e9d6bfcec6a4956d8cc63a?s=96&d=mm&r=g\",\"caption\":\"Puntodincontro\"},\"url\":\"https:\/\/puntodincontro.mx\/es\/author\/puntodincontro\/\"}]}<\/script>\n<!-- \/ Yoast SEO Premium plugin. -->","yoast_head_json":{"title":"AVSI lancia la campagna di raccolta fondi \u201cUkraine Emergency\u201d Puntodincontro","description":"AVSI \u2014una fundaci\u00f3n italiana no gubernamental sin fines de lucro fundada en Cesena en 1972 y dedicada a proyectos de cooperaci\u00f3n al desarrollo en varios pa\u00edses, incluyendo M\u00e9xico\u2014 apoya a los refugiados ucranianos en Polonia y Ruman\u00eda y lanza una campa\u00f1a de recaudaci\u00f3n de fondos.","robots":{"index":"index","follow":"follow","max-snippet":"max-snippet:-1","max-image-preview":"max-image-preview:large","max-video-preview":"max-video-preview:-1"},"canonical":"https:\/\/puntodincontro.mx\/es\/2022\/03\/04\/avsi-lanza-la-campana-de-recaudacion-de-fondos-ukraine-emergency\/","og_locale":"es_MX","og_type":"article","og_title":"AVSI lancia la campagna di raccolta fondi \u201cUkraine Emergency\u201d","og_description":"AVSI \u2014fondazione italiana non governativa no-profit fondata a Cesena nel 1972 e dedicata a progetti di cooperazione allo sviluppo in diversi Paesi, tra cui il Messico\u2014 sostiene i rifugiati ucraini in Polonia e Romania e lancia una campagna di raccolta fondi.","og_url":"https:\/\/puntodincontro.mx\/es\/2022\/03\/04\/avsi-lanza-la-campana-de-recaudacion-de-fondos-ukraine-emergency\/","og_site_name":"Puntodincontro","article_publisher":"https:\/\/www.facebook.com\/puntodincontro.mx","article_published_time":"2022-03-04T14:16:30+00:00","article_modified_time":"2022-03-04T14:16:32+00:00","og_image":[{"width":423,"height":488,"url":"https:\/\/puntodincontro.mx\/wp-content\/uploads\/2022\/03\/avsicampagnaukraineemergencyvert.webp","type":"image\/webp"}],"author":"Puntodincontro","twitter_card":"summary_large_image","twitter_creator":"@puntodincontro","twitter_site":"@puntodincontro","twitter_misc":{"Escrito por":"Puntodincontro","Tiempo de lectura":"2 minutos"},"schema":{"@context":"https:\/\/schema.org","@graph":[{"@type":"NewsArticle","@id":"https:\/\/puntodincontro.mx\/2022\/03\/04\/avsi-lancia-la-campagna-di-raccolta-fondi-ukraine-emergency\/#article","isPartOf":{"@id":"https:\/\/puntodincontro.mx\/2022\/03\/04\/avsi-lancia-la-campagna-di-raccolta-fondi-ukraine-emergency\/"},"author":{"name":"Puntodincontro","@id":"https:\/\/puntodincontro.mx\/#\/schema\/person\/d3066d18a16259cbb0c29b0d0e93b556"},"headline":"AVSI lancia la campagna di raccolta fondi \u201cUkraine Emergency\u201d","datePublished":"2022-03-04T14:16:30+00:00","dateModified":"2022-03-04T14:16:32+00:00","mainEntityOfPage":{"@id":"https:\/\/puntodincontro.mx\/2022\/03\/04\/avsi-lancia-la-campagna-di-raccolta-fondi-ukraine-emergency\/"},"wordCount":352,"commentCount":0,"publisher":{"@id":"https:\/\/puntodincontro.mx\/#organization"},"image":{"@id":"https:\/\/puntodincontro.mx\/2022\/03\/04\/avsi-lancia-la-campagna-di-raccolta-fondi-ukraine-emergency\/#primaryimage"},"thumbnailUrl":"https:\/\/puntodincontro.mx\/wp-content\/uploads\/2022\/03\/avsicampagnaukraineemergencyvert.webp","articleSection":["Cronaca"],"inLanguage":"es","potentialAction":[{"@type":"CommentAction","name":"Comment","target":["https:\/\/puntodincontro.mx\/2022\/03\/04\/avsi-lancia-la-campagna-di-raccolta-fondi-ukraine-emergency\/#respond"]}]},{"@type":"WebPage","@id":"https:\/\/puntodincontro.mx\/2022\/03\/04\/avsi-lancia-la-campagna-di-raccolta-fondi-ukraine-emergency\/","url":"https:\/\/puntodincontro.mx\/2022\/03\/04\/avsi-lancia-la-campagna-di-raccolta-fondi-ukraine-emergency\/","name":"AVSI lancia la campagna di raccolta fondi \u201cUkraine Emergency\u201d Puntodincontro","isPartOf":{"@id":"https:\/\/puntodincontro.mx\/#website"},"primaryImageOfPage":{"@id":"https:\/\/puntodincontro.mx\/2022\/03\/04\/avsi-lancia-la-campagna-di-raccolta-fondi-ukraine-emergency\/#primaryimage"},"image":{"@id":"https:\/\/puntodincontro.mx\/2022\/03\/04\/avsi-lancia-la-campagna-di-raccolta-fondi-ukraine-emergency\/#primaryimage"},"thumbnailUrl":"https:\/\/puntodincontro.mx\/wp-content\/uploads\/2022\/03\/avsicampagnaukraineemergencyvert.webp","datePublished":"2022-03-04T14:16:30+00:00","dateModified":"2022-03-04T14:16:32+00:00","description":"AVSI \u2014una fundaci\u00f3n italiana no gubernamental sin fines de lucro fundada en Cesena en 1972 y dedicada a proyectos de cooperaci\u00f3n al desarrollo en varios pa\u00edses, incluyendo M\u00e9xico\u2014 apoya a los refugiados ucranianos en Polonia y Ruman\u00eda y lanza una campa\u00f1a de recaudaci\u00f3n de fondos.","breadcrumb":{"@id":"https:\/\/puntodincontro.mx\/2022\/03\/04\/avsi-lancia-la-campagna-di-raccolta-fondi-ukraine-emergency\/#breadcrumb"},"inLanguage":"es","potentialAction":[{"@type":"ReadAction","target":["https:\/\/puntodincontro.mx\/2022\/03\/04\/avsi-lancia-la-campagna-di-raccolta-fondi-ukraine-emergency\/"]}]},{"@type":"ImageObject","inLanguage":"es","@id":"https:\/\/puntodincontro.mx\/2022\/03\/04\/avsi-lancia-la-campagna-di-raccolta-fondi-ukraine-emergency\/#primaryimage","url":"https:\/\/puntodincontro.mx\/wp-content\/uploads\/2022\/03\/avsicampagnaukraineemergencyvert.webp","contentUrl":"https:\/\/puntodincontro.mx\/wp-content\/uploads\/2022\/03\/avsicampagnaukraineemergencyvert.webp","width":423,"height":488,"caption":"AVSI lancia la campagna di raccolta fondi \u201cUkraine Emergency\u201d"},{"@type":"BreadcrumbList","@id":"https:\/\/puntodincontro.mx\/2022\/03\/04\/avsi-lancia-la-campagna-di-raccolta-fondi-ukraine-emergency\/#breadcrumb","itemListElement":[{"@type":"ListItem","position":1,"name":"Home","item":"https:\/\/puntodincontro.mx\/"},{"@type":"ListItem","position":2,"name":"AVSI lancia la campagna di raccolta fondi \u201cUkraine Emergency\u201d"}]},{"@type":"WebSite","@id":"https:\/\/puntodincontro.mx\/#website","url":"https:\/\/puntodincontro.mx\/","name":"Puntodincontro","description":"Desde el 2006 noticias sobre las relaciones entre Italia y M\u00e9xico \/ Dal 2006 notizie sui rapporti Italia-Messico","publisher":{"@id":"https:\/\/puntodincontro.mx\/#organization"},"potentialAction":[{"@type":"SearchAction","target":{"@type":"EntryPoint","urlTemplate":"https:\/\/puntodincontro.mx\/?s={search_term_string}"},"query-input":{"@type":"PropertyValueSpecification","valueRequired":true,"valueName":"search_term_string"}}],"inLanguage":"es"},{"@type":"Organization","@id":"https:\/\/puntodincontro.mx\/#organization","name":"Puntodincontro","url":"https:\/\/puntodincontro.mx\/","logo":{"@type":"ImageObject","inLanguage":"es","@id":"https:\/\/puntodincontro.mx\/#\/schema\/logo\/image\/","url":"https:\/\/puntodincontro.mx\/wp-content\/uploads\/2021\/08\/Default-image-for-open-graph-settings.jpg","contentUrl":"https:\/\/puntodincontro.mx\/wp-content\/uploads\/2021\/08\/Default-image-for-open-graph-settings.jpg","width":1200,"height":630,"caption":"Puntodincontro"},"image":{"@id":"https:\/\/puntodincontro.mx\/#\/schema\/logo\/image\/"},"sameAs":["https:\/\/www.facebook.com\/puntodincontro.mx","https:\/\/x.com\/puntodincontro","https:\/\/www.instagram.com\/puntodincontro.mx\/","https:\/\/www.linkedin.com\/company\/puntodincontro\/","https:\/\/www.youtube.com\/c\/puntodincontromessico","https:\/\/www.patreon.com\/puntodincontro","https:\/\/www.threads.net\/@puntodincontro.mx"]},{"@type":"Person","@id":"https:\/\/puntodincontro.mx\/#\/schema\/person\/d3066d18a16259cbb0c29b0d0e93b556","name":"Puntodincontro","image":{"@type":"ImageObject","inLanguage":"es","@id":"https:\/\/puntodincontro.mx\/#\/schema\/person\/image\/","url":"https:\/\/secure.gravatar.com\/avatar\/0e85b4b3b5e9d6bfcec6a4956d8cc63a?s=96&d=mm&r=g","contentUrl":"https:\/\/secure.gravatar.com\/avatar\/0e85b4b3b5e9d6bfcec6a4956d8cc63a?s=96&d=mm&r=g","caption":"Puntodincontro"},"url":"https:\/\/puntodincontro.mx\/es\/author\/puntodincontro\/"}]}},"_links":{"self":[{"href":"https:\/\/puntodincontro.mx\/es\/wp-json\/wp\/v2\/posts\/3643"}],"collection":[{"href":"https:\/\/puntodincontro.mx\/es\/wp-json\/wp\/v2\/posts"}],"about":[{"href":"https:\/\/puntodincontro.mx\/es\/wp-json\/wp\/v2\/types\/post"}],"author":[{"embeddable":true,"href":"https:\/\/puntodincontro.mx\/es\/wp-json\/wp\/v2\/users\/2"}],"replies":[{"embeddable":true,"href":"https:\/\/puntodincontro.mx\/es\/wp-json\/wp\/v2\/comments?post=3643"}],"version-history":[{"count":6,"href":"https:\/\/puntodincontro.mx\/es\/wp-json\/wp\/v2\/posts\/3643\/revisions"}],"predecessor-version":[{"id":3651,"href":"https:\/\/puntodincontro.mx\/es\/wp-json\/wp\/v2\/posts\/3643\/revisions\/3651"}],"wp:featuredmedia":[{"embeddable":true,"href":"https:\/\/puntodincontro.mx\/es\/wp-json\/wp\/v2\/media\/3645"}],"wp:attachment":[{"href":"https:\/\/puntodincontro.mx\/es\/wp-json\/wp\/v2\/media?parent=3643"}],"wp:term":[{"taxonomy":"category","embeddable":true,"href":"https:\/\/puntodincontro.mx\/es\/wp-json\/wp\/v2\/categories?post=3643"},{"taxonomy":"post_tag","embeddable":true,"href":"https:\/\/puntodincontro.mx\/es\/wp-json\/wp\/v2\/tags?post=3643"}],"curies":[{"name":"wp","href":"https:\/\/api.w.org\/{rel}","templated":true}]}}