{"id":3652,"date":"2022-03-04T10:11:50","date_gmt":"2022-03-04T16:11:50","guid":{"rendered":"https:\/\/puntodincontro.mx\/?p=3652"},"modified":"2022-03-04T10:11:51","modified_gmt":"2022-03-04T16:11:51","slug":"ius-scholae-propuesta-para-la-ciudadania-italiana-a-jovenes-extranjeros","status":"publish","type":"post","link":"https:\/\/puntodincontro.mx\/es\/2022\/03\/04\/ius-scholae-la-proposta-per-la-cittadinanza-italiana-ai-giovani-stranieri\/","title":{"rendered":"\u201cIus scholae\u201d: propuesta para la ciudadan\u00eda italiana a j\u00f3venes extranjeros"},"content":{"rendered":"<p class=\"translation-block\"><strong>10:00 hrs.<\/strong> \u2013 Se llama <em>ius scholae<\/em> y funcionar\u00eda as\u00ed: \u00abEl menor extranjero nacido en Italia o que haya llegado antes de cumplir la edad de 12 a\u00f1os que haya residido legalmente sin interrupci\u00f3n en Italia\u00bb y que \u00abhaya asistido regularmente, en territorio nacional, al menos durante cinco a\u00f1os, a uno o m\u00e1s ciclos escolares\u00bb o cursos de capacitaci\u00f3n y formaci\u00f3n profesional \u00abadquiere la ciudadan\u00eda italiana\u00bb.<\/p>\n\n\n\n<p>As\u00ed lo prev\u00e9 el texto unificado de la reforma de la ciudadan\u00eda presentado a la Comisi\u00f3n de Asuntos Constitucionales de la C\u00e1mara de Diputados por el presidente del organismo y ponente Giuseppe Brescia (M5s). Se retira as\u00ed de la mesa el tema del \u201cius soli\u201d, que hasta ahora ha dividido al Parlamento.<\/p>\n\n\n\n<p><strong>La elecci\u00f3n de los padres y la del interesado (a partir de los 18 a\u00f1os)<\/strong><\/p>\n\n\n\n<p>La ciudadan\u00eda, establece el texto, \u00abse adquiere tras una declaraci\u00f3n de voluntad a tal efecto de parte de ambos padres que residen legalmente en Italia, por ambos padres que residen legalmente en Italia\u00bb ante el funcionario de estado civil del municipio de residencia del menor, que debe inscribirse en el registro de estado civil. \u00abDentro de los dos a\u00f1os siguientes a la mayor\u00eda de edad, el interesado puede renunciar a la ciudadan\u00eda italiana si est\u00e1 en posesi\u00f3n de otra ciudadan\u00eda\u00bb.<\/p>\n\n\n\n<p>Si los padres del menor, a pesar de tener los requisitos para solicitar la ciudadan\u00eda italiana para el ni\u00f1o, no la hubiesen solicitado, \u00abel interesado adquiere la ciudadan\u00eda si la solicita al registrador dentro de los dos a\u00f1os posteriores a haber alcanzado la mayor\u00eda de edad\u00bb.<\/p>\n\n\n\n<p><strong>Primer paso<\/strong><\/p>\n\n\n\n<p>La propuesta recibi\u00f3 el aprecio del M5s y del Partido democr\u00e1tico, as\u00ed como un primer rechazo de parte de la Lega. A la Comisi\u00f3n ya hab\u00edan sido presentados tres proyectos de ley, de Matteo Orfini (Partido democr\u00e1tico), Renata Polverini (Forza Italia) y Laura Boldrini, centrados en el llamado ius soli templado. Brescia present\u00f3 el texto unificado sobre el cual la Comisi\u00f3n deber\u00e1 iniciar la comparaci\u00f3n con las enmiendas. As\u00ed que se trata solo de un primer paso.<\/p>\n\n\n\n<p>La reforma parte de la inconsistencia, subrayada por Brescia en la Comisi\u00f3n, de las normas actuales del \u201cius sanguinis\u201d, seg\u00fan las cuales cualquier persona con ascendencia italiana puede obtener la ciudadan\u00eda italiana, aunque haya nacido y residido en el extranjero y no hable italiano.<\/p>\n\n\n\n<p>El texto de Brescia, en cambio, establece que un menor extranjero nacido en Italia que haya residido legalmente en Italia y haya asistido regularmente a uno o m\u00e1s ciclos escolares durante al menos 5 a\u00f1os puede adquirir la ciudadan\u00eda italiana previa solicitud. Este camino tambi\u00e9n est\u00e1 abierto a menores no nacidos en Italia siempre que tengan menos de 12 a\u00f1os de edad.<\/p>\n\n\n\n<p><strong>Las posturas de los partidos<\/strong><\/p>\n\n\n\n<p>\u00abEs una elecci\u00f3n basada en la confianza\u00bb \u2014dijo Brescia\u2014 \u00abno solo en los extranjeros que quieren integrar a sus hijos, sino en el trabajo de la comunidad educativa, en la dedicaci\u00f3n de los l\u00edderes escolares y docentes que construyen nuestra Rep\u00fablica en las aulas y ense\u00f1an los valores de nuestra Constituci\u00f3n\u00bb.<\/p>\n\n\n\n<p>Este concepto tambi\u00e9n fue subrayado por la jefa del grupo M5s en la Comisi\u00f3n, Vittoria Baldino. El responsable del \u00e1rea de ciudadan\u00eda del Partido Democr\u00e1tico, el exviceministro del Interior Matteo Mauri, expres\u00f3 \u00abaprecio\u00bb por la propuesta de Brescia: \u00abHaremos todo lo posible para que se apruebe y para que sea la m\u00e1s avanzada posible\u00bb, agreg\u00f3.<\/p>\n\n\n\n<p>Desde el centroderecha lleg\u00f3, sin embargo, la clara oposici\u00f3n del miembro de la Lega Igor Iezzi, quien habl\u00f3 de \u00abius soli disfrazado\u00bb, mientras que por el momento Fratelli d'Italia y Forza Italia no han definido su postura. Una reuni\u00f3n de la Comisi\u00f3n la pr\u00f3xima semana brindar\u00e1 la oportunidad de aclarar todas las posiciones.<\/p>\n\n\n\n<div style=\"height:12px\" aria-hidden=\"true\" class=\"wp-block-spacer\"><\/div>\n\n\n\n\n\n<div style=\"height:12px\" aria-hidden=\"true\" class=\"wp-block-spacer\"><\/div>","protected":false},"excerpt":{"rendered":"<p>Ore 10.00 &#8211; Si chiama ius scholae e funzionerebbe cos\u00ec: \u00abIl minore straniero nato in Italia o che vi ha fatto ingresso entro il compimento del dodicesimo anno di et\u00e0 che abbia risieduto legalmente e senza interruzioni in Italia\u00bb e che \u00ababbia frequentato regolarmente, nel territorio nazionale, per almeno cinque anni, uno o pi\u00f9 cicli scolastici\u00bb o percorsi di istruzione e formazione professionale \u00abacquista la cittadinanza italiana\u00bb. A prevederlo \u00e8 il testo unificato della riforma della cittadinanza presentato in Commissione Affari costituzionali della Camera dei deputati dal presidente dell\u2019organismo e relatore Giuseppe Brescia (M5s). Si toglie, dunque, dal tavolo il&#8230; <\/p>","protected":false},"author":2,"featured_media":3654,"comment_status":"open","ping_status":"open","sticky":false,"template":"","format":"standard","meta":{"_monsterinsights_skip_tracking":false,"_monsterinsights_sitenote_active":false,"_monsterinsights_sitenote_note":"","_monsterinsights_sitenote_category":0,"footnotes":""},"categories":[18],"tags":[],"class_list":["post-3652","post","type-post","status-publish","format-standard","has-post-thumbnail","hentry","category-cronaca"],"yoast_head":"<!-- This site is optimized with the Yoast SEO Premium plugin v18.4 (Yoast SEO v25.6) - https:\/\/yoast.com\/wordpress\/plugins\/seo\/ -->\n<title>\u201cIus scholae\u201d: la proposta per la cittadinanza italiana ai giovani stranieri Puntodincontro<\/title>\n<meta name=\"description\" content=\"Si chiama \u201cius scholae\u201d e funzionerebbe cos\u00ec: \u00abIl minore straniero nato in Italia o che vi ha fatto ingresso entro il compimento del dodicesimo anno di et\u00e0 che abbia risieduto legalmente e senza interruzioni in Italia\u00bb e che \u00ababbia frequentato regolarmente, nel territorio nazionale, per almeno cinque anni, uno o pi\u00f9 cicli scolastici\u00bb o percorsi di istruzione e formazione professionale \u00abacquista la cittadinanza italiana\u00bb.\" \/>\n<meta name=\"robots\" content=\"index, follow, max-snippet:-1, max-image-preview:large, max-video-preview:-1\" \/>\n<link rel=\"canonical\" href=\"https:\/\/puntodincontro.mx\/es\/2022\/03\/04\/ius-scholae-propuesta-para-la-ciudadania-italiana-a-jovenes-extranjeros\/\" \/>\n<meta property=\"og:locale\" content=\"es_MX\" \/>\n<meta property=\"og:type\" content=\"article\" \/>\n<meta property=\"og:title\" content=\"\u201cIus scholae\u201d: la proposta per la cittadinanza italiana ai giovani stranieri\" \/>\n<meta property=\"og:description\" content=\"Si chiama \u201cius scholae\u201d e funzionerebbe cos\u00ec: \u00abIl minore straniero nato in Italia o che vi ha fatto ingresso entro il compimento del dodicesimo anno di et\u00e0 che abbia risieduto legalmente e senza interruzioni in Italia\u00bb e che \u00ababbia frequentato regolarmente, nel territorio nazionale, per almeno cinque anni, uno o pi\u00f9 cicli scolastici\u00bb o percorsi di istruzione e formazione professionale \u00abacquista la cittadinanza italiana\u00bb.\" \/>\n<meta property=\"og:url\" content=\"https:\/\/puntodincontro.mx\/es\/2022\/03\/04\/ius-scholae-propuesta-para-la-ciudadania-italiana-a-jovenes-extranjeros\/\" \/>\n<meta property=\"og:site_name\" content=\"Puntodincontro\" \/>\n<meta property=\"article:publisher\" content=\"https:\/\/www.facebook.com\/puntodincontro.mx\" \/>\n<meta property=\"article:published_time\" content=\"2022-03-04T16:11:50+00:00\" \/>\n<meta property=\"article:modified_time\" content=\"2022-03-04T16:11:51+00:00\" \/>\n<meta property=\"og:image\" content=\"https:\/\/puntodincontro.mx\/wp-content\/uploads\/2022\/03\/iusscholaepropostacittadinanzavert.webp\" \/>\n\t<meta property=\"og:image:width\" content=\"423\" \/>\n\t<meta property=\"og:image:height\" content=\"488\" \/>\n\t<meta property=\"og:image:type\" content=\"image\/webp\" \/>\n<meta name=\"author\" content=\"Puntodincontro\" \/>\n<meta name=\"twitter:card\" content=\"summary_large_image\" \/>\n<meta name=\"twitter:creator\" content=\"@puntodincontro\" \/>\n<meta name=\"twitter:site\" content=\"@puntodincontro\" \/>\n<meta name=\"twitter:label1\" content=\"Escrito por\" \/>\n\t<meta name=\"twitter:data1\" content=\"Puntodincontro\" \/>\n\t<meta name=\"twitter:label2\" content=\"Tiempo de lectura\" \/>\n\t<meta name=\"twitter:data2\" content=\"3 minutos\" \/>\n<script type=\"application\/ld+json\" class=\"yoast-schema-graph\">{\"@context\":\"https:\/\/schema.org\",\"@graph\":[{\"@type\":\"NewsArticle\",\"@id\":\"https:\/\/puntodincontro.mx\/2022\/03\/04\/ius-scholae-la-proposta-per-la-cittadinanza-italiana-ai-giovani-stranieri\/#article\",\"isPartOf\":{\"@id\":\"https:\/\/puntodincontro.mx\/2022\/03\/04\/ius-scholae-la-proposta-per-la-cittadinanza-italiana-ai-giovani-stranieri\/\"},\"author\":{\"name\":\"Puntodincontro\",\"@id\":\"https:\/\/puntodincontro.mx\/#\/schema\/person\/d3066d18a16259cbb0c29b0d0e93b556\"},\"headline\":\"\u201cIus scholae\u201d: la proposta per la cittadinanza italiana ai giovani stranieri\",\"datePublished\":\"2022-03-04T16:11:50+00:00\",\"dateModified\":\"2022-03-04T16:11:51+00:00\",\"mainEntityOfPage\":{\"@id\":\"https:\/\/puntodincontro.mx\/2022\/03\/04\/ius-scholae-la-proposta-per-la-cittadinanza-italiana-ai-giovani-stranieri\/\"},\"wordCount\":551,\"commentCount\":0,\"publisher\":{\"@id\":\"https:\/\/puntodincontro.mx\/#organization\"},\"image\":{\"@id\":\"https:\/\/puntodincontro.mx\/2022\/03\/04\/ius-scholae-la-proposta-per-la-cittadinanza-italiana-ai-giovani-stranieri\/#primaryimage\"},\"thumbnailUrl\":\"https:\/\/puntodincontro.mx\/wp-content\/uploads\/2022\/03\/iusscholaepropostacittadinanzavert.webp\",\"articleSection\":[\"Cronaca\"],\"inLanguage\":\"es\",\"potentialAction\":[{\"@type\":\"CommentAction\",\"name\":\"Comment\",\"target\":[\"https:\/\/puntodincontro.mx\/2022\/03\/04\/ius-scholae-la-proposta-per-la-cittadinanza-italiana-ai-giovani-stranieri\/#respond\"]}]},{\"@type\":\"WebPage\",\"@id\":\"https:\/\/puntodincontro.mx\/2022\/03\/04\/ius-scholae-la-proposta-per-la-cittadinanza-italiana-ai-giovani-stranieri\/\",\"url\":\"https:\/\/puntodincontro.mx\/2022\/03\/04\/ius-scholae-la-proposta-per-la-cittadinanza-italiana-ai-giovani-stranieri\/\",\"name\":\"\u201cIus scholae\u201d: la proposta per la cittadinanza italiana ai giovani stranieri Puntodincontro\",\"isPartOf\":{\"@id\":\"https:\/\/puntodincontro.mx\/#website\"},\"primaryImageOfPage\":{\"@id\":\"https:\/\/puntodincontro.mx\/2022\/03\/04\/ius-scholae-la-proposta-per-la-cittadinanza-italiana-ai-giovani-stranieri\/#primaryimage\"},\"image\":{\"@id\":\"https:\/\/puntodincontro.mx\/2022\/03\/04\/ius-scholae-la-proposta-per-la-cittadinanza-italiana-ai-giovani-stranieri\/#primaryimage\"},\"thumbnailUrl\":\"https:\/\/puntodincontro.mx\/wp-content\/uploads\/2022\/03\/iusscholaepropostacittadinanzavert.webp\",\"datePublished\":\"2022-03-04T16:11:50+00:00\",\"dateModified\":\"2022-03-04T16:11:51+00:00\",\"description\":\"Si chiama \u201cius scholae\u201d e funzionerebbe cos\u00ec: \u00abIl minore straniero nato in Italia o che vi ha fatto ingresso entro il compimento del dodicesimo anno di et\u00e0 che abbia risieduto legalmente e senza interruzioni in Italia\u00bb e che \u00ababbia frequentato regolarmente, nel territorio nazionale, per almeno cinque anni, uno o pi\u00f9 cicli scolastici\u00bb o percorsi di istruzione e formazione professionale \u00abacquista la cittadinanza italiana\u00bb.\",\"breadcrumb\":{\"@id\":\"https:\/\/puntodincontro.mx\/2022\/03\/04\/ius-scholae-la-proposta-per-la-cittadinanza-italiana-ai-giovani-stranieri\/#breadcrumb\"},\"inLanguage\":\"es\",\"potentialAction\":[{\"@type\":\"ReadAction\",\"target\":[\"https:\/\/puntodincontro.mx\/2022\/03\/04\/ius-scholae-la-proposta-per-la-cittadinanza-italiana-ai-giovani-stranieri\/\"]}]},{\"@type\":\"ImageObject\",\"inLanguage\":\"es\",\"@id\":\"https:\/\/puntodincontro.mx\/2022\/03\/04\/ius-scholae-la-proposta-per-la-cittadinanza-italiana-ai-giovani-stranieri\/#primaryimage\",\"url\":\"https:\/\/puntodincontro.mx\/wp-content\/uploads\/2022\/03\/iusscholaepropostacittadinanzavert.webp\",\"contentUrl\":\"https:\/\/puntodincontro.mx\/wp-content\/uploads\/2022\/03\/iusscholaepropostacittadinanzavert.webp\",\"width\":423,\"height\":488,\"caption\":\"\u201cIus scholae\u201d: la proposta per la cittadinanza italiana ai giovani stranieri\"},{\"@type\":\"BreadcrumbList\",\"@id\":\"https:\/\/puntodincontro.mx\/2022\/03\/04\/ius-scholae-la-proposta-per-la-cittadinanza-italiana-ai-giovani-stranieri\/#breadcrumb\",\"itemListElement\":[{\"@type\":\"ListItem\",\"position\":1,\"name\":\"Home\",\"item\":\"https:\/\/puntodincontro.mx\/\"},{\"@type\":\"ListItem\",\"position\":2,\"name\":\"\u201cIus scholae\u201d: la proposta per la cittadinanza italiana ai giovani stranieri\"}]},{\"@type\":\"WebSite\",\"@id\":\"https:\/\/puntodincontro.mx\/#website\",\"url\":\"https:\/\/puntodincontro.mx\/\",\"name\":\"Puntodincontro\",\"description\":\"Dal 2006 notizie sui rapporti Italia-Messico \/ Desde 2006 noticias sobre las relaciones entre Italia y M\u00e9xico\",\"publisher\":{\"@id\":\"https:\/\/puntodincontro.mx\/#organization\"},\"potentialAction\":[{\"@type\":\"SearchAction\",\"target\":{\"@type\":\"EntryPoint\",\"urlTemplate\":\"https:\/\/puntodincontro.mx\/?s={search_term_string}\"},\"query-input\":{\"@type\":\"PropertyValueSpecification\",\"valueRequired\":true,\"valueName\":\"search_term_string\"}}],\"inLanguage\":\"es\"},{\"@type\":\"Organization\",\"@id\":\"https:\/\/puntodincontro.mx\/#organization\",\"name\":\"Puntodincontro\",\"url\":\"https:\/\/puntodincontro.mx\/\",\"logo\":{\"@type\":\"ImageObject\",\"inLanguage\":\"es\",\"@id\":\"https:\/\/puntodincontro.mx\/#\/schema\/logo\/image\/\",\"url\":\"https:\/\/puntodincontro.mx\/wp-content\/uploads\/2021\/08\/Default-image-for-open-graph-settings.jpg\",\"contentUrl\":\"https:\/\/puntodincontro.mx\/wp-content\/uploads\/2021\/08\/Default-image-for-open-graph-settings.jpg\",\"width\":1200,\"height\":630,\"caption\":\"Puntodincontro\"},\"image\":{\"@id\":\"https:\/\/puntodincontro.mx\/#\/schema\/logo\/image\/\"},\"sameAs\":[\"https:\/\/www.facebook.com\/puntodincontro.mx\",\"https:\/\/x.com\/puntodincontro\",\"https:\/\/www.instagram.com\/puntodincontro.mx\/\",\"https:\/\/www.linkedin.com\/company\/puntodincontro\/\",\"https:\/\/www.youtube.com\/c\/puntodincontromessico\",\"https:\/\/www.patreon.com\/puntodincontro\",\"https:\/\/www.threads.net\/@puntodincontro.mx\"]},{\"@type\":\"Person\",\"@id\":\"https:\/\/puntodincontro.mx\/#\/schema\/person\/d3066d18a16259cbb0c29b0d0e93b556\",\"name\":\"Puntodincontro\",\"image\":{\"@type\":\"ImageObject\",\"inLanguage\":\"es\",\"@id\":\"https:\/\/puntodincontro.mx\/#\/schema\/person\/image\/\",\"url\":\"https:\/\/secure.gravatar.com\/avatar\/0e85b4b3b5e9d6bfcec6a4956d8cc63a?s=96&d=mm&r=g\",\"contentUrl\":\"https:\/\/secure.gravatar.com\/avatar\/0e85b4b3b5e9d6bfcec6a4956d8cc63a?s=96&d=mm&r=g\",\"caption\":\"Puntodincontro\"},\"url\":\"https:\/\/puntodincontro.mx\/es\/author\/puntodincontro\/\"}]}<\/script>\n<!-- \/ Yoast SEO Premium plugin. -->","yoast_head_json":{"title":"\u201cIus scholae\u201d: la proposta per la cittadinanza italiana ai giovani stranieri Puntodincontro","description":"Se llama \"ius scholae\" y funcionar\u00eda as\u00ed: \u00abEl menor extranjero nacido en Italia o que haya llegado antes de cumplir la edad de 12 a\u00f1os que haya residido legalmente sin interrupci\u00f3n en Italia\u00bb y que \u00abhaya asistido regularmente, en territorio nacional, al menos durante cinco a\u00f1os, a uno o m\u00e1s ciclos escolares\u00bb o cursos de capacitaci\u00f3n y formaci\u00f3n profesional \u00abadquiere la ciudadan\u00eda italiana\u00bb.","robots":{"index":"index","follow":"follow","max-snippet":"max-snippet:-1","max-image-preview":"max-image-preview:large","max-video-preview":"max-video-preview:-1"},"canonical":"https:\/\/puntodincontro.mx\/es\/2022\/03\/04\/ius-scholae-propuesta-para-la-ciudadania-italiana-a-jovenes-extranjeros\/","og_locale":"es_MX","og_type":"article","og_title":"\u201cIus scholae\u201d: la proposta per la cittadinanza italiana ai giovani stranieri","og_description":"Si chiama \u201cius scholae\u201d e funzionerebbe cos\u00ec: \u00abIl minore straniero nato in Italia o che vi ha fatto ingresso entro il compimento del dodicesimo anno di et\u00e0 che abbia risieduto legalmente e senza interruzioni in Italia\u00bb e che \u00ababbia frequentato regolarmente, nel territorio nazionale, per almeno cinque anni, uno o pi\u00f9 cicli scolastici\u00bb o percorsi di istruzione e formazione professionale \u00abacquista la cittadinanza italiana\u00bb.","og_url":"https:\/\/puntodincontro.mx\/es\/2022\/03\/04\/ius-scholae-propuesta-para-la-ciudadania-italiana-a-jovenes-extranjeros\/","og_site_name":"Puntodincontro","article_publisher":"https:\/\/www.facebook.com\/puntodincontro.mx","article_published_time":"2022-03-04T16:11:50+00:00","article_modified_time":"2022-03-04T16:11:51+00:00","og_image":[{"width":423,"height":488,"url":"https:\/\/puntodincontro.mx\/wp-content\/uploads\/2022\/03\/iusscholaepropostacittadinanzavert.webp","type":"image\/webp"}],"author":"Puntodincontro","twitter_card":"summary_large_image","twitter_creator":"@puntodincontro","twitter_site":"@puntodincontro","twitter_misc":{"Escrito por":"Puntodincontro","Tiempo de lectura":"3 minutos"},"schema":{"@context":"https:\/\/schema.org","@graph":[{"@type":"NewsArticle","@id":"https:\/\/puntodincontro.mx\/2022\/03\/04\/ius-scholae-la-proposta-per-la-cittadinanza-italiana-ai-giovani-stranieri\/#article","isPartOf":{"@id":"https:\/\/puntodincontro.mx\/2022\/03\/04\/ius-scholae-la-proposta-per-la-cittadinanza-italiana-ai-giovani-stranieri\/"},"author":{"name":"Puntodincontro","@id":"https:\/\/puntodincontro.mx\/#\/schema\/person\/d3066d18a16259cbb0c29b0d0e93b556"},"headline":"\u201cIus scholae\u201d: la proposta per la cittadinanza italiana ai giovani stranieri","datePublished":"2022-03-04T16:11:50+00:00","dateModified":"2022-03-04T16:11:51+00:00","mainEntityOfPage":{"@id":"https:\/\/puntodincontro.mx\/2022\/03\/04\/ius-scholae-la-proposta-per-la-cittadinanza-italiana-ai-giovani-stranieri\/"},"wordCount":551,"commentCount":0,"publisher":{"@id":"https:\/\/puntodincontro.mx\/#organization"},"image":{"@id":"https:\/\/puntodincontro.mx\/2022\/03\/04\/ius-scholae-la-proposta-per-la-cittadinanza-italiana-ai-giovani-stranieri\/#primaryimage"},"thumbnailUrl":"https:\/\/puntodincontro.mx\/wp-content\/uploads\/2022\/03\/iusscholaepropostacittadinanzavert.webp","articleSection":["Cronaca"],"inLanguage":"es","potentialAction":[{"@type":"CommentAction","name":"Comment","target":["https:\/\/puntodincontro.mx\/2022\/03\/04\/ius-scholae-la-proposta-per-la-cittadinanza-italiana-ai-giovani-stranieri\/#respond"]}]},{"@type":"WebPage","@id":"https:\/\/puntodincontro.mx\/2022\/03\/04\/ius-scholae-la-proposta-per-la-cittadinanza-italiana-ai-giovani-stranieri\/","url":"https:\/\/puntodincontro.mx\/2022\/03\/04\/ius-scholae-la-proposta-per-la-cittadinanza-italiana-ai-giovani-stranieri\/","name":"\u201cIus scholae\u201d: la proposta per la cittadinanza italiana ai giovani stranieri Puntodincontro","isPartOf":{"@id":"https:\/\/puntodincontro.mx\/#website"},"primaryImageOfPage":{"@id":"https:\/\/puntodincontro.mx\/2022\/03\/04\/ius-scholae-la-proposta-per-la-cittadinanza-italiana-ai-giovani-stranieri\/#primaryimage"},"image":{"@id":"https:\/\/puntodincontro.mx\/2022\/03\/04\/ius-scholae-la-proposta-per-la-cittadinanza-italiana-ai-giovani-stranieri\/#primaryimage"},"thumbnailUrl":"https:\/\/puntodincontro.mx\/wp-content\/uploads\/2022\/03\/iusscholaepropostacittadinanzavert.webp","datePublished":"2022-03-04T16:11:50+00:00","dateModified":"2022-03-04T16:11:51+00:00","description":"Se llama \"ius scholae\" y funcionar\u00eda as\u00ed: \u00abEl menor extranjero nacido en Italia o que haya llegado antes de cumplir la edad de 12 a\u00f1os que haya residido legalmente sin interrupci\u00f3n en Italia\u00bb y que \u00abhaya asistido regularmente, en territorio nacional, al menos durante cinco a\u00f1os, a uno o m\u00e1s ciclos escolares\u00bb o cursos de capacitaci\u00f3n y formaci\u00f3n profesional \u00abadquiere la ciudadan\u00eda italiana\u00bb.","breadcrumb":{"@id":"https:\/\/puntodincontro.mx\/2022\/03\/04\/ius-scholae-la-proposta-per-la-cittadinanza-italiana-ai-giovani-stranieri\/#breadcrumb"},"inLanguage":"es","potentialAction":[{"@type":"ReadAction","target":["https:\/\/puntodincontro.mx\/2022\/03\/04\/ius-scholae-la-proposta-per-la-cittadinanza-italiana-ai-giovani-stranieri\/"]}]},{"@type":"ImageObject","inLanguage":"es","@id":"https:\/\/puntodincontro.mx\/2022\/03\/04\/ius-scholae-la-proposta-per-la-cittadinanza-italiana-ai-giovani-stranieri\/#primaryimage","url":"https:\/\/puntodincontro.mx\/wp-content\/uploads\/2022\/03\/iusscholaepropostacittadinanzavert.webp","contentUrl":"https:\/\/puntodincontro.mx\/wp-content\/uploads\/2022\/03\/iusscholaepropostacittadinanzavert.webp","width":423,"height":488,"caption":"\u201cIus scholae\u201d: la proposta per la cittadinanza italiana ai giovani stranieri"},{"@type":"BreadcrumbList","@id":"https:\/\/puntodincontro.mx\/2022\/03\/04\/ius-scholae-la-proposta-per-la-cittadinanza-italiana-ai-giovani-stranieri\/#breadcrumb","itemListElement":[{"@type":"ListItem","position":1,"name":"Home","item":"https:\/\/puntodincontro.mx\/"},{"@type":"ListItem","position":2,"name":"\u201cIus scholae\u201d: la proposta per la cittadinanza italiana ai giovani stranieri"}]},{"@type":"WebSite","@id":"https:\/\/puntodincontro.mx\/#website","url":"https:\/\/puntodincontro.mx\/","name":"Puntodincontro","description":"Desde el 2006 noticias sobre las relaciones entre Italia y M\u00e9xico \/ Dal 2006 notizie sui rapporti Italia-Messico","publisher":{"@id":"https:\/\/puntodincontro.mx\/#organization"},"potentialAction":[{"@type":"SearchAction","target":{"@type":"EntryPoint","urlTemplate":"https:\/\/puntodincontro.mx\/?s={search_term_string}"},"query-input":{"@type":"PropertyValueSpecification","valueRequired":true,"valueName":"search_term_string"}}],"inLanguage":"es"},{"@type":"Organization","@id":"https:\/\/puntodincontro.mx\/#organization","name":"Puntodincontro","url":"https:\/\/puntodincontro.mx\/","logo":{"@type":"ImageObject","inLanguage":"es","@id":"https:\/\/puntodincontro.mx\/#\/schema\/logo\/image\/","url":"https:\/\/puntodincontro.mx\/wp-content\/uploads\/2021\/08\/Default-image-for-open-graph-settings.jpg","contentUrl":"https:\/\/puntodincontro.mx\/wp-content\/uploads\/2021\/08\/Default-image-for-open-graph-settings.jpg","width":1200,"height":630,"caption":"Puntodincontro"},"image":{"@id":"https:\/\/puntodincontro.mx\/#\/schema\/logo\/image\/"},"sameAs":["https:\/\/www.facebook.com\/puntodincontro.mx","https:\/\/x.com\/puntodincontro","https:\/\/www.instagram.com\/puntodincontro.mx\/","https:\/\/www.linkedin.com\/company\/puntodincontro\/","https:\/\/www.youtube.com\/c\/puntodincontromessico","https:\/\/www.patreon.com\/puntodincontro","https:\/\/www.threads.net\/@puntodincontro.mx"]},{"@type":"Person","@id":"https:\/\/puntodincontro.mx\/#\/schema\/person\/d3066d18a16259cbb0c29b0d0e93b556","name":"Puntodincontro","image":{"@type":"ImageObject","inLanguage":"es","@id":"https:\/\/puntodincontro.mx\/#\/schema\/person\/image\/","url":"https:\/\/secure.gravatar.com\/avatar\/0e85b4b3b5e9d6bfcec6a4956d8cc63a?s=96&d=mm&r=g","contentUrl":"https:\/\/secure.gravatar.com\/avatar\/0e85b4b3b5e9d6bfcec6a4956d8cc63a?s=96&d=mm&r=g","caption":"Puntodincontro"},"url":"https:\/\/puntodincontro.mx\/es\/author\/puntodincontro\/"}]}},"_links":{"self":[{"href":"https:\/\/puntodincontro.mx\/es\/wp-json\/wp\/v2\/posts\/3652"}],"collection":[{"href":"https:\/\/puntodincontro.mx\/es\/wp-json\/wp\/v2\/posts"}],"about":[{"href":"https:\/\/puntodincontro.mx\/es\/wp-json\/wp\/v2\/types\/post"}],"author":[{"embeddable":true,"href":"https:\/\/puntodincontro.mx\/es\/wp-json\/wp\/v2\/users\/2"}],"replies":[{"embeddable":true,"href":"https:\/\/puntodincontro.mx\/es\/wp-json\/wp\/v2\/comments?post=3652"}],"version-history":[{"count":2,"href":"https:\/\/puntodincontro.mx\/es\/wp-json\/wp\/v2\/posts\/3652\/revisions"}],"predecessor-version":[{"id":3655,"href":"https:\/\/puntodincontro.mx\/es\/wp-json\/wp\/v2\/posts\/3652\/revisions\/3655"}],"wp:featuredmedia":[{"embeddable":true,"href":"https:\/\/puntodincontro.mx\/es\/wp-json\/wp\/v2\/media\/3654"}],"wp:attachment":[{"href":"https:\/\/puntodincontro.mx\/es\/wp-json\/wp\/v2\/media?parent=3652"}],"wp:term":[{"taxonomy":"category","embeddable":true,"href":"https:\/\/puntodincontro.mx\/es\/wp-json\/wp\/v2\/categories?post=3652"},{"taxonomy":"post_tag","embeddable":true,"href":"https:\/\/puntodincontro.mx\/es\/wp-json\/wp\/v2\/tags?post=3652"}],"curies":[{"name":"wp","href":"https:\/\/api.w.org\/{rel}","templated":true}]}}