{"id":3849,"date":"2022-03-10T14:35:11","date_gmt":"2022-03-10T20:35:11","guid":{"rendered":"https:\/\/puntodincontro.mx\/?p=3849"},"modified":"2022-03-10T17:35:56","modified_gmt":"2022-03-10T23:35:56","slug":"visita-del-embajador-garcia-de-alba-a-sicilia","status":"publish","type":"post","link":"https:\/\/puntodincontro.mx\/es\/2022\/03\/10\/visita-dellambasciatore-garcia-de-alba-in-sicilia\/","title":{"rendered":"Visita del Embajador Garc\u00eda de Alba a Sicilia"},"content":{"rendered":"<p class=\"translation-block\"><strong>14:24 hrs.<\/strong> \u2013 Visita oficial en Palazzo d'Orl\u00e9ans de Palermo del embajador de M\u00e9xico en Italia, Carlos Garc\u00eda de Alba. Fue recibido, en la sede de la Regi\u00f3n de Sicilia, por el presidente Nello Musumeci.<\/p>\n\n\n\n<p>Entre los temas abordados durante el encuentro, el objetivo com\u00fan de fomentar oportunidades de inversi\u00f3n mutua en los sectores del turismo, la agricultura y el vino para mayores y futuras oportunidades de desarrollo e intercambio entre Sicilia y M\u00e9xico.<\/p>\n\n\n\n<p>\u00abLa Regi\u00f3n est\u00e1 preparada para promover e intensificar los encuentros, tanto en Sicilia como en M\u00e9xico\u00bb \u2014dijo Musumeci\u2014 \u00abtenemos toda la buena voluntad para organizar eventos con los operadores del sector tur\u00edstico, agr\u00edcola y vitivin\u00edcola, con la colaboraci\u00f3n y participaci\u00f3n de las asociaciones comerciales y empresariales\u00bb.<\/p>\n\n\n\n<p>El embajador quiso \u00abagradecer a la Regi\u00f3n de Sicilia la recepci\u00f3n de los 300 mexicanos que han elegido vivir en esta isla, de los cuales el 80 por ciento son mujeres. Todos se han integrado bien y se sienten muy c\u00f3modos\u00bb.<\/p>\n\n\n\n<p>El diplom\u00e1tico tambi\u00e9n anticip\u00f3 el pr\u00f3ximo nombramiento del c\u00f3nsul honorario de M\u00e9xico en Sicilia. \u00abDesde hace d\u00e9cadas tenemos un consulado honorario en Sicilia, con sede en Palermo, y ya se han iniciado los tr\u00e1mites para el nombramiento del nuevo c\u00f3nsul, Alberto Tasca d'Almerita, un joven empresario siciliano\u00bb. El gobernador felicit\u00f3 la elecci\u00f3n del candidato como testimonio del aprecio por Sicilia en el extranjero.<\/p>\n\n\n\n<p>El diplom\u00e1tico dirigi\u00f3 una invitaci\u00f3n formal al presidente Musumeci para una visita a M\u00e9xico y el 2 de julio en Roma con motivo de las celebraciones por el centenario de la embajada del pa\u00eds latinoamericano en v\u00eda Spallanzani.<\/p>\n\n\n\n<p><strong>La rueda de prensa<\/strong><\/p>\n\n\n\n<p>Antes de la visita al presidente de la Regi\u00f3n, Garc\u00eda de Alba se reuni\u00f3 con la prensa: \u00abTenemos intercambios comerciales por 50 millones de euros\u00bb \u2014explic\u00f3\u2014 \u00abel 90 por ciento son exportaciones sicilianas a M\u00e9xico, principalmente agroalimentarias, pero tambi\u00e9n de productos qu\u00edmicos y medicamentos. Nuestras ventas, en cambio, de s\u00f3lo el 10 por ciento, se refieren a autom\u00f3viles enviados a la isla. Cincuenta millones en total son todav\u00eda pocos, estoy aqu\u00ed para dialogar con instituciones y empresarios para aumentar esta cifra\u00bb.<\/p>\n\n\n\n<p>\u00abHablar con los empresarios es fundamental\u00bb \u2014agreg\u00f3 el embajador\u2014 \u00abpara que entiendan que la puerta de entrada para exportar a Estados Unidos es M\u00e9xico. Los aranceles suelen oscilar entre el 10 y el 25 por ciento. Podr\u00edan exportar libres de impuestos desde M\u00e9xico gracias al acuerdo marco que tenemos con Estados Unidos y Canad\u00e1. Los productores de vino italianos en general pagan impuestos elevados para ingresar al mercado estadounidense, pero haci\u00e9ndolo a trav\u00e9s de nosotros la ventaja ser\u00eda enorme. Por eso quiero dialogar con todos ellos. Queremos ser un centro log\u00edstico para Sicilia. Y, adem\u00e1s, emprender una colaboraci\u00f3n sobre tecnolog\u00edas y m\u00e9todos de cultivo. El nopal y el aguacate, por ejemplo, son productos originales mexicanos que tienen mucho \u00e9xito en la isla. Intercambiemos investigaciones y conocimientos\u00bb.<\/p>\n\n\n\n<p>Garc\u00eda de Alba tambi\u00e9n habl\u00f3 de turismo: \u00abSon muy pocos los mexicanos que vienen a Sicilia y a\u00fan menos los sicilianos que van de vacaciones a M\u00e9xico. Me convert\u00ed en mensajero ante ITA, a nivel nacional, para solicitar el establecimiento de un vuelo diario y directo Italia-M\u00e9xico. Me dieron a entender que no est\u00e1entre los planes inmediatos de la compa\u00f1\u00eda. Estoy tratando de moverme de otra manera\u00bb.<\/p>\n\n\n\n<p class=\"translation-block\">Ma\u00f1ana, 11 de marzo de 2022 a las 19 hrs. (las 12 del d\u00eda en el centro de M\u00e9xico), Garc\u00eda de Alba se reunir\u00e1 con la comunidad mexicana en Sicilia en Via dei Fiori 13, Palermo. El evento podr\u00e1 seguirse v\u00eda Zoom en este enlace: <a href=\"https:\/\/t.co\/Ms7nmPiHfe\" target=\"_blank\" rel=\"noreferrer noopener\">https:\/\/t.co\/Ms7nmPiHfe<\/a><\/p>\n\n\n\n<div style=\"height:12px\" aria-hidden=\"true\" class=\"wp-block-spacer\"><\/div>\n\n\n\n\n\n<div style=\"height:12px\" aria-hidden=\"true\" class=\"wp-block-spacer\"><\/div>","protected":false},"excerpt":{"rendered":"<p>Ore 14.24 &#8211; Visita ufficiale al Palazzo d&#8217;Orl\u00e9ans, a Palermo, per l&#8217;ambasciatore del Messico in Italia, Carlos Garc\u00eda de Alba. A riceverlo, nella sede della Regione siciliana, il presidente Nello Musumeci. Fra i temi affrontati nel corso dell&#8217;incontro, l&#8217;obiettivo comune di incentivare le opportunit\u00e0 reciproche di investimento del settore turistico, dell&#8217;agricoltura e del vino per maggiori e future occasioni di sviluppo e scambio fra la Sicilia e il Messico. \u00abLa Regione \u00e8 pronta a promuovere e intensificare gli incontri, sia in Sicilia che in Messico\u00bb \u2014ha detto Musumeci\u2014 \u00ababbiamo tutta la buona volont\u00e0 di organizzare eventi con operatori del turismo,&#8230; <\/p>","protected":false},"author":2,"featured_media":3851,"comment_status":"open","ping_status":"open","sticky":false,"template":"","format":"standard","meta":{"_monsterinsights_skip_tracking":false,"_monsterinsights_sitenote_active":false,"_monsterinsights_sitenote_note":"","_monsterinsights_sitenote_category":0,"footnotes":""},"categories":[6],"tags":[],"class_list":["post-3849","post","type-post","status-publish","format-standard","has-post-thumbnail","hentry","category-messico-in-italia"],"yoast_head":"<!-- This site is optimized with the Yoast SEO Premium plugin v18.4 (Yoast SEO v25.6) - https:\/\/yoast.com\/wordpress\/plugins\/seo\/ -->\n<title>Visita dell&#039;Ambasciatore Garc\u00eda de Alba in Sicilia Puntodincontro<\/title>\n<meta name=\"description\" content=\"Visita ufficiale al Palazzo d&#039;Orl\u00e9ans, a Palermo, per l&#039;ambasciatore del Messico in Italia, Carlos Garc\u00eda de Alba. A riceverlo, nella sede della Regione siciliana, il presidente Nello Musumeci.\" \/>\n<meta name=\"robots\" content=\"index, follow, max-snippet:-1, max-image-preview:large, max-video-preview:-1\" \/>\n<link rel=\"canonical\" href=\"https:\/\/puntodincontro.mx\/es\/2022\/03\/10\/visita-del-embajador-garcia-de-alba-a-sicilia\/\" \/>\n<meta property=\"og:locale\" content=\"es_MX\" \/>\n<meta property=\"og:type\" content=\"article\" \/>\n<meta property=\"og:title\" content=\"Visita dell&#039;Ambasciatore Garc\u00eda de Alba in Sicilia\" \/>\n<meta property=\"og:description\" content=\"Visita ufficiale al Palazzo d&#039;Orl\u00e9ans, a Palermo, per l&#039;ambasciatore del Messico in Italia, Carlos Garc\u00eda de Alba. A riceverlo, nella sede della Regione siciliana, il presidente Nello Musumeci.\" \/>\n<meta property=\"og:url\" content=\"https:\/\/puntodincontro.mx\/es\/2022\/03\/10\/visita-del-embajador-garcia-de-alba-a-sicilia\/\" \/>\n<meta property=\"og:site_name\" content=\"Puntodincontro\" \/>\n<meta property=\"article:publisher\" content=\"https:\/\/www.facebook.com\/puntodincontro.mx\" \/>\n<meta property=\"article:published_time\" content=\"2022-03-10T20:35:11+00:00\" \/>\n<meta property=\"article:modified_time\" content=\"2022-03-10T23:35:56+00:00\" \/>\n<meta property=\"og:image\" content=\"https:\/\/puntodincontro.mx\/wp-content\/uploads\/2022\/03\/garciadealbamusumecivert.webp\" \/>\n\t<meta property=\"og:image:width\" content=\"423\" \/>\n\t<meta property=\"og:image:height\" content=\"488\" \/>\n\t<meta property=\"og:image:type\" content=\"image\/webp\" \/>\n<meta name=\"author\" content=\"Puntodincontro\" \/>\n<meta name=\"twitter:card\" content=\"summary_large_image\" \/>\n<meta name=\"twitter:creator\" content=\"@puntodincontro\" \/>\n<meta name=\"twitter:site\" content=\"@puntodincontro\" \/>\n<meta name=\"twitter:label1\" content=\"Escrito por\" \/>\n\t<meta name=\"twitter:data1\" content=\"Puntodincontro\" \/>\n\t<meta name=\"twitter:label2\" content=\"Tiempo de lectura\" \/>\n\t<meta name=\"twitter:data2\" content=\"3 minutos\" \/>\n<script type=\"application\/ld+json\" class=\"yoast-schema-graph\">{\"@context\":\"https:\/\/schema.org\",\"@graph\":[{\"@type\":\"NewsArticle\",\"@id\":\"https:\/\/puntodincontro.mx\/2022\/03\/10\/visita-dellambasciatore-garcia-de-alba-in-sicilia\/#article\",\"isPartOf\":{\"@id\":\"https:\/\/puntodincontro.mx\/2022\/03\/10\/visita-dellambasciatore-garcia-de-alba-in-sicilia\/\"},\"author\":{\"name\":\"Puntodincontro\",\"@id\":\"https:\/\/puntodincontro.mx\/#\/schema\/person\/d3066d18a16259cbb0c29b0d0e93b556\"},\"headline\":\"Visita dell&#8217;Ambasciatore Garc\u00eda de Alba in Sicilia\",\"datePublished\":\"2022-03-10T20:35:11+00:00\",\"dateModified\":\"2022-03-10T23:35:56+00:00\",\"mainEntityOfPage\":{\"@id\":\"https:\/\/puntodincontro.mx\/2022\/03\/10\/visita-dellambasciatore-garcia-de-alba-in-sicilia\/\"},\"wordCount\":569,\"commentCount\":0,\"publisher\":{\"@id\":\"https:\/\/puntodincontro.mx\/#organization\"},\"image\":{\"@id\":\"https:\/\/puntodincontro.mx\/2022\/03\/10\/visita-dellambasciatore-garcia-de-alba-in-sicilia\/#primaryimage\"},\"thumbnailUrl\":\"https:\/\/puntodincontro.mx\/wp-content\/uploads\/2022\/03\/garciadealbamusumecivert.webp\",\"articleSection\":[\"Messico in Italia\"],\"inLanguage\":\"es\",\"potentialAction\":[{\"@type\":\"CommentAction\",\"name\":\"Comment\",\"target\":[\"https:\/\/puntodincontro.mx\/2022\/03\/10\/visita-dellambasciatore-garcia-de-alba-in-sicilia\/#respond\"]}]},{\"@type\":\"WebPage\",\"@id\":\"https:\/\/puntodincontro.mx\/2022\/03\/10\/visita-dellambasciatore-garcia-de-alba-in-sicilia\/\",\"url\":\"https:\/\/puntodincontro.mx\/2022\/03\/10\/visita-dellambasciatore-garcia-de-alba-in-sicilia\/\",\"name\":\"Visita dell'Ambasciatore Garc\u00eda de Alba in Sicilia Puntodincontro\",\"isPartOf\":{\"@id\":\"https:\/\/puntodincontro.mx\/#website\"},\"primaryImageOfPage\":{\"@id\":\"https:\/\/puntodincontro.mx\/2022\/03\/10\/visita-dellambasciatore-garcia-de-alba-in-sicilia\/#primaryimage\"},\"image\":{\"@id\":\"https:\/\/puntodincontro.mx\/2022\/03\/10\/visita-dellambasciatore-garcia-de-alba-in-sicilia\/#primaryimage\"},\"thumbnailUrl\":\"https:\/\/puntodincontro.mx\/wp-content\/uploads\/2022\/03\/garciadealbamusumecivert.webp\",\"datePublished\":\"2022-03-10T20:35:11+00:00\",\"dateModified\":\"2022-03-10T23:35:56+00:00\",\"description\":\"Visita ufficiale al Palazzo d'Orl\u00e9ans, a Palermo, per l'ambasciatore del Messico in Italia, Carlos Garc\u00eda de Alba. A riceverlo, nella sede della Regione siciliana, il presidente Nello Musumeci.\",\"breadcrumb\":{\"@id\":\"https:\/\/puntodincontro.mx\/2022\/03\/10\/visita-dellambasciatore-garcia-de-alba-in-sicilia\/#breadcrumb\"},\"inLanguage\":\"es\",\"potentialAction\":[{\"@type\":\"ReadAction\",\"target\":[\"https:\/\/puntodincontro.mx\/2022\/03\/10\/visita-dellambasciatore-garcia-de-alba-in-sicilia\/\"]}]},{\"@type\":\"ImageObject\",\"inLanguage\":\"es\",\"@id\":\"https:\/\/puntodincontro.mx\/2022\/03\/10\/visita-dellambasciatore-garcia-de-alba-in-sicilia\/#primaryimage\",\"url\":\"https:\/\/puntodincontro.mx\/wp-content\/uploads\/2022\/03\/garciadealbamusumecivert.webp\",\"contentUrl\":\"https:\/\/puntodincontro.mx\/wp-content\/uploads\/2022\/03\/garciadealbamusumecivert.webp\",\"width\":423,\"height\":488,\"caption\":\"Visita dell'Ambasciatore Garc\u00eda de Alba in Sicilia\"},{\"@type\":\"BreadcrumbList\",\"@id\":\"https:\/\/puntodincontro.mx\/2022\/03\/10\/visita-dellambasciatore-garcia-de-alba-in-sicilia\/#breadcrumb\",\"itemListElement\":[{\"@type\":\"ListItem\",\"position\":1,\"name\":\"Home\",\"item\":\"https:\/\/puntodincontro.mx\/\"},{\"@type\":\"ListItem\",\"position\":2,\"name\":\"Visita dell&#8217;Ambasciatore Garc\u00eda de Alba in Sicilia\"}]},{\"@type\":\"WebSite\",\"@id\":\"https:\/\/puntodincontro.mx\/#website\",\"url\":\"https:\/\/puntodincontro.mx\/\",\"name\":\"Puntodincontro\",\"description\":\"Dal 2006 notizie sui rapporti Italia-Messico \/ Desde 2006 noticias sobre las relaciones entre Italia y M\u00e9xico\",\"publisher\":{\"@id\":\"https:\/\/puntodincontro.mx\/#organization\"},\"potentialAction\":[{\"@type\":\"SearchAction\",\"target\":{\"@type\":\"EntryPoint\",\"urlTemplate\":\"https:\/\/puntodincontro.mx\/?s={search_term_string}\"},\"query-input\":{\"@type\":\"PropertyValueSpecification\",\"valueRequired\":true,\"valueName\":\"search_term_string\"}}],\"inLanguage\":\"es\"},{\"@type\":\"Organization\",\"@id\":\"https:\/\/puntodincontro.mx\/#organization\",\"name\":\"Puntodincontro\",\"url\":\"https:\/\/puntodincontro.mx\/\",\"logo\":{\"@type\":\"ImageObject\",\"inLanguage\":\"es\",\"@id\":\"https:\/\/puntodincontro.mx\/#\/schema\/logo\/image\/\",\"url\":\"https:\/\/puntodincontro.mx\/wp-content\/uploads\/2021\/08\/Default-image-for-open-graph-settings.jpg\",\"contentUrl\":\"https:\/\/puntodincontro.mx\/wp-content\/uploads\/2021\/08\/Default-image-for-open-graph-settings.jpg\",\"width\":1200,\"height\":630,\"caption\":\"Puntodincontro\"},\"image\":{\"@id\":\"https:\/\/puntodincontro.mx\/#\/schema\/logo\/image\/\"},\"sameAs\":[\"https:\/\/www.facebook.com\/puntodincontro.mx\",\"https:\/\/x.com\/puntodincontro\",\"https:\/\/www.instagram.com\/puntodincontro.mx\/\",\"https:\/\/www.linkedin.com\/company\/puntodincontro\/\",\"https:\/\/www.youtube.com\/c\/puntodincontromessico\",\"https:\/\/www.patreon.com\/puntodincontro\",\"https:\/\/www.threads.net\/@puntodincontro.mx\"]},{\"@type\":\"Person\",\"@id\":\"https:\/\/puntodincontro.mx\/#\/schema\/person\/d3066d18a16259cbb0c29b0d0e93b556\",\"name\":\"Puntodincontro\",\"image\":{\"@type\":\"ImageObject\",\"inLanguage\":\"es\",\"@id\":\"https:\/\/puntodincontro.mx\/#\/schema\/person\/image\/\",\"url\":\"https:\/\/secure.gravatar.com\/avatar\/0e85b4b3b5e9d6bfcec6a4956d8cc63a?s=96&d=mm&r=g\",\"contentUrl\":\"https:\/\/secure.gravatar.com\/avatar\/0e85b4b3b5e9d6bfcec6a4956d8cc63a?s=96&d=mm&r=g\",\"caption\":\"Puntodincontro\"},\"url\":\"https:\/\/puntodincontro.mx\/es\/author\/puntodincontro\/\"}]}<\/script>\n<!-- \/ Yoast SEO Premium plugin. -->","yoast_head_json":{"title":"Visita dell'Ambasciatore Garc\u00eda de Alba in Sicilia Puntodincontro","description":"Visita ufficiale al Palazzo d'Orl\u00e9ans, a Palermo, per l'ambasciatore del Messico in Italia, Carlos Garc\u00eda de Alba. A riceverlo, nella sede della Regione siciliana, il presidente Nello Musumeci.","robots":{"index":"index","follow":"follow","max-snippet":"max-snippet:-1","max-image-preview":"max-image-preview:large","max-video-preview":"max-video-preview:-1"},"canonical":"https:\/\/puntodincontro.mx\/es\/2022\/03\/10\/visita-del-embajador-garcia-de-alba-a-sicilia\/","og_locale":"es_MX","og_type":"article","og_title":"Visita dell'Ambasciatore Garc\u00eda de Alba in Sicilia","og_description":"Visita ufficiale al Palazzo d'Orl\u00e9ans, a Palermo, per l'ambasciatore del Messico in Italia, Carlos Garc\u00eda de Alba. A riceverlo, nella sede della Regione siciliana, il presidente Nello Musumeci.","og_url":"https:\/\/puntodincontro.mx\/es\/2022\/03\/10\/visita-del-embajador-garcia-de-alba-a-sicilia\/","og_site_name":"Puntodincontro","article_publisher":"https:\/\/www.facebook.com\/puntodincontro.mx","article_published_time":"2022-03-10T20:35:11+00:00","article_modified_time":"2022-03-10T23:35:56+00:00","og_image":[{"width":423,"height":488,"url":"https:\/\/puntodincontro.mx\/wp-content\/uploads\/2022\/03\/garciadealbamusumecivert.webp","type":"image\/webp"}],"author":"Puntodincontro","twitter_card":"summary_large_image","twitter_creator":"@puntodincontro","twitter_site":"@puntodincontro","twitter_misc":{"Escrito por":"Puntodincontro","Tiempo de lectura":"3 minutos"},"schema":{"@context":"https:\/\/schema.org","@graph":[{"@type":"NewsArticle","@id":"https:\/\/puntodincontro.mx\/2022\/03\/10\/visita-dellambasciatore-garcia-de-alba-in-sicilia\/#article","isPartOf":{"@id":"https:\/\/puntodincontro.mx\/2022\/03\/10\/visita-dellambasciatore-garcia-de-alba-in-sicilia\/"},"author":{"name":"Puntodincontro","@id":"https:\/\/puntodincontro.mx\/#\/schema\/person\/d3066d18a16259cbb0c29b0d0e93b556"},"headline":"Visita dell&#8217;Ambasciatore Garc\u00eda de Alba in Sicilia","datePublished":"2022-03-10T20:35:11+00:00","dateModified":"2022-03-10T23:35:56+00:00","mainEntityOfPage":{"@id":"https:\/\/puntodincontro.mx\/2022\/03\/10\/visita-dellambasciatore-garcia-de-alba-in-sicilia\/"},"wordCount":569,"commentCount":0,"publisher":{"@id":"https:\/\/puntodincontro.mx\/#organization"},"image":{"@id":"https:\/\/puntodincontro.mx\/2022\/03\/10\/visita-dellambasciatore-garcia-de-alba-in-sicilia\/#primaryimage"},"thumbnailUrl":"https:\/\/puntodincontro.mx\/wp-content\/uploads\/2022\/03\/garciadealbamusumecivert.webp","articleSection":["Messico in Italia"],"inLanguage":"es","potentialAction":[{"@type":"CommentAction","name":"Comment","target":["https:\/\/puntodincontro.mx\/2022\/03\/10\/visita-dellambasciatore-garcia-de-alba-in-sicilia\/#respond"]}]},{"@type":"WebPage","@id":"https:\/\/puntodincontro.mx\/2022\/03\/10\/visita-dellambasciatore-garcia-de-alba-in-sicilia\/","url":"https:\/\/puntodincontro.mx\/2022\/03\/10\/visita-dellambasciatore-garcia-de-alba-in-sicilia\/","name":"Visita dell'Ambasciatore Garc\u00eda de Alba in Sicilia Puntodincontro","isPartOf":{"@id":"https:\/\/puntodincontro.mx\/#website"},"primaryImageOfPage":{"@id":"https:\/\/puntodincontro.mx\/2022\/03\/10\/visita-dellambasciatore-garcia-de-alba-in-sicilia\/#primaryimage"},"image":{"@id":"https:\/\/puntodincontro.mx\/2022\/03\/10\/visita-dellambasciatore-garcia-de-alba-in-sicilia\/#primaryimage"},"thumbnailUrl":"https:\/\/puntodincontro.mx\/wp-content\/uploads\/2022\/03\/garciadealbamusumecivert.webp","datePublished":"2022-03-10T20:35:11+00:00","dateModified":"2022-03-10T23:35:56+00:00","description":"Visita ufficiale al Palazzo d'Orl\u00e9ans, a Palermo, per l'ambasciatore del Messico in Italia, Carlos Garc\u00eda de Alba. A riceverlo, nella sede della Regione siciliana, il presidente Nello Musumeci.","breadcrumb":{"@id":"https:\/\/puntodincontro.mx\/2022\/03\/10\/visita-dellambasciatore-garcia-de-alba-in-sicilia\/#breadcrumb"},"inLanguage":"es","potentialAction":[{"@type":"ReadAction","target":["https:\/\/puntodincontro.mx\/2022\/03\/10\/visita-dellambasciatore-garcia-de-alba-in-sicilia\/"]}]},{"@type":"ImageObject","inLanguage":"es","@id":"https:\/\/puntodincontro.mx\/2022\/03\/10\/visita-dellambasciatore-garcia-de-alba-in-sicilia\/#primaryimage","url":"https:\/\/puntodincontro.mx\/wp-content\/uploads\/2022\/03\/garciadealbamusumecivert.webp","contentUrl":"https:\/\/puntodincontro.mx\/wp-content\/uploads\/2022\/03\/garciadealbamusumecivert.webp","width":423,"height":488,"caption":"Visita dell'Ambasciatore Garc\u00eda de Alba in Sicilia"},{"@type":"BreadcrumbList","@id":"https:\/\/puntodincontro.mx\/2022\/03\/10\/visita-dellambasciatore-garcia-de-alba-in-sicilia\/#breadcrumb","itemListElement":[{"@type":"ListItem","position":1,"name":"Home","item":"https:\/\/puntodincontro.mx\/"},{"@type":"ListItem","position":2,"name":"Visita dell&#8217;Ambasciatore Garc\u00eda de Alba in Sicilia"}]},{"@type":"WebSite","@id":"https:\/\/puntodincontro.mx\/#website","url":"https:\/\/puntodincontro.mx\/","name":"Puntodincontro","description":"Desde el 2006 noticias sobre las relaciones entre Italia y M\u00e9xico \/ Dal 2006 notizie sui rapporti Italia-Messico","publisher":{"@id":"https:\/\/puntodincontro.mx\/#organization"},"potentialAction":[{"@type":"SearchAction","target":{"@type":"EntryPoint","urlTemplate":"https:\/\/puntodincontro.mx\/?s={search_term_string}"},"query-input":{"@type":"PropertyValueSpecification","valueRequired":true,"valueName":"search_term_string"}}],"inLanguage":"es"},{"@type":"Organization","@id":"https:\/\/puntodincontro.mx\/#organization","name":"Puntodincontro","url":"https:\/\/puntodincontro.mx\/","logo":{"@type":"ImageObject","inLanguage":"es","@id":"https:\/\/puntodincontro.mx\/#\/schema\/logo\/image\/","url":"https:\/\/puntodincontro.mx\/wp-content\/uploads\/2021\/08\/Default-image-for-open-graph-settings.jpg","contentUrl":"https:\/\/puntodincontro.mx\/wp-content\/uploads\/2021\/08\/Default-image-for-open-graph-settings.jpg","width":1200,"height":630,"caption":"Puntodincontro"},"image":{"@id":"https:\/\/puntodincontro.mx\/#\/schema\/logo\/image\/"},"sameAs":["https:\/\/www.facebook.com\/puntodincontro.mx","https:\/\/x.com\/puntodincontro","https:\/\/www.instagram.com\/puntodincontro.mx\/","https:\/\/www.linkedin.com\/company\/puntodincontro\/","https:\/\/www.youtube.com\/c\/puntodincontromessico","https:\/\/www.patreon.com\/puntodincontro","https:\/\/www.threads.net\/@puntodincontro.mx"]},{"@type":"Person","@id":"https:\/\/puntodincontro.mx\/#\/schema\/person\/d3066d18a16259cbb0c29b0d0e93b556","name":"Puntodincontro","image":{"@type":"ImageObject","inLanguage":"es","@id":"https:\/\/puntodincontro.mx\/#\/schema\/person\/image\/","url":"https:\/\/secure.gravatar.com\/avatar\/0e85b4b3b5e9d6bfcec6a4956d8cc63a?s=96&d=mm&r=g","contentUrl":"https:\/\/secure.gravatar.com\/avatar\/0e85b4b3b5e9d6bfcec6a4956d8cc63a?s=96&d=mm&r=g","caption":"Puntodincontro"},"url":"https:\/\/puntodincontro.mx\/es\/author\/puntodincontro\/"}]}},"_links":{"self":[{"href":"https:\/\/puntodincontro.mx\/es\/wp-json\/wp\/v2\/posts\/3849"}],"collection":[{"href":"https:\/\/puntodincontro.mx\/es\/wp-json\/wp\/v2\/posts"}],"about":[{"href":"https:\/\/puntodincontro.mx\/es\/wp-json\/wp\/v2\/types\/post"}],"author":[{"embeddable":true,"href":"https:\/\/puntodincontro.mx\/es\/wp-json\/wp\/v2\/users\/2"}],"replies":[{"embeddable":true,"href":"https:\/\/puntodincontro.mx\/es\/wp-json\/wp\/v2\/comments?post=3849"}],"version-history":[{"count":5,"href":"https:\/\/puntodincontro.mx\/es\/wp-json\/wp\/v2\/posts\/3849\/revisions"}],"predecessor-version":[{"id":3861,"href":"https:\/\/puntodincontro.mx\/es\/wp-json\/wp\/v2\/posts\/3849\/revisions\/3861"}],"wp:featuredmedia":[{"embeddable":true,"href":"https:\/\/puntodincontro.mx\/es\/wp-json\/wp\/v2\/media\/3851"}],"wp:attachment":[{"href":"https:\/\/puntodincontro.mx\/es\/wp-json\/wp\/v2\/media?parent=3849"}],"wp:term":[{"taxonomy":"category","embeddable":true,"href":"https:\/\/puntodincontro.mx\/es\/wp-json\/wp\/v2\/categories?post=3849"},{"taxonomy":"post_tag","embeddable":true,"href":"https:\/\/puntodincontro.mx\/es\/wp-json\/wp\/v2\/tags?post=3849"}],"curies":[{"name":"wp","href":"https:\/\/api.w.org\/{rel}","templated":true}]}}