{"id":3940,"date":"2022-03-16T01:00:39","date_gmt":"2022-03-16T07:00:39","guid":{"rendered":"https:\/\/puntodincontro.mx\/?p=3940"},"modified":"2022-03-16T01:00:40","modified_gmt":"2022-03-16T07:00:40","slug":"suspenden-la-subasta-de-tres-piezas-arqueologicas-mexicanas-en-beligica","status":"publish","type":"post","link":"https:\/\/puntodincontro.mx\/es\/2022\/03\/16\/sospesa-lasta-di-tre-pezzi-archeologici-messicani-in-belgio\/","title":{"rendered":"Suspenden la subasta de tres piezas arqueol\u00f3gicas mexicanas en B\u00e9lgica"},"content":{"rendered":"<p class=\"translation-block\"><strong>00:47 hrs.<\/strong> \u2013 Las Secretar\u00edas de Estado de Cultura y Relaciones Exteriores de M\u00e9xico informaron que la casa de subastas Carlo Bonte de Brujas \u2014la capital de Flandes Occidental, en el noroeste de B\u00e9lgica\u2014 anunci\u00f3 que retirar\u00e1 de la subasta <em>Vente aux ench\u00e8res de beaux arts et d'antiquit\u00e9s<\/em> tres piezas arqueol\u00f3gicas que han sido clasificadas como propiedad del pa\u00eds latinoamericano, de conformidad con su Ley sobre monumentos y \u00e1reas arqueol\u00f3gicas, art\u00edsticas e hist\u00f3ricas.<\/p>\n\n\n\n<p>La Embajada de M\u00e9xico en B\u00e9lgica se comunic\u00f3 con la casa de subastas y expres\u00f3 la disconformidad de su gobierno con respecto a la \u00abcomercializaci\u00f3n de piezas arqueol\u00f3gicas en el exterior, as\u00ed como sus implicaciones negativas para la conservaci\u00f3n y difusi\u00f3n cultural\u00bb.<\/p>\n\n\n\n<p>Las autoridades belgas informaron que las piezas \u2014figuras zoomorfas en barro moldeado originarias del estado de Colima\u2014 podr\u00e1n ser comercializadas a condici\u00f3n de que sus propietarios presenten los correspondientes certificados de exportaci\u00f3n.<\/p>\n\n\n\n<p>El gobierno mexicano est\u00e1 realizando una activa campa\u00f1a en Europa y Estados Unidos para identificar las piezas vendidas ilegalmente. En los \u00faltimos meses, el pa\u00eds latino logr\u00f3 suspender una subasta en Italia y en febrero dos ciudadanos holandeses devolvieron 17 artefactos que ten\u00edan en su poder desde hace 30 a\u00f1os. La semana pasada se cancel\u00f3 la venta de una efigie de piedra que aparec\u00eda en el cat\u00e1logo de una empresa austriaca. Sin embargo, los esfuerzos de M\u00e9xico no fueron suficientes para detener, el pasado 28 de enero, la subasta de una treintena de piezas en la galer\u00eda francesa Millon.<\/p>\n\n\n\n<div style=\"height:12px\" aria-hidden=\"true\" class=\"wp-block-spacer\"><\/div>\n\n\n\n\n\n<div style=\"height:12px\" aria-hidden=\"true\" class=\"wp-block-spacer\"><\/div>","protected":false},"excerpt":{"rendered":"<p>Ore 00.47 &#8211; I ministeri federali messicani della Cultura e degli Affari esteri hanno riferito che la casa Carlo Bonte Auctions di Bruges \u2014capitale delle Fiandre Occidentali, nel nord-ovest del Belgio\u2014 ha annunciato che ritirer\u00e0 dall&#8217;asta Vente aux ench\u00e8res de beaux arts et d&#8217;antiquit\u00e9s tre pezzi archeologici che sono stati classificati come propriet\u00e0 del Paese latinoamericano, in conformit\u00e0 con la sua Legge sui monumenti e le zone archeologiche, artistiche e storiche. L&#8217;Ambasciata del Messico in Belgio ha contattato la casa d&#8217;aste ed ha espresso il disaccordo del suo governo riguardo alla \u00abcommercializzazione di pezzi archeologici all&#8217;estero, nonch\u00e9 alle loro implicazioni&#8230; <\/p>","protected":false},"author":2,"featured_media":3944,"comment_status":"open","ping_status":"open","sticky":false,"template":"","format":"standard","meta":{"_monsterinsights_skip_tracking":false,"_monsterinsights_sitenote_active":false,"_monsterinsights_sitenote_note":"","_monsterinsights_sitenote_category":0,"footnotes":""},"categories":[25],"tags":[],"class_list":["post-3940","post","type-post","status-publish","format-standard","has-post-thumbnail","hentry","category-cultura"],"yoast_head":"<!-- This site is optimized with the Yoast SEO Premium plugin v18.4 (Yoast SEO v25.6) - https:\/\/yoast.com\/wordpress\/plugins\/seo\/ -->\n<title>Sospesa l&#039;asta di tre pezzi archeologici messicani in Belgio Puntodincontro<\/title>\n<meta name=\"description\" content=\"I ministeri federali messicani della Cultura e degli Affari esteri hanno riferito che la casa Carlo Bonte Auctions di Bruges \u2014capitale delle Fiandre Occidentali, nel nord-ovest del Belgio\u2014 ha annunciato che ritirer\u00e0 dall&#039;asta Vente aux ench\u00e8res de beaux arts et d&#039;antiquit\u00e9s tre pezzi archeologici che sono stati classificati come propriet\u00e0 del Paese latinoamericano, in conformit\u00e0 con la sua Legge sui monumenti e le zone archeologiche, artistiche e storiche.\" \/>\n<meta name=\"robots\" content=\"index, follow, max-snippet:-1, max-image-preview:large, max-video-preview:-1\" \/>\n<link rel=\"canonical\" href=\"https:\/\/puntodincontro.mx\/es\/2022\/03\/16\/suspenden-la-subasta-de-tres-piezas-arqueologicas-mexicanas-en-beligica\/\" \/>\n<meta property=\"og:locale\" content=\"es_MX\" \/>\n<meta property=\"og:type\" content=\"article\" \/>\n<meta property=\"og:title\" content=\"Sospesa l&#039;asta di tre pezzi archeologici messicani in Belgio\" \/>\n<meta property=\"og:description\" content=\"I ministeri federali messicani della Cultura e degli Affari esteri hanno riferito che la casa Carlo Bonte Auctions di Bruges \u2014capitale delle Fiandre Occidentali, nel nord-ovest del Belgio\u2014 ha annunciato che ritirer\u00e0 dall&#039;asta Vente aux ench\u00e8res de beaux arts et d&#039;antiquit\u00e9s tre pezzi archeologici che sono stati classificati come propriet\u00e0 del Paese latinoamericano, in conformit\u00e0 con la sua Legge sui monumenti e le zone archeologiche, artistiche e storiche.\" \/>\n<meta property=\"og:url\" content=\"https:\/\/puntodincontro.mx\/es\/2022\/03\/16\/suspenden-la-subasta-de-tres-piezas-arqueologicas-mexicanas-en-beligica\/\" \/>\n<meta property=\"og:site_name\" content=\"Puntodincontro\" \/>\n<meta property=\"article:publisher\" content=\"https:\/\/www.facebook.com\/puntodincontro.mx\" \/>\n<meta property=\"article:published_time\" content=\"2022-03-16T07:00:39+00:00\" \/>\n<meta property=\"article:modified_time\" content=\"2022-03-16T07:00:40+00:00\" \/>\n<meta property=\"og:image\" content=\"https:\/\/puntodincontro.mx\/wp-content\/uploads\/2022\/03\/pezziarcheologicimessicanibelgiovert.webp\" \/>\n\t<meta property=\"og:image:width\" content=\"423\" \/>\n\t<meta property=\"og:image:height\" content=\"488\" \/>\n\t<meta property=\"og:image:type\" content=\"image\/webp\" \/>\n<meta name=\"author\" content=\"Puntodincontro\" \/>\n<meta name=\"twitter:card\" content=\"summary_large_image\" \/>\n<meta name=\"twitter:creator\" content=\"@puntodincontro\" \/>\n<meta name=\"twitter:site\" content=\"@puntodincontro\" \/>\n<meta name=\"twitter:label1\" content=\"Escrito por\" \/>\n\t<meta name=\"twitter:data1\" content=\"Puntodincontro\" \/>\n\t<meta name=\"twitter:label2\" content=\"Tiempo de lectura\" \/>\n\t<meta name=\"twitter:data2\" content=\"2 minutos\" \/>\n<script type=\"application\/ld+json\" class=\"yoast-schema-graph\">{\"@context\":\"https:\/\/schema.org\",\"@graph\":[{\"@type\":\"NewsArticle\",\"@id\":\"https:\/\/puntodincontro.mx\/2022\/03\/16\/sospesa-lasta-di-tre-pezzi-archeologici-messicani-in-belgio\/#article\",\"isPartOf\":{\"@id\":\"https:\/\/puntodincontro.mx\/2022\/03\/16\/sospesa-lasta-di-tre-pezzi-archeologici-messicani-in-belgio\/\"},\"author\":{\"name\":\"Puntodincontro\",\"@id\":\"https:\/\/puntodincontro.mx\/#\/schema\/person\/d3066d18a16259cbb0c29b0d0e93b556\"},\"headline\":\"Sospesa l&#8217;asta di tre pezzi archeologici messicani in Belgio\",\"datePublished\":\"2022-03-16T07:00:39+00:00\",\"dateModified\":\"2022-03-16T07:00:40+00:00\",\"mainEntityOfPage\":{\"@id\":\"https:\/\/puntodincontro.mx\/2022\/03\/16\/sospesa-lasta-di-tre-pezzi-archeologici-messicani-in-belgio\/\"},\"wordCount\":252,\"commentCount\":0,\"publisher\":{\"@id\":\"https:\/\/puntodincontro.mx\/#organization\"},\"image\":{\"@id\":\"https:\/\/puntodincontro.mx\/2022\/03\/16\/sospesa-lasta-di-tre-pezzi-archeologici-messicani-in-belgio\/#primaryimage\"},\"thumbnailUrl\":\"https:\/\/puntodincontro.mx\/wp-content\/uploads\/2022\/03\/pezziarcheologicimessicanibelgiovert.webp\",\"articleSection\":[\"Cultura\"],\"inLanguage\":\"es\",\"potentialAction\":[{\"@type\":\"CommentAction\",\"name\":\"Comment\",\"target\":[\"https:\/\/puntodincontro.mx\/2022\/03\/16\/sospesa-lasta-di-tre-pezzi-archeologici-messicani-in-belgio\/#respond\"]}]},{\"@type\":\"WebPage\",\"@id\":\"https:\/\/puntodincontro.mx\/2022\/03\/16\/sospesa-lasta-di-tre-pezzi-archeologici-messicani-in-belgio\/\",\"url\":\"https:\/\/puntodincontro.mx\/2022\/03\/16\/sospesa-lasta-di-tre-pezzi-archeologici-messicani-in-belgio\/\",\"name\":\"Sospesa l'asta di tre pezzi archeologici messicani in Belgio Puntodincontro\",\"isPartOf\":{\"@id\":\"https:\/\/puntodincontro.mx\/#website\"},\"primaryImageOfPage\":{\"@id\":\"https:\/\/puntodincontro.mx\/2022\/03\/16\/sospesa-lasta-di-tre-pezzi-archeologici-messicani-in-belgio\/#primaryimage\"},\"image\":{\"@id\":\"https:\/\/puntodincontro.mx\/2022\/03\/16\/sospesa-lasta-di-tre-pezzi-archeologici-messicani-in-belgio\/#primaryimage\"},\"thumbnailUrl\":\"https:\/\/puntodincontro.mx\/wp-content\/uploads\/2022\/03\/pezziarcheologicimessicanibelgiovert.webp\",\"datePublished\":\"2022-03-16T07:00:39+00:00\",\"dateModified\":\"2022-03-16T07:00:40+00:00\",\"description\":\"I ministeri federali messicani della Cultura e degli Affari esteri hanno riferito che la casa Carlo Bonte Auctions di Bruges \u2014capitale delle Fiandre Occidentali, nel nord-ovest del Belgio\u2014 ha annunciato che ritirer\u00e0 dall'asta Vente aux ench\u00e8res de beaux arts et d'antiquit\u00e9s tre pezzi archeologici che sono stati classificati come propriet\u00e0 del Paese latinoamericano, in conformit\u00e0 con la sua Legge sui monumenti e le zone archeologiche, artistiche e storiche.\",\"breadcrumb\":{\"@id\":\"https:\/\/puntodincontro.mx\/2022\/03\/16\/sospesa-lasta-di-tre-pezzi-archeologici-messicani-in-belgio\/#breadcrumb\"},\"inLanguage\":\"es\",\"potentialAction\":[{\"@type\":\"ReadAction\",\"target\":[\"https:\/\/puntodincontro.mx\/2022\/03\/16\/sospesa-lasta-di-tre-pezzi-archeologici-messicani-in-belgio\/\"]}]},{\"@type\":\"ImageObject\",\"inLanguage\":\"es\",\"@id\":\"https:\/\/puntodincontro.mx\/2022\/03\/16\/sospesa-lasta-di-tre-pezzi-archeologici-messicani-in-belgio\/#primaryimage\",\"url\":\"https:\/\/puntodincontro.mx\/wp-content\/uploads\/2022\/03\/pezziarcheologicimessicanibelgiovert.webp\",\"contentUrl\":\"https:\/\/puntodincontro.mx\/wp-content\/uploads\/2022\/03\/pezziarcheologicimessicanibelgiovert.webp\",\"width\":423,\"height\":488,\"caption\":\"Sospesa l'asta di tre pezzi archeologici messicani in Belgio\"},{\"@type\":\"BreadcrumbList\",\"@id\":\"https:\/\/puntodincontro.mx\/2022\/03\/16\/sospesa-lasta-di-tre-pezzi-archeologici-messicani-in-belgio\/#breadcrumb\",\"itemListElement\":[{\"@type\":\"ListItem\",\"position\":1,\"name\":\"Home\",\"item\":\"https:\/\/puntodincontro.mx\/\"},{\"@type\":\"ListItem\",\"position\":2,\"name\":\"Sospesa l&#8217;asta di tre pezzi archeologici messicani in Belgio\"}]},{\"@type\":\"WebSite\",\"@id\":\"https:\/\/puntodincontro.mx\/#website\",\"url\":\"https:\/\/puntodincontro.mx\/\",\"name\":\"Puntodincontro\",\"description\":\"Dal 2006 notizie sui rapporti Italia-Messico \/ Desde 2006 noticias sobre las relaciones entre Italia y M\u00e9xico\",\"publisher\":{\"@id\":\"https:\/\/puntodincontro.mx\/#organization\"},\"potentialAction\":[{\"@type\":\"SearchAction\",\"target\":{\"@type\":\"EntryPoint\",\"urlTemplate\":\"https:\/\/puntodincontro.mx\/?s={search_term_string}\"},\"query-input\":{\"@type\":\"PropertyValueSpecification\",\"valueRequired\":true,\"valueName\":\"search_term_string\"}}],\"inLanguage\":\"es\"},{\"@type\":\"Organization\",\"@id\":\"https:\/\/puntodincontro.mx\/#organization\",\"name\":\"Puntodincontro\",\"url\":\"https:\/\/puntodincontro.mx\/\",\"logo\":{\"@type\":\"ImageObject\",\"inLanguage\":\"es\",\"@id\":\"https:\/\/puntodincontro.mx\/#\/schema\/logo\/image\/\",\"url\":\"https:\/\/puntodincontro.mx\/wp-content\/uploads\/2021\/08\/Default-image-for-open-graph-settings.jpg\",\"contentUrl\":\"https:\/\/puntodincontro.mx\/wp-content\/uploads\/2021\/08\/Default-image-for-open-graph-settings.jpg\",\"width\":1200,\"height\":630,\"caption\":\"Puntodincontro\"},\"image\":{\"@id\":\"https:\/\/puntodincontro.mx\/#\/schema\/logo\/image\/\"},\"sameAs\":[\"https:\/\/www.facebook.com\/puntodincontro.mx\",\"https:\/\/x.com\/puntodincontro\",\"https:\/\/www.instagram.com\/puntodincontro.mx\/\",\"https:\/\/www.linkedin.com\/company\/puntodincontro\/\",\"https:\/\/www.youtube.com\/c\/puntodincontromessico\",\"https:\/\/www.patreon.com\/puntodincontro\",\"https:\/\/www.threads.net\/@puntodincontro.mx\"]},{\"@type\":\"Person\",\"@id\":\"https:\/\/puntodincontro.mx\/#\/schema\/person\/d3066d18a16259cbb0c29b0d0e93b556\",\"name\":\"Puntodincontro\",\"image\":{\"@type\":\"ImageObject\",\"inLanguage\":\"es\",\"@id\":\"https:\/\/puntodincontro.mx\/#\/schema\/person\/image\/\",\"url\":\"https:\/\/secure.gravatar.com\/avatar\/0e85b4b3b5e9d6bfcec6a4956d8cc63a?s=96&d=mm&r=g\",\"contentUrl\":\"https:\/\/secure.gravatar.com\/avatar\/0e85b4b3b5e9d6bfcec6a4956d8cc63a?s=96&d=mm&r=g\",\"caption\":\"Puntodincontro\"},\"url\":\"https:\/\/puntodincontro.mx\/es\/author\/puntodincontro\/\"}]}<\/script>\n<!-- \/ Yoast SEO Premium plugin. -->","yoast_head_json":{"title":"Sospesa l'asta di tre pezzi archeologici messicani in Belgio Puntodincontro","description":"I ministeri federali messicani della Cultura e degli Affari esteri hanno riferito che la casa Carlo Bonte Auctions di Bruges \u2014capitale delle Fiandre Occidentali, nel nord-ovest del Belgio\u2014 ha annunciato che ritirer\u00e0 dall'asta Vente aux ench\u00e8res de beaux arts et d'antiquit\u00e9s tre pezzi archeologici che sono stati classificati come propriet\u00e0 del Paese latinoamericano, in conformit\u00e0 con la sua Legge sui monumenti e le zone archeologiche, artistiche e storiche.","robots":{"index":"index","follow":"follow","max-snippet":"max-snippet:-1","max-image-preview":"max-image-preview:large","max-video-preview":"max-video-preview:-1"},"canonical":"https:\/\/puntodincontro.mx\/es\/2022\/03\/16\/suspenden-la-subasta-de-tres-piezas-arqueologicas-mexicanas-en-beligica\/","og_locale":"es_MX","og_type":"article","og_title":"Sospesa l'asta di tre pezzi archeologici messicani in Belgio","og_description":"I ministeri federali messicani della Cultura e degli Affari esteri hanno riferito che la casa Carlo Bonte Auctions di Bruges \u2014capitale delle Fiandre Occidentali, nel nord-ovest del Belgio\u2014 ha annunciato che ritirer\u00e0 dall'asta Vente aux ench\u00e8res de beaux arts et d'antiquit\u00e9s tre pezzi archeologici che sono stati classificati come propriet\u00e0 del Paese latinoamericano, in conformit\u00e0 con la sua Legge sui monumenti e le zone archeologiche, artistiche e storiche.","og_url":"https:\/\/puntodincontro.mx\/es\/2022\/03\/16\/suspenden-la-subasta-de-tres-piezas-arqueologicas-mexicanas-en-beligica\/","og_site_name":"Puntodincontro","article_publisher":"https:\/\/www.facebook.com\/puntodincontro.mx","article_published_time":"2022-03-16T07:00:39+00:00","article_modified_time":"2022-03-16T07:00:40+00:00","og_image":[{"width":423,"height":488,"url":"https:\/\/puntodincontro.mx\/wp-content\/uploads\/2022\/03\/pezziarcheologicimessicanibelgiovert.webp","type":"image\/webp"}],"author":"Puntodincontro","twitter_card":"summary_large_image","twitter_creator":"@puntodincontro","twitter_site":"@puntodincontro","twitter_misc":{"Escrito por":"Puntodincontro","Tiempo de lectura":"2 minutos"},"schema":{"@context":"https:\/\/schema.org","@graph":[{"@type":"NewsArticle","@id":"https:\/\/puntodincontro.mx\/2022\/03\/16\/sospesa-lasta-di-tre-pezzi-archeologici-messicani-in-belgio\/#article","isPartOf":{"@id":"https:\/\/puntodincontro.mx\/2022\/03\/16\/sospesa-lasta-di-tre-pezzi-archeologici-messicani-in-belgio\/"},"author":{"name":"Puntodincontro","@id":"https:\/\/puntodincontro.mx\/#\/schema\/person\/d3066d18a16259cbb0c29b0d0e93b556"},"headline":"Sospesa l&#8217;asta di tre pezzi archeologici messicani in Belgio","datePublished":"2022-03-16T07:00:39+00:00","dateModified":"2022-03-16T07:00:40+00:00","mainEntityOfPage":{"@id":"https:\/\/puntodincontro.mx\/2022\/03\/16\/sospesa-lasta-di-tre-pezzi-archeologici-messicani-in-belgio\/"},"wordCount":252,"commentCount":0,"publisher":{"@id":"https:\/\/puntodincontro.mx\/#organization"},"image":{"@id":"https:\/\/puntodincontro.mx\/2022\/03\/16\/sospesa-lasta-di-tre-pezzi-archeologici-messicani-in-belgio\/#primaryimage"},"thumbnailUrl":"https:\/\/puntodincontro.mx\/wp-content\/uploads\/2022\/03\/pezziarcheologicimessicanibelgiovert.webp","articleSection":["Cultura"],"inLanguage":"es","potentialAction":[{"@type":"CommentAction","name":"Comment","target":["https:\/\/puntodincontro.mx\/2022\/03\/16\/sospesa-lasta-di-tre-pezzi-archeologici-messicani-in-belgio\/#respond"]}]},{"@type":"WebPage","@id":"https:\/\/puntodincontro.mx\/2022\/03\/16\/sospesa-lasta-di-tre-pezzi-archeologici-messicani-in-belgio\/","url":"https:\/\/puntodincontro.mx\/2022\/03\/16\/sospesa-lasta-di-tre-pezzi-archeologici-messicani-in-belgio\/","name":"Sospesa l'asta di tre pezzi archeologici messicani in Belgio Puntodincontro","isPartOf":{"@id":"https:\/\/puntodincontro.mx\/#website"},"primaryImageOfPage":{"@id":"https:\/\/puntodincontro.mx\/2022\/03\/16\/sospesa-lasta-di-tre-pezzi-archeologici-messicani-in-belgio\/#primaryimage"},"image":{"@id":"https:\/\/puntodincontro.mx\/2022\/03\/16\/sospesa-lasta-di-tre-pezzi-archeologici-messicani-in-belgio\/#primaryimage"},"thumbnailUrl":"https:\/\/puntodincontro.mx\/wp-content\/uploads\/2022\/03\/pezziarcheologicimessicanibelgiovert.webp","datePublished":"2022-03-16T07:00:39+00:00","dateModified":"2022-03-16T07:00:40+00:00","description":"I ministeri federali messicani della Cultura e degli Affari esteri hanno riferito che la casa Carlo Bonte Auctions di Bruges \u2014capitale delle Fiandre Occidentali, nel nord-ovest del Belgio\u2014 ha annunciato che ritirer\u00e0 dall'asta Vente aux ench\u00e8res de beaux arts et d'antiquit\u00e9s tre pezzi archeologici che sono stati classificati come propriet\u00e0 del Paese latinoamericano, in conformit\u00e0 con la sua Legge sui monumenti e le zone archeologiche, artistiche e storiche.","breadcrumb":{"@id":"https:\/\/puntodincontro.mx\/2022\/03\/16\/sospesa-lasta-di-tre-pezzi-archeologici-messicani-in-belgio\/#breadcrumb"},"inLanguage":"es","potentialAction":[{"@type":"ReadAction","target":["https:\/\/puntodincontro.mx\/2022\/03\/16\/sospesa-lasta-di-tre-pezzi-archeologici-messicani-in-belgio\/"]}]},{"@type":"ImageObject","inLanguage":"es","@id":"https:\/\/puntodincontro.mx\/2022\/03\/16\/sospesa-lasta-di-tre-pezzi-archeologici-messicani-in-belgio\/#primaryimage","url":"https:\/\/puntodincontro.mx\/wp-content\/uploads\/2022\/03\/pezziarcheologicimessicanibelgiovert.webp","contentUrl":"https:\/\/puntodincontro.mx\/wp-content\/uploads\/2022\/03\/pezziarcheologicimessicanibelgiovert.webp","width":423,"height":488,"caption":"Sospesa l'asta di tre pezzi archeologici messicani in Belgio"},{"@type":"BreadcrumbList","@id":"https:\/\/puntodincontro.mx\/2022\/03\/16\/sospesa-lasta-di-tre-pezzi-archeologici-messicani-in-belgio\/#breadcrumb","itemListElement":[{"@type":"ListItem","position":1,"name":"Home","item":"https:\/\/puntodincontro.mx\/"},{"@type":"ListItem","position":2,"name":"Sospesa l&#8217;asta di tre pezzi archeologici messicani in Belgio"}]},{"@type":"WebSite","@id":"https:\/\/puntodincontro.mx\/#website","url":"https:\/\/puntodincontro.mx\/","name":"Puntodincontro","description":"Desde el 2006 noticias sobre las relaciones entre Italia y M\u00e9xico \/ Dal 2006 notizie sui rapporti Italia-Messico","publisher":{"@id":"https:\/\/puntodincontro.mx\/#organization"},"potentialAction":[{"@type":"SearchAction","target":{"@type":"EntryPoint","urlTemplate":"https:\/\/puntodincontro.mx\/?s={search_term_string}"},"query-input":{"@type":"PropertyValueSpecification","valueRequired":true,"valueName":"search_term_string"}}],"inLanguage":"es"},{"@type":"Organization","@id":"https:\/\/puntodincontro.mx\/#organization","name":"Puntodincontro","url":"https:\/\/puntodincontro.mx\/","logo":{"@type":"ImageObject","inLanguage":"es","@id":"https:\/\/puntodincontro.mx\/#\/schema\/logo\/image\/","url":"https:\/\/puntodincontro.mx\/wp-content\/uploads\/2021\/08\/Default-image-for-open-graph-settings.jpg","contentUrl":"https:\/\/puntodincontro.mx\/wp-content\/uploads\/2021\/08\/Default-image-for-open-graph-settings.jpg","width":1200,"height":630,"caption":"Puntodincontro"},"image":{"@id":"https:\/\/puntodincontro.mx\/#\/schema\/logo\/image\/"},"sameAs":["https:\/\/www.facebook.com\/puntodincontro.mx","https:\/\/x.com\/puntodincontro","https:\/\/www.instagram.com\/puntodincontro.mx\/","https:\/\/www.linkedin.com\/company\/puntodincontro\/","https:\/\/www.youtube.com\/c\/puntodincontromessico","https:\/\/www.patreon.com\/puntodincontro","https:\/\/www.threads.net\/@puntodincontro.mx"]},{"@type":"Person","@id":"https:\/\/puntodincontro.mx\/#\/schema\/person\/d3066d18a16259cbb0c29b0d0e93b556","name":"Puntodincontro","image":{"@type":"ImageObject","inLanguage":"es","@id":"https:\/\/puntodincontro.mx\/#\/schema\/person\/image\/","url":"https:\/\/secure.gravatar.com\/avatar\/0e85b4b3b5e9d6bfcec6a4956d8cc63a?s=96&d=mm&r=g","contentUrl":"https:\/\/secure.gravatar.com\/avatar\/0e85b4b3b5e9d6bfcec6a4956d8cc63a?s=96&d=mm&r=g","caption":"Puntodincontro"},"url":"https:\/\/puntodincontro.mx\/es\/author\/puntodincontro\/"}]}},"_links":{"self":[{"href":"https:\/\/puntodincontro.mx\/es\/wp-json\/wp\/v2\/posts\/3940"}],"collection":[{"href":"https:\/\/puntodincontro.mx\/es\/wp-json\/wp\/v2\/posts"}],"about":[{"href":"https:\/\/puntodincontro.mx\/es\/wp-json\/wp\/v2\/types\/post"}],"author":[{"embeddable":true,"href":"https:\/\/puntodincontro.mx\/es\/wp-json\/wp\/v2\/users\/2"}],"replies":[{"embeddable":true,"href":"https:\/\/puntodincontro.mx\/es\/wp-json\/wp\/v2\/comments?post=3940"}],"version-history":[{"count":3,"href":"https:\/\/puntodincontro.mx\/es\/wp-json\/wp\/v2\/posts\/3940\/revisions"}],"predecessor-version":[{"id":3945,"href":"https:\/\/puntodincontro.mx\/es\/wp-json\/wp\/v2\/posts\/3940\/revisions\/3945"}],"wp:featuredmedia":[{"embeddable":true,"href":"https:\/\/puntodincontro.mx\/es\/wp-json\/wp\/v2\/media\/3944"}],"wp:attachment":[{"href":"https:\/\/puntodincontro.mx\/es\/wp-json\/wp\/v2\/media?parent=3940"}],"wp:term":[{"taxonomy":"category","embeddable":true,"href":"https:\/\/puntodincontro.mx\/es\/wp-json\/wp\/v2\/categories?post=3940"},{"taxonomy":"post_tag","embeddable":true,"href":"https:\/\/puntodincontro.mx\/es\/wp-json\/wp\/v2\/tags?post=3940"}],"curies":[{"name":"wp","href":"https:\/\/api.w.org\/{rel}","templated":true}]}}