{"id":3946,"date":"2022-03-16T09:01:24","date_gmt":"2022-03-16T15:01:24","guid":{"rendered":"https:\/\/puntodincontro.mx\/?p=3946"},"modified":"2022-03-16T09:52:11","modified_gmt":"2022-03-16T15:52:11","slug":"la-migracion-en-mexico-vista-por-un-italiano-es-finalista-en-la-semana-negra-de-gijon","status":"publish","type":"post","link":"https:\/\/puntodincontro.mx\/es\/2022\/03\/16\/la-migrazione-in-messico-vista-da-un-italiano-e-finalista-alla-semana-negra-di-gijon\/","title":{"rendered":"La migraci\u00f3n en M\u00e9xico vista por un italiano es finalista en la \u201cSemana Negra\u201d de Gij\u00f3n"},"content":{"rendered":"<p class=\"translation-block\"><strong>08:48 hrs.<\/strong> \u2013 El libro <em>Aqu\u00ed acaba la patria<\/em> del periodista, documentalista, escritor, acad\u00e9mico, traductor y consultor italiano residente en M\u00e9xico Federico Mastrogiovanni fue incluido entre los finalistas del premio Rodolfo Walsh de la Semana Negra de Gij\u00f3n.<\/p>\n\n\n\n<p class=\"translation-block\">En los antiguos astilleros de este puerto mar\u00edtimo del Golfo de Vizcaya, en el principado de Asturias, tiene lugar cada a\u00f1o la fiesta literaria \u2014originalmente dedicada exclusivamente al g\u00e9nero negro\u2014 nacida en 1988 por iniciativa del escritor astur-mexicano Paco Ignacio Taibo II. A lo largo de los a\u00f1os, el evento se ha expandido a la ciencia ficci\u00f3n, la ficci\u00f3n y a los cuentos hist\u00f3ricos. Desde la primera edici\u00f3n de la rese\u00f1a se instituy\u00f3 en su contexto el premio Rodolfo Walsh, que se otorga en honor al hom\u00f3nimo periodista argentino a la mejor obra de no ficci\u00f3n escrita en espa\u00f1ol. Junto al volumen de Mastrogiovanni, compiten <em>La hermandad del mal<\/em>, di Cruz Morcillo; <em>El invencible verano de Liliana<\/em>, di Cristina Rivera Garza; <em>El contragolpe<\/em>, di Carlos Quilez y <em>La doble muerte di Unamuno<\/em>, di Manuel Mench\u00f3n y Luis Garc\u00eda Jambrina. El ganador ser\u00e1 anunciado en julio.<\/p>\n\n\n\n<p class=\"translation-block\">El escudo de armas de la ciudad norte\u00f1a de Tijuana tiene en el borde la frase <em>Aqu\u00ed empieza la patria<\/em>, locuci\u00f3n que la conocida urbe fronteriza replica tambi\u00e9n en las se\u00f1ales viales. Una reflexi\u00f3n sobre ese mensaje \u2014que para los migrantes que provienen del sur del pa\u00eds deber\u00eda convertirse en <em>Aqu\u00ed acaba la patria<\/em>\u2014 dio origen al m\u00e1s reciente libro, publicado hace poco m\u00e1s de tres meses, del autor nacido en Roma en 1979.<\/p>\n\n\n\n<p>El texto retrata al migrante a punto de cruzar la frontera, haciendo de esta obra una experiencia en primera persona. Las p\u00e1ginas del volumen describen c\u00f3mo las relaciones sociales entre quienes han decidido viajar a Estados Unidos influyen significativamente en la elecci\u00f3n de su lugar de destino.<\/p>\n\n\n\n<p>Mastrogiovanni es Licenciado en Sociolog\u00eda y en 2013 obtuvo una Maestr\u00eda en Estudios M\u00e9xico-Estados Unidos en la Facultad de Ciencias Pol\u00edticas y Sociales de la Universidad Nacional Aut\u00f3noma de M\u00e9xico. En 2021 consigui\u00f3, adem\u00e1s, los doctorados en Ciencias Pol\u00edticas y Comunicaci\u00f3n, respectivamente de la Universidad de Pisa, Italia, y de la Universidad Iberoamericana de la Ciudad de M\u00e9xico.<\/p>\n\n\n\n<p class=\"translation-block\">Adem\u00e1s de la obra finalista en Gij\u00f3n, es autor de los libros <em>El asesino que no seremos: biograf\u00eda melanc\u00f3lica de un pandillero<\/em> y <em>Ni vivos ni muertos: la desaparici\u00f3n forzada en M\u00e9xico como estrategia de terror<\/em>. De este \u00faltimo tambi\u00e9n se produjo un documental con el mismo t\u00edtulo.<\/p>\n\n\n\n<p>Reconocido en M\u00e9xico con el Premio Nacional de Periodismo en la categor\u00eda Entrevista, Mastrogiovanni ha colaborado en Italia, M\u00e9xico, Estados Unidos, Centroam\u00e9rica y el Caribe con los peri\u00f3dicos y revistas Gatopardo, Rolling Stone, GQ, Milenio, La Repubblica, Internazionale, Courrier Internationale, VICE News, Il Reportage, Il Manifesto, Il Riformista, Il Fatto Quotidiano, Loop, Carta, La Nuova Ecologia, la Jornada, Latinoamerica, Variopinto, A (corresponsal en M\u00e9xico), Publimetro (enviado especial a Haiti), Galatea, Esquire, America Latina y Pagina99, as\u00ed como varias estaciones de radio.<\/p>\n\n\n\n<p class=\"translation-block\">Ha sido profesor invitado en las Universidades de Bolonia y G\u00e9nova, en Italia y actualmente colabora con el peri\u00f3dico mexicano Milenio.<\/p>\n\n\n\n<p>Entre sus otras actividades se ha destacado como autor de traducciones al italiano y espa\u00f1ol de varios libros y publicaciones y como consultor y coordinador de proyectos para empresas en Italia, Argelia, T\u00fanez, Congo, Nigeria, Gab\u00f3n, Espa\u00f1a, Ecuador, Estados Unidos y Venezuela.<\/p>\n\n\n\n<div style=\"height:12px\" aria-hidden=\"true\" class=\"wp-block-spacer\"><\/div>\n\n\n\n\n\n<div style=\"height:12px\" aria-hidden=\"true\" class=\"wp-block-spacer\"><\/div>","protected":false},"excerpt":{"rendered":"<p>Ore 08.48 &#8211; Il libro Aqu\u00ed acaba la patria del giornalista, documentarista, scrittore, accademico, traduttore e consulente italiano residente in Messico Federico Mastrogiovanni \u00e8 stato incluso tra i finalisti del premio Rodolfo Walsh della Semana Negra di Gij\u00f3n. Nei vecchi cantieri navali di questo porto marittimo del golfo di Biscaglia, nel principato delle Asturie, si svolge ogni anno, infatti, il festival letterario \u2014originalmente dedicato esclusivamente al genere noir\u2014 nato nel 1988 su iniziativa dello scrittore asturiano-messicano Paco Ignacio Taibo II. Nel corso degli anni, l&#8217;evento si \u00e8 ampliato alla fantascienza, la narrativa e ai racconti storici. Fin dalla prima edizione&#8230; <\/p>","protected":false},"author":2,"featured_media":3952,"comment_status":"open","ping_status":"open","sticky":false,"template":"","format":"standard","meta":{"_monsterinsights_skip_tracking":false,"_monsterinsights_sitenote_active":false,"_monsterinsights_sitenote_note":"","_monsterinsights_sitenote_category":0,"footnotes":""},"categories":[25],"tags":[],"class_list":["post-3946","post","type-post","status-publish","format-standard","has-post-thumbnail","hentry","category-cultura"],"yoast_head":"<!-- This site is optimized with the Yoast SEO Premium plugin v18.4 (Yoast SEO v25.6) - https:\/\/yoast.com\/wordpress\/plugins\/seo\/ -->\n<title>La migrazione in Messico vista da un italiano \u00e8 finalista alla \u201cSemana Negra\u201d di Gij\u00f3n Puntodincontro<\/title>\n<meta name=\"description\" content=\"Il libro \u201cAqu\u00ed acaba la patria\u201d del giornalista, documentarista, scrittore, accademico, traduttore e consulente italiano residente in Messico Federico Mastrogiovanni \u00e8 stato incluso tra i finalisti del premio Rodolfo Walsh della Semana Negra di Gij\u00f3n.\" \/>\n<meta name=\"robots\" content=\"index, follow, max-snippet:-1, max-image-preview:large, max-video-preview:-1\" \/>\n<link rel=\"canonical\" href=\"https:\/\/puntodincontro.mx\/es\/2022\/03\/16\/la-migracion-en-mexico-vista-por-un-italiano-es-finalista-en-la-semana-negra-de-gijon\/\" \/>\n<meta property=\"og:locale\" content=\"es_MX\" \/>\n<meta property=\"og:type\" content=\"article\" \/>\n<meta property=\"og:title\" content=\"La migrazione in Messico vista da un italiano \u00e8 finalista alla \u201cSemana Negra\u201d di Gij\u00f3n\" \/>\n<meta property=\"og:description\" content=\"Il libro \u201cAqu\u00ed acaba la patria\u201d del giornalista, documentarista, scrittore, accademico, traduttore e consulente italiano residente in Messico Federico Mastrogiovanni \u00e8 stato incluso tra i finalisti del premio Rodolfo Walsh della Semana Negra di Gij\u00f3n.\" \/>\n<meta property=\"og:url\" content=\"https:\/\/puntodincontro.mx\/es\/2022\/03\/16\/la-migracion-en-mexico-vista-por-un-italiano-es-finalista-en-la-semana-negra-de-gijon\/\" \/>\n<meta property=\"og:site_name\" content=\"Puntodincontro\" \/>\n<meta property=\"article:publisher\" content=\"https:\/\/www.facebook.com\/puntodincontro.mx\" \/>\n<meta property=\"article:published_time\" content=\"2022-03-16T15:01:24+00:00\" \/>\n<meta property=\"article:modified_time\" content=\"2022-03-16T15:52:11+00:00\" \/>\n<meta property=\"og:image\" content=\"https:\/\/puntodincontro.mx\/wp-content\/uploads\/2022\/03\/settimananeragijonlibromastrogiovannivert.webp\" \/>\n\t<meta property=\"og:image:width\" content=\"423\" \/>\n\t<meta property=\"og:image:height\" content=\"488\" \/>\n\t<meta property=\"og:image:type\" content=\"image\/webp\" \/>\n<meta name=\"author\" content=\"Puntodincontro\" \/>\n<meta name=\"twitter:card\" content=\"summary_large_image\" \/>\n<meta name=\"twitter:creator\" content=\"@puntodincontro\" \/>\n<meta name=\"twitter:site\" content=\"@puntodincontro\" \/>\n<meta name=\"twitter:label1\" content=\"Escrito por\" \/>\n\t<meta name=\"twitter:data1\" content=\"Puntodincontro\" \/>\n\t<meta name=\"twitter:label2\" content=\"Tiempo de lectura\" \/>\n\t<meta name=\"twitter:data2\" content=\"3 minutos\" \/>\n<script type=\"application\/ld+json\" class=\"yoast-schema-graph\">{\"@context\":\"https:\/\/schema.org\",\"@graph\":[{\"@type\":\"NewsArticle\",\"@id\":\"https:\/\/puntodincontro.mx\/2022\/03\/16\/la-migrazione-in-messico-vista-da-un-italiano-e-finalista-alla-semana-negra-di-gijon\/#article\",\"isPartOf\":{\"@id\":\"https:\/\/puntodincontro.mx\/2022\/03\/16\/la-migrazione-in-messico-vista-da-un-italiano-e-finalista-alla-semana-negra-di-gijon\/\"},\"author\":{\"name\":\"Puntodincontro\",\"@id\":\"https:\/\/puntodincontro.mx\/#\/schema\/person\/d3066d18a16259cbb0c29b0d0e93b556\"},\"headline\":\"La migrazione in Messico vista da un italiano \u00e8 finalista alla \u201cSemana Negra\u201d di Gij\u00f3n\",\"datePublished\":\"2022-03-16T15:01:24+00:00\",\"dateModified\":\"2022-03-16T15:52:11+00:00\",\"mainEntityOfPage\":{\"@id\":\"https:\/\/puntodincontro.mx\/2022\/03\/16\/la-migrazione-in-messico-vista-da-un-italiano-e-finalista-alla-semana-negra-di-gijon\/\"},\"wordCount\":561,\"commentCount\":0,\"publisher\":{\"@id\":\"https:\/\/puntodincontro.mx\/#organization\"},\"image\":{\"@id\":\"https:\/\/puntodincontro.mx\/2022\/03\/16\/la-migrazione-in-messico-vista-da-un-italiano-e-finalista-alla-semana-negra-di-gijon\/#primaryimage\"},\"thumbnailUrl\":\"https:\/\/puntodincontro.mx\/wp-content\/uploads\/2022\/03\/settimananeragijonlibromastrogiovannivert.webp\",\"articleSection\":[\"Cultura\"],\"inLanguage\":\"es\",\"potentialAction\":[{\"@type\":\"CommentAction\",\"name\":\"Comment\",\"target\":[\"https:\/\/puntodincontro.mx\/2022\/03\/16\/la-migrazione-in-messico-vista-da-un-italiano-e-finalista-alla-semana-negra-di-gijon\/#respond\"]}]},{\"@type\":\"WebPage\",\"@id\":\"https:\/\/puntodincontro.mx\/2022\/03\/16\/la-migrazione-in-messico-vista-da-un-italiano-e-finalista-alla-semana-negra-di-gijon\/\",\"url\":\"https:\/\/puntodincontro.mx\/2022\/03\/16\/la-migrazione-in-messico-vista-da-un-italiano-e-finalista-alla-semana-negra-di-gijon\/\",\"name\":\"La migrazione in Messico vista da un italiano \u00e8 finalista alla \u201cSemana Negra\u201d di Gij\u00f3n Puntodincontro\",\"isPartOf\":{\"@id\":\"https:\/\/puntodincontro.mx\/#website\"},\"primaryImageOfPage\":{\"@id\":\"https:\/\/puntodincontro.mx\/2022\/03\/16\/la-migrazione-in-messico-vista-da-un-italiano-e-finalista-alla-semana-negra-di-gijon\/#primaryimage\"},\"image\":{\"@id\":\"https:\/\/puntodincontro.mx\/2022\/03\/16\/la-migrazione-in-messico-vista-da-un-italiano-e-finalista-alla-semana-negra-di-gijon\/#primaryimage\"},\"thumbnailUrl\":\"https:\/\/puntodincontro.mx\/wp-content\/uploads\/2022\/03\/settimananeragijonlibromastrogiovannivert.webp\",\"datePublished\":\"2022-03-16T15:01:24+00:00\",\"dateModified\":\"2022-03-16T15:52:11+00:00\",\"description\":\"Il libro \u201cAqu\u00ed acaba la patria\u201d del giornalista, documentarista, scrittore, accademico, traduttore e consulente italiano residente in Messico Federico Mastrogiovanni \u00e8 stato incluso tra i finalisti del premio Rodolfo Walsh della Semana Negra di Gij\u00f3n.\",\"breadcrumb\":{\"@id\":\"https:\/\/puntodincontro.mx\/2022\/03\/16\/la-migrazione-in-messico-vista-da-un-italiano-e-finalista-alla-semana-negra-di-gijon\/#breadcrumb\"},\"inLanguage\":\"es\",\"potentialAction\":[{\"@type\":\"ReadAction\",\"target\":[\"https:\/\/puntodincontro.mx\/2022\/03\/16\/la-migrazione-in-messico-vista-da-un-italiano-e-finalista-alla-semana-negra-di-gijon\/\"]}]},{\"@type\":\"ImageObject\",\"inLanguage\":\"es\",\"@id\":\"https:\/\/puntodincontro.mx\/2022\/03\/16\/la-migrazione-in-messico-vista-da-un-italiano-e-finalista-alla-semana-negra-di-gijon\/#primaryimage\",\"url\":\"https:\/\/puntodincontro.mx\/wp-content\/uploads\/2022\/03\/settimananeragijonlibromastrogiovannivert.webp\",\"contentUrl\":\"https:\/\/puntodincontro.mx\/wp-content\/uploads\/2022\/03\/settimananeragijonlibromastrogiovannivert.webp\",\"width\":423,\"height\":488},{\"@type\":\"BreadcrumbList\",\"@id\":\"https:\/\/puntodincontro.mx\/2022\/03\/16\/la-migrazione-in-messico-vista-da-un-italiano-e-finalista-alla-semana-negra-di-gijon\/#breadcrumb\",\"itemListElement\":[{\"@type\":\"ListItem\",\"position\":1,\"name\":\"Home\",\"item\":\"https:\/\/puntodincontro.mx\/\"},{\"@type\":\"ListItem\",\"position\":2,\"name\":\"La migrazione in Messico vista da un italiano \u00e8 finalista alla \u201cSemana Negra\u201d di Gij\u00f3n\"}]},{\"@type\":\"WebSite\",\"@id\":\"https:\/\/puntodincontro.mx\/#website\",\"url\":\"https:\/\/puntodincontro.mx\/\",\"name\":\"Puntodincontro\",\"description\":\"Dal 2006 notizie sui rapporti Italia-Messico \/ Desde 2006 noticias sobre las relaciones entre Italia y M\u00e9xico\",\"publisher\":{\"@id\":\"https:\/\/puntodincontro.mx\/#organization\"},\"potentialAction\":[{\"@type\":\"SearchAction\",\"target\":{\"@type\":\"EntryPoint\",\"urlTemplate\":\"https:\/\/puntodincontro.mx\/?s={search_term_string}\"},\"query-input\":{\"@type\":\"PropertyValueSpecification\",\"valueRequired\":true,\"valueName\":\"search_term_string\"}}],\"inLanguage\":\"es\"},{\"@type\":\"Organization\",\"@id\":\"https:\/\/puntodincontro.mx\/#organization\",\"name\":\"Puntodincontro\",\"url\":\"https:\/\/puntodincontro.mx\/\",\"logo\":{\"@type\":\"ImageObject\",\"inLanguage\":\"es\",\"@id\":\"https:\/\/puntodincontro.mx\/#\/schema\/logo\/image\/\",\"url\":\"https:\/\/puntodincontro.mx\/wp-content\/uploads\/2021\/08\/Default-image-for-open-graph-settings.jpg\",\"contentUrl\":\"https:\/\/puntodincontro.mx\/wp-content\/uploads\/2021\/08\/Default-image-for-open-graph-settings.jpg\",\"width\":1200,\"height\":630,\"caption\":\"Puntodincontro\"},\"image\":{\"@id\":\"https:\/\/puntodincontro.mx\/#\/schema\/logo\/image\/\"},\"sameAs\":[\"https:\/\/www.facebook.com\/puntodincontro.mx\",\"https:\/\/x.com\/puntodincontro\",\"https:\/\/www.instagram.com\/puntodincontro.mx\/\",\"https:\/\/www.linkedin.com\/company\/puntodincontro\/\",\"https:\/\/www.youtube.com\/c\/puntodincontromessico\",\"https:\/\/www.patreon.com\/puntodincontro\",\"https:\/\/www.threads.net\/@puntodincontro.mx\"]},{\"@type\":\"Person\",\"@id\":\"https:\/\/puntodincontro.mx\/#\/schema\/person\/d3066d18a16259cbb0c29b0d0e93b556\",\"name\":\"Puntodincontro\",\"image\":{\"@type\":\"ImageObject\",\"inLanguage\":\"es\",\"@id\":\"https:\/\/puntodincontro.mx\/#\/schema\/person\/image\/\",\"url\":\"https:\/\/secure.gravatar.com\/avatar\/0e85b4b3b5e9d6bfcec6a4956d8cc63a?s=96&d=mm&r=g\",\"contentUrl\":\"https:\/\/secure.gravatar.com\/avatar\/0e85b4b3b5e9d6bfcec6a4956d8cc63a?s=96&d=mm&r=g\",\"caption\":\"Puntodincontro\"},\"url\":\"https:\/\/puntodincontro.mx\/es\/author\/puntodincontro\/\"}]}<\/script>\n<!-- \/ Yoast SEO Premium plugin. -->","yoast_head_json":{"title":"La migrazione in Messico vista da un italiano \u00e8 finalista alla \u201cSemana Negra\u201d di Gij\u00f3n Puntodincontro","description":"El libro \u201cAqu\u00ed acaba la patria\u201d del periodista, documentalista, escritor, acad\u00e9mico, traductor y consultor italiano residente en M\u00e9xico Federico Mastrogiovanni fue incluido entre los finalistas del premio Rodolfo Walsh de la Semana Negra de Gij\u00f3n.","robots":{"index":"index","follow":"follow","max-snippet":"max-snippet:-1","max-image-preview":"max-image-preview:large","max-video-preview":"max-video-preview:-1"},"canonical":"https:\/\/puntodincontro.mx\/es\/2022\/03\/16\/la-migracion-en-mexico-vista-por-un-italiano-es-finalista-en-la-semana-negra-de-gijon\/","og_locale":"es_MX","og_type":"article","og_title":"La migrazione in Messico vista da un italiano \u00e8 finalista alla \u201cSemana Negra\u201d di Gij\u00f3n","og_description":"Il libro \u201cAqu\u00ed acaba la patria\u201d del giornalista, documentarista, scrittore, accademico, traduttore e consulente italiano residente in Messico Federico Mastrogiovanni \u00e8 stato incluso tra i finalisti del premio Rodolfo Walsh della Semana Negra di Gij\u00f3n.","og_url":"https:\/\/puntodincontro.mx\/es\/2022\/03\/16\/la-migracion-en-mexico-vista-por-un-italiano-es-finalista-en-la-semana-negra-de-gijon\/","og_site_name":"Puntodincontro","article_publisher":"https:\/\/www.facebook.com\/puntodincontro.mx","article_published_time":"2022-03-16T15:01:24+00:00","article_modified_time":"2022-03-16T15:52:11+00:00","og_image":[{"width":423,"height":488,"url":"https:\/\/puntodincontro.mx\/wp-content\/uploads\/2022\/03\/settimananeragijonlibromastrogiovannivert.webp","type":"image\/webp"}],"author":"Puntodincontro","twitter_card":"summary_large_image","twitter_creator":"@puntodincontro","twitter_site":"@puntodincontro","twitter_misc":{"Escrito por":"Puntodincontro","Tiempo de lectura":"3 minutos"},"schema":{"@context":"https:\/\/schema.org","@graph":[{"@type":"NewsArticle","@id":"https:\/\/puntodincontro.mx\/2022\/03\/16\/la-migrazione-in-messico-vista-da-un-italiano-e-finalista-alla-semana-negra-di-gijon\/#article","isPartOf":{"@id":"https:\/\/puntodincontro.mx\/2022\/03\/16\/la-migrazione-in-messico-vista-da-un-italiano-e-finalista-alla-semana-negra-di-gijon\/"},"author":{"name":"Puntodincontro","@id":"https:\/\/puntodincontro.mx\/#\/schema\/person\/d3066d18a16259cbb0c29b0d0e93b556"},"headline":"La migrazione in Messico vista da un italiano \u00e8 finalista alla \u201cSemana Negra\u201d di Gij\u00f3n","datePublished":"2022-03-16T15:01:24+00:00","dateModified":"2022-03-16T15:52:11+00:00","mainEntityOfPage":{"@id":"https:\/\/puntodincontro.mx\/2022\/03\/16\/la-migrazione-in-messico-vista-da-un-italiano-e-finalista-alla-semana-negra-di-gijon\/"},"wordCount":561,"commentCount":0,"publisher":{"@id":"https:\/\/puntodincontro.mx\/#organization"},"image":{"@id":"https:\/\/puntodincontro.mx\/2022\/03\/16\/la-migrazione-in-messico-vista-da-un-italiano-e-finalista-alla-semana-negra-di-gijon\/#primaryimage"},"thumbnailUrl":"https:\/\/puntodincontro.mx\/wp-content\/uploads\/2022\/03\/settimananeragijonlibromastrogiovannivert.webp","articleSection":["Cultura"],"inLanguage":"es","potentialAction":[{"@type":"CommentAction","name":"Comment","target":["https:\/\/puntodincontro.mx\/2022\/03\/16\/la-migrazione-in-messico-vista-da-un-italiano-e-finalista-alla-semana-negra-di-gijon\/#respond"]}]},{"@type":"WebPage","@id":"https:\/\/puntodincontro.mx\/2022\/03\/16\/la-migrazione-in-messico-vista-da-un-italiano-e-finalista-alla-semana-negra-di-gijon\/","url":"https:\/\/puntodincontro.mx\/2022\/03\/16\/la-migrazione-in-messico-vista-da-un-italiano-e-finalista-alla-semana-negra-di-gijon\/","name":"La migrazione in Messico vista da un italiano \u00e8 finalista alla \u201cSemana Negra\u201d di Gij\u00f3n Puntodincontro","isPartOf":{"@id":"https:\/\/puntodincontro.mx\/#website"},"primaryImageOfPage":{"@id":"https:\/\/puntodincontro.mx\/2022\/03\/16\/la-migrazione-in-messico-vista-da-un-italiano-e-finalista-alla-semana-negra-di-gijon\/#primaryimage"},"image":{"@id":"https:\/\/puntodincontro.mx\/2022\/03\/16\/la-migrazione-in-messico-vista-da-un-italiano-e-finalista-alla-semana-negra-di-gijon\/#primaryimage"},"thumbnailUrl":"https:\/\/puntodincontro.mx\/wp-content\/uploads\/2022\/03\/settimananeragijonlibromastrogiovannivert.webp","datePublished":"2022-03-16T15:01:24+00:00","dateModified":"2022-03-16T15:52:11+00:00","description":"El libro \u201cAqu\u00ed acaba la patria\u201d del periodista, documentalista, escritor, acad\u00e9mico, traductor y consultor italiano residente en M\u00e9xico Federico Mastrogiovanni fue incluido entre los finalistas del premio Rodolfo Walsh de la Semana Negra de Gij\u00f3n.","breadcrumb":{"@id":"https:\/\/puntodincontro.mx\/2022\/03\/16\/la-migrazione-in-messico-vista-da-un-italiano-e-finalista-alla-semana-negra-di-gijon\/#breadcrumb"},"inLanguage":"es","potentialAction":[{"@type":"ReadAction","target":["https:\/\/puntodincontro.mx\/2022\/03\/16\/la-migrazione-in-messico-vista-da-un-italiano-e-finalista-alla-semana-negra-di-gijon\/"]}]},{"@type":"ImageObject","inLanguage":"es","@id":"https:\/\/puntodincontro.mx\/2022\/03\/16\/la-migrazione-in-messico-vista-da-un-italiano-e-finalista-alla-semana-negra-di-gijon\/#primaryimage","url":"https:\/\/puntodincontro.mx\/wp-content\/uploads\/2022\/03\/settimananeragijonlibromastrogiovannivert.webp","contentUrl":"https:\/\/puntodincontro.mx\/wp-content\/uploads\/2022\/03\/settimananeragijonlibromastrogiovannivert.webp","width":423,"height":488},{"@type":"BreadcrumbList","@id":"https:\/\/puntodincontro.mx\/2022\/03\/16\/la-migrazione-in-messico-vista-da-un-italiano-e-finalista-alla-semana-negra-di-gijon\/#breadcrumb","itemListElement":[{"@type":"ListItem","position":1,"name":"Home","item":"https:\/\/puntodincontro.mx\/"},{"@type":"ListItem","position":2,"name":"La migrazione in Messico vista da un italiano \u00e8 finalista alla \u201cSemana Negra\u201d di Gij\u00f3n"}]},{"@type":"WebSite","@id":"https:\/\/puntodincontro.mx\/#website","url":"https:\/\/puntodincontro.mx\/","name":"Puntodincontro","description":"Desde el 2006 noticias sobre las relaciones entre Italia y M\u00e9xico \/ Dal 2006 notizie sui rapporti Italia-Messico","publisher":{"@id":"https:\/\/puntodincontro.mx\/#organization"},"potentialAction":[{"@type":"SearchAction","target":{"@type":"EntryPoint","urlTemplate":"https:\/\/puntodincontro.mx\/?s={search_term_string}"},"query-input":{"@type":"PropertyValueSpecification","valueRequired":true,"valueName":"search_term_string"}}],"inLanguage":"es"},{"@type":"Organization","@id":"https:\/\/puntodincontro.mx\/#organization","name":"Puntodincontro","url":"https:\/\/puntodincontro.mx\/","logo":{"@type":"ImageObject","inLanguage":"es","@id":"https:\/\/puntodincontro.mx\/#\/schema\/logo\/image\/","url":"https:\/\/puntodincontro.mx\/wp-content\/uploads\/2021\/08\/Default-image-for-open-graph-settings.jpg","contentUrl":"https:\/\/puntodincontro.mx\/wp-content\/uploads\/2021\/08\/Default-image-for-open-graph-settings.jpg","width":1200,"height":630,"caption":"Puntodincontro"},"image":{"@id":"https:\/\/puntodincontro.mx\/#\/schema\/logo\/image\/"},"sameAs":["https:\/\/www.facebook.com\/puntodincontro.mx","https:\/\/x.com\/puntodincontro","https:\/\/www.instagram.com\/puntodincontro.mx\/","https:\/\/www.linkedin.com\/company\/puntodincontro\/","https:\/\/www.youtube.com\/c\/puntodincontromessico","https:\/\/www.patreon.com\/puntodincontro","https:\/\/www.threads.net\/@puntodincontro.mx"]},{"@type":"Person","@id":"https:\/\/puntodincontro.mx\/#\/schema\/person\/d3066d18a16259cbb0c29b0d0e93b556","name":"Puntodincontro","image":{"@type":"ImageObject","inLanguage":"es","@id":"https:\/\/puntodincontro.mx\/#\/schema\/person\/image\/","url":"https:\/\/secure.gravatar.com\/avatar\/0e85b4b3b5e9d6bfcec6a4956d8cc63a?s=96&d=mm&r=g","contentUrl":"https:\/\/secure.gravatar.com\/avatar\/0e85b4b3b5e9d6bfcec6a4956d8cc63a?s=96&d=mm&r=g","caption":"Puntodincontro"},"url":"https:\/\/puntodincontro.mx\/es\/author\/puntodincontro\/"}]}},"_links":{"self":[{"href":"https:\/\/puntodincontro.mx\/es\/wp-json\/wp\/v2\/posts\/3946"}],"collection":[{"href":"https:\/\/puntodincontro.mx\/es\/wp-json\/wp\/v2\/posts"}],"about":[{"href":"https:\/\/puntodincontro.mx\/es\/wp-json\/wp\/v2\/types\/post"}],"author":[{"embeddable":true,"href":"https:\/\/puntodincontro.mx\/es\/wp-json\/wp\/v2\/users\/2"}],"replies":[{"embeddable":true,"href":"https:\/\/puntodincontro.mx\/es\/wp-json\/wp\/v2\/comments?post=3946"}],"version-history":[{"count":8,"href":"https:\/\/puntodincontro.mx\/es\/wp-json\/wp\/v2\/posts\/3946\/revisions"}],"predecessor-version":[{"id":3958,"href":"https:\/\/puntodincontro.mx\/es\/wp-json\/wp\/v2\/posts\/3946\/revisions\/3958"}],"wp:featuredmedia":[{"embeddable":true,"href":"https:\/\/puntodincontro.mx\/es\/wp-json\/wp\/v2\/media\/3952"}],"wp:attachment":[{"href":"https:\/\/puntodincontro.mx\/es\/wp-json\/wp\/v2\/media?parent=3946"}],"wp:term":[{"taxonomy":"category","embeddable":true,"href":"https:\/\/puntodincontro.mx\/es\/wp-json\/wp\/v2\/categories?post=3946"},{"taxonomy":"post_tag","embeddable":true,"href":"https:\/\/puntodincontro.mx\/es\/wp-json\/wp\/v2\/tags?post=3946"}],"curies":[{"name":"wp","href":"https:\/\/api.w.org\/{rel}","templated":true}]}}