{"id":4046,"date":"2022-03-18T17:39:27","date_gmt":"2022-03-18T23:39:27","guid":{"rendered":"https:\/\/puntodincontro.mx\/?p=4046"},"modified":"2022-03-18T17:46:29","modified_gmt":"2022-03-18T23:46:29","slug":"en-barolo-patria-del-famoso-vino-docg-se-fortalece-la-relacion-con-mexico","status":"publish","type":"post","link":"https:\/\/puntodincontro.mx\/es\/2022\/03\/18\/a-barolo-patria-del-celebre-vino-docg-si-rafforza-la-relazione-con-il-messico\/","title":{"rendered":"En Barolo, patria del famoso vino DOCG, se fortalece la relaci\u00f3n con M\u00e9xico"},"content":{"rendered":"<p class=\"translation-block\"><strong>17:16 hrs.<\/strong> \u2013 La alcaldesa Renata Bianco recibi\u00f3 en Barolo al embajador de M\u00e9xico en Italia, Carlos Garc\u00eda de Alba. Acompa\u00f1ado de la c\u00f3nsul honoraria de M\u00e9xico para Piamonte y Valle de Aosta, Alessandra Giani, el diplom\u00e1tico quiso conocer a la comunidad que, en los \u00faltimos meses, ha entablado una especial amistad en nombre del arte con M\u00e9xico, <a href=\"https:\/\/puntodincontro.mx\/articoli2020\/messicoinitalia27072020-sp.htm\" target=\"_blank\" rel=\"noreferrer noopener\">acogiendo en sus calles las instalaciones de Sebasti\u00e1n<\/a>, seud\u00f3nimo de Enrique Carbajal, conocido en todo el mundo por sus monumentales esculturas en acero y hormig\u00f3n.<\/p>\n\n\n\n<p>Desde el verano de 2020, paseando por las calles de este municipio que \u2014junto con la hom\u00f3nima Langa\u2014 es patrimonio de la humanidad, no es dif\u00edcil toparse con una serie de obras creadas por el artista mexicano, transportadas desde la Bienal de Venecia y de una exposici\u00f3n temporal en Par\u00eds gracias a la colaboraci\u00f3n de las autoridades locales con la Embajada de M\u00e9xico y la empresa organizadora de eventos culturales Diffusione Italia International Group.<\/p>\n\n\n\n<p>Desde entonces, las relaciones se han intensificado y Sebasti\u00e1n ha querido crear una instalaci\u00f3n espec\u00edfica para Barolo que la administraci\u00f3n municipal ha optado por ubicar en la renovada Piazza Cabutto, cuyas obras pronto estar\u00e1n terminadas.<\/p>\n\n\n\n<p>\u00abEs para m\u00ed un gran placer visitar por primera vez Barolo, del que hab\u00eda o\u00eddo hablar muchas veces, por supuesto, gracias a su vino\u00bb \u2014dijo Garc\u00eda de Alba durante una breve ceremonia en el Sal\u00f3n del Consejo de la Municipalidad dentro del castillo de Falletti, antes de trasladarse al Museo del Vino. \u00abPara mi era muy importante visita\u00bb \u2014a\u00f1adi\u00f3\u2014 \u00aby felicito a la alcaldesa por la competencia y pasi\u00f3n que pone en su trabajo\u00bb.<\/p>\n\n\n\n<p>\u00abEstoy aqu\u00ed no solo por la amistad que me une a Sebasti\u00e1n, un artista apreciado en todo el mundo, un hombre generoso y una verdadera fuerza de la naturaleza, sino tambi\u00e9n porque creo que se puede hacer m\u00e1s para establecer una relaci\u00f3n econ\u00f3mica, comercial y colaboraci\u00f3n cultural entre mi pa\u00eds y Barolo, Piamonte e Italia. Por lo tanto, pueden contar con la Embajada y el Embajador para explorar un mercado que quiz\u00e1s se ha pasado un poco por alto aqu\u00ed. Barolo es el primer municipio de Italia en acoger una obra de Sebasti\u00e1n y esto es motivo de gran orgullo para nosotros\u00bb.<\/p>\n\n\n\n<p>La alcaldesa Bianco obsequi\u00f3 al Embajador una botella magnum 2015 de Barolo, cuya etiqueta dedicada al fundador de Slow Food, Carlo Petrini, fue dise\u00f1ada por el propio Sebasti\u00e1n. \u00abCon mucha alegr\u00eda recibimos al Excelent\u00edsimo Embajador Garc\u00eda de Alba y con gusto trabajaremos para estrechar a\u00fan m\u00e1s el v\u00ednculo que hasta ahora hemos mantenido entre nuestras realidades\u00bb, dijo Renata Bianco. \u00abPara Barolo es un honor recibir, adem\u00e1s de los ya presentes en el centro hist\u00f3rico, la nueva obra concebida por Sebasti\u00e1n espec\u00edficamente para nuestra aldea. Y por eso hemos querido estudiar en detalle la mejor ubicaci\u00f3n a la entrada del pueblo, en una plaza totalmente rehabilitada\u00bb.<\/p>\n\n\n\n<div class=\"wp-block-image\"><figure class=\"aligncenter size-full\"><img loading=\"lazy\" decoding=\"async\" width=\"932\" height=\"370\" src=\"https:\/\/puntodincontro.mx\/wp-content\/uploads\/2022\/03\/comunedibarolo.webp\" alt=\"\" class=\"wp-image-4051\" srcset=\"https:\/\/puntodincontro.mx\/wp-content\/uploads\/2022\/03\/comunedibarolo.webp 932w, https:\/\/puntodincontro.mx\/wp-content\/uploads\/2022\/03\/comunedibarolo-300x119.webp 300w, https:\/\/puntodincontro.mx\/wp-content\/uploads\/2022\/03\/comunedibarolo-768x305.webp 768w, https:\/\/puntodincontro.mx\/wp-content\/uploads\/2022\/03\/comunedibarolo-16x6.webp 16w\" sizes=\"(max-width: 932px) 100vw, 932px\" \/><\/figure><\/div>\n\n\n\n<p class=\"has-text-align-center has-small-font-size\">Comune di Barolo, in provincia di Cuneo, Piemonte.<\/p>\n\n\n\n<div style=\"height:12px\" aria-hidden=\"true\" class=\"wp-block-spacer\"><\/div>\n\n\n\n\n\n<div style=\"height:12px\" aria-hidden=\"true\" class=\"wp-block-spacer\"><\/div>","protected":false},"excerpt":{"rendered":"<p>Ore 17.16 &#8211; La sindaca Renata Bianco ha accolto a Barolo l\u2019ambasciatore del Messico in Italia, Carlos Garc\u00eda de Alba. Accompagnato dalla console onoraria del Messico per il Piemonte e la Valle d\u2019Aosta, Alessandra Giani, il diplomatico ha voluto conoscere la comunit\u00e0 che, nei mesi scorsi, ha stretto una speciale amicizia all\u2019insegna dell\u2019arte con il Messico, ospitando in paese le installazioni di Sebasti\u00e1n, al secolo Enrique Carbajal, noto in tutto il mondo per le sue monumentali sculture in acciaio e cemento. Dall\u2019estate del 2020, infatti, percorrendo le vie di questo Comune che \u2014con l&#8217;omonima Langa\u2014 rientra tra i patrimoni dell&#8217;umanit\u00e0&#8230; <\/p>","protected":false},"author":2,"featured_media":4049,"comment_status":"open","ping_status":"open","sticky":false,"template":"","format":"standard","meta":{"_monsterinsights_skip_tracking":false,"_monsterinsights_sitenote_active":false,"_monsterinsights_sitenote_note":"","_monsterinsights_sitenote_category":0,"footnotes":""},"categories":[8],"tags":[],"class_list":["post-4046","post","type-post","status-publish","format-standard","has-post-thumbnail","hentry","category-viaggi"],"yoast_head":"<!-- This site is optimized with the Yoast SEO Premium plugin v18.4 (Yoast SEO v25.6) - https:\/\/yoast.com\/wordpress\/plugins\/seo\/ -->\n<title>A Barolo, patria del celebre vino DOCG, si rafforza la relazione con il Messico Puntodincontro<\/title>\n<meta name=\"description\" content=\"La sindaca Renata Bianco ha accolto a Barolo l\u2019ambasciatore del Messico in Italia, Carlos Garc\u00eda de Alba. Accompagnato dalla console onoraria del Messico per il Piemonte e la Valle d\u2019Aosta, Alessandra Giani, il diplomatico ha voluto conoscere la comunit\u00e0 che, nei mesi scorsi, ha stretto una speciale amicizia all\u2019insegna dell\u2019arte con il Messico, ospitando in paese le installazioni di Sebasti\u00e1n, al secolo Enrique Carbajal, noto in tutto il mondo per le sue monumentali sculture in acciaio e cemento.\" \/>\n<meta name=\"robots\" content=\"index, follow, max-snippet:-1, max-image-preview:large, max-video-preview:-1\" \/>\n<link rel=\"canonical\" href=\"https:\/\/puntodincontro.mx\/es\/2022\/03\/18\/en-barolo-patria-del-famoso-vino-docg-se-fortalece-la-relacion-con-mexico\/\" \/>\n<meta property=\"og:locale\" content=\"es_MX\" \/>\n<meta property=\"og:type\" content=\"article\" \/>\n<meta property=\"og:title\" content=\"A Barolo, patria del celebre vino DOCG, si rafforza la relazione con il Messico\" \/>\n<meta property=\"og:description\" content=\"La sindaca Renata Bianco ha accolto a Barolo l\u2019ambasciatore del Messico in Italia, Carlos Garc\u00eda de Alba. Accompagnato dalla console onoraria del Messico per il Piemonte e la Valle d\u2019Aosta, Alessandra Giani, il diplomatico ha voluto conoscere la comunit\u00e0 che, nei mesi scorsi, ha stretto una speciale amicizia all\u2019insegna dell\u2019arte con il Messico, ospitando in paese le installazioni di Sebasti\u00e1n, al secolo Enrique Carbajal, noto in tutto il mondo per le sue monumentali sculture in acciaio e cemento.\" \/>\n<meta property=\"og:url\" content=\"https:\/\/puntodincontro.mx\/es\/2022\/03\/18\/en-barolo-patria-del-famoso-vino-docg-se-fortalece-la-relacion-con-mexico\/\" \/>\n<meta property=\"og:site_name\" content=\"Puntodincontro\" \/>\n<meta property=\"article:publisher\" content=\"https:\/\/www.facebook.com\/puntodincontro.mx\" \/>\n<meta property=\"article:published_time\" content=\"2022-03-18T23:39:27+00:00\" \/>\n<meta property=\"article:modified_time\" content=\"2022-03-18T23:46:29+00:00\" \/>\n<meta property=\"og:image\" content=\"https:\/\/puntodincontro.mx\/wp-content\/uploads\/2022\/03\/barolorafforzarelazioneconmessicovert.webp\" \/>\n\t<meta property=\"og:image:width\" content=\"423\" \/>\n\t<meta property=\"og:image:height\" content=\"488\" \/>\n\t<meta property=\"og:image:type\" content=\"image\/webp\" \/>\n<meta name=\"author\" content=\"Puntodincontro\" \/>\n<meta name=\"twitter:card\" content=\"summary_large_image\" \/>\n<meta name=\"twitter:creator\" content=\"@puntodincontro\" \/>\n<meta name=\"twitter:site\" content=\"@puntodincontro\" \/>\n<meta name=\"twitter:label1\" content=\"Escrito por\" \/>\n\t<meta name=\"twitter:data1\" content=\"Puntodincontro\" \/>\n\t<meta name=\"twitter:label2\" content=\"Tiempo de lectura\" \/>\n\t<meta name=\"twitter:data2\" content=\"3 minutos\" \/>\n<script type=\"application\/ld+json\" class=\"yoast-schema-graph\">{\"@context\":\"https:\/\/schema.org\",\"@graph\":[{\"@type\":\"NewsArticle\",\"@id\":\"https:\/\/puntodincontro.mx\/2022\/03\/18\/a-barolo-patria-del-celebre-vino-docg-si-rafforza-la-relazione-con-il-messico\/#article\",\"isPartOf\":{\"@id\":\"https:\/\/puntodincontro.mx\/2022\/03\/18\/a-barolo-patria-del-celebre-vino-docg-si-rafforza-la-relazione-con-il-messico\/\"},\"author\":{\"name\":\"Puntodincontro\",\"@id\":\"https:\/\/puntodincontro.mx\/#\/schema\/person\/d3066d18a16259cbb0c29b0d0e93b556\"},\"headline\":\"A Barolo, patria del celebre vino DOCG, si rafforza la relazione con il Messico\",\"datePublished\":\"2022-03-18T23:39:27+00:00\",\"dateModified\":\"2022-03-18T23:46:29+00:00\",\"mainEntityOfPage\":{\"@id\":\"https:\/\/puntodincontro.mx\/2022\/03\/18\/a-barolo-patria-del-celebre-vino-docg-si-rafforza-la-relazione-con-il-messico\/\"},\"wordCount\":492,\"commentCount\":0,\"publisher\":{\"@id\":\"https:\/\/puntodincontro.mx\/#organization\"},\"image\":{\"@id\":\"https:\/\/puntodincontro.mx\/2022\/03\/18\/a-barolo-patria-del-celebre-vino-docg-si-rafforza-la-relazione-con-il-messico\/#primaryimage\"},\"thumbnailUrl\":\"https:\/\/puntodincontro.mx\/wp-content\/uploads\/2022\/03\/barolorafforzarelazioneconmessicovert.webp\",\"articleSection\":[\"Viaggi\"],\"inLanguage\":\"es\",\"potentialAction\":[{\"@type\":\"CommentAction\",\"name\":\"Comment\",\"target\":[\"https:\/\/puntodincontro.mx\/2022\/03\/18\/a-barolo-patria-del-celebre-vino-docg-si-rafforza-la-relazione-con-il-messico\/#respond\"]}]},{\"@type\":\"WebPage\",\"@id\":\"https:\/\/puntodincontro.mx\/2022\/03\/18\/a-barolo-patria-del-celebre-vino-docg-si-rafforza-la-relazione-con-il-messico\/\",\"url\":\"https:\/\/puntodincontro.mx\/2022\/03\/18\/a-barolo-patria-del-celebre-vino-docg-si-rafforza-la-relazione-con-il-messico\/\",\"name\":\"A Barolo, patria del celebre vino DOCG, si rafforza la relazione con il Messico Puntodincontro\",\"isPartOf\":{\"@id\":\"https:\/\/puntodincontro.mx\/#website\"},\"primaryImageOfPage\":{\"@id\":\"https:\/\/puntodincontro.mx\/2022\/03\/18\/a-barolo-patria-del-celebre-vino-docg-si-rafforza-la-relazione-con-il-messico\/#primaryimage\"},\"image\":{\"@id\":\"https:\/\/puntodincontro.mx\/2022\/03\/18\/a-barolo-patria-del-celebre-vino-docg-si-rafforza-la-relazione-con-il-messico\/#primaryimage\"},\"thumbnailUrl\":\"https:\/\/puntodincontro.mx\/wp-content\/uploads\/2022\/03\/barolorafforzarelazioneconmessicovert.webp\",\"datePublished\":\"2022-03-18T23:39:27+00:00\",\"dateModified\":\"2022-03-18T23:46:29+00:00\",\"description\":\"La sindaca Renata Bianco ha accolto a Barolo l\u2019ambasciatore del Messico in Italia, Carlos Garc\u00eda de Alba. Accompagnato dalla console onoraria del Messico per il Piemonte e la Valle d\u2019Aosta, Alessandra Giani, il diplomatico ha voluto conoscere la comunit\u00e0 che, nei mesi scorsi, ha stretto una speciale amicizia all\u2019insegna dell\u2019arte con il Messico, ospitando in paese le installazioni di Sebasti\u00e1n, al secolo Enrique Carbajal, noto in tutto il mondo per le sue monumentali sculture in acciaio e cemento.\",\"breadcrumb\":{\"@id\":\"https:\/\/puntodincontro.mx\/2022\/03\/18\/a-barolo-patria-del-celebre-vino-docg-si-rafforza-la-relazione-con-il-messico\/#breadcrumb\"},\"inLanguage\":\"es\",\"potentialAction\":[{\"@type\":\"ReadAction\",\"target\":[\"https:\/\/puntodincontro.mx\/2022\/03\/18\/a-barolo-patria-del-celebre-vino-docg-si-rafforza-la-relazione-con-il-messico\/\"]}]},{\"@type\":\"ImageObject\",\"inLanguage\":\"es\",\"@id\":\"https:\/\/puntodincontro.mx\/2022\/03\/18\/a-barolo-patria-del-celebre-vino-docg-si-rafforza-la-relazione-con-il-messico\/#primaryimage\",\"url\":\"https:\/\/puntodincontro.mx\/wp-content\/uploads\/2022\/03\/barolorafforzarelazioneconmessicovert.webp\",\"contentUrl\":\"https:\/\/puntodincontro.mx\/wp-content\/uploads\/2022\/03\/barolorafforzarelazioneconmessicovert.webp\",\"width\":423,\"height\":488,\"caption\":\"A Barolo, patria del celebre vino DOCG, si rafforza la relazione con il Messico\"},{\"@type\":\"BreadcrumbList\",\"@id\":\"https:\/\/puntodincontro.mx\/2022\/03\/18\/a-barolo-patria-del-celebre-vino-docg-si-rafforza-la-relazione-con-il-messico\/#breadcrumb\",\"itemListElement\":[{\"@type\":\"ListItem\",\"position\":1,\"name\":\"Home\",\"item\":\"https:\/\/puntodincontro.mx\/\"},{\"@type\":\"ListItem\",\"position\":2,\"name\":\"A Barolo, patria del celebre vino DOCG, si rafforza la relazione con il Messico\"}]},{\"@type\":\"WebSite\",\"@id\":\"https:\/\/puntodincontro.mx\/#website\",\"url\":\"https:\/\/puntodincontro.mx\/\",\"name\":\"Puntodincontro\",\"description\":\"Dal 2006 notizie sui rapporti Italia-Messico \/ Desde 2006 noticias sobre las relaciones entre Italia y M\u00e9xico\",\"publisher\":{\"@id\":\"https:\/\/puntodincontro.mx\/#organization\"},\"potentialAction\":[{\"@type\":\"SearchAction\",\"target\":{\"@type\":\"EntryPoint\",\"urlTemplate\":\"https:\/\/puntodincontro.mx\/?s={search_term_string}\"},\"query-input\":{\"@type\":\"PropertyValueSpecification\",\"valueRequired\":true,\"valueName\":\"search_term_string\"}}],\"inLanguage\":\"es\"},{\"@type\":\"Organization\",\"@id\":\"https:\/\/puntodincontro.mx\/#organization\",\"name\":\"Puntodincontro\",\"url\":\"https:\/\/puntodincontro.mx\/\",\"logo\":{\"@type\":\"ImageObject\",\"inLanguage\":\"es\",\"@id\":\"https:\/\/puntodincontro.mx\/#\/schema\/logo\/image\/\",\"url\":\"https:\/\/puntodincontro.mx\/wp-content\/uploads\/2021\/08\/Default-image-for-open-graph-settings.jpg\",\"contentUrl\":\"https:\/\/puntodincontro.mx\/wp-content\/uploads\/2021\/08\/Default-image-for-open-graph-settings.jpg\",\"width\":1200,\"height\":630,\"caption\":\"Puntodincontro\"},\"image\":{\"@id\":\"https:\/\/puntodincontro.mx\/#\/schema\/logo\/image\/\"},\"sameAs\":[\"https:\/\/www.facebook.com\/puntodincontro.mx\",\"https:\/\/x.com\/puntodincontro\",\"https:\/\/www.instagram.com\/puntodincontro.mx\/\",\"https:\/\/www.linkedin.com\/company\/puntodincontro\/\",\"https:\/\/www.youtube.com\/c\/puntodincontromessico\",\"https:\/\/www.patreon.com\/puntodincontro\",\"https:\/\/www.threads.net\/@puntodincontro.mx\"]},{\"@type\":\"Person\",\"@id\":\"https:\/\/puntodincontro.mx\/#\/schema\/person\/d3066d18a16259cbb0c29b0d0e93b556\",\"name\":\"Puntodincontro\",\"image\":{\"@type\":\"ImageObject\",\"inLanguage\":\"es\",\"@id\":\"https:\/\/puntodincontro.mx\/#\/schema\/person\/image\/\",\"url\":\"https:\/\/secure.gravatar.com\/avatar\/0e85b4b3b5e9d6bfcec6a4956d8cc63a?s=96&d=mm&r=g\",\"contentUrl\":\"https:\/\/secure.gravatar.com\/avatar\/0e85b4b3b5e9d6bfcec6a4956d8cc63a?s=96&d=mm&r=g\",\"caption\":\"Puntodincontro\"},\"url\":\"https:\/\/puntodincontro.mx\/es\/author\/puntodincontro\/\"}]}<\/script>\n<!-- \/ Yoast SEO Premium plugin. -->","yoast_head_json":{"title":"A Barolo, patria del celebre vino DOCG, si rafforza la relazione con il Messico Puntodincontro","description":"La alcaldesa Renata Bianco recibi\u00f3 en Barolo al embajador de M\u00e9xico en Italia, Carlos Garc\u00eda de Alba. Acompa\u00f1ado de la c\u00f3nsul honoraria de M\u00e9xico para Piamonte y Valle de Aosta, Alessandra Giani, el diplom\u00e1tico quiso conocer a la comunidad que, en los \u00faltimos meses, ha entablado una especial amistad en nombre del arte con M\u00e9xico, acogiendo en sus calles las instalaciones de Sebasti\u00e1n, seud\u00f3nimo de Enrique Carbajal, conocido en todo el mundo por sus monumentales esculturas en acero y hormig\u00f3n.","robots":{"index":"index","follow":"follow","max-snippet":"max-snippet:-1","max-image-preview":"max-image-preview:large","max-video-preview":"max-video-preview:-1"},"canonical":"https:\/\/puntodincontro.mx\/es\/2022\/03\/18\/en-barolo-patria-del-famoso-vino-docg-se-fortalece-la-relacion-con-mexico\/","og_locale":"es_MX","og_type":"article","og_title":"A Barolo, patria del celebre vino DOCG, si rafforza la relazione con il Messico","og_description":"La sindaca Renata Bianco ha accolto a Barolo l\u2019ambasciatore del Messico in Italia, Carlos Garc\u00eda de Alba. Accompagnato dalla console onoraria del Messico per il Piemonte e la Valle d\u2019Aosta, Alessandra Giani, il diplomatico ha voluto conoscere la comunit\u00e0 che, nei mesi scorsi, ha stretto una speciale amicizia all\u2019insegna dell\u2019arte con il Messico, ospitando in paese le installazioni di Sebasti\u00e1n, al secolo Enrique Carbajal, noto in tutto il mondo per le sue monumentali sculture in acciaio e cemento.","og_url":"https:\/\/puntodincontro.mx\/es\/2022\/03\/18\/en-barolo-patria-del-famoso-vino-docg-se-fortalece-la-relacion-con-mexico\/","og_site_name":"Puntodincontro","article_publisher":"https:\/\/www.facebook.com\/puntodincontro.mx","article_published_time":"2022-03-18T23:39:27+00:00","article_modified_time":"2022-03-18T23:46:29+00:00","og_image":[{"width":423,"height":488,"url":"https:\/\/puntodincontro.mx\/wp-content\/uploads\/2022\/03\/barolorafforzarelazioneconmessicovert.webp","type":"image\/webp"}],"author":"Puntodincontro","twitter_card":"summary_large_image","twitter_creator":"@puntodincontro","twitter_site":"@puntodincontro","twitter_misc":{"Escrito por":"Puntodincontro","Tiempo de lectura":"3 minutos"},"schema":{"@context":"https:\/\/schema.org","@graph":[{"@type":"NewsArticle","@id":"https:\/\/puntodincontro.mx\/2022\/03\/18\/a-barolo-patria-del-celebre-vino-docg-si-rafforza-la-relazione-con-il-messico\/#article","isPartOf":{"@id":"https:\/\/puntodincontro.mx\/2022\/03\/18\/a-barolo-patria-del-celebre-vino-docg-si-rafforza-la-relazione-con-il-messico\/"},"author":{"name":"Puntodincontro","@id":"https:\/\/puntodincontro.mx\/#\/schema\/person\/d3066d18a16259cbb0c29b0d0e93b556"},"headline":"A Barolo, patria del celebre vino DOCG, si rafforza la relazione con il Messico","datePublished":"2022-03-18T23:39:27+00:00","dateModified":"2022-03-18T23:46:29+00:00","mainEntityOfPage":{"@id":"https:\/\/puntodincontro.mx\/2022\/03\/18\/a-barolo-patria-del-celebre-vino-docg-si-rafforza-la-relazione-con-il-messico\/"},"wordCount":492,"commentCount":0,"publisher":{"@id":"https:\/\/puntodincontro.mx\/#organization"},"image":{"@id":"https:\/\/puntodincontro.mx\/2022\/03\/18\/a-barolo-patria-del-celebre-vino-docg-si-rafforza-la-relazione-con-il-messico\/#primaryimage"},"thumbnailUrl":"https:\/\/puntodincontro.mx\/wp-content\/uploads\/2022\/03\/barolorafforzarelazioneconmessicovert.webp","articleSection":["Viaggi"],"inLanguage":"es","potentialAction":[{"@type":"CommentAction","name":"Comment","target":["https:\/\/puntodincontro.mx\/2022\/03\/18\/a-barolo-patria-del-celebre-vino-docg-si-rafforza-la-relazione-con-il-messico\/#respond"]}]},{"@type":"WebPage","@id":"https:\/\/puntodincontro.mx\/2022\/03\/18\/a-barolo-patria-del-celebre-vino-docg-si-rafforza-la-relazione-con-il-messico\/","url":"https:\/\/puntodincontro.mx\/2022\/03\/18\/a-barolo-patria-del-celebre-vino-docg-si-rafforza-la-relazione-con-il-messico\/","name":"A Barolo, patria del celebre vino DOCG, si rafforza la relazione con il Messico Puntodincontro","isPartOf":{"@id":"https:\/\/puntodincontro.mx\/#website"},"primaryImageOfPage":{"@id":"https:\/\/puntodincontro.mx\/2022\/03\/18\/a-barolo-patria-del-celebre-vino-docg-si-rafforza-la-relazione-con-il-messico\/#primaryimage"},"image":{"@id":"https:\/\/puntodincontro.mx\/2022\/03\/18\/a-barolo-patria-del-celebre-vino-docg-si-rafforza-la-relazione-con-il-messico\/#primaryimage"},"thumbnailUrl":"https:\/\/puntodincontro.mx\/wp-content\/uploads\/2022\/03\/barolorafforzarelazioneconmessicovert.webp","datePublished":"2022-03-18T23:39:27+00:00","dateModified":"2022-03-18T23:46:29+00:00","description":"La alcaldesa Renata Bianco recibi\u00f3 en Barolo al embajador de M\u00e9xico en Italia, Carlos Garc\u00eda de Alba. Acompa\u00f1ado de la c\u00f3nsul honoraria de M\u00e9xico para Piamonte y Valle de Aosta, Alessandra Giani, el diplom\u00e1tico quiso conocer a la comunidad que, en los \u00faltimos meses, ha entablado una especial amistad en nombre del arte con M\u00e9xico, acogiendo en sus calles las instalaciones de Sebasti\u00e1n, seud\u00f3nimo de Enrique Carbajal, conocido en todo el mundo por sus monumentales esculturas en acero y hormig\u00f3n.","breadcrumb":{"@id":"https:\/\/puntodincontro.mx\/2022\/03\/18\/a-barolo-patria-del-celebre-vino-docg-si-rafforza-la-relazione-con-il-messico\/#breadcrumb"},"inLanguage":"es","potentialAction":[{"@type":"ReadAction","target":["https:\/\/puntodincontro.mx\/2022\/03\/18\/a-barolo-patria-del-celebre-vino-docg-si-rafforza-la-relazione-con-il-messico\/"]}]},{"@type":"ImageObject","inLanguage":"es","@id":"https:\/\/puntodincontro.mx\/2022\/03\/18\/a-barolo-patria-del-celebre-vino-docg-si-rafforza-la-relazione-con-il-messico\/#primaryimage","url":"https:\/\/puntodincontro.mx\/wp-content\/uploads\/2022\/03\/barolorafforzarelazioneconmessicovert.webp","contentUrl":"https:\/\/puntodincontro.mx\/wp-content\/uploads\/2022\/03\/barolorafforzarelazioneconmessicovert.webp","width":423,"height":488,"caption":"A Barolo, patria del celebre vino DOCG, si rafforza la relazione con il Messico"},{"@type":"BreadcrumbList","@id":"https:\/\/puntodincontro.mx\/2022\/03\/18\/a-barolo-patria-del-celebre-vino-docg-si-rafforza-la-relazione-con-il-messico\/#breadcrumb","itemListElement":[{"@type":"ListItem","position":1,"name":"Home","item":"https:\/\/puntodincontro.mx\/"},{"@type":"ListItem","position":2,"name":"A Barolo, patria del celebre vino DOCG, si rafforza la relazione con il Messico"}]},{"@type":"WebSite","@id":"https:\/\/puntodincontro.mx\/#website","url":"https:\/\/puntodincontro.mx\/","name":"Puntodincontro","description":"Desde el 2006 noticias sobre las relaciones entre Italia y M\u00e9xico \/ Dal 2006 notizie sui rapporti Italia-Messico","publisher":{"@id":"https:\/\/puntodincontro.mx\/#organization"},"potentialAction":[{"@type":"SearchAction","target":{"@type":"EntryPoint","urlTemplate":"https:\/\/puntodincontro.mx\/?s={search_term_string}"},"query-input":{"@type":"PropertyValueSpecification","valueRequired":true,"valueName":"search_term_string"}}],"inLanguage":"es"},{"@type":"Organization","@id":"https:\/\/puntodincontro.mx\/#organization","name":"Puntodincontro","url":"https:\/\/puntodincontro.mx\/","logo":{"@type":"ImageObject","inLanguage":"es","@id":"https:\/\/puntodincontro.mx\/#\/schema\/logo\/image\/","url":"https:\/\/puntodincontro.mx\/wp-content\/uploads\/2021\/08\/Default-image-for-open-graph-settings.jpg","contentUrl":"https:\/\/puntodincontro.mx\/wp-content\/uploads\/2021\/08\/Default-image-for-open-graph-settings.jpg","width":1200,"height":630,"caption":"Puntodincontro"},"image":{"@id":"https:\/\/puntodincontro.mx\/#\/schema\/logo\/image\/"},"sameAs":["https:\/\/www.facebook.com\/puntodincontro.mx","https:\/\/x.com\/puntodincontro","https:\/\/www.instagram.com\/puntodincontro.mx\/","https:\/\/www.linkedin.com\/company\/puntodincontro\/","https:\/\/www.youtube.com\/c\/puntodincontromessico","https:\/\/www.patreon.com\/puntodincontro","https:\/\/www.threads.net\/@puntodincontro.mx"]},{"@type":"Person","@id":"https:\/\/puntodincontro.mx\/#\/schema\/person\/d3066d18a16259cbb0c29b0d0e93b556","name":"Puntodincontro","image":{"@type":"ImageObject","inLanguage":"es","@id":"https:\/\/puntodincontro.mx\/#\/schema\/person\/image\/","url":"https:\/\/secure.gravatar.com\/avatar\/0e85b4b3b5e9d6bfcec6a4956d8cc63a?s=96&d=mm&r=g","contentUrl":"https:\/\/secure.gravatar.com\/avatar\/0e85b4b3b5e9d6bfcec6a4956d8cc63a?s=96&d=mm&r=g","caption":"Puntodincontro"},"url":"https:\/\/puntodincontro.mx\/es\/author\/puntodincontro\/"}]}},"_links":{"self":[{"href":"https:\/\/puntodincontro.mx\/es\/wp-json\/wp\/v2\/posts\/4046"}],"collection":[{"href":"https:\/\/puntodincontro.mx\/es\/wp-json\/wp\/v2\/posts"}],"about":[{"href":"https:\/\/puntodincontro.mx\/es\/wp-json\/wp\/v2\/types\/post"}],"author":[{"embeddable":true,"href":"https:\/\/puntodincontro.mx\/es\/wp-json\/wp\/v2\/users\/2"}],"replies":[{"embeddable":true,"href":"https:\/\/puntodincontro.mx\/es\/wp-json\/wp\/v2\/comments?post=4046"}],"version-history":[{"count":5,"href":"https:\/\/puntodincontro.mx\/es\/wp-json\/wp\/v2\/posts\/4046\/revisions"}],"predecessor-version":[{"id":4054,"href":"https:\/\/puntodincontro.mx\/es\/wp-json\/wp\/v2\/posts\/4046\/revisions\/4054"}],"wp:featuredmedia":[{"embeddable":true,"href":"https:\/\/puntodincontro.mx\/es\/wp-json\/wp\/v2\/media\/4049"}],"wp:attachment":[{"href":"https:\/\/puntodincontro.mx\/es\/wp-json\/wp\/v2\/media?parent=4046"}],"wp:term":[{"taxonomy":"category","embeddable":true,"href":"https:\/\/puntodincontro.mx\/es\/wp-json\/wp\/v2\/categories?post=4046"},{"taxonomy":"post_tag","embeddable":true,"href":"https:\/\/puntodincontro.mx\/es\/wp-json\/wp\/v2\/tags?post=4046"}],"curies":[{"name":"wp","href":"https:\/\/api.w.org\/{rel}","templated":true}]}}