{"id":4133,"date":"2022-03-21T08:29:42","date_gmt":"2022-03-21T14:29:42","guid":{"rendered":"https:\/\/puntodincontro.mx\/?p=4133"},"modified":"2022-03-21T08:29:43","modified_gmt":"2022-03-21T14:29:43","slug":"despega-el-primer-vuelo-del-nuevo-aeropuerto-de-la-ciudad-de-mexico","status":"publish","type":"post","link":"https:\/\/puntodincontro.mx\/es\/2022\/03\/21\/decolla-il-primo-volo-dal-nuovo-aeroporto-di-citta-del-messico\/","title":{"rendered":"Despega el primer vuelo del nuevo aeropuerto de la Ciudad de M\u00e9xico"},"content":{"rendered":"<p class=\"translation-block\"><strong>08:14 hrs.<\/strong> \u2013 Despeg\u00f3 hoy el primer vuelo comercial del nuevo Aeropuerto Internacional Felipe \u00c1ngeles (AIFA) de la Ciudad de M\u00e9xico, pocos minutos antes del inicio de la ceremonia de inauguraci\u00f3n del aer\u00f3dromo.<\/p>\n\n\n\n<p>A las 06:53 horas, un avi\u00f3n de la compa\u00f1\u00eda Aerom\u00e9xico despeg\u00f3 rumbo a la ciudad de Villahermosa, en el Estado sur oriental de Tabasco, un trayecto con un tiempo estimado de vuelo de una hora con 50 minutos.<\/p>\n\n\n\n<p>En punto de las 05:08 horas el presidente Andr\u00e9s Manuel L\u00f3pez Obrador sali\u00f3 de Palacio Nacional \u2014en el centro hist\u00f3rico de la capital\u2014 rumbo al aeropuerto. El titular del Ejecutivo Federal hab\u00eda anunciado en d\u00edas pasados que saldr\u00eda a las 05:00 horas y se tardar\u00eda 40 minutos en su trayecto a la terminal a\u00e9rea.<\/p>\n\n\n\n<p>Lleg\u00f3 efectivamente \u2014tomando en cuenta que el 21 de marzo de este a\u00f1o es un d\u00eda inh\u00e1bil en M\u00e9xico, por lo que el tr\u00e1fico vehicular no es comparable con el de d\u00edas laborables\u2014 a las 05:48 a las puertas de la Base A\u00e9rea Militar n\u00famero 1, situada a un lado del aer\u00f3dromo.<\/p>\n\n\n\n<p>A las 7.05 inici\u00f3 la conferencia del presidente desde las nuevas instalaciones. Junto a \u00e9l se encuentran los gobernadores del Estado de Hidalgo, Omar Fayad, y del Estado de M\u00e9xico, Alfredo del Mazo, adem\u00e1s de la jefa de Gobierno de la capital del pa\u00eds, Claudia Sheinbaum.<\/p>\n\n\n\n<div style=\"height:12px\" aria-hidden=\"true\" class=\"wp-block-spacer\"><\/div>\n\n\n\n\n\n<div style=\"height:12px\" aria-hidden=\"true\" class=\"wp-block-spacer\"><\/div>","protected":false},"excerpt":{"rendered":"<p>Ore 08.14 &#8211; \u00c8 decollato oggi il primo volo commerciale dal nuovo Aeroporto Internazionale Felipe \u00c1ngeles (AIFA) di Citt\u00e0 del Messico pochi minuti prima dell&#8217;inizio della cerimonia di inaugurazione dell&#8217;aeroscalo. Alle 6:53 un velivolo della compagnia Aerom\u00e9xico si \u00e8 sollevato dal suolo iniziando un viaggio con un tempo di volo stimato di un&#8217;ora e 50 minuti verso la citt\u00e0 di Villahermosa, nello stato sudorientale di Tabasco. Alle 5:08 il presidente Andr\u00e9s Manuel L\u00f3pez Obrador ha lasciato Palazzo Nazionale, nel centro storico della capitale, dirigendosi verso l&#8217;aeroporto. Il capo dell&#8217;esecutivo federale aveva annunciato nei giorni scorsi che sarebbe partito alle 5:00&#8230; <\/p>","protected":false},"author":2,"featured_media":4135,"comment_status":"open","ping_status":"open","sticky":false,"template":"","format":"standard","meta":{"_monsterinsights_skip_tracking":false,"_monsterinsights_sitenote_active":false,"_monsterinsights_sitenote_note":"","_monsterinsights_sitenote_category":0,"footnotes":""},"categories":[8],"tags":[],"class_list":["post-4133","post","type-post","status-publish","format-standard","has-post-thumbnail","hentry","category-viaggi"],"yoast_head":"<!-- This site is optimized with the Yoast SEO Premium plugin v18.4 (Yoast SEO v25.6) - https:\/\/yoast.com\/wordpress\/plugins\/seo\/ -->\n<title>Decolla il primo volo dal nuovo aeroporto di Citt\u00e0 del Messico Puntodincontro<\/title>\n<meta name=\"description\" content=\"\u00c8 decollato oggi il primo volo commerciale dal nuovo Aeroporto Internazionale Felipe \u00c1ngeles (AIFA) di Citt\u00e0 del Messico pochi minuti prima dell&#039;inizio della cerimonia di inaugurazione dell&#039;aeroscalo.\" \/>\n<meta name=\"robots\" content=\"index, follow, max-snippet:-1, max-image-preview:large, max-video-preview:-1\" \/>\n<link rel=\"canonical\" href=\"https:\/\/puntodincontro.mx\/es\/2022\/03\/21\/despega-el-primer-vuelo-del-nuevo-aeropuerto-de-la-ciudad-de-mexico\/\" \/>\n<meta property=\"og:locale\" content=\"es_MX\" \/>\n<meta property=\"og:type\" content=\"article\" \/>\n<meta property=\"og:title\" content=\"Decolla il primo volo dal nuovo aeroporto di Citt\u00e0 del Messico\" \/>\n<meta property=\"og:description\" content=\"\u00c8 decollato oggi il primo volo commerciale dal nuovo Aeroporto Internazionale Felipe \u00c1ngeles (AIFA) di Citt\u00e0 del Messico pochi minuti prima dell&#039;inizio della cerimonia di inaugurazione dell&#039;aeroscalo.\" \/>\n<meta property=\"og:url\" content=\"https:\/\/puntodincontro.mx\/es\/2022\/03\/21\/despega-el-primer-vuelo-del-nuevo-aeropuerto-de-la-ciudad-de-mexico\/\" \/>\n<meta property=\"og:site_name\" content=\"Puntodincontro\" \/>\n<meta property=\"article:publisher\" content=\"https:\/\/www.facebook.com\/puntodincontro.mx\" \/>\n<meta property=\"article:published_time\" content=\"2022-03-21T14:29:42+00:00\" \/>\n<meta property=\"article:modified_time\" content=\"2022-03-21T14:29:43+00:00\" \/>\n<meta property=\"og:image\" content=\"https:\/\/puntodincontro.mx\/wp-content\/uploads\/2022\/03\/primovolodallaifavert.webp\" \/>\n\t<meta property=\"og:image:width\" content=\"423\" \/>\n\t<meta property=\"og:image:height\" content=\"488\" \/>\n\t<meta property=\"og:image:type\" content=\"image\/webp\" \/>\n<meta name=\"author\" content=\"Puntodincontro\" \/>\n<meta name=\"twitter:card\" content=\"summary_large_image\" \/>\n<meta name=\"twitter:creator\" content=\"@puntodincontro\" \/>\n<meta name=\"twitter:site\" content=\"@puntodincontro\" \/>\n<meta name=\"twitter:label1\" content=\"Escrito por\" \/>\n\t<meta name=\"twitter:data1\" content=\"Puntodincontro\" \/>\n\t<meta name=\"twitter:label2\" content=\"Tiempo de lectura\" \/>\n\t<meta name=\"twitter:data2\" content=\"2 minutos\" \/>\n<script type=\"application\/ld+json\" class=\"yoast-schema-graph\">{\"@context\":\"https:\/\/schema.org\",\"@graph\":[{\"@type\":\"NewsArticle\",\"@id\":\"https:\/\/puntodincontro.mx\/2022\/03\/21\/decolla-il-primo-volo-dal-nuovo-aeroporto-di-citta-del-messico\/#article\",\"isPartOf\":{\"@id\":\"https:\/\/puntodincontro.mx\/2022\/03\/21\/decolla-il-primo-volo-dal-nuovo-aeroporto-di-citta-del-messico\/\"},\"author\":{\"name\":\"Puntodincontro\",\"@id\":\"https:\/\/puntodincontro.mx\/#\/schema\/person\/d3066d18a16259cbb0c29b0d0e93b556\"},\"headline\":\"Decolla il primo volo dal nuovo aeroporto di Citt\u00e0 del Messico\",\"datePublished\":\"2022-03-21T14:29:42+00:00\",\"dateModified\":\"2022-03-21T14:29:43+00:00\",\"mainEntityOfPage\":{\"@id\":\"https:\/\/puntodincontro.mx\/2022\/03\/21\/decolla-il-primo-volo-dal-nuovo-aeroporto-di-citta-del-messico\/\"},\"wordCount\":200,\"commentCount\":0,\"publisher\":{\"@id\":\"https:\/\/puntodincontro.mx\/#organization\"},\"image\":{\"@id\":\"https:\/\/puntodincontro.mx\/2022\/03\/21\/decolla-il-primo-volo-dal-nuovo-aeroporto-di-citta-del-messico\/#primaryimage\"},\"thumbnailUrl\":\"https:\/\/puntodincontro.mx\/wp-content\/uploads\/2022\/03\/primovolodallaifavert.webp\",\"articleSection\":[\"Viaggi\"],\"inLanguage\":\"es\",\"potentialAction\":[{\"@type\":\"CommentAction\",\"name\":\"Comment\",\"target\":[\"https:\/\/puntodincontro.mx\/2022\/03\/21\/decolla-il-primo-volo-dal-nuovo-aeroporto-di-citta-del-messico\/#respond\"]}]},{\"@type\":\"WebPage\",\"@id\":\"https:\/\/puntodincontro.mx\/2022\/03\/21\/decolla-il-primo-volo-dal-nuovo-aeroporto-di-citta-del-messico\/\",\"url\":\"https:\/\/puntodincontro.mx\/2022\/03\/21\/decolla-il-primo-volo-dal-nuovo-aeroporto-di-citta-del-messico\/\",\"name\":\"Decolla il primo volo dal nuovo aeroporto di Citt\u00e0 del Messico Puntodincontro\",\"isPartOf\":{\"@id\":\"https:\/\/puntodincontro.mx\/#website\"},\"primaryImageOfPage\":{\"@id\":\"https:\/\/puntodincontro.mx\/2022\/03\/21\/decolla-il-primo-volo-dal-nuovo-aeroporto-di-citta-del-messico\/#primaryimage\"},\"image\":{\"@id\":\"https:\/\/puntodincontro.mx\/2022\/03\/21\/decolla-il-primo-volo-dal-nuovo-aeroporto-di-citta-del-messico\/#primaryimage\"},\"thumbnailUrl\":\"https:\/\/puntodincontro.mx\/wp-content\/uploads\/2022\/03\/primovolodallaifavert.webp\",\"datePublished\":\"2022-03-21T14:29:42+00:00\",\"dateModified\":\"2022-03-21T14:29:43+00:00\",\"description\":\"\u00c8 decollato oggi il primo volo commerciale dal nuovo Aeroporto Internazionale Felipe \u00c1ngeles (AIFA) di Citt\u00e0 del Messico pochi minuti prima dell'inizio della cerimonia di inaugurazione dell'aeroscalo.\",\"breadcrumb\":{\"@id\":\"https:\/\/puntodincontro.mx\/2022\/03\/21\/decolla-il-primo-volo-dal-nuovo-aeroporto-di-citta-del-messico\/#breadcrumb\"},\"inLanguage\":\"es\",\"potentialAction\":[{\"@type\":\"ReadAction\",\"target\":[\"https:\/\/puntodincontro.mx\/2022\/03\/21\/decolla-il-primo-volo-dal-nuovo-aeroporto-di-citta-del-messico\/\"]}]},{\"@type\":\"ImageObject\",\"inLanguage\":\"es\",\"@id\":\"https:\/\/puntodincontro.mx\/2022\/03\/21\/decolla-il-primo-volo-dal-nuovo-aeroporto-di-citta-del-messico\/#primaryimage\",\"url\":\"https:\/\/puntodincontro.mx\/wp-content\/uploads\/2022\/03\/primovolodallaifavert.webp\",\"contentUrl\":\"https:\/\/puntodincontro.mx\/wp-content\/uploads\/2022\/03\/primovolodallaifavert.webp\",\"width\":423,\"height\":488,\"caption\":\"Decolla il primo volo dal nuovo aeroporto di Citt\u00e0 del Messico\"},{\"@type\":\"BreadcrumbList\",\"@id\":\"https:\/\/puntodincontro.mx\/2022\/03\/21\/decolla-il-primo-volo-dal-nuovo-aeroporto-di-citta-del-messico\/#breadcrumb\",\"itemListElement\":[{\"@type\":\"ListItem\",\"position\":1,\"name\":\"Home\",\"item\":\"https:\/\/puntodincontro.mx\/\"},{\"@type\":\"ListItem\",\"position\":2,\"name\":\"Decolla il primo volo dal nuovo aeroporto di Citt\u00e0 del Messico\"}]},{\"@type\":\"WebSite\",\"@id\":\"https:\/\/puntodincontro.mx\/#website\",\"url\":\"https:\/\/puntodincontro.mx\/\",\"name\":\"Puntodincontro\",\"description\":\"Dal 2006 notizie sui rapporti Italia-Messico \/ Desde 2006 noticias sobre las relaciones entre Italia y M\u00e9xico\",\"publisher\":{\"@id\":\"https:\/\/puntodincontro.mx\/#organization\"},\"potentialAction\":[{\"@type\":\"SearchAction\",\"target\":{\"@type\":\"EntryPoint\",\"urlTemplate\":\"https:\/\/puntodincontro.mx\/?s={search_term_string}\"},\"query-input\":{\"@type\":\"PropertyValueSpecification\",\"valueRequired\":true,\"valueName\":\"search_term_string\"}}],\"inLanguage\":\"es\"},{\"@type\":\"Organization\",\"@id\":\"https:\/\/puntodincontro.mx\/#organization\",\"name\":\"Puntodincontro\",\"url\":\"https:\/\/puntodincontro.mx\/\",\"logo\":{\"@type\":\"ImageObject\",\"inLanguage\":\"es\",\"@id\":\"https:\/\/puntodincontro.mx\/#\/schema\/logo\/image\/\",\"url\":\"https:\/\/puntodincontro.mx\/wp-content\/uploads\/2021\/08\/Default-image-for-open-graph-settings.jpg\",\"contentUrl\":\"https:\/\/puntodincontro.mx\/wp-content\/uploads\/2021\/08\/Default-image-for-open-graph-settings.jpg\",\"width\":1200,\"height\":630,\"caption\":\"Puntodincontro\"},\"image\":{\"@id\":\"https:\/\/puntodincontro.mx\/#\/schema\/logo\/image\/\"},\"sameAs\":[\"https:\/\/www.facebook.com\/puntodincontro.mx\",\"https:\/\/x.com\/puntodincontro\",\"https:\/\/www.instagram.com\/puntodincontro.mx\/\",\"https:\/\/www.linkedin.com\/company\/puntodincontro\/\",\"https:\/\/www.youtube.com\/c\/puntodincontromessico\",\"https:\/\/www.patreon.com\/puntodincontro\",\"https:\/\/www.threads.net\/@puntodincontro.mx\"]},{\"@type\":\"Person\",\"@id\":\"https:\/\/puntodincontro.mx\/#\/schema\/person\/d3066d18a16259cbb0c29b0d0e93b556\",\"name\":\"Puntodincontro\",\"image\":{\"@type\":\"ImageObject\",\"inLanguage\":\"es\",\"@id\":\"https:\/\/puntodincontro.mx\/#\/schema\/person\/image\/\",\"url\":\"https:\/\/secure.gravatar.com\/avatar\/0e85b4b3b5e9d6bfcec6a4956d8cc63a?s=96&d=mm&r=g\",\"contentUrl\":\"https:\/\/secure.gravatar.com\/avatar\/0e85b4b3b5e9d6bfcec6a4956d8cc63a?s=96&d=mm&r=g\",\"caption\":\"Puntodincontro\"},\"url\":\"https:\/\/puntodincontro.mx\/es\/author\/puntodincontro\/\"}]}<\/script>\n<!-- \/ Yoast SEO Premium plugin. -->","yoast_head_json":{"title":"Decolla il primo volo dal nuovo aeroporto di Citt\u00e0 del Messico Puntodincontro","description":"\u00c8 decollato oggi il primo volo commerciale dal nuovo Aeroporto Internazionale Felipe \u00c1ngeles (AIFA) di Citt\u00e0 del Messico pochi minuti prima dell'inizio della cerimonia di inaugurazione dell'aeroscalo.","robots":{"index":"index","follow":"follow","max-snippet":"max-snippet:-1","max-image-preview":"max-image-preview:large","max-video-preview":"max-video-preview:-1"},"canonical":"https:\/\/puntodincontro.mx\/es\/2022\/03\/21\/despega-el-primer-vuelo-del-nuevo-aeropuerto-de-la-ciudad-de-mexico\/","og_locale":"es_MX","og_type":"article","og_title":"Decolla il primo volo dal nuovo aeroporto di Citt\u00e0 del Messico","og_description":"\u00c8 decollato oggi il primo volo commerciale dal nuovo Aeroporto Internazionale Felipe \u00c1ngeles (AIFA) di Citt\u00e0 del Messico pochi minuti prima dell'inizio della cerimonia di inaugurazione dell'aeroscalo.","og_url":"https:\/\/puntodincontro.mx\/es\/2022\/03\/21\/despega-el-primer-vuelo-del-nuevo-aeropuerto-de-la-ciudad-de-mexico\/","og_site_name":"Puntodincontro","article_publisher":"https:\/\/www.facebook.com\/puntodincontro.mx","article_published_time":"2022-03-21T14:29:42+00:00","article_modified_time":"2022-03-21T14:29:43+00:00","og_image":[{"width":423,"height":488,"url":"https:\/\/puntodincontro.mx\/wp-content\/uploads\/2022\/03\/primovolodallaifavert.webp","type":"image\/webp"}],"author":"Puntodincontro","twitter_card":"summary_large_image","twitter_creator":"@puntodincontro","twitter_site":"@puntodincontro","twitter_misc":{"Escrito por":"Puntodincontro","Tiempo de lectura":"2 minutos"},"schema":{"@context":"https:\/\/schema.org","@graph":[{"@type":"NewsArticle","@id":"https:\/\/puntodincontro.mx\/2022\/03\/21\/decolla-il-primo-volo-dal-nuovo-aeroporto-di-citta-del-messico\/#article","isPartOf":{"@id":"https:\/\/puntodincontro.mx\/2022\/03\/21\/decolla-il-primo-volo-dal-nuovo-aeroporto-di-citta-del-messico\/"},"author":{"name":"Puntodincontro","@id":"https:\/\/puntodincontro.mx\/#\/schema\/person\/d3066d18a16259cbb0c29b0d0e93b556"},"headline":"Decolla il primo volo dal nuovo aeroporto di Citt\u00e0 del Messico","datePublished":"2022-03-21T14:29:42+00:00","dateModified":"2022-03-21T14:29:43+00:00","mainEntityOfPage":{"@id":"https:\/\/puntodincontro.mx\/2022\/03\/21\/decolla-il-primo-volo-dal-nuovo-aeroporto-di-citta-del-messico\/"},"wordCount":200,"commentCount":0,"publisher":{"@id":"https:\/\/puntodincontro.mx\/#organization"},"image":{"@id":"https:\/\/puntodincontro.mx\/2022\/03\/21\/decolla-il-primo-volo-dal-nuovo-aeroporto-di-citta-del-messico\/#primaryimage"},"thumbnailUrl":"https:\/\/puntodincontro.mx\/wp-content\/uploads\/2022\/03\/primovolodallaifavert.webp","articleSection":["Viaggi"],"inLanguage":"es","potentialAction":[{"@type":"CommentAction","name":"Comment","target":["https:\/\/puntodincontro.mx\/2022\/03\/21\/decolla-il-primo-volo-dal-nuovo-aeroporto-di-citta-del-messico\/#respond"]}]},{"@type":"WebPage","@id":"https:\/\/puntodincontro.mx\/2022\/03\/21\/decolla-il-primo-volo-dal-nuovo-aeroporto-di-citta-del-messico\/","url":"https:\/\/puntodincontro.mx\/2022\/03\/21\/decolla-il-primo-volo-dal-nuovo-aeroporto-di-citta-del-messico\/","name":"Decolla il primo volo dal nuovo aeroporto di Citt\u00e0 del Messico Puntodincontro","isPartOf":{"@id":"https:\/\/puntodincontro.mx\/#website"},"primaryImageOfPage":{"@id":"https:\/\/puntodincontro.mx\/2022\/03\/21\/decolla-il-primo-volo-dal-nuovo-aeroporto-di-citta-del-messico\/#primaryimage"},"image":{"@id":"https:\/\/puntodincontro.mx\/2022\/03\/21\/decolla-il-primo-volo-dal-nuovo-aeroporto-di-citta-del-messico\/#primaryimage"},"thumbnailUrl":"https:\/\/puntodincontro.mx\/wp-content\/uploads\/2022\/03\/primovolodallaifavert.webp","datePublished":"2022-03-21T14:29:42+00:00","dateModified":"2022-03-21T14:29:43+00:00","description":"\u00c8 decollato oggi il primo volo commerciale dal nuovo Aeroporto Internazionale Felipe \u00c1ngeles (AIFA) di Citt\u00e0 del Messico pochi minuti prima dell'inizio della cerimonia di inaugurazione dell'aeroscalo.","breadcrumb":{"@id":"https:\/\/puntodincontro.mx\/2022\/03\/21\/decolla-il-primo-volo-dal-nuovo-aeroporto-di-citta-del-messico\/#breadcrumb"},"inLanguage":"es","potentialAction":[{"@type":"ReadAction","target":["https:\/\/puntodincontro.mx\/2022\/03\/21\/decolla-il-primo-volo-dal-nuovo-aeroporto-di-citta-del-messico\/"]}]},{"@type":"ImageObject","inLanguage":"es","@id":"https:\/\/puntodincontro.mx\/2022\/03\/21\/decolla-il-primo-volo-dal-nuovo-aeroporto-di-citta-del-messico\/#primaryimage","url":"https:\/\/puntodincontro.mx\/wp-content\/uploads\/2022\/03\/primovolodallaifavert.webp","contentUrl":"https:\/\/puntodincontro.mx\/wp-content\/uploads\/2022\/03\/primovolodallaifavert.webp","width":423,"height":488,"caption":"Decolla il primo volo dal nuovo aeroporto di Citt\u00e0 del Messico"},{"@type":"BreadcrumbList","@id":"https:\/\/puntodincontro.mx\/2022\/03\/21\/decolla-il-primo-volo-dal-nuovo-aeroporto-di-citta-del-messico\/#breadcrumb","itemListElement":[{"@type":"ListItem","position":1,"name":"Home","item":"https:\/\/puntodincontro.mx\/"},{"@type":"ListItem","position":2,"name":"Decolla il primo volo dal nuovo aeroporto di Citt\u00e0 del Messico"}]},{"@type":"WebSite","@id":"https:\/\/puntodincontro.mx\/#website","url":"https:\/\/puntodincontro.mx\/","name":"Puntodincontro","description":"Desde el 2006 noticias sobre las relaciones entre Italia y M\u00e9xico \/ Dal 2006 notizie sui rapporti Italia-Messico","publisher":{"@id":"https:\/\/puntodincontro.mx\/#organization"},"potentialAction":[{"@type":"SearchAction","target":{"@type":"EntryPoint","urlTemplate":"https:\/\/puntodincontro.mx\/?s={search_term_string}"},"query-input":{"@type":"PropertyValueSpecification","valueRequired":true,"valueName":"search_term_string"}}],"inLanguage":"es"},{"@type":"Organization","@id":"https:\/\/puntodincontro.mx\/#organization","name":"Puntodincontro","url":"https:\/\/puntodincontro.mx\/","logo":{"@type":"ImageObject","inLanguage":"es","@id":"https:\/\/puntodincontro.mx\/#\/schema\/logo\/image\/","url":"https:\/\/puntodincontro.mx\/wp-content\/uploads\/2021\/08\/Default-image-for-open-graph-settings.jpg","contentUrl":"https:\/\/puntodincontro.mx\/wp-content\/uploads\/2021\/08\/Default-image-for-open-graph-settings.jpg","width":1200,"height":630,"caption":"Puntodincontro"},"image":{"@id":"https:\/\/puntodincontro.mx\/#\/schema\/logo\/image\/"},"sameAs":["https:\/\/www.facebook.com\/puntodincontro.mx","https:\/\/x.com\/puntodincontro","https:\/\/www.instagram.com\/puntodincontro.mx\/","https:\/\/www.linkedin.com\/company\/puntodincontro\/","https:\/\/www.youtube.com\/c\/puntodincontromessico","https:\/\/www.patreon.com\/puntodincontro","https:\/\/www.threads.net\/@puntodincontro.mx"]},{"@type":"Person","@id":"https:\/\/puntodincontro.mx\/#\/schema\/person\/d3066d18a16259cbb0c29b0d0e93b556","name":"Puntodincontro","image":{"@type":"ImageObject","inLanguage":"es","@id":"https:\/\/puntodincontro.mx\/#\/schema\/person\/image\/","url":"https:\/\/secure.gravatar.com\/avatar\/0e85b4b3b5e9d6bfcec6a4956d8cc63a?s=96&d=mm&r=g","contentUrl":"https:\/\/secure.gravatar.com\/avatar\/0e85b4b3b5e9d6bfcec6a4956d8cc63a?s=96&d=mm&r=g","caption":"Puntodincontro"},"url":"https:\/\/puntodincontro.mx\/es\/author\/puntodincontro\/"}]}},"_links":{"self":[{"href":"https:\/\/puntodincontro.mx\/es\/wp-json\/wp\/v2\/posts\/4133"}],"collection":[{"href":"https:\/\/puntodincontro.mx\/es\/wp-json\/wp\/v2\/posts"}],"about":[{"href":"https:\/\/puntodincontro.mx\/es\/wp-json\/wp\/v2\/types\/post"}],"author":[{"embeddable":true,"href":"https:\/\/puntodincontro.mx\/es\/wp-json\/wp\/v2\/users\/2"}],"replies":[{"embeddable":true,"href":"https:\/\/puntodincontro.mx\/es\/wp-json\/wp\/v2\/comments?post=4133"}],"version-history":[{"count":5,"href":"https:\/\/puntodincontro.mx\/es\/wp-json\/wp\/v2\/posts\/4133\/revisions"}],"predecessor-version":[{"id":4139,"href":"https:\/\/puntodincontro.mx\/es\/wp-json\/wp\/v2\/posts\/4133\/revisions\/4139"}],"wp:featuredmedia":[{"embeddable":true,"href":"https:\/\/puntodincontro.mx\/es\/wp-json\/wp\/v2\/media\/4135"}],"wp:attachment":[{"href":"https:\/\/puntodincontro.mx\/es\/wp-json\/wp\/v2\/media?parent=4133"}],"wp:term":[{"taxonomy":"category","embeddable":true,"href":"https:\/\/puntodincontro.mx\/es\/wp-json\/wp\/v2\/categories?post=4133"},{"taxonomy":"post_tag","embeddable":true,"href":"https:\/\/puntodincontro.mx\/es\/wp-json\/wp\/v2\/tags?post=4133"}],"curies":[{"name":"wp","href":"https:\/\/api.w.org\/{rel}","templated":true}]}}