{"id":4421,"date":"2022-04-02T03:16:15","date_gmt":"2022-04-02T09:16:15","guid":{"rendered":"https:\/\/puntodincontro.mx\/?p=4421"},"modified":"2022-04-02T03:16:17","modified_gmt":"2022-04-02T09:16:17","slug":"cientificos-italianos-en-el-mundo-un-sondeo-para-ofrecer-propuestas","status":"publish","type":"post","link":"https:\/\/puntodincontro.mx\/es\/2022\/04\/02\/ricercatori-italiani-allestero-un-sondaggio-per-fornire-proposte\/","title":{"rendered":"Cient\u00edficos italianos en el mundo: un sondeo para ofrecer propuestas"},"content":{"rendered":"<p class=\"translation-block\"><strong>02:58 hrs.<\/strong> \u2013 En la formaci\u00f3n de un investigador, una experiencia en el extranjero es un paso importante, casi obligatorio. Permite construir un sistema de referencia m\u00e1s amplio, as\u00ed como adquirir conocimientos y colaboraciones. La Carta Europea de los Investigadores del 11 de marzo de 2005 tambi\u00e9n recuerda la importancia educativa de la movilidad de los cient\u00edficos, que representa adem\u00e1s una gran oportunidad para la diplomacia cient\u00edfica, fomentando el di\u00e1logo internacional y mejores relaciones culturales y econ\u00f3micas entre los pa\u00edses.<\/p>\n\n\n\n<p class=\"translation-block\">En fin, para quien investiga, cambiar de residencia es bueno y hace bien. Pero para la opini\u00f3n p\u00fablica italiana, la movilidad internacional de los connacionales investigadores ha adquirido un valor negativo a lo largo del tiempo: fuga de cerebros, <em>brain drain<\/em>, di\u00e1spora cient\u00edfica. \u00bfPor qu\u00e9 raz\u00f3n? El tema es algo pol\u00edtico, pero no faltan razones objetivas. Seg\u00fan la ministra de Educaci\u00f3n, Mar\u00eda Cristina Messa: \u00abLa movilidad de nuestros j\u00f3venes investigadores no es en s\u00ed misma un aspecto negativo. El problema es que el fen\u00f3meno es asim\u00e9trico: no hay una circulaci\u00f3n real y no logramos atraer a j\u00f3venes extranjeros\u00bb.<\/p>\n\n\n\n<p class=\"translation-block\">Ciertamente, los investigadores italianos que se van casi nunca regresan y son pocos los cient\u00edficos extranjeros que eligen Italia para hacer carrera. Un estudio de 2012 (<a href=\"https:\/\/www.nature.com\/articles\/nbt.2449\" target=\"_blank\" rel=\"noreferrer noopener\">Franzoni, Scellato, Nature Biotech<\/a>) mostr\u00f3 que el 16% de los investigadores italianos publicaba en el exterior, mientras que solo el 3% de los art\u00edculos cient\u00edficos que se originaban en el Bel Paese ten\u00edan un autor de origen extranjero. Las cosas no han cambiado despu\u00e9s de una d\u00e9cada. Seg\u00fan una estimaci\u00f3n citada por la Corte dei Conti (<a href=\"https:\/\/www.corteconti.it\/Download?id=5078c35f-a683-482b-821c-33e05f1ac3e5\" target=\"_blank\" rel=\"noreferrer noopener\">Informe sobre el sistema universitario 2021<\/a>), la fuga de titulados ha aumentado 41.8% desde 2013 hasta hoy.<\/p>\n\n\n\n<p>Una encuesta informal promovida por el Ministerio de Relaciones Exteriores y Cooperaci\u00f3n Internacional en 2021 entre las distintas sedes diplom\u00e1ticas contabiliz\u00f3 a unos 33 mil investigadores en el extranjero. El grupo m\u00e1s numeroso es el de Estados Unidos, donde se calcula que trabajan m\u00e1s de 15 mil cient\u00edficos italianos. Sigue el Reino Unido, que tiene alrededor de 6 mil, y Francia y Alemania con alrededor de 3,500 cada uno. El mismo n\u00famero se estima en la Pen\u00ednsula Ib\u00e9rica. Hay 500 en Noruega, otros 500 en Australia, 200 en M\u00e9xico, 100 en Singapur, 150 en Jap\u00f3n, 120 en Sud\u00e1frica, 50 en China. Y no faltan en Vietnam, Corea y muchos otros pa\u00edses.<\/p>\n\n\n\n<p>Para los investigadores italianos, la decisi\u00f3n de \u201cirse al extranjero\u201d no siempre es determinada por la imposibilidad de encontrar trabajo en patria. Las razones de la movilidad suelen ser complejas e implican una serie de factores personales, culturales y profesionales, entre los que se incluye el factor impulsor de una excelente preparaci\u00f3n universitaria, que abre las puertas al mundo.<\/p>\n\n\n\n<p>\u00abLos factores que sustentan la movilidad de los italianos son diferentes, pero en gran medida compartidos con los migrantes europeos de alto nivel: retribuciones m\u00e1s altas, oportunidades profesionales, acceso al financiamiento y mejores infraestructuras de investigaci\u00f3n\u00bb, explica Carolina Brandi del Instituto de Investigaci\u00f3n de Poblaci\u00f3n y Pol\u00edticas Sociales (IRPPS) del CNR, que lleva muchos a\u00f1os estudiando la inmigraci\u00f3n y la emigraci\u00f3n altamente cualificada. \u00abLa movilidad se asocia con el desarrollo profesional y la mejora del rendimiento acad\u00e9mico del investigador, aunque la causalidad es dif\u00edcil de establecer. La mitad de los investigadores considera negativa para el pa\u00eds la p\u00e9rdida de capacidades de los migrantes, mientras que la otra mitad considera importante el regreso que sigue, con su inclusi\u00f3n en un circuito cient\u00edfico internacional y la posibilidad de participar en proyectos importantes\u00bb.<\/p>\n\n\n\n<p class=\"translation-block\">Durante la pandemia, entre salidas y regresos, los flujos se volvieron mucho m\u00e1s complejos, con criticidades y oportunidades. La pandemia fue una oportunidad para muchos investigadores expatriados de reconsiderar la decisi\u00f3n de emigrar, tal vez para aprovechar las facilidades previstas por el art. 44 del D.L. n. 78\/2020 que garantiza una reducci\u00f3n de la base gravable del 90% a los investigadores y docentes que regresan. Una encuesta realizada por el Centro de Estudios de PwC en plena pandemia (<a href=\"https:\/\/www.talentsinmotion.org\/static\/upload\/tal\/talents-2020---summary_v9--3-1.pdf\" target=\"_blank\" rel=\"noreferrer noopener\">COVID-19, L\u2019impatto sui giovani talenti<\/a>) encontr\u00f3 que 1 de cada 5 talentos pensaba regresar, tambi\u00e9n para acercarse a la familia.\nEn la convocatoria de 2021 para las ERC starting grants, sin embargo, entre los 58 ganadores italianos \u2014segundos en Europa, detr\u00e1s de los alemanes (67) y por delante de los franceses (44) y los holandeses (27)\u2014, solo 28 llevar\u00e1n a cabo su proyecto en Italia, todos los dem\u00e1s trabajar\u00e1n en el extranjero.\nSe necesitan m\u00e1s oportunidades para quienes quieren regresar del extranjero. Internacionalizar cada vez m\u00e1s el sistema de investigaci\u00f3n e innovaci\u00f3n en Italia es hoy un objetivo principal del gobierno: \u00abGracias a la posibilidad de combinar simplificaciones y reformas con el Plan Nacional de Recuperaci\u00f3n y Resiliencia, estamos viviendo un momento m\u00e1gico para resolver el problema de la llamada fuga de cerebros\u00bb, declar\u00f3 la ministra Messa.\nPara proporcionar herramientas de comparaci\u00f3n y desarrollo de propuestas para las pol\u00edticas cient\u00edficas italianas, la Oficina IX de la Direcci\u00f3n General para la Promoci\u00f3n del Sistema Pa\u00eds del ministerio de Relaciones Exteriores y el Istituto di ricerche sulla popolazione e le politiche sociali del CNR firmaron un memorando de entendimiento para colaborar en un estudio internacional sobre la emigraci\u00f3n de los \ninvestigadores italianos. El primer paso de este proyecto fue el lanzamiento de una encuesta en l\u00ednea, en la que todos los investigadores italianos en el extranjero est\u00e1n invitados a participar.\nParticipa en la encuesta sobre investigadores italianos en el extranjero.\n(Art\u00edculo basado en Cervelli fuori sede de Claudio Barchesi, publicado en Almanacco della Scienza el 30 de marzo de 2022)<\/p>\n\n\n\n<p class=\"translation-block\">En la convocatoria de 2021 para las <em>ERC starting grants<\/em>, sin embargo, entre los 58 ganadores italianos \u2014segundos en Europa, detr\u00e1s de los alemanes (67) y por delante de los franceses (44) y los holandeses (27)\u2014, solo 28 llevar\u00e1n a cabo su proyecto en Italia, todos los dem\u00e1s trabajar\u00e1n en el extranjero.<\/p>\n\n\n\n<p>Se necesitan m\u00e1s oportunidades para quienes quieren regresar del extranjero. Internacionalizar cada vez m\u00e1s el sistema de investigaci\u00f3n e innovaci\u00f3n en Italia es hoy un objetivo principal del gobierno: \u00abGracias a la posibilidad de combinar simplificaciones y reformas con el Plan Nacional de Recuperaci\u00f3n y Resiliencia, estamos viviendo un momento m\u00e1gico para resolver el problema de la llamada fuga de cerebros\u00bb, declar\u00f3 la ministra Messa.<\/p>\n\n\n\n<p>Para proporcionar herramientas de comparaci\u00f3n y desarrollo de propuestas para las pol\u00edticas cient\u00edficas italianas, la Oficina IX de la Direcci\u00f3n General para la Promoci\u00f3n del Sistema Pa\u00eds del ministerio de Relaciones Exteriores y el Istituto di ricerche sulla popolazione e le politiche sociali del CNR firmaron un memorando de entendimiento para colaborar en un estudio internacional sobre la emigraci\u00f3n de los \ninvestigadores italianos. El primer paso de este proyecto fue el lanzamiento de una encuesta en l\u00ednea, en la que todos los investigadores italianos en el extranjero est\u00e1n invitados a participar.<\/p>\n\n\n\n<p class=\"translation-block\">Participa en la <a href=\"https:\/\/survey.cnr.it\/index.php?r=survey\/index&amp;sid=181824&amp;move=1\" target=\"_blank\" rel=\"noreferrer noopener\">encuesta sobre investigadores italianos en el extranjero<\/a>.<\/p>\n\n\n\n<p class=\"translation-block\">(Art\u00edculo basado en <em>Cervelli fuori sede<\/em> de Claudio Barchesi, publicado en Almanacco della Scienza el 30 de marzo de 2022)<\/p>\n\n\n\n<div style=\"height:12px\" aria-hidden=\"true\" class=\"wp-block-spacer\"><\/div>\n\n\n\n\n\n<div style=\"height:12px\" aria-hidden=\"true\" class=\"wp-block-spacer\"><\/div>","protected":false},"excerpt":{"rendered":"<p>Ore 02.58 &#8211; Nella formazione di un ricercatore un&#8217;esperienza all&#8217;estero \u00e8 un passaggio importante, quasi obbligato. Permette di costruire un sistema di riferimenti pi\u00f9 vasto, oltre ad acquisire conoscenze e collaborazioni. Anche la Carta europea dei ricercatori dell\u201911 marzo 2005 ricorda l\u2019importanza formativa della mobilit\u00e0 degli scienziati, che rappresenta una grande opportunit\u00e0 anche per la diplomazia scientifica, favorendo il dialogo internazionale e migliori rapporti culturali ed economici tra i Paesi. Insomma, per chi fa ricerca spostarsi \u00e8 bene e fa bene. Ma per l\u2019opinione pubblica italiana la mobilit\u00e0 internazionale dei connazionali ricercatori ha assunto nel tempo un valore negativo: fuga&#8230; <\/p>","protected":false},"author":2,"featured_media":4423,"comment_status":"open","ping_status":"open","sticky":false,"template":"","format":"standard","meta":{"_monsterinsights_skip_tracking":false,"_monsterinsights_sitenote_active":false,"_monsterinsights_sitenote_note":"","_monsterinsights_sitenote_category":0,"footnotes":""},"categories":[14],"tags":[],"class_list":["post-4421","post","type-post","status-publish","format-standard","has-post-thumbnail","hentry","category-scienza-e-tecnologia"],"yoast_head":"<!-- This site is optimized with the Yoast SEO Premium plugin v18.4 (Yoast SEO v25.6) - https:\/\/yoast.com\/wordpress\/plugins\/seo\/ -->\n<title>Ricercatori italiani all&#039;estero: un sondaggio per fornire proposte Puntodincontro<\/title>\n<meta name=\"description\" content=\"Per fornire strumenti di confronto e proposte di sviluppo per le politiche scientifiche italiane, l\u2019Ufficio IX della Direzione generale per la promozione del sistema Paese del ministero degli Affari esteri e l\u2019Istituto di ricerche sulla popolazione e le politiche sociali del CNR hanno sottoscritto un protocollo d\u2019intesa per collaborare a uno studio internazionale sull\u2019emigrazione dei ricercatori italiani.\" \/>\n<meta name=\"robots\" content=\"index, follow, max-snippet:-1, max-image-preview:large, max-video-preview:-1\" \/>\n<link rel=\"canonical\" href=\"https:\/\/puntodincontro.mx\/es\/2022\/04\/02\/cientificos-italianos-en-el-mundo-un-sondeo-para-ofrecer-propuestas\/\" \/>\n<meta property=\"og:locale\" content=\"es_MX\" \/>\n<meta property=\"og:type\" content=\"article\" \/>\n<meta property=\"og:title\" content=\"Ricercatori italiani all&#039;estero: un sondaggio per fornire proposte\" \/>\n<meta property=\"og:description\" content=\"Per fornire strumenti di confronto e proposte di sviluppo per le politiche scientifiche italiane, l\u2019Ufficio IX della Direzione generale per la promozione del sistema Paese del ministero degli Affari esteri e l\u2019Istituto di ricerche sulla popolazione e le politiche sociali del CNR hanno sottoscritto un protocollo d\u2019intesa per collaborare a uno studio internazionale sull\u2019emigrazione dei ricercatori italiani.\" \/>\n<meta property=\"og:url\" content=\"https:\/\/puntodincontro.mx\/es\/2022\/04\/02\/cientificos-italianos-en-el-mundo-un-sondeo-para-ofrecer-propuestas\/\" \/>\n<meta property=\"og:site_name\" content=\"Puntodincontro\" \/>\n<meta property=\"article:publisher\" content=\"https:\/\/www.facebook.com\/puntodincontro.mx\" \/>\n<meta property=\"article:published_time\" content=\"2022-04-02T09:16:15+00:00\" \/>\n<meta property=\"article:modified_time\" content=\"2022-04-02T09:16:17+00:00\" \/>\n<meta property=\"og:image\" content=\"https:\/\/puntodincontro.mx\/wp-content\/uploads\/2022\/04\/sondaggioricercatoriallesterovert.webp\" \/>\n\t<meta property=\"og:image:width\" content=\"423\" \/>\n\t<meta property=\"og:image:height\" content=\"488\" \/>\n\t<meta property=\"og:image:type\" content=\"image\/webp\" \/>\n<meta name=\"author\" content=\"Puntodincontro\" \/>\n<meta name=\"twitter:card\" content=\"summary_large_image\" \/>\n<meta name=\"twitter:creator\" content=\"@puntodincontro\" \/>\n<meta name=\"twitter:site\" content=\"@puntodincontro\" \/>\n<meta name=\"twitter:label1\" content=\"Escrito por\" \/>\n\t<meta name=\"twitter:data1\" content=\"Puntodincontro\" \/>\n\t<meta name=\"twitter:label2\" content=\"Tiempo de lectura\" \/>\n\t<meta name=\"twitter:data2\" content=\"5 minutos\" \/>\n<script type=\"application\/ld+json\" class=\"yoast-schema-graph\">{\"@context\":\"https:\/\/schema.org\",\"@graph\":[{\"@type\":\"NewsArticle\",\"@id\":\"https:\/\/puntodincontro.mx\/2022\/04\/02\/ricercatori-italiani-allestero-un-sondaggio-per-fornire-proposte\/#article\",\"isPartOf\":{\"@id\":\"https:\/\/puntodincontro.mx\/2022\/04\/02\/ricercatori-italiani-allestero-un-sondaggio-per-fornire-proposte\/\"},\"author\":{\"name\":\"Puntodincontro\",\"@id\":\"https:\/\/puntodincontro.mx\/#\/schema\/person\/d3066d18a16259cbb0c29b0d0e93b556\"},\"headline\":\"Ricercatori italiani all&#8217;estero: un sondaggio per fornire proposte\",\"datePublished\":\"2022-04-02T09:16:15+00:00\",\"dateModified\":\"2022-04-02T09:16:17+00:00\",\"mainEntityOfPage\":{\"@id\":\"https:\/\/puntodincontro.mx\/2022\/04\/02\/ricercatori-italiani-allestero-un-sondaggio-per-fornire-proposte\/\"},\"wordCount\":820,\"commentCount\":0,\"publisher\":{\"@id\":\"https:\/\/puntodincontro.mx\/#organization\"},\"image\":{\"@id\":\"https:\/\/puntodincontro.mx\/2022\/04\/02\/ricercatori-italiani-allestero-un-sondaggio-per-fornire-proposte\/#primaryimage\"},\"thumbnailUrl\":\"https:\/\/puntodincontro.mx\/wp-content\/uploads\/2022\/04\/sondaggioricercatoriallesterovert.webp\",\"articleSection\":[\"Scienza e tecnologia\"],\"inLanguage\":\"es\",\"potentialAction\":[{\"@type\":\"CommentAction\",\"name\":\"Comment\",\"target\":[\"https:\/\/puntodincontro.mx\/2022\/04\/02\/ricercatori-italiani-allestero-un-sondaggio-per-fornire-proposte\/#respond\"]}]},{\"@type\":\"WebPage\",\"@id\":\"https:\/\/puntodincontro.mx\/2022\/04\/02\/ricercatori-italiani-allestero-un-sondaggio-per-fornire-proposte\/\",\"url\":\"https:\/\/puntodincontro.mx\/2022\/04\/02\/ricercatori-italiani-allestero-un-sondaggio-per-fornire-proposte\/\",\"name\":\"Ricercatori italiani all'estero: un sondaggio per fornire proposte Puntodincontro\",\"isPartOf\":{\"@id\":\"https:\/\/puntodincontro.mx\/#website\"},\"primaryImageOfPage\":{\"@id\":\"https:\/\/puntodincontro.mx\/2022\/04\/02\/ricercatori-italiani-allestero-un-sondaggio-per-fornire-proposte\/#primaryimage\"},\"image\":{\"@id\":\"https:\/\/puntodincontro.mx\/2022\/04\/02\/ricercatori-italiani-allestero-un-sondaggio-per-fornire-proposte\/#primaryimage\"},\"thumbnailUrl\":\"https:\/\/puntodincontro.mx\/wp-content\/uploads\/2022\/04\/sondaggioricercatoriallesterovert.webp\",\"datePublished\":\"2022-04-02T09:16:15+00:00\",\"dateModified\":\"2022-04-02T09:16:17+00:00\",\"description\":\"Per fornire strumenti di confronto e proposte di sviluppo per le politiche scientifiche italiane, l\u2019Ufficio IX della Direzione generale per la promozione del sistema Paese del ministero degli Affari esteri e l\u2019Istituto di ricerche sulla popolazione e le politiche sociali del CNR hanno sottoscritto un protocollo d\u2019intesa per collaborare a uno studio internazionale sull\u2019emigrazione dei ricercatori italiani.\",\"breadcrumb\":{\"@id\":\"https:\/\/puntodincontro.mx\/2022\/04\/02\/ricercatori-italiani-allestero-un-sondaggio-per-fornire-proposte\/#breadcrumb\"},\"inLanguage\":\"es\",\"potentialAction\":[{\"@type\":\"ReadAction\",\"target\":[\"https:\/\/puntodincontro.mx\/2022\/04\/02\/ricercatori-italiani-allestero-un-sondaggio-per-fornire-proposte\/\"]}]},{\"@type\":\"ImageObject\",\"inLanguage\":\"es\",\"@id\":\"https:\/\/puntodincontro.mx\/2022\/04\/02\/ricercatori-italiani-allestero-un-sondaggio-per-fornire-proposte\/#primaryimage\",\"url\":\"https:\/\/puntodincontro.mx\/wp-content\/uploads\/2022\/04\/sondaggioricercatoriallesterovert.webp\",\"contentUrl\":\"https:\/\/puntodincontro.mx\/wp-content\/uploads\/2022\/04\/sondaggioricercatoriallesterovert.webp\",\"width\":423,\"height\":488,\"caption\":\"Ricercatori italiani all'estero: un sondaggio per fornire proposte\"},{\"@type\":\"BreadcrumbList\",\"@id\":\"https:\/\/puntodincontro.mx\/2022\/04\/02\/ricercatori-italiani-allestero-un-sondaggio-per-fornire-proposte\/#breadcrumb\",\"itemListElement\":[{\"@type\":\"ListItem\",\"position\":1,\"name\":\"Home\",\"item\":\"https:\/\/puntodincontro.mx\/\"},{\"@type\":\"ListItem\",\"position\":2,\"name\":\"Ricercatori italiani all&#8217;estero: un sondaggio per fornire proposte\"}]},{\"@type\":\"WebSite\",\"@id\":\"https:\/\/puntodincontro.mx\/#website\",\"url\":\"https:\/\/puntodincontro.mx\/\",\"name\":\"Puntodincontro\",\"description\":\"Dal 2006 notizie sui rapporti Italia-Messico \/ Desde 2006 noticias sobre las relaciones entre Italia y M\u00e9xico\",\"publisher\":{\"@id\":\"https:\/\/puntodincontro.mx\/#organization\"},\"potentialAction\":[{\"@type\":\"SearchAction\",\"target\":{\"@type\":\"EntryPoint\",\"urlTemplate\":\"https:\/\/puntodincontro.mx\/?s={search_term_string}\"},\"query-input\":{\"@type\":\"PropertyValueSpecification\",\"valueRequired\":true,\"valueName\":\"search_term_string\"}}],\"inLanguage\":\"es\"},{\"@type\":\"Organization\",\"@id\":\"https:\/\/puntodincontro.mx\/#organization\",\"name\":\"Puntodincontro\",\"url\":\"https:\/\/puntodincontro.mx\/\",\"logo\":{\"@type\":\"ImageObject\",\"inLanguage\":\"es\",\"@id\":\"https:\/\/puntodincontro.mx\/#\/schema\/logo\/image\/\",\"url\":\"https:\/\/puntodincontro.mx\/wp-content\/uploads\/2021\/08\/Default-image-for-open-graph-settings.jpg\",\"contentUrl\":\"https:\/\/puntodincontro.mx\/wp-content\/uploads\/2021\/08\/Default-image-for-open-graph-settings.jpg\",\"width\":1200,\"height\":630,\"caption\":\"Puntodincontro\"},\"image\":{\"@id\":\"https:\/\/puntodincontro.mx\/#\/schema\/logo\/image\/\"},\"sameAs\":[\"https:\/\/www.facebook.com\/puntodincontro.mx\",\"https:\/\/x.com\/puntodincontro\",\"https:\/\/www.instagram.com\/puntodincontro.mx\/\",\"https:\/\/www.linkedin.com\/company\/puntodincontro\/\",\"https:\/\/www.youtube.com\/c\/puntodincontromessico\",\"https:\/\/www.patreon.com\/puntodincontro\",\"https:\/\/www.threads.net\/@puntodincontro.mx\"]},{\"@type\":\"Person\",\"@id\":\"https:\/\/puntodincontro.mx\/#\/schema\/person\/d3066d18a16259cbb0c29b0d0e93b556\",\"name\":\"Puntodincontro\",\"image\":{\"@type\":\"ImageObject\",\"inLanguage\":\"es\",\"@id\":\"https:\/\/puntodincontro.mx\/#\/schema\/person\/image\/\",\"url\":\"https:\/\/secure.gravatar.com\/avatar\/0e85b4b3b5e9d6bfcec6a4956d8cc63a?s=96&d=mm&r=g\",\"contentUrl\":\"https:\/\/secure.gravatar.com\/avatar\/0e85b4b3b5e9d6bfcec6a4956d8cc63a?s=96&d=mm&r=g\",\"caption\":\"Puntodincontro\"},\"url\":\"https:\/\/puntodincontro.mx\/es\/author\/puntodincontro\/\"}]}<\/script>\n<!-- \/ Yoast SEO Premium plugin. -->","yoast_head_json":{"title":"Ricercatori italiani all'estero: un sondaggio per fornire proposte Puntodincontro","description":"Para proporcionar herramientas de comparaci\u00f3n y desarrollo de propuestas para las pol\u00edticas cient\u00edficas italianas, la Oficina IX de la Direcci\u00f3n General para la Promoci\u00f3n del Sistema Pa\u00eds del ministerio de Relaciones Exteriores y el Istituto di ricerche sulla popolazione e le politiche sociali del CNR firmaron un memorando de entendimiento para colaborar en un estudio internacional sobre la emigraci\u00f3n de los \ninvestigadores italianos.","robots":{"index":"index","follow":"follow","max-snippet":"max-snippet:-1","max-image-preview":"max-image-preview:large","max-video-preview":"max-video-preview:-1"},"canonical":"https:\/\/puntodincontro.mx\/es\/2022\/04\/02\/cientificos-italianos-en-el-mundo-un-sondeo-para-ofrecer-propuestas\/","og_locale":"es_MX","og_type":"article","og_title":"Ricercatori italiani all'estero: un sondaggio per fornire proposte","og_description":"Per fornire strumenti di confronto e proposte di sviluppo per le politiche scientifiche italiane, l\u2019Ufficio IX della Direzione generale per la promozione del sistema Paese del ministero degli Affari esteri e l\u2019Istituto di ricerche sulla popolazione e le politiche sociali del CNR hanno sottoscritto un protocollo d\u2019intesa per collaborare a uno studio internazionale sull\u2019emigrazione dei ricercatori italiani.","og_url":"https:\/\/puntodincontro.mx\/es\/2022\/04\/02\/cientificos-italianos-en-el-mundo-un-sondeo-para-ofrecer-propuestas\/","og_site_name":"Puntodincontro","article_publisher":"https:\/\/www.facebook.com\/puntodincontro.mx","article_published_time":"2022-04-02T09:16:15+00:00","article_modified_time":"2022-04-02T09:16:17+00:00","og_image":[{"width":423,"height":488,"url":"https:\/\/puntodincontro.mx\/wp-content\/uploads\/2022\/04\/sondaggioricercatoriallesterovert.webp","type":"image\/webp"}],"author":"Puntodincontro","twitter_card":"summary_large_image","twitter_creator":"@puntodincontro","twitter_site":"@puntodincontro","twitter_misc":{"Escrito por":"Puntodincontro","Tiempo de lectura":"5 minutos"},"schema":{"@context":"https:\/\/schema.org","@graph":[{"@type":"NewsArticle","@id":"https:\/\/puntodincontro.mx\/2022\/04\/02\/ricercatori-italiani-allestero-un-sondaggio-per-fornire-proposte\/#article","isPartOf":{"@id":"https:\/\/puntodincontro.mx\/2022\/04\/02\/ricercatori-italiani-allestero-un-sondaggio-per-fornire-proposte\/"},"author":{"name":"Puntodincontro","@id":"https:\/\/puntodincontro.mx\/#\/schema\/person\/d3066d18a16259cbb0c29b0d0e93b556"},"headline":"Ricercatori italiani all&#8217;estero: un sondaggio per fornire proposte","datePublished":"2022-04-02T09:16:15+00:00","dateModified":"2022-04-02T09:16:17+00:00","mainEntityOfPage":{"@id":"https:\/\/puntodincontro.mx\/2022\/04\/02\/ricercatori-italiani-allestero-un-sondaggio-per-fornire-proposte\/"},"wordCount":820,"commentCount":0,"publisher":{"@id":"https:\/\/puntodincontro.mx\/#organization"},"image":{"@id":"https:\/\/puntodincontro.mx\/2022\/04\/02\/ricercatori-italiani-allestero-un-sondaggio-per-fornire-proposte\/#primaryimage"},"thumbnailUrl":"https:\/\/puntodincontro.mx\/wp-content\/uploads\/2022\/04\/sondaggioricercatoriallesterovert.webp","articleSection":["Scienza e tecnologia"],"inLanguage":"es","potentialAction":[{"@type":"CommentAction","name":"Comment","target":["https:\/\/puntodincontro.mx\/2022\/04\/02\/ricercatori-italiani-allestero-un-sondaggio-per-fornire-proposte\/#respond"]}]},{"@type":"WebPage","@id":"https:\/\/puntodincontro.mx\/2022\/04\/02\/ricercatori-italiani-allestero-un-sondaggio-per-fornire-proposte\/","url":"https:\/\/puntodincontro.mx\/2022\/04\/02\/ricercatori-italiani-allestero-un-sondaggio-per-fornire-proposte\/","name":"Ricercatori italiani all'estero: un sondaggio per fornire proposte Puntodincontro","isPartOf":{"@id":"https:\/\/puntodincontro.mx\/#website"},"primaryImageOfPage":{"@id":"https:\/\/puntodincontro.mx\/2022\/04\/02\/ricercatori-italiani-allestero-un-sondaggio-per-fornire-proposte\/#primaryimage"},"image":{"@id":"https:\/\/puntodincontro.mx\/2022\/04\/02\/ricercatori-italiani-allestero-un-sondaggio-per-fornire-proposte\/#primaryimage"},"thumbnailUrl":"https:\/\/puntodincontro.mx\/wp-content\/uploads\/2022\/04\/sondaggioricercatoriallesterovert.webp","datePublished":"2022-04-02T09:16:15+00:00","dateModified":"2022-04-02T09:16:17+00:00","description":"Para proporcionar herramientas de comparaci\u00f3n y desarrollo de propuestas para las pol\u00edticas cient\u00edficas italianas, la Oficina IX de la Direcci\u00f3n General para la Promoci\u00f3n del Sistema Pa\u00eds del ministerio de Relaciones Exteriores y el Istituto di ricerche sulla popolazione e le politiche sociali del CNR firmaron un memorando de entendimiento para colaborar en un estudio internacional sobre la emigraci\u00f3n de los \ninvestigadores italianos.","breadcrumb":{"@id":"https:\/\/puntodincontro.mx\/2022\/04\/02\/ricercatori-italiani-allestero-un-sondaggio-per-fornire-proposte\/#breadcrumb"},"inLanguage":"es","potentialAction":[{"@type":"ReadAction","target":["https:\/\/puntodincontro.mx\/2022\/04\/02\/ricercatori-italiani-allestero-un-sondaggio-per-fornire-proposte\/"]}]},{"@type":"ImageObject","inLanguage":"es","@id":"https:\/\/puntodincontro.mx\/2022\/04\/02\/ricercatori-italiani-allestero-un-sondaggio-per-fornire-proposte\/#primaryimage","url":"https:\/\/puntodincontro.mx\/wp-content\/uploads\/2022\/04\/sondaggioricercatoriallesterovert.webp","contentUrl":"https:\/\/puntodincontro.mx\/wp-content\/uploads\/2022\/04\/sondaggioricercatoriallesterovert.webp","width":423,"height":488,"caption":"Ricercatori italiani all'estero: un sondaggio per fornire proposte"},{"@type":"BreadcrumbList","@id":"https:\/\/puntodincontro.mx\/2022\/04\/02\/ricercatori-italiani-allestero-un-sondaggio-per-fornire-proposte\/#breadcrumb","itemListElement":[{"@type":"ListItem","position":1,"name":"Home","item":"https:\/\/puntodincontro.mx\/"},{"@type":"ListItem","position":2,"name":"Ricercatori italiani all&#8217;estero: un sondaggio per fornire proposte"}]},{"@type":"WebSite","@id":"https:\/\/puntodincontro.mx\/#website","url":"https:\/\/puntodincontro.mx\/","name":"Puntodincontro","description":"Desde el 2006 noticias sobre las relaciones entre Italia y M\u00e9xico \/ Dal 2006 notizie sui rapporti Italia-Messico","publisher":{"@id":"https:\/\/puntodincontro.mx\/#organization"},"potentialAction":[{"@type":"SearchAction","target":{"@type":"EntryPoint","urlTemplate":"https:\/\/puntodincontro.mx\/?s={search_term_string}"},"query-input":{"@type":"PropertyValueSpecification","valueRequired":true,"valueName":"search_term_string"}}],"inLanguage":"es"},{"@type":"Organization","@id":"https:\/\/puntodincontro.mx\/#organization","name":"Puntodincontro","url":"https:\/\/puntodincontro.mx\/","logo":{"@type":"ImageObject","inLanguage":"es","@id":"https:\/\/puntodincontro.mx\/#\/schema\/logo\/image\/","url":"https:\/\/puntodincontro.mx\/wp-content\/uploads\/2021\/08\/Default-image-for-open-graph-settings.jpg","contentUrl":"https:\/\/puntodincontro.mx\/wp-content\/uploads\/2021\/08\/Default-image-for-open-graph-settings.jpg","width":1200,"height":630,"caption":"Puntodincontro"},"image":{"@id":"https:\/\/puntodincontro.mx\/#\/schema\/logo\/image\/"},"sameAs":["https:\/\/www.facebook.com\/puntodincontro.mx","https:\/\/x.com\/puntodincontro","https:\/\/www.instagram.com\/puntodincontro.mx\/","https:\/\/www.linkedin.com\/company\/puntodincontro\/","https:\/\/www.youtube.com\/c\/puntodincontromessico","https:\/\/www.patreon.com\/puntodincontro","https:\/\/www.threads.net\/@puntodincontro.mx"]},{"@type":"Person","@id":"https:\/\/puntodincontro.mx\/#\/schema\/person\/d3066d18a16259cbb0c29b0d0e93b556","name":"Puntodincontro","image":{"@type":"ImageObject","inLanguage":"es","@id":"https:\/\/puntodincontro.mx\/#\/schema\/person\/image\/","url":"https:\/\/secure.gravatar.com\/avatar\/0e85b4b3b5e9d6bfcec6a4956d8cc63a?s=96&d=mm&r=g","contentUrl":"https:\/\/secure.gravatar.com\/avatar\/0e85b4b3b5e9d6bfcec6a4956d8cc63a?s=96&d=mm&r=g","caption":"Puntodincontro"},"url":"https:\/\/puntodincontro.mx\/es\/author\/puntodincontro\/"}]}},"_links":{"self":[{"href":"https:\/\/puntodincontro.mx\/es\/wp-json\/wp\/v2\/posts\/4421"}],"collection":[{"href":"https:\/\/puntodincontro.mx\/es\/wp-json\/wp\/v2\/posts"}],"about":[{"href":"https:\/\/puntodincontro.mx\/es\/wp-json\/wp\/v2\/types\/post"}],"author":[{"embeddable":true,"href":"https:\/\/puntodincontro.mx\/es\/wp-json\/wp\/v2\/users\/2"}],"replies":[{"embeddable":true,"href":"https:\/\/puntodincontro.mx\/es\/wp-json\/wp\/v2\/comments?post=4421"}],"version-history":[{"count":3,"href":"https:\/\/puntodincontro.mx\/es\/wp-json\/wp\/v2\/posts\/4421\/revisions"}],"predecessor-version":[{"id":4426,"href":"https:\/\/puntodincontro.mx\/es\/wp-json\/wp\/v2\/posts\/4421\/revisions\/4426"}],"wp:featuredmedia":[{"embeddable":true,"href":"https:\/\/puntodincontro.mx\/es\/wp-json\/wp\/v2\/media\/4423"}],"wp:attachment":[{"href":"https:\/\/puntodincontro.mx\/es\/wp-json\/wp\/v2\/media?parent=4421"}],"wp:term":[{"taxonomy":"category","embeddable":true,"href":"https:\/\/puntodincontro.mx\/es\/wp-json\/wp\/v2\/categories?post=4421"},{"taxonomy":"post_tag","embeddable":true,"href":"https:\/\/puntodincontro.mx\/es\/wp-json\/wp\/v2\/tags?post=4421"}],"curies":[{"name":"wp","href":"https:\/\/api.w.org\/{rel}","templated":true}]}}