{"id":4687,"date":"2022-04-15T09:38:29","date_gmt":"2022-04-15T14:38:29","guid":{"rendered":"https:\/\/puntodincontro.mx\/?p=4687"},"modified":"2022-04-15T09:38:29","modified_gmt":"2022-04-15T14:38:29","slug":"el-artista-mexicano-bosco-sodi-en-la-bienal-de-arte-de-venecia-2022","status":"publish","type":"post","link":"https:\/\/puntodincontro.mx\/es\/2022\/04\/15\/lartista-messicano-bosco-sodi-alla-biennale-darte-di-venezia-2022\/","title":{"rendered":"El artista mexicano Bosco Sodi en la Bienal de Arte de Venecia 2022"},"content":{"rendered":"<p class=\"translation-block\"><strong>09:29 hrs.<\/strong> \u2013 La Fondazione dell'Albero d'Oro acoge en el Palacio Vendramin Grimani de Venecia el nuevo proyecto del artista mexicano Bosco Sodi, que podr\u00e1 visitarse del 23 de abril al 27 de noviembre como evento paralelo a la Bienal de Arte 2022. En la hist\u00f3rica mansi\u00f3n sobre el Gran Canal cobra vida la exposici\u00f3n titulada <em>What Goes Around Comes Around<\/em> basada, como subraya la curadora Daniela Ferretti, en el tema del intercambio art\u00edstico, pero sobre todo cultural. Y de hecho, al recorrer las salas del Palacio, se tiene la sensaci\u00f3n de que all\u00ed se ha producido un encuentro m\u00e1gico entre la tradici\u00f3n del arte veneciano y un gusto que viene de lejos, precisamente de M\u00e9xico.<\/p>\n\n\n\n<p>Bosco Sodi, nacido en la Ciudad de M\u00e9xico en 1970, es un artista de renombre internacional, conocido por su habilidad innata para utilizar materias primas crudas y naturales en grandes pinturas y esculturas. Y esto es lo que tambi\u00e9n hizo en el Palacio Vendramin Grimani, llevando su estilo \u00fanico y caracter\u00edstico a un ambiente como el veneciano, con una fuerte tradici\u00f3n figurativa. Algunas de las obras expuestas, incluyendo los grandes lienzos elaborados con celulosa, aserr\u00edn y otros materiales org\u00e1nicos, fueron realizadas por el artista precisamente en el interior del palacio, durante sus dos semanas de residencia.<\/p>\n\n\n\n<p>Una nota peculiar de la obra de Bosco Sodi es la ausencia de t\u00edtulos en sus obras. \u00abUna pintura \u201cdemocratica\u201d donde cada espectador puede interpretarlo que quiera, sin estar condicionado\u00bb, dice Daniela Ferretti al justificar la peculiar elecci\u00f3n del artista mexicano. Una elecci\u00f3n que cede ante una excepci\u00f3n: la obra \u201cNosotros somos uno\u201d, expuesta y dedicada al absurdo conflicto centroeuropeo al que estamos asistiendo en los \u00faltimos meses. Se trata de un canto a la paz formado por 195 esferas de tierra \u2014que representan a los Estados-naci\u00f3n\u2014 que gravitan en torno a una sola gran bola en el centro de la sala, bajo una espl\u00e9ndida l\u00e1mpara de Murano, un extra\u00f1o contraste perfectamente logrado.<\/p>\n\n\n\n<p>Los espectadores podr\u00e1n mover las peque\u00f1as esferas (solo se permitir\u00e1 un movimiento) convirti\u00e9ndose en parte activa de la obra art\u00edstica. Al final de la exposici\u00f3n, algunos afortunados venecianos incluso podr\u00e1n llev\u00e1rselas a casa, siempre y cuando acepten devolverlas temporalmente si la instalaci\u00f3n quiere volver a montarse (Elena Carone - NonSoloCinema).<\/p>\n\n\n\n<div style=\"height:12px\" aria-hidden=\"true\" class=\"wp-block-spacer\"><\/div>\n\n\n\n\n\n<div style=\"height:12px\" aria-hidden=\"true\" class=\"wp-block-spacer\"><\/div>","protected":false},"excerpt":{"rendered":"<p>Ore 09.29 &#8211; La Fondazione dell\u2019Albero d\u2019Oro ospita al Palazzo Vendramin Grimani di Venezia il nuovo progetto dell\u2019artista messicano Bosco Sodi, visitabile dal 23 aprile al 27 novembre come evento collaterale della Biennale d&#8217;Arte 2022. Nella storica dimora sul Canal Grande prende vita la mostra dal titolo What Goes Around Comes Around incentrata, come sottolinea la curatrice Daniela Ferretti, sul tema dello scambio artistico, ma soprattutto culturale. E in effetti, camminando per le sale allestite del Palazzo, si ha proprio la sensazione che l\u00ec sia avvenuto un magico incontro tra la tradizione dell\u2019arte veneziana e un gusto che viene da&#8230; <\/p>","protected":false},"author":2,"featured_media":4690,"comment_status":"open","ping_status":"open","sticky":false,"template":"","format":"standard","meta":{"_monsterinsights_skip_tracking":false,"_monsterinsights_sitenote_active":false,"_monsterinsights_sitenote_note":"","_monsterinsights_sitenote_category":0,"footnotes":""},"categories":[6],"tags":[],"class_list":["post-4687","post","type-post","status-publish","format-standard","has-post-thumbnail","hentry","category-messico-in-italia"],"yoast_head":"<!-- This site is optimized with the Yoast SEO Premium plugin v18.4 (Yoast SEO v25.6) - https:\/\/yoast.com\/wordpress\/plugins\/seo\/ -->\n<title>L&#039;artista messicano Bosco Sodi alla Biennale d&#039;Arte di Venezia 2022 Puntodincontro<\/title>\n<meta name=\"description\" content=\"La Fondazione dell\u2019Albero d\u2019Oro ospita al Palazzo Vendramin Grimani di Venezia il nuovo progetto dell\u2019artista messicano Bosco Sodi, visitabile dal 23 aprile al 27 novembre come evento collaterale della Biennale d&#039;Arte 2022.\" \/>\n<meta name=\"robots\" content=\"index, follow, max-snippet:-1, max-image-preview:large, max-video-preview:-1\" \/>\n<link rel=\"canonical\" href=\"https:\/\/puntodincontro.mx\/es\/2022\/04\/15\/el-artista-mexicano-bosco-sodi-en-la-bienal-de-arte-de-venecia-2022\/\" \/>\n<meta property=\"og:locale\" content=\"es_MX\" \/>\n<meta property=\"og:type\" content=\"article\" \/>\n<meta property=\"og:title\" content=\"L&#039;artista messicano Bosco Sodi alla Biennale d&#039;Arte di Venezia 2022\" \/>\n<meta property=\"og:description\" content=\"La Fondazione dell\u2019Albero d\u2019Oro ospita al Palazzo Vendramin Grimani di Venezia il nuovo progetto dell\u2019artista messicano Bosco Sodi, visitabile dal 23 aprile al 27 novembre come evento collaterale della Biennale d&#039;Arte 2022.\" \/>\n<meta property=\"og:url\" content=\"https:\/\/puntodincontro.mx\/es\/2022\/04\/15\/el-artista-mexicano-bosco-sodi-en-la-bienal-de-arte-de-venecia-2022\/\" \/>\n<meta property=\"og:site_name\" content=\"Puntodincontro\" \/>\n<meta property=\"article:publisher\" content=\"https:\/\/www.facebook.com\/puntodincontro.mx\" \/>\n<meta property=\"article:published_time\" content=\"2022-04-15T14:38:29+00:00\" \/>\n<meta property=\"og:image\" content=\"https:\/\/puntodincontro.mx\/wp-content\/uploads\/2022\/04\/boscosodiaveneziavert.webp\" \/>\n\t<meta property=\"og:image:width\" content=\"423\" \/>\n\t<meta property=\"og:image:height\" content=\"488\" \/>\n\t<meta property=\"og:image:type\" content=\"image\/webp\" \/>\n<meta name=\"author\" content=\"Puntodincontro\" \/>\n<meta name=\"twitter:card\" content=\"summary_large_image\" \/>\n<meta name=\"twitter:creator\" content=\"@puntodincontro\" \/>\n<meta name=\"twitter:site\" content=\"@puntodincontro\" \/>\n<meta name=\"twitter:label1\" content=\"Escrito por\" \/>\n\t<meta name=\"twitter:data1\" content=\"Puntodincontro\" \/>\n\t<meta name=\"twitter:label2\" content=\"Tiempo de lectura\" \/>\n\t<meta name=\"twitter:data2\" content=\"2 minutos\" \/>\n<script type=\"application\/ld+json\" class=\"yoast-schema-graph\">{\"@context\":\"https:\/\/schema.org\",\"@graph\":[{\"@type\":\"NewsArticle\",\"@id\":\"https:\/\/puntodincontro.mx\/2022\/04\/15\/lartista-messicano-bosco-sodi-alla-biennale-darte-di-venezia-2022\/#article\",\"isPartOf\":{\"@id\":\"https:\/\/puntodincontro.mx\/2022\/04\/15\/lartista-messicano-bosco-sodi-alla-biennale-darte-di-venezia-2022\/\"},\"author\":{\"name\":\"Puntodincontro\",\"@id\":\"https:\/\/puntodincontro.mx\/#\/schema\/person\/d3066d18a16259cbb0c29b0d0e93b556\"},\"headline\":\"L&#8217;artista messicano Bosco Sodi alla Biennale d&#8217;Arte di Venezia 2022\",\"datePublished\":\"2022-04-15T14:38:29+00:00\",\"mainEntityOfPage\":{\"@id\":\"https:\/\/puntodincontro.mx\/2022\/04\/15\/lartista-messicano-bosco-sodi-alla-biennale-darte-di-venezia-2022\/\"},\"wordCount\":365,\"commentCount\":0,\"publisher\":{\"@id\":\"https:\/\/puntodincontro.mx\/#organization\"},\"image\":{\"@id\":\"https:\/\/puntodincontro.mx\/2022\/04\/15\/lartista-messicano-bosco-sodi-alla-biennale-darte-di-venezia-2022\/#primaryimage\"},\"thumbnailUrl\":\"https:\/\/puntodincontro.mx\/wp-content\/uploads\/2022\/04\/boscosodiaveneziavert.webp\",\"articleSection\":[\"Messico in Italia\"],\"inLanguage\":\"es\",\"potentialAction\":[{\"@type\":\"CommentAction\",\"name\":\"Comment\",\"target\":[\"https:\/\/puntodincontro.mx\/2022\/04\/15\/lartista-messicano-bosco-sodi-alla-biennale-darte-di-venezia-2022\/#respond\"]}]},{\"@type\":\"WebPage\",\"@id\":\"https:\/\/puntodincontro.mx\/2022\/04\/15\/lartista-messicano-bosco-sodi-alla-biennale-darte-di-venezia-2022\/\",\"url\":\"https:\/\/puntodincontro.mx\/2022\/04\/15\/lartista-messicano-bosco-sodi-alla-biennale-darte-di-venezia-2022\/\",\"name\":\"L'artista messicano Bosco Sodi alla Biennale d'Arte di Venezia 2022 Puntodincontro\",\"isPartOf\":{\"@id\":\"https:\/\/puntodincontro.mx\/#website\"},\"primaryImageOfPage\":{\"@id\":\"https:\/\/puntodincontro.mx\/2022\/04\/15\/lartista-messicano-bosco-sodi-alla-biennale-darte-di-venezia-2022\/#primaryimage\"},\"image\":{\"@id\":\"https:\/\/puntodincontro.mx\/2022\/04\/15\/lartista-messicano-bosco-sodi-alla-biennale-darte-di-venezia-2022\/#primaryimage\"},\"thumbnailUrl\":\"https:\/\/puntodincontro.mx\/wp-content\/uploads\/2022\/04\/boscosodiaveneziavert.webp\",\"datePublished\":\"2022-04-15T14:38:29+00:00\",\"description\":\"La Fondazione dell\u2019Albero d\u2019Oro ospita al Palazzo Vendramin Grimani di Venezia il nuovo progetto dell\u2019artista messicano Bosco Sodi, visitabile dal 23 aprile al 27 novembre come evento collaterale della Biennale d'Arte 2022.\",\"breadcrumb\":{\"@id\":\"https:\/\/puntodincontro.mx\/2022\/04\/15\/lartista-messicano-bosco-sodi-alla-biennale-darte-di-venezia-2022\/#breadcrumb\"},\"inLanguage\":\"es\",\"potentialAction\":[{\"@type\":\"ReadAction\",\"target\":[\"https:\/\/puntodincontro.mx\/2022\/04\/15\/lartista-messicano-bosco-sodi-alla-biennale-darte-di-venezia-2022\/\"]}]},{\"@type\":\"ImageObject\",\"inLanguage\":\"es\",\"@id\":\"https:\/\/puntodincontro.mx\/2022\/04\/15\/lartista-messicano-bosco-sodi-alla-biennale-darte-di-venezia-2022\/#primaryimage\",\"url\":\"https:\/\/puntodincontro.mx\/wp-content\/uploads\/2022\/04\/boscosodiaveneziavert.webp\",\"contentUrl\":\"https:\/\/puntodincontro.mx\/wp-content\/uploads\/2022\/04\/boscosodiaveneziavert.webp\",\"width\":423,\"height\":488,\"caption\":\"L'artista messicano Bosco Sodi alla Biennale d'Arte di Venezia 2022\"},{\"@type\":\"BreadcrumbList\",\"@id\":\"https:\/\/puntodincontro.mx\/2022\/04\/15\/lartista-messicano-bosco-sodi-alla-biennale-darte-di-venezia-2022\/#breadcrumb\",\"itemListElement\":[{\"@type\":\"ListItem\",\"position\":1,\"name\":\"Home\",\"item\":\"https:\/\/puntodincontro.mx\/\"},{\"@type\":\"ListItem\",\"position\":2,\"name\":\"L&#8217;artista messicano Bosco Sodi alla Biennale d&#8217;Arte di Venezia 2022\"}]},{\"@type\":\"WebSite\",\"@id\":\"https:\/\/puntodincontro.mx\/#website\",\"url\":\"https:\/\/puntodincontro.mx\/\",\"name\":\"Puntodincontro\",\"description\":\"Dal 2006 notizie sui rapporti Italia-Messico \/ Desde 2006 noticias sobre las relaciones entre Italia y M\u00e9xico\",\"publisher\":{\"@id\":\"https:\/\/puntodincontro.mx\/#organization\"},\"potentialAction\":[{\"@type\":\"SearchAction\",\"target\":{\"@type\":\"EntryPoint\",\"urlTemplate\":\"https:\/\/puntodincontro.mx\/?s={search_term_string}\"},\"query-input\":{\"@type\":\"PropertyValueSpecification\",\"valueRequired\":true,\"valueName\":\"search_term_string\"}}],\"inLanguage\":\"es\"},{\"@type\":\"Organization\",\"@id\":\"https:\/\/puntodincontro.mx\/#organization\",\"name\":\"Puntodincontro\",\"url\":\"https:\/\/puntodincontro.mx\/\",\"logo\":{\"@type\":\"ImageObject\",\"inLanguage\":\"es\",\"@id\":\"https:\/\/puntodincontro.mx\/#\/schema\/logo\/image\/\",\"url\":\"https:\/\/puntodincontro.mx\/wp-content\/uploads\/2021\/08\/Default-image-for-open-graph-settings.jpg\",\"contentUrl\":\"https:\/\/puntodincontro.mx\/wp-content\/uploads\/2021\/08\/Default-image-for-open-graph-settings.jpg\",\"width\":1200,\"height\":630,\"caption\":\"Puntodincontro\"},\"image\":{\"@id\":\"https:\/\/puntodincontro.mx\/#\/schema\/logo\/image\/\"},\"sameAs\":[\"https:\/\/www.facebook.com\/puntodincontro.mx\",\"https:\/\/x.com\/puntodincontro\",\"https:\/\/www.instagram.com\/puntodincontro.mx\/\",\"https:\/\/www.linkedin.com\/company\/puntodincontro\/\",\"https:\/\/www.youtube.com\/c\/puntodincontromessico\",\"https:\/\/www.patreon.com\/puntodincontro\",\"https:\/\/www.threads.net\/@puntodincontro.mx\"]},{\"@type\":\"Person\",\"@id\":\"https:\/\/puntodincontro.mx\/#\/schema\/person\/d3066d18a16259cbb0c29b0d0e93b556\",\"name\":\"Puntodincontro\",\"image\":{\"@type\":\"ImageObject\",\"inLanguage\":\"es\",\"@id\":\"https:\/\/puntodincontro.mx\/#\/schema\/person\/image\/\",\"url\":\"https:\/\/secure.gravatar.com\/avatar\/0e85b4b3b5e9d6bfcec6a4956d8cc63a?s=96&d=mm&r=g\",\"contentUrl\":\"https:\/\/secure.gravatar.com\/avatar\/0e85b4b3b5e9d6bfcec6a4956d8cc63a?s=96&d=mm&r=g\",\"caption\":\"Puntodincontro\"},\"url\":\"https:\/\/puntodincontro.mx\/es\/author\/puntodincontro\/\"}]}<\/script>\n<!-- \/ Yoast SEO Premium plugin. -->","yoast_head_json":{"title":"L'artista messicano Bosco Sodi alla Biennale d'Arte di Venezia 2022 Puntodincontro","description":"La Fondazione dell\u2019Albero d\u2019Oro ospita al Palazzo Vendramin Grimani di Venezia il nuovo progetto dell\u2019artista messicano Bosco Sodi, visitabile dal 23 aprile al 27 novembre come evento collaterale della Biennale d'Arte 2022.","robots":{"index":"index","follow":"follow","max-snippet":"max-snippet:-1","max-image-preview":"max-image-preview:large","max-video-preview":"max-video-preview:-1"},"canonical":"https:\/\/puntodincontro.mx\/es\/2022\/04\/15\/el-artista-mexicano-bosco-sodi-en-la-bienal-de-arte-de-venecia-2022\/","og_locale":"es_MX","og_type":"article","og_title":"L'artista messicano Bosco Sodi alla Biennale d'Arte di Venezia 2022","og_description":"La Fondazione dell\u2019Albero d\u2019Oro ospita al Palazzo Vendramin Grimani di Venezia il nuovo progetto dell\u2019artista messicano Bosco Sodi, visitabile dal 23 aprile al 27 novembre come evento collaterale della Biennale d'Arte 2022.","og_url":"https:\/\/puntodincontro.mx\/es\/2022\/04\/15\/el-artista-mexicano-bosco-sodi-en-la-bienal-de-arte-de-venecia-2022\/","og_site_name":"Puntodincontro","article_publisher":"https:\/\/www.facebook.com\/puntodincontro.mx","article_published_time":"2022-04-15T14:38:29+00:00","og_image":[{"width":423,"height":488,"url":"https:\/\/puntodincontro.mx\/wp-content\/uploads\/2022\/04\/boscosodiaveneziavert.webp","type":"image\/webp"}],"author":"Puntodincontro","twitter_card":"summary_large_image","twitter_creator":"@puntodincontro","twitter_site":"@puntodincontro","twitter_misc":{"Escrito por":"Puntodincontro","Tiempo de lectura":"2 minutos"},"schema":{"@context":"https:\/\/schema.org","@graph":[{"@type":"NewsArticle","@id":"https:\/\/puntodincontro.mx\/2022\/04\/15\/lartista-messicano-bosco-sodi-alla-biennale-darte-di-venezia-2022\/#article","isPartOf":{"@id":"https:\/\/puntodincontro.mx\/2022\/04\/15\/lartista-messicano-bosco-sodi-alla-biennale-darte-di-venezia-2022\/"},"author":{"name":"Puntodincontro","@id":"https:\/\/puntodincontro.mx\/#\/schema\/person\/d3066d18a16259cbb0c29b0d0e93b556"},"headline":"L&#8217;artista messicano Bosco Sodi alla Biennale d&#8217;Arte di Venezia 2022","datePublished":"2022-04-15T14:38:29+00:00","mainEntityOfPage":{"@id":"https:\/\/puntodincontro.mx\/2022\/04\/15\/lartista-messicano-bosco-sodi-alla-biennale-darte-di-venezia-2022\/"},"wordCount":365,"commentCount":0,"publisher":{"@id":"https:\/\/puntodincontro.mx\/#organization"},"image":{"@id":"https:\/\/puntodincontro.mx\/2022\/04\/15\/lartista-messicano-bosco-sodi-alla-biennale-darte-di-venezia-2022\/#primaryimage"},"thumbnailUrl":"https:\/\/puntodincontro.mx\/wp-content\/uploads\/2022\/04\/boscosodiaveneziavert.webp","articleSection":["Messico in Italia"],"inLanguage":"es","potentialAction":[{"@type":"CommentAction","name":"Comment","target":["https:\/\/puntodincontro.mx\/2022\/04\/15\/lartista-messicano-bosco-sodi-alla-biennale-darte-di-venezia-2022\/#respond"]}]},{"@type":"WebPage","@id":"https:\/\/puntodincontro.mx\/2022\/04\/15\/lartista-messicano-bosco-sodi-alla-biennale-darte-di-venezia-2022\/","url":"https:\/\/puntodincontro.mx\/2022\/04\/15\/lartista-messicano-bosco-sodi-alla-biennale-darte-di-venezia-2022\/","name":"L'artista messicano Bosco Sodi alla Biennale d'Arte di Venezia 2022 Puntodincontro","isPartOf":{"@id":"https:\/\/puntodincontro.mx\/#website"},"primaryImageOfPage":{"@id":"https:\/\/puntodincontro.mx\/2022\/04\/15\/lartista-messicano-bosco-sodi-alla-biennale-darte-di-venezia-2022\/#primaryimage"},"image":{"@id":"https:\/\/puntodincontro.mx\/2022\/04\/15\/lartista-messicano-bosco-sodi-alla-biennale-darte-di-venezia-2022\/#primaryimage"},"thumbnailUrl":"https:\/\/puntodincontro.mx\/wp-content\/uploads\/2022\/04\/boscosodiaveneziavert.webp","datePublished":"2022-04-15T14:38:29+00:00","description":"La Fondazione dell\u2019Albero d\u2019Oro ospita al Palazzo Vendramin Grimani di Venezia il nuovo progetto dell\u2019artista messicano Bosco Sodi, visitabile dal 23 aprile al 27 novembre come evento collaterale della Biennale d'Arte 2022.","breadcrumb":{"@id":"https:\/\/puntodincontro.mx\/2022\/04\/15\/lartista-messicano-bosco-sodi-alla-biennale-darte-di-venezia-2022\/#breadcrumb"},"inLanguage":"es","potentialAction":[{"@type":"ReadAction","target":["https:\/\/puntodincontro.mx\/2022\/04\/15\/lartista-messicano-bosco-sodi-alla-biennale-darte-di-venezia-2022\/"]}]},{"@type":"ImageObject","inLanguage":"es","@id":"https:\/\/puntodincontro.mx\/2022\/04\/15\/lartista-messicano-bosco-sodi-alla-biennale-darte-di-venezia-2022\/#primaryimage","url":"https:\/\/puntodincontro.mx\/wp-content\/uploads\/2022\/04\/boscosodiaveneziavert.webp","contentUrl":"https:\/\/puntodincontro.mx\/wp-content\/uploads\/2022\/04\/boscosodiaveneziavert.webp","width":423,"height":488,"caption":"L'artista messicano Bosco Sodi alla Biennale d'Arte di Venezia 2022"},{"@type":"BreadcrumbList","@id":"https:\/\/puntodincontro.mx\/2022\/04\/15\/lartista-messicano-bosco-sodi-alla-biennale-darte-di-venezia-2022\/#breadcrumb","itemListElement":[{"@type":"ListItem","position":1,"name":"Home","item":"https:\/\/puntodincontro.mx\/"},{"@type":"ListItem","position":2,"name":"L&#8217;artista messicano Bosco Sodi alla Biennale d&#8217;Arte di Venezia 2022"}]},{"@type":"WebSite","@id":"https:\/\/puntodincontro.mx\/#website","url":"https:\/\/puntodincontro.mx\/","name":"Puntodincontro","description":"Desde el 2006 noticias sobre las relaciones entre Italia y M\u00e9xico \/ Dal 2006 notizie sui rapporti Italia-Messico","publisher":{"@id":"https:\/\/puntodincontro.mx\/#organization"},"potentialAction":[{"@type":"SearchAction","target":{"@type":"EntryPoint","urlTemplate":"https:\/\/puntodincontro.mx\/?s={search_term_string}"},"query-input":{"@type":"PropertyValueSpecification","valueRequired":true,"valueName":"search_term_string"}}],"inLanguage":"es"},{"@type":"Organization","@id":"https:\/\/puntodincontro.mx\/#organization","name":"Puntodincontro","url":"https:\/\/puntodincontro.mx\/","logo":{"@type":"ImageObject","inLanguage":"es","@id":"https:\/\/puntodincontro.mx\/#\/schema\/logo\/image\/","url":"https:\/\/puntodincontro.mx\/wp-content\/uploads\/2021\/08\/Default-image-for-open-graph-settings.jpg","contentUrl":"https:\/\/puntodincontro.mx\/wp-content\/uploads\/2021\/08\/Default-image-for-open-graph-settings.jpg","width":1200,"height":630,"caption":"Puntodincontro"},"image":{"@id":"https:\/\/puntodincontro.mx\/#\/schema\/logo\/image\/"},"sameAs":["https:\/\/www.facebook.com\/puntodincontro.mx","https:\/\/x.com\/puntodincontro","https:\/\/www.instagram.com\/puntodincontro.mx\/","https:\/\/www.linkedin.com\/company\/puntodincontro\/","https:\/\/www.youtube.com\/c\/puntodincontromessico","https:\/\/www.patreon.com\/puntodincontro","https:\/\/www.threads.net\/@puntodincontro.mx"]},{"@type":"Person","@id":"https:\/\/puntodincontro.mx\/#\/schema\/person\/d3066d18a16259cbb0c29b0d0e93b556","name":"Puntodincontro","image":{"@type":"ImageObject","inLanguage":"es","@id":"https:\/\/puntodincontro.mx\/#\/schema\/person\/image\/","url":"https:\/\/secure.gravatar.com\/avatar\/0e85b4b3b5e9d6bfcec6a4956d8cc63a?s=96&d=mm&r=g","contentUrl":"https:\/\/secure.gravatar.com\/avatar\/0e85b4b3b5e9d6bfcec6a4956d8cc63a?s=96&d=mm&r=g","caption":"Puntodincontro"},"url":"https:\/\/puntodincontro.mx\/es\/author\/puntodincontro\/"}]}},"_links":{"self":[{"href":"https:\/\/puntodincontro.mx\/es\/wp-json\/wp\/v2\/posts\/4687"}],"collection":[{"href":"https:\/\/puntodincontro.mx\/es\/wp-json\/wp\/v2\/posts"}],"about":[{"href":"https:\/\/puntodincontro.mx\/es\/wp-json\/wp\/v2\/types\/post"}],"author":[{"embeddable":true,"href":"https:\/\/puntodincontro.mx\/es\/wp-json\/wp\/v2\/users\/2"}],"replies":[{"embeddable":true,"href":"https:\/\/puntodincontro.mx\/es\/wp-json\/wp\/v2\/comments?post=4687"}],"version-history":[{"count":3,"href":"https:\/\/puntodincontro.mx\/es\/wp-json\/wp\/v2\/posts\/4687\/revisions"}],"predecessor-version":[{"id":4692,"href":"https:\/\/puntodincontro.mx\/es\/wp-json\/wp\/v2\/posts\/4687\/revisions\/4692"}],"wp:featuredmedia":[{"embeddable":true,"href":"https:\/\/puntodincontro.mx\/es\/wp-json\/wp\/v2\/media\/4690"}],"wp:attachment":[{"href":"https:\/\/puntodincontro.mx\/es\/wp-json\/wp\/v2\/media?parent=4687"}],"wp:term":[{"taxonomy":"category","embeddable":true,"href":"https:\/\/puntodincontro.mx\/es\/wp-json\/wp\/v2\/categories?post=4687"},{"taxonomy":"post_tag","embeddable":true,"href":"https:\/\/puntodincontro.mx\/es\/wp-json\/wp\/v2\/tags?post=4687"}],"curies":[{"name":"wp","href":"https:\/\/api.w.org\/{rel}","templated":true}]}}