{"id":4758,"date":"2022-04-18T06:31:41","date_gmt":"2022-04-18T11:31:41","guid":{"rendered":"https:\/\/puntodincontro.mx\/?p=4758"},"modified":"2022-04-18T06:31:42","modified_gmt":"2022-04-18T11:31:42","slug":"mexico-preven-hoy-debate-sobre-la-nacionalizacion-del-litio","status":"publish","type":"post","link":"https:\/\/puntodincontro.mx\/es\/2022\/04\/18\/messico-atteso-oggi-il-dibattito-sulla-nazionalizzazione-del-litio\/","title":{"rendered":"M\u00e9xico, prev\u00e9n hoy debate sobre la nacionalizaci\u00f3n del litio"},"content":{"rendered":"<p class=\"translation-block\"><strong>06:19 hrs.<\/strong> \u2013 \u00abPase lo que pase, ya estamos blindados contra la traici\u00f3n\u00bb, afirm\u00f3 anoche el presidente de M\u00e9xico Andr\u00e9s Manuel L\u00f3pez Obrador antes de que concluyera la discusi\u00f3n de la reforma al sector el\u00e9ctrico, rechazada tras 12 horas de debate con 223 votos contrarios por los partidos de oposici\u00f3n. La aseveraci\u00f3n del mandatario se refiere a la iniciativa en materia de litio que hizo llegar ayer mismo al recinto legislativo de San L\u00e1zaro.<\/p>\n\n\n\n<p>El proyecto, con el que se reforman y adicionan diversos art\u00edculos de la Ley Minera, plantea garantizar la autodeterminaci\u00f3n y la soberan\u00eda de la naci\u00f3n sobre el litio y dem\u00e1s minerales que resulten estrat\u00e9gicos para la pol\u00edtica energ\u00e9tica, la innovaci\u00f3n tecnol\u00f3gica y el desarrollo del pa\u00eds, a trav\u00e9s de la constituci\u00f3n de un organismo p\u00fablico descentralizado que se haga cargo de su exploraci\u00f3n y aprovechamiento.<\/p>\n\n\n\n<p>La iniciativa tambi\u00e9n prev\u00e9 que el litio no ser\u00e1 objeto de concesiones, licencias o contratos, ya que su explotaci\u00f3n se reserva para beneficio exclusivo de la naci\u00f3n.<\/p>\n\n\n\n<p>Sobre el tema, el coordinador parlamentario de Morena dijo que el contenido de la iniciativa ser\u00e1 analizado hoy, lunes 18 de abril, por la Junta de Coordinaci\u00f3n Pol\u00edtica (Jucopo) de la C\u00e1mara, para eventualmente ser votado este mismo d\u00eda.<\/p>\n\n\n\n<p>Cuestionado sobre esta iniciativa, Rub\u00e9n Moreira (PRI), presidente de la Jucopo, lament\u00f3 que Morena precipite su discusi\u00f3n \u00abpor las ganas de hacer un discurso pol\u00edtico y no una legislaci\u00f3n\u00bb y consider\u00f3 que deber\u00eda ser presentada una iniciativa constitucional separada, m\u00e1xime tomando en cuenta que los partidos de oposici\u00f3n ver\u00edan con simpat\u00eda la reglamentaci\u00f3n de este importante mineral.<\/p>\n\n\n\n<div style=\"height:12px\" aria-hidden=\"true\" class=\"wp-block-spacer\"><\/div>\n\n\n\n\n\n<div style=\"height:12px\" aria-hidden=\"true\" class=\"wp-block-spacer\"><\/div>","protected":false},"excerpt":{"rendered":"<p>Ore 06.19 &#8211; \u00abQualunque cosa accada, siamo gi\u00e0 blindati contro il tradimento\u00bb, ha detto ieri sera il presidente messicano Andr\u00e9s Manuel L\u00f3pez Obrador prima che si concludesse la discussione sulla riforma del settore elettrico, respinta dopo 12 ore di dibattito con 223 voti contrari dai partiti di opposizione. L&#8217;affermazione del presidente si riferisce all&#8217;iniziativa sul litio inviata ieri alla Camera dei Deputati. Il progetto, con cui vengono riformati e aggiunti vari articoli della Legge Mineraria, si propone di garantire l&#8217;autodeterminazione e la sovranit\u00e0 della nazione sul litio e altri minerali strategici per la politica energetica, l&#8217;innovazione tecnologica e lo sviluppo&#8230; <\/p>","protected":false},"author":2,"featured_media":4761,"comment_status":"open","ping_status":"open","sticky":false,"template":"","format":"standard","meta":{"_monsterinsights_skip_tracking":false,"_monsterinsights_sitenote_active":false,"_monsterinsights_sitenote_note":"","_monsterinsights_sitenote_category":0,"footnotes":""},"categories":[18],"tags":[],"class_list":["post-4758","post","type-post","status-publish","format-standard","has-post-thumbnail","hentry","category-cronaca"],"yoast_head":"<!-- This site is optimized with the Yoast SEO Premium plugin v18.4 (Yoast SEO v25.6) - https:\/\/yoast.com\/wordpress\/plugins\/seo\/ -->\n<title>Messico, atteso oggi il dibattito sulla nazionalizzazione del litio Puntodincontro<\/title>\n<meta name=\"description\" content=\"\u00abQualunque cosa accada, siamo gi\u00e0 blindati contro il tradimento\u00bb, ha detto ieri sera il presidente messicano Andr\u00e9s Manuel L\u00f3pez Obrador prima che si concludesse la discussione sulla riforma del settore elettrico, respinta dopo 12 ore di dibattito con 223 voti contrari dai partiti di opposizione. L&#039;affermazione del presidente si riferisce all&#039;iniziativa sul litio inviata ieri alla Camera dei Deputati.\" \/>\n<meta name=\"robots\" content=\"index, follow, max-snippet:-1, max-image-preview:large, max-video-preview:-1\" \/>\n<link rel=\"canonical\" href=\"https:\/\/puntodincontro.mx\/es\/2022\/04\/18\/mexico-preven-hoy-debate-sobre-la-nacionalizacion-del-litio\/\" \/>\n<meta property=\"og:locale\" content=\"es_MX\" \/>\n<meta property=\"og:type\" content=\"article\" \/>\n<meta property=\"og:title\" content=\"Messico, atteso oggi il dibattito sulla nazionalizzazione del litio\" \/>\n<meta property=\"og:description\" content=\"\u00abQualunque cosa accada, siamo gi\u00e0 blindati contro il tradimento\u00bb, ha detto ieri sera il presidente messicano Andr\u00e9s Manuel L\u00f3pez Obrador prima che si concludesse la discussione sulla riforma del settore elettrico, respinta dopo 12 ore di dibattito con 223 voti contrari dai partiti di opposizione. L&#039;affermazione del presidente si riferisce all&#039;iniziativa sul litio inviata ieri alla Camera dei Deputati.\" \/>\n<meta property=\"og:url\" content=\"https:\/\/puntodincontro.mx\/es\/2022\/04\/18\/mexico-preven-hoy-debate-sobre-la-nacionalizacion-del-litio\/\" \/>\n<meta property=\"og:site_name\" content=\"Puntodincontro\" \/>\n<meta property=\"article:publisher\" content=\"https:\/\/www.facebook.com\/puntodincontro.mx\" \/>\n<meta property=\"article:published_time\" content=\"2022-04-18T11:31:41+00:00\" \/>\n<meta property=\"article:modified_time\" content=\"2022-04-18T11:31:42+00:00\" \/>\n<meta property=\"og:image\" content=\"https:\/\/puntodincontro.mx\/wp-content\/uploads\/2022\/04\/messicolitiovert.webp\" \/>\n\t<meta property=\"og:image:width\" content=\"423\" \/>\n\t<meta property=\"og:image:height\" content=\"488\" \/>\n\t<meta property=\"og:image:type\" content=\"image\/webp\" \/>\n<meta name=\"author\" content=\"Puntodincontro\" \/>\n<meta name=\"twitter:card\" content=\"summary_large_image\" \/>\n<meta name=\"twitter:creator\" content=\"@puntodincontro\" \/>\n<meta name=\"twitter:site\" content=\"@puntodincontro\" \/>\n<meta name=\"twitter:label1\" content=\"Escrito por\" \/>\n\t<meta name=\"twitter:data1\" content=\"Puntodincontro\" \/>\n\t<meta name=\"twitter:label2\" content=\"Tiempo de lectura\" \/>\n\t<meta name=\"twitter:data2\" content=\"2 minutos\" \/>\n<script type=\"application\/ld+json\" class=\"yoast-schema-graph\">{\"@context\":\"https:\/\/schema.org\",\"@graph\":[{\"@type\":\"NewsArticle\",\"@id\":\"https:\/\/puntodincontro.mx\/2022\/04\/18\/messico-atteso-oggi-il-dibattito-sulla-nazionalizzazione-del-litio\/#article\",\"isPartOf\":{\"@id\":\"https:\/\/puntodincontro.mx\/2022\/04\/18\/messico-atteso-oggi-il-dibattito-sulla-nazionalizzazione-del-litio\/\"},\"author\":{\"name\":\"Puntodincontro\",\"@id\":\"https:\/\/puntodincontro.mx\/#\/schema\/person\/d3066d18a16259cbb0c29b0d0e93b556\"},\"headline\":\"Messico, atteso oggi il dibattito sulla nazionalizzazione del litio\",\"datePublished\":\"2022-04-18T11:31:41+00:00\",\"dateModified\":\"2022-04-18T11:31:42+00:00\",\"mainEntityOfPage\":{\"@id\":\"https:\/\/puntodincontro.mx\/2022\/04\/18\/messico-atteso-oggi-il-dibattito-sulla-nazionalizzazione-del-litio\/\"},\"wordCount\":252,\"commentCount\":0,\"publisher\":{\"@id\":\"https:\/\/puntodincontro.mx\/#organization\"},\"image\":{\"@id\":\"https:\/\/puntodincontro.mx\/2022\/04\/18\/messico-atteso-oggi-il-dibattito-sulla-nazionalizzazione-del-litio\/#primaryimage\"},\"thumbnailUrl\":\"https:\/\/puntodincontro.mx\/wp-content\/uploads\/2022\/04\/messicolitiovert.webp\",\"articleSection\":[\"Cronaca\"],\"inLanguage\":\"es\",\"potentialAction\":[{\"@type\":\"CommentAction\",\"name\":\"Comment\",\"target\":[\"https:\/\/puntodincontro.mx\/2022\/04\/18\/messico-atteso-oggi-il-dibattito-sulla-nazionalizzazione-del-litio\/#respond\"]}]},{\"@type\":\"WebPage\",\"@id\":\"https:\/\/puntodincontro.mx\/2022\/04\/18\/messico-atteso-oggi-il-dibattito-sulla-nazionalizzazione-del-litio\/\",\"url\":\"https:\/\/puntodincontro.mx\/2022\/04\/18\/messico-atteso-oggi-il-dibattito-sulla-nazionalizzazione-del-litio\/\",\"name\":\"Messico, atteso oggi il dibattito sulla nazionalizzazione del litio Puntodincontro\",\"isPartOf\":{\"@id\":\"https:\/\/puntodincontro.mx\/#website\"},\"primaryImageOfPage\":{\"@id\":\"https:\/\/puntodincontro.mx\/2022\/04\/18\/messico-atteso-oggi-il-dibattito-sulla-nazionalizzazione-del-litio\/#primaryimage\"},\"image\":{\"@id\":\"https:\/\/puntodincontro.mx\/2022\/04\/18\/messico-atteso-oggi-il-dibattito-sulla-nazionalizzazione-del-litio\/#primaryimage\"},\"thumbnailUrl\":\"https:\/\/puntodincontro.mx\/wp-content\/uploads\/2022\/04\/messicolitiovert.webp\",\"datePublished\":\"2022-04-18T11:31:41+00:00\",\"dateModified\":\"2022-04-18T11:31:42+00:00\",\"description\":\"\u00abQualunque cosa accada, siamo gi\u00e0 blindati contro il tradimento\u00bb, ha detto ieri sera il presidente messicano Andr\u00e9s Manuel L\u00f3pez Obrador prima che si concludesse la discussione sulla riforma del settore elettrico, respinta dopo 12 ore di dibattito con 223 voti contrari dai partiti di opposizione. L'affermazione del presidente si riferisce all'iniziativa sul litio inviata ieri alla Camera dei Deputati.\",\"breadcrumb\":{\"@id\":\"https:\/\/puntodincontro.mx\/2022\/04\/18\/messico-atteso-oggi-il-dibattito-sulla-nazionalizzazione-del-litio\/#breadcrumb\"},\"inLanguage\":\"es\",\"potentialAction\":[{\"@type\":\"ReadAction\",\"target\":[\"https:\/\/puntodincontro.mx\/2022\/04\/18\/messico-atteso-oggi-il-dibattito-sulla-nazionalizzazione-del-litio\/\"]}]},{\"@type\":\"ImageObject\",\"inLanguage\":\"es\",\"@id\":\"https:\/\/puntodincontro.mx\/2022\/04\/18\/messico-atteso-oggi-il-dibattito-sulla-nazionalizzazione-del-litio\/#primaryimage\",\"url\":\"https:\/\/puntodincontro.mx\/wp-content\/uploads\/2022\/04\/messicolitiovert.webp\",\"contentUrl\":\"https:\/\/puntodincontro.mx\/wp-content\/uploads\/2022\/04\/messicolitiovert.webp\",\"width\":423,\"height\":488,\"caption\":\"Messico, atteso oggi il dibattito sulla nazionalizzazione del litio\"},{\"@type\":\"BreadcrumbList\",\"@id\":\"https:\/\/puntodincontro.mx\/2022\/04\/18\/messico-atteso-oggi-il-dibattito-sulla-nazionalizzazione-del-litio\/#breadcrumb\",\"itemListElement\":[{\"@type\":\"ListItem\",\"position\":1,\"name\":\"Home\",\"item\":\"https:\/\/puntodincontro.mx\/\"},{\"@type\":\"ListItem\",\"position\":2,\"name\":\"Messico, atteso oggi il dibattito sulla nazionalizzazione del litio\"}]},{\"@type\":\"WebSite\",\"@id\":\"https:\/\/puntodincontro.mx\/#website\",\"url\":\"https:\/\/puntodincontro.mx\/\",\"name\":\"Puntodincontro\",\"description\":\"Dal 2006 notizie sui rapporti Italia-Messico \/ Desde 2006 noticias sobre las relaciones entre Italia y M\u00e9xico\",\"publisher\":{\"@id\":\"https:\/\/puntodincontro.mx\/#organization\"},\"potentialAction\":[{\"@type\":\"SearchAction\",\"target\":{\"@type\":\"EntryPoint\",\"urlTemplate\":\"https:\/\/puntodincontro.mx\/?s={search_term_string}\"},\"query-input\":{\"@type\":\"PropertyValueSpecification\",\"valueRequired\":true,\"valueName\":\"search_term_string\"}}],\"inLanguage\":\"es\"},{\"@type\":\"Organization\",\"@id\":\"https:\/\/puntodincontro.mx\/#organization\",\"name\":\"Puntodincontro\",\"url\":\"https:\/\/puntodincontro.mx\/\",\"logo\":{\"@type\":\"ImageObject\",\"inLanguage\":\"es\",\"@id\":\"https:\/\/puntodincontro.mx\/#\/schema\/logo\/image\/\",\"url\":\"https:\/\/puntodincontro.mx\/wp-content\/uploads\/2021\/08\/Default-image-for-open-graph-settings.jpg\",\"contentUrl\":\"https:\/\/puntodincontro.mx\/wp-content\/uploads\/2021\/08\/Default-image-for-open-graph-settings.jpg\",\"width\":1200,\"height\":630,\"caption\":\"Puntodincontro\"},\"image\":{\"@id\":\"https:\/\/puntodincontro.mx\/#\/schema\/logo\/image\/\"},\"sameAs\":[\"https:\/\/www.facebook.com\/puntodincontro.mx\",\"https:\/\/x.com\/puntodincontro\",\"https:\/\/www.instagram.com\/puntodincontro.mx\/\",\"https:\/\/www.linkedin.com\/company\/puntodincontro\/\",\"https:\/\/www.youtube.com\/c\/puntodincontromessico\",\"https:\/\/www.patreon.com\/puntodincontro\",\"https:\/\/www.threads.net\/@puntodincontro.mx\"]},{\"@type\":\"Person\",\"@id\":\"https:\/\/puntodincontro.mx\/#\/schema\/person\/d3066d18a16259cbb0c29b0d0e93b556\",\"name\":\"Puntodincontro\",\"image\":{\"@type\":\"ImageObject\",\"inLanguage\":\"es\",\"@id\":\"https:\/\/puntodincontro.mx\/#\/schema\/person\/image\/\",\"url\":\"https:\/\/secure.gravatar.com\/avatar\/0e85b4b3b5e9d6bfcec6a4956d8cc63a?s=96&d=mm&r=g\",\"contentUrl\":\"https:\/\/secure.gravatar.com\/avatar\/0e85b4b3b5e9d6bfcec6a4956d8cc63a?s=96&d=mm&r=g\",\"caption\":\"Puntodincontro\"},\"url\":\"https:\/\/puntodincontro.mx\/es\/author\/puntodincontro\/\"}]}<\/script>\n<!-- \/ Yoast SEO Premium plugin. -->","yoast_head_json":{"title":"Messico, atteso oggi il dibattito sulla nazionalizzazione del litio Puntodincontro","description":"\u00abQualunque cosa accada, siamo gi\u00e0 blindati contro il tradimento\u00bb, ha detto ieri sera il presidente messicano Andr\u00e9s Manuel L\u00f3pez Obrador prima che si concludesse la discussione sulla riforma del settore elettrico, respinta dopo 12 ore di dibattito con 223 voti contrari dai partiti di opposizione. L'affermazione del presidente si riferisce all'iniziativa sul litio inviata ieri alla Camera dei Deputati.","robots":{"index":"index","follow":"follow","max-snippet":"max-snippet:-1","max-image-preview":"max-image-preview:large","max-video-preview":"max-video-preview:-1"},"canonical":"https:\/\/puntodincontro.mx\/es\/2022\/04\/18\/mexico-preven-hoy-debate-sobre-la-nacionalizacion-del-litio\/","og_locale":"es_MX","og_type":"article","og_title":"Messico, atteso oggi il dibattito sulla nazionalizzazione del litio","og_description":"\u00abQualunque cosa accada, siamo gi\u00e0 blindati contro il tradimento\u00bb, ha detto ieri sera il presidente messicano Andr\u00e9s Manuel L\u00f3pez Obrador prima che si concludesse la discussione sulla riforma del settore elettrico, respinta dopo 12 ore di dibattito con 223 voti contrari dai partiti di opposizione. L'affermazione del presidente si riferisce all'iniziativa sul litio inviata ieri alla Camera dei Deputati.","og_url":"https:\/\/puntodincontro.mx\/es\/2022\/04\/18\/mexico-preven-hoy-debate-sobre-la-nacionalizacion-del-litio\/","og_site_name":"Puntodincontro","article_publisher":"https:\/\/www.facebook.com\/puntodincontro.mx","article_published_time":"2022-04-18T11:31:41+00:00","article_modified_time":"2022-04-18T11:31:42+00:00","og_image":[{"width":423,"height":488,"url":"https:\/\/puntodincontro.mx\/wp-content\/uploads\/2022\/04\/messicolitiovert.webp","type":"image\/webp"}],"author":"Puntodincontro","twitter_card":"summary_large_image","twitter_creator":"@puntodincontro","twitter_site":"@puntodincontro","twitter_misc":{"Escrito por":"Puntodincontro","Tiempo de lectura":"2 minutos"},"schema":{"@context":"https:\/\/schema.org","@graph":[{"@type":"NewsArticle","@id":"https:\/\/puntodincontro.mx\/2022\/04\/18\/messico-atteso-oggi-il-dibattito-sulla-nazionalizzazione-del-litio\/#article","isPartOf":{"@id":"https:\/\/puntodincontro.mx\/2022\/04\/18\/messico-atteso-oggi-il-dibattito-sulla-nazionalizzazione-del-litio\/"},"author":{"name":"Puntodincontro","@id":"https:\/\/puntodincontro.mx\/#\/schema\/person\/d3066d18a16259cbb0c29b0d0e93b556"},"headline":"Messico, atteso oggi il dibattito sulla nazionalizzazione del litio","datePublished":"2022-04-18T11:31:41+00:00","dateModified":"2022-04-18T11:31:42+00:00","mainEntityOfPage":{"@id":"https:\/\/puntodincontro.mx\/2022\/04\/18\/messico-atteso-oggi-il-dibattito-sulla-nazionalizzazione-del-litio\/"},"wordCount":252,"commentCount":0,"publisher":{"@id":"https:\/\/puntodincontro.mx\/#organization"},"image":{"@id":"https:\/\/puntodincontro.mx\/2022\/04\/18\/messico-atteso-oggi-il-dibattito-sulla-nazionalizzazione-del-litio\/#primaryimage"},"thumbnailUrl":"https:\/\/puntodincontro.mx\/wp-content\/uploads\/2022\/04\/messicolitiovert.webp","articleSection":["Cronaca"],"inLanguage":"es","potentialAction":[{"@type":"CommentAction","name":"Comment","target":["https:\/\/puntodincontro.mx\/2022\/04\/18\/messico-atteso-oggi-il-dibattito-sulla-nazionalizzazione-del-litio\/#respond"]}]},{"@type":"WebPage","@id":"https:\/\/puntodincontro.mx\/2022\/04\/18\/messico-atteso-oggi-il-dibattito-sulla-nazionalizzazione-del-litio\/","url":"https:\/\/puntodincontro.mx\/2022\/04\/18\/messico-atteso-oggi-il-dibattito-sulla-nazionalizzazione-del-litio\/","name":"Messico, atteso oggi il dibattito sulla nazionalizzazione del litio Puntodincontro","isPartOf":{"@id":"https:\/\/puntodincontro.mx\/#website"},"primaryImageOfPage":{"@id":"https:\/\/puntodincontro.mx\/2022\/04\/18\/messico-atteso-oggi-il-dibattito-sulla-nazionalizzazione-del-litio\/#primaryimage"},"image":{"@id":"https:\/\/puntodincontro.mx\/2022\/04\/18\/messico-atteso-oggi-il-dibattito-sulla-nazionalizzazione-del-litio\/#primaryimage"},"thumbnailUrl":"https:\/\/puntodincontro.mx\/wp-content\/uploads\/2022\/04\/messicolitiovert.webp","datePublished":"2022-04-18T11:31:41+00:00","dateModified":"2022-04-18T11:31:42+00:00","description":"\u00abQualunque cosa accada, siamo gi\u00e0 blindati contro il tradimento\u00bb, ha detto ieri sera il presidente messicano Andr\u00e9s Manuel L\u00f3pez Obrador prima che si concludesse la discussione sulla riforma del settore elettrico, respinta dopo 12 ore di dibattito con 223 voti contrari dai partiti di opposizione. L'affermazione del presidente si riferisce all'iniziativa sul litio inviata ieri alla Camera dei Deputati.","breadcrumb":{"@id":"https:\/\/puntodincontro.mx\/2022\/04\/18\/messico-atteso-oggi-il-dibattito-sulla-nazionalizzazione-del-litio\/#breadcrumb"},"inLanguage":"es","potentialAction":[{"@type":"ReadAction","target":["https:\/\/puntodincontro.mx\/2022\/04\/18\/messico-atteso-oggi-il-dibattito-sulla-nazionalizzazione-del-litio\/"]}]},{"@type":"ImageObject","inLanguage":"es","@id":"https:\/\/puntodincontro.mx\/2022\/04\/18\/messico-atteso-oggi-il-dibattito-sulla-nazionalizzazione-del-litio\/#primaryimage","url":"https:\/\/puntodincontro.mx\/wp-content\/uploads\/2022\/04\/messicolitiovert.webp","contentUrl":"https:\/\/puntodincontro.mx\/wp-content\/uploads\/2022\/04\/messicolitiovert.webp","width":423,"height":488,"caption":"Messico, atteso oggi il dibattito sulla nazionalizzazione del litio"},{"@type":"BreadcrumbList","@id":"https:\/\/puntodincontro.mx\/2022\/04\/18\/messico-atteso-oggi-il-dibattito-sulla-nazionalizzazione-del-litio\/#breadcrumb","itemListElement":[{"@type":"ListItem","position":1,"name":"Home","item":"https:\/\/puntodincontro.mx\/"},{"@type":"ListItem","position":2,"name":"Messico, atteso oggi il dibattito sulla nazionalizzazione del litio"}]},{"@type":"WebSite","@id":"https:\/\/puntodincontro.mx\/#website","url":"https:\/\/puntodincontro.mx\/","name":"Puntodincontro","description":"Desde el 2006 noticias sobre las relaciones entre Italia y M\u00e9xico \/ Dal 2006 notizie sui rapporti Italia-Messico","publisher":{"@id":"https:\/\/puntodincontro.mx\/#organization"},"potentialAction":[{"@type":"SearchAction","target":{"@type":"EntryPoint","urlTemplate":"https:\/\/puntodincontro.mx\/?s={search_term_string}"},"query-input":{"@type":"PropertyValueSpecification","valueRequired":true,"valueName":"search_term_string"}}],"inLanguage":"es"},{"@type":"Organization","@id":"https:\/\/puntodincontro.mx\/#organization","name":"Puntodincontro","url":"https:\/\/puntodincontro.mx\/","logo":{"@type":"ImageObject","inLanguage":"es","@id":"https:\/\/puntodincontro.mx\/#\/schema\/logo\/image\/","url":"https:\/\/puntodincontro.mx\/wp-content\/uploads\/2021\/08\/Default-image-for-open-graph-settings.jpg","contentUrl":"https:\/\/puntodincontro.mx\/wp-content\/uploads\/2021\/08\/Default-image-for-open-graph-settings.jpg","width":1200,"height":630,"caption":"Puntodincontro"},"image":{"@id":"https:\/\/puntodincontro.mx\/#\/schema\/logo\/image\/"},"sameAs":["https:\/\/www.facebook.com\/puntodincontro.mx","https:\/\/x.com\/puntodincontro","https:\/\/www.instagram.com\/puntodincontro.mx\/","https:\/\/www.linkedin.com\/company\/puntodincontro\/","https:\/\/www.youtube.com\/c\/puntodincontromessico","https:\/\/www.patreon.com\/puntodincontro","https:\/\/www.threads.net\/@puntodincontro.mx"]},{"@type":"Person","@id":"https:\/\/puntodincontro.mx\/#\/schema\/person\/d3066d18a16259cbb0c29b0d0e93b556","name":"Puntodincontro","image":{"@type":"ImageObject","inLanguage":"es","@id":"https:\/\/puntodincontro.mx\/#\/schema\/person\/image\/","url":"https:\/\/secure.gravatar.com\/avatar\/0e85b4b3b5e9d6bfcec6a4956d8cc63a?s=96&d=mm&r=g","contentUrl":"https:\/\/secure.gravatar.com\/avatar\/0e85b4b3b5e9d6bfcec6a4956d8cc63a?s=96&d=mm&r=g","caption":"Puntodincontro"},"url":"https:\/\/puntodincontro.mx\/es\/author\/puntodincontro\/"}]}},"_links":{"self":[{"href":"https:\/\/puntodincontro.mx\/es\/wp-json\/wp\/v2\/posts\/4758"}],"collection":[{"href":"https:\/\/puntodincontro.mx\/es\/wp-json\/wp\/v2\/posts"}],"about":[{"href":"https:\/\/puntodincontro.mx\/es\/wp-json\/wp\/v2\/types\/post"}],"author":[{"embeddable":true,"href":"https:\/\/puntodincontro.mx\/es\/wp-json\/wp\/v2\/users\/2"}],"replies":[{"embeddable":true,"href":"https:\/\/puntodincontro.mx\/es\/wp-json\/wp\/v2\/comments?post=4758"}],"version-history":[{"count":5,"href":"https:\/\/puntodincontro.mx\/es\/wp-json\/wp\/v2\/posts\/4758\/revisions"}],"predecessor-version":[{"id":4765,"href":"https:\/\/puntodincontro.mx\/es\/wp-json\/wp\/v2\/posts\/4758\/revisions\/4765"}],"wp:featuredmedia":[{"embeddable":true,"href":"https:\/\/puntodincontro.mx\/es\/wp-json\/wp\/v2\/media\/4761"}],"wp:attachment":[{"href":"https:\/\/puntodincontro.mx\/es\/wp-json\/wp\/v2\/media?parent=4758"}],"wp:term":[{"taxonomy":"category","embeddable":true,"href":"https:\/\/puntodincontro.mx\/es\/wp-json\/wp\/v2\/categories?post=4758"},{"taxonomy":"post_tag","embeddable":true,"href":"https:\/\/puntodincontro.mx\/es\/wp-json\/wp\/v2\/tags?post=4758"}],"curies":[{"name":"wp","href":"https:\/\/api.w.org\/{rel}","templated":true}]}}