{"id":4927,"date":"2022-04-24T04:11:07","date_gmt":"2022-04-24T09:11:07","guid":{"rendered":"https:\/\/puntodincontro.mx\/?p=4927"},"modified":"2022-04-24T04:11:08","modified_gmt":"2022-04-24T09:11:08","slug":"parolin-en-mexico-por-segunda-vez-en-10-meses","status":"publish","type":"post","link":"https:\/\/puntodincontro.mx\/es\/2022\/04\/24\/parolin-in-messico-per-la-seconda-volta-in-10-mesi\/","title":{"rendered":"Parolin en M\u00e9xico por segunda vez en 10 meses"},"content":{"rendered":"<p class=\"translation-block\"><strong>04:04 hrs.<\/strong> \u2013 Inici\u00f3 el pasado 21 de abril el viaje a M\u00e9xico del cardenal Pietro Parolin, Secretario de Estado del Vaticano. El purpurado visita el pa\u00eds por segunda vez en 10 meses, en esta ocasi\u00f3n para celebrar los 30 a\u00f1os de relaciones diplom\u00e1ticas entre la Santa Sede y M\u00e9xico.<\/p>\n\n\n\n<p>Su agenda prev\u00e9 un amplio programa de reuniones institucionales y otros encuentros. El 23 de abril, en Guadalajara, presidi\u00f3 la consagraci\u00f3n episcopal de monse\u00f1or Javier Herrera Corona, quien el 5 de febrero pasado fue nombrado Nuncio en Congo y Gab\u00f3n por el Papa Francisco. Herrera Corona anteriormente fue Jefe de la Misi\u00f3n de Estudio de la Santa Sede en Hong Kong, que desempe\u00f1a un rol similar al de una nunciatura.<\/p>\n\n\n\n<p>El 24 de abril, el cardenal celebra una misa en la catedral de la Ciudad de M\u00e9xico, mientras que el d\u00eda 25 se reunir\u00e1 con varios grupos de la sociedad civil por la ma\u00f1ana y por la tarde presidir\u00e1, en la bas\u00edlica de Guadalupe, la misa de apertura de la asamblea general del episcopado mexicano.<\/p>\n\n\n\n<p>El 26 de abril, Parolin se reunir\u00e1 con el presidente Andr\u00e9s Manuel L\u00f3pez Obrador. En la tarde del 26 de abril, para la celebraci\u00f3n de los 30 a\u00f1os de relaciones diplom\u00e1ticas, el cardenal ofrecer\u00e1 una conferencia en el simposio sobre secularismo abierto y libertad religiosa, organizado por la nunciatura. En el congreso participar\u00e1n representantes de la sociedad civil, acad\u00e9micos, rectores de universidades p\u00fablicas y privadas, empresarios, diplom\u00e1ticos y representantes del episcopado. Resalta la reuni\u00f3n programada con el Secretario de Relaciones Exteriores, Marcelo Ebrard Casaubon, quien participar\u00e1 en el evento.<\/p>\n\n\n\n<p>En junio de 2021, durante su visita a M\u00e9xico, el cardenal Parolin lanz\u00f3 un mensaje sobre la laicidad del Estado, en el que se\u00f1al\u00f3 que \u00abpara la Santa Sede ha llegado el momento de renovar el pacto de colaboraci\u00f3n mutua, caracterizado por un profundo respeto por la distinci\u00f3n leg\u00edtima entre Estado e Iglesia, un pacto basado en el principio de secularismo\u00bb.<\/p>\n\n\n\n<p>Parolin aclar\u00f3 que el principio no deber\u00eda haberse entendido como una oposici\u00f3n entre las esferas religiosas y seculares, sino como una autonom\u00eda necesaria en el compromiso de actuar a favor del bien de todos\u00bb.<\/p>\n\n\n\n<div style=\"height:12px\" aria-hidden=\"true\" class=\"wp-block-spacer\"><\/div>\n\n\n\n\n\n<div style=\"height:12px\" aria-hidden=\"true\" class=\"wp-block-spacer\"><\/div>","protected":false},"excerpt":{"rendered":"<p>Ore 04.04 &#8211; \u00c8 iniziato il 21 aprile il viaggio del cardinale Pietro Parolin, segretario di Stato vaticano in Messico. Il porporato visita il Paese per la seconda volta in 10 mesi, in questa occasione per celebrare i 30 anni di relazioni diplomatiche tra la Santa Sede e il Messico. La sua \u00e8 una agenda fitta di incontri istituzionali, e non solo. Il 23 aprile, a Guadalajara, ha presieduto la consacrazione episcopale di monsignor Javier Herrera Corona, nominato nunzio in Congo e Gabon lo scorso 5 febbraio da Papa Francesco. Herrera Corona aveva servito come capo della Missione di studio&#8230; <\/p>","protected":false},"author":2,"featured_media":4929,"comment_status":"open","ping_status":"open","sticky":false,"template":"","format":"standard","meta":{"_monsterinsights_skip_tracking":false,"_monsterinsights_sitenote_active":false,"_monsterinsights_sitenote_note":"","_monsterinsights_sitenote_category":0,"footnotes":""},"categories":[18],"tags":[],"class_list":["post-4927","post","type-post","status-publish","format-standard","has-post-thumbnail","hentry","category-cronaca"],"yoast_head":"<!-- This site is optimized with the Yoast SEO Premium plugin v18.4 (Yoast SEO v25.6) - https:\/\/yoast.com\/wordpress\/plugins\/seo\/ -->\n<title>Parolin in Messico per la seconda volta in 10 mesi Puntodincontro<\/title>\n<meta name=\"description\" content=\"\u00c8 iniziato il 21 aprile il viaggio del cardinale Pietro Parolin, segretario di Stato vaticano in Messico. Il porporato visita il Paese per la seconda volta in 10 mesi, in questa occasione per celebrare i 30 anni di relazioni diplomatiche tra la Santa Sede e il Messico.\" \/>\n<meta name=\"robots\" content=\"index, follow, max-snippet:-1, max-image-preview:large, max-video-preview:-1\" \/>\n<link rel=\"canonical\" href=\"https:\/\/puntodincontro.mx\/es\/2022\/04\/24\/parolin-en-mexico-por-segunda-vez-en-10-meses\/\" \/>\n<meta property=\"og:locale\" content=\"es_MX\" \/>\n<meta property=\"og:type\" content=\"article\" \/>\n<meta property=\"og:title\" content=\"Parolin in Messico per la seconda volta in 10 mesi\" \/>\n<meta property=\"og:description\" content=\"\u00c8 iniziato il 21 aprile il viaggio del cardinale Pietro Parolin, segretario di Stato vaticano in Messico. Il porporato visita il Paese per la seconda volta in 10 mesi, in questa occasione per celebrare i 30 anni di relazioni diplomatiche tra la Santa Sede e il Messico.\" \/>\n<meta property=\"og:url\" content=\"https:\/\/puntodincontro.mx\/es\/2022\/04\/24\/parolin-en-mexico-por-segunda-vez-en-10-meses\/\" \/>\n<meta property=\"og:site_name\" content=\"Puntodincontro\" \/>\n<meta property=\"article:publisher\" content=\"https:\/\/www.facebook.com\/puntodincontro.mx\" \/>\n<meta property=\"article:published_time\" content=\"2022-04-24T09:11:07+00:00\" \/>\n<meta property=\"article:modified_time\" content=\"2022-04-24T09:11:08+00:00\" \/>\n<meta property=\"og:image\" content=\"https:\/\/puntodincontro.mx\/wp-content\/uploads\/2022\/04\/parolininmessicovert.webp\" \/>\n\t<meta property=\"og:image:width\" content=\"423\" \/>\n\t<meta property=\"og:image:height\" content=\"488\" \/>\n\t<meta property=\"og:image:type\" content=\"image\/webp\" \/>\n<meta name=\"author\" content=\"Puntodincontro\" \/>\n<meta name=\"twitter:card\" content=\"summary_large_image\" \/>\n<meta name=\"twitter:creator\" content=\"@puntodincontro\" \/>\n<meta name=\"twitter:site\" content=\"@puntodincontro\" \/>\n<meta name=\"twitter:label1\" content=\"Escrito por\" \/>\n\t<meta name=\"twitter:data1\" content=\"Puntodincontro\" \/>\n\t<meta name=\"twitter:label2\" content=\"Tiempo de lectura\" \/>\n\t<meta name=\"twitter:data2\" content=\"2 minutos\" \/>\n<script type=\"application\/ld+json\" class=\"yoast-schema-graph\">{\"@context\":\"https:\/\/schema.org\",\"@graph\":[{\"@type\":\"NewsArticle\",\"@id\":\"https:\/\/puntodincontro.mx\/2022\/04\/24\/parolin-in-messico-per-la-seconda-volta-in-10-mesi\/#article\",\"isPartOf\":{\"@id\":\"https:\/\/puntodincontro.mx\/2022\/04\/24\/parolin-in-messico-per-la-seconda-volta-in-10-mesi\/\"},\"author\":{\"name\":\"Puntodincontro\",\"@id\":\"https:\/\/puntodincontro.mx\/#\/schema\/person\/d3066d18a16259cbb0c29b0d0e93b556\"},\"headline\":\"Parolin in Messico per la seconda volta in 10 mesi\",\"datePublished\":\"2022-04-24T09:11:07+00:00\",\"dateModified\":\"2022-04-24T09:11:08+00:00\",\"mainEntityOfPage\":{\"@id\":\"https:\/\/puntodincontro.mx\/2022\/04\/24\/parolin-in-messico-per-la-seconda-volta-in-10-mesi\/\"},\"wordCount\":333,\"commentCount\":0,\"publisher\":{\"@id\":\"https:\/\/puntodincontro.mx\/#organization\"},\"image\":{\"@id\":\"https:\/\/puntodincontro.mx\/2022\/04\/24\/parolin-in-messico-per-la-seconda-volta-in-10-mesi\/#primaryimage\"},\"thumbnailUrl\":\"https:\/\/puntodincontro.mx\/wp-content\/uploads\/2022\/04\/parolininmessicovert.webp\",\"articleSection\":[\"Cronaca\"],\"inLanguage\":\"es\",\"potentialAction\":[{\"@type\":\"CommentAction\",\"name\":\"Comment\",\"target\":[\"https:\/\/puntodincontro.mx\/2022\/04\/24\/parolin-in-messico-per-la-seconda-volta-in-10-mesi\/#respond\"]}]},{\"@type\":\"WebPage\",\"@id\":\"https:\/\/puntodincontro.mx\/2022\/04\/24\/parolin-in-messico-per-la-seconda-volta-in-10-mesi\/\",\"url\":\"https:\/\/puntodincontro.mx\/2022\/04\/24\/parolin-in-messico-per-la-seconda-volta-in-10-mesi\/\",\"name\":\"Parolin in Messico per la seconda volta in 10 mesi Puntodincontro\",\"isPartOf\":{\"@id\":\"https:\/\/puntodincontro.mx\/#website\"},\"primaryImageOfPage\":{\"@id\":\"https:\/\/puntodincontro.mx\/2022\/04\/24\/parolin-in-messico-per-la-seconda-volta-in-10-mesi\/#primaryimage\"},\"image\":{\"@id\":\"https:\/\/puntodincontro.mx\/2022\/04\/24\/parolin-in-messico-per-la-seconda-volta-in-10-mesi\/#primaryimage\"},\"thumbnailUrl\":\"https:\/\/puntodincontro.mx\/wp-content\/uploads\/2022\/04\/parolininmessicovert.webp\",\"datePublished\":\"2022-04-24T09:11:07+00:00\",\"dateModified\":\"2022-04-24T09:11:08+00:00\",\"description\":\"\u00c8 iniziato il 21 aprile il viaggio del cardinale Pietro Parolin, segretario di Stato vaticano in Messico. Il porporato visita il Paese per la seconda volta in 10 mesi, in questa occasione per celebrare i 30 anni di relazioni diplomatiche tra la Santa Sede e il Messico.\",\"breadcrumb\":{\"@id\":\"https:\/\/puntodincontro.mx\/2022\/04\/24\/parolin-in-messico-per-la-seconda-volta-in-10-mesi\/#breadcrumb\"},\"inLanguage\":\"es\",\"potentialAction\":[{\"@type\":\"ReadAction\",\"target\":[\"https:\/\/puntodincontro.mx\/2022\/04\/24\/parolin-in-messico-per-la-seconda-volta-in-10-mesi\/\"]}]},{\"@type\":\"ImageObject\",\"inLanguage\":\"es\",\"@id\":\"https:\/\/puntodincontro.mx\/2022\/04\/24\/parolin-in-messico-per-la-seconda-volta-in-10-mesi\/#primaryimage\",\"url\":\"https:\/\/puntodincontro.mx\/wp-content\/uploads\/2022\/04\/parolininmessicovert.webp\",\"contentUrl\":\"https:\/\/puntodincontro.mx\/wp-content\/uploads\/2022\/04\/parolininmessicovert.webp\",\"width\":423,\"height\":488,\"caption\":\"Parolin in Messico per la seconda volta in 10 mesi\"},{\"@type\":\"BreadcrumbList\",\"@id\":\"https:\/\/puntodincontro.mx\/2022\/04\/24\/parolin-in-messico-per-la-seconda-volta-in-10-mesi\/#breadcrumb\",\"itemListElement\":[{\"@type\":\"ListItem\",\"position\":1,\"name\":\"Home\",\"item\":\"https:\/\/puntodincontro.mx\/\"},{\"@type\":\"ListItem\",\"position\":2,\"name\":\"Parolin in Messico per la seconda volta in 10 mesi\"}]},{\"@type\":\"WebSite\",\"@id\":\"https:\/\/puntodincontro.mx\/#website\",\"url\":\"https:\/\/puntodincontro.mx\/\",\"name\":\"Puntodincontro\",\"description\":\"Dal 2006 notizie sui rapporti Italia-Messico \/ Desde 2006 noticias sobre las relaciones entre Italia y M\u00e9xico\",\"publisher\":{\"@id\":\"https:\/\/puntodincontro.mx\/#organization\"},\"potentialAction\":[{\"@type\":\"SearchAction\",\"target\":{\"@type\":\"EntryPoint\",\"urlTemplate\":\"https:\/\/puntodincontro.mx\/?s={search_term_string}\"},\"query-input\":{\"@type\":\"PropertyValueSpecification\",\"valueRequired\":true,\"valueName\":\"search_term_string\"}}],\"inLanguage\":\"es\"},{\"@type\":\"Organization\",\"@id\":\"https:\/\/puntodincontro.mx\/#organization\",\"name\":\"Puntodincontro\",\"url\":\"https:\/\/puntodincontro.mx\/\",\"logo\":{\"@type\":\"ImageObject\",\"inLanguage\":\"es\",\"@id\":\"https:\/\/puntodincontro.mx\/#\/schema\/logo\/image\/\",\"url\":\"https:\/\/puntodincontro.mx\/wp-content\/uploads\/2021\/08\/Default-image-for-open-graph-settings.jpg\",\"contentUrl\":\"https:\/\/puntodincontro.mx\/wp-content\/uploads\/2021\/08\/Default-image-for-open-graph-settings.jpg\",\"width\":1200,\"height\":630,\"caption\":\"Puntodincontro\"},\"image\":{\"@id\":\"https:\/\/puntodincontro.mx\/#\/schema\/logo\/image\/\"},\"sameAs\":[\"https:\/\/www.facebook.com\/puntodincontro.mx\",\"https:\/\/x.com\/puntodincontro\",\"https:\/\/www.instagram.com\/puntodincontro.mx\/\",\"https:\/\/www.linkedin.com\/company\/puntodincontro\/\",\"https:\/\/www.youtube.com\/c\/puntodincontromessico\",\"https:\/\/www.patreon.com\/puntodincontro\",\"https:\/\/www.threads.net\/@puntodincontro.mx\"]},{\"@type\":\"Person\",\"@id\":\"https:\/\/puntodincontro.mx\/#\/schema\/person\/d3066d18a16259cbb0c29b0d0e93b556\",\"name\":\"Puntodincontro\",\"image\":{\"@type\":\"ImageObject\",\"inLanguage\":\"es\",\"@id\":\"https:\/\/puntodincontro.mx\/#\/schema\/person\/image\/\",\"url\":\"https:\/\/secure.gravatar.com\/avatar\/0e85b4b3b5e9d6bfcec6a4956d8cc63a?s=96&d=mm&r=g\",\"contentUrl\":\"https:\/\/secure.gravatar.com\/avatar\/0e85b4b3b5e9d6bfcec6a4956d8cc63a?s=96&d=mm&r=g\",\"caption\":\"Puntodincontro\"},\"url\":\"https:\/\/puntodincontro.mx\/es\/author\/puntodincontro\/\"}]}<\/script>\n<!-- \/ Yoast SEO Premium plugin. -->","yoast_head_json":{"title":"Parolin in Messico per la seconda volta in 10 mesi Puntodincontro","description":"Inici\u00f3 el pasado 21 de abril el viaje a M\u00e9xico del cardenal Pietro Parolin, Secretario de Estado del Vaticano. El purpurado visita el pa\u00eds por segunda vez en 10 meses, en esta ocasi\u00f3n para celebrar los 30 a\u00f1os de relaciones diplom\u00e1ticas entre la Santa Sede y M\u00e9xico.","robots":{"index":"index","follow":"follow","max-snippet":"max-snippet:-1","max-image-preview":"max-image-preview:large","max-video-preview":"max-video-preview:-1"},"canonical":"https:\/\/puntodincontro.mx\/es\/2022\/04\/24\/parolin-en-mexico-por-segunda-vez-en-10-meses\/","og_locale":"es_MX","og_type":"article","og_title":"Parolin in Messico per la seconda volta in 10 mesi","og_description":"\u00c8 iniziato il 21 aprile il viaggio del cardinale Pietro Parolin, segretario di Stato vaticano in Messico. Il porporato visita il Paese per la seconda volta in 10 mesi, in questa occasione per celebrare i 30 anni di relazioni diplomatiche tra la Santa Sede e il Messico.","og_url":"https:\/\/puntodincontro.mx\/es\/2022\/04\/24\/parolin-en-mexico-por-segunda-vez-en-10-meses\/","og_site_name":"Puntodincontro","article_publisher":"https:\/\/www.facebook.com\/puntodincontro.mx","article_published_time":"2022-04-24T09:11:07+00:00","article_modified_time":"2022-04-24T09:11:08+00:00","og_image":[{"width":423,"height":488,"url":"https:\/\/puntodincontro.mx\/wp-content\/uploads\/2022\/04\/parolininmessicovert.webp","type":"image\/webp"}],"author":"Puntodincontro","twitter_card":"summary_large_image","twitter_creator":"@puntodincontro","twitter_site":"@puntodincontro","twitter_misc":{"Escrito por":"Puntodincontro","Tiempo de lectura":"2 minutos"},"schema":{"@context":"https:\/\/schema.org","@graph":[{"@type":"NewsArticle","@id":"https:\/\/puntodincontro.mx\/2022\/04\/24\/parolin-in-messico-per-la-seconda-volta-in-10-mesi\/#article","isPartOf":{"@id":"https:\/\/puntodincontro.mx\/2022\/04\/24\/parolin-in-messico-per-la-seconda-volta-in-10-mesi\/"},"author":{"name":"Puntodincontro","@id":"https:\/\/puntodincontro.mx\/#\/schema\/person\/d3066d18a16259cbb0c29b0d0e93b556"},"headline":"Parolin in Messico per la seconda volta in 10 mesi","datePublished":"2022-04-24T09:11:07+00:00","dateModified":"2022-04-24T09:11:08+00:00","mainEntityOfPage":{"@id":"https:\/\/puntodincontro.mx\/2022\/04\/24\/parolin-in-messico-per-la-seconda-volta-in-10-mesi\/"},"wordCount":333,"commentCount":0,"publisher":{"@id":"https:\/\/puntodincontro.mx\/#organization"},"image":{"@id":"https:\/\/puntodincontro.mx\/2022\/04\/24\/parolin-in-messico-per-la-seconda-volta-in-10-mesi\/#primaryimage"},"thumbnailUrl":"https:\/\/puntodincontro.mx\/wp-content\/uploads\/2022\/04\/parolininmessicovert.webp","articleSection":["Cronaca"],"inLanguage":"es","potentialAction":[{"@type":"CommentAction","name":"Comment","target":["https:\/\/puntodincontro.mx\/2022\/04\/24\/parolin-in-messico-per-la-seconda-volta-in-10-mesi\/#respond"]}]},{"@type":"WebPage","@id":"https:\/\/puntodincontro.mx\/2022\/04\/24\/parolin-in-messico-per-la-seconda-volta-in-10-mesi\/","url":"https:\/\/puntodincontro.mx\/2022\/04\/24\/parolin-in-messico-per-la-seconda-volta-in-10-mesi\/","name":"Parolin in Messico per la seconda volta in 10 mesi Puntodincontro","isPartOf":{"@id":"https:\/\/puntodincontro.mx\/#website"},"primaryImageOfPage":{"@id":"https:\/\/puntodincontro.mx\/2022\/04\/24\/parolin-in-messico-per-la-seconda-volta-in-10-mesi\/#primaryimage"},"image":{"@id":"https:\/\/puntodincontro.mx\/2022\/04\/24\/parolin-in-messico-per-la-seconda-volta-in-10-mesi\/#primaryimage"},"thumbnailUrl":"https:\/\/puntodincontro.mx\/wp-content\/uploads\/2022\/04\/parolininmessicovert.webp","datePublished":"2022-04-24T09:11:07+00:00","dateModified":"2022-04-24T09:11:08+00:00","description":"Inici\u00f3 el pasado 21 de abril el viaje a M\u00e9xico del cardenal Pietro Parolin, Secretario de Estado del Vaticano. El purpurado visita el pa\u00eds por segunda vez en 10 meses, en esta ocasi\u00f3n para celebrar los 30 a\u00f1os de relaciones diplom\u00e1ticas entre la Santa Sede y M\u00e9xico.","breadcrumb":{"@id":"https:\/\/puntodincontro.mx\/2022\/04\/24\/parolin-in-messico-per-la-seconda-volta-in-10-mesi\/#breadcrumb"},"inLanguage":"es","potentialAction":[{"@type":"ReadAction","target":["https:\/\/puntodincontro.mx\/2022\/04\/24\/parolin-in-messico-per-la-seconda-volta-in-10-mesi\/"]}]},{"@type":"ImageObject","inLanguage":"es","@id":"https:\/\/puntodincontro.mx\/2022\/04\/24\/parolin-in-messico-per-la-seconda-volta-in-10-mesi\/#primaryimage","url":"https:\/\/puntodincontro.mx\/wp-content\/uploads\/2022\/04\/parolininmessicovert.webp","contentUrl":"https:\/\/puntodincontro.mx\/wp-content\/uploads\/2022\/04\/parolininmessicovert.webp","width":423,"height":488,"caption":"Parolin in Messico per la seconda volta in 10 mesi"},{"@type":"BreadcrumbList","@id":"https:\/\/puntodincontro.mx\/2022\/04\/24\/parolin-in-messico-per-la-seconda-volta-in-10-mesi\/#breadcrumb","itemListElement":[{"@type":"ListItem","position":1,"name":"Home","item":"https:\/\/puntodincontro.mx\/"},{"@type":"ListItem","position":2,"name":"Parolin in Messico per la seconda volta in 10 mesi"}]},{"@type":"WebSite","@id":"https:\/\/puntodincontro.mx\/#website","url":"https:\/\/puntodincontro.mx\/","name":"Puntodincontro","description":"Desde el 2006 noticias sobre las relaciones entre Italia y M\u00e9xico \/ Dal 2006 notizie sui rapporti Italia-Messico","publisher":{"@id":"https:\/\/puntodincontro.mx\/#organization"},"potentialAction":[{"@type":"SearchAction","target":{"@type":"EntryPoint","urlTemplate":"https:\/\/puntodincontro.mx\/?s={search_term_string}"},"query-input":{"@type":"PropertyValueSpecification","valueRequired":true,"valueName":"search_term_string"}}],"inLanguage":"es"},{"@type":"Organization","@id":"https:\/\/puntodincontro.mx\/#organization","name":"Puntodincontro","url":"https:\/\/puntodincontro.mx\/","logo":{"@type":"ImageObject","inLanguage":"es","@id":"https:\/\/puntodincontro.mx\/#\/schema\/logo\/image\/","url":"https:\/\/puntodincontro.mx\/wp-content\/uploads\/2021\/08\/Default-image-for-open-graph-settings.jpg","contentUrl":"https:\/\/puntodincontro.mx\/wp-content\/uploads\/2021\/08\/Default-image-for-open-graph-settings.jpg","width":1200,"height":630,"caption":"Puntodincontro"},"image":{"@id":"https:\/\/puntodincontro.mx\/#\/schema\/logo\/image\/"},"sameAs":["https:\/\/www.facebook.com\/puntodincontro.mx","https:\/\/x.com\/puntodincontro","https:\/\/www.instagram.com\/puntodincontro.mx\/","https:\/\/www.linkedin.com\/company\/puntodincontro\/","https:\/\/www.youtube.com\/c\/puntodincontromessico","https:\/\/www.patreon.com\/puntodincontro","https:\/\/www.threads.net\/@puntodincontro.mx"]},{"@type":"Person","@id":"https:\/\/puntodincontro.mx\/#\/schema\/person\/d3066d18a16259cbb0c29b0d0e93b556","name":"Puntodincontro","image":{"@type":"ImageObject","inLanguage":"es","@id":"https:\/\/puntodincontro.mx\/#\/schema\/person\/image\/","url":"https:\/\/secure.gravatar.com\/avatar\/0e85b4b3b5e9d6bfcec6a4956d8cc63a?s=96&d=mm&r=g","contentUrl":"https:\/\/secure.gravatar.com\/avatar\/0e85b4b3b5e9d6bfcec6a4956d8cc63a?s=96&d=mm&r=g","caption":"Puntodincontro"},"url":"https:\/\/puntodincontro.mx\/es\/author\/puntodincontro\/"}]}},"_links":{"self":[{"href":"https:\/\/puntodincontro.mx\/es\/wp-json\/wp\/v2\/posts\/4927"}],"collection":[{"href":"https:\/\/puntodincontro.mx\/es\/wp-json\/wp\/v2\/posts"}],"about":[{"href":"https:\/\/puntodincontro.mx\/es\/wp-json\/wp\/v2\/types\/post"}],"author":[{"embeddable":true,"href":"https:\/\/puntodincontro.mx\/es\/wp-json\/wp\/v2\/users\/2"}],"replies":[{"embeddable":true,"href":"https:\/\/puntodincontro.mx\/es\/wp-json\/wp\/v2\/comments?post=4927"}],"version-history":[{"count":2,"href":"https:\/\/puntodincontro.mx\/es\/wp-json\/wp\/v2\/posts\/4927\/revisions"}],"predecessor-version":[{"id":4931,"href":"https:\/\/puntodincontro.mx\/es\/wp-json\/wp\/v2\/posts\/4927\/revisions\/4931"}],"wp:featuredmedia":[{"embeddable":true,"href":"https:\/\/puntodincontro.mx\/es\/wp-json\/wp\/v2\/media\/4929"}],"wp:attachment":[{"href":"https:\/\/puntodincontro.mx\/es\/wp-json\/wp\/v2\/media?parent=4927"}],"wp:term":[{"taxonomy":"category","embeddable":true,"href":"https:\/\/puntodincontro.mx\/es\/wp-json\/wp\/v2\/categories?post=4927"},{"taxonomy":"post_tag","embeddable":true,"href":"https:\/\/puntodincontro.mx\/es\/wp-json\/wp\/v2\/tags?post=4927"}],"curies":[{"name":"wp","href":"https:\/\/api.w.org\/{rel}","templated":true}]}}