{"id":5003,"date":"2022-04-26T04:57:40","date_gmt":"2022-04-26T09:57:40","guid":{"rendered":"https:\/\/puntodincontro.mx\/?p=5003"},"modified":"2022-04-26T04:57:41","modified_gmt":"2022-04-26T09:57:41","slug":"la-muestra-de-frida-kahlo-en-trieste-es-la-mas-visitada-de-la-region","status":"publish","type":"post","link":"https:\/\/puntodincontro.mx\/es\/2022\/04\/26\/la-mostra-di-frida-kahlo-a-trieste-e-la-piu-visitata-della-regione\/","title":{"rendered":"La muestra de Frida Kahlo en Trieste es la m\u00e1s visitada de la regi\u00f3n"},"content":{"rendered":"<p class=\"translation-block\"><strong>04:41 hrs.<\/strong> \u2013 La exposici\u00f3n <em>Frida Kahlo \u2013 Il Caos Dentro<\/em>, actualmente en exhibici\u00f3n en el Salone degli Incanti de Trieste, ha sido la m\u00e1s visitada en los \u00faltimos dos meses y la que atrajo el mayor n\u00famero de personas en todo Friul-Venecia Julia durante la semana santa.<\/p>\n\n\n\n<p>Seg\u00fan datos proporcionados por el Departamento de Museos del Municipio de Trieste, se registraron 11,017 visitantes del 12 de marzo al 18 de abril de 2022, de los cuales m\u00e1s de 7 mil solo en las dos primeras semanas del cuarto mes.<\/p>\n\n\n\n<p>La exposici\u00f3n \u2014promovida por la Municipalidad de Trieste con el apoyo de la Embajada de M\u00e9xico en Italia, el Consulado de M\u00e9xico en Mil\u00e1n, PromoTurismoFVG y la Oficina de Visitantes y Convenciones de Trieste\u2014 cuenta la historia de Frida destacando el contexto cultural y pol\u00edtico en el que vivi\u00f3 la pintora.<\/p>\n\n\n\n<p>El uso de tecnolog\u00edas inmersivas fortalece la percepci\u00f3n y acerca a los visitantes a una mujer que ya se ha convertido en Italia en un verdadero \u00edcono del mundo de la mujer, del arte y del estilo.<\/p>\n\n\n\n<p>El itinerario expositivo \u2014curado por Antonio Ar\u00e9valo, Alejandra Matiz, Milagros Ancheita y Maria Rosso\u2014 se divide en diferentes apartados: \u201cPinturas\u201d, \u201cLitograf\u00edas y reproducciones de autorretratos\u201d, \u201cFotograf\u00edas originales de Leo Matiz\u201d, \u201cColecciones filat\u00e9licas\u201d , \u201cCartas, diarios y objetos en las salas de la Casa Azul\u201d, \u201cMurales mexicanos en instalaciones multimedia\u201d, \u201cEl arte de vestir\u201d y \u201cFrida en video en la sala de cine 10 D\u201d.<\/p>\n\n\n\n<p>\u00abLa vida de Frida es una obra de arte\u00bb \u2014declar\u00f3 el secretario de Cultura, Turismo y Eventos de la ciudad, Giorgio Rossi\u2014 \u00abincluso antes que sus pinturas. Basta pensar en el accidente que tuvo a una edad muy temprana que la oblig\u00f3 a guardar cama durante varios a\u00f1os, un episodio que le permiti\u00f3 desarrollar una determinaci\u00f3n que muchos en su condici\u00f3n a menudo no logran encontrar. Conocerla como persona es la oportunidad real que la exposici\u00f3n brinda al visitante\u00bb.<\/p>\n\n\n\n<p>La exposici\u00f3n, inaugurada el pasado 12 de marzo, permanecer\u00e1 abierta al p\u00fablico hasta el 23 de julio todos los d\u00edas, en el marco de la normativa sanitaria vigente, con los siguientes horarios: de lunes a viernes de 9.30 a 20.30 horas, s\u00e1bados, domingos y festivos de 9.30 a 21.00 hrs. Los bolestos pueden ser adquiridos en l\u00ednea en www.ticketone.it y www.etes.it o en la taquilla del Salone degli Incanti en Riva Nazario Sauro 1.<\/p>\n\n\n\n<div style=\"height:12px\" aria-hidden=\"true\" class=\"wp-block-spacer\"><\/div>\n\n\n\n\n\n<div style=\"height:12px\" aria-hidden=\"true\" class=\"wp-block-spacer\"><\/div>\n\n\n\n<p><\/p>","protected":false},"excerpt":{"rendered":"<p>Ore 04.41 &#8211; L\u2019esposizione Frida Kahlo &#8211; Il Caos Dentro, attualmente in mostra presso il Salone degli Incanti di Trieste, \u00e8 stata la pi\u00f9 visitata degli ultimi due mesi, nonch\u00e8 quella che ha attratto il maggior numero di persone in tutto il Friuli Venezia Giulia nel fine settimana pasquale. Secondo i dati forniti dall\u2019Assessorato ai Musei del Comune di Trieste, dal 12 marzo al 18 aprile 2022 i visitatori registrati sono stati 11.017, dei quali oltre 7mila solo nelle prime due settimane del quarto mese. La rassegna \u2014promossa dal Comune di Trieste con il supporto dell\u2019Ambasciata del Messico in Italia,&#8230; <\/p>","protected":false},"author":2,"featured_media":5007,"comment_status":"open","ping_status":"open","sticky":false,"template":"","format":"standard","meta":{"_monsterinsights_skip_tracking":false,"_monsterinsights_sitenote_active":false,"_monsterinsights_sitenote_note":"","_monsterinsights_sitenote_category":0,"footnotes":""},"categories":[25],"tags":[],"class_list":["post-5003","post","type-post","status-publish","format-standard","has-post-thumbnail","hentry","category-cultura"],"yoast_head":"<!-- This site is optimized with the Yoast SEO Premium plugin v18.4 (Yoast SEO v25.6) - https:\/\/yoast.com\/wordpress\/plugins\/seo\/ -->\n<title>La mostra di Frida Kahlo a Trieste \u00e8 la pi\u00f9 visitata della regione Puntodincontro<\/title>\n<meta name=\"description\" content=\"L\u2019esposizione \u201cFrida Kahlo - Il Caos Dentro\u201d, attualmente in mostra presso il Salone degli Incanti di Trieste, \u00e8 stata la pi\u00f9 visitata degli ultimi due mesi, nonch\u00e8 quella che ha attratto il maggior numero di persone in tutto il Friuli Venezia Giulia nel fine settimana pasquale.\" \/>\n<meta name=\"robots\" content=\"index, follow, max-snippet:-1, max-image-preview:large, max-video-preview:-1\" \/>\n<link rel=\"canonical\" href=\"https:\/\/puntodincontro.mx\/es\/2022\/04\/26\/la-muestra-de-frida-kahlo-en-trieste-es-la-mas-visitada-de-la-region\/\" \/>\n<meta property=\"og:locale\" content=\"es_MX\" \/>\n<meta property=\"og:type\" content=\"article\" \/>\n<meta property=\"og:title\" content=\"La mostra di Frida Kahlo a Trieste \u00e8 la pi\u00f9 visitata della regione\" \/>\n<meta property=\"og:description\" content=\"L\u2019esposizione \u201cFrida Kahlo - Il Caos Dentro\u201d, attualmente in mostra presso il Salone degli Incanti di Trieste, \u00e8 stata la pi\u00f9 visitata degli ultimi due mesi, nonch\u00e8 quella che ha attratto il maggior numero di persone in tutto il Friuli Venezia Giulia nel fine settimana pasquale.\" \/>\n<meta property=\"og:url\" content=\"https:\/\/puntodincontro.mx\/es\/2022\/04\/26\/la-muestra-de-frida-kahlo-en-trieste-es-la-mas-visitada-de-la-region\/\" \/>\n<meta property=\"og:site_name\" content=\"Puntodincontro\" \/>\n<meta property=\"article:publisher\" content=\"https:\/\/www.facebook.com\/puntodincontro.mx\" \/>\n<meta property=\"article:published_time\" content=\"2022-04-26T09:57:40+00:00\" \/>\n<meta property=\"article:modified_time\" content=\"2022-04-26T09:57:41+00:00\" \/>\n<meta property=\"og:image\" content=\"https:\/\/puntodincontro.mx\/wp-content\/uploads\/2022\/04\/fridakahlotriestevert.webp\" \/>\n\t<meta property=\"og:image:width\" content=\"423\" \/>\n\t<meta property=\"og:image:height\" content=\"488\" \/>\n\t<meta property=\"og:image:type\" content=\"image\/webp\" \/>\n<meta name=\"author\" content=\"Puntodincontro\" \/>\n<meta name=\"twitter:card\" content=\"summary_large_image\" \/>\n<meta name=\"twitter:creator\" content=\"@puntodincontro\" \/>\n<meta name=\"twitter:site\" content=\"@puntodincontro\" \/>\n<meta name=\"twitter:label1\" content=\"Escrito por\" \/>\n\t<meta name=\"twitter:data1\" content=\"Puntodincontro\" \/>\n\t<meta name=\"twitter:label2\" content=\"Tiempo de lectura\" \/>\n\t<meta name=\"twitter:data2\" content=\"2 minutos\" \/>\n<script type=\"application\/ld+json\" class=\"yoast-schema-graph\">{\"@context\":\"https:\/\/schema.org\",\"@graph\":[{\"@type\":\"NewsArticle\",\"@id\":\"https:\/\/puntodincontro.mx\/2022\/04\/26\/la-mostra-di-frida-kahlo-a-trieste-e-la-piu-visitata-della-regione\/#article\",\"isPartOf\":{\"@id\":\"https:\/\/puntodincontro.mx\/2022\/04\/26\/la-mostra-di-frida-kahlo-a-trieste-e-la-piu-visitata-della-regione\/\"},\"author\":{\"name\":\"Puntodincontro\",\"@id\":\"https:\/\/puntodincontro.mx\/#\/schema\/person\/d3066d18a16259cbb0c29b0d0e93b556\"},\"headline\":\"La mostra di Frida Kahlo a Trieste \u00e8 la pi\u00f9 visitata della regione\",\"datePublished\":\"2022-04-26T09:57:40+00:00\",\"dateModified\":\"2022-04-26T09:57:41+00:00\",\"mainEntityOfPage\":{\"@id\":\"https:\/\/puntodincontro.mx\/2022\/04\/26\/la-mostra-di-frida-kahlo-a-trieste-e-la-piu-visitata-della-regione\/\"},\"wordCount\":365,\"commentCount\":0,\"publisher\":{\"@id\":\"https:\/\/puntodincontro.mx\/#organization\"},\"image\":{\"@id\":\"https:\/\/puntodincontro.mx\/2022\/04\/26\/la-mostra-di-frida-kahlo-a-trieste-e-la-piu-visitata-della-regione\/#primaryimage\"},\"thumbnailUrl\":\"https:\/\/puntodincontro.mx\/wp-content\/uploads\/2022\/04\/fridakahlotriestevert.webp\",\"articleSection\":[\"Cultura\"],\"inLanguage\":\"es\",\"potentialAction\":[{\"@type\":\"CommentAction\",\"name\":\"Comment\",\"target\":[\"https:\/\/puntodincontro.mx\/2022\/04\/26\/la-mostra-di-frida-kahlo-a-trieste-e-la-piu-visitata-della-regione\/#respond\"]}]},{\"@type\":\"WebPage\",\"@id\":\"https:\/\/puntodincontro.mx\/2022\/04\/26\/la-mostra-di-frida-kahlo-a-trieste-e-la-piu-visitata-della-regione\/\",\"url\":\"https:\/\/puntodincontro.mx\/2022\/04\/26\/la-mostra-di-frida-kahlo-a-trieste-e-la-piu-visitata-della-regione\/\",\"name\":\"La mostra di Frida Kahlo a Trieste \u00e8 la pi\u00f9 visitata della regione Puntodincontro\",\"isPartOf\":{\"@id\":\"https:\/\/puntodincontro.mx\/#website\"},\"primaryImageOfPage\":{\"@id\":\"https:\/\/puntodincontro.mx\/2022\/04\/26\/la-mostra-di-frida-kahlo-a-trieste-e-la-piu-visitata-della-regione\/#primaryimage\"},\"image\":{\"@id\":\"https:\/\/puntodincontro.mx\/2022\/04\/26\/la-mostra-di-frida-kahlo-a-trieste-e-la-piu-visitata-della-regione\/#primaryimage\"},\"thumbnailUrl\":\"https:\/\/puntodincontro.mx\/wp-content\/uploads\/2022\/04\/fridakahlotriestevert.webp\",\"datePublished\":\"2022-04-26T09:57:40+00:00\",\"dateModified\":\"2022-04-26T09:57:41+00:00\",\"description\":\"L\u2019esposizione \u201cFrida Kahlo - Il Caos Dentro\u201d, attualmente in mostra presso il Salone degli Incanti di Trieste, \u00e8 stata la pi\u00f9 visitata degli ultimi due mesi, nonch\u00e8 quella che ha attratto il maggior numero di persone in tutto il Friuli Venezia Giulia nel fine settimana pasquale.\",\"breadcrumb\":{\"@id\":\"https:\/\/puntodincontro.mx\/2022\/04\/26\/la-mostra-di-frida-kahlo-a-trieste-e-la-piu-visitata-della-regione\/#breadcrumb\"},\"inLanguage\":\"es\",\"potentialAction\":[{\"@type\":\"ReadAction\",\"target\":[\"https:\/\/puntodincontro.mx\/2022\/04\/26\/la-mostra-di-frida-kahlo-a-trieste-e-la-piu-visitata-della-regione\/\"]}]},{\"@type\":\"ImageObject\",\"inLanguage\":\"es\",\"@id\":\"https:\/\/puntodincontro.mx\/2022\/04\/26\/la-mostra-di-frida-kahlo-a-trieste-e-la-piu-visitata-della-regione\/#primaryimage\",\"url\":\"https:\/\/puntodincontro.mx\/wp-content\/uploads\/2022\/04\/fridakahlotriestevert.webp\",\"contentUrl\":\"https:\/\/puntodincontro.mx\/wp-content\/uploads\/2022\/04\/fridakahlotriestevert.webp\",\"width\":423,\"height\":488,\"caption\":\"La mostra di Frida Kahlo a Trieste \u00e8 la pi\u00f9 visitata della regione\"},{\"@type\":\"BreadcrumbList\",\"@id\":\"https:\/\/puntodincontro.mx\/2022\/04\/26\/la-mostra-di-frida-kahlo-a-trieste-e-la-piu-visitata-della-regione\/#breadcrumb\",\"itemListElement\":[{\"@type\":\"ListItem\",\"position\":1,\"name\":\"Home\",\"item\":\"https:\/\/puntodincontro.mx\/\"},{\"@type\":\"ListItem\",\"position\":2,\"name\":\"La mostra di Frida Kahlo a Trieste \u00e8 la pi\u00f9 visitata della regione\"}]},{\"@type\":\"WebSite\",\"@id\":\"https:\/\/puntodincontro.mx\/#website\",\"url\":\"https:\/\/puntodincontro.mx\/\",\"name\":\"Puntodincontro\",\"description\":\"Dal 2006 notizie sui rapporti Italia-Messico \/ Desde 2006 noticias sobre las relaciones entre Italia y M\u00e9xico\",\"publisher\":{\"@id\":\"https:\/\/puntodincontro.mx\/#organization\"},\"potentialAction\":[{\"@type\":\"SearchAction\",\"target\":{\"@type\":\"EntryPoint\",\"urlTemplate\":\"https:\/\/puntodincontro.mx\/?s={search_term_string}\"},\"query-input\":{\"@type\":\"PropertyValueSpecification\",\"valueRequired\":true,\"valueName\":\"search_term_string\"}}],\"inLanguage\":\"es\"},{\"@type\":\"Organization\",\"@id\":\"https:\/\/puntodincontro.mx\/#organization\",\"name\":\"Puntodincontro\",\"url\":\"https:\/\/puntodincontro.mx\/\",\"logo\":{\"@type\":\"ImageObject\",\"inLanguage\":\"es\",\"@id\":\"https:\/\/puntodincontro.mx\/#\/schema\/logo\/image\/\",\"url\":\"https:\/\/puntodincontro.mx\/wp-content\/uploads\/2021\/08\/Default-image-for-open-graph-settings.jpg\",\"contentUrl\":\"https:\/\/puntodincontro.mx\/wp-content\/uploads\/2021\/08\/Default-image-for-open-graph-settings.jpg\",\"width\":1200,\"height\":630,\"caption\":\"Puntodincontro\"},\"image\":{\"@id\":\"https:\/\/puntodincontro.mx\/#\/schema\/logo\/image\/\"},\"sameAs\":[\"https:\/\/www.facebook.com\/puntodincontro.mx\",\"https:\/\/x.com\/puntodincontro\",\"https:\/\/www.instagram.com\/puntodincontro.mx\/\",\"https:\/\/www.linkedin.com\/company\/puntodincontro\/\",\"https:\/\/www.youtube.com\/c\/puntodincontromessico\",\"https:\/\/www.patreon.com\/puntodincontro\",\"https:\/\/www.threads.net\/@puntodincontro.mx\"]},{\"@type\":\"Person\",\"@id\":\"https:\/\/puntodincontro.mx\/#\/schema\/person\/d3066d18a16259cbb0c29b0d0e93b556\",\"name\":\"Puntodincontro\",\"image\":{\"@type\":\"ImageObject\",\"inLanguage\":\"es\",\"@id\":\"https:\/\/puntodincontro.mx\/#\/schema\/person\/image\/\",\"url\":\"https:\/\/secure.gravatar.com\/avatar\/0e85b4b3b5e9d6bfcec6a4956d8cc63a?s=96&d=mm&r=g\",\"contentUrl\":\"https:\/\/secure.gravatar.com\/avatar\/0e85b4b3b5e9d6bfcec6a4956d8cc63a?s=96&d=mm&r=g\",\"caption\":\"Puntodincontro\"},\"url\":\"https:\/\/puntodincontro.mx\/es\/author\/puntodincontro\/\"}]}<\/script>\n<!-- \/ Yoast SEO Premium plugin. -->","yoast_head_json":{"title":"La mostra di Frida Kahlo a Trieste \u00e8 la pi\u00f9 visitata della regione Puntodincontro","description":"La exposici\u00f3n <em>Frida Kahlo \u2013 Il Caos Dentro<\/em>, actualmente en exhibici\u00f3n en el Salone degli Incanti de Trieste, ha sido la m\u00e1s visitada en los \u00faltimos dos meses y la que atrajo el mayor n\u00famero de personas en todo Friul-Venecia Julia durante la semana santa.","robots":{"index":"index","follow":"follow","max-snippet":"max-snippet:-1","max-image-preview":"max-image-preview:large","max-video-preview":"max-video-preview:-1"},"canonical":"https:\/\/puntodincontro.mx\/es\/2022\/04\/26\/la-muestra-de-frida-kahlo-en-trieste-es-la-mas-visitada-de-la-region\/","og_locale":"es_MX","og_type":"article","og_title":"La mostra di Frida Kahlo a Trieste \u00e8 la pi\u00f9 visitata della regione","og_description":"L\u2019esposizione \u201cFrida Kahlo - Il Caos Dentro\u201d, attualmente in mostra presso il Salone degli Incanti di Trieste, \u00e8 stata la pi\u00f9 visitata degli ultimi due mesi, nonch\u00e8 quella che ha attratto il maggior numero di persone in tutto il Friuli Venezia Giulia nel fine settimana pasquale.","og_url":"https:\/\/puntodincontro.mx\/es\/2022\/04\/26\/la-muestra-de-frida-kahlo-en-trieste-es-la-mas-visitada-de-la-region\/","og_site_name":"Puntodincontro","article_publisher":"https:\/\/www.facebook.com\/puntodincontro.mx","article_published_time":"2022-04-26T09:57:40+00:00","article_modified_time":"2022-04-26T09:57:41+00:00","og_image":[{"width":423,"height":488,"url":"https:\/\/puntodincontro.mx\/wp-content\/uploads\/2022\/04\/fridakahlotriestevert.webp","type":"image\/webp"}],"author":"Puntodincontro","twitter_card":"summary_large_image","twitter_creator":"@puntodincontro","twitter_site":"@puntodincontro","twitter_misc":{"Escrito por":"Puntodincontro","Tiempo de lectura":"2 minutos"},"schema":{"@context":"https:\/\/schema.org","@graph":[{"@type":"NewsArticle","@id":"https:\/\/puntodincontro.mx\/2022\/04\/26\/la-mostra-di-frida-kahlo-a-trieste-e-la-piu-visitata-della-regione\/#article","isPartOf":{"@id":"https:\/\/puntodincontro.mx\/2022\/04\/26\/la-mostra-di-frida-kahlo-a-trieste-e-la-piu-visitata-della-regione\/"},"author":{"name":"Puntodincontro","@id":"https:\/\/puntodincontro.mx\/#\/schema\/person\/d3066d18a16259cbb0c29b0d0e93b556"},"headline":"La mostra di Frida Kahlo a Trieste \u00e8 la pi\u00f9 visitata della regione","datePublished":"2022-04-26T09:57:40+00:00","dateModified":"2022-04-26T09:57:41+00:00","mainEntityOfPage":{"@id":"https:\/\/puntodincontro.mx\/2022\/04\/26\/la-mostra-di-frida-kahlo-a-trieste-e-la-piu-visitata-della-regione\/"},"wordCount":365,"commentCount":0,"publisher":{"@id":"https:\/\/puntodincontro.mx\/#organization"},"image":{"@id":"https:\/\/puntodincontro.mx\/2022\/04\/26\/la-mostra-di-frida-kahlo-a-trieste-e-la-piu-visitata-della-regione\/#primaryimage"},"thumbnailUrl":"https:\/\/puntodincontro.mx\/wp-content\/uploads\/2022\/04\/fridakahlotriestevert.webp","articleSection":["Cultura"],"inLanguage":"es","potentialAction":[{"@type":"CommentAction","name":"Comment","target":["https:\/\/puntodincontro.mx\/2022\/04\/26\/la-mostra-di-frida-kahlo-a-trieste-e-la-piu-visitata-della-regione\/#respond"]}]},{"@type":"WebPage","@id":"https:\/\/puntodincontro.mx\/2022\/04\/26\/la-mostra-di-frida-kahlo-a-trieste-e-la-piu-visitata-della-regione\/","url":"https:\/\/puntodincontro.mx\/2022\/04\/26\/la-mostra-di-frida-kahlo-a-trieste-e-la-piu-visitata-della-regione\/","name":"La mostra di Frida Kahlo a Trieste \u00e8 la pi\u00f9 visitata della regione Puntodincontro","isPartOf":{"@id":"https:\/\/puntodincontro.mx\/#website"},"primaryImageOfPage":{"@id":"https:\/\/puntodincontro.mx\/2022\/04\/26\/la-mostra-di-frida-kahlo-a-trieste-e-la-piu-visitata-della-regione\/#primaryimage"},"image":{"@id":"https:\/\/puntodincontro.mx\/2022\/04\/26\/la-mostra-di-frida-kahlo-a-trieste-e-la-piu-visitata-della-regione\/#primaryimage"},"thumbnailUrl":"https:\/\/puntodincontro.mx\/wp-content\/uploads\/2022\/04\/fridakahlotriestevert.webp","datePublished":"2022-04-26T09:57:40+00:00","dateModified":"2022-04-26T09:57:41+00:00","description":"La exposici\u00f3n <em>Frida Kahlo \u2013 Il Caos Dentro<\/em>, actualmente en exhibici\u00f3n en el Salone degli Incanti de Trieste, ha sido la m\u00e1s visitada en los \u00faltimos dos meses y la que atrajo el mayor n\u00famero de personas en todo Friul-Venecia Julia durante la semana santa.","breadcrumb":{"@id":"https:\/\/puntodincontro.mx\/2022\/04\/26\/la-mostra-di-frida-kahlo-a-trieste-e-la-piu-visitata-della-regione\/#breadcrumb"},"inLanguage":"es","potentialAction":[{"@type":"ReadAction","target":["https:\/\/puntodincontro.mx\/2022\/04\/26\/la-mostra-di-frida-kahlo-a-trieste-e-la-piu-visitata-della-regione\/"]}]},{"@type":"ImageObject","inLanguage":"es","@id":"https:\/\/puntodincontro.mx\/2022\/04\/26\/la-mostra-di-frida-kahlo-a-trieste-e-la-piu-visitata-della-regione\/#primaryimage","url":"https:\/\/puntodincontro.mx\/wp-content\/uploads\/2022\/04\/fridakahlotriestevert.webp","contentUrl":"https:\/\/puntodincontro.mx\/wp-content\/uploads\/2022\/04\/fridakahlotriestevert.webp","width":423,"height":488,"caption":"La mostra di Frida Kahlo a Trieste \u00e8 la pi\u00f9 visitata della regione"},{"@type":"BreadcrumbList","@id":"https:\/\/puntodincontro.mx\/2022\/04\/26\/la-mostra-di-frida-kahlo-a-trieste-e-la-piu-visitata-della-regione\/#breadcrumb","itemListElement":[{"@type":"ListItem","position":1,"name":"Home","item":"https:\/\/puntodincontro.mx\/"},{"@type":"ListItem","position":2,"name":"La mostra di Frida Kahlo a Trieste \u00e8 la pi\u00f9 visitata della regione"}]},{"@type":"WebSite","@id":"https:\/\/puntodincontro.mx\/#website","url":"https:\/\/puntodincontro.mx\/","name":"Puntodincontro","description":"Desde el 2006 noticias sobre las relaciones entre Italia y M\u00e9xico \/ Dal 2006 notizie sui rapporti Italia-Messico","publisher":{"@id":"https:\/\/puntodincontro.mx\/#organization"},"potentialAction":[{"@type":"SearchAction","target":{"@type":"EntryPoint","urlTemplate":"https:\/\/puntodincontro.mx\/?s={search_term_string}"},"query-input":{"@type":"PropertyValueSpecification","valueRequired":true,"valueName":"search_term_string"}}],"inLanguage":"es"},{"@type":"Organization","@id":"https:\/\/puntodincontro.mx\/#organization","name":"Puntodincontro","url":"https:\/\/puntodincontro.mx\/","logo":{"@type":"ImageObject","inLanguage":"es","@id":"https:\/\/puntodincontro.mx\/#\/schema\/logo\/image\/","url":"https:\/\/puntodincontro.mx\/wp-content\/uploads\/2021\/08\/Default-image-for-open-graph-settings.jpg","contentUrl":"https:\/\/puntodincontro.mx\/wp-content\/uploads\/2021\/08\/Default-image-for-open-graph-settings.jpg","width":1200,"height":630,"caption":"Puntodincontro"},"image":{"@id":"https:\/\/puntodincontro.mx\/#\/schema\/logo\/image\/"},"sameAs":["https:\/\/www.facebook.com\/puntodincontro.mx","https:\/\/x.com\/puntodincontro","https:\/\/www.instagram.com\/puntodincontro.mx\/","https:\/\/www.linkedin.com\/company\/puntodincontro\/","https:\/\/www.youtube.com\/c\/puntodincontromessico","https:\/\/www.patreon.com\/puntodincontro","https:\/\/www.threads.net\/@puntodincontro.mx"]},{"@type":"Person","@id":"https:\/\/puntodincontro.mx\/#\/schema\/person\/d3066d18a16259cbb0c29b0d0e93b556","name":"Puntodincontro","image":{"@type":"ImageObject","inLanguage":"es","@id":"https:\/\/puntodincontro.mx\/#\/schema\/person\/image\/","url":"https:\/\/secure.gravatar.com\/avatar\/0e85b4b3b5e9d6bfcec6a4956d8cc63a?s=96&d=mm&r=g","contentUrl":"https:\/\/secure.gravatar.com\/avatar\/0e85b4b3b5e9d6bfcec6a4956d8cc63a?s=96&d=mm&r=g","caption":"Puntodincontro"},"url":"https:\/\/puntodincontro.mx\/es\/author\/puntodincontro\/"}]}},"_links":{"self":[{"href":"https:\/\/puntodincontro.mx\/es\/wp-json\/wp\/v2\/posts\/5003"}],"collection":[{"href":"https:\/\/puntodincontro.mx\/es\/wp-json\/wp\/v2\/posts"}],"about":[{"href":"https:\/\/puntodincontro.mx\/es\/wp-json\/wp\/v2\/types\/post"}],"author":[{"embeddable":true,"href":"https:\/\/puntodincontro.mx\/es\/wp-json\/wp\/v2\/users\/2"}],"replies":[{"embeddable":true,"href":"https:\/\/puntodincontro.mx\/es\/wp-json\/wp\/v2\/comments?post=5003"}],"version-history":[{"count":3,"href":"https:\/\/puntodincontro.mx\/es\/wp-json\/wp\/v2\/posts\/5003\/revisions"}],"predecessor-version":[{"id":5009,"href":"https:\/\/puntodincontro.mx\/es\/wp-json\/wp\/v2\/posts\/5003\/revisions\/5009"}],"wp:featuredmedia":[{"embeddable":true,"href":"https:\/\/puntodincontro.mx\/es\/wp-json\/wp\/v2\/media\/5007"}],"wp:attachment":[{"href":"https:\/\/puntodincontro.mx\/es\/wp-json\/wp\/v2\/media?parent=5003"}],"wp:term":[{"taxonomy":"category","embeddable":true,"href":"https:\/\/puntodincontro.mx\/es\/wp-json\/wp\/v2\/categories?post=5003"},{"taxonomy":"post_tag","embeddable":true,"href":"https:\/\/puntodincontro.mx\/es\/wp-json\/wp\/v2\/tags?post=5003"}],"curies":[{"name":"wp","href":"https:\/\/api.w.org\/{rel}","templated":true}]}}