{"id":508,"date":"2021-09-05T17:32:43","date_gmt":"2021-09-05T22:32:43","guid":{"rendered":"https:\/\/puntodincontro.mx\/?p=508"},"modified":"2021-09-06T17:09:37","modified_gmt":"2021-09-06T22:09:37","slug":"venezuela-gobierno-y-oposicion-dialogan-en-mexico","status":"publish","type":"post","link":"https:\/\/puntodincontro.mx\/es\/2021\/09\/05\/venezuela-governo-e-opposizione-dialogano-in-messico\/","title":{"rendered":"Venezuela, gobierno y oposici\u00f3n dialogan en M\u00e9xico"},"content":{"rendered":"<p class=\"translation-block\"><strong>17:26 hrs.<\/strong> \u2013 En M\u00e9xico se encuentra en marcha la segunda sesi\u00f3n del di\u00e1logo entre el gobierno y la oposici\u00f3n venezolana. \u00abNos complace publicar la primera foto oficial de la plenaria del proceso de negociaci\u00f3n en M\u00e9xico, entre el gobierno de la Rep\u00fablica Bolivariana de Venezuela y la Plataforma Unitaria de Venezuela, mediada por Noruega y acompa\u00f1ada de Holanda y Rusia\u00bb, escribi\u00f3 el Ministerio de Relaciones Exteriores de Noruega en un mensaje publicado en su perfil de Twitter.<\/p>\n\n\n\n<p>Es un proceso \u00abduro y complejo\u00bb, que \u00abrequiere de muchas horas de trabajo\u00bb, dijo Gerardo Blyde, jefe de la delegaci\u00f3n de los opositores, al precisar que \u00abs\u00f3lo con la recuperaci\u00f3n de las instituciones democr\u00e1ticas podremos solucionar los inmensos problemas que enfrenta nuestro pa\u00eds\u00bb. Blyde anticip\u00f3 la posibilidad de que \u00abpronto\u00bb se anuncien \u00abacuerdos preliminares\u00bb sobre puntos individuales destinados a \u00abpaliar la crisis\u00bb, una situaci\u00f3n que sigue siendo \u00abmuy grave\u00bb.<\/p>\n\n\n\n<p>El jefe de la delegaci\u00f3n del gobierno, el presidente del Parlamento Jorge Rodr\u00edguez (en la foto a su llegada a la Ciudad de M\u00e9xico el viernes pasado), por su parte record\u00f3 que el ejecutivo se centra principalmente en la \u00abrestituci\u00f3n\u00bb al pueblo de los recursos que han sido \u00abbloqueados y robados\u00bb tras las sanciones internacionales.<\/p>\n\n\n\n<p>Las negociaciones de este segundo encuentro se desarrollan como es habitual entre las dos partes desde el inicio del acercamiento: a puerta cerrada y sin acceso a la prensa. Sin embargo, seg\u00fan revelaron a la agencia AFP fuentes cercanas al proceso, la sesi\u00f3n estar\u00e1 marcada por la decisi\u00f3n de la oposici\u00f3n de romper tres a\u00f1os de boicot electoral y participar en las elecciones regionales del 21 de noviembre.<\/p>\n\n\n\n<figure class=\"wp-block-image size-full\"><img loading=\"lazy\" decoding=\"async\" width=\"932\" height=\"488\" src=\"https:\/\/puntodincontro.mx\/wp-content\/uploads\/2021\/09\/fotonegoziativenezuelani.jpg\" alt=\"\" class=\"wp-image-509\" srcset=\"https:\/\/puntodincontro.mx\/wp-content\/uploads\/2021\/09\/fotonegoziativenezuelani.jpg 932w, https:\/\/puntodincontro.mx\/wp-content\/uploads\/2021\/09\/fotonegoziativenezuelani-300x157.jpg 300w, https:\/\/puntodincontro.mx\/wp-content\/uploads\/2021\/09\/fotonegoziativenezuelani-768x402.jpg 768w, https:\/\/puntodincontro.mx\/wp-content\/uploads\/2021\/09\/fotonegoziativenezuelani-16x8.jpg 16w\" sizes=\"(max-width: 932px) 100vw, 932px\" \/><\/figure>\n\n\n\n<div style=\"height:12px\" aria-hidden=\"true\" class=\"wp-block-spacer\"><\/div>\n\n\n\n\n\n<div style=\"height:12px\" aria-hidden=\"true\" class=\"wp-block-spacer\"><\/div>","protected":false},"excerpt":{"rendered":"<p>Ore 17:26 &#8211; \u00c8 in corso in Messico la seconda seduta del dialogo tra il governo e l&#8217;opposizione del Venezuela. \u00abAbbiamo il piacere di pubblicare la prima foto ufficiale della plenaria del processo negoziale in Messico, tra il governo della Repubblica bolivariana del Venezuela e la Piattaforma unitaria del Venezuela, mediati dalla Norvegia e accompagnati da Paesi Bassi e Russia\u00bb, ha scritto il ministero degli Esteri della Norvegia in un messaggio pubblicato sul proprio profilo Twitter. Si tratta di un processo \u00abduro e complesso\u00bb, che \u00abrichiede molte ore di lavoro\u00bb, ha detto Gerardo Blyde, capo delegazione degli oppositori, precisando che&#8230; <\/p>","protected":false},"author":2,"featured_media":510,"comment_status":"open","ping_status":"open","sticky":false,"template":"","format":"standard","meta":{"_monsterinsights_skip_tracking":false,"_monsterinsights_sitenote_active":false,"_monsterinsights_sitenote_note":"","_monsterinsights_sitenote_category":0,"footnotes":""},"categories":[18],"tags":[],"class_list":["post-508","post","type-post","status-publish","format-standard","has-post-thumbnail","hentry","category-cronaca"],"yoast_head":"<!-- This site is optimized with the Yoast SEO Premium plugin v18.4 (Yoast SEO v25.6) - https:\/\/yoast.com\/wordpress\/plugins\/seo\/ -->\n<title>Venezuela, governo e opposizione dialogano in Messico Puntodincontro<\/title>\n<meta name=\"description\" content=\"\u00c8 in corso in Messico la seconda seduta del dialogo tra il governo e l&#039;opposizione del Venezuela. Pubblicata la prima foto ufficiiale.\" \/>\n<meta name=\"robots\" content=\"index, follow, max-snippet:-1, max-image-preview:large, max-video-preview:-1\" \/>\n<link rel=\"canonical\" href=\"https:\/\/puntodincontro.mx\/es\/2021\/09\/05\/venezuela-gobierno-y-oposicion-dialogan-en-mexico\/\" \/>\n<meta property=\"og:locale\" content=\"es_MX\" \/>\n<meta property=\"og:type\" content=\"article\" \/>\n<meta property=\"og:title\" content=\"Venezuela, governo e opposizione dialogano in Messico\" \/>\n<meta property=\"og:description\" content=\"\u00c8 in corso in Messico la seconda seduta del dialogo tra il governo e l&#039;opposizione del Venezuela. Pubblicata la prima foto ufficiiale.\" \/>\n<meta property=\"og:url\" content=\"https:\/\/puntodincontro.mx\/es\/2021\/09\/05\/venezuela-gobierno-y-oposicion-dialogan-en-mexico\/\" \/>\n<meta property=\"og:site_name\" content=\"Puntodincontro\" \/>\n<meta property=\"article:publisher\" content=\"https:\/\/www.facebook.com\/puntodincontro.mx\" \/>\n<meta property=\"article:published_time\" content=\"2021-09-05T22:32:43+00:00\" \/>\n<meta property=\"article:modified_time\" content=\"2021-09-06T22:09:37+00:00\" \/>\n<meta property=\"og:image\" content=\"https:\/\/puntodincontro.mx\/wp-content\/uploads\/2021\/09\/jorgerodriguezvenezuela.webp\" \/>\n\t<meta property=\"og:image:width\" content=\"423\" \/>\n\t<meta property=\"og:image:height\" content=\"488\" \/>\n\t<meta property=\"og:image:type\" content=\"image\/webp\" \/>\n<meta name=\"author\" content=\"Puntodincontro\" \/>\n<meta name=\"twitter:card\" content=\"summary_large_image\" \/>\n<meta name=\"twitter:creator\" content=\"@puntodincontro\" \/>\n<meta name=\"twitter:site\" content=\"@puntodincontro\" \/>\n<meta name=\"twitter:label1\" content=\"Escrito por\" \/>\n\t<meta name=\"twitter:data1\" content=\"Puntodincontro\" \/>\n\t<meta name=\"twitter:label2\" content=\"Tiempo de lectura\" \/>\n\t<meta name=\"twitter:data2\" content=\"2 minutos\" \/>\n<script type=\"application\/ld+json\" class=\"yoast-schema-graph\">{\"@context\":\"https:\/\/schema.org\",\"@graph\":[{\"@type\":\"NewsArticle\",\"@id\":\"https:\/\/puntodincontro.mx\/2021\/09\/05\/venezuela-governo-e-opposizione-dialogano-in-messico\/#article\",\"isPartOf\":{\"@id\":\"https:\/\/puntodincontro.mx\/2021\/09\/05\/venezuela-governo-e-opposizione-dialogano-in-messico\/\"},\"author\":{\"name\":\"Puntodincontro\",\"@id\":\"https:\/\/puntodincontro.mx\/#\/schema\/person\/d3066d18a16259cbb0c29b0d0e93b556\"},\"headline\":\"Venezuela, governo e opposizione dialogano in Messico\",\"datePublished\":\"2021-09-05T22:32:43+00:00\",\"dateModified\":\"2021-09-06T22:09:37+00:00\",\"mainEntityOfPage\":{\"@id\":\"https:\/\/puntodincontro.mx\/2021\/09\/05\/venezuela-governo-e-opposizione-dialogano-in-messico\/\"},\"wordCount\":260,\"commentCount\":0,\"publisher\":{\"@id\":\"https:\/\/puntodincontro.mx\/#organization\"},\"image\":{\"@id\":\"https:\/\/puntodincontro.mx\/2021\/09\/05\/venezuela-governo-e-opposizione-dialogano-in-messico\/#primaryimage\"},\"thumbnailUrl\":\"https:\/\/puntodincontro.mx\/wp-content\/uploads\/2021\/09\/jorgerodriguezvenezuela.webp\",\"articleSection\":[\"Cronaca\"],\"inLanguage\":\"es\",\"potentialAction\":[{\"@type\":\"CommentAction\",\"name\":\"Comment\",\"target\":[\"https:\/\/puntodincontro.mx\/2021\/09\/05\/venezuela-governo-e-opposizione-dialogano-in-messico\/#respond\"]}]},{\"@type\":\"WebPage\",\"@id\":\"https:\/\/puntodincontro.mx\/2021\/09\/05\/venezuela-governo-e-opposizione-dialogano-in-messico\/\",\"url\":\"https:\/\/puntodincontro.mx\/2021\/09\/05\/venezuela-governo-e-opposizione-dialogano-in-messico\/\",\"name\":\"Venezuela, governo e opposizione dialogano in Messico Puntodincontro\",\"isPartOf\":{\"@id\":\"https:\/\/puntodincontro.mx\/#website\"},\"primaryImageOfPage\":{\"@id\":\"https:\/\/puntodincontro.mx\/2021\/09\/05\/venezuela-governo-e-opposizione-dialogano-in-messico\/#primaryimage\"},\"image\":{\"@id\":\"https:\/\/puntodincontro.mx\/2021\/09\/05\/venezuela-governo-e-opposizione-dialogano-in-messico\/#primaryimage\"},\"thumbnailUrl\":\"https:\/\/puntodincontro.mx\/wp-content\/uploads\/2021\/09\/jorgerodriguezvenezuela.webp\",\"datePublished\":\"2021-09-05T22:32:43+00:00\",\"dateModified\":\"2021-09-06T22:09:37+00:00\",\"description\":\"\u00c8 in corso in Messico la seconda seduta del dialogo tra il governo e l'opposizione del Venezuela. Pubblicata la prima foto ufficiiale.\",\"breadcrumb\":{\"@id\":\"https:\/\/puntodincontro.mx\/2021\/09\/05\/venezuela-governo-e-opposizione-dialogano-in-messico\/#breadcrumb\"},\"inLanguage\":\"es\",\"potentialAction\":[{\"@type\":\"ReadAction\",\"target\":[\"https:\/\/puntodincontro.mx\/2021\/09\/05\/venezuela-governo-e-opposizione-dialogano-in-messico\/\"]}]},{\"@type\":\"ImageObject\",\"inLanguage\":\"es\",\"@id\":\"https:\/\/puntodincontro.mx\/2021\/09\/05\/venezuela-governo-e-opposizione-dialogano-in-messico\/#primaryimage\",\"url\":\"https:\/\/puntodincontro.mx\/wp-content\/uploads\/2021\/09\/jorgerodriguezvenezuela.webp\",\"contentUrl\":\"https:\/\/puntodincontro.mx\/wp-content\/uploads\/2021\/09\/jorgerodriguezvenezuela.webp\",\"width\":423,\"height\":488},{\"@type\":\"BreadcrumbList\",\"@id\":\"https:\/\/puntodincontro.mx\/2021\/09\/05\/venezuela-governo-e-opposizione-dialogano-in-messico\/#breadcrumb\",\"itemListElement\":[{\"@type\":\"ListItem\",\"position\":1,\"name\":\"Home\",\"item\":\"https:\/\/puntodincontro.mx\/\"},{\"@type\":\"ListItem\",\"position\":2,\"name\":\"Venezuela, governo e opposizione dialogano in Messico\"}]},{\"@type\":\"WebSite\",\"@id\":\"https:\/\/puntodincontro.mx\/#website\",\"url\":\"https:\/\/puntodincontro.mx\/\",\"name\":\"Puntodincontro\",\"description\":\"Dal 2006 notizie sui rapporti Italia-Messico \/ Desde 2006 noticias sobre las relaciones entre Italia y M\u00e9xico\",\"publisher\":{\"@id\":\"https:\/\/puntodincontro.mx\/#organization\"},\"potentialAction\":[{\"@type\":\"SearchAction\",\"target\":{\"@type\":\"EntryPoint\",\"urlTemplate\":\"https:\/\/puntodincontro.mx\/?s={search_term_string}\"},\"query-input\":{\"@type\":\"PropertyValueSpecification\",\"valueRequired\":true,\"valueName\":\"search_term_string\"}}],\"inLanguage\":\"es\"},{\"@type\":\"Organization\",\"@id\":\"https:\/\/puntodincontro.mx\/#organization\",\"name\":\"Puntodincontro\",\"url\":\"https:\/\/puntodincontro.mx\/\",\"logo\":{\"@type\":\"ImageObject\",\"inLanguage\":\"es\",\"@id\":\"https:\/\/puntodincontro.mx\/#\/schema\/logo\/image\/\",\"url\":\"https:\/\/puntodincontro.mx\/wp-content\/uploads\/2021\/08\/Default-image-for-open-graph-settings.jpg\",\"contentUrl\":\"https:\/\/puntodincontro.mx\/wp-content\/uploads\/2021\/08\/Default-image-for-open-graph-settings.jpg\",\"width\":1200,\"height\":630,\"caption\":\"Puntodincontro\"},\"image\":{\"@id\":\"https:\/\/puntodincontro.mx\/#\/schema\/logo\/image\/\"},\"sameAs\":[\"https:\/\/www.facebook.com\/puntodincontro.mx\",\"https:\/\/x.com\/puntodincontro\",\"https:\/\/www.instagram.com\/puntodincontro.mx\/\",\"https:\/\/www.linkedin.com\/company\/puntodincontro\/\",\"https:\/\/www.youtube.com\/c\/puntodincontromessico\",\"https:\/\/www.patreon.com\/puntodincontro\",\"https:\/\/www.threads.net\/@puntodincontro.mx\"]},{\"@type\":\"Person\",\"@id\":\"https:\/\/puntodincontro.mx\/#\/schema\/person\/d3066d18a16259cbb0c29b0d0e93b556\",\"name\":\"Puntodincontro\",\"image\":{\"@type\":\"ImageObject\",\"inLanguage\":\"es\",\"@id\":\"https:\/\/puntodincontro.mx\/#\/schema\/person\/image\/\",\"url\":\"https:\/\/secure.gravatar.com\/avatar\/0e85b4b3b5e9d6bfcec6a4956d8cc63a?s=96&d=mm&r=g\",\"contentUrl\":\"https:\/\/secure.gravatar.com\/avatar\/0e85b4b3b5e9d6bfcec6a4956d8cc63a?s=96&d=mm&r=g\",\"caption\":\"Puntodincontro\"},\"url\":\"https:\/\/puntodincontro.mx\/es\/author\/puntodincontro\/\"}]}<\/script>\n<!-- \/ Yoast SEO Premium plugin. -->","yoast_head_json":{"title":"Venezuela, governo e opposizione dialogano in Messico Puntodincontro","description":"\u00c8 in corso in Messico la seconda seduta del dialogo tra il governo e l'opposizione del Venezuela. Pubblicata la prima foto ufficiiale.","robots":{"index":"index","follow":"follow","max-snippet":"max-snippet:-1","max-image-preview":"max-image-preview:large","max-video-preview":"max-video-preview:-1"},"canonical":"https:\/\/puntodincontro.mx\/es\/2021\/09\/05\/venezuela-gobierno-y-oposicion-dialogan-en-mexico\/","og_locale":"es_MX","og_type":"article","og_title":"Venezuela, governo e opposizione dialogano in Messico","og_description":"\u00c8 in corso in Messico la seconda seduta del dialogo tra il governo e l'opposizione del Venezuela. Pubblicata la prima foto ufficiiale.","og_url":"https:\/\/puntodincontro.mx\/es\/2021\/09\/05\/venezuela-gobierno-y-oposicion-dialogan-en-mexico\/","og_site_name":"Puntodincontro","article_publisher":"https:\/\/www.facebook.com\/puntodincontro.mx","article_published_time":"2021-09-05T22:32:43+00:00","article_modified_time":"2021-09-06T22:09:37+00:00","og_image":[{"width":423,"height":488,"url":"https:\/\/puntodincontro.mx\/wp-content\/uploads\/2021\/09\/jorgerodriguezvenezuela.webp","type":"image\/webp"}],"author":"Puntodincontro","twitter_card":"summary_large_image","twitter_creator":"@puntodincontro","twitter_site":"@puntodincontro","twitter_misc":{"Escrito por":"Puntodincontro","Tiempo de lectura":"2 minutos"},"schema":{"@context":"https:\/\/schema.org","@graph":[{"@type":"NewsArticle","@id":"https:\/\/puntodincontro.mx\/2021\/09\/05\/venezuela-governo-e-opposizione-dialogano-in-messico\/#article","isPartOf":{"@id":"https:\/\/puntodincontro.mx\/2021\/09\/05\/venezuela-governo-e-opposizione-dialogano-in-messico\/"},"author":{"name":"Puntodincontro","@id":"https:\/\/puntodincontro.mx\/#\/schema\/person\/d3066d18a16259cbb0c29b0d0e93b556"},"headline":"Venezuela, governo e opposizione dialogano in Messico","datePublished":"2021-09-05T22:32:43+00:00","dateModified":"2021-09-06T22:09:37+00:00","mainEntityOfPage":{"@id":"https:\/\/puntodincontro.mx\/2021\/09\/05\/venezuela-governo-e-opposizione-dialogano-in-messico\/"},"wordCount":260,"commentCount":0,"publisher":{"@id":"https:\/\/puntodincontro.mx\/#organization"},"image":{"@id":"https:\/\/puntodincontro.mx\/2021\/09\/05\/venezuela-governo-e-opposizione-dialogano-in-messico\/#primaryimage"},"thumbnailUrl":"https:\/\/puntodincontro.mx\/wp-content\/uploads\/2021\/09\/jorgerodriguezvenezuela.webp","articleSection":["Cronaca"],"inLanguage":"es","potentialAction":[{"@type":"CommentAction","name":"Comment","target":["https:\/\/puntodincontro.mx\/2021\/09\/05\/venezuela-governo-e-opposizione-dialogano-in-messico\/#respond"]}]},{"@type":"WebPage","@id":"https:\/\/puntodincontro.mx\/2021\/09\/05\/venezuela-governo-e-opposizione-dialogano-in-messico\/","url":"https:\/\/puntodincontro.mx\/2021\/09\/05\/venezuela-governo-e-opposizione-dialogano-in-messico\/","name":"Venezuela, governo e opposizione dialogano in Messico Puntodincontro","isPartOf":{"@id":"https:\/\/puntodincontro.mx\/#website"},"primaryImageOfPage":{"@id":"https:\/\/puntodincontro.mx\/2021\/09\/05\/venezuela-governo-e-opposizione-dialogano-in-messico\/#primaryimage"},"image":{"@id":"https:\/\/puntodincontro.mx\/2021\/09\/05\/venezuela-governo-e-opposizione-dialogano-in-messico\/#primaryimage"},"thumbnailUrl":"https:\/\/puntodincontro.mx\/wp-content\/uploads\/2021\/09\/jorgerodriguezvenezuela.webp","datePublished":"2021-09-05T22:32:43+00:00","dateModified":"2021-09-06T22:09:37+00:00","description":"\u00c8 in corso in Messico la seconda seduta del dialogo tra il governo e l'opposizione del Venezuela. Pubblicata la prima foto ufficiiale.","breadcrumb":{"@id":"https:\/\/puntodincontro.mx\/2021\/09\/05\/venezuela-governo-e-opposizione-dialogano-in-messico\/#breadcrumb"},"inLanguage":"es","potentialAction":[{"@type":"ReadAction","target":["https:\/\/puntodincontro.mx\/2021\/09\/05\/venezuela-governo-e-opposizione-dialogano-in-messico\/"]}]},{"@type":"ImageObject","inLanguage":"es","@id":"https:\/\/puntodincontro.mx\/2021\/09\/05\/venezuela-governo-e-opposizione-dialogano-in-messico\/#primaryimage","url":"https:\/\/puntodincontro.mx\/wp-content\/uploads\/2021\/09\/jorgerodriguezvenezuela.webp","contentUrl":"https:\/\/puntodincontro.mx\/wp-content\/uploads\/2021\/09\/jorgerodriguezvenezuela.webp","width":423,"height":488},{"@type":"BreadcrumbList","@id":"https:\/\/puntodincontro.mx\/2021\/09\/05\/venezuela-governo-e-opposizione-dialogano-in-messico\/#breadcrumb","itemListElement":[{"@type":"ListItem","position":1,"name":"Home","item":"https:\/\/puntodincontro.mx\/"},{"@type":"ListItem","position":2,"name":"Venezuela, governo e opposizione dialogano in Messico"}]},{"@type":"WebSite","@id":"https:\/\/puntodincontro.mx\/#website","url":"https:\/\/puntodincontro.mx\/","name":"Puntodincontro","description":"Desde el 2006 noticias sobre las relaciones entre Italia y M\u00e9xico \/ Dal 2006 notizie sui rapporti Italia-Messico","publisher":{"@id":"https:\/\/puntodincontro.mx\/#organization"},"potentialAction":[{"@type":"SearchAction","target":{"@type":"EntryPoint","urlTemplate":"https:\/\/puntodincontro.mx\/?s={search_term_string}"},"query-input":{"@type":"PropertyValueSpecification","valueRequired":true,"valueName":"search_term_string"}}],"inLanguage":"es"},{"@type":"Organization","@id":"https:\/\/puntodincontro.mx\/#organization","name":"Puntodincontro","url":"https:\/\/puntodincontro.mx\/","logo":{"@type":"ImageObject","inLanguage":"es","@id":"https:\/\/puntodincontro.mx\/#\/schema\/logo\/image\/","url":"https:\/\/puntodincontro.mx\/wp-content\/uploads\/2021\/08\/Default-image-for-open-graph-settings.jpg","contentUrl":"https:\/\/puntodincontro.mx\/wp-content\/uploads\/2021\/08\/Default-image-for-open-graph-settings.jpg","width":1200,"height":630,"caption":"Puntodincontro"},"image":{"@id":"https:\/\/puntodincontro.mx\/#\/schema\/logo\/image\/"},"sameAs":["https:\/\/www.facebook.com\/puntodincontro.mx","https:\/\/x.com\/puntodincontro","https:\/\/www.instagram.com\/puntodincontro.mx\/","https:\/\/www.linkedin.com\/company\/puntodincontro\/","https:\/\/www.youtube.com\/c\/puntodincontromessico","https:\/\/www.patreon.com\/puntodincontro","https:\/\/www.threads.net\/@puntodincontro.mx"]},{"@type":"Person","@id":"https:\/\/puntodincontro.mx\/#\/schema\/person\/d3066d18a16259cbb0c29b0d0e93b556","name":"Puntodincontro","image":{"@type":"ImageObject","inLanguage":"es","@id":"https:\/\/puntodincontro.mx\/#\/schema\/person\/image\/","url":"https:\/\/secure.gravatar.com\/avatar\/0e85b4b3b5e9d6bfcec6a4956d8cc63a?s=96&d=mm&r=g","contentUrl":"https:\/\/secure.gravatar.com\/avatar\/0e85b4b3b5e9d6bfcec6a4956d8cc63a?s=96&d=mm&r=g","caption":"Puntodincontro"},"url":"https:\/\/puntodincontro.mx\/es\/author\/puntodincontro\/"}]}},"_links":{"self":[{"href":"https:\/\/puntodincontro.mx\/es\/wp-json\/wp\/v2\/posts\/508"}],"collection":[{"href":"https:\/\/puntodincontro.mx\/es\/wp-json\/wp\/v2\/posts"}],"about":[{"href":"https:\/\/puntodincontro.mx\/es\/wp-json\/wp\/v2\/types\/post"}],"author":[{"embeddable":true,"href":"https:\/\/puntodincontro.mx\/es\/wp-json\/wp\/v2\/users\/2"}],"replies":[{"embeddable":true,"href":"https:\/\/puntodincontro.mx\/es\/wp-json\/wp\/v2\/comments?post=508"}],"version-history":[{"count":1,"href":"https:\/\/puntodincontro.mx\/es\/wp-json\/wp\/v2\/posts\/508\/revisions"}],"predecessor-version":[{"id":511,"href":"https:\/\/puntodincontro.mx\/es\/wp-json\/wp\/v2\/posts\/508\/revisions\/511"}],"wp:featuredmedia":[{"embeddable":true,"href":"https:\/\/puntodincontro.mx\/es\/wp-json\/wp\/v2\/media\/510"}],"wp:attachment":[{"href":"https:\/\/puntodincontro.mx\/es\/wp-json\/wp\/v2\/media?parent=508"}],"wp:term":[{"taxonomy":"category","embeddable":true,"href":"https:\/\/puntodincontro.mx\/es\/wp-json\/wp\/v2\/categories?post=508"},{"taxonomy":"post_tag","embeddable":true,"href":"https:\/\/puntodincontro.mx\/es\/wp-json\/wp\/v2\/tags?post=508"}],"curies":[{"name":"wp","href":"https:\/\/api.w.org\/{rel}","templated":true}]}}