{"id":521,"date":"2021-09-06T13:41:02","date_gmt":"2021-09-06T18:41:02","guid":{"rendered":"https:\/\/puntodincontro.mx\/?p=521"},"modified":"2021-09-24T11:07:11","modified_gmt":"2021-09-24T16:07:11","slug":"ciudad-de-mexico-la-estatua-de-colon-sera-reubicada","status":"publish","type":"post","link":"https:\/\/puntodincontro.mx\/es\/2021\/09\/06\/citta-del-messico-la-statua-di-colombo-verra-spostata\/","title":{"rendered":"Ciudad de M\u00e9xico, la estatua de Col\u00f3n ser\u00e1 reubicada"},"content":{"rendered":"<p class=\"translation-block\"><strong>13:34 hrs.<\/strong> \u2013 La estatua de bronce de Crist\u00f3bal Col\u00f3n, retirada en 2020 del Paseo de la Reforma \u2014una de las principales avenidas de la Ciudad de M\u00e9xico\u2014 dos d\u00edas antes del aniversario de su llegada al continente americano, ser\u00e1 reemplazada por la figura de una mujer ind\u00edgena.<\/p>\n\n\n\n<p>As\u00ed lo anunci\u00f3 ayer la jefa de gobierno de la capital, Claudia Sheinbaum.<\/p>\n\n\n\n<p>Se trata de crear un espacio para un monumento que simbolice \u00abjusticia social\u00bb para el papel hist\u00f3rico de las mujeres en M\u00e9xico, especialmente las de origen ind\u00edgena, dijo Sheinbaum durante un evento.<\/p>\n\n\n\n<p>\u00abObviamente celebramos a Col\u00f3n, pero hay dos visiones\u00bb, agreg\u00f3, precisando que una de ellas es la percepci\u00f3n europea del \u00abdescubrimiento de Am\u00e9rica\u00bb, a pesar de la presencia de civilizaciones en M\u00e9xico varios siglos antes de la llegada del explorador genov\u00e9s y de los espa\u00f1oles.<\/p>\n\n\n\n<p>\u00abHay una segunda visi\u00f3n aqu\u00ed, seg\u00fan la cual en realidad un europeo lleg\u00f3 a Am\u00e9rica, provocando el encuentro de dos mundos, al que sigui\u00f3 la conquista\u00bb, explic\u00f3.<\/p>\n\n\n\n<p>La estatua de Col\u00f3n ser\u00e1 reubicada en el parque Las Am\u00e9ricas en la colonia Polanco de la capital mexicana. <em>Las Am\u00e9ricas<\/em> del quartiere Polanco della capitale messicana.<\/p>\n\n\n\n<div style=\"height:12px\" aria-hidden=\"true\" class=\"wp-block-spacer\"><\/div>\n\n\n\n\n\n<div style=\"height:12px\" aria-hidden=\"true\" class=\"wp-block-spacer\"><\/div>","protected":false},"excerpt":{"rendered":"<p>Ore 13:34 &#8211; La statua in bronzo di Cristoforo Colombo, rimossa nel 2020 da Paseo de la Reforma \u2014una delle vie principali di Citt\u00e0 del Messico\u2014 due giorni prima dell&#8217;anniversario del suo arrivo nel continente americano, sar\u00e0 sostituita con la figura di una donna indigena. Lo ha annunciato ieri la sindaca della capitale, Claudia Sheinbaum. Si tratta di creare spazio per un monumento simbolo di \u00abgiustizia sociale\u00bb per il ruolo storico delle donne in Messico, in particolare per quelle di origine indigena, ha detto Sheinbaum durante un evento. \u00abOvviamente celebriamo Colombo, ma ci sono due visioni\u00bb, ha aggiunto, specificando che&#8230; <\/p>","protected":false},"author":2,"featured_media":524,"comment_status":"open","ping_status":"open","sticky":false,"template":"","format":"standard","meta":{"_monsterinsights_skip_tracking":false,"_monsterinsights_sitenote_active":false,"_monsterinsights_sitenote_note":"","_monsterinsights_sitenote_category":0,"footnotes":""},"categories":[18],"tags":[],"class_list":["post-521","post","type-post","status-publish","format-standard","has-post-thumbnail","hentry","category-cronaca"],"yoast_head":"<!-- This site is optimized with the Yoast SEO Premium plugin v18.4 (Yoast SEO v25.6) - https:\/\/yoast.com\/wordpress\/plugins\/seo\/ -->\n<title>Citt\u00e0 del Messico, la statua di Colombo verr\u00e0 spostata Puntodincontro<\/title>\n<meta name=\"description\" content=\"La statua in bronzo di Cristoforo Colombo, rimossa nel 2020 da Paseo de la Reforma \u2014una delle vie principali di Citt\u00e0 del Messico\u2014 due giorni prima dell&#039;anniversario del suo arrivo nel continente americano, sar\u00e0 sostituita con la figura di una donna indigena.\" \/>\n<meta name=\"robots\" content=\"index, follow, max-snippet:-1, max-image-preview:large, max-video-preview:-1\" \/>\n<link rel=\"canonical\" href=\"https:\/\/puntodincontro.mx\/es\/2021\/09\/06\/ciudad-de-mexico-la-estatua-de-colon-sera-reubicada\/\" \/>\n<meta property=\"og:locale\" content=\"es_MX\" \/>\n<meta property=\"og:type\" content=\"article\" \/>\n<meta property=\"og:title\" content=\"Citt\u00e0 del Messico, la statua di Colombo verr\u00e0 spostata\" \/>\n<meta property=\"og:description\" content=\"La statua in bronzo di Cristoforo Colombo, rimossa nel 2020 da Paseo de la Reforma \u2014una delle vie principali di Citt\u00e0 del Messico\u2014 due giorni prima dell&#039;anniversario del suo arrivo nel continente americano, sar\u00e0 sostituita con la figura di una donna indigena.\" \/>\n<meta property=\"og:url\" content=\"https:\/\/puntodincontro.mx\/es\/2021\/09\/06\/ciudad-de-mexico-la-estatua-de-colon-sera-reubicada\/\" \/>\n<meta property=\"og:site_name\" content=\"Puntodincontro\" \/>\n<meta property=\"article:publisher\" content=\"https:\/\/www.facebook.com\/puntodincontro.mx\" \/>\n<meta property=\"article:published_time\" content=\"2021-09-06T18:41:02+00:00\" \/>\n<meta property=\"article:modified_time\" content=\"2021-09-24T16:07:11+00:00\" \/>\n<meta property=\"og:image\" content=\"https:\/\/puntodincontro.mx\/wp-content\/uploads\/2021\/09\/statuacolombospostatamessicovert.webp\" \/>\n\t<meta property=\"og:image:width\" content=\"423\" \/>\n\t<meta property=\"og:image:height\" content=\"488\" \/>\n\t<meta property=\"og:image:type\" content=\"image\/webp\" \/>\n<meta name=\"author\" content=\"Puntodincontro\" \/>\n<meta name=\"twitter:card\" content=\"summary_large_image\" \/>\n<meta name=\"twitter:creator\" content=\"@puntodincontro\" \/>\n<meta name=\"twitter:site\" content=\"@puntodincontro\" \/>\n<meta name=\"twitter:label1\" content=\"Escrito por\" \/>\n\t<meta name=\"twitter:data1\" content=\"Puntodincontro\" \/>\n\t<meta name=\"twitter:label2\" content=\"Tiempo de lectura\" \/>\n\t<meta name=\"twitter:data2\" content=\"1 minuto\" \/>\n<script type=\"application\/ld+json\" class=\"yoast-schema-graph\">{\"@context\":\"https:\/\/schema.org\",\"@graph\":[{\"@type\":\"NewsArticle\",\"@id\":\"https:\/\/puntodincontro.mx\/2021\/09\/06\/citta-del-messico-la-statua-di-colombo-verra-spostata\/#article\",\"isPartOf\":{\"@id\":\"https:\/\/puntodincontro.mx\/2021\/09\/06\/citta-del-messico-la-statua-di-colombo-verra-spostata\/\"},\"author\":{\"name\":\"Puntodincontro\",\"@id\":\"https:\/\/puntodincontro.mx\/#\/schema\/person\/d3066d18a16259cbb0c29b0d0e93b556\"},\"headline\":\"Citt\u00e0 del Messico, la statua di Colombo verr\u00e0 spostata\",\"datePublished\":\"2021-09-06T18:41:02+00:00\",\"dateModified\":\"2021-09-24T16:07:11+00:00\",\"mainEntityOfPage\":{\"@id\":\"https:\/\/puntodincontro.mx\/2021\/09\/06\/citta-del-messico-la-statua-di-colombo-verra-spostata\/\"},\"wordCount\":180,\"commentCount\":0,\"publisher\":{\"@id\":\"https:\/\/puntodincontro.mx\/#organization\"},\"image\":{\"@id\":\"https:\/\/puntodincontro.mx\/2021\/09\/06\/citta-del-messico-la-statua-di-colombo-verra-spostata\/#primaryimage\"},\"thumbnailUrl\":\"https:\/\/puntodincontro.mx\/wp-content\/uploads\/2021\/09\/statuacolombospostatamessicovert.webp\",\"articleSection\":[\"Cronaca\"],\"inLanguage\":\"es\",\"potentialAction\":[{\"@type\":\"CommentAction\",\"name\":\"Comment\",\"target\":[\"https:\/\/puntodincontro.mx\/2021\/09\/06\/citta-del-messico-la-statua-di-colombo-verra-spostata\/#respond\"]}]},{\"@type\":\"WebPage\",\"@id\":\"https:\/\/puntodincontro.mx\/2021\/09\/06\/citta-del-messico-la-statua-di-colombo-verra-spostata\/\",\"url\":\"https:\/\/puntodincontro.mx\/2021\/09\/06\/citta-del-messico-la-statua-di-colombo-verra-spostata\/\",\"name\":\"Citt\u00e0 del Messico, la statua di Colombo verr\u00e0 spostata Puntodincontro\",\"isPartOf\":{\"@id\":\"https:\/\/puntodincontro.mx\/#website\"},\"primaryImageOfPage\":{\"@id\":\"https:\/\/puntodincontro.mx\/2021\/09\/06\/citta-del-messico-la-statua-di-colombo-verra-spostata\/#primaryimage\"},\"image\":{\"@id\":\"https:\/\/puntodincontro.mx\/2021\/09\/06\/citta-del-messico-la-statua-di-colombo-verra-spostata\/#primaryimage\"},\"thumbnailUrl\":\"https:\/\/puntodincontro.mx\/wp-content\/uploads\/2021\/09\/statuacolombospostatamessicovert.webp\",\"datePublished\":\"2021-09-06T18:41:02+00:00\",\"dateModified\":\"2021-09-24T16:07:11+00:00\",\"description\":\"La statua in bronzo di Cristoforo Colombo, rimossa nel 2020 da Paseo de la Reforma \u2014una delle vie principali di Citt\u00e0 del Messico\u2014 due giorni prima dell'anniversario del suo arrivo nel continente americano, sar\u00e0 sostituita con la figura di una donna indigena.\",\"breadcrumb\":{\"@id\":\"https:\/\/puntodincontro.mx\/2021\/09\/06\/citta-del-messico-la-statua-di-colombo-verra-spostata\/#breadcrumb\"},\"inLanguage\":\"es\",\"potentialAction\":[{\"@type\":\"ReadAction\",\"target\":[\"https:\/\/puntodincontro.mx\/2021\/09\/06\/citta-del-messico-la-statua-di-colombo-verra-spostata\/\"]}]},{\"@type\":\"ImageObject\",\"inLanguage\":\"es\",\"@id\":\"https:\/\/puntodincontro.mx\/2021\/09\/06\/citta-del-messico-la-statua-di-colombo-verra-spostata\/#primaryimage\",\"url\":\"https:\/\/puntodincontro.mx\/wp-content\/uploads\/2021\/09\/statuacolombospostatamessicovert.webp\",\"contentUrl\":\"https:\/\/puntodincontro.mx\/wp-content\/uploads\/2021\/09\/statuacolombospostatamessicovert.webp\",\"width\":423,\"height\":488},{\"@type\":\"BreadcrumbList\",\"@id\":\"https:\/\/puntodincontro.mx\/2021\/09\/06\/citta-del-messico-la-statua-di-colombo-verra-spostata\/#breadcrumb\",\"itemListElement\":[{\"@type\":\"ListItem\",\"position\":1,\"name\":\"Home\",\"item\":\"https:\/\/puntodincontro.mx\/\"},{\"@type\":\"ListItem\",\"position\":2,\"name\":\"Citt\u00e0 del Messico, la statua di Colombo verr\u00e0 spostata\"}]},{\"@type\":\"WebSite\",\"@id\":\"https:\/\/puntodincontro.mx\/#website\",\"url\":\"https:\/\/puntodincontro.mx\/\",\"name\":\"Puntodincontro\",\"description\":\"Dal 2006 notizie sui rapporti Italia-Messico \/ Desde 2006 noticias sobre las relaciones entre Italia y M\u00e9xico\",\"publisher\":{\"@id\":\"https:\/\/puntodincontro.mx\/#organization\"},\"potentialAction\":[{\"@type\":\"SearchAction\",\"target\":{\"@type\":\"EntryPoint\",\"urlTemplate\":\"https:\/\/puntodincontro.mx\/?s={search_term_string}\"},\"query-input\":{\"@type\":\"PropertyValueSpecification\",\"valueRequired\":true,\"valueName\":\"search_term_string\"}}],\"inLanguage\":\"es\"},{\"@type\":\"Organization\",\"@id\":\"https:\/\/puntodincontro.mx\/#organization\",\"name\":\"Puntodincontro\",\"url\":\"https:\/\/puntodincontro.mx\/\",\"logo\":{\"@type\":\"ImageObject\",\"inLanguage\":\"es\",\"@id\":\"https:\/\/puntodincontro.mx\/#\/schema\/logo\/image\/\",\"url\":\"https:\/\/puntodincontro.mx\/wp-content\/uploads\/2021\/08\/Default-image-for-open-graph-settings.jpg\",\"contentUrl\":\"https:\/\/puntodincontro.mx\/wp-content\/uploads\/2021\/08\/Default-image-for-open-graph-settings.jpg\",\"width\":1200,\"height\":630,\"caption\":\"Puntodincontro\"},\"image\":{\"@id\":\"https:\/\/puntodincontro.mx\/#\/schema\/logo\/image\/\"},\"sameAs\":[\"https:\/\/www.facebook.com\/puntodincontro.mx\",\"https:\/\/x.com\/puntodincontro\",\"https:\/\/www.instagram.com\/puntodincontro.mx\/\",\"https:\/\/www.linkedin.com\/company\/puntodincontro\/\",\"https:\/\/www.youtube.com\/c\/puntodincontromessico\",\"https:\/\/www.patreon.com\/puntodincontro\",\"https:\/\/www.threads.net\/@puntodincontro.mx\"]},{\"@type\":\"Person\",\"@id\":\"https:\/\/puntodincontro.mx\/#\/schema\/person\/d3066d18a16259cbb0c29b0d0e93b556\",\"name\":\"Puntodincontro\",\"image\":{\"@type\":\"ImageObject\",\"inLanguage\":\"es\",\"@id\":\"https:\/\/puntodincontro.mx\/#\/schema\/person\/image\/\",\"url\":\"https:\/\/secure.gravatar.com\/avatar\/0e85b4b3b5e9d6bfcec6a4956d8cc63a?s=96&d=mm&r=g\",\"contentUrl\":\"https:\/\/secure.gravatar.com\/avatar\/0e85b4b3b5e9d6bfcec6a4956d8cc63a?s=96&d=mm&r=g\",\"caption\":\"Puntodincontro\"},\"url\":\"https:\/\/puntodincontro.mx\/es\/author\/puntodincontro\/\"}]}<\/script>\n<!-- \/ Yoast SEO Premium plugin. -->","yoast_head_json":{"title":"Citt\u00e0 del Messico, la statua di Colombo verr\u00e0 spostata Puntodincontro","description":"La statua in bronzo di Cristoforo Colombo, rimossa nel 2020 da Paseo de la Reforma \u2014una delle vie principali di Citt\u00e0 del Messico\u2014 due giorni prima dell'anniversario del suo arrivo nel continente americano, sar\u00e0 sostituita con la figura di una donna indigena.","robots":{"index":"index","follow":"follow","max-snippet":"max-snippet:-1","max-image-preview":"max-image-preview:large","max-video-preview":"max-video-preview:-1"},"canonical":"https:\/\/puntodincontro.mx\/es\/2021\/09\/06\/ciudad-de-mexico-la-estatua-de-colon-sera-reubicada\/","og_locale":"es_MX","og_type":"article","og_title":"Citt\u00e0 del Messico, la statua di Colombo verr\u00e0 spostata","og_description":"La statua in bronzo di Cristoforo Colombo, rimossa nel 2020 da Paseo de la Reforma \u2014una delle vie principali di Citt\u00e0 del Messico\u2014 due giorni prima dell'anniversario del suo arrivo nel continente americano, sar\u00e0 sostituita con la figura di una donna indigena.","og_url":"https:\/\/puntodincontro.mx\/es\/2021\/09\/06\/ciudad-de-mexico-la-estatua-de-colon-sera-reubicada\/","og_site_name":"Puntodincontro","article_publisher":"https:\/\/www.facebook.com\/puntodincontro.mx","article_published_time":"2021-09-06T18:41:02+00:00","article_modified_time":"2021-09-24T16:07:11+00:00","og_image":[{"width":423,"height":488,"url":"https:\/\/puntodincontro.mx\/wp-content\/uploads\/2021\/09\/statuacolombospostatamessicovert.webp","type":"image\/webp"}],"author":"Puntodincontro","twitter_card":"summary_large_image","twitter_creator":"@puntodincontro","twitter_site":"@puntodincontro","twitter_misc":{"Escrito por":"Puntodincontro","Tiempo de lectura":"1 minuto"},"schema":{"@context":"https:\/\/schema.org","@graph":[{"@type":"NewsArticle","@id":"https:\/\/puntodincontro.mx\/2021\/09\/06\/citta-del-messico-la-statua-di-colombo-verra-spostata\/#article","isPartOf":{"@id":"https:\/\/puntodincontro.mx\/2021\/09\/06\/citta-del-messico-la-statua-di-colombo-verra-spostata\/"},"author":{"name":"Puntodincontro","@id":"https:\/\/puntodincontro.mx\/#\/schema\/person\/d3066d18a16259cbb0c29b0d0e93b556"},"headline":"Citt\u00e0 del Messico, la statua di Colombo verr\u00e0 spostata","datePublished":"2021-09-06T18:41:02+00:00","dateModified":"2021-09-24T16:07:11+00:00","mainEntityOfPage":{"@id":"https:\/\/puntodincontro.mx\/2021\/09\/06\/citta-del-messico-la-statua-di-colombo-verra-spostata\/"},"wordCount":180,"commentCount":0,"publisher":{"@id":"https:\/\/puntodincontro.mx\/#organization"},"image":{"@id":"https:\/\/puntodincontro.mx\/2021\/09\/06\/citta-del-messico-la-statua-di-colombo-verra-spostata\/#primaryimage"},"thumbnailUrl":"https:\/\/puntodincontro.mx\/wp-content\/uploads\/2021\/09\/statuacolombospostatamessicovert.webp","articleSection":["Cronaca"],"inLanguage":"es","potentialAction":[{"@type":"CommentAction","name":"Comment","target":["https:\/\/puntodincontro.mx\/2021\/09\/06\/citta-del-messico-la-statua-di-colombo-verra-spostata\/#respond"]}]},{"@type":"WebPage","@id":"https:\/\/puntodincontro.mx\/2021\/09\/06\/citta-del-messico-la-statua-di-colombo-verra-spostata\/","url":"https:\/\/puntodincontro.mx\/2021\/09\/06\/citta-del-messico-la-statua-di-colombo-verra-spostata\/","name":"Citt\u00e0 del Messico, la statua di Colombo verr\u00e0 spostata Puntodincontro","isPartOf":{"@id":"https:\/\/puntodincontro.mx\/#website"},"primaryImageOfPage":{"@id":"https:\/\/puntodincontro.mx\/2021\/09\/06\/citta-del-messico-la-statua-di-colombo-verra-spostata\/#primaryimage"},"image":{"@id":"https:\/\/puntodincontro.mx\/2021\/09\/06\/citta-del-messico-la-statua-di-colombo-verra-spostata\/#primaryimage"},"thumbnailUrl":"https:\/\/puntodincontro.mx\/wp-content\/uploads\/2021\/09\/statuacolombospostatamessicovert.webp","datePublished":"2021-09-06T18:41:02+00:00","dateModified":"2021-09-24T16:07:11+00:00","description":"La statua in bronzo di Cristoforo Colombo, rimossa nel 2020 da Paseo de la Reforma \u2014una delle vie principali di Citt\u00e0 del Messico\u2014 due giorni prima dell'anniversario del suo arrivo nel continente americano, sar\u00e0 sostituita con la figura di una donna indigena.","breadcrumb":{"@id":"https:\/\/puntodincontro.mx\/2021\/09\/06\/citta-del-messico-la-statua-di-colombo-verra-spostata\/#breadcrumb"},"inLanguage":"es","potentialAction":[{"@type":"ReadAction","target":["https:\/\/puntodincontro.mx\/2021\/09\/06\/citta-del-messico-la-statua-di-colombo-verra-spostata\/"]}]},{"@type":"ImageObject","inLanguage":"es","@id":"https:\/\/puntodincontro.mx\/2021\/09\/06\/citta-del-messico-la-statua-di-colombo-verra-spostata\/#primaryimage","url":"https:\/\/puntodincontro.mx\/wp-content\/uploads\/2021\/09\/statuacolombospostatamessicovert.webp","contentUrl":"https:\/\/puntodincontro.mx\/wp-content\/uploads\/2021\/09\/statuacolombospostatamessicovert.webp","width":423,"height":488},{"@type":"BreadcrumbList","@id":"https:\/\/puntodincontro.mx\/2021\/09\/06\/citta-del-messico-la-statua-di-colombo-verra-spostata\/#breadcrumb","itemListElement":[{"@type":"ListItem","position":1,"name":"Home","item":"https:\/\/puntodincontro.mx\/"},{"@type":"ListItem","position":2,"name":"Citt\u00e0 del Messico, la statua di Colombo verr\u00e0 spostata"}]},{"@type":"WebSite","@id":"https:\/\/puntodincontro.mx\/#website","url":"https:\/\/puntodincontro.mx\/","name":"Puntodincontro","description":"Desde el 2006 noticias sobre las relaciones entre Italia y M\u00e9xico \/ Dal 2006 notizie sui rapporti Italia-Messico","publisher":{"@id":"https:\/\/puntodincontro.mx\/#organization"},"potentialAction":[{"@type":"SearchAction","target":{"@type":"EntryPoint","urlTemplate":"https:\/\/puntodincontro.mx\/?s={search_term_string}"},"query-input":{"@type":"PropertyValueSpecification","valueRequired":true,"valueName":"search_term_string"}}],"inLanguage":"es"},{"@type":"Organization","@id":"https:\/\/puntodincontro.mx\/#organization","name":"Puntodincontro","url":"https:\/\/puntodincontro.mx\/","logo":{"@type":"ImageObject","inLanguage":"es","@id":"https:\/\/puntodincontro.mx\/#\/schema\/logo\/image\/","url":"https:\/\/puntodincontro.mx\/wp-content\/uploads\/2021\/08\/Default-image-for-open-graph-settings.jpg","contentUrl":"https:\/\/puntodincontro.mx\/wp-content\/uploads\/2021\/08\/Default-image-for-open-graph-settings.jpg","width":1200,"height":630,"caption":"Puntodincontro"},"image":{"@id":"https:\/\/puntodincontro.mx\/#\/schema\/logo\/image\/"},"sameAs":["https:\/\/www.facebook.com\/puntodincontro.mx","https:\/\/x.com\/puntodincontro","https:\/\/www.instagram.com\/puntodincontro.mx\/","https:\/\/www.linkedin.com\/company\/puntodincontro\/","https:\/\/www.youtube.com\/c\/puntodincontromessico","https:\/\/www.patreon.com\/puntodincontro","https:\/\/www.threads.net\/@puntodincontro.mx"]},{"@type":"Person","@id":"https:\/\/puntodincontro.mx\/#\/schema\/person\/d3066d18a16259cbb0c29b0d0e93b556","name":"Puntodincontro","image":{"@type":"ImageObject","inLanguage":"es","@id":"https:\/\/puntodincontro.mx\/#\/schema\/person\/image\/","url":"https:\/\/secure.gravatar.com\/avatar\/0e85b4b3b5e9d6bfcec6a4956d8cc63a?s=96&d=mm&r=g","contentUrl":"https:\/\/secure.gravatar.com\/avatar\/0e85b4b3b5e9d6bfcec6a4956d8cc63a?s=96&d=mm&r=g","caption":"Puntodincontro"},"url":"https:\/\/puntodincontro.mx\/es\/author\/puntodincontro\/"}]}},"_links":{"self":[{"href":"https:\/\/puntodincontro.mx\/es\/wp-json\/wp\/v2\/posts\/521"}],"collection":[{"href":"https:\/\/puntodincontro.mx\/es\/wp-json\/wp\/v2\/posts"}],"about":[{"href":"https:\/\/puntodincontro.mx\/es\/wp-json\/wp\/v2\/types\/post"}],"author":[{"embeddable":true,"href":"https:\/\/puntodincontro.mx\/es\/wp-json\/wp\/v2\/users\/2"}],"replies":[{"embeddable":true,"href":"https:\/\/puntodincontro.mx\/es\/wp-json\/wp\/v2\/comments?post=521"}],"version-history":[{"count":4,"href":"https:\/\/puntodincontro.mx\/es\/wp-json\/wp\/v2\/posts\/521\/revisions"}],"predecessor-version":[{"id":914,"href":"https:\/\/puntodincontro.mx\/es\/wp-json\/wp\/v2\/posts\/521\/revisions\/914"}],"wp:featuredmedia":[{"embeddable":true,"href":"https:\/\/puntodincontro.mx\/es\/wp-json\/wp\/v2\/media\/524"}],"wp:attachment":[{"href":"https:\/\/puntodincontro.mx\/es\/wp-json\/wp\/v2\/media?parent=521"}],"wp:term":[{"taxonomy":"category","embeddable":true,"href":"https:\/\/puntodincontro.mx\/es\/wp-json\/wp\/v2\/categories?post=521"},{"taxonomy":"post_tag","embeddable":true,"href":"https:\/\/puntodincontro.mx\/es\/wp-json\/wp\/v2\/tags?post=521"}],"curies":[{"name":"wp","href":"https:\/\/api.w.org\/{rel}","templated":true}]}}