{"id":5275,"date":"2022-05-15T14:40:12","date_gmt":"2022-05-15T19:40:12","guid":{"rendered":"https:\/\/puntodincontro.mx\/?p=5275"},"modified":"2022-05-15T14:53:15","modified_gmt":"2022-05-15T19:53:15","slug":"entre-el-15-y-el-16-de-mayo-eclipse-de-luna-visible-desde-mexico-e-italia2","status":"publish","type":"post","link":"https:\/\/puntodincontro.mx\/es\/2022\/05\/15\/nella-notte-tra-il-15-e-il-16-maggio-eclissi-di-luna-visibile-da-messico-e-italia2\/","title":{"rendered":"Entre el 15 y el 16 de mayo eclipse lunar visible desde M\u00e9xico e Italia"},"content":{"rendered":"<p class=\"translation-block\"><strong>14:32 hrs.<\/strong> - La Luna se prepara para vestirse de rojo: en la noche del 15 al 16 de mayo se producir\u00e1 su eclipse total, la denominada 'Luna Roja'.<\/p>\n\n\n\n<p>El fen\u00f3meno ser\u00e1 visible desde M\u00e9xico y tambi\u00e9n desde Italia, pero en el Bel Paese solo en la primera parte: en la bota el pico, de hecho, ser\u00e1 al amanecer, cuando la luna se pone, por lo que no se podr\u00e1 observar.<\/p>\n\n\n\n<p>Durante la totalidad, pero tambi\u00e9n en la fase parcial avanzada, nuestro sat\u00e9lite adquiere el color caracter\u00edstico que da nombre al fen\u00f3meno. Esto se debe a que en ese momento la atm\u00f3sfera terrestre dirige la porci\u00f3n roja del espectro electromagn\u00e9tico hacia su superficie.<\/p>\n\n\n\n<p>Cuando la Luna est\u00e9 completamente dentro del cono de sombra, iniciar\u00e1 la fase total, a las 05.29 del 16 de mayo hora italiana, alcanzando su m\u00e1ximo a las 06.11. Sin embargo, el 16 de mayo nuestro sat\u00e9lite desaparecer\u00e1 atr\u00e1s del horizonte a las 05.51, unos 20 minutos despu\u00e9s del inicio de la totalidad y 20 minutos antes del punto culminante, por lo que desde Italia ser\u00e1 posible seguir algo menos de la mitad de todo el fen\u00f3meno.<\/p>\n\n\n\n<p>En M\u00e9xico, en cambio, este evento astron\u00f3mico se podr\u00e1 apreciar \u2014siempre y cuando el cielo est\u00e9 despejado\u2014 casi en todo el pa\u00eds, pero ser\u00e1 en Chihuahua, Sonora, Sinaloa, Durango y la pen\u00ednsula de Baja California, donde la Luna estar\u00e1 muy baja y se percibir\u00e1 de una manera m\u00e1s clara.<\/p>\n\n\n\n<p>En tierra azteca la Luna Roja dar\u00e1 inicio a las 21:28 horas de hoy, domingo 15 de mayo, tiempo del centro del pa\u00eds, y se podr\u00e1 observar en todo su esplendor a las 22:30 horas, alcanzando su punto medio a las 23:11 horas.<\/p>\n\n\n\n<div style=\"height:12px\" aria-hidden=\"true\" class=\"wp-block-spacer\"><\/div>\n\n\n\n\n\n<div style=\"height:12px\" aria-hidden=\"true\" class=\"wp-block-spacer\"><\/div>","protected":false},"excerpt":{"rendered":"<p>Ore 14.32 &#8211; La Luna si prepara a vestirsi di rosso: nella notte tra 15 e 16 maggio ci sar\u00e0 la sua eclissi totale, la cosiddetta \u2018Luna Rossa\u2019. Il fenomeno sar\u00e0 visibile dal Messico e anche dall\u2019Italia, ma nel Bel Paese solo per la prima parte: nello Stivale il culmine, infatti, sar\u00e0 all\u2019alba, quando la Luna tramonta, per cui non potr\u00e8 essere osservato. Durante la totalit\u00e0, ma anche in fase parziale avanzata, il nostro satellite acquista il caratteristico colore che d\u00e0 il nome al fenomeno. Ci\u00f2 si deve al fatto che in quel momento l\u2019atmosfera terrestre indirizza verso la sua&#8230; <\/p>","protected":false},"author":2,"featured_media":5278,"comment_status":"open","ping_status":"open","sticky":false,"template":"","format":"standard","meta":{"_monsterinsights_skip_tracking":false,"_monsterinsights_sitenote_active":false,"_monsterinsights_sitenote_note":"","_monsterinsights_sitenote_category":0,"footnotes":""},"categories":[18],"tags":[],"class_list":["post-5275","post","type-post","status-publish","format-standard","has-post-thumbnail","hentry","category-cronaca"],"yoast_head":"<!-- This site is optimized with the Yoast SEO Premium plugin v18.4 (Yoast SEO v25.6) - https:\/\/yoast.com\/wordpress\/plugins\/seo\/ -->\n<title>Nella notte tra il 15 e il 16 maggio eclissi di Luna visibile da Messico e Italia Puntodincontro<\/title>\n<meta name=\"description\" content=\"La Luna si prepara a vestirsi di rosso: nella notte tra 15 e 16 maggio ci sar\u00e0 la sua eclissi totale, la cosiddetta \u2018Luna Rossa\u2019.\" \/>\n<meta name=\"robots\" content=\"index, follow, max-snippet:-1, max-image-preview:large, max-video-preview:-1\" \/>\n<link rel=\"canonical\" href=\"https:\/\/puntodincontro.mx\/es\/2022\/05\/15\/entre-el-15-y-el-16-de-mayo-eclipse-de-luna-visible-desde-mexico-e-italia2\/\" \/>\n<meta property=\"og:locale\" content=\"es_MX\" \/>\n<meta property=\"og:type\" content=\"article\" \/>\n<meta property=\"og:title\" content=\"Nella notte tra il 15 e il 16 maggio eclissi di Luna visibile da Messico e Italia\" \/>\n<meta property=\"og:description\" content=\"La Luna si prepara a vestirsi di rosso: nella notte tra 15 e 16 maggio ci sar\u00e0 la sua eclissi totale, la cosiddetta \u2018Luna Rossa\u2019.\" \/>\n<meta property=\"og:url\" content=\"https:\/\/puntodincontro.mx\/es\/2022\/05\/15\/entre-el-15-y-el-16-de-mayo-eclipse-de-luna-visible-desde-mexico-e-italia2\/\" \/>\n<meta property=\"og:site_name\" content=\"Puntodincontro\" \/>\n<meta property=\"article:publisher\" content=\"https:\/\/www.facebook.com\/puntodincontro.mx\" \/>\n<meta property=\"article:published_time\" content=\"2022-05-15T19:40:12+00:00\" \/>\n<meta property=\"article:modified_time\" content=\"2022-05-15T19:53:15+00:00\" \/>\n<meta property=\"og:image\" content=\"https:\/\/puntodincontro.mx\/wp-content\/uploads\/2022\/05\/eclissilunamessicoitaliavert.webp\" \/>\n\t<meta property=\"og:image:width\" content=\"423\" \/>\n\t<meta property=\"og:image:height\" content=\"488\" \/>\n\t<meta property=\"og:image:type\" content=\"image\/webp\" \/>\n<meta name=\"author\" content=\"Puntodincontro\" \/>\n<meta name=\"twitter:card\" content=\"summary_large_image\" \/>\n<meta name=\"twitter:creator\" content=\"@puntodincontro\" \/>\n<meta name=\"twitter:site\" content=\"@puntodincontro\" \/>\n<meta name=\"twitter:label1\" content=\"Escrito por\" \/>\n\t<meta name=\"twitter:data1\" content=\"Puntodincontro\" \/>\n\t<meta name=\"twitter:label2\" content=\"Tiempo de lectura\" \/>\n\t<meta name=\"twitter:data2\" content=\"2 minutos\" \/>\n<script type=\"application\/ld+json\" class=\"yoast-schema-graph\">{\"@context\":\"https:\/\/schema.org\",\"@graph\":[{\"@type\":\"NewsArticle\",\"@id\":\"https:\/\/puntodincontro.mx\/2022\/05\/15\/nella-notte-tra-il-15-e-il-16-maggio-eclissi-di-luna-visibile-da-messico-e-italia2\/#article\",\"isPartOf\":{\"@id\":\"https:\/\/puntodincontro.mx\/2022\/05\/15\/nella-notte-tra-il-15-e-il-16-maggio-eclissi-di-luna-visibile-da-messico-e-italia2\/\"},\"author\":{\"name\":\"Puntodincontro\",\"@id\":\"https:\/\/puntodincontro.mx\/#\/schema\/person\/d3066d18a16259cbb0c29b0d0e93b556\"},\"headline\":\"Nella notte tra il 15 e il 16 maggio eclissi di Luna visibile da Messico e Italia\",\"datePublished\":\"2022-05-15T19:40:12+00:00\",\"dateModified\":\"2022-05-15T19:53:15+00:00\",\"mainEntityOfPage\":{\"@id\":\"https:\/\/puntodincontro.mx\/2022\/05\/15\/nella-notte-tra-il-15-e-il-16-maggio-eclissi-di-luna-visibile-da-messico-e-italia2\/\"},\"wordCount\":258,\"commentCount\":0,\"publisher\":{\"@id\":\"https:\/\/puntodincontro.mx\/#organization\"},\"image\":{\"@id\":\"https:\/\/puntodincontro.mx\/2022\/05\/15\/nella-notte-tra-il-15-e-il-16-maggio-eclissi-di-luna-visibile-da-messico-e-italia2\/#primaryimage\"},\"thumbnailUrl\":\"https:\/\/puntodincontro.mx\/wp-content\/uploads\/2022\/05\/eclissilunamessicoitaliavert.webp\",\"articleSection\":[\"Cronaca\"],\"inLanguage\":\"es\",\"potentialAction\":[{\"@type\":\"CommentAction\",\"name\":\"Comment\",\"target\":[\"https:\/\/puntodincontro.mx\/2022\/05\/15\/nella-notte-tra-il-15-e-il-16-maggio-eclissi-di-luna-visibile-da-messico-e-italia2\/#respond\"]}]},{\"@type\":\"WebPage\",\"@id\":\"https:\/\/puntodincontro.mx\/2022\/05\/15\/nella-notte-tra-il-15-e-il-16-maggio-eclissi-di-luna-visibile-da-messico-e-italia2\/\",\"url\":\"https:\/\/puntodincontro.mx\/2022\/05\/15\/nella-notte-tra-il-15-e-il-16-maggio-eclissi-di-luna-visibile-da-messico-e-italia2\/\",\"name\":\"Nella notte tra il 15 e il 16 maggio eclissi di Luna visibile da Messico e Italia Puntodincontro\",\"isPartOf\":{\"@id\":\"https:\/\/puntodincontro.mx\/#website\"},\"primaryImageOfPage\":{\"@id\":\"https:\/\/puntodincontro.mx\/2022\/05\/15\/nella-notte-tra-il-15-e-il-16-maggio-eclissi-di-luna-visibile-da-messico-e-italia2\/#primaryimage\"},\"image\":{\"@id\":\"https:\/\/puntodincontro.mx\/2022\/05\/15\/nella-notte-tra-il-15-e-il-16-maggio-eclissi-di-luna-visibile-da-messico-e-italia2\/#primaryimage\"},\"thumbnailUrl\":\"https:\/\/puntodincontro.mx\/wp-content\/uploads\/2022\/05\/eclissilunamessicoitaliavert.webp\",\"datePublished\":\"2022-05-15T19:40:12+00:00\",\"dateModified\":\"2022-05-15T19:53:15+00:00\",\"description\":\"La Luna si prepara a vestirsi di rosso: nella notte tra 15 e 16 maggio ci sar\u00e0 la sua eclissi totale, la cosiddetta \u2018Luna Rossa\u2019.\",\"breadcrumb\":{\"@id\":\"https:\/\/puntodincontro.mx\/2022\/05\/15\/nella-notte-tra-il-15-e-il-16-maggio-eclissi-di-luna-visibile-da-messico-e-italia2\/#breadcrumb\"},\"inLanguage\":\"es\",\"potentialAction\":[{\"@type\":\"ReadAction\",\"target\":[\"https:\/\/puntodincontro.mx\/2022\/05\/15\/nella-notte-tra-il-15-e-il-16-maggio-eclissi-di-luna-visibile-da-messico-e-italia2\/\"]}]},{\"@type\":\"ImageObject\",\"inLanguage\":\"es\",\"@id\":\"https:\/\/puntodincontro.mx\/2022\/05\/15\/nella-notte-tra-il-15-e-il-16-maggio-eclissi-di-luna-visibile-da-messico-e-italia2\/#primaryimage\",\"url\":\"https:\/\/puntodincontro.mx\/wp-content\/uploads\/2022\/05\/eclissilunamessicoitaliavert.webp\",\"contentUrl\":\"https:\/\/puntodincontro.mx\/wp-content\/uploads\/2022\/05\/eclissilunamessicoitaliavert.webp\",\"width\":423,\"height\":488,\"caption\":\"Nella notte tra il 15 e il 16 maggio eclissi di Luna visibile da Messico e Italia\"},{\"@type\":\"BreadcrumbList\",\"@id\":\"https:\/\/puntodincontro.mx\/2022\/05\/15\/nella-notte-tra-il-15-e-il-16-maggio-eclissi-di-luna-visibile-da-messico-e-italia2\/#breadcrumb\",\"itemListElement\":[{\"@type\":\"ListItem\",\"position\":1,\"name\":\"Home\",\"item\":\"https:\/\/puntodincontro.mx\/\"},{\"@type\":\"ListItem\",\"position\":2,\"name\":\"Nella notte tra il 15 e il 16 maggio eclissi di Luna visibile da Messico e Italia\"}]},{\"@type\":\"WebSite\",\"@id\":\"https:\/\/puntodincontro.mx\/#website\",\"url\":\"https:\/\/puntodincontro.mx\/\",\"name\":\"Puntodincontro\",\"description\":\"Dal 2006 notizie sui rapporti Italia-Messico \/ Desde 2006 noticias sobre las relaciones entre Italia y M\u00e9xico\",\"publisher\":{\"@id\":\"https:\/\/puntodincontro.mx\/#organization\"},\"potentialAction\":[{\"@type\":\"SearchAction\",\"target\":{\"@type\":\"EntryPoint\",\"urlTemplate\":\"https:\/\/puntodincontro.mx\/?s={search_term_string}\"},\"query-input\":{\"@type\":\"PropertyValueSpecification\",\"valueRequired\":true,\"valueName\":\"search_term_string\"}}],\"inLanguage\":\"es\"},{\"@type\":\"Organization\",\"@id\":\"https:\/\/puntodincontro.mx\/#organization\",\"name\":\"Puntodincontro\",\"url\":\"https:\/\/puntodincontro.mx\/\",\"logo\":{\"@type\":\"ImageObject\",\"inLanguage\":\"es\",\"@id\":\"https:\/\/puntodincontro.mx\/#\/schema\/logo\/image\/\",\"url\":\"https:\/\/puntodincontro.mx\/wp-content\/uploads\/2021\/08\/Default-image-for-open-graph-settings.jpg\",\"contentUrl\":\"https:\/\/puntodincontro.mx\/wp-content\/uploads\/2021\/08\/Default-image-for-open-graph-settings.jpg\",\"width\":1200,\"height\":630,\"caption\":\"Puntodincontro\"},\"image\":{\"@id\":\"https:\/\/puntodincontro.mx\/#\/schema\/logo\/image\/\"},\"sameAs\":[\"https:\/\/www.facebook.com\/puntodincontro.mx\",\"https:\/\/x.com\/puntodincontro\",\"https:\/\/www.instagram.com\/puntodincontro.mx\/\",\"https:\/\/www.linkedin.com\/company\/puntodincontro\/\",\"https:\/\/www.youtube.com\/c\/puntodincontromessico\",\"https:\/\/www.patreon.com\/puntodincontro\",\"https:\/\/www.threads.net\/@puntodincontro.mx\"]},{\"@type\":\"Person\",\"@id\":\"https:\/\/puntodincontro.mx\/#\/schema\/person\/d3066d18a16259cbb0c29b0d0e93b556\",\"name\":\"Puntodincontro\",\"image\":{\"@type\":\"ImageObject\",\"inLanguage\":\"es\",\"@id\":\"https:\/\/puntodincontro.mx\/#\/schema\/person\/image\/\",\"url\":\"https:\/\/secure.gravatar.com\/avatar\/0e85b4b3b5e9d6bfcec6a4956d8cc63a?s=96&d=mm&r=g\",\"contentUrl\":\"https:\/\/secure.gravatar.com\/avatar\/0e85b4b3b5e9d6bfcec6a4956d8cc63a?s=96&d=mm&r=g\",\"caption\":\"Puntodincontro\"},\"url\":\"https:\/\/puntodincontro.mx\/es\/author\/puntodincontro\/\"}]}<\/script>\n<!-- \/ Yoast SEO Premium plugin. -->","yoast_head_json":{"title":"Nella notte tra il 15 e il 16 maggio eclissi di Luna visibile da Messico e Italia Puntodincontro","description":"La Luna se prepara para vestirse de rojo: en la noche del 15 al 16 de mayo se producir\u00e1 su eclipse total, la denominada 'Luna Roja'.","robots":{"index":"index","follow":"follow","max-snippet":"max-snippet:-1","max-image-preview":"max-image-preview:large","max-video-preview":"max-video-preview:-1"},"canonical":"https:\/\/puntodincontro.mx\/es\/2022\/05\/15\/entre-el-15-y-el-16-de-mayo-eclipse-de-luna-visible-desde-mexico-e-italia2\/","og_locale":"es_MX","og_type":"article","og_title":"Nella notte tra il 15 e il 16 maggio eclissi di Luna visibile da Messico e Italia","og_description":"La Luna si prepara a vestirsi di rosso: nella notte tra 15 e 16 maggio ci sar\u00e0 la sua eclissi totale, la cosiddetta \u2018Luna Rossa\u2019.","og_url":"https:\/\/puntodincontro.mx\/es\/2022\/05\/15\/entre-el-15-y-el-16-de-mayo-eclipse-de-luna-visible-desde-mexico-e-italia2\/","og_site_name":"Puntodincontro","article_publisher":"https:\/\/www.facebook.com\/puntodincontro.mx","article_published_time":"2022-05-15T19:40:12+00:00","article_modified_time":"2022-05-15T19:53:15+00:00","og_image":[{"width":423,"height":488,"url":"https:\/\/puntodincontro.mx\/wp-content\/uploads\/2022\/05\/eclissilunamessicoitaliavert.webp","type":"image\/webp"}],"author":"Puntodincontro","twitter_card":"summary_large_image","twitter_creator":"@puntodincontro","twitter_site":"@puntodincontro","twitter_misc":{"Escrito por":"Puntodincontro","Tiempo de lectura":"2 minutos"},"schema":{"@context":"https:\/\/schema.org","@graph":[{"@type":"NewsArticle","@id":"https:\/\/puntodincontro.mx\/2022\/05\/15\/nella-notte-tra-il-15-e-il-16-maggio-eclissi-di-luna-visibile-da-messico-e-italia2\/#article","isPartOf":{"@id":"https:\/\/puntodincontro.mx\/2022\/05\/15\/nella-notte-tra-il-15-e-il-16-maggio-eclissi-di-luna-visibile-da-messico-e-italia2\/"},"author":{"name":"Puntodincontro","@id":"https:\/\/puntodincontro.mx\/#\/schema\/person\/d3066d18a16259cbb0c29b0d0e93b556"},"headline":"Nella notte tra il 15 e il 16 maggio eclissi di Luna visibile da Messico e Italia","datePublished":"2022-05-15T19:40:12+00:00","dateModified":"2022-05-15T19:53:15+00:00","mainEntityOfPage":{"@id":"https:\/\/puntodincontro.mx\/2022\/05\/15\/nella-notte-tra-il-15-e-il-16-maggio-eclissi-di-luna-visibile-da-messico-e-italia2\/"},"wordCount":258,"commentCount":0,"publisher":{"@id":"https:\/\/puntodincontro.mx\/#organization"},"image":{"@id":"https:\/\/puntodincontro.mx\/2022\/05\/15\/nella-notte-tra-il-15-e-il-16-maggio-eclissi-di-luna-visibile-da-messico-e-italia2\/#primaryimage"},"thumbnailUrl":"https:\/\/puntodincontro.mx\/wp-content\/uploads\/2022\/05\/eclissilunamessicoitaliavert.webp","articleSection":["Cronaca"],"inLanguage":"es","potentialAction":[{"@type":"CommentAction","name":"Comment","target":["https:\/\/puntodincontro.mx\/2022\/05\/15\/nella-notte-tra-il-15-e-il-16-maggio-eclissi-di-luna-visibile-da-messico-e-italia2\/#respond"]}]},{"@type":"WebPage","@id":"https:\/\/puntodincontro.mx\/2022\/05\/15\/nella-notte-tra-il-15-e-il-16-maggio-eclissi-di-luna-visibile-da-messico-e-italia2\/","url":"https:\/\/puntodincontro.mx\/2022\/05\/15\/nella-notte-tra-il-15-e-il-16-maggio-eclissi-di-luna-visibile-da-messico-e-italia2\/","name":"Nella notte tra il 15 e il 16 maggio eclissi di Luna visibile da Messico e Italia Puntodincontro","isPartOf":{"@id":"https:\/\/puntodincontro.mx\/#website"},"primaryImageOfPage":{"@id":"https:\/\/puntodincontro.mx\/2022\/05\/15\/nella-notte-tra-il-15-e-il-16-maggio-eclissi-di-luna-visibile-da-messico-e-italia2\/#primaryimage"},"image":{"@id":"https:\/\/puntodincontro.mx\/2022\/05\/15\/nella-notte-tra-il-15-e-il-16-maggio-eclissi-di-luna-visibile-da-messico-e-italia2\/#primaryimage"},"thumbnailUrl":"https:\/\/puntodincontro.mx\/wp-content\/uploads\/2022\/05\/eclissilunamessicoitaliavert.webp","datePublished":"2022-05-15T19:40:12+00:00","dateModified":"2022-05-15T19:53:15+00:00","description":"La Luna se prepara para vestirse de rojo: en la noche del 15 al 16 de mayo se producir\u00e1 su eclipse total, la denominada 'Luna Roja'.","breadcrumb":{"@id":"https:\/\/puntodincontro.mx\/2022\/05\/15\/nella-notte-tra-il-15-e-il-16-maggio-eclissi-di-luna-visibile-da-messico-e-italia2\/#breadcrumb"},"inLanguage":"es","potentialAction":[{"@type":"ReadAction","target":["https:\/\/puntodincontro.mx\/2022\/05\/15\/nella-notte-tra-il-15-e-il-16-maggio-eclissi-di-luna-visibile-da-messico-e-italia2\/"]}]},{"@type":"ImageObject","inLanguage":"es","@id":"https:\/\/puntodincontro.mx\/2022\/05\/15\/nella-notte-tra-il-15-e-il-16-maggio-eclissi-di-luna-visibile-da-messico-e-italia2\/#primaryimage","url":"https:\/\/puntodincontro.mx\/wp-content\/uploads\/2022\/05\/eclissilunamessicoitaliavert.webp","contentUrl":"https:\/\/puntodincontro.mx\/wp-content\/uploads\/2022\/05\/eclissilunamessicoitaliavert.webp","width":423,"height":488,"caption":"Nella notte tra il 15 e il 16 maggio eclissi di Luna visibile da Messico e Italia"},{"@type":"BreadcrumbList","@id":"https:\/\/puntodincontro.mx\/2022\/05\/15\/nella-notte-tra-il-15-e-il-16-maggio-eclissi-di-luna-visibile-da-messico-e-italia2\/#breadcrumb","itemListElement":[{"@type":"ListItem","position":1,"name":"Home","item":"https:\/\/puntodincontro.mx\/"},{"@type":"ListItem","position":2,"name":"Nella notte tra il 15 e il 16 maggio eclissi di Luna visibile da Messico e Italia"}]},{"@type":"WebSite","@id":"https:\/\/puntodincontro.mx\/#website","url":"https:\/\/puntodincontro.mx\/","name":"Puntodincontro","description":"Desde el 2006 noticias sobre las relaciones entre Italia y M\u00e9xico \/ Dal 2006 notizie sui rapporti Italia-Messico","publisher":{"@id":"https:\/\/puntodincontro.mx\/#organization"},"potentialAction":[{"@type":"SearchAction","target":{"@type":"EntryPoint","urlTemplate":"https:\/\/puntodincontro.mx\/?s={search_term_string}"},"query-input":{"@type":"PropertyValueSpecification","valueRequired":true,"valueName":"search_term_string"}}],"inLanguage":"es"},{"@type":"Organization","@id":"https:\/\/puntodincontro.mx\/#organization","name":"Puntodincontro","url":"https:\/\/puntodincontro.mx\/","logo":{"@type":"ImageObject","inLanguage":"es","@id":"https:\/\/puntodincontro.mx\/#\/schema\/logo\/image\/","url":"https:\/\/puntodincontro.mx\/wp-content\/uploads\/2021\/08\/Default-image-for-open-graph-settings.jpg","contentUrl":"https:\/\/puntodincontro.mx\/wp-content\/uploads\/2021\/08\/Default-image-for-open-graph-settings.jpg","width":1200,"height":630,"caption":"Puntodincontro"},"image":{"@id":"https:\/\/puntodincontro.mx\/#\/schema\/logo\/image\/"},"sameAs":["https:\/\/www.facebook.com\/puntodincontro.mx","https:\/\/x.com\/puntodincontro","https:\/\/www.instagram.com\/puntodincontro.mx\/","https:\/\/www.linkedin.com\/company\/puntodincontro\/","https:\/\/www.youtube.com\/c\/puntodincontromessico","https:\/\/www.patreon.com\/puntodincontro","https:\/\/www.threads.net\/@puntodincontro.mx"]},{"@type":"Person","@id":"https:\/\/puntodincontro.mx\/#\/schema\/person\/d3066d18a16259cbb0c29b0d0e93b556","name":"Puntodincontro","image":{"@type":"ImageObject","inLanguage":"es","@id":"https:\/\/puntodincontro.mx\/#\/schema\/person\/image\/","url":"https:\/\/secure.gravatar.com\/avatar\/0e85b4b3b5e9d6bfcec6a4956d8cc63a?s=96&d=mm&r=g","contentUrl":"https:\/\/secure.gravatar.com\/avatar\/0e85b4b3b5e9d6bfcec6a4956d8cc63a?s=96&d=mm&r=g","caption":"Puntodincontro"},"url":"https:\/\/puntodincontro.mx\/es\/author\/puntodincontro\/"}]}},"_links":{"self":[{"href":"https:\/\/puntodincontro.mx\/es\/wp-json\/wp\/v2\/posts\/5275"}],"collection":[{"href":"https:\/\/puntodincontro.mx\/es\/wp-json\/wp\/v2\/posts"}],"about":[{"href":"https:\/\/puntodincontro.mx\/es\/wp-json\/wp\/v2\/types\/post"}],"author":[{"embeddable":true,"href":"https:\/\/puntodincontro.mx\/es\/wp-json\/wp\/v2\/users\/2"}],"replies":[{"embeddable":true,"href":"https:\/\/puntodincontro.mx\/es\/wp-json\/wp\/v2\/comments?post=5275"}],"version-history":[{"count":5,"href":"https:\/\/puntodincontro.mx\/es\/wp-json\/wp\/v2\/posts\/5275\/revisions"}],"predecessor-version":[{"id":5284,"href":"https:\/\/puntodincontro.mx\/es\/wp-json\/wp\/v2\/posts\/5275\/revisions\/5284"}],"wp:featuredmedia":[{"embeddable":true,"href":"https:\/\/puntodincontro.mx\/es\/wp-json\/wp\/v2\/media\/5278"}],"wp:attachment":[{"href":"https:\/\/puntodincontro.mx\/es\/wp-json\/wp\/v2\/media?parent=5275"}],"wp:term":[{"taxonomy":"category","embeddable":true,"href":"https:\/\/puntodincontro.mx\/es\/wp-json\/wp\/v2\/categories?post=5275"},{"taxonomy":"post_tag","embeddable":true,"href":"https:\/\/puntodincontro.mx\/es\/wp-json\/wp\/v2\/tags?post=5275"}],"curies":[{"name":"wp","href":"https:\/\/api.w.org\/{rel}","templated":true}]}}