{"id":554,"date":"2021-09-07T21:25:55","date_gmt":"2021-09-08T02:25:55","guid":{"rendered":"https:\/\/puntodincontro.mx\/?p=554"},"modified":"2021-09-24T11:06:03","modified_gmt":"2021-09-24T16:06:03","slug":"sismo-de-magnitud-71-sacude-acapulco","status":"publish","type":"post","link":"https:\/\/puntodincontro.mx\/es\/2021\/09\/07\/forte-movimento-tellurico-in-messico\/","title":{"rendered":"Sismo de magnitud 7.1 sacude Acapulco"},"content":{"rendered":"<p class=\"translation-block\"><strong>21:11 hrs.<\/strong> \u2013 Esta noche en M\u00e9xico a las 20:47:47 un terremoto de magnitud 7.1 preliminar sacudi\u00f3 Acapulco, inform\u00f3 el Servicio Meteorol\u00f3gico Nacional en su cuenta de Twitter.<\/p>\n\n\n\n<p>El sismo tambi\u00e9n lleg\u00f3 a la capital del pa\u00eds y al Estado de M\u00e9xico. Los usuarios en las redes sociales compartieron im\u00e1genes de personas fuera de sus hogares por temor a las r\u00e9plicas luego de que se percibiera el movimiento s\u00edsmico en diversas zonas del territorio nacional.<\/p>\n\n\n\n<p>El gobernador del Estado de Guerrero, H\u00e9ctor Astudillo, dijo que no hay reportes graves, \u00abseguimos recabando informaci\u00f3n, pero en la costa chica y la costa grande de Guerrero, donde se report\u00f3 el sismo, se mantienen en alerta\u00bb.<\/p>\n\n\n\n<p>La jefa del gobierno de la Ciudad de M\u00e9xico, Claudia Sheinbaum, dio a conocer que no se han recibido reportes de incidentes graves, sin embargo, elementos de la Secretar\u00eda de Seguridad Ciudadana ya se encuentran en las calles para resguardar a la poblaci\u00f3n.<\/p>\n\n\n\n<p>El gobernador del Estado de M\u00e9xico, Alfredo del Mazo, refiri\u00f3 que en varias localidades se han activado todos los protocolos de emergencia.<\/p>\n\n\n\n<p>El Servicio Meteorol\u00f3gico Nacional inform\u00f3 que el sismo se registr\u00f3 11 kil\u00f3metros al suroeste de Acapulco.<\/p>\n\n\n\n<div style=\"height:12px\" aria-hidden=\"true\" class=\"wp-block-spacer\"><\/div>\n\n\n\n\n\n<div style=\"height:12px\" aria-hidden=\"true\" class=\"wp-block-spacer\"><\/div>","protected":false},"excerpt":{"rendered":"<p>Ore 21:11 &#8211; Stasera in Messico alle 20.47.47 un terremoto di magnitudo preliminare 7,1 \u200b\u200bha scosso Acapulco, ha riferito il Servizio meteorologico nazionale sul suo account Twitter. Il sisma ha raggiunto anche la capitale del Paese e lo Stato del Messico. Gli utenti sui social network hanno condiviso immagini di persone fuori dalle loro case per paura delle repliche dopo che il movimento tellurico \u00e8 stato percepito in varie zone del territorio nazionale. Il governatore dello Stato di Guerrero, H\u00e9ctor Astudillo, ha affermato che finora non sono state ricevute notizie allarmanti, \u00abcontinuiamo a raccogliere informazioni, ma sulla \u201ccosta chica\u201d e&#8230; <\/p>","protected":false},"author":2,"featured_media":556,"comment_status":"open","ping_status":"open","sticky":false,"template":"","format":"standard","meta":{"_monsterinsights_skip_tracking":false,"_monsterinsights_sitenote_active":false,"_monsterinsights_sitenote_note":"","_monsterinsights_sitenote_category":0,"footnotes":""},"categories":[18],"tags":[],"class_list":["post-554","post","type-post","status-publish","format-standard","has-post-thumbnail","hentry","category-cronaca"],"yoast_head":"<!-- This site is optimized with the Yoast SEO Premium plugin v18.4 (Yoast SEO v25.6) - https:\/\/yoast.com\/wordpress\/plugins\/seo\/ -->\n<title>Forte movimento tellurico in Messico Puntodincontro<\/title>\n<meta name=\"description\" content=\"Stasera in Messico alle 20.47.47 un terremoto di magnitudo preliminare 7,1 \u200b\u200bha scosso Acapulco, ha riferito il Servizio meteorologico nazionale\" \/>\n<meta name=\"robots\" content=\"index, follow, max-snippet:-1, max-image-preview:large, max-video-preview:-1\" \/>\n<link rel=\"canonical\" href=\"https:\/\/puntodincontro.mx\/es\/2021\/09\/07\/sismo-de-magnitud-71-sacude-acapulco\/\" \/>\n<meta property=\"og:locale\" content=\"es_MX\" \/>\n<meta property=\"og:type\" content=\"article\" \/>\n<meta property=\"og:title\" content=\"Forte movimento tellurico in Messico\" \/>\n<meta property=\"og:description\" content=\"Stasera in Messico alle 20.47.47 un terremoto di magnitudo preliminare 7,1 \u200b\u200bha scosso Acapulco, ha riferito il Servizio meteorologico nazionale\" \/>\n<meta property=\"og:url\" content=\"https:\/\/puntodincontro.mx\/es\/2021\/09\/07\/sismo-de-magnitud-71-sacude-acapulco\/\" \/>\n<meta property=\"og:site_name\" content=\"Puntodincontro\" \/>\n<meta property=\"article:publisher\" content=\"https:\/\/www.facebook.com\/puntodincontro.mx\" \/>\n<meta property=\"article:published_time\" content=\"2021-09-08T02:25:55+00:00\" \/>\n<meta property=\"article:modified_time\" content=\"2021-09-24T16:06:03+00:00\" \/>\n<meta property=\"og:image\" content=\"https:\/\/puntodincontro.mx\/wp-content\/uploads\/2021\/09\/terremotoinmessicovert.webp\" \/>\n\t<meta property=\"og:image:width\" content=\"423\" \/>\n\t<meta property=\"og:image:height\" content=\"488\" \/>\n\t<meta property=\"og:image:type\" content=\"image\/webp\" \/>\n<meta name=\"author\" content=\"Puntodincontro\" \/>\n<meta name=\"twitter:card\" content=\"summary_large_image\" \/>\n<meta name=\"twitter:creator\" content=\"@puntodincontro\" \/>\n<meta name=\"twitter:site\" content=\"@puntodincontro\" \/>\n<meta name=\"twitter:label1\" content=\"Escrito por\" \/>\n\t<meta name=\"twitter:data1\" content=\"Puntodincontro\" \/>\n\t<meta name=\"twitter:label2\" content=\"Tiempo de lectura\" \/>\n\t<meta name=\"twitter:data2\" content=\"1 minuto\" \/>\n<script type=\"application\/ld+json\" class=\"yoast-schema-graph\">{\"@context\":\"https:\/\/schema.org\",\"@graph\":[{\"@type\":\"NewsArticle\",\"@id\":\"https:\/\/puntodincontro.mx\/2021\/09\/07\/forte-movimento-tellurico-in-messico\/#article\",\"isPartOf\":{\"@id\":\"https:\/\/puntodincontro.mx\/2021\/09\/07\/forte-movimento-tellurico-in-messico\/\"},\"author\":{\"name\":\"Puntodincontro\",\"@id\":\"https:\/\/puntodincontro.mx\/#\/schema\/person\/d3066d18a16259cbb0c29b0d0e93b556\"},\"headline\":\"Forte movimento tellurico in Messico\",\"datePublished\":\"2021-09-08T02:25:55+00:00\",\"dateModified\":\"2021-09-24T16:06:03+00:00\",\"mainEntityOfPage\":{\"@id\":\"https:\/\/puntodincontro.mx\/2021\/09\/07\/forte-movimento-tellurico-in-messico\/\"},\"wordCount\":187,\"commentCount\":0,\"publisher\":{\"@id\":\"https:\/\/puntodincontro.mx\/#organization\"},\"image\":{\"@id\":\"https:\/\/puntodincontro.mx\/2021\/09\/07\/forte-movimento-tellurico-in-messico\/#primaryimage\"},\"thumbnailUrl\":\"https:\/\/puntodincontro.mx\/wp-content\/uploads\/2021\/09\/terremotoinmessicovert.webp\",\"articleSection\":[\"Cronaca\"],\"inLanguage\":\"es\",\"potentialAction\":[{\"@type\":\"CommentAction\",\"name\":\"Comment\",\"target\":[\"https:\/\/puntodincontro.mx\/2021\/09\/07\/forte-movimento-tellurico-in-messico\/#respond\"]}]},{\"@type\":\"WebPage\",\"@id\":\"https:\/\/puntodincontro.mx\/2021\/09\/07\/forte-movimento-tellurico-in-messico\/\",\"url\":\"https:\/\/puntodincontro.mx\/2021\/09\/07\/forte-movimento-tellurico-in-messico\/\",\"name\":\"Forte movimento tellurico in Messico Puntodincontro\",\"isPartOf\":{\"@id\":\"https:\/\/puntodincontro.mx\/#website\"},\"primaryImageOfPage\":{\"@id\":\"https:\/\/puntodincontro.mx\/2021\/09\/07\/forte-movimento-tellurico-in-messico\/#primaryimage\"},\"image\":{\"@id\":\"https:\/\/puntodincontro.mx\/2021\/09\/07\/forte-movimento-tellurico-in-messico\/#primaryimage\"},\"thumbnailUrl\":\"https:\/\/puntodincontro.mx\/wp-content\/uploads\/2021\/09\/terremotoinmessicovert.webp\",\"datePublished\":\"2021-09-08T02:25:55+00:00\",\"dateModified\":\"2021-09-24T16:06:03+00:00\",\"description\":\"Stasera in Messico alle 20.47.47 un terremoto di magnitudo preliminare 7,1 \u200b\u200bha scosso Acapulco, ha riferito il Servizio meteorologico nazionale\",\"breadcrumb\":{\"@id\":\"https:\/\/puntodincontro.mx\/2021\/09\/07\/forte-movimento-tellurico-in-messico\/#breadcrumb\"},\"inLanguage\":\"es\",\"potentialAction\":[{\"@type\":\"ReadAction\",\"target\":[\"https:\/\/puntodincontro.mx\/2021\/09\/07\/forte-movimento-tellurico-in-messico\/\"]}]},{\"@type\":\"ImageObject\",\"inLanguage\":\"es\",\"@id\":\"https:\/\/puntodincontro.mx\/2021\/09\/07\/forte-movimento-tellurico-in-messico\/#primaryimage\",\"url\":\"https:\/\/puntodincontro.mx\/wp-content\/uploads\/2021\/09\/terremotoinmessicovert.webp\",\"contentUrl\":\"https:\/\/puntodincontro.mx\/wp-content\/uploads\/2021\/09\/terremotoinmessicovert.webp\",\"width\":423,\"height\":488},{\"@type\":\"BreadcrumbList\",\"@id\":\"https:\/\/puntodincontro.mx\/2021\/09\/07\/forte-movimento-tellurico-in-messico\/#breadcrumb\",\"itemListElement\":[{\"@type\":\"ListItem\",\"position\":1,\"name\":\"Home\",\"item\":\"https:\/\/puntodincontro.mx\/\"},{\"@type\":\"ListItem\",\"position\":2,\"name\":\"Forte movimento tellurico in Messico\"}]},{\"@type\":\"WebSite\",\"@id\":\"https:\/\/puntodincontro.mx\/#website\",\"url\":\"https:\/\/puntodincontro.mx\/\",\"name\":\"Puntodincontro\",\"description\":\"Dal 2006 notizie sui rapporti Italia-Messico \/ Desde 2006 noticias sobre las relaciones entre Italia y M\u00e9xico\",\"publisher\":{\"@id\":\"https:\/\/puntodincontro.mx\/#organization\"},\"potentialAction\":[{\"@type\":\"SearchAction\",\"target\":{\"@type\":\"EntryPoint\",\"urlTemplate\":\"https:\/\/puntodincontro.mx\/?s={search_term_string}\"},\"query-input\":{\"@type\":\"PropertyValueSpecification\",\"valueRequired\":true,\"valueName\":\"search_term_string\"}}],\"inLanguage\":\"es\"},{\"@type\":\"Organization\",\"@id\":\"https:\/\/puntodincontro.mx\/#organization\",\"name\":\"Puntodincontro\",\"url\":\"https:\/\/puntodincontro.mx\/\",\"logo\":{\"@type\":\"ImageObject\",\"inLanguage\":\"es\",\"@id\":\"https:\/\/puntodincontro.mx\/#\/schema\/logo\/image\/\",\"url\":\"https:\/\/puntodincontro.mx\/wp-content\/uploads\/2021\/08\/Default-image-for-open-graph-settings.jpg\",\"contentUrl\":\"https:\/\/puntodincontro.mx\/wp-content\/uploads\/2021\/08\/Default-image-for-open-graph-settings.jpg\",\"width\":1200,\"height\":630,\"caption\":\"Puntodincontro\"},\"image\":{\"@id\":\"https:\/\/puntodincontro.mx\/#\/schema\/logo\/image\/\"},\"sameAs\":[\"https:\/\/www.facebook.com\/puntodincontro.mx\",\"https:\/\/x.com\/puntodincontro\",\"https:\/\/www.instagram.com\/puntodincontro.mx\/\",\"https:\/\/www.linkedin.com\/company\/puntodincontro\/\",\"https:\/\/www.youtube.com\/c\/puntodincontromessico\",\"https:\/\/www.patreon.com\/puntodincontro\",\"https:\/\/www.threads.net\/@puntodincontro.mx\"]},{\"@type\":\"Person\",\"@id\":\"https:\/\/puntodincontro.mx\/#\/schema\/person\/d3066d18a16259cbb0c29b0d0e93b556\",\"name\":\"Puntodincontro\",\"image\":{\"@type\":\"ImageObject\",\"inLanguage\":\"es\",\"@id\":\"https:\/\/puntodincontro.mx\/#\/schema\/person\/image\/\",\"url\":\"https:\/\/secure.gravatar.com\/avatar\/0e85b4b3b5e9d6bfcec6a4956d8cc63a?s=96&d=mm&r=g\",\"contentUrl\":\"https:\/\/secure.gravatar.com\/avatar\/0e85b4b3b5e9d6bfcec6a4956d8cc63a?s=96&d=mm&r=g\",\"caption\":\"Puntodincontro\"},\"url\":\"https:\/\/puntodincontro.mx\/es\/author\/puntodincontro\/\"}]}<\/script>\n<!-- \/ Yoast SEO Premium plugin. -->","yoast_head_json":{"title":"Forte movimento tellurico in Messico Puntodincontro","description":"Esta noche en M\u00e9xico a las 20:47:47 hrs. un sismo de magnitud preliminar 7.1 sacudi\u00f3 Acapulco, inform\u00f3 el Servicio Meteotol\u00f3gico Nacional","robots":{"index":"index","follow":"follow","max-snippet":"max-snippet:-1","max-image-preview":"max-image-preview:large","max-video-preview":"max-video-preview:-1"},"canonical":"https:\/\/puntodincontro.mx\/es\/2021\/09\/07\/sismo-de-magnitud-71-sacude-acapulco\/","og_locale":"es_MX","og_type":"article","og_title":"Forte movimento tellurico in Messico","og_description":"Stasera in Messico alle 20.47.47 un terremoto di magnitudo preliminare 7,1 \u200b\u200bha scosso Acapulco, ha riferito il Servizio meteorologico nazionale","og_url":"https:\/\/puntodincontro.mx\/es\/2021\/09\/07\/sismo-de-magnitud-71-sacude-acapulco\/","og_site_name":"Puntodincontro","article_publisher":"https:\/\/www.facebook.com\/puntodincontro.mx","article_published_time":"2021-09-08T02:25:55+00:00","article_modified_time":"2021-09-24T16:06:03+00:00","og_image":[{"width":423,"height":488,"url":"https:\/\/puntodincontro.mx\/wp-content\/uploads\/2021\/09\/terremotoinmessicovert.webp","type":"image\/webp"}],"author":"Puntodincontro","twitter_card":"summary_large_image","twitter_creator":"@puntodincontro","twitter_site":"@puntodincontro","twitter_misc":{"Escrito por":"Puntodincontro","Tiempo de lectura":"1 minuto"},"schema":{"@context":"https:\/\/schema.org","@graph":[{"@type":"NewsArticle","@id":"https:\/\/puntodincontro.mx\/2021\/09\/07\/forte-movimento-tellurico-in-messico\/#article","isPartOf":{"@id":"https:\/\/puntodincontro.mx\/2021\/09\/07\/forte-movimento-tellurico-in-messico\/"},"author":{"name":"Puntodincontro","@id":"https:\/\/puntodincontro.mx\/#\/schema\/person\/d3066d18a16259cbb0c29b0d0e93b556"},"headline":"Forte movimento tellurico in Messico","datePublished":"2021-09-08T02:25:55+00:00","dateModified":"2021-09-24T16:06:03+00:00","mainEntityOfPage":{"@id":"https:\/\/puntodincontro.mx\/2021\/09\/07\/forte-movimento-tellurico-in-messico\/"},"wordCount":187,"commentCount":0,"publisher":{"@id":"https:\/\/puntodincontro.mx\/#organization"},"image":{"@id":"https:\/\/puntodincontro.mx\/2021\/09\/07\/forte-movimento-tellurico-in-messico\/#primaryimage"},"thumbnailUrl":"https:\/\/puntodincontro.mx\/wp-content\/uploads\/2021\/09\/terremotoinmessicovert.webp","articleSection":["Cronaca"],"inLanguage":"es","potentialAction":[{"@type":"CommentAction","name":"Comment","target":["https:\/\/puntodincontro.mx\/2021\/09\/07\/forte-movimento-tellurico-in-messico\/#respond"]}]},{"@type":"WebPage","@id":"https:\/\/puntodincontro.mx\/2021\/09\/07\/forte-movimento-tellurico-in-messico\/","url":"https:\/\/puntodincontro.mx\/2021\/09\/07\/forte-movimento-tellurico-in-messico\/","name":"Forte movimento tellurico in Messico Puntodincontro","isPartOf":{"@id":"https:\/\/puntodincontro.mx\/#website"},"primaryImageOfPage":{"@id":"https:\/\/puntodincontro.mx\/2021\/09\/07\/forte-movimento-tellurico-in-messico\/#primaryimage"},"image":{"@id":"https:\/\/puntodincontro.mx\/2021\/09\/07\/forte-movimento-tellurico-in-messico\/#primaryimage"},"thumbnailUrl":"https:\/\/puntodincontro.mx\/wp-content\/uploads\/2021\/09\/terremotoinmessicovert.webp","datePublished":"2021-09-08T02:25:55+00:00","dateModified":"2021-09-24T16:06:03+00:00","description":"Esta noche en M\u00e9xico a las 20:47:47 hrs. un sismo de magnitud preliminar 7.1 sacudi\u00f3 Acapulco, inform\u00f3 el Servicio Meteotol\u00f3gico Nacional","breadcrumb":{"@id":"https:\/\/puntodincontro.mx\/2021\/09\/07\/forte-movimento-tellurico-in-messico\/#breadcrumb"},"inLanguage":"es","potentialAction":[{"@type":"ReadAction","target":["https:\/\/puntodincontro.mx\/2021\/09\/07\/forte-movimento-tellurico-in-messico\/"]}]},{"@type":"ImageObject","inLanguage":"es","@id":"https:\/\/puntodincontro.mx\/2021\/09\/07\/forte-movimento-tellurico-in-messico\/#primaryimage","url":"https:\/\/puntodincontro.mx\/wp-content\/uploads\/2021\/09\/terremotoinmessicovert.webp","contentUrl":"https:\/\/puntodincontro.mx\/wp-content\/uploads\/2021\/09\/terremotoinmessicovert.webp","width":423,"height":488},{"@type":"BreadcrumbList","@id":"https:\/\/puntodincontro.mx\/2021\/09\/07\/forte-movimento-tellurico-in-messico\/#breadcrumb","itemListElement":[{"@type":"ListItem","position":1,"name":"Home","item":"https:\/\/puntodincontro.mx\/"},{"@type":"ListItem","position":2,"name":"Forte movimento tellurico in Messico"}]},{"@type":"WebSite","@id":"https:\/\/puntodincontro.mx\/#website","url":"https:\/\/puntodincontro.mx\/","name":"Puntodincontro","description":"Desde el 2006 noticias sobre las relaciones entre Italia y M\u00e9xico \/ Dal 2006 notizie sui rapporti Italia-Messico","publisher":{"@id":"https:\/\/puntodincontro.mx\/#organization"},"potentialAction":[{"@type":"SearchAction","target":{"@type":"EntryPoint","urlTemplate":"https:\/\/puntodincontro.mx\/?s={search_term_string}"},"query-input":{"@type":"PropertyValueSpecification","valueRequired":true,"valueName":"search_term_string"}}],"inLanguage":"es"},{"@type":"Organization","@id":"https:\/\/puntodincontro.mx\/#organization","name":"Puntodincontro","url":"https:\/\/puntodincontro.mx\/","logo":{"@type":"ImageObject","inLanguage":"es","@id":"https:\/\/puntodincontro.mx\/#\/schema\/logo\/image\/","url":"https:\/\/puntodincontro.mx\/wp-content\/uploads\/2021\/08\/Default-image-for-open-graph-settings.jpg","contentUrl":"https:\/\/puntodincontro.mx\/wp-content\/uploads\/2021\/08\/Default-image-for-open-graph-settings.jpg","width":1200,"height":630,"caption":"Puntodincontro"},"image":{"@id":"https:\/\/puntodincontro.mx\/#\/schema\/logo\/image\/"},"sameAs":["https:\/\/www.facebook.com\/puntodincontro.mx","https:\/\/x.com\/puntodincontro","https:\/\/www.instagram.com\/puntodincontro.mx\/","https:\/\/www.linkedin.com\/company\/puntodincontro\/","https:\/\/www.youtube.com\/c\/puntodincontromessico","https:\/\/www.patreon.com\/puntodincontro","https:\/\/www.threads.net\/@puntodincontro.mx"]},{"@type":"Person","@id":"https:\/\/puntodincontro.mx\/#\/schema\/person\/d3066d18a16259cbb0c29b0d0e93b556","name":"Puntodincontro","image":{"@type":"ImageObject","inLanguage":"es","@id":"https:\/\/puntodincontro.mx\/#\/schema\/person\/image\/","url":"https:\/\/secure.gravatar.com\/avatar\/0e85b4b3b5e9d6bfcec6a4956d8cc63a?s=96&d=mm&r=g","contentUrl":"https:\/\/secure.gravatar.com\/avatar\/0e85b4b3b5e9d6bfcec6a4956d8cc63a?s=96&d=mm&r=g","caption":"Puntodincontro"},"url":"https:\/\/puntodincontro.mx\/es\/author\/puntodincontro\/"}]}},"_links":{"self":[{"href":"https:\/\/puntodincontro.mx\/es\/wp-json\/wp\/v2\/posts\/554"}],"collection":[{"href":"https:\/\/puntodincontro.mx\/es\/wp-json\/wp\/v2\/posts"}],"about":[{"href":"https:\/\/puntodincontro.mx\/es\/wp-json\/wp\/v2\/types\/post"}],"author":[{"embeddable":true,"href":"https:\/\/puntodincontro.mx\/es\/wp-json\/wp\/v2\/users\/2"}],"replies":[{"embeddable":true,"href":"https:\/\/puntodincontro.mx\/es\/wp-json\/wp\/v2\/comments?post=554"}],"version-history":[{"count":9,"href":"https:\/\/puntodincontro.mx\/es\/wp-json\/wp\/v2\/posts\/554\/revisions"}],"predecessor-version":[{"id":910,"href":"https:\/\/puntodincontro.mx\/es\/wp-json\/wp\/v2\/posts\/554\/revisions\/910"}],"wp:featuredmedia":[{"embeddable":true,"href":"https:\/\/puntodincontro.mx\/es\/wp-json\/wp\/v2\/media\/556"}],"wp:attachment":[{"href":"https:\/\/puntodincontro.mx\/es\/wp-json\/wp\/v2\/media?parent=554"}],"wp:term":[{"taxonomy":"category","embeddable":true,"href":"https:\/\/puntodincontro.mx\/es\/wp-json\/wp\/v2\/categories?post=554"},{"taxonomy":"post_tag","embeddable":true,"href":"https:\/\/puntodincontro.mx\/es\/wp-json\/wp\/v2\/tags?post=554"}],"curies":[{"name":"wp","href":"https:\/\/api.w.org\/{rel}","templated":true}]}}