{"id":5851,"date":"2022-06-07T09:47:13","date_gmt":"2022-06-07T14:47:13","guid":{"rendered":"https:\/\/puntodincontro.mx\/?p=5851"},"modified":"2022-06-07T09:47:14","modified_gmt":"2022-06-07T14:47:14","slug":"hoy-italia-hungria","status":"publish","type":"post","link":"https:\/\/puntodincontro.mx\/es\/2022\/06\/07\/oggi-italia-ungheria\/","title":{"rendered":"Hoy Italia-Hungr\u00eda"},"content":{"rendered":"<p class=\"translation-block\"><strong>09:41 hrs.<\/strong> - La nueva selecci\u00f3n de Roberto Mancini busca la confirmaci\u00f3n en el segundo partido de la Nations League 2022-23, tras el empate en Bolonia el pasado s\u00e1bado con Alemania.<\/p>\n\n\n\n<p>En el estadio Dino Manuzzi de Cesena, Italia recibe a la Hungr\u00eda del t\u00e9cnico Marco Rossi, que el pasado s\u00e1bado venci\u00f3 1-0 a Inglaterra en Budapest gracias a un penalti de Szoboszlai.<\/p>\n\n\n\n<p>Azzurri y magiares llevan 15 a\u00f1os sin enfrentarse: el \u00faltimo encuentro fue el del 22 de agosto de 2007, cuando Hungr\u00eda se impuso por 3-1 en la remontada tras un gol de Di Natale.<\/p>\n\n\n\n<p>Despu\u00e9s del partido de esta noche, la selecci\u00f3n jugar\u00e1 dos partidos de la Liga de las Naciones como visitante contra Inglaterra el 11 de junio y contra Alemania el 14.<\/p>\n\n\n\n<p>El partido de Cesena entre Italia y Hungr\u00eda se transmitir\u00e1 en vivo por Rai 1 a partir de las 13.45 horas (hora del centro de M\u00e9xico). El juego tambi\u00e9n se podr\u00e1 seguir en streaming por Raiplay. Para poder verlo desde M\u00e9xico, es necesaria una VPN instalada en la PC o en el smartphone.<\/p>\n\n\n\n<div style=\"height:12px\" aria-hidden=\"true\" class=\"wp-block-spacer\"><\/div>\n\n\n\n\n\n<div style=\"height:12px\" aria-hidden=\"true\" class=\"wp-block-spacer\"><\/div>","protected":false},"excerpt":{"rendered":"<p>Ore 09.41 &#8211; La nuova nazionale di Roberto Mancini cerca conferme nella seconda gara della Nations League 2022-23, dopo il pareggio di Bologna sabato scorso con la Germania. Allo stadio Dino Manuzzi di Cesena l&#8217;Italia ospita l&#8217;Ungheria del commissario tecnico Marco Rossi, che sabato scorso ha battuto l&#8217;Inghilterra 1-0 a Budapest grazie a un rigore di Szoboszlai. Gli Azzurri e i magiari non si affrontano da 15 anni: l&#8217;ultimo incontro \u00e8 stato quello del 22 agosto 2007, quando l&#8217;Ungheria si \u00e8 imposta 3-1 in rimonta dopo un gol di Di Natale. Dopo la gara di stasera, la nazionale \u00e8 attesa&#8230; <\/p>","protected":false},"author":2,"featured_media":5855,"comment_status":"open","ping_status":"open","sticky":false,"template":"","format":"standard","meta":{"_monsterinsights_skip_tracking":false,"_monsterinsights_sitenote_active":false,"_monsterinsights_sitenote_note":"","_monsterinsights_sitenote_category":0,"footnotes":""},"categories":[11],"tags":[],"class_list":["post-5851","post","type-post","status-publish","format-standard","has-post-thumbnail","hentry","category-sport"],"yoast_head":"<!-- This site is optimized with the Yoast SEO Premium plugin v18.4 (Yoast SEO v25.6) - https:\/\/yoast.com\/wordpress\/plugins\/seo\/ -->\n<title>Oggi Italia-Ungheria Puntodincontro<\/title>\n<meta name=\"description\" content=\"La nuova nazionale di Roberto Mancini cerca conferme nella seconda gara della Nations League 2022-23, dopo il pareggio di Bologna sabato scorso con la Germania.\" \/>\n<meta name=\"robots\" content=\"index, follow, max-snippet:-1, max-image-preview:large, max-video-preview:-1\" \/>\n<link rel=\"canonical\" href=\"https:\/\/puntodincontro.mx\/es\/2022\/06\/07\/hoy-italia-hungria\/\" \/>\n<meta property=\"og:locale\" content=\"es_MX\" \/>\n<meta property=\"og:type\" content=\"article\" \/>\n<meta property=\"og:title\" content=\"Oggi Italia-Ungheria\" \/>\n<meta property=\"og:description\" content=\"La nuova nazionale di Roberto Mancini cerca conferme nella seconda gara della Nations League 2022-23, dopo il pareggio di Bologna sabato scorso con la Germania.\" \/>\n<meta property=\"og:url\" content=\"https:\/\/puntodincontro.mx\/es\/2022\/06\/07\/hoy-italia-hungria\/\" \/>\n<meta property=\"og:site_name\" content=\"Puntodincontro\" \/>\n<meta property=\"article:publisher\" content=\"https:\/\/www.facebook.com\/puntodincontro.mx\" \/>\n<meta property=\"article:published_time\" content=\"2022-06-07T14:47:13+00:00\" \/>\n<meta property=\"article:modified_time\" content=\"2022-06-07T14:47:14+00:00\" \/>\n<meta property=\"og:image\" content=\"https:\/\/puntodincontro.mx\/wp-content\/uploads\/2022\/06\/italiaungheriavert.webp\" \/>\n\t<meta property=\"og:image:width\" content=\"423\" \/>\n\t<meta property=\"og:image:height\" content=\"488\" \/>\n\t<meta property=\"og:image:type\" content=\"image\/webp\" \/>\n<meta name=\"author\" content=\"Puntodincontro\" \/>\n<meta name=\"twitter:card\" content=\"summary_large_image\" \/>\n<meta name=\"twitter:creator\" content=\"@puntodincontro\" \/>\n<meta name=\"twitter:site\" content=\"@puntodincontro\" \/>\n<meta name=\"twitter:label1\" content=\"Escrito por\" \/>\n\t<meta name=\"twitter:data1\" content=\"Puntodincontro\" \/>\n\t<meta name=\"twitter:label2\" content=\"Tiempo de lectura\" \/>\n\t<meta name=\"twitter:data2\" content=\"1 minuto\" \/>\n<script type=\"application\/ld+json\" class=\"yoast-schema-graph\">{\"@context\":\"https:\/\/schema.org\",\"@graph\":[{\"@type\":\"NewsArticle\",\"@id\":\"https:\/\/puntodincontro.mx\/2022\/06\/07\/oggi-italia-ungheria\/#article\",\"isPartOf\":{\"@id\":\"https:\/\/puntodincontro.mx\/2022\/06\/07\/oggi-italia-ungheria\/\"},\"author\":{\"name\":\"Puntodincontro\",\"@id\":\"https:\/\/puntodincontro.mx\/#\/schema\/person\/d3066d18a16259cbb0c29b0d0e93b556\"},\"headline\":\"Oggi Italia-Ungheria\",\"datePublished\":\"2022-06-07T14:47:13+00:00\",\"dateModified\":\"2022-06-07T14:47:14+00:00\",\"mainEntityOfPage\":{\"@id\":\"https:\/\/puntodincontro.mx\/2022\/06\/07\/oggi-italia-ungheria\/\"},\"wordCount\":159,\"commentCount\":0,\"publisher\":{\"@id\":\"https:\/\/puntodincontro.mx\/#organization\"},\"image\":{\"@id\":\"https:\/\/puntodincontro.mx\/2022\/06\/07\/oggi-italia-ungheria\/#primaryimage\"},\"thumbnailUrl\":\"https:\/\/puntodincontro.mx\/wp-content\/uploads\/2022\/06\/italiaungheriavert.webp\",\"articleSection\":[\"Sport\"],\"inLanguage\":\"es\",\"potentialAction\":[{\"@type\":\"CommentAction\",\"name\":\"Comment\",\"target\":[\"https:\/\/puntodincontro.mx\/2022\/06\/07\/oggi-italia-ungheria\/#respond\"]}]},{\"@type\":\"WebPage\",\"@id\":\"https:\/\/puntodincontro.mx\/2022\/06\/07\/oggi-italia-ungheria\/\",\"url\":\"https:\/\/puntodincontro.mx\/2022\/06\/07\/oggi-italia-ungheria\/\",\"name\":\"Oggi Italia-Ungheria Puntodincontro\",\"isPartOf\":{\"@id\":\"https:\/\/puntodincontro.mx\/#website\"},\"primaryImageOfPage\":{\"@id\":\"https:\/\/puntodincontro.mx\/2022\/06\/07\/oggi-italia-ungheria\/#primaryimage\"},\"image\":{\"@id\":\"https:\/\/puntodincontro.mx\/2022\/06\/07\/oggi-italia-ungheria\/#primaryimage\"},\"thumbnailUrl\":\"https:\/\/puntodincontro.mx\/wp-content\/uploads\/2022\/06\/italiaungheriavert.webp\",\"datePublished\":\"2022-06-07T14:47:13+00:00\",\"dateModified\":\"2022-06-07T14:47:14+00:00\",\"description\":\"La nuova nazionale di Roberto Mancini cerca conferme nella seconda gara della Nations League 2022-23, dopo il pareggio di Bologna sabato scorso con la Germania.\",\"breadcrumb\":{\"@id\":\"https:\/\/puntodincontro.mx\/2022\/06\/07\/oggi-italia-ungheria\/#breadcrumb\"},\"inLanguage\":\"es\",\"potentialAction\":[{\"@type\":\"ReadAction\",\"target\":[\"https:\/\/puntodincontro.mx\/2022\/06\/07\/oggi-italia-ungheria\/\"]}]},{\"@type\":\"ImageObject\",\"inLanguage\":\"es\",\"@id\":\"https:\/\/puntodincontro.mx\/2022\/06\/07\/oggi-italia-ungheria\/#primaryimage\",\"url\":\"https:\/\/puntodincontro.mx\/wp-content\/uploads\/2022\/06\/italiaungheriavert.webp\",\"contentUrl\":\"https:\/\/puntodincontro.mx\/wp-content\/uploads\/2022\/06\/italiaungheriavert.webp\",\"width\":423,\"height\":488},{\"@type\":\"BreadcrumbList\",\"@id\":\"https:\/\/puntodincontro.mx\/2022\/06\/07\/oggi-italia-ungheria\/#breadcrumb\",\"itemListElement\":[{\"@type\":\"ListItem\",\"position\":1,\"name\":\"Home\",\"item\":\"https:\/\/puntodincontro.mx\/\"},{\"@type\":\"ListItem\",\"position\":2,\"name\":\"Oggi Italia-Ungheria\"}]},{\"@type\":\"WebSite\",\"@id\":\"https:\/\/puntodincontro.mx\/#website\",\"url\":\"https:\/\/puntodincontro.mx\/\",\"name\":\"Puntodincontro\",\"description\":\"Dal 2006 notizie sui rapporti Italia-Messico \/ Desde 2006 noticias sobre las relaciones entre Italia y M\u00e9xico\",\"publisher\":{\"@id\":\"https:\/\/puntodincontro.mx\/#organization\"},\"potentialAction\":[{\"@type\":\"SearchAction\",\"target\":{\"@type\":\"EntryPoint\",\"urlTemplate\":\"https:\/\/puntodincontro.mx\/?s={search_term_string}\"},\"query-input\":{\"@type\":\"PropertyValueSpecification\",\"valueRequired\":true,\"valueName\":\"search_term_string\"}}],\"inLanguage\":\"es\"},{\"@type\":\"Organization\",\"@id\":\"https:\/\/puntodincontro.mx\/#organization\",\"name\":\"Puntodincontro\",\"url\":\"https:\/\/puntodincontro.mx\/\",\"logo\":{\"@type\":\"ImageObject\",\"inLanguage\":\"es\",\"@id\":\"https:\/\/puntodincontro.mx\/#\/schema\/logo\/image\/\",\"url\":\"https:\/\/puntodincontro.mx\/wp-content\/uploads\/2021\/08\/Default-image-for-open-graph-settings.jpg\",\"contentUrl\":\"https:\/\/puntodincontro.mx\/wp-content\/uploads\/2021\/08\/Default-image-for-open-graph-settings.jpg\",\"width\":1200,\"height\":630,\"caption\":\"Puntodincontro\"},\"image\":{\"@id\":\"https:\/\/puntodincontro.mx\/#\/schema\/logo\/image\/\"},\"sameAs\":[\"https:\/\/www.facebook.com\/puntodincontro.mx\",\"https:\/\/x.com\/puntodincontro\",\"https:\/\/www.instagram.com\/puntodincontro.mx\/\",\"https:\/\/www.linkedin.com\/company\/puntodincontro\/\",\"https:\/\/www.youtube.com\/c\/puntodincontromessico\",\"https:\/\/www.patreon.com\/puntodincontro\",\"https:\/\/www.threads.net\/@puntodincontro.mx\"]},{\"@type\":\"Person\",\"@id\":\"https:\/\/puntodincontro.mx\/#\/schema\/person\/d3066d18a16259cbb0c29b0d0e93b556\",\"name\":\"Puntodincontro\",\"image\":{\"@type\":\"ImageObject\",\"inLanguage\":\"es\",\"@id\":\"https:\/\/puntodincontro.mx\/#\/schema\/person\/image\/\",\"url\":\"https:\/\/secure.gravatar.com\/avatar\/0e85b4b3b5e9d6bfcec6a4956d8cc63a?s=96&d=mm&r=g\",\"contentUrl\":\"https:\/\/secure.gravatar.com\/avatar\/0e85b4b3b5e9d6bfcec6a4956d8cc63a?s=96&d=mm&r=g\",\"caption\":\"Puntodincontro\"},\"url\":\"https:\/\/puntodincontro.mx\/es\/author\/puntodincontro\/\"}]}<\/script>\n<!-- \/ Yoast SEO Premium plugin. -->","yoast_head_json":{"title":"Oggi Italia-Ungheria Puntodincontro","description":"La nueva selecci\u00f3n de Roberto Mancini busca la confirmaci\u00f3n en el segundo partido de la Nations League 2022-23, tras el empate en Bolonia el pasado s\u00e1bado con Alemania.","robots":{"index":"index","follow":"follow","max-snippet":"max-snippet:-1","max-image-preview":"max-image-preview:large","max-video-preview":"max-video-preview:-1"},"canonical":"https:\/\/puntodincontro.mx\/es\/2022\/06\/07\/hoy-italia-hungria\/","og_locale":"es_MX","og_type":"article","og_title":"Oggi Italia-Ungheria","og_description":"La nuova nazionale di Roberto Mancini cerca conferme nella seconda gara della Nations League 2022-23, dopo il pareggio di Bologna sabato scorso con la Germania.","og_url":"https:\/\/puntodincontro.mx\/es\/2022\/06\/07\/hoy-italia-hungria\/","og_site_name":"Puntodincontro","article_publisher":"https:\/\/www.facebook.com\/puntodincontro.mx","article_published_time":"2022-06-07T14:47:13+00:00","article_modified_time":"2022-06-07T14:47:14+00:00","og_image":[{"width":423,"height":488,"url":"https:\/\/puntodincontro.mx\/wp-content\/uploads\/2022\/06\/italiaungheriavert.webp","type":"image\/webp"}],"author":"Puntodincontro","twitter_card":"summary_large_image","twitter_creator":"@puntodincontro","twitter_site":"@puntodincontro","twitter_misc":{"Escrito por":"Puntodincontro","Tiempo de lectura":"1 minuto"},"schema":{"@context":"https:\/\/schema.org","@graph":[{"@type":"NewsArticle","@id":"https:\/\/puntodincontro.mx\/2022\/06\/07\/oggi-italia-ungheria\/#article","isPartOf":{"@id":"https:\/\/puntodincontro.mx\/2022\/06\/07\/oggi-italia-ungheria\/"},"author":{"name":"Puntodincontro","@id":"https:\/\/puntodincontro.mx\/#\/schema\/person\/d3066d18a16259cbb0c29b0d0e93b556"},"headline":"Oggi Italia-Ungheria","datePublished":"2022-06-07T14:47:13+00:00","dateModified":"2022-06-07T14:47:14+00:00","mainEntityOfPage":{"@id":"https:\/\/puntodincontro.mx\/2022\/06\/07\/oggi-italia-ungheria\/"},"wordCount":159,"commentCount":0,"publisher":{"@id":"https:\/\/puntodincontro.mx\/#organization"},"image":{"@id":"https:\/\/puntodincontro.mx\/2022\/06\/07\/oggi-italia-ungheria\/#primaryimage"},"thumbnailUrl":"https:\/\/puntodincontro.mx\/wp-content\/uploads\/2022\/06\/italiaungheriavert.webp","articleSection":["Sport"],"inLanguage":"es","potentialAction":[{"@type":"CommentAction","name":"Comment","target":["https:\/\/puntodincontro.mx\/2022\/06\/07\/oggi-italia-ungheria\/#respond"]}]},{"@type":"WebPage","@id":"https:\/\/puntodincontro.mx\/2022\/06\/07\/oggi-italia-ungheria\/","url":"https:\/\/puntodincontro.mx\/2022\/06\/07\/oggi-italia-ungheria\/","name":"Oggi Italia-Ungheria Puntodincontro","isPartOf":{"@id":"https:\/\/puntodincontro.mx\/#website"},"primaryImageOfPage":{"@id":"https:\/\/puntodincontro.mx\/2022\/06\/07\/oggi-italia-ungheria\/#primaryimage"},"image":{"@id":"https:\/\/puntodincontro.mx\/2022\/06\/07\/oggi-italia-ungheria\/#primaryimage"},"thumbnailUrl":"https:\/\/puntodincontro.mx\/wp-content\/uploads\/2022\/06\/italiaungheriavert.webp","datePublished":"2022-06-07T14:47:13+00:00","dateModified":"2022-06-07T14:47:14+00:00","description":"La nueva selecci\u00f3n de Roberto Mancini busca la confirmaci\u00f3n en el segundo partido de la Nations League 2022-23, tras el empate en Bolonia el pasado s\u00e1bado con Alemania.","breadcrumb":{"@id":"https:\/\/puntodincontro.mx\/2022\/06\/07\/oggi-italia-ungheria\/#breadcrumb"},"inLanguage":"es","potentialAction":[{"@type":"ReadAction","target":["https:\/\/puntodincontro.mx\/2022\/06\/07\/oggi-italia-ungheria\/"]}]},{"@type":"ImageObject","inLanguage":"es","@id":"https:\/\/puntodincontro.mx\/2022\/06\/07\/oggi-italia-ungheria\/#primaryimage","url":"https:\/\/puntodincontro.mx\/wp-content\/uploads\/2022\/06\/italiaungheriavert.webp","contentUrl":"https:\/\/puntodincontro.mx\/wp-content\/uploads\/2022\/06\/italiaungheriavert.webp","width":423,"height":488},{"@type":"BreadcrumbList","@id":"https:\/\/puntodincontro.mx\/2022\/06\/07\/oggi-italia-ungheria\/#breadcrumb","itemListElement":[{"@type":"ListItem","position":1,"name":"Home","item":"https:\/\/puntodincontro.mx\/"},{"@type":"ListItem","position":2,"name":"Oggi Italia-Ungheria"}]},{"@type":"WebSite","@id":"https:\/\/puntodincontro.mx\/#website","url":"https:\/\/puntodincontro.mx\/","name":"Puntodincontro","description":"Desde el 2006 noticias sobre las relaciones entre Italia y M\u00e9xico \/ Dal 2006 notizie sui rapporti Italia-Messico","publisher":{"@id":"https:\/\/puntodincontro.mx\/#organization"},"potentialAction":[{"@type":"SearchAction","target":{"@type":"EntryPoint","urlTemplate":"https:\/\/puntodincontro.mx\/?s={search_term_string}"},"query-input":{"@type":"PropertyValueSpecification","valueRequired":true,"valueName":"search_term_string"}}],"inLanguage":"es"},{"@type":"Organization","@id":"https:\/\/puntodincontro.mx\/#organization","name":"Puntodincontro","url":"https:\/\/puntodincontro.mx\/","logo":{"@type":"ImageObject","inLanguage":"es","@id":"https:\/\/puntodincontro.mx\/#\/schema\/logo\/image\/","url":"https:\/\/puntodincontro.mx\/wp-content\/uploads\/2021\/08\/Default-image-for-open-graph-settings.jpg","contentUrl":"https:\/\/puntodincontro.mx\/wp-content\/uploads\/2021\/08\/Default-image-for-open-graph-settings.jpg","width":1200,"height":630,"caption":"Puntodincontro"},"image":{"@id":"https:\/\/puntodincontro.mx\/#\/schema\/logo\/image\/"},"sameAs":["https:\/\/www.facebook.com\/puntodincontro.mx","https:\/\/x.com\/puntodincontro","https:\/\/www.instagram.com\/puntodincontro.mx\/","https:\/\/www.linkedin.com\/company\/puntodincontro\/","https:\/\/www.youtube.com\/c\/puntodincontromessico","https:\/\/www.patreon.com\/puntodincontro","https:\/\/www.threads.net\/@puntodincontro.mx"]},{"@type":"Person","@id":"https:\/\/puntodincontro.mx\/#\/schema\/person\/d3066d18a16259cbb0c29b0d0e93b556","name":"Puntodincontro","image":{"@type":"ImageObject","inLanguage":"es","@id":"https:\/\/puntodincontro.mx\/#\/schema\/person\/image\/","url":"https:\/\/secure.gravatar.com\/avatar\/0e85b4b3b5e9d6bfcec6a4956d8cc63a?s=96&d=mm&r=g","contentUrl":"https:\/\/secure.gravatar.com\/avatar\/0e85b4b3b5e9d6bfcec6a4956d8cc63a?s=96&d=mm&r=g","caption":"Puntodincontro"},"url":"https:\/\/puntodincontro.mx\/es\/author\/puntodincontro\/"}]}},"_links":{"self":[{"href":"https:\/\/puntodincontro.mx\/es\/wp-json\/wp\/v2\/posts\/5851"}],"collection":[{"href":"https:\/\/puntodincontro.mx\/es\/wp-json\/wp\/v2\/posts"}],"about":[{"href":"https:\/\/puntodincontro.mx\/es\/wp-json\/wp\/v2\/types\/post"}],"author":[{"embeddable":true,"href":"https:\/\/puntodincontro.mx\/es\/wp-json\/wp\/v2\/users\/2"}],"replies":[{"embeddable":true,"href":"https:\/\/puntodincontro.mx\/es\/wp-json\/wp\/v2\/comments?post=5851"}],"version-history":[{"count":1,"href":"https:\/\/puntodincontro.mx\/es\/wp-json\/wp\/v2\/posts\/5851\/revisions"}],"predecessor-version":[{"id":5853,"href":"https:\/\/puntodincontro.mx\/es\/wp-json\/wp\/v2\/posts\/5851\/revisions\/5853"}],"wp:featuredmedia":[{"embeddable":true,"href":"https:\/\/puntodincontro.mx\/es\/wp-json\/wp\/v2\/media\/5855"}],"wp:attachment":[{"href":"https:\/\/puntodincontro.mx\/es\/wp-json\/wp\/v2\/media?parent=5851"}],"wp:term":[{"taxonomy":"category","embeddable":true,"href":"https:\/\/puntodincontro.mx\/es\/wp-json\/wp\/v2\/categories?post=5851"},{"taxonomy":"post_tag","embeddable":true,"href":"https:\/\/puntodincontro.mx\/es\/wp-json\/wp\/v2\/tags?post=5851"}],"curies":[{"name":"wp","href":"https:\/\/api.w.org\/{rel}","templated":true}]}}