{"id":5856,"date":"2022-06-07T19:11:27","date_gmt":"2022-06-08T00:11:27","guid":{"rendered":"https:\/\/puntodincontro.mx\/?p=5856"},"modified":"2022-06-07T19:15:27","modified_gmt":"2022-06-08T00:15:27","slug":"mexico-se-une-a-la-iniciativa-italiana-slow-food-coffee-coalition","status":"publish","type":"post","link":"https:\/\/puntodincontro.mx\/es\/2022\/06\/07\/il-messico-si-unisce-alliniziativa-italiana-slow-food-coffee-coalition\/","title":{"rendered":"M\u00e9xico se une a la iniciativa italiana Slow Food Coffee Coalition"},"content":{"rendered":"<p class=\"translation-block\"><strong>19:03 hrs.<\/strong> - Este a\u00f1o, M\u00e9xico colocar\u00e1 en Italia su primer lote de caf\u00e9 con el sello de la Slow Food Coffee Coalition (SFCC).<\/p>\n\n\n\n<p>Se trata de una red abierta, nacida en 2021 de una iniciativa promovida por Slow Food \u2014movimiento nacido en Piamonte en 1986 como respuesta a la difusi\u00f3n de la comida r\u00e1pida, la comida chatarra y los h\u00e1bitos fren\u00e9ticos\u2014 junto con el Grupo Lavazza.<\/p>\n\n\n\n<p>Los promotores de este proyecto quieren unir a todos aquellos que forman parte de la cadena de suministro del caf\u00e9 con el objetivo de crear nuevas conexiones y mejorar las relaciones entre los agricultores y consumidores, para fortalecer el primero y m\u00e1s fr\u00e1gil eslab\u00f3n, adem\u00e1s de promover la identidad de su producto y darlo a conocer entre quienes lo beben a diario.<\/p>\n\n\n\n<p>De esta forma, una bebida emblem\u00e1tica a nivel mundial como es el caf\u00e9 deja de ser una mera mercanc\u00eda y se convierte en un veh\u00edculo de comunicaci\u00f3n y de transmisi\u00f3n de acciones comunes que apuntan a una mejor calidad de vida para todos los involucrados.<\/p>\n\n\n\n<p>Los primeros productores mexicanos que se sumaron a la SFCC pertenecen al pueblo originario nahua y son miembros de la comunidad Bosque, Niebla y Caf\u00e9, ubicada en el Estado de Veracruz. \u00abEste peque\u00f1o logro abre un camino que esperamos sea seguido por muchas comunidades mexicanas para acceder a los mercados internacionales y fortalecer las redes comerciales y de consumo locales\u00bb, afirma Stephany Escamilla Femat, coordinadora de vinculaci\u00f3n y certificaci\u00f3n del Cafecol, un centro de desarrollo y transferencia de conocimiento y tecnolog\u00eda orientada hacia el desarrollo sustentable de la cafeticultura veracruzana.<\/p>\n\n\n\n<p>La SFCC \u00abes la verdadera respuesta a la crisis que estamos viviendo y que est\u00e1 pidiendo un cambio a gritos\u00bb, coment\u00f3 Carlo Petrini, presidente de Slow Food. \u00abEs un ejemplo concreto de transici\u00f3n ecol\u00f3gica y, como tal, necesita una implicaci\u00f3n consciente en todos los \u00e1mbitos, desde quienes se ocupan de la semilla del caf\u00e9 hasta a quienes lo saborean en su taza. Es necesario pasar de una sociedad basada en la competitividad a otra basada en la colaboraci\u00f3n\u00bb.<\/p>\n\n\n\n<figure class=\"wp-block-embed aligncenter is-type-video is-provider-youtube wp-block-embed-youtube wp-embed-aspect-16-9 wp-has-aspect-ratio\"><div class=\"wp-block-embed__wrapper\">\n<div class=\"epyt-video-wrapper\"><iframe loading=\"lazy\"  id=\"_ytid_29706\"  width=\"800\" height=\"450\"  data-origwidth=\"800\" data-origheight=\"450\"  data-relstop=\"1\" src=\"https:\/\/www.youtube.com\/embed\/Xvm9DN6NEZU?enablejsapi=1&#038;autoplay=0&#038;cc_load_policy=0&#038;cc_lang_pref=&#038;iv_load_policy=1&#038;loop=0&#038;rel=0&#038;fs=1&#038;playsinline=0&#038;autohide=2&#038;theme=dark&#038;color=red&#038;controls=1&#038;disablekb=0&#038;\" class=\"__youtube_prefs__  epyt-is-override  no-lazyload\" title=\"YouTube player\"  allow=\"fullscreen; accelerometer; autoplay; clipboard-write; encrypted-media; gyroscope; picture-in-picture; web-share\" referrerpolicy=\"strict-origin-when-cross-origin\" allowfullscreen data-no-lazy=\"1\" data-skipgform_ajax_framebjll=\"\"><\/iframe><\/div>\n<\/div><\/figure>\n\n\n\n<div style=\"height:12px\" aria-hidden=\"true\" class=\"wp-block-spacer\"><\/div>\n\n\n\n\n\n\n\n<div style=\"height:12px\" aria-hidden=\"true\" class=\"wp-block-spacer\"><\/div>","protected":false},"excerpt":{"rendered":"<p>Ore 19.03 &#8211; Quest\u2019anno, il Messico collocher\u00e0 in Italia il suo primo lotto di caff\u00e8 con il sigillo della Slow Food Coffee Coalition (SFCC). Si tratta di una rete aperta, nata nel 2021 da un&#8217;iniziativa promossa da Slow Food \u2014movimento nato in Piemonte nel 1986 come risposta al dilagare del fast food, del cibo spazzatura e delle abitudini frenetiche\u2014 assieme al Gruppo Lavazza. I promotori di questo progetto vogliono unire tutti coloro che fanno parte della filiera del caff\u00e8 con l&#8217;obiettivo di creare nuove connessioni e migliorare le relazioni tra agricoltori e consumatori, per rafforzarne il primo e pi\u00f9 fragile&#8230; <\/p>","protected":false},"author":2,"featured_media":5862,"comment_status":"open","ping_status":"open","sticky":false,"template":"","format":"standard","meta":{"_monsterinsights_skip_tracking":false,"_monsterinsights_sitenote_active":false,"_monsterinsights_sitenote_note":"","_monsterinsights_sitenote_category":0,"footnotes":""},"categories":[3],"tags":[],"class_list":["post-5856","post","type-post","status-publish","format-standard","has-post-thumbnail","hentry","category-economia-e-finanza"],"yoast_head":"<!-- This site is optimized with the Yoast SEO Premium plugin v18.4 (Yoast SEO v25.6) - https:\/\/yoast.com\/wordpress\/plugins\/seo\/ -->\n<title>Il Messico si unisce all&#039;iniziativa italiana Slow Food Coffee Coalition Puntodincontro<\/title>\n<meta name=\"description\" content=\"Quest\u2019anno, il Messico collocher\u00e0 in Italia il suo primo lotto di caff\u00e8 con il sigillo della Slow Food Coffee Coalition (SFCC).\" \/>\n<meta name=\"robots\" content=\"index, follow, max-snippet:-1, max-image-preview:large, max-video-preview:-1\" \/>\n<link rel=\"canonical\" href=\"https:\/\/puntodincontro.mx\/es\/2022\/06\/07\/mexico-se-une-a-la-iniciativa-italiana-slow-food-coffee-coalition\/\" \/>\n<meta property=\"og:locale\" content=\"es_MX\" \/>\n<meta property=\"og:type\" content=\"article\" \/>\n<meta property=\"og:title\" content=\"Il Messico si unisce all&#039;iniziativa italiana Slow Food Coffee Coalition\" \/>\n<meta property=\"og:description\" content=\"Quest\u2019anno, il Messico collocher\u00e0 in Italia il suo primo lotto di caff\u00e8 con il sigillo della Slow Food Coffee Coalition (SFCC).\" \/>\n<meta property=\"og:url\" content=\"https:\/\/puntodincontro.mx\/es\/2022\/06\/07\/mexico-se-une-a-la-iniciativa-italiana-slow-food-coffee-coalition\/\" \/>\n<meta property=\"og:site_name\" content=\"Puntodincontro\" \/>\n<meta property=\"article:publisher\" content=\"https:\/\/www.facebook.com\/puntodincontro.mx\" \/>\n<meta property=\"article:published_time\" content=\"2022-06-08T00:11:27+00:00\" \/>\n<meta property=\"article:modified_time\" content=\"2022-06-08T00:15:27+00:00\" \/>\n<meta property=\"og:image\" content=\"https:\/\/puntodincontro.mx\/wp-content\/uploads\/2022\/06\/slowfoodcoffeecoalitionvert.webp\" \/>\n\t<meta property=\"og:image:width\" content=\"423\" \/>\n\t<meta property=\"og:image:height\" content=\"488\" \/>\n\t<meta property=\"og:image:type\" content=\"image\/webp\" \/>\n<meta name=\"author\" content=\"Puntodincontro\" \/>\n<meta name=\"twitter:card\" content=\"summary_large_image\" \/>\n<meta name=\"twitter:creator\" content=\"@puntodincontro\" \/>\n<meta name=\"twitter:site\" content=\"@puntodincontro\" \/>\n<meta name=\"twitter:label1\" content=\"Escrito por\" \/>\n\t<meta name=\"twitter:data1\" content=\"Puntodincontro\" \/>\n\t<meta name=\"twitter:label2\" content=\"Tiempo de lectura\" \/>\n\t<meta name=\"twitter:data2\" content=\"2 minutos\" \/>\n<script type=\"application\/ld+json\" class=\"yoast-schema-graph\">{\"@context\":\"https:\/\/schema.org\",\"@graph\":[{\"@type\":\"NewsArticle\",\"@id\":\"https:\/\/puntodincontro.mx\/2022\/06\/07\/il-messico-si-unisce-alliniziativa-italiana-slow-food-coffee-coalition\/#article\",\"isPartOf\":{\"@id\":\"https:\/\/puntodincontro.mx\/2022\/06\/07\/il-messico-si-unisce-alliniziativa-italiana-slow-food-coffee-coalition\/\"},\"author\":{\"name\":\"Puntodincontro\",\"@id\":\"https:\/\/puntodincontro.mx\/#\/schema\/person\/d3066d18a16259cbb0c29b0d0e93b556\"},\"headline\":\"Il Messico si unisce all&#8217;iniziativa italiana Slow Food Coffee Coalition\",\"datePublished\":\"2022-06-08T00:11:27+00:00\",\"dateModified\":\"2022-06-08T00:15:27+00:00\",\"mainEntityOfPage\":{\"@id\":\"https:\/\/puntodincontro.mx\/2022\/06\/07\/il-messico-si-unisce-alliniziativa-italiana-slow-food-coffee-coalition\/\"},\"wordCount\":342,\"commentCount\":1,\"publisher\":{\"@id\":\"https:\/\/puntodincontro.mx\/#organization\"},\"image\":{\"@id\":\"https:\/\/puntodincontro.mx\/2022\/06\/07\/il-messico-si-unisce-alliniziativa-italiana-slow-food-coffee-coalition\/#primaryimage\"},\"thumbnailUrl\":\"https:\/\/puntodincontro.mx\/wp-content\/uploads\/2022\/06\/slowfoodcoffeecoalitionvert.webp\",\"articleSection\":[\"Economia e finanza\"],\"inLanguage\":\"es\",\"potentialAction\":[{\"@type\":\"CommentAction\",\"name\":\"Comment\",\"target\":[\"https:\/\/puntodincontro.mx\/2022\/06\/07\/il-messico-si-unisce-alliniziativa-italiana-slow-food-coffee-coalition\/#respond\"]}]},{\"@type\":\"WebPage\",\"@id\":\"https:\/\/puntodincontro.mx\/2022\/06\/07\/il-messico-si-unisce-alliniziativa-italiana-slow-food-coffee-coalition\/\",\"url\":\"https:\/\/puntodincontro.mx\/2022\/06\/07\/il-messico-si-unisce-alliniziativa-italiana-slow-food-coffee-coalition\/\",\"name\":\"Il Messico si unisce all'iniziativa italiana Slow Food Coffee Coalition Puntodincontro\",\"isPartOf\":{\"@id\":\"https:\/\/puntodincontro.mx\/#website\"},\"primaryImageOfPage\":{\"@id\":\"https:\/\/puntodincontro.mx\/2022\/06\/07\/il-messico-si-unisce-alliniziativa-italiana-slow-food-coffee-coalition\/#primaryimage\"},\"image\":{\"@id\":\"https:\/\/puntodincontro.mx\/2022\/06\/07\/il-messico-si-unisce-alliniziativa-italiana-slow-food-coffee-coalition\/#primaryimage\"},\"thumbnailUrl\":\"https:\/\/puntodincontro.mx\/wp-content\/uploads\/2022\/06\/slowfoodcoffeecoalitionvert.webp\",\"datePublished\":\"2022-06-08T00:11:27+00:00\",\"dateModified\":\"2022-06-08T00:15:27+00:00\",\"description\":\"Quest\u2019anno, il Messico collocher\u00e0 in Italia il suo primo lotto di caff\u00e8 con il sigillo della Slow Food Coffee Coalition (SFCC).\",\"breadcrumb\":{\"@id\":\"https:\/\/puntodincontro.mx\/2022\/06\/07\/il-messico-si-unisce-alliniziativa-italiana-slow-food-coffee-coalition\/#breadcrumb\"},\"inLanguage\":\"es\",\"potentialAction\":[{\"@type\":\"ReadAction\",\"target\":[\"https:\/\/puntodincontro.mx\/2022\/06\/07\/il-messico-si-unisce-alliniziativa-italiana-slow-food-coffee-coalition\/\"]}]},{\"@type\":\"ImageObject\",\"inLanguage\":\"es\",\"@id\":\"https:\/\/puntodincontro.mx\/2022\/06\/07\/il-messico-si-unisce-alliniziativa-italiana-slow-food-coffee-coalition\/#primaryimage\",\"url\":\"https:\/\/puntodincontro.mx\/wp-content\/uploads\/2022\/06\/slowfoodcoffeecoalitionvert.webp\",\"contentUrl\":\"https:\/\/puntodincontro.mx\/wp-content\/uploads\/2022\/06\/slowfoodcoffeecoalitionvert.webp\",\"width\":423,\"height\":488,\"caption\":\"Il Messico si unisce all'iniziativa italiana Slow Food Coffee Coalition\"},{\"@type\":\"BreadcrumbList\",\"@id\":\"https:\/\/puntodincontro.mx\/2022\/06\/07\/il-messico-si-unisce-alliniziativa-italiana-slow-food-coffee-coalition\/#breadcrumb\",\"itemListElement\":[{\"@type\":\"ListItem\",\"position\":1,\"name\":\"Home\",\"item\":\"https:\/\/puntodincontro.mx\/\"},{\"@type\":\"ListItem\",\"position\":2,\"name\":\"Il Messico si unisce all&#8217;iniziativa italiana Slow Food Coffee Coalition\"}]},{\"@type\":\"WebSite\",\"@id\":\"https:\/\/puntodincontro.mx\/#website\",\"url\":\"https:\/\/puntodincontro.mx\/\",\"name\":\"Puntodincontro\",\"description\":\"Dal 2006 notizie sui rapporti Italia-Messico \/ Desde 2006 noticias sobre las relaciones entre Italia y M\u00e9xico\",\"publisher\":{\"@id\":\"https:\/\/puntodincontro.mx\/#organization\"},\"potentialAction\":[{\"@type\":\"SearchAction\",\"target\":{\"@type\":\"EntryPoint\",\"urlTemplate\":\"https:\/\/puntodincontro.mx\/?s={search_term_string}\"},\"query-input\":{\"@type\":\"PropertyValueSpecification\",\"valueRequired\":true,\"valueName\":\"search_term_string\"}}],\"inLanguage\":\"es\"},{\"@type\":\"Organization\",\"@id\":\"https:\/\/puntodincontro.mx\/#organization\",\"name\":\"Puntodincontro\",\"url\":\"https:\/\/puntodincontro.mx\/\",\"logo\":{\"@type\":\"ImageObject\",\"inLanguage\":\"es\",\"@id\":\"https:\/\/puntodincontro.mx\/#\/schema\/logo\/image\/\",\"url\":\"https:\/\/puntodincontro.mx\/wp-content\/uploads\/2021\/08\/Default-image-for-open-graph-settings.jpg\",\"contentUrl\":\"https:\/\/puntodincontro.mx\/wp-content\/uploads\/2021\/08\/Default-image-for-open-graph-settings.jpg\",\"width\":1200,\"height\":630,\"caption\":\"Puntodincontro\"},\"image\":{\"@id\":\"https:\/\/puntodincontro.mx\/#\/schema\/logo\/image\/\"},\"sameAs\":[\"https:\/\/www.facebook.com\/puntodincontro.mx\",\"https:\/\/x.com\/puntodincontro\",\"https:\/\/www.instagram.com\/puntodincontro.mx\/\",\"https:\/\/www.linkedin.com\/company\/puntodincontro\/\",\"https:\/\/www.youtube.com\/c\/puntodincontromessico\",\"https:\/\/www.patreon.com\/puntodincontro\",\"https:\/\/www.threads.net\/@puntodincontro.mx\"]},{\"@type\":\"Person\",\"@id\":\"https:\/\/puntodincontro.mx\/#\/schema\/person\/d3066d18a16259cbb0c29b0d0e93b556\",\"name\":\"Puntodincontro\",\"image\":{\"@type\":\"ImageObject\",\"inLanguage\":\"es\",\"@id\":\"https:\/\/puntodincontro.mx\/#\/schema\/person\/image\/\",\"url\":\"https:\/\/secure.gravatar.com\/avatar\/0e85b4b3b5e9d6bfcec6a4956d8cc63a?s=96&d=mm&r=g\",\"contentUrl\":\"https:\/\/secure.gravatar.com\/avatar\/0e85b4b3b5e9d6bfcec6a4956d8cc63a?s=96&d=mm&r=g\",\"caption\":\"Puntodincontro\"},\"url\":\"https:\/\/puntodincontro.mx\/es\/author\/puntodincontro\/\"}]}<\/script>\n<!-- \/ Yoast SEO Premium plugin. -->","yoast_head_json":{"title":"Il Messico si unisce all'iniziativa italiana Slow Food Coffee Coalition Puntodincontro","description":"Este a\u00f1o, M\u00e9xico colocar\u00e1 en Italia su primer lote de caf\u00e9 con el sello de la Slow Food Coffee Coalition (SFCC).","robots":{"index":"index","follow":"follow","max-snippet":"max-snippet:-1","max-image-preview":"max-image-preview:large","max-video-preview":"max-video-preview:-1"},"canonical":"https:\/\/puntodincontro.mx\/es\/2022\/06\/07\/mexico-se-une-a-la-iniciativa-italiana-slow-food-coffee-coalition\/","og_locale":"es_MX","og_type":"article","og_title":"Il Messico si unisce all'iniziativa italiana Slow Food Coffee Coalition","og_description":"Quest\u2019anno, il Messico collocher\u00e0 in Italia il suo primo lotto di caff\u00e8 con il sigillo della Slow Food Coffee Coalition (SFCC).","og_url":"https:\/\/puntodincontro.mx\/es\/2022\/06\/07\/mexico-se-une-a-la-iniciativa-italiana-slow-food-coffee-coalition\/","og_site_name":"Puntodincontro","article_publisher":"https:\/\/www.facebook.com\/puntodincontro.mx","article_published_time":"2022-06-08T00:11:27+00:00","article_modified_time":"2022-06-08T00:15:27+00:00","og_image":[{"width":423,"height":488,"url":"https:\/\/puntodincontro.mx\/wp-content\/uploads\/2022\/06\/slowfoodcoffeecoalitionvert.webp","type":"image\/webp"}],"author":"Puntodincontro","twitter_card":"summary_large_image","twitter_creator":"@puntodincontro","twitter_site":"@puntodincontro","twitter_misc":{"Escrito por":"Puntodincontro","Tiempo de lectura":"2 minutos"},"schema":{"@context":"https:\/\/schema.org","@graph":[{"@type":"NewsArticle","@id":"https:\/\/puntodincontro.mx\/2022\/06\/07\/il-messico-si-unisce-alliniziativa-italiana-slow-food-coffee-coalition\/#article","isPartOf":{"@id":"https:\/\/puntodincontro.mx\/2022\/06\/07\/il-messico-si-unisce-alliniziativa-italiana-slow-food-coffee-coalition\/"},"author":{"name":"Puntodincontro","@id":"https:\/\/puntodincontro.mx\/#\/schema\/person\/d3066d18a16259cbb0c29b0d0e93b556"},"headline":"Il Messico si unisce all&#8217;iniziativa italiana Slow Food Coffee Coalition","datePublished":"2022-06-08T00:11:27+00:00","dateModified":"2022-06-08T00:15:27+00:00","mainEntityOfPage":{"@id":"https:\/\/puntodincontro.mx\/2022\/06\/07\/il-messico-si-unisce-alliniziativa-italiana-slow-food-coffee-coalition\/"},"wordCount":342,"commentCount":1,"publisher":{"@id":"https:\/\/puntodincontro.mx\/#organization"},"image":{"@id":"https:\/\/puntodincontro.mx\/2022\/06\/07\/il-messico-si-unisce-alliniziativa-italiana-slow-food-coffee-coalition\/#primaryimage"},"thumbnailUrl":"https:\/\/puntodincontro.mx\/wp-content\/uploads\/2022\/06\/slowfoodcoffeecoalitionvert.webp","articleSection":["Economia e finanza"],"inLanguage":"es","potentialAction":[{"@type":"CommentAction","name":"Comment","target":["https:\/\/puntodincontro.mx\/2022\/06\/07\/il-messico-si-unisce-alliniziativa-italiana-slow-food-coffee-coalition\/#respond"]}]},{"@type":"WebPage","@id":"https:\/\/puntodincontro.mx\/2022\/06\/07\/il-messico-si-unisce-alliniziativa-italiana-slow-food-coffee-coalition\/","url":"https:\/\/puntodincontro.mx\/2022\/06\/07\/il-messico-si-unisce-alliniziativa-italiana-slow-food-coffee-coalition\/","name":"Il Messico si unisce all'iniziativa italiana Slow Food Coffee Coalition Puntodincontro","isPartOf":{"@id":"https:\/\/puntodincontro.mx\/#website"},"primaryImageOfPage":{"@id":"https:\/\/puntodincontro.mx\/2022\/06\/07\/il-messico-si-unisce-alliniziativa-italiana-slow-food-coffee-coalition\/#primaryimage"},"image":{"@id":"https:\/\/puntodincontro.mx\/2022\/06\/07\/il-messico-si-unisce-alliniziativa-italiana-slow-food-coffee-coalition\/#primaryimage"},"thumbnailUrl":"https:\/\/puntodincontro.mx\/wp-content\/uploads\/2022\/06\/slowfoodcoffeecoalitionvert.webp","datePublished":"2022-06-08T00:11:27+00:00","dateModified":"2022-06-08T00:15:27+00:00","description":"Este a\u00f1o, M\u00e9xico colocar\u00e1 en Italia su primer lote de caf\u00e9 con el sello de la Slow Food Coffee Coalition (SFCC).","breadcrumb":{"@id":"https:\/\/puntodincontro.mx\/2022\/06\/07\/il-messico-si-unisce-alliniziativa-italiana-slow-food-coffee-coalition\/#breadcrumb"},"inLanguage":"es","potentialAction":[{"@type":"ReadAction","target":["https:\/\/puntodincontro.mx\/2022\/06\/07\/il-messico-si-unisce-alliniziativa-italiana-slow-food-coffee-coalition\/"]}]},{"@type":"ImageObject","inLanguage":"es","@id":"https:\/\/puntodincontro.mx\/2022\/06\/07\/il-messico-si-unisce-alliniziativa-italiana-slow-food-coffee-coalition\/#primaryimage","url":"https:\/\/puntodincontro.mx\/wp-content\/uploads\/2022\/06\/slowfoodcoffeecoalitionvert.webp","contentUrl":"https:\/\/puntodincontro.mx\/wp-content\/uploads\/2022\/06\/slowfoodcoffeecoalitionvert.webp","width":423,"height":488,"caption":"Il Messico si unisce all'iniziativa italiana Slow Food Coffee Coalition"},{"@type":"BreadcrumbList","@id":"https:\/\/puntodincontro.mx\/2022\/06\/07\/il-messico-si-unisce-alliniziativa-italiana-slow-food-coffee-coalition\/#breadcrumb","itemListElement":[{"@type":"ListItem","position":1,"name":"Home","item":"https:\/\/puntodincontro.mx\/"},{"@type":"ListItem","position":2,"name":"Il Messico si unisce all&#8217;iniziativa italiana Slow Food Coffee Coalition"}]},{"@type":"WebSite","@id":"https:\/\/puntodincontro.mx\/#website","url":"https:\/\/puntodincontro.mx\/","name":"Puntodincontro","description":"Desde el 2006 noticias sobre las relaciones entre Italia y M\u00e9xico \/ Dal 2006 notizie sui rapporti Italia-Messico","publisher":{"@id":"https:\/\/puntodincontro.mx\/#organization"},"potentialAction":[{"@type":"SearchAction","target":{"@type":"EntryPoint","urlTemplate":"https:\/\/puntodincontro.mx\/?s={search_term_string}"},"query-input":{"@type":"PropertyValueSpecification","valueRequired":true,"valueName":"search_term_string"}}],"inLanguage":"es"},{"@type":"Organization","@id":"https:\/\/puntodincontro.mx\/#organization","name":"Puntodincontro","url":"https:\/\/puntodincontro.mx\/","logo":{"@type":"ImageObject","inLanguage":"es","@id":"https:\/\/puntodincontro.mx\/#\/schema\/logo\/image\/","url":"https:\/\/puntodincontro.mx\/wp-content\/uploads\/2021\/08\/Default-image-for-open-graph-settings.jpg","contentUrl":"https:\/\/puntodincontro.mx\/wp-content\/uploads\/2021\/08\/Default-image-for-open-graph-settings.jpg","width":1200,"height":630,"caption":"Puntodincontro"},"image":{"@id":"https:\/\/puntodincontro.mx\/#\/schema\/logo\/image\/"},"sameAs":["https:\/\/www.facebook.com\/puntodincontro.mx","https:\/\/x.com\/puntodincontro","https:\/\/www.instagram.com\/puntodincontro.mx\/","https:\/\/www.linkedin.com\/company\/puntodincontro\/","https:\/\/www.youtube.com\/c\/puntodincontromessico","https:\/\/www.patreon.com\/puntodincontro","https:\/\/www.threads.net\/@puntodincontro.mx"]},{"@type":"Person","@id":"https:\/\/puntodincontro.mx\/#\/schema\/person\/d3066d18a16259cbb0c29b0d0e93b556","name":"Puntodincontro","image":{"@type":"ImageObject","inLanguage":"es","@id":"https:\/\/puntodincontro.mx\/#\/schema\/person\/image\/","url":"https:\/\/secure.gravatar.com\/avatar\/0e85b4b3b5e9d6bfcec6a4956d8cc63a?s=96&d=mm&r=g","contentUrl":"https:\/\/secure.gravatar.com\/avatar\/0e85b4b3b5e9d6bfcec6a4956d8cc63a?s=96&d=mm&r=g","caption":"Puntodincontro"},"url":"https:\/\/puntodincontro.mx\/es\/author\/puntodincontro\/"}]}},"_links":{"self":[{"href":"https:\/\/puntodincontro.mx\/es\/wp-json\/wp\/v2\/posts\/5856"}],"collection":[{"href":"https:\/\/puntodincontro.mx\/es\/wp-json\/wp\/v2\/posts"}],"about":[{"href":"https:\/\/puntodincontro.mx\/es\/wp-json\/wp\/v2\/types\/post"}],"author":[{"embeddable":true,"href":"https:\/\/puntodincontro.mx\/es\/wp-json\/wp\/v2\/users\/2"}],"replies":[{"embeddable":true,"href":"https:\/\/puntodincontro.mx\/es\/wp-json\/wp\/v2\/comments?post=5856"}],"version-history":[{"count":3,"href":"https:\/\/puntodincontro.mx\/es\/wp-json\/wp\/v2\/posts\/5856\/revisions"}],"predecessor-version":[{"id":5861,"href":"https:\/\/puntodincontro.mx\/es\/wp-json\/wp\/v2\/posts\/5856\/revisions\/5861"}],"wp:featuredmedia":[{"embeddable":true,"href":"https:\/\/puntodincontro.mx\/es\/wp-json\/wp\/v2\/media\/5862"}],"wp:attachment":[{"href":"https:\/\/puntodincontro.mx\/es\/wp-json\/wp\/v2\/media?parent=5856"}],"wp:term":[{"taxonomy":"category","embeddable":true,"href":"https:\/\/puntodincontro.mx\/es\/wp-json\/wp\/v2\/categories?post=5856"},{"taxonomy":"post_tag","embeddable":true,"href":"https:\/\/puntodincontro.mx\/es\/wp-json\/wp\/v2\/tags?post=5856"}],"curies":[{"name":"wp","href":"https:\/\/api.w.org\/{rel}","templated":true}]}}