{"id":5876,"date":"2022-06-09T03:19:45","date_gmt":"2022-06-09T08:19:45","guid":{"rendered":"https:\/\/puntodincontro.mx\/?p=5876"},"modified":"2022-06-09T03:19:46","modified_gmt":"2022-06-09T08:19:46","slug":"los-campeones-de-la-investigacion-italiana","status":"publish","type":"post","link":"https:\/\/puntodincontro.mx\/es\/2022\/06\/09\/gli-assi-della-ricerca-italiana\/","title":{"rendered":"Los campeones de la investigaci\u00f3n italiana"},"content":{"rendered":"<p><em><em>Art\u00edculo de Alessandro Bettero publicado en el Messaggero di Sant\u2019Antonio el 7 de junio de 2022<\/em><\/em><\/p>\n\n\n\n<p class=\"translation-block\"><strong>02:56 hrs.<\/strong> - \u00abNosotros damos fuerza a las asociaciones de los investigadores. Promovemos concretamente las ideas y la innovaci\u00f3n tecnol\u00f3gica y la participaci\u00f3n de los docentes italianos. Hay un flujo de conocimiento, de contactos, de circulaci\u00f3n de cient\u00edficos que ya es imparable\u00bb. Vincenzo Arcobelli, uno de los miembros m\u00e1s destacados del CGIE, el Consejo General de los Italianos en el Extranjero, impulsor y promotor de la Conferencia de investigadores italianos en el mundo, mira lejos. Despu\u00e9s de diecis\u00e9is ediciones \u2014la m\u00e1s reciente se llev\u00f3 a cabo en abril pasado en la Ciudad de M\u00e9xico\u2014, es momento de valoraciones y llamados. \u00ab\u00bfLos pol\u00edticos italianos est\u00e1n interesados o no en los italianos en el mundo? 6 millones de inscritos en el A.I.R.E., el registro de italianos residentes en el extranjero, m\u00e1s 80 millones de descendientes\u00bb, pregunta provocativamente Arcobelli. Y luego agrega: \u00abEl gobierno y el parlamento deben tomar decisiones. Con estas conferencias estamos impulsando concretamente el Sistema Italia pero le corresponde a Roma, que tiene los medios y los recursos, dar continuidad a estas iniciativas. A veces desde afuera nos hacen notar que existe la percepci\u00f3n de que alguien, en los organismos p\u00fablicos italianos, es indiferente o pone trabas en lugar de apoyarnos y colaborar con hechos y no con palabras para promover el sistema pa\u00eds y la creatividad italiana en el mundo\u00bb.<\/p>\n\n\n\n<p>La conferencia de la Ciudad de M\u00e9xico fue organizada por la ARIM, la Asociaci\u00f3n de Investigadores Italianos en M\u00e9xico, en colaboraci\u00f3n con la TEXASIC, la comunidad cient\u00edfica italiana de Texas. El evento se caracteriz\u00f3 por la presencia de siete presidentes y representantes de las asociaciones de investigadores italianos en el extranjero: la comunidad cient\u00edfica italiana de Miami (MSIC), la Asociaci\u00f3n de investigadores italianos en Brasil (ARIB), la de investigadores italianos en Francia (R\u00e9CIF), la Sociedad de Acad\u00e9micos Italianos en Suiza (Sais) y la Asociaci\u00f3n de Investigadores Italianos del Este de China, adem\u00e1s de la ARIM y la Texasic. Estas asociaciones juegan un papel importante y meritorio al contribuir a la promoci\u00f3n del Sistema Italia en el extranjero en los campos de la ciencia, la investigaci\u00f3n y la innovaci\u00f3n, poniendo a disposici\u00f3n sus recursos para la comercializaci\u00f3n territorial y para fortalecer las relaciones institucionales y profesionales a nivel local.<\/p>\n\n\n\n<p><strong>Estados Unidos<\/strong><\/p>\n\n\n\n<p>Fabio De Furia es el fundador y presidente de la comunidad cient\u00edfica italiana de Miami (MSIC). La asociaci\u00f3n naci\u00f3 en 2014. Los socios fundadores fueron aproximadamente veinte y los miembros cerca de 70. \u00abAgrupaciones como la nuestra juegan un papel fundamental: son las f\u00e1bricas del futuro\u00bb, observa De Furia. Los investigadores tienen la capacidad de captar los signos de cambio para responder a los desaf\u00edos de los nuevos paradigmas de la sociedad contempor\u00e1nea, ahora cada vez m\u00e1s orientada hacia la sostenibilidad y la inclusi\u00f3n\u00bb. De Furia toma como ejemplo su realidad: \u00abLa MSIC es un centro de transferencia de tecnolog\u00eda que sigue el mismo modelo que las \u201cciudades de investigaci\u00f3n italianas\u201d y en ella participan universidades, organismos de investigaci\u00f3n, grandes empresas, parques cient\u00edficos y tecnol\u00f3gicos, as\u00ed como asociaciones de empresas italianas y estadounidenses. El objetivo institucional es crear un v\u00ednculo entre la universidad y el mundo industrial para favorecer la transferencia de tecnolog\u00edas innovadoras y promover la competitividad del sistema industrial italiano y estadounidense\u00bb.<\/p>\n\n\n\n<p class=\"translation-block\">B\u00e1sicamente la MSIC facilita el encuentro entre las peque\u00f1as y medianas empresas y las nuevas tecnolog\u00edas, apoyando junto con los socios programas de desarrollo tecnol\u00f3gico y participaci\u00f3n en licitaciones para la obtenci\u00f3n de subvenciones estadounidenses, fondos regionales y nacionales italianos y los del programa Horizonte de la Uni\u00f3n Europea destinados precisamente a la investigaci\u00f3n y la innovaci\u00f3n. \u00abLas peque\u00f1as y medianas empresas generalmente no cuentan con instalaciones de investigaci\u00f3n v\u00e1lidas y la adquisici\u00f3n de nuevas tecnolog\u00edas es de vital importancia para poder lograr o mantener una posici\u00f3n competitiva en el mercado nacional e internacional\u00bb, se\u00f1ala De Furia. La MSIC hace entender a los estadounidenses que Italia no produce solo comida y moda y que en nuestras universidades tenemos patentes y tecnolog\u00edas competitivas que tambi\u00e9n pueden apoyar el sistema industrial estadounidense porque no se excluye que una peque\u00f1a o mediana empresa en los Estados Unidos pueda tener necesidad de tecnolog\u00eda italiana y que juntos puedan desarrollar sinergias, especialmente en aquellos sectores en los que somos protagonistas en el mundo, como el aeroespacial, la biotecnolog\u00eda, la econom\u00eda verde, los bienes y actividades culturales y la industria creativa\u00bb.<\/p>\n\n\n\n<p>En los \u00faltimos a\u00f1os, adem\u00e1s de la cantidad, tambi\u00e9n ha cambiado la calidad de la emigraci\u00f3n italiana, especialmente hacia los Estados Unidos. Hay j\u00f3venes, profesionales, familias, empresarios preparados. \u00abComo instituci\u00f3n tenemos el deber de acercarnos a estas nuevas realidades. Creo que hoy necesitamos responsabilidad y una respuesta m\u00e1s robusta, sist\u00e9mica y duradera por parte de las asociaciones de investigadores\u00bb, explica De Furia. \u00abExiste la necesidad de un proyecto compartido entre asociaciones para tomar mejores decisiones en apoyo del ecosistema de innovaci\u00f3n italiano en el extranjero\u00bb.<\/p>\n\n\n\n<p><strong>M\u00e9xico<\/strong><\/p>\n\n\n\n<p>El profesor Simone Lucatello es el presidente de la ARIM, la Asociaci\u00f3n de Investigadores Italianos en M\u00e9xico. Nacido en Vicenza y con un largo curr\u00edculum de t\u00edtulos acad\u00e9micos obtenidos en Italia y en otros pa\u00edses, vive en el extranjero desde hace m\u00e1s de veinte a\u00f1os. Realiza actividades de investigaci\u00f3n y docencia en el Instituto Mora del Conacyt, el Consejo Nacional de Ciencia y Tecnolog\u00eda de M\u00e9xico. Se dedica a la sostenibilidad y al cambio clim\u00e1tico. Cuenta con colaboraciones con las universidades estadounidenses de Stanford y Harvard y es consultor de la ONU en temas ambientales. Recientemente, el presidente de la Rep\u00fablica, Sergio Mattarella, le otorg\u00f3 el t\u00edtulo de Caballero de la Orden de la Estrella de Italia por sus m\u00e9ritos cient\u00edficos. Lucatello es presidente de la ARIM desde hace cuatro a\u00f1os. \u00abEn M\u00e9xico\u00bb \u2014nos informa\u2014 \u00abnuestra asociaci\u00f3n cuenta con m\u00e1s de doscientos miembros y aproximadamente cincuenta de ellos son activos. Proceden de los m\u00e1s diversos campos: ciencias f\u00edsicas y naturales, ciencias sociales, ciencias de la sostenibilidad. Tenemos historiadores, astr\u00f3nomos, f\u00edsicos, ge\u00f3logos y m\u00e9dicos\u00bb.<\/p>\n\n\n\n<p>\u00bfPor qu\u00e9 llegan a M\u00e9xico investigadores italianos? \u00abEl pa\u00eds ha crecido mucho en algunos sectores, en particular en los de antropolog\u00eda, geolog\u00eda, vulcanolog\u00eda, oceanograf\u00eda. Adem\u00e1s, al igual que otros pa\u00edses, por ejemplo China, ofrece oportunidades a quienes vienen de Europa y est\u00e1n adecuadamente formados en el campo de la tecnolog\u00eda. Muchos j\u00f3venes vienen aqu\u00ed para hacer un doctorado, por ejemplo, en el campo de la investigaci\u00f3n planetaria o en el de las ciencias sociales, humanidades e hist\u00f3ricas. Hay muchos antrop\u00f3logos y arque\u00f3logos. En los temas de energ\u00eda y cambio clim\u00e1tico, M\u00e9xico ofrece mucho, tiene ojo para la investigaci\u00f3n cient\u00edfica y para los cient\u00edficos europeos en particular\u00bb. El nivel de becas entre Italia y M\u00e9xico es similar y tambi\u00e9n los salarios son competitivos en comparaci\u00f3n con los de Italia y Espa\u00f1a. \u00abAdem\u00e1s\u00bb \u2014explica Lucatello\u2014 \u00ablas condiciones de trabajo son mucho mejores que en Italia, especialmente para las licitaciones y para hacer carrera. Hay figuras de referencia en las universidades, pero sin llegar a esas concentraciones de poder las que estamos acostumbrados en Italia\u00bb.<\/p>\n\n\n\n<p>En resumen, a la comunidad de investigadores italianos le est\u00e1 yendo bien aqu\u00ed y no est\u00e1 motivada para regresar a Italia. Obviamente, existe un inter\u00e9s en colaborar con universidades y centros de investigaci\u00f3n italianos: \u00abNosotros, los cient\u00edficos italianos en el extranjero, tenemos un gran deseo de involucrarnos como puentes culturales, para promover los intercambios y fomentar la internacionalizaci\u00f3n de las universidades italianas. Debe haber una pol\u00edtica exterior que apoye a las diversas comunidades. Nosotros, los investigadores, tambi\u00e9n contamos, no son solo la comida, el vino, el dise\u00f1o, la moda y el lujo los que mantienen en alto los colores de Italia en el mundo. Hay quienes llevan a cabo investigaci\u00f3n e innovaci\u00f3n al m\u00e1s alto nivel ofreciendo avances tecnol\u00f3gicos. Nuestra propuesta, con las fortalezas que tenemos, es crear sinergias con el sistema productivo industrial y no solo con la investigaci\u00f3n. En ese contexto, hay asociaciones de la emigraci\u00f3n, como la de los Trentinos en el mundo, que organizan varias iniciativas\u00bb.<\/p>\n\n\n\n<p class=\"translation-block\">Entonces, \u00bfcu\u00e1les son las instancias dirigidas a las instituciones italianas? \u00abItalia tiene una red de personal cient\u00edfico a nivel internacional, adem\u00e1s est\u00e1 el portal <em>Innovitalia <\/em> (una plataforma compartida entre el Ministerio de Asuntos Exteriores y Cooperaci\u00f3n Internacional y el Ministerio de la Universidad y la Investigaci\u00f3n, creada para facilitar el proceso de internacionalizaci\u00f3n del sistema italiano de investigaci\u00f3n e innovaci\u00f3n, nota del redactor). Pero estas iniciativas deben ser sostenibles en t\u00e9rminos de personal y recursos econ\u00f3micos. Nosotros pusimos en marcha la ARIM\u00bb \u2014concluy\u00f3 Lucatello\u2014 \u00abpero al final nuestra actividad promocional est\u00e1 completamente basada en el voluntariado\u00bb.<\/p>\n\n\n\n<p><strong>Brasil<\/strong><\/p>\n\n\n\n<p>Se estima que los cient\u00edficos e investigadores italianos en este pa\u00eds son entre quinientos y seiscientos. La comunidad cient\u00edfica italiana es la segunda en n\u00famero despu\u00e9s de la portuguesa. M\u00e1s de un centenar de estos investigadores forman parte de la ARIB, una asociaci\u00f3n creada en 2016 y actualmente en proceso de reorganizaci\u00f3n interna. El profesor Marco Ianniruberto es su secretario. Ocean\u00f3logo, graduado en Ciencias del Mar en la Universidad Parthenope de N\u00e1poles, lleg\u00f3 a Brasilia en 2004. En la universidad de la capital federal ense\u00f1a Oceanograf\u00eda, Meteorolog\u00eda y Estad\u00edstica Aplicada, adem\u00e1s de realizar una intensa actividad de investigaci\u00f3n. En Brasil la presencia de nuestros investigadores se concentra sobre todo en las ciencias matem\u00e1ticas, f\u00edsicas, naturales y humanas. \u00abDonde yo trabajo\u00bb \u2014se\u00f1ala Ianniruberto\u2014 \u00abexiste una buena infraestructura para la investigaci\u00f3n y el camino de formaci\u00f3n de los estudiantes implica mucha actividad de laboratorio y de campo: esta es la diferencia que veo con Italia, donde la disponibilidad de laboratorios es limitada para desarrollar investigaci\u00f3n aplicada. Brasil ha crecido mucho en t\u00e9rminos de investigaci\u00f3n e innovaci\u00f3n. Durante los a\u00f1os del gobierno de Lula se realizaron grandes inversiones. Por ejemplo, yo pude crear, bastante r\u00e1pidamente, un laboratorio de geof\u00edsica marina con una buena cantidad de instrumentos de medici\u00f3n\u00bb.<\/p>\n\n\n\n<p>In Brasile gran parte della ricerca \u00e8 finanziata attraverso enti pubblici. Inoltre ci sono fondi privati.\u00abIo lavoro molto su progetti sostenuti da una quota che le grandi imprese che gestiscono, per esempio, i bacini idroelettrici, devono investire, per legge, in progetti di ricerca e sviluppo sulla base di una percentuale del loro fatturato\u00bb, spiega Ianniruberto. Questo riguarda, in particolare, il settore elettrico e quello petrolifero. Le ricadute della ricerca e dello sviluppo vanno a favore dell\u2019innovazione tecnologica, e quindi del mondo dell\u2019impresa, con il miglioramento dei cicli produttivi o con la riduzione dell\u2019impatto ambientale.&nbsp;La collaborazione tra Italia e Brasile potrebbe essere un\u2019opportunit\u00e0 anche per il Belpaese.&nbsp;Eppure c\u2019\u00e8 una grossa domanda inascoltata.&nbsp;\u00abAll\u2019ultimo bando per la ricerca bilaterale, sono stati presentati oltre duecento progetti\u00bb \u2014ricorda Ianniruberto\u2014 \u00abma ne sono stati finanziati appena una decina\u00bb. Non solo. \u00abCome categoria di ricercatori\u00bb \u2014prosegue\u2014 \u00abchiediamo alcune facilitazioni, per esempio per il riconoscimento e il ricongiungimento della carriera accademica all\u2019estero e dei titoli di studio acquisiti fuori dell\u2019Italia in occasione di concorsi banditi per l\u2019abilitazione alla ricerca in Italia\u00bb.<\/p>\n\n\n\n<p>Luego est\u00e1 el tema de las pensiones. Ianniruberto desear\u00eda un acuerdo entre el INPS y la instituci\u00f3n de seguridad social en Brasil: \u00abLa carrera de los investigadores a menudo se dispersa en las contribuciones a la seguridad social acumuladas en varios pa\u00edses del mundo, no solo en Italia y Brasil. Adem\u00e1s, a algunos investigadores les gustar\u00eda volver a Italia, pero no existe ning\u00fan canal, m\u00e1s all\u00e1 de la ley sobre el regreso de \u201ccerebros\u201d, que contempla l\u00edmites de edad bastante estrechos. Italia acepta el regreso solo de investigadores j\u00f3venes, mientras que aquellos que han acumulado m\u00e1s experiencia y son mayores quedan excluidos de la posibilidad de volver\u00bb.<\/p>\n\n\n\n<p><strong>Francia<\/strong><\/p>\n\n\n\n<p>Los miembros activos de R\u00e9CIF, la asociaci\u00f3n de investigadores italianos en Francia, fundada en 2014, son aproximadamente cincuenta, adem\u00e1s de cerca de mil simpatizantes. \u00abLas personas que nos siguen han aumentado desde que comenzamos a organizar eventos en l\u00ednea durante la pandemia. Hicimos un webinar sobre la relaci\u00f3n entre ciencia y sociedad y sobre las relaciones bilaterales entre Italia y Francia, al que asistieron investigadores alejados de los grandes centros\u00bb. La que nos lo cuenta es Rossana De Angelis, vicepresidente de R\u00e9CIF. Titulada en la Universidad de Calabria con una tesis sobre la Filosof\u00eda del lenguaje, hoy es profesora de Ling\u00fc\u00edstica y Semiolog\u00eda en la Universidad de Paris-Est Cr\u00e9teil donde ense\u00f1a Teor\u00edas y pr\u00e1cticas del texto escrito y la escritura. Miembro del centro de investigaci\u00f3n C\u00e9ditec (<em>Centre d\u2019\u00e9tude des discours, images, textes, \u00e9crits, communications <\/em>), su investigaci\u00f3n se centra en los diferentes enfoques ling\u00fc\u00edsticos y semiol\u00f3gicos de los textos escritos, la relaci\u00f3n entre medios, formatos y textos, as\u00ed como las pr\u00e1cticas editoriales tradicionales y digitales.<\/p>\n\n\n\n<p>\u00abEn R\u00e9CIF todos somos voluntarios\u00bb \u2014admite De Angelis\u2014 \u00abInvertimos nuestras energ\u00edas en el tiempo libre y en el deseo de crear comunidad. Pero la nuestra es una comunidad abierta, no solo de italianos o \u00edtalohablantes. Y tenemos el objetivo de mantener los lazos entre Francia e Italia. En lo que hacemos, tenemos en cuenta que estamos en un contexto de investigaci\u00f3n europeo e internacional. Nos interesa hacer dialogar la investigaci\u00f3n con las instituciones y la sociedad, hacer circular la investigaci\u00f3n y acercar a la gente, porque la investigaci\u00f3n cient\u00edfica no es un trabajo individual\u00bb.<\/p>\n\n\n\n<p class=\"translation-block\">Aunque su campo de acci\u00f3n abarca toda Francia, R\u00e9CIF realiza la mayor parte de sus actividades en Par\u00eds ya que las instituciones, las embajadas y el Consulado de Italia tienen su sede en la capital. \u00abEl gobierno italiano ha creado la plataforma <em>Innovitalia<\/em>, pero existe la dificultad de poder compartir esa informaci\u00f3n sensible con las representaciones diplom\u00e1ticas, a trav\u00e9s del A.I.R.E., el Registro de italianos residentes en el extranjero\u00bb, se queja De Angelis. \u00abEs por eso que no sabemos el tama\u00f1o real de la comunidad de investigadores italianos. Adem\u00e1s, hay una movilidad muy fuerte: a veces vienen por un proyecto, trabajan dos o tres a\u00f1os o se doctoran y luego regresan a Italia\u00bb.<\/p>\n\n\n\n<p>In Francia De Angelis ha trovato spazio per le sue ricerche: \u00abLavoro sulle pratiche di scrittura contemporanea, come costruiamo testi nell\u2019epoca dell\u2019ipergrafia. La scrittura \u00e8 ovunque. Lavoro in un laboratorio multidisciplinare.&nbsp;Non so se in Italia avrei lo stesso spazio&nbsp;per fare queste cose. Lo dico con una punta di rammarico anche se ho collaborazioni con ricercatrici e ricercatori italiani\u00bb.&nbsp;Queste disparit\u00e0 di trattamento producono un\u2019Europa a differenti velocit\u00e0 per i ricercatori.&nbsp;\u00abPurtroppo la ricerca in Italia \u00e8 intrappolata in una dinamica in cui la fedelt\u00e0 viene privilegiata rispetto all\u2019originalit\u00e0 e all\u2019innovazione, anche nelle scienze umane \u2013 osserva De Angelis \u2013. \u00c8 difficile che quando si fa qualcosa di originale si possa essere accolti meglio di quando si fa qualcosa che si inserisce invece in una corrente di pensiero prestabilita. Altrove questa dinamica \u00e8 opposta\u00bb.<\/p>\n\n\n\n<p>Uno dei punti di forza di R\u00e9CIF \u00e8 la capacit\u00e0 di fare networking, di interagire con istituzioni importanti, come la nostra ambasciata o la Maison de l\u2019Italie.&nbsp;\u00abNel 2019 abbiamo organizzato una giornata sulla relazione tra scienza, tecnica e arte sullo sfondo dell\u2019anno delle celebrazioni di Leonardo \u2013 ricorda De Angelis \u2013. Promuoviamo giornate e dibattiti tematici. Abbiamo predisposto un evento sugli immaginari dell\u2019acqua a partire dalla Divina Commedia di Dante. Inoltre facciamo vedere come la scienza arriva alla societ\u00e0 nel senso pi\u00f9 multidisciplinare possibile. Un\u2019altra nostra attivit\u00e0 \u00e8 la \u201cTesi e poi\u201d, rivolta ai dottorandi e ai dottori di ricerca affinch\u00e9 sappiano cosa si pu\u00f2 fare in Francia. Invitiamo le imprese che hanno difficolt\u00e0 a entrare in contatto con dottori e dottorandi, e viceversa, e li facciamo dialogare\u00bb. Cosa farebbe De Angelis se fosse a capo del Miur, il ministero dell\u2019Istruzione, dell\u2019universit\u00e0 e della ricerca? Lei sorride. \u00abInnanzitutto rivedrei le commissioni per le selezioni dei posti di ricercatore. Imporrei l\u2019obbligo di stranieri nelle commissioni italiane per l\u2019attribuzione dei posti di ricercatore o di insegnamento in Italia. Sarebbe un modo per istituzionalizzare un\u2019apertura a un confronto vero con quello che si fa all\u2019estero. Inoltre provvederei a una diversa ridistribuzione dei finanziamenti alla ricerca in modo che una comunit\u00e0 di scienziati possa contare su fondi certi. E, infine, darei un taglio alla precarizzazione della ricerca: questa ha bisogno di tempi lunghi. Occorre ripensare il sistema per non avere posti di ricercatore precario perch\u00e9 \u00e8 un\u2019assurdit\u00e0!\u00bb.<\/p>\n\n\n\n<p>La reciente conferencia en la Ciudad de M\u00e9xico impuls\u00f3 la convocatoria de los Estados Generales de los investigadores italianos en el mundo, precisamente para dar a cada asociaci\u00f3n la oportunidad de expresar sus propias ideas y opiniones. Un plan que sea objeto de debate con todas \u00ablas instituciones que dirigen el pa\u00eds, un proyecto que ponga la cuesti\u00f3n de las asociaciones italianas de investigadores en el extranjero en el centro de la agenda pol\u00edtica\u00bb, concluye De Furia, presidente de la MSIC. \u00abNecesitamos ser reforzados directamente por la Direcci\u00f3n General del Sistema Pa\u00eds Italiano. La investigaci\u00f3n, la innovaci\u00f3n y la transferencia de tecnolog\u00eda no se pueden improvisar. Y debemos tener una estrategia de desarrollo a mediano y largo plazo que utilice el conocimiento y la experiencia como aceleradores fundamentales\u00bb.<\/p>\n\n\n\n<div style=\"height:12px\" aria-hidden=\"true\" class=\"wp-block-spacer\"><\/div>\n\n\n\n\n\n<div style=\"height:12px\" aria-hidden=\"true\" class=\"wp-block-spacer\"><\/div>","protected":false},"excerpt":{"rendered":"<p>Articolo di Alessandro Bettero pubblicato sul Messaggero di Sant\u2019Antonio il 7 giugno 2022 Ore 02.56 &#8211; \u00abNoi diamo forza all\u2019associazionismo dei ricercatori. Promuoviamo in maniera concreta le idee e l\u2019innovazione tecnologica, e il coinvolgimento dei docenti italiani. C\u2019\u00e8 un flusso di conoscenza, di contatti, di circolazione di scienziati che \u00e8 ormai inarrestabile\u00bb. Guarda lontano&nbsp;Vincenzo Arcobelli, uno dei pi\u00f9 autorevoli membri del Cgie, il Consiglio generale degli italiani all\u2019estero, fautore e promotore della Conferenza dei ricercatori italiani nel mondo. Dopo sedici edizioni \u2014l\u2019ultima si \u00e8 svolta nell\u2019aprile scorso a Citt\u00e0 del Messico\u2014 \u00e8 tempo di bilanci e di appelli. \u00abAlla politica&#8230; <\/p>","protected":false},"author":2,"featured_media":5881,"comment_status":"open","ping_status":"open","sticky":false,"template":"","format":"standard","meta":{"_monsterinsights_skip_tracking":false,"_monsterinsights_sitenote_active":false,"_monsterinsights_sitenote_note":"","_monsterinsights_sitenote_category":0,"footnotes":""},"categories":[14],"tags":[],"class_list":["post-5876","post","type-post","status-publish","format-standard","has-post-thumbnail","hentry","category-scienza-e-tecnologia"],"yoast_head":"<!-- This site is optimized with the Yoast SEO Premium plugin v18.4 (Yoast SEO v25.6) - https:\/\/yoast.com\/wordpress\/plugins\/seo\/ -->\n<title>Gli assi della ricerca italiana Puntodincontro<\/title>\n<meta name=\"description\" content=\"\u00abNoi diamo forza all\u2019associazionismo dei ricercatori. Promuoviamo in maniera concreta le idee e l\u2019innovazione tecnologica, e il coinvolgimento dei docenti italiani. C\u2019\u00e8 un flusso di conoscenza, di contatti, di circolazione di scienziati che \u00e8 ormai inarrestabile\u00bb.\" \/>\n<meta name=\"robots\" content=\"index, follow, max-snippet:-1, max-image-preview:large, max-video-preview:-1\" \/>\n<link rel=\"canonical\" href=\"https:\/\/puntodincontro.mx\/es\/2022\/06\/09\/los-campeones-de-la-investigacion-italiana\/\" \/>\n<meta property=\"og:locale\" content=\"es_MX\" \/>\n<meta property=\"og:type\" content=\"article\" \/>\n<meta property=\"og:title\" content=\"Gli assi della ricerca italiana\" \/>\n<meta property=\"og:description\" content=\"\u00abNoi diamo forza all\u2019associazionismo dei ricercatori. Promuoviamo in maniera concreta le idee e l\u2019innovazione tecnologica, e il coinvolgimento dei docenti italiani. C\u2019\u00e8 un flusso di conoscenza, di contatti, di circolazione di scienziati che \u00e8 ormai inarrestabile\u00bb.\" \/>\n<meta property=\"og:url\" content=\"https:\/\/puntodincontro.mx\/es\/2022\/06\/09\/los-campeones-de-la-investigacion-italiana\/\" \/>\n<meta property=\"og:site_name\" content=\"Puntodincontro\" \/>\n<meta property=\"article:publisher\" content=\"https:\/\/www.facebook.com\/puntodincontro.mx\" \/>\n<meta property=\"article:published_time\" content=\"2022-06-09T08:19:45+00:00\" \/>\n<meta property=\"article:modified_time\" content=\"2022-06-09T08:19:46+00:00\" \/>\n<meta property=\"og:image\" content=\"https:\/\/puntodincontro.mx\/wp-content\/uploads\/2022\/06\/gliassidellaricercaitalianavert.webp\" \/>\n\t<meta property=\"og:image:width\" content=\"423\" \/>\n\t<meta property=\"og:image:height\" content=\"488\" \/>\n\t<meta property=\"og:image:type\" content=\"image\/webp\" \/>\n<meta name=\"author\" content=\"Puntodincontro\" \/>\n<meta name=\"twitter:card\" content=\"summary_large_image\" \/>\n<meta name=\"twitter:creator\" content=\"@puntodincontro\" \/>\n<meta name=\"twitter:site\" content=\"@puntodincontro\" \/>\n<meta name=\"twitter:label1\" content=\"Escrito por\" \/>\n\t<meta name=\"twitter:data1\" content=\"Puntodincontro\" \/>\n\t<meta name=\"twitter:label2\" content=\"Tiempo de lectura\" \/>\n\t<meta name=\"twitter:data2\" content=\"14 minutos\" \/>\n<script type=\"application\/ld+json\" class=\"yoast-schema-graph\">{\"@context\":\"https:\/\/schema.org\",\"@graph\":[{\"@type\":\"NewsArticle\",\"@id\":\"https:\/\/puntodincontro.mx\/2022\/06\/09\/gli-assi-della-ricerca-italiana\/#article\",\"isPartOf\":{\"@id\":\"https:\/\/puntodincontro.mx\/2022\/06\/09\/gli-assi-della-ricerca-italiana\/\"},\"author\":{\"name\":\"Puntodincontro\",\"@id\":\"https:\/\/puntodincontro.mx\/#\/schema\/person\/d3066d18a16259cbb0c29b0d0e93b556\"},\"headline\":\"Gli assi della ricerca italiana\",\"datePublished\":\"2022-06-09T08:19:45+00:00\",\"dateModified\":\"2022-06-09T08:19:46+00:00\",\"mainEntityOfPage\":{\"@id\":\"https:\/\/puntodincontro.mx\/2022\/06\/09\/gli-assi-della-ricerca-italiana\/\"},\"wordCount\":2691,\"commentCount\":0,\"publisher\":{\"@id\":\"https:\/\/puntodincontro.mx\/#organization\"},\"image\":{\"@id\":\"https:\/\/puntodincontro.mx\/2022\/06\/09\/gli-assi-della-ricerca-italiana\/#primaryimage\"},\"thumbnailUrl\":\"https:\/\/puntodincontro.mx\/wp-content\/uploads\/2022\/06\/gliassidellaricercaitalianavert.webp\",\"articleSection\":[\"Scienza e tecnologia\"],\"inLanguage\":\"es\",\"potentialAction\":[{\"@type\":\"CommentAction\",\"name\":\"Comment\",\"target\":[\"https:\/\/puntodincontro.mx\/2022\/06\/09\/gli-assi-della-ricerca-italiana\/#respond\"]}]},{\"@type\":\"WebPage\",\"@id\":\"https:\/\/puntodincontro.mx\/2022\/06\/09\/gli-assi-della-ricerca-italiana\/\",\"url\":\"https:\/\/puntodincontro.mx\/2022\/06\/09\/gli-assi-della-ricerca-italiana\/\",\"name\":\"Gli assi della ricerca italiana Puntodincontro\",\"isPartOf\":{\"@id\":\"https:\/\/puntodincontro.mx\/#website\"},\"primaryImageOfPage\":{\"@id\":\"https:\/\/puntodincontro.mx\/2022\/06\/09\/gli-assi-della-ricerca-italiana\/#primaryimage\"},\"image\":{\"@id\":\"https:\/\/puntodincontro.mx\/2022\/06\/09\/gli-assi-della-ricerca-italiana\/#primaryimage\"},\"thumbnailUrl\":\"https:\/\/puntodincontro.mx\/wp-content\/uploads\/2022\/06\/gliassidellaricercaitalianavert.webp\",\"datePublished\":\"2022-06-09T08:19:45+00:00\",\"dateModified\":\"2022-06-09T08:19:46+00:00\",\"description\":\"\u00abNoi diamo forza all\u2019associazionismo dei ricercatori. Promuoviamo in maniera concreta le idee e l\u2019innovazione tecnologica, e il coinvolgimento dei docenti italiani. C\u2019\u00e8 un flusso di conoscenza, di contatti, di circolazione di scienziati che \u00e8 ormai inarrestabile\u00bb.\",\"breadcrumb\":{\"@id\":\"https:\/\/puntodincontro.mx\/2022\/06\/09\/gli-assi-della-ricerca-italiana\/#breadcrumb\"},\"inLanguage\":\"es\",\"potentialAction\":[{\"@type\":\"ReadAction\",\"target\":[\"https:\/\/puntodincontro.mx\/2022\/06\/09\/gli-assi-della-ricerca-italiana\/\"]}]},{\"@type\":\"ImageObject\",\"inLanguage\":\"es\",\"@id\":\"https:\/\/puntodincontro.mx\/2022\/06\/09\/gli-assi-della-ricerca-italiana\/#primaryimage\",\"url\":\"https:\/\/puntodincontro.mx\/wp-content\/uploads\/2022\/06\/gliassidellaricercaitalianavert.webp\",\"contentUrl\":\"https:\/\/puntodincontro.mx\/wp-content\/uploads\/2022\/06\/gliassidellaricercaitalianavert.webp\",\"width\":423,\"height\":488},{\"@type\":\"BreadcrumbList\",\"@id\":\"https:\/\/puntodincontro.mx\/2022\/06\/09\/gli-assi-della-ricerca-italiana\/#breadcrumb\",\"itemListElement\":[{\"@type\":\"ListItem\",\"position\":1,\"name\":\"Home\",\"item\":\"https:\/\/puntodincontro.mx\/\"},{\"@type\":\"ListItem\",\"position\":2,\"name\":\"Gli assi della ricerca italiana\"}]},{\"@type\":\"WebSite\",\"@id\":\"https:\/\/puntodincontro.mx\/#website\",\"url\":\"https:\/\/puntodincontro.mx\/\",\"name\":\"Puntodincontro\",\"description\":\"Dal 2006 notizie sui rapporti Italia-Messico \/ Desde 2006 noticias sobre las relaciones entre Italia y M\u00e9xico\",\"publisher\":{\"@id\":\"https:\/\/puntodincontro.mx\/#organization\"},\"potentialAction\":[{\"@type\":\"SearchAction\",\"target\":{\"@type\":\"EntryPoint\",\"urlTemplate\":\"https:\/\/puntodincontro.mx\/?s={search_term_string}\"},\"query-input\":{\"@type\":\"PropertyValueSpecification\",\"valueRequired\":true,\"valueName\":\"search_term_string\"}}],\"inLanguage\":\"es\"},{\"@type\":\"Organization\",\"@id\":\"https:\/\/puntodincontro.mx\/#organization\",\"name\":\"Puntodincontro\",\"url\":\"https:\/\/puntodincontro.mx\/\",\"logo\":{\"@type\":\"ImageObject\",\"inLanguage\":\"es\",\"@id\":\"https:\/\/puntodincontro.mx\/#\/schema\/logo\/image\/\",\"url\":\"https:\/\/puntodincontro.mx\/wp-content\/uploads\/2021\/08\/Default-image-for-open-graph-settings.jpg\",\"contentUrl\":\"https:\/\/puntodincontro.mx\/wp-content\/uploads\/2021\/08\/Default-image-for-open-graph-settings.jpg\",\"width\":1200,\"height\":630,\"caption\":\"Puntodincontro\"},\"image\":{\"@id\":\"https:\/\/puntodincontro.mx\/#\/schema\/logo\/image\/\"},\"sameAs\":[\"https:\/\/www.facebook.com\/puntodincontro.mx\",\"https:\/\/x.com\/puntodincontro\",\"https:\/\/www.instagram.com\/puntodincontro.mx\/\",\"https:\/\/www.linkedin.com\/company\/puntodincontro\/\",\"https:\/\/www.youtube.com\/c\/puntodincontromessico\",\"https:\/\/www.patreon.com\/puntodincontro\",\"https:\/\/www.threads.net\/@puntodincontro.mx\"]},{\"@type\":\"Person\",\"@id\":\"https:\/\/puntodincontro.mx\/#\/schema\/person\/d3066d18a16259cbb0c29b0d0e93b556\",\"name\":\"Puntodincontro\",\"image\":{\"@type\":\"ImageObject\",\"inLanguage\":\"es\",\"@id\":\"https:\/\/puntodincontro.mx\/#\/schema\/person\/image\/\",\"url\":\"https:\/\/secure.gravatar.com\/avatar\/0e85b4b3b5e9d6bfcec6a4956d8cc63a?s=96&d=mm&r=g\",\"contentUrl\":\"https:\/\/secure.gravatar.com\/avatar\/0e85b4b3b5e9d6bfcec6a4956d8cc63a?s=96&d=mm&r=g\",\"caption\":\"Puntodincontro\"},\"url\":\"https:\/\/puntodincontro.mx\/es\/author\/puntodincontro\/\"}]}<\/script>\n<!-- \/ Yoast SEO Premium plugin. -->","yoast_head_json":{"title":"Gli assi della ricerca italiana Puntodincontro","description":"\u00abNosotros damos fuerza a las asociaciones de los investigadores. Promovemos concretamente las ideas y la innovaci\u00f3n tecnol\u00f3gica y la participaci\u00f3n de los docentes italianos. Hay un flujo de conocimiento, de contactos, de circulaci\u00f3n de cient\u00edficos que ya es imparable\u00bb.","robots":{"index":"index","follow":"follow","max-snippet":"max-snippet:-1","max-image-preview":"max-image-preview:large","max-video-preview":"max-video-preview:-1"},"canonical":"https:\/\/puntodincontro.mx\/es\/2022\/06\/09\/los-campeones-de-la-investigacion-italiana\/","og_locale":"es_MX","og_type":"article","og_title":"Gli assi della ricerca italiana","og_description":"\u00abNoi diamo forza all\u2019associazionismo dei ricercatori. Promuoviamo in maniera concreta le idee e l\u2019innovazione tecnologica, e il coinvolgimento dei docenti italiani. C\u2019\u00e8 un flusso di conoscenza, di contatti, di circolazione di scienziati che \u00e8 ormai inarrestabile\u00bb.","og_url":"https:\/\/puntodincontro.mx\/es\/2022\/06\/09\/los-campeones-de-la-investigacion-italiana\/","og_site_name":"Puntodincontro","article_publisher":"https:\/\/www.facebook.com\/puntodincontro.mx","article_published_time":"2022-06-09T08:19:45+00:00","article_modified_time":"2022-06-09T08:19:46+00:00","og_image":[{"width":423,"height":488,"url":"https:\/\/puntodincontro.mx\/wp-content\/uploads\/2022\/06\/gliassidellaricercaitalianavert.webp","type":"image\/webp"}],"author":"Puntodincontro","twitter_card":"summary_large_image","twitter_creator":"@puntodincontro","twitter_site":"@puntodincontro","twitter_misc":{"Escrito por":"Puntodincontro","Tiempo de lectura":"14 minutos"},"schema":{"@context":"https:\/\/schema.org","@graph":[{"@type":"NewsArticle","@id":"https:\/\/puntodincontro.mx\/2022\/06\/09\/gli-assi-della-ricerca-italiana\/#article","isPartOf":{"@id":"https:\/\/puntodincontro.mx\/2022\/06\/09\/gli-assi-della-ricerca-italiana\/"},"author":{"name":"Puntodincontro","@id":"https:\/\/puntodincontro.mx\/#\/schema\/person\/d3066d18a16259cbb0c29b0d0e93b556"},"headline":"Gli assi della ricerca italiana","datePublished":"2022-06-09T08:19:45+00:00","dateModified":"2022-06-09T08:19:46+00:00","mainEntityOfPage":{"@id":"https:\/\/puntodincontro.mx\/2022\/06\/09\/gli-assi-della-ricerca-italiana\/"},"wordCount":2691,"commentCount":0,"publisher":{"@id":"https:\/\/puntodincontro.mx\/#organization"},"image":{"@id":"https:\/\/puntodincontro.mx\/2022\/06\/09\/gli-assi-della-ricerca-italiana\/#primaryimage"},"thumbnailUrl":"https:\/\/puntodincontro.mx\/wp-content\/uploads\/2022\/06\/gliassidellaricercaitalianavert.webp","articleSection":["Scienza e tecnologia"],"inLanguage":"es","potentialAction":[{"@type":"CommentAction","name":"Comment","target":["https:\/\/puntodincontro.mx\/2022\/06\/09\/gli-assi-della-ricerca-italiana\/#respond"]}]},{"@type":"WebPage","@id":"https:\/\/puntodincontro.mx\/2022\/06\/09\/gli-assi-della-ricerca-italiana\/","url":"https:\/\/puntodincontro.mx\/2022\/06\/09\/gli-assi-della-ricerca-italiana\/","name":"Gli assi della ricerca italiana Puntodincontro","isPartOf":{"@id":"https:\/\/puntodincontro.mx\/#website"},"primaryImageOfPage":{"@id":"https:\/\/puntodincontro.mx\/2022\/06\/09\/gli-assi-della-ricerca-italiana\/#primaryimage"},"image":{"@id":"https:\/\/puntodincontro.mx\/2022\/06\/09\/gli-assi-della-ricerca-italiana\/#primaryimage"},"thumbnailUrl":"https:\/\/puntodincontro.mx\/wp-content\/uploads\/2022\/06\/gliassidellaricercaitalianavert.webp","datePublished":"2022-06-09T08:19:45+00:00","dateModified":"2022-06-09T08:19:46+00:00","description":"\u00abNosotros damos fuerza a las asociaciones de los investigadores. Promovemos concretamente las ideas y la innovaci\u00f3n tecnol\u00f3gica y la participaci\u00f3n de los docentes italianos. Hay un flujo de conocimiento, de contactos, de circulaci\u00f3n de cient\u00edficos que ya es imparable\u00bb.","breadcrumb":{"@id":"https:\/\/puntodincontro.mx\/2022\/06\/09\/gli-assi-della-ricerca-italiana\/#breadcrumb"},"inLanguage":"es","potentialAction":[{"@type":"ReadAction","target":["https:\/\/puntodincontro.mx\/2022\/06\/09\/gli-assi-della-ricerca-italiana\/"]}]},{"@type":"ImageObject","inLanguage":"es","@id":"https:\/\/puntodincontro.mx\/2022\/06\/09\/gli-assi-della-ricerca-italiana\/#primaryimage","url":"https:\/\/puntodincontro.mx\/wp-content\/uploads\/2022\/06\/gliassidellaricercaitalianavert.webp","contentUrl":"https:\/\/puntodincontro.mx\/wp-content\/uploads\/2022\/06\/gliassidellaricercaitalianavert.webp","width":423,"height":488},{"@type":"BreadcrumbList","@id":"https:\/\/puntodincontro.mx\/2022\/06\/09\/gli-assi-della-ricerca-italiana\/#breadcrumb","itemListElement":[{"@type":"ListItem","position":1,"name":"Home","item":"https:\/\/puntodincontro.mx\/"},{"@type":"ListItem","position":2,"name":"Gli assi della ricerca italiana"}]},{"@type":"WebSite","@id":"https:\/\/puntodincontro.mx\/#website","url":"https:\/\/puntodincontro.mx\/","name":"Puntodincontro","description":"Desde el 2006 noticias sobre las relaciones entre Italia y M\u00e9xico \/ Dal 2006 notizie sui rapporti Italia-Messico","publisher":{"@id":"https:\/\/puntodincontro.mx\/#organization"},"potentialAction":[{"@type":"SearchAction","target":{"@type":"EntryPoint","urlTemplate":"https:\/\/puntodincontro.mx\/?s={search_term_string}"},"query-input":{"@type":"PropertyValueSpecification","valueRequired":true,"valueName":"search_term_string"}}],"inLanguage":"es"},{"@type":"Organization","@id":"https:\/\/puntodincontro.mx\/#organization","name":"Puntodincontro","url":"https:\/\/puntodincontro.mx\/","logo":{"@type":"ImageObject","inLanguage":"es","@id":"https:\/\/puntodincontro.mx\/#\/schema\/logo\/image\/","url":"https:\/\/puntodincontro.mx\/wp-content\/uploads\/2021\/08\/Default-image-for-open-graph-settings.jpg","contentUrl":"https:\/\/puntodincontro.mx\/wp-content\/uploads\/2021\/08\/Default-image-for-open-graph-settings.jpg","width":1200,"height":630,"caption":"Puntodincontro"},"image":{"@id":"https:\/\/puntodincontro.mx\/#\/schema\/logo\/image\/"},"sameAs":["https:\/\/www.facebook.com\/puntodincontro.mx","https:\/\/x.com\/puntodincontro","https:\/\/www.instagram.com\/puntodincontro.mx\/","https:\/\/www.linkedin.com\/company\/puntodincontro\/","https:\/\/www.youtube.com\/c\/puntodincontromessico","https:\/\/www.patreon.com\/puntodincontro","https:\/\/www.threads.net\/@puntodincontro.mx"]},{"@type":"Person","@id":"https:\/\/puntodincontro.mx\/#\/schema\/person\/d3066d18a16259cbb0c29b0d0e93b556","name":"Puntodincontro","image":{"@type":"ImageObject","inLanguage":"es","@id":"https:\/\/puntodincontro.mx\/#\/schema\/person\/image\/","url":"https:\/\/secure.gravatar.com\/avatar\/0e85b4b3b5e9d6bfcec6a4956d8cc63a?s=96&d=mm&r=g","contentUrl":"https:\/\/secure.gravatar.com\/avatar\/0e85b4b3b5e9d6bfcec6a4956d8cc63a?s=96&d=mm&r=g","caption":"Puntodincontro"},"url":"https:\/\/puntodincontro.mx\/es\/author\/puntodincontro\/"}]}},"_links":{"self":[{"href":"https:\/\/puntodincontro.mx\/es\/wp-json\/wp\/v2\/posts\/5876"}],"collection":[{"href":"https:\/\/puntodincontro.mx\/es\/wp-json\/wp\/v2\/posts"}],"about":[{"href":"https:\/\/puntodincontro.mx\/es\/wp-json\/wp\/v2\/types\/post"}],"author":[{"embeddable":true,"href":"https:\/\/puntodincontro.mx\/es\/wp-json\/wp\/v2\/users\/2"}],"replies":[{"embeddable":true,"href":"https:\/\/puntodincontro.mx\/es\/wp-json\/wp\/v2\/comments?post=5876"}],"version-history":[{"count":9,"href":"https:\/\/puntodincontro.mx\/es\/wp-json\/wp\/v2\/posts\/5876\/revisions"}],"predecessor-version":[{"id":5888,"href":"https:\/\/puntodincontro.mx\/es\/wp-json\/wp\/v2\/posts\/5876\/revisions\/5888"}],"wp:featuredmedia":[{"embeddable":true,"href":"https:\/\/puntodincontro.mx\/es\/wp-json\/wp\/v2\/media\/5881"}],"wp:attachment":[{"href":"https:\/\/puntodincontro.mx\/es\/wp-json\/wp\/v2\/media?parent=5876"}],"wp:term":[{"taxonomy":"category","embeddable":true,"href":"https:\/\/puntodincontro.mx\/es\/wp-json\/wp\/v2\/categories?post=5876"},{"taxonomy":"post_tag","embeddable":true,"href":"https:\/\/puntodincontro.mx\/es\/wp-json\/wp\/v2\/tags?post=5876"}],"curies":[{"name":"wp","href":"https:\/\/api.w.org\/{rel}","templated":true}]}}