{"id":5891,"date":"2022-06-14T03:39:41","date_gmt":"2022-06-14T08:39:41","guid":{"rendered":"https:\/\/puntodincontro.mx\/?p=5891"},"modified":"2022-06-14T10:52:28","modified_gmt":"2022-06-14T15:52:28","slug":"mexico-fallece-giovanni-capirossi-miembro-historico-de-la-comunidad-italiana","status":"publish","type":"post","link":"https:\/\/puntodincontro.mx\/es\/2022\/06\/14\/messico-addio-a-giovanni-capirossi-storico-membro-della-comunita-italiana\/","title":{"rendered":"Falleci\u00f3 Giovanni Capirossi, miembro hist\u00f3rico de la comunidad italiana"},"content":{"rendered":"<p class=\"translation-block\"><strong>03:30 hrs.<\/strong> - Falleci\u00f3 el s\u00e1bado 4 de junio en la Ciudad de M\u00e9xico Giovan Battista Capirossi, uno de los m\u00e1s destacados miembros de la comunidad italiana local, directivo de varias instituciones del Sistema Italia en el pa\u00eds latinoamericano.<\/p>\n\n\n\n<p>Nacido el 2 de mayo de 1935 en Marradi \u2014municipio de los Apeninos tosco-roma\u00f1olos\u2014  tras haber cursado el bachillerato y culminado sus estudios universitarios de Filosof\u00eda, Derecho, Diplomacia, Derecho Internacional y Lenguas Extranjeras (franc\u00e9s, ingl\u00e9s, espa\u00f1ol y alem\u00e1n), realiz\u00f3 desde 1963 hasta 1970 diversas actividades de car\u00e1cter social y cultural dedic\u00e1ndose, sobre todo, al estudio y an\u00e1lisis de Am\u00e9rica Latina y en particular, de Ecuador y Uruguay.<\/p>\n\n\n\n<p>En septiembre de 1970 se traslad\u00f3 a la Ciudad de M\u00e9xico, donde trabaj\u00f3 a las \u00f3rdenes del presidente y director general del Banco Nacional de M\u00e9xico (Banamex), Agust\u00edn F. Legorreta, como consejero de relaciones p\u00fablicas, encargado del enlace con el cuerpo diplom\u00e1tico, las autoridades gubernamentales y el sector eclesi\u00e1stico, adem\u00e1s de dirigir la redacci\u00f3n de informes y estudios especiales sobre la situaci\u00f3n pol\u00edtica y financiera latinoamericana e internacional.<\/p>\n\n\n\n<p>En 1978 fue nombrado subdirector de Relaciones P\u00fablicas de la Direcci\u00f3n General de Banamex, \u00e1rea de la que asumi\u00f3 la direcci\u00f3n en abril de 1983.<\/p>\n\n\n\n<p>Desde su llegada a tierra azteca colabor\u00f3 \u200b\u200bcon el Comit\u00e9 de la Ciudad de M\u00e9xico de la Sociedad Dante Alighieri como profesor de lengua y literatura, director de los cursos de lengua y literatura italiana (1975 - 1980), miembro de la junta directiva (1980-1982 ), vicepresidente (1982-1984) y presidente (1984-1993).<\/p>\n\n\n\n<p>De 1988 a 1989 ocup\u00f3 los cargos de consejero y vicepresidente de la C\u00e1mara de Comercio Italiana en M\u00e9xico. Particip\u00f3 activamente en la organizaci\u00f3n del primer Comit\u00e9 de la Emigraci\u00f3n Italiana (Coemit) en M\u00e9xico colaborando con la Embajada de Italia y posteriormente en 1991 y de 1997 a 2004 fue presidente del Comites.<\/p>\n\n\n\n<p>Durante su carrera fue distinguido con las siguientes condecoraciones: Caballero al M\u00e9rito de la Rep\u00fablica del Ecuador (1967), Caballero al M\u00e9rito de la Rep\u00fablica Italiana (1986), Medalla de Oro al M\u00e9rito otorgada por la Sede Central de la Sociedad Dante Alighieri (1987) y Commendatore OMRI de la Rep\u00fablica Italiana (1996).<\/p>\n\n\n\n<div style=\"height:12px\" aria-hidden=\"true\" class=\"wp-block-spacer\"><\/div>\n\n\n\n\n\n<div style=\"height:12px\" aria-hidden=\"true\" class=\"wp-block-spacer\"><\/div>","protected":false},"excerpt":{"rendered":"<p>Ore 03.30 &#8211; Si \u00e8 spento sabato 4 giugno a Citt\u00e0 del Messico Giovan Battista Capirossi, uno dei pi\u00f9 noti membri della comunit\u00e0 italiana locale, dirigente di diverse istituzioni del Sistema Italia nel Paese latinoamericano. Nato il 2 maggio 1935 a Marradi \u2014comune dell&#8217;Appennino tosco-romagnolo\u2014 dopo aver frequentato il liceo classico e terminato gli studi universitari di Filosofia, Diritto, Diplomazia, Diritto internazionale e Lingue Straniere (francese, inglese, spagnolo e tedesco), svolse dal 1963 al 1970 diverse attivit\u00e0 di carattere sociale e culturale dedicandosi, soprattutto allo studio e analisi dell&#8217;America Latina e in particolare, dell&#8217;Ecuador e dell&#8217;Uruguay. Nel settembre 1970 si&#8230; <\/p>","protected":false},"author":2,"featured_media":5895,"comment_status":"open","ping_status":"open","sticky":false,"template":"","format":"standard","meta":{"_monsterinsights_skip_tracking":false,"_monsterinsights_sitenote_active":false,"_monsterinsights_sitenote_note":"","_monsterinsights_sitenote_category":0,"footnotes":""},"categories":[4],"tags":[],"class_list":["post-5891","post","type-post","status-publish","format-standard","has-post-thumbnail","hentry","category-italia-in-messico"],"yoast_head":"<!-- This site is optimized with the Yoast SEO Premium plugin v18.4 (Yoast SEO v25.6) - https:\/\/yoast.com\/wordpress\/plugins\/seo\/ -->\n<title>Messico, addio a Giovanni Capirossi, storico membro della comunit\u00e0 italiana Puntodincontro<\/title>\n<meta name=\"description\" content=\"Si \u00e8 spento sabato 4 giugno a Citt\u00e0 del Messico Giovan Battista Capirossi, uno dei pi\u00f9 noti membri della comunit\u00e0 italiana locale, dirigente di diverse istituzioni del Sistema Italia nel Paese latinoamericano.\" \/>\n<meta name=\"robots\" content=\"index, follow, max-snippet:-1, max-image-preview:large, max-video-preview:-1\" \/>\n<link rel=\"canonical\" href=\"https:\/\/puntodincontro.mx\/es\/2022\/06\/14\/mexico-fallece-giovanni-capirossi-miembro-historico-de-la-comunidad-italiana\/\" \/>\n<meta property=\"og:locale\" content=\"es_MX\" \/>\n<meta property=\"og:type\" content=\"article\" \/>\n<meta property=\"og:title\" content=\"Messico, addio a Giovanni Capirossi, storico membro della comunit\u00e0 italiana\" \/>\n<meta property=\"og:description\" content=\"Si \u00e8 spento sabato 4 giugno a Citt\u00e0 del Messico Giovan Battista Capirossi, uno dei pi\u00f9 noti membri della comunit\u00e0 italiana locale, dirigente di diverse istituzioni del Sistema Italia nel Paese latinoamericano.\" \/>\n<meta property=\"og:url\" content=\"https:\/\/puntodincontro.mx\/es\/2022\/06\/14\/mexico-fallece-giovanni-capirossi-miembro-historico-de-la-comunidad-italiana\/\" \/>\n<meta property=\"og:site_name\" content=\"Puntodincontro\" \/>\n<meta property=\"article:publisher\" content=\"https:\/\/www.facebook.com\/puntodincontro.mx\" \/>\n<meta property=\"article:published_time\" content=\"2022-06-14T08:39:41+00:00\" \/>\n<meta property=\"article:modified_time\" content=\"2022-06-14T15:52:28+00:00\" \/>\n<meta property=\"og:image\" content=\"https:\/\/puntodincontro.mx\/wp-content\/uploads\/2022\/06\/gbcapirossivert.webp\" \/>\n\t<meta property=\"og:image:width\" content=\"423\" \/>\n\t<meta property=\"og:image:height\" content=\"488\" \/>\n\t<meta property=\"og:image:type\" content=\"image\/webp\" \/>\n<meta name=\"author\" content=\"Puntodincontro\" \/>\n<meta name=\"twitter:card\" content=\"summary_large_image\" \/>\n<meta name=\"twitter:creator\" content=\"@puntodincontro\" \/>\n<meta name=\"twitter:site\" content=\"@puntodincontro\" \/>\n<meta name=\"twitter:label1\" content=\"Escrito por\" \/>\n\t<meta name=\"twitter:data1\" content=\"Puntodincontro\" \/>\n\t<meta name=\"twitter:label2\" content=\"Tiempo de lectura\" \/>\n\t<meta name=\"twitter:data2\" content=\"2 minutos\" \/>\n<script type=\"application\/ld+json\" class=\"yoast-schema-graph\">{\"@context\":\"https:\/\/schema.org\",\"@graph\":[{\"@type\":\"NewsArticle\",\"@id\":\"https:\/\/puntodincontro.mx\/2022\/06\/14\/messico-addio-a-giovanni-capirossi-storico-membro-della-comunita-italiana\/#article\",\"isPartOf\":{\"@id\":\"https:\/\/puntodincontro.mx\/2022\/06\/14\/messico-addio-a-giovanni-capirossi-storico-membro-della-comunita-italiana\/\"},\"author\":{\"name\":\"Puntodincontro\",\"@id\":\"https:\/\/puntodincontro.mx\/#\/schema\/person\/d3066d18a16259cbb0c29b0d0e93b556\"},\"headline\":\"Messico, addio a Giovanni Capirossi, storico membro della comunit\u00e0 italiana\",\"datePublished\":\"2022-06-14T08:39:41+00:00\",\"dateModified\":\"2022-06-14T15:52:28+00:00\",\"mainEntityOfPage\":{\"@id\":\"https:\/\/puntodincontro.mx\/2022\/06\/14\/messico-addio-a-giovanni-capirossi-storico-membro-della-comunita-italiana\/\"},\"wordCount\":317,\"commentCount\":0,\"publisher\":{\"@id\":\"https:\/\/puntodincontro.mx\/#organization\"},\"image\":{\"@id\":\"https:\/\/puntodincontro.mx\/2022\/06\/14\/messico-addio-a-giovanni-capirossi-storico-membro-della-comunita-italiana\/#primaryimage\"},\"thumbnailUrl\":\"https:\/\/puntodincontro.mx\/wp-content\/uploads\/2022\/06\/gbcapirossivert.webp\",\"articleSection\":[\"Italia in Messico\"],\"inLanguage\":\"es\",\"potentialAction\":[{\"@type\":\"CommentAction\",\"name\":\"Comment\",\"target\":[\"https:\/\/puntodincontro.mx\/2022\/06\/14\/messico-addio-a-giovanni-capirossi-storico-membro-della-comunita-italiana\/#respond\"]}]},{\"@type\":\"WebPage\",\"@id\":\"https:\/\/puntodincontro.mx\/2022\/06\/14\/messico-addio-a-giovanni-capirossi-storico-membro-della-comunita-italiana\/\",\"url\":\"https:\/\/puntodincontro.mx\/2022\/06\/14\/messico-addio-a-giovanni-capirossi-storico-membro-della-comunita-italiana\/\",\"name\":\"Messico, addio a Giovanni Capirossi, storico membro della comunit\u00e0 italiana Puntodincontro\",\"isPartOf\":{\"@id\":\"https:\/\/puntodincontro.mx\/#website\"},\"primaryImageOfPage\":{\"@id\":\"https:\/\/puntodincontro.mx\/2022\/06\/14\/messico-addio-a-giovanni-capirossi-storico-membro-della-comunita-italiana\/#primaryimage\"},\"image\":{\"@id\":\"https:\/\/puntodincontro.mx\/2022\/06\/14\/messico-addio-a-giovanni-capirossi-storico-membro-della-comunita-italiana\/#primaryimage\"},\"thumbnailUrl\":\"https:\/\/puntodincontro.mx\/wp-content\/uploads\/2022\/06\/gbcapirossivert.webp\",\"datePublished\":\"2022-06-14T08:39:41+00:00\",\"dateModified\":\"2022-06-14T15:52:28+00:00\",\"description\":\"Si \u00e8 spento sabato 4 giugno a Citt\u00e0 del Messico Giovan Battista Capirossi, uno dei pi\u00f9 noti membri della comunit\u00e0 italiana locale, dirigente di diverse istituzioni del Sistema Italia nel Paese latinoamericano.\",\"breadcrumb\":{\"@id\":\"https:\/\/puntodincontro.mx\/2022\/06\/14\/messico-addio-a-giovanni-capirossi-storico-membro-della-comunita-italiana\/#breadcrumb\"},\"inLanguage\":\"es\",\"potentialAction\":[{\"@type\":\"ReadAction\",\"target\":[\"https:\/\/puntodincontro.mx\/2022\/06\/14\/messico-addio-a-giovanni-capirossi-storico-membro-della-comunita-italiana\/\"]}]},{\"@type\":\"ImageObject\",\"inLanguage\":\"es\",\"@id\":\"https:\/\/puntodincontro.mx\/2022\/06\/14\/messico-addio-a-giovanni-capirossi-storico-membro-della-comunita-italiana\/#primaryimage\",\"url\":\"https:\/\/puntodincontro.mx\/wp-content\/uploads\/2022\/06\/gbcapirossivert.webp\",\"contentUrl\":\"https:\/\/puntodincontro.mx\/wp-content\/uploads\/2022\/06\/gbcapirossivert.webp\",\"width\":423,\"height\":488,\"caption\":\"Addio a Giovanni Capirossi, storico membro della comunit\u00e0 italiana in Messico\"},{\"@type\":\"BreadcrumbList\",\"@id\":\"https:\/\/puntodincontro.mx\/2022\/06\/14\/messico-addio-a-giovanni-capirossi-storico-membro-della-comunita-italiana\/#breadcrumb\",\"itemListElement\":[{\"@type\":\"ListItem\",\"position\":1,\"name\":\"Home\",\"item\":\"https:\/\/puntodincontro.mx\/\"},{\"@type\":\"ListItem\",\"position\":2,\"name\":\"Messico, addio a Giovanni Capirossi, storico membro della comunit\u00e0 italiana\"}]},{\"@type\":\"WebSite\",\"@id\":\"https:\/\/puntodincontro.mx\/#website\",\"url\":\"https:\/\/puntodincontro.mx\/\",\"name\":\"Puntodincontro\",\"description\":\"Dal 2006 notizie sui rapporti Italia-Messico \/ Desde 2006 noticias sobre las relaciones entre Italia y M\u00e9xico\",\"publisher\":{\"@id\":\"https:\/\/puntodincontro.mx\/#organization\"},\"potentialAction\":[{\"@type\":\"SearchAction\",\"target\":{\"@type\":\"EntryPoint\",\"urlTemplate\":\"https:\/\/puntodincontro.mx\/?s={search_term_string}\"},\"query-input\":{\"@type\":\"PropertyValueSpecification\",\"valueRequired\":true,\"valueName\":\"search_term_string\"}}],\"inLanguage\":\"es\"},{\"@type\":\"Organization\",\"@id\":\"https:\/\/puntodincontro.mx\/#organization\",\"name\":\"Puntodincontro\",\"url\":\"https:\/\/puntodincontro.mx\/\",\"logo\":{\"@type\":\"ImageObject\",\"inLanguage\":\"es\",\"@id\":\"https:\/\/puntodincontro.mx\/#\/schema\/logo\/image\/\",\"url\":\"https:\/\/puntodincontro.mx\/wp-content\/uploads\/2021\/08\/Default-image-for-open-graph-settings.jpg\",\"contentUrl\":\"https:\/\/puntodincontro.mx\/wp-content\/uploads\/2021\/08\/Default-image-for-open-graph-settings.jpg\",\"width\":1200,\"height\":630,\"caption\":\"Puntodincontro\"},\"image\":{\"@id\":\"https:\/\/puntodincontro.mx\/#\/schema\/logo\/image\/\"},\"sameAs\":[\"https:\/\/www.facebook.com\/puntodincontro.mx\",\"https:\/\/x.com\/puntodincontro\",\"https:\/\/www.instagram.com\/puntodincontro.mx\/\",\"https:\/\/www.linkedin.com\/company\/puntodincontro\/\",\"https:\/\/www.youtube.com\/c\/puntodincontromessico\",\"https:\/\/www.patreon.com\/puntodincontro\",\"https:\/\/www.threads.net\/@puntodincontro.mx\"]},{\"@type\":\"Person\",\"@id\":\"https:\/\/puntodincontro.mx\/#\/schema\/person\/d3066d18a16259cbb0c29b0d0e93b556\",\"name\":\"Puntodincontro\",\"image\":{\"@type\":\"ImageObject\",\"inLanguage\":\"es\",\"@id\":\"https:\/\/puntodincontro.mx\/#\/schema\/person\/image\/\",\"url\":\"https:\/\/secure.gravatar.com\/avatar\/0e85b4b3b5e9d6bfcec6a4956d8cc63a?s=96&d=mm&r=g\",\"contentUrl\":\"https:\/\/secure.gravatar.com\/avatar\/0e85b4b3b5e9d6bfcec6a4956d8cc63a?s=96&d=mm&r=g\",\"caption\":\"Puntodincontro\"},\"url\":\"https:\/\/puntodincontro.mx\/es\/author\/puntodincontro\/\"}]}<\/script>\n<!-- \/ Yoast SEO Premium plugin. -->","yoast_head_json":{"title":"Messico, addio a Giovanni Capirossi, storico membro della comunit\u00e0 italiana Puntodincontro","description":"Falleci\u00f3 el s\u00e1bado 4 de junio en la Ciudad de M\u00e9xico Giovan Battista Capirossi, uno de los m\u00e1s destacados miembros de la comunidad italiana local, directivo de varias instituciones del Sistema Italia en el pa\u00eds latinoamericano.","robots":{"index":"index","follow":"follow","max-snippet":"max-snippet:-1","max-image-preview":"max-image-preview:large","max-video-preview":"max-video-preview:-1"},"canonical":"https:\/\/puntodincontro.mx\/es\/2022\/06\/14\/mexico-fallece-giovanni-capirossi-miembro-historico-de-la-comunidad-italiana\/","og_locale":"es_MX","og_type":"article","og_title":"Messico, addio a Giovanni Capirossi, storico membro della comunit\u00e0 italiana","og_description":"Si \u00e8 spento sabato 4 giugno a Citt\u00e0 del Messico Giovan Battista Capirossi, uno dei pi\u00f9 noti membri della comunit\u00e0 italiana locale, dirigente di diverse istituzioni del Sistema Italia nel Paese latinoamericano.","og_url":"https:\/\/puntodincontro.mx\/es\/2022\/06\/14\/mexico-fallece-giovanni-capirossi-miembro-historico-de-la-comunidad-italiana\/","og_site_name":"Puntodincontro","article_publisher":"https:\/\/www.facebook.com\/puntodincontro.mx","article_published_time":"2022-06-14T08:39:41+00:00","article_modified_time":"2022-06-14T15:52:28+00:00","og_image":[{"width":423,"height":488,"url":"https:\/\/puntodincontro.mx\/wp-content\/uploads\/2022\/06\/gbcapirossivert.webp","type":"image\/webp"}],"author":"Puntodincontro","twitter_card":"summary_large_image","twitter_creator":"@puntodincontro","twitter_site":"@puntodincontro","twitter_misc":{"Escrito por":"Puntodincontro","Tiempo de lectura":"2 minutos"},"schema":{"@context":"https:\/\/schema.org","@graph":[{"@type":"NewsArticle","@id":"https:\/\/puntodincontro.mx\/2022\/06\/14\/messico-addio-a-giovanni-capirossi-storico-membro-della-comunita-italiana\/#article","isPartOf":{"@id":"https:\/\/puntodincontro.mx\/2022\/06\/14\/messico-addio-a-giovanni-capirossi-storico-membro-della-comunita-italiana\/"},"author":{"name":"Puntodincontro","@id":"https:\/\/puntodincontro.mx\/#\/schema\/person\/d3066d18a16259cbb0c29b0d0e93b556"},"headline":"Messico, addio a Giovanni Capirossi, storico membro della comunit\u00e0 italiana","datePublished":"2022-06-14T08:39:41+00:00","dateModified":"2022-06-14T15:52:28+00:00","mainEntityOfPage":{"@id":"https:\/\/puntodincontro.mx\/2022\/06\/14\/messico-addio-a-giovanni-capirossi-storico-membro-della-comunita-italiana\/"},"wordCount":317,"commentCount":0,"publisher":{"@id":"https:\/\/puntodincontro.mx\/#organization"},"image":{"@id":"https:\/\/puntodincontro.mx\/2022\/06\/14\/messico-addio-a-giovanni-capirossi-storico-membro-della-comunita-italiana\/#primaryimage"},"thumbnailUrl":"https:\/\/puntodincontro.mx\/wp-content\/uploads\/2022\/06\/gbcapirossivert.webp","articleSection":["Italia in Messico"],"inLanguage":"es","potentialAction":[{"@type":"CommentAction","name":"Comment","target":["https:\/\/puntodincontro.mx\/2022\/06\/14\/messico-addio-a-giovanni-capirossi-storico-membro-della-comunita-italiana\/#respond"]}]},{"@type":"WebPage","@id":"https:\/\/puntodincontro.mx\/2022\/06\/14\/messico-addio-a-giovanni-capirossi-storico-membro-della-comunita-italiana\/","url":"https:\/\/puntodincontro.mx\/2022\/06\/14\/messico-addio-a-giovanni-capirossi-storico-membro-della-comunita-italiana\/","name":"Messico, addio a Giovanni Capirossi, storico membro della comunit\u00e0 italiana Puntodincontro","isPartOf":{"@id":"https:\/\/puntodincontro.mx\/#website"},"primaryImageOfPage":{"@id":"https:\/\/puntodincontro.mx\/2022\/06\/14\/messico-addio-a-giovanni-capirossi-storico-membro-della-comunita-italiana\/#primaryimage"},"image":{"@id":"https:\/\/puntodincontro.mx\/2022\/06\/14\/messico-addio-a-giovanni-capirossi-storico-membro-della-comunita-italiana\/#primaryimage"},"thumbnailUrl":"https:\/\/puntodincontro.mx\/wp-content\/uploads\/2022\/06\/gbcapirossivert.webp","datePublished":"2022-06-14T08:39:41+00:00","dateModified":"2022-06-14T15:52:28+00:00","description":"Falleci\u00f3 el s\u00e1bado 4 de junio en la Ciudad de M\u00e9xico Giovan Battista Capirossi, uno de los m\u00e1s destacados miembros de la comunidad italiana local, directivo de varias instituciones del Sistema Italia en el pa\u00eds latinoamericano.","breadcrumb":{"@id":"https:\/\/puntodincontro.mx\/2022\/06\/14\/messico-addio-a-giovanni-capirossi-storico-membro-della-comunita-italiana\/#breadcrumb"},"inLanguage":"es","potentialAction":[{"@type":"ReadAction","target":["https:\/\/puntodincontro.mx\/2022\/06\/14\/messico-addio-a-giovanni-capirossi-storico-membro-della-comunita-italiana\/"]}]},{"@type":"ImageObject","inLanguage":"es","@id":"https:\/\/puntodincontro.mx\/2022\/06\/14\/messico-addio-a-giovanni-capirossi-storico-membro-della-comunita-italiana\/#primaryimage","url":"https:\/\/puntodincontro.mx\/wp-content\/uploads\/2022\/06\/gbcapirossivert.webp","contentUrl":"https:\/\/puntodincontro.mx\/wp-content\/uploads\/2022\/06\/gbcapirossivert.webp","width":423,"height":488,"caption":"Addio a Giovanni Capirossi, storico membro della comunit\u00e0 italiana in Messico"},{"@type":"BreadcrumbList","@id":"https:\/\/puntodincontro.mx\/2022\/06\/14\/messico-addio-a-giovanni-capirossi-storico-membro-della-comunita-italiana\/#breadcrumb","itemListElement":[{"@type":"ListItem","position":1,"name":"Home","item":"https:\/\/puntodincontro.mx\/"},{"@type":"ListItem","position":2,"name":"Messico, addio a Giovanni Capirossi, storico membro della comunit\u00e0 italiana"}]},{"@type":"WebSite","@id":"https:\/\/puntodincontro.mx\/#website","url":"https:\/\/puntodincontro.mx\/","name":"Puntodincontro","description":"Desde el 2006 noticias sobre las relaciones entre Italia y M\u00e9xico \/ Dal 2006 notizie sui rapporti Italia-Messico","publisher":{"@id":"https:\/\/puntodincontro.mx\/#organization"},"potentialAction":[{"@type":"SearchAction","target":{"@type":"EntryPoint","urlTemplate":"https:\/\/puntodincontro.mx\/?s={search_term_string}"},"query-input":{"@type":"PropertyValueSpecification","valueRequired":true,"valueName":"search_term_string"}}],"inLanguage":"es"},{"@type":"Organization","@id":"https:\/\/puntodincontro.mx\/#organization","name":"Puntodincontro","url":"https:\/\/puntodincontro.mx\/","logo":{"@type":"ImageObject","inLanguage":"es","@id":"https:\/\/puntodincontro.mx\/#\/schema\/logo\/image\/","url":"https:\/\/puntodincontro.mx\/wp-content\/uploads\/2021\/08\/Default-image-for-open-graph-settings.jpg","contentUrl":"https:\/\/puntodincontro.mx\/wp-content\/uploads\/2021\/08\/Default-image-for-open-graph-settings.jpg","width":1200,"height":630,"caption":"Puntodincontro"},"image":{"@id":"https:\/\/puntodincontro.mx\/#\/schema\/logo\/image\/"},"sameAs":["https:\/\/www.facebook.com\/puntodincontro.mx","https:\/\/x.com\/puntodincontro","https:\/\/www.instagram.com\/puntodincontro.mx\/","https:\/\/www.linkedin.com\/company\/puntodincontro\/","https:\/\/www.youtube.com\/c\/puntodincontromessico","https:\/\/www.patreon.com\/puntodincontro","https:\/\/www.threads.net\/@puntodincontro.mx"]},{"@type":"Person","@id":"https:\/\/puntodincontro.mx\/#\/schema\/person\/d3066d18a16259cbb0c29b0d0e93b556","name":"Puntodincontro","image":{"@type":"ImageObject","inLanguage":"es","@id":"https:\/\/puntodincontro.mx\/#\/schema\/person\/image\/","url":"https:\/\/secure.gravatar.com\/avatar\/0e85b4b3b5e9d6bfcec6a4956d8cc63a?s=96&d=mm&r=g","contentUrl":"https:\/\/secure.gravatar.com\/avatar\/0e85b4b3b5e9d6bfcec6a4956d8cc63a?s=96&d=mm&r=g","caption":"Puntodincontro"},"url":"https:\/\/puntodincontro.mx\/es\/author\/puntodincontro\/"}]}},"_links":{"self":[{"href":"https:\/\/puntodincontro.mx\/es\/wp-json\/wp\/v2\/posts\/5891"}],"collection":[{"href":"https:\/\/puntodincontro.mx\/es\/wp-json\/wp\/v2\/posts"}],"about":[{"href":"https:\/\/puntodincontro.mx\/es\/wp-json\/wp\/v2\/types\/post"}],"author":[{"embeddable":true,"href":"https:\/\/puntodincontro.mx\/es\/wp-json\/wp\/v2\/users\/2"}],"replies":[{"embeddable":true,"href":"https:\/\/puntodincontro.mx\/es\/wp-json\/wp\/v2\/comments?post=5891"}],"version-history":[{"count":10,"href":"https:\/\/puntodincontro.mx\/es\/wp-json\/wp\/v2\/posts\/5891\/revisions"}],"predecessor-version":[{"id":5920,"href":"https:\/\/puntodincontro.mx\/es\/wp-json\/wp\/v2\/posts\/5891\/revisions\/5920"}],"wp:featuredmedia":[{"embeddable":true,"href":"https:\/\/puntodincontro.mx\/es\/wp-json\/wp\/v2\/media\/5895"}],"wp:attachment":[{"href":"https:\/\/puntodincontro.mx\/es\/wp-json\/wp\/v2\/media?parent=5891"}],"wp:term":[{"taxonomy":"category","embeddable":true,"href":"https:\/\/puntodincontro.mx\/es\/wp-json\/wp\/v2\/categories?post=5891"},{"taxonomy":"post_tag","embeddable":true,"href":"https:\/\/puntodincontro.mx\/es\/wp-json\/wp\/v2\/tags?post=5891"}],"curies":[{"name":"wp","href":"https:\/\/api.w.org\/{rel}","templated":true}]}}