{"id":5902,"date":"2022-06-14T08:03:42","date_gmt":"2022-06-14T13:03:42","guid":{"rendered":"https:\/\/puntodincontro.mx\/?p=5902"},"modified":"2022-06-14T08:21:51","modified_gmt":"2022-06-14T13:21:51","slug":"premio-strega-la-dante-de-la-ciudad-de-mexico-participo-en-la-votacion","status":"publish","type":"post","link":"https:\/\/puntodincontro.mx\/es\/2022\/06\/14\/premio-strega-la-dante-di-citta-del-messico-ha-partecipato-alla-votazione\/","title":{"rendered":"Premio Strega: la Dante de la Ciudad de M\u00e9xico particip\u00f3 en la votaci\u00f3n"},"content":{"rendered":"<p class=\"translation-block\"><strong>07:46 hrs.<\/strong> - Alessandra Carati con la novela <em>E poi saremo salvi<\/em> (Mondadori) fue la autora m\u00e1s votada, con 105 preferencias, en los c\u00edrculos de lectura de la Sociedad Dante Alighieri de todo el mundo para la edici\u00f3n 2022 del Premio Strega en el que fue incluida en 6\u00ba lugar entre los siete finalistas ex aequo con Fabio Bac\u00e0 y su <em>Nova<\/em> (Adelphi).<\/p>\n\n\n\n<p>El Premio Strega es el m\u00e1ximo galard\u00f3n literario en Italia. Creado en 1947, est\u00e1 destinado al autor del mejor libro de ficci\u00f3n escrito en italiano. Fue instituido por la escritora Maria Bellonci y por Guido Alberti, actor y due\u00f1o del licor Strega, que da nombre al premio. A partir de 1986 es organizado por la Fundaci\u00f3n Bellonci.<\/p>\n\n\n\n<p class=\"translation-block\"><em>Quel maledetto Vronskij<\/em> (Rizzoli), de Claudio Piersanti, con 69 votos ocup\u00f3 el segundo lugar entre los siete finalistas.<\/p>\n\n\n\n<p class=\"translation-block\">Siete de los ocho votantes del Presidium Literario la Dante Alighieri de la Ciudad de M\u00e9xico \u2014que particip\u00f3 en la votaci\u00f3n bajo la gu\u00eda de su director did\u00e1ctico Stefano Cara\u2014 expresaron su preferencia por <em>Niente di vero<\/em> (Einaudi) de Ver\u00f3nica Raimo, cuarta entre los finalistas.<\/p>\n\n\n\n<p>Fueron 204 los socios-lectores de los C\u00edrculos Literarios de la Dante que votaron en el Premio Strega 2022: Amman (Jordania), Bucarest (Ruman\u00eda), Chamb\u00e9ry (Francia), Ciudad de M\u00e9xico (M\u00e9xico), Gent (B\u00e9lgica), Granada (Espa\u00f1a), Graz (Austria), Ciudad de Guatemala (Guatemala), La Plata (Argentina), Lieja (B\u00e9lgica), Ciudad de Luxemburgo (Luxemburgo), Mar del Plata (Argentina), Mendoza (Argentina), Minneapolis (Estados Unidos), Mor\u00f3n (Argentina), Ottawa (Canad\u00e1), Rafaela (Argentina), Rosario (Argentina), San Isidro (Argentina), Skopje (Rep\u00fablica de Macedonia), Sydney (Australia), Tripoli (L\u00edbano), Tunis (T\u00fanez), Vancouver (Canad\u00e1), Verviers (B\u00e9lgica) y Zagreb (Croacia).<\/p>\n\n\n\n<p>En estos centros de todo el mundo, durante el a\u00f1o, se presentar\u00e1n los t\u00edtulos que compiten por el Strega 2022 y, en particular, con una breve ceremonia en la sede de la Sociedad Dante Alighieri en Roma, Alessandra Carati recibir\u00e1 el premio a la autora m\u00e1s votada por los Presidios literarios.<\/p>\n\n\n\n<p>Las preferencias de los c\u00edrculos de las 26 sedes de la Dante antes mencionadas se sumaron a los resultados de la votaci\u00f3n colectiva general, determinando as\u00ed los 7 finalistas de la edici\u00f3n 2022 del premio Strega:<\/p>\n\n\n\n<p class=\"translation-block\">Mario Desiati, <em>Spatriati<\/em> (Einaudi) con 244 votos<br>Claudio Piersanti, <em>Quel maledetto Vronskij<\/em> (Rizzoli) con 178 votos<br>Marco Amerighi, <em>Randagi<\/em> (Bollati Boringhieri) con 175 votos<br>Veronica Raimo, <em>Niente di vero<\/em> (Einaudi) con 169 votos<br>Fabio Bac\u00e0, <em>Nova<\/em> (Adelphi) con 168 votos<br>Alessandra Carati, <em>E poi saremo salvi<\/em> (Mondadori) con 168 votos<br>Veronica Galletta, <em>Nina sull\u2019argine<\/em>, (minimum fax) con 103 votos<\/p>\n\n\n\n<p>La elecci\u00f3n del ganador tendr\u00e1 lugar el jueves 7 de julio en el Museo Nacional Etrusco de Villa Giulia en Roma y ser\u00e1 transmitida en vivo por Rai Tre, con la conducci\u00f3n de Geppi Cucciari.<\/p>\n\n\n<div class=\"wp-block-image\">\n<figure class=\"aligncenter size-full\"><img loading=\"lazy\" decoding=\"async\" width=\"800\" height=\"800\" src=\"https:\/\/puntodincontro.mx\/wp-content\/uploads\/2022\/06\/premiostrega2022finalisti.webp\" alt=\"\" class=\"wp-image-5913\" srcset=\"https:\/\/puntodincontro.mx\/wp-content\/uploads\/2022\/06\/premiostrega2022finalisti.webp 800w, https:\/\/puntodincontro.mx\/wp-content\/uploads\/2022\/06\/premiostrega2022finalisti-300x300.webp 300w, https:\/\/puntodincontro.mx\/wp-content\/uploads\/2022\/06\/premiostrega2022finalisti-150x150.webp 150w, https:\/\/puntodincontro.mx\/wp-content\/uploads\/2022\/06\/premiostrega2022finalisti-768x768.webp 768w, https:\/\/puntodincontro.mx\/wp-content\/uploads\/2022\/06\/premiostrega2022finalisti-12x12.webp 12w\" sizes=\"(max-width: 800px) 100vw, 800px\" \/><\/figure><\/div>\n\n\n<div style=\"height:12px\" aria-hidden=\"true\" class=\"wp-block-spacer\"><\/div>\n\n\n\n\n\n<div style=\"height:12px\" aria-hidden=\"true\" class=\"wp-block-spacer\"><\/div>","protected":false},"excerpt":{"rendered":"<p>Ore 07.46 &#8211; \u00c8 stata Alessandra Carati con il romanzo E poi saremo salvi (Mondadori) l&#8217;autrice pi\u00f9 votata, con 105 preferenze, nei circoli di lettura di tutto il mondo della Societ\u00e0 Dante Alighieri per l&#8217;edizione 2022 del Premio Strega, dove \u00e8 entrata al sesto posto tra i sette finalisti ex aequo con Fabio Bac\u00e0 e il suo Nova (Adelphi). Il Premio Strega \u00e8 il pi\u00f9 alto riconoscimento letterario in Italia. Creato nel 1947, \u00e8 destinato all&#8217;autore del miglior libro di narrativa scritto in italiano. Fu istituito dalla scrittrice Maria Bellonci e da Guido Alberti, attore e proprietario del liquore Strega,&#8230; <\/p>","protected":false},"author":2,"featured_media":5908,"comment_status":"open","ping_status":"open","sticky":false,"template":"","format":"standard","meta":{"_monsterinsights_skip_tracking":false,"_monsterinsights_sitenote_active":false,"_monsterinsights_sitenote_note":"","_monsterinsights_sitenote_category":0,"footnotes":""},"categories":[25],"tags":[],"class_list":["post-5902","post","type-post","status-publish","format-standard","has-post-thumbnail","hentry","category-cultura"],"yoast_head":"<!-- This site is optimized with the Yoast SEO Premium plugin v18.4 (Yoast SEO v25.6) - https:\/\/yoast.com\/wordpress\/plugins\/seo\/ -->\n<title>Premio Strega: la Dante di Citt\u00e0 del Messico ha partecipato alla votazione Puntodincontro<\/title>\n<meta name=\"description\" content=\"Sette degli otto votanti del Presidio Letterario della Dante Alighieri di Citt\u00e0 del Messico \u2014che ha partecipato alla votazione sotto la guida del direttore didattico Stefano Cara\u2014 hanno espresso preferenza per \u201cNiente di vero\u201d (Einaudi) di Veronica Raimo, quarta tra i finalisti.\" \/>\n<meta name=\"robots\" content=\"index, follow, max-snippet:-1, max-image-preview:large, max-video-preview:-1\" \/>\n<link rel=\"canonical\" href=\"https:\/\/puntodincontro.mx\/es\/2022\/06\/14\/premio-strega-la-dante-de-la-ciudad-de-mexico-participo-en-la-votacion\/\" \/>\n<meta property=\"og:locale\" content=\"es_MX\" \/>\n<meta property=\"og:type\" content=\"article\" \/>\n<meta property=\"og:title\" content=\"Premio Strega: la Dante di Citt\u00e0 del Messico ha partecipato alla votazione\" \/>\n<meta property=\"og:description\" content=\"Sette degli otto votanti del Presidio Letterario della Dante Alighieri di Citt\u00e0 del Messico \u2014che ha partecipato alla votazione sotto la guida del direttore didattico Stefano Cara\u2014 hanno espresso preferenza per \u201cNiente di vero\u201d (Einaudi) di Veronica Raimo, quarta tra i finalisti.\" \/>\n<meta property=\"og:url\" content=\"https:\/\/puntodincontro.mx\/es\/2022\/06\/14\/premio-strega-la-dante-de-la-ciudad-de-mexico-participo-en-la-votacion\/\" \/>\n<meta property=\"og:site_name\" content=\"Puntodincontro\" \/>\n<meta property=\"article:publisher\" content=\"https:\/\/www.facebook.com\/puntodincontro.mx\" \/>\n<meta property=\"article:published_time\" content=\"2022-06-14T13:03:42+00:00\" \/>\n<meta property=\"article:modified_time\" content=\"2022-06-14T13:21:51+00:00\" \/>\n<meta property=\"og:image\" content=\"https:\/\/puntodincontro.mx\/wp-content\/uploads\/2022\/06\/premiostrega2022vert.webp\" \/>\n\t<meta property=\"og:image:width\" content=\"423\" \/>\n\t<meta property=\"og:image:height\" content=\"488\" \/>\n\t<meta property=\"og:image:type\" content=\"image\/webp\" \/>\n<meta name=\"author\" content=\"Puntodincontro\" \/>\n<meta name=\"twitter:card\" content=\"summary_large_image\" \/>\n<meta name=\"twitter:creator\" content=\"@puntodincontro\" \/>\n<meta name=\"twitter:site\" content=\"@puntodincontro\" \/>\n<meta name=\"twitter:label1\" content=\"Escrito por\" \/>\n\t<meta name=\"twitter:data1\" content=\"Puntodincontro\" \/>\n\t<meta name=\"twitter:label2\" content=\"Tiempo de lectura\" \/>\n\t<meta name=\"twitter:data2\" content=\"3 minutos\" \/>\n<script type=\"application\/ld+json\" class=\"yoast-schema-graph\">{\"@context\":\"https:\/\/schema.org\",\"@graph\":[{\"@type\":\"NewsArticle\",\"@id\":\"https:\/\/puntodincontro.mx\/2022\/06\/14\/premio-strega-la-dante-di-citta-del-messico-ha-partecipato-alla-votazione\/#article\",\"isPartOf\":{\"@id\":\"https:\/\/puntodincontro.mx\/2022\/06\/14\/premio-strega-la-dante-di-citta-del-messico-ha-partecipato-alla-votazione\/\"},\"author\":{\"name\":\"Puntodincontro\",\"@id\":\"https:\/\/puntodincontro.mx\/#\/schema\/person\/d3066d18a16259cbb0c29b0d0e93b556\"},\"headline\":\"Premio Strega: la Dante di Citt\u00e0 del Messico ha partecipato alla votazione\",\"datePublished\":\"2022-06-14T13:03:42+00:00\",\"dateModified\":\"2022-06-14T13:21:51+00:00\",\"mainEntityOfPage\":{\"@id\":\"https:\/\/puntodincontro.mx\/2022\/06\/14\/premio-strega-la-dante-di-citta-del-messico-ha-partecipato-alla-votazione\/\"},\"wordCount\":418,\"commentCount\":0,\"publisher\":{\"@id\":\"https:\/\/puntodincontro.mx\/#organization\"},\"image\":{\"@id\":\"https:\/\/puntodincontro.mx\/2022\/06\/14\/premio-strega-la-dante-di-citta-del-messico-ha-partecipato-alla-votazione\/#primaryimage\"},\"thumbnailUrl\":\"https:\/\/puntodincontro.mx\/wp-content\/uploads\/2022\/06\/premiostrega2022vert.webp\",\"articleSection\":[\"Cultura\"],\"inLanguage\":\"es\",\"potentialAction\":[{\"@type\":\"CommentAction\",\"name\":\"Comment\",\"target\":[\"https:\/\/puntodincontro.mx\/2022\/06\/14\/premio-strega-la-dante-di-citta-del-messico-ha-partecipato-alla-votazione\/#respond\"]}]},{\"@type\":\"WebPage\",\"@id\":\"https:\/\/puntodincontro.mx\/2022\/06\/14\/premio-strega-la-dante-di-citta-del-messico-ha-partecipato-alla-votazione\/\",\"url\":\"https:\/\/puntodincontro.mx\/2022\/06\/14\/premio-strega-la-dante-di-citta-del-messico-ha-partecipato-alla-votazione\/\",\"name\":\"Premio Strega: la Dante di Citt\u00e0 del Messico ha partecipato alla votazione Puntodincontro\",\"isPartOf\":{\"@id\":\"https:\/\/puntodincontro.mx\/#website\"},\"primaryImageOfPage\":{\"@id\":\"https:\/\/puntodincontro.mx\/2022\/06\/14\/premio-strega-la-dante-di-citta-del-messico-ha-partecipato-alla-votazione\/#primaryimage\"},\"image\":{\"@id\":\"https:\/\/puntodincontro.mx\/2022\/06\/14\/premio-strega-la-dante-di-citta-del-messico-ha-partecipato-alla-votazione\/#primaryimage\"},\"thumbnailUrl\":\"https:\/\/puntodincontro.mx\/wp-content\/uploads\/2022\/06\/premiostrega2022vert.webp\",\"datePublished\":\"2022-06-14T13:03:42+00:00\",\"dateModified\":\"2022-06-14T13:21:51+00:00\",\"description\":\"Sette degli otto votanti del Presidio Letterario della Dante Alighieri di Citt\u00e0 del Messico \u2014che ha partecipato alla votazione sotto la guida del direttore didattico Stefano Cara\u2014 hanno espresso preferenza per \u201cNiente di vero\u201d (Einaudi) di Veronica Raimo, quarta tra i finalisti.\",\"breadcrumb\":{\"@id\":\"https:\/\/puntodincontro.mx\/2022\/06\/14\/premio-strega-la-dante-di-citta-del-messico-ha-partecipato-alla-votazione\/#breadcrumb\"},\"inLanguage\":\"es\",\"potentialAction\":[{\"@type\":\"ReadAction\",\"target\":[\"https:\/\/puntodincontro.mx\/2022\/06\/14\/premio-strega-la-dante-di-citta-del-messico-ha-partecipato-alla-votazione\/\"]}]},{\"@type\":\"ImageObject\",\"inLanguage\":\"es\",\"@id\":\"https:\/\/puntodincontro.mx\/2022\/06\/14\/premio-strega-la-dante-di-citta-del-messico-ha-partecipato-alla-votazione\/#primaryimage\",\"url\":\"https:\/\/puntodincontro.mx\/wp-content\/uploads\/2022\/06\/premiostrega2022vert.webp\",\"contentUrl\":\"https:\/\/puntodincontro.mx\/wp-content\/uploads\/2022\/06\/premiostrega2022vert.webp\",\"width\":423,\"height\":488,\"caption\":\"Premio Strega: la Dante di Citt\u00e0 del Messico ha partecipato alla votazione\"},{\"@type\":\"BreadcrumbList\",\"@id\":\"https:\/\/puntodincontro.mx\/2022\/06\/14\/premio-strega-la-dante-di-citta-del-messico-ha-partecipato-alla-votazione\/#breadcrumb\",\"itemListElement\":[{\"@type\":\"ListItem\",\"position\":1,\"name\":\"Home\",\"item\":\"https:\/\/puntodincontro.mx\/\"},{\"@type\":\"ListItem\",\"position\":2,\"name\":\"Premio Strega: la Dante di Citt\u00e0 del Messico ha partecipato alla votazione\"}]},{\"@type\":\"WebSite\",\"@id\":\"https:\/\/puntodincontro.mx\/#website\",\"url\":\"https:\/\/puntodincontro.mx\/\",\"name\":\"Puntodincontro\",\"description\":\"Dal 2006 notizie sui rapporti Italia-Messico \/ Desde 2006 noticias sobre las relaciones entre Italia y M\u00e9xico\",\"publisher\":{\"@id\":\"https:\/\/puntodincontro.mx\/#organization\"},\"potentialAction\":[{\"@type\":\"SearchAction\",\"target\":{\"@type\":\"EntryPoint\",\"urlTemplate\":\"https:\/\/puntodincontro.mx\/?s={search_term_string}\"},\"query-input\":{\"@type\":\"PropertyValueSpecification\",\"valueRequired\":true,\"valueName\":\"search_term_string\"}}],\"inLanguage\":\"es\"},{\"@type\":\"Organization\",\"@id\":\"https:\/\/puntodincontro.mx\/#organization\",\"name\":\"Puntodincontro\",\"url\":\"https:\/\/puntodincontro.mx\/\",\"logo\":{\"@type\":\"ImageObject\",\"inLanguage\":\"es\",\"@id\":\"https:\/\/puntodincontro.mx\/#\/schema\/logo\/image\/\",\"url\":\"https:\/\/puntodincontro.mx\/wp-content\/uploads\/2021\/08\/Default-image-for-open-graph-settings.jpg\",\"contentUrl\":\"https:\/\/puntodincontro.mx\/wp-content\/uploads\/2021\/08\/Default-image-for-open-graph-settings.jpg\",\"width\":1200,\"height\":630,\"caption\":\"Puntodincontro\"},\"image\":{\"@id\":\"https:\/\/puntodincontro.mx\/#\/schema\/logo\/image\/\"},\"sameAs\":[\"https:\/\/www.facebook.com\/puntodincontro.mx\",\"https:\/\/x.com\/puntodincontro\",\"https:\/\/www.instagram.com\/puntodincontro.mx\/\",\"https:\/\/www.linkedin.com\/company\/puntodincontro\/\",\"https:\/\/www.youtube.com\/c\/puntodincontromessico\",\"https:\/\/www.patreon.com\/puntodincontro\",\"https:\/\/www.threads.net\/@puntodincontro.mx\"]},{\"@type\":\"Person\",\"@id\":\"https:\/\/puntodincontro.mx\/#\/schema\/person\/d3066d18a16259cbb0c29b0d0e93b556\",\"name\":\"Puntodincontro\",\"image\":{\"@type\":\"ImageObject\",\"inLanguage\":\"es\",\"@id\":\"https:\/\/puntodincontro.mx\/#\/schema\/person\/image\/\",\"url\":\"https:\/\/secure.gravatar.com\/avatar\/0e85b4b3b5e9d6bfcec6a4956d8cc63a?s=96&d=mm&r=g\",\"contentUrl\":\"https:\/\/secure.gravatar.com\/avatar\/0e85b4b3b5e9d6bfcec6a4956d8cc63a?s=96&d=mm&r=g\",\"caption\":\"Puntodincontro\"},\"url\":\"https:\/\/puntodincontro.mx\/es\/author\/puntodincontro\/\"}]}<\/script>\n<!-- \/ Yoast SEO Premium plugin. -->","yoast_head_json":{"title":"Premio Strega: la Dante di Citt\u00e0 del Messico ha partecipato alla votazione Puntodincontro","description":"Siete de los ocho votantes del Presidium Literario la Dante Alighieri de la Ciudad de M\u00e9xico \u2014que particip\u00f3 en la votaci\u00f3n bajo la gu\u00eda de su director did\u00e1ctico Stefano Cara\u2014 expresaron su preferencia por \u201cNiente di vero\u201d (Einaudi) de Ver\u00f3nica Raimo, cuarta entre los finalistas.","robots":{"index":"index","follow":"follow","max-snippet":"max-snippet:-1","max-image-preview":"max-image-preview:large","max-video-preview":"max-video-preview:-1"},"canonical":"https:\/\/puntodincontro.mx\/es\/2022\/06\/14\/premio-strega-la-dante-de-la-ciudad-de-mexico-participo-en-la-votacion\/","og_locale":"es_MX","og_type":"article","og_title":"Premio Strega: la Dante di Citt\u00e0 del Messico ha partecipato alla votazione","og_description":"Sette degli otto votanti del Presidio Letterario della Dante Alighieri di Citt\u00e0 del Messico \u2014che ha partecipato alla votazione sotto la guida del direttore didattico Stefano Cara\u2014 hanno espresso preferenza per \u201cNiente di vero\u201d (Einaudi) di Veronica Raimo, quarta tra i finalisti.","og_url":"https:\/\/puntodincontro.mx\/es\/2022\/06\/14\/premio-strega-la-dante-de-la-ciudad-de-mexico-participo-en-la-votacion\/","og_site_name":"Puntodincontro","article_publisher":"https:\/\/www.facebook.com\/puntodincontro.mx","article_published_time":"2022-06-14T13:03:42+00:00","article_modified_time":"2022-06-14T13:21:51+00:00","og_image":[{"width":423,"height":488,"url":"https:\/\/puntodincontro.mx\/wp-content\/uploads\/2022\/06\/premiostrega2022vert.webp","type":"image\/webp"}],"author":"Puntodincontro","twitter_card":"summary_large_image","twitter_creator":"@puntodincontro","twitter_site":"@puntodincontro","twitter_misc":{"Escrito por":"Puntodincontro","Tiempo de lectura":"3 minutos"},"schema":{"@context":"https:\/\/schema.org","@graph":[{"@type":"NewsArticle","@id":"https:\/\/puntodincontro.mx\/2022\/06\/14\/premio-strega-la-dante-di-citta-del-messico-ha-partecipato-alla-votazione\/#article","isPartOf":{"@id":"https:\/\/puntodincontro.mx\/2022\/06\/14\/premio-strega-la-dante-di-citta-del-messico-ha-partecipato-alla-votazione\/"},"author":{"name":"Puntodincontro","@id":"https:\/\/puntodincontro.mx\/#\/schema\/person\/d3066d18a16259cbb0c29b0d0e93b556"},"headline":"Premio Strega: la Dante di Citt\u00e0 del Messico ha partecipato alla votazione","datePublished":"2022-06-14T13:03:42+00:00","dateModified":"2022-06-14T13:21:51+00:00","mainEntityOfPage":{"@id":"https:\/\/puntodincontro.mx\/2022\/06\/14\/premio-strega-la-dante-di-citta-del-messico-ha-partecipato-alla-votazione\/"},"wordCount":418,"commentCount":0,"publisher":{"@id":"https:\/\/puntodincontro.mx\/#organization"},"image":{"@id":"https:\/\/puntodincontro.mx\/2022\/06\/14\/premio-strega-la-dante-di-citta-del-messico-ha-partecipato-alla-votazione\/#primaryimage"},"thumbnailUrl":"https:\/\/puntodincontro.mx\/wp-content\/uploads\/2022\/06\/premiostrega2022vert.webp","articleSection":["Cultura"],"inLanguage":"es","potentialAction":[{"@type":"CommentAction","name":"Comment","target":["https:\/\/puntodincontro.mx\/2022\/06\/14\/premio-strega-la-dante-di-citta-del-messico-ha-partecipato-alla-votazione\/#respond"]}]},{"@type":"WebPage","@id":"https:\/\/puntodincontro.mx\/2022\/06\/14\/premio-strega-la-dante-di-citta-del-messico-ha-partecipato-alla-votazione\/","url":"https:\/\/puntodincontro.mx\/2022\/06\/14\/premio-strega-la-dante-di-citta-del-messico-ha-partecipato-alla-votazione\/","name":"Premio Strega: la Dante di Citt\u00e0 del Messico ha partecipato alla votazione Puntodincontro","isPartOf":{"@id":"https:\/\/puntodincontro.mx\/#website"},"primaryImageOfPage":{"@id":"https:\/\/puntodincontro.mx\/2022\/06\/14\/premio-strega-la-dante-di-citta-del-messico-ha-partecipato-alla-votazione\/#primaryimage"},"image":{"@id":"https:\/\/puntodincontro.mx\/2022\/06\/14\/premio-strega-la-dante-di-citta-del-messico-ha-partecipato-alla-votazione\/#primaryimage"},"thumbnailUrl":"https:\/\/puntodincontro.mx\/wp-content\/uploads\/2022\/06\/premiostrega2022vert.webp","datePublished":"2022-06-14T13:03:42+00:00","dateModified":"2022-06-14T13:21:51+00:00","description":"Siete de los ocho votantes del Presidium Literario la Dante Alighieri de la Ciudad de M\u00e9xico \u2014que particip\u00f3 en la votaci\u00f3n bajo la gu\u00eda de su director did\u00e1ctico Stefano Cara\u2014 expresaron su preferencia por \u201cNiente di vero\u201d (Einaudi) de Ver\u00f3nica Raimo, cuarta entre los finalistas.","breadcrumb":{"@id":"https:\/\/puntodincontro.mx\/2022\/06\/14\/premio-strega-la-dante-di-citta-del-messico-ha-partecipato-alla-votazione\/#breadcrumb"},"inLanguage":"es","potentialAction":[{"@type":"ReadAction","target":["https:\/\/puntodincontro.mx\/2022\/06\/14\/premio-strega-la-dante-di-citta-del-messico-ha-partecipato-alla-votazione\/"]}]},{"@type":"ImageObject","inLanguage":"es","@id":"https:\/\/puntodincontro.mx\/2022\/06\/14\/premio-strega-la-dante-di-citta-del-messico-ha-partecipato-alla-votazione\/#primaryimage","url":"https:\/\/puntodincontro.mx\/wp-content\/uploads\/2022\/06\/premiostrega2022vert.webp","contentUrl":"https:\/\/puntodincontro.mx\/wp-content\/uploads\/2022\/06\/premiostrega2022vert.webp","width":423,"height":488,"caption":"Premio Strega: la Dante di Citt\u00e0 del Messico ha partecipato alla votazione"},{"@type":"BreadcrumbList","@id":"https:\/\/puntodincontro.mx\/2022\/06\/14\/premio-strega-la-dante-di-citta-del-messico-ha-partecipato-alla-votazione\/#breadcrumb","itemListElement":[{"@type":"ListItem","position":1,"name":"Home","item":"https:\/\/puntodincontro.mx\/"},{"@type":"ListItem","position":2,"name":"Premio Strega: la Dante di Citt\u00e0 del Messico ha partecipato alla votazione"}]},{"@type":"WebSite","@id":"https:\/\/puntodincontro.mx\/#website","url":"https:\/\/puntodincontro.mx\/","name":"Puntodincontro","description":"Desde el 2006 noticias sobre las relaciones entre Italia y M\u00e9xico \/ Dal 2006 notizie sui rapporti Italia-Messico","publisher":{"@id":"https:\/\/puntodincontro.mx\/#organization"},"potentialAction":[{"@type":"SearchAction","target":{"@type":"EntryPoint","urlTemplate":"https:\/\/puntodincontro.mx\/?s={search_term_string}"},"query-input":{"@type":"PropertyValueSpecification","valueRequired":true,"valueName":"search_term_string"}}],"inLanguage":"es"},{"@type":"Organization","@id":"https:\/\/puntodincontro.mx\/#organization","name":"Puntodincontro","url":"https:\/\/puntodincontro.mx\/","logo":{"@type":"ImageObject","inLanguage":"es","@id":"https:\/\/puntodincontro.mx\/#\/schema\/logo\/image\/","url":"https:\/\/puntodincontro.mx\/wp-content\/uploads\/2021\/08\/Default-image-for-open-graph-settings.jpg","contentUrl":"https:\/\/puntodincontro.mx\/wp-content\/uploads\/2021\/08\/Default-image-for-open-graph-settings.jpg","width":1200,"height":630,"caption":"Puntodincontro"},"image":{"@id":"https:\/\/puntodincontro.mx\/#\/schema\/logo\/image\/"},"sameAs":["https:\/\/www.facebook.com\/puntodincontro.mx","https:\/\/x.com\/puntodincontro","https:\/\/www.instagram.com\/puntodincontro.mx\/","https:\/\/www.linkedin.com\/company\/puntodincontro\/","https:\/\/www.youtube.com\/c\/puntodincontromessico","https:\/\/www.patreon.com\/puntodincontro","https:\/\/www.threads.net\/@puntodincontro.mx"]},{"@type":"Person","@id":"https:\/\/puntodincontro.mx\/#\/schema\/person\/d3066d18a16259cbb0c29b0d0e93b556","name":"Puntodincontro","image":{"@type":"ImageObject","inLanguage":"es","@id":"https:\/\/puntodincontro.mx\/#\/schema\/person\/image\/","url":"https:\/\/secure.gravatar.com\/avatar\/0e85b4b3b5e9d6bfcec6a4956d8cc63a?s=96&d=mm&r=g","contentUrl":"https:\/\/secure.gravatar.com\/avatar\/0e85b4b3b5e9d6bfcec6a4956d8cc63a?s=96&d=mm&r=g","caption":"Puntodincontro"},"url":"https:\/\/puntodincontro.mx\/es\/author\/puntodincontro\/"}]}},"_links":{"self":[{"href":"https:\/\/puntodincontro.mx\/es\/wp-json\/wp\/v2\/posts\/5902"}],"collection":[{"href":"https:\/\/puntodincontro.mx\/es\/wp-json\/wp\/v2\/posts"}],"about":[{"href":"https:\/\/puntodincontro.mx\/es\/wp-json\/wp\/v2\/types\/post"}],"author":[{"embeddable":true,"href":"https:\/\/puntodincontro.mx\/es\/wp-json\/wp\/v2\/users\/2"}],"replies":[{"embeddable":true,"href":"https:\/\/puntodincontro.mx\/es\/wp-json\/wp\/v2\/comments?post=5902"}],"version-history":[{"count":8,"href":"https:\/\/puntodincontro.mx\/es\/wp-json\/wp\/v2\/posts\/5902\/revisions"}],"predecessor-version":[{"id":5914,"href":"https:\/\/puntodincontro.mx\/es\/wp-json\/wp\/v2\/posts\/5902\/revisions\/5914"}],"wp:featuredmedia":[{"embeddable":true,"href":"https:\/\/puntodincontro.mx\/es\/wp-json\/wp\/v2\/media\/5908"}],"wp:attachment":[{"href":"https:\/\/puntodincontro.mx\/es\/wp-json\/wp\/v2\/media?parent=5902"}],"wp:term":[{"taxonomy":"category","embeddable":true,"href":"https:\/\/puntodincontro.mx\/es\/wp-json\/wp\/v2\/categories?post=5902"},{"taxonomy":"post_tag","embeddable":true,"href":"https:\/\/puntodincontro.mx\/es\/wp-json\/wp\/v2\/tags?post=5902"}],"curies":[{"name":"wp","href":"https:\/\/api.w.org\/{rel}","templated":true}]}}