{"id":5964,"date":"2022-06-20T08:48:03","date_gmt":"2022-06-20T13:48:03","guid":{"rendered":"https:\/\/puntodincontro.mx\/?p=5964"},"modified":"2022-06-20T08:48:04","modified_gmt":"2022-06-20T13:48:04","slug":"stellantis-evaluaran-eventuales-violaciones-a-los-derechos-laborales-en-mexico","status":"publish","type":"post","link":"https:\/\/puntodincontro.mx\/es\/2022\/06\/20\/stellantis-verranno-valutate-eventuali-violazioni-ai-diritti-del-lavoro-in-messico\/","title":{"rendered":"Stellantis: evaluar\u00e1n supuestas violaciones a derechos laborales en M\u00e9xico"},"content":{"rendered":"\n<p><strong>Ore 08.44<\/strong> &#8211; Il governo messicano ha ammesso una richiesta di revisione proveniente dalla sua controparte statunitense su una presunta negazione dei diritti del lavoro in uno stabilimento della filiale locale del gruppo automobilistico italo-franco-statunitense Stellantis.<\/p>\n\n\n\n<p>Se il caso contro Teksid Hierro de M\u00e9xico andasse avanti, sarebbe la quarta denuncia di lavoro contro un\u2019azienda straniera nel Paese dalla met\u00e0 del 2020, quando \u00e8 entrato in vigore il rinnovato accordo commerciale tra Messico, Stati Uniti e Canada (T-MEC).<\/p>\n\n\n\n<p>\u00abIl Ministero dell&#8217;Economia, a nome del Governo del Messico, ha inviato [\u2026] una comunicazione all&#8217;all\u2019Ufficio del Rappresentante per il Commercio degli Stati Uniti in cui indica che \u00e8 stata accolta la richiesta di riesame pervenuta il 6 giugno, riguardante una presunta negazione della libert\u00e0 di associazione e dei diritti di contrattazione collettiva presso lo stabilimento di Teksid Hierro de M\u00e9xico, SA. de C.V., con sede a Frontera, nello Stato di Coahuila\u00bb, afferma una nota.<\/p>\n\n\n\n<p>\u00abSulla base di questa risposta, il ministero dell&#8217;Economia, in coordinamento con il ministero del Lavoro e della previdenza sociale e gli altri agenti coinvolti, esaminer\u00e0 il caso per determinare se vi sia o meno una negazione dei diritti del lavoro in conformit\u00e0 con le disposizioni stabilite nel Trattato tra Messico, Stati Uniti e Canada (T-MEC)\u00bb.<\/p>\n\n\n\n<p>Teksid, che impiega quasi 1.500 persone e produce componenti in ferro per veicoli pesanti, \u00e8 coinvolta dal 2014 in una disputa sindacale che secondo gli attivisti ha impedito ai lavoratori di essere rappresentati da un gruppo di loro scelta.<\/p>\n\n\n\n<p>Stellantis \u2014divenuto lo scorso anno il quarto gruppo automobilistico al mondo dopo la fusione tra Groupe PSA, produttore di Peugeot, e Fiat Chrysler Automobiles\u2014 gestisce altri sette stabilimenti in Messico.<\/p>\n\n\n\n<div style=\"height:12px\" aria-hidden=\"true\" class=\"wp-block-spacer\"><\/div>\n\n\n\n\n\n<div style=\"height:12px\" aria-hidden=\"true\" class=\"wp-block-spacer\"><\/div>\n","protected":false},"excerpt":{"rendered":"<p>Ore 08.44 &#8211; Il governo messicano ha ammesso una richiesta di revisione proveniente dalla sua controparte statunitense su una presunta negazione dei diritti del lavoro in uno stabilimento della filiale locale del gruppo automobilistico italo-franco-statunitense Stellantis. Se il caso contro Teksid Hierro de M\u00e9xico andasse avanti, sarebbe la quarta denuncia di lavoro contro un\u2019azienda straniera nel Paese dalla met\u00e0 del 2020, quando \u00e8 entrato in vigore il rinnovato accordo commerciale tra Messico, Stati Uniti e Canada (T-MEC). \u00abIl Ministero dell&#8217;Economia, a nome del Governo del Messico, ha inviato [\u2026] una comunicazione all&#8217;all\u2019Ufficio del Rappresentante per il Commercio degli Stati Uniti&#8230; <\/p>\n","protected":false},"author":2,"featured_media":5971,"comment_status":"open","ping_status":"open","sticky":false,"template":"","format":"standard","meta":{"_monsterinsights_skip_tracking":false,"_monsterinsights_sitenote_active":false,"_monsterinsights_sitenote_note":"","_monsterinsights_sitenote_category":0,"footnotes":""},"categories":[3],"tags":[],"class_list":["post-5964","post","type-post","status-publish","format-standard","has-post-thumbnail","hentry","category-economia-e-finanza"],"yoast_head":"<!-- This site is optimized with the Yoast SEO Premium plugin v18.4 (Yoast SEO v25.6) - https:\/\/yoast.com\/wordpress\/plugins\/seo\/ -->\n<title>Stellantis: verranno valutate eventuali violazioni ai diritti del lavoro in Messico Puntodincontro<\/title>\n<meta name=\"description\" content=\"Il governo messicano ha ammesso una richiesta di revisione proveniente dalla sua controparte statunitense su una presunta negazione dei diritti del lavoro in uno stabilimento della filiale locale del gruppo automobilistico italo-franco-statunitense Stellantis.\" \/>\n<meta name=\"robots\" content=\"index, follow, max-snippet:-1, max-image-preview:large, max-video-preview:-1\" \/>\n<link rel=\"canonical\" href=\"https:\/\/puntodincontro.mx\/es\/2022\/06\/20\/stellantis-evaluaran-eventuales-violaciones-a-los-derechos-laborales-en-mexico\/\" \/>\n<meta property=\"og:locale\" content=\"es_MX\" \/>\n<meta property=\"og:type\" content=\"article\" \/>\n<meta property=\"og:title\" content=\"Stellantis: verranno valutate eventuali violazioni ai diritti del lavoro in Messico\" \/>\n<meta property=\"og:description\" content=\"Il governo messicano ha ammesso una richiesta di revisione proveniente dalla sua controparte statunitense su una presunta negazione dei diritti del lavoro in uno stabilimento della filiale locale del gruppo automobilistico italo-franco-statunitense Stellantis.\" \/>\n<meta property=\"og:url\" content=\"https:\/\/puntodincontro.mx\/es\/2022\/06\/20\/stellantis-evaluaran-eventuales-violaciones-a-los-derechos-laborales-en-mexico\/\" \/>\n<meta property=\"og:site_name\" content=\"Puntodincontro\" \/>\n<meta property=\"article:publisher\" content=\"https:\/\/www.facebook.com\/puntodincontro.mx\" \/>\n<meta property=\"article:published_time\" content=\"2022-06-20T13:48:03+00:00\" \/>\n<meta property=\"article:modified_time\" content=\"2022-06-20T13:48:04+00:00\" \/>\n<meta property=\"og:image\" content=\"https:\/\/puntodincontro.mx\/wp-content\/uploads\/2022\/06\/teksidvert.webp\" \/>\n\t<meta property=\"og:image:width\" content=\"423\" \/>\n\t<meta property=\"og:image:height\" content=\"488\" \/>\n\t<meta property=\"og:image:type\" content=\"image\/webp\" \/>\n<meta name=\"author\" content=\"Puntodincontro\" \/>\n<meta name=\"twitter:card\" content=\"summary_large_image\" \/>\n<meta name=\"twitter:creator\" content=\"@puntodincontro\" \/>\n<meta name=\"twitter:site\" content=\"@puntodincontro\" \/>\n<meta name=\"twitter:label1\" content=\"Escrito por\" \/>\n\t<meta name=\"twitter:data1\" content=\"Puntodincontro\" \/>\n\t<meta name=\"twitter:label2\" content=\"Tiempo de lectura\" \/>\n\t<meta name=\"twitter:data2\" content=\"2 minutos\" \/>\n<script type=\"application\/ld+json\" class=\"yoast-schema-graph\">{\"@context\":\"https:\/\/schema.org\",\"@graph\":[{\"@type\":\"NewsArticle\",\"@id\":\"https:\/\/puntodincontro.mx\/2022\/06\/20\/stellantis-verranno-valutate-eventuali-violazioni-ai-diritti-del-lavoro-in-messico\/#article\",\"isPartOf\":{\"@id\":\"https:\/\/puntodincontro.mx\/2022\/06\/20\/stellantis-verranno-valutate-eventuali-violazioni-ai-diritti-del-lavoro-in-messico\/\"},\"author\":{\"name\":\"Puntodincontro\",\"@id\":\"https:\/\/puntodincontro.mx\/#\/schema\/person\/d3066d18a16259cbb0c29b0d0e93b556\"},\"headline\":\"Stellantis: verranno valutate eventuali violazioni ai diritti del lavoro in Messico\",\"datePublished\":\"2022-06-20T13:48:03+00:00\",\"dateModified\":\"2022-06-20T13:48:04+00:00\",\"mainEntityOfPage\":{\"@id\":\"https:\/\/puntodincontro.mx\/2022\/06\/20\/stellantis-verranno-valutate-eventuali-violazioni-ai-diritti-del-lavoro-in-messico\/\"},\"wordCount\":285,\"commentCount\":0,\"publisher\":{\"@id\":\"https:\/\/puntodincontro.mx\/#organization\"},\"image\":{\"@id\":\"https:\/\/puntodincontro.mx\/2022\/06\/20\/stellantis-verranno-valutate-eventuali-violazioni-ai-diritti-del-lavoro-in-messico\/#primaryimage\"},\"thumbnailUrl\":\"https:\/\/puntodincontro.mx\/wp-content\/uploads\/2022\/06\/teksidvert.webp\",\"articleSection\":[\"Economia e finanza\"],\"inLanguage\":\"es\",\"potentialAction\":[{\"@type\":\"CommentAction\",\"name\":\"Comment\",\"target\":[\"https:\/\/puntodincontro.mx\/2022\/06\/20\/stellantis-verranno-valutate-eventuali-violazioni-ai-diritti-del-lavoro-in-messico\/#respond\"]}]},{\"@type\":\"WebPage\",\"@id\":\"https:\/\/puntodincontro.mx\/2022\/06\/20\/stellantis-verranno-valutate-eventuali-violazioni-ai-diritti-del-lavoro-in-messico\/\",\"url\":\"https:\/\/puntodincontro.mx\/2022\/06\/20\/stellantis-verranno-valutate-eventuali-violazioni-ai-diritti-del-lavoro-in-messico\/\",\"name\":\"Stellantis: verranno valutate eventuali violazioni ai diritti del lavoro in Messico Puntodincontro\",\"isPartOf\":{\"@id\":\"https:\/\/puntodincontro.mx\/#website\"},\"primaryImageOfPage\":{\"@id\":\"https:\/\/puntodincontro.mx\/2022\/06\/20\/stellantis-verranno-valutate-eventuali-violazioni-ai-diritti-del-lavoro-in-messico\/#primaryimage\"},\"image\":{\"@id\":\"https:\/\/puntodincontro.mx\/2022\/06\/20\/stellantis-verranno-valutate-eventuali-violazioni-ai-diritti-del-lavoro-in-messico\/#primaryimage\"},\"thumbnailUrl\":\"https:\/\/puntodincontro.mx\/wp-content\/uploads\/2022\/06\/teksidvert.webp\",\"datePublished\":\"2022-06-20T13:48:03+00:00\",\"dateModified\":\"2022-06-20T13:48:04+00:00\",\"description\":\"Il governo messicano ha ammesso una richiesta di revisione proveniente dalla sua controparte statunitense su una presunta negazione dei diritti del lavoro in uno stabilimento della filiale locale del gruppo automobilistico italo-franco-statunitense Stellantis.\",\"breadcrumb\":{\"@id\":\"https:\/\/puntodincontro.mx\/2022\/06\/20\/stellantis-verranno-valutate-eventuali-violazioni-ai-diritti-del-lavoro-in-messico\/#breadcrumb\"},\"inLanguage\":\"es\",\"potentialAction\":[{\"@type\":\"ReadAction\",\"target\":[\"https:\/\/puntodincontro.mx\/2022\/06\/20\/stellantis-verranno-valutate-eventuali-violazioni-ai-diritti-del-lavoro-in-messico\/\"]}]},{\"@type\":\"ImageObject\",\"inLanguage\":\"es\",\"@id\":\"https:\/\/puntodincontro.mx\/2022\/06\/20\/stellantis-verranno-valutate-eventuali-violazioni-ai-diritti-del-lavoro-in-messico\/#primaryimage\",\"url\":\"https:\/\/puntodincontro.mx\/wp-content\/uploads\/2022\/06\/teksidvert.webp\",\"contentUrl\":\"https:\/\/puntodincontro.mx\/wp-content\/uploads\/2022\/06\/teksidvert.webp\",\"width\":423,\"height\":488,\"caption\":\"Stellantis: verranno valutate eventuali violazioni ai diritti del lavoro in Messico\"},{\"@type\":\"BreadcrumbList\",\"@id\":\"https:\/\/puntodincontro.mx\/2022\/06\/20\/stellantis-verranno-valutate-eventuali-violazioni-ai-diritti-del-lavoro-in-messico\/#breadcrumb\",\"itemListElement\":[{\"@type\":\"ListItem\",\"position\":1,\"name\":\"Home\",\"item\":\"https:\/\/puntodincontro.mx\/\"},{\"@type\":\"ListItem\",\"position\":2,\"name\":\"Stellantis: verranno valutate eventuali violazioni ai diritti del lavoro in Messico\"}]},{\"@type\":\"WebSite\",\"@id\":\"https:\/\/puntodincontro.mx\/#website\",\"url\":\"https:\/\/puntodincontro.mx\/\",\"name\":\"Puntodincontro\",\"description\":\"Dal 2006 notizie sui rapporti Italia-Messico \/ Desde 2006 noticias sobre las relaciones entre Italia y M\u00e9xico\",\"publisher\":{\"@id\":\"https:\/\/puntodincontro.mx\/#organization\"},\"potentialAction\":[{\"@type\":\"SearchAction\",\"target\":{\"@type\":\"EntryPoint\",\"urlTemplate\":\"https:\/\/puntodincontro.mx\/?s={search_term_string}\"},\"query-input\":{\"@type\":\"PropertyValueSpecification\",\"valueRequired\":true,\"valueName\":\"search_term_string\"}}],\"inLanguage\":\"es\"},{\"@type\":\"Organization\",\"@id\":\"https:\/\/puntodincontro.mx\/#organization\",\"name\":\"Puntodincontro\",\"url\":\"https:\/\/puntodincontro.mx\/\",\"logo\":{\"@type\":\"ImageObject\",\"inLanguage\":\"es\",\"@id\":\"https:\/\/puntodincontro.mx\/#\/schema\/logo\/image\/\",\"url\":\"https:\/\/puntodincontro.mx\/wp-content\/uploads\/2021\/08\/Default-image-for-open-graph-settings.jpg\",\"contentUrl\":\"https:\/\/puntodincontro.mx\/wp-content\/uploads\/2021\/08\/Default-image-for-open-graph-settings.jpg\",\"width\":1200,\"height\":630,\"caption\":\"Puntodincontro\"},\"image\":{\"@id\":\"https:\/\/puntodincontro.mx\/#\/schema\/logo\/image\/\"},\"sameAs\":[\"https:\/\/www.facebook.com\/puntodincontro.mx\",\"https:\/\/x.com\/puntodincontro\",\"https:\/\/www.instagram.com\/puntodincontro.mx\/\",\"https:\/\/www.linkedin.com\/company\/puntodincontro\/\",\"https:\/\/www.youtube.com\/c\/puntodincontromessico\",\"https:\/\/www.patreon.com\/puntodincontro\",\"https:\/\/www.threads.net\/@puntodincontro.mx\"]},{\"@type\":\"Person\",\"@id\":\"https:\/\/puntodincontro.mx\/#\/schema\/person\/d3066d18a16259cbb0c29b0d0e93b556\",\"name\":\"Puntodincontro\",\"image\":{\"@type\":\"ImageObject\",\"inLanguage\":\"es\",\"@id\":\"https:\/\/puntodincontro.mx\/#\/schema\/person\/image\/\",\"url\":\"https:\/\/secure.gravatar.com\/avatar\/0e85b4b3b5e9d6bfcec6a4956d8cc63a?s=96&d=mm&r=g\",\"contentUrl\":\"https:\/\/secure.gravatar.com\/avatar\/0e85b4b3b5e9d6bfcec6a4956d8cc63a?s=96&d=mm&r=g\",\"caption\":\"Puntodincontro\"},\"url\":\"https:\/\/puntodincontro.mx\/es\/author\/puntodincontro\/\"}]}<\/script>\n<!-- \/ Yoast SEO Premium plugin. -->","yoast_head_json":{"title":"Stellantis: verranno valutate eventuali violazioni ai diritti del lavoro in Messico Puntodincontro","description":"El gobierno mexicano ha aceptado una solicitud de revisi\u00f3n de su hom\u00f3logo estadounidense acerca de una supuesta negaci\u00f3n de derechos laborales en una planta de la sucursal local del grupo automotor \u00edtalo-franc\u00e9s-estadounidense Stellantis.","robots":{"index":"index","follow":"follow","max-snippet":"max-snippet:-1","max-image-preview":"max-image-preview:large","max-video-preview":"max-video-preview:-1"},"canonical":"https:\/\/puntodincontro.mx\/es\/2022\/06\/20\/stellantis-evaluaran-eventuales-violaciones-a-los-derechos-laborales-en-mexico\/","og_locale":"es_MX","og_type":"article","og_title":"Stellantis: verranno valutate eventuali violazioni ai diritti del lavoro in Messico","og_description":"Il governo messicano ha ammesso una richiesta di revisione proveniente dalla sua controparte statunitense su una presunta negazione dei diritti del lavoro in uno stabilimento della filiale locale del gruppo automobilistico italo-franco-statunitense Stellantis.","og_url":"https:\/\/puntodincontro.mx\/es\/2022\/06\/20\/stellantis-evaluaran-eventuales-violaciones-a-los-derechos-laborales-en-mexico\/","og_site_name":"Puntodincontro","article_publisher":"https:\/\/www.facebook.com\/puntodincontro.mx","article_published_time":"2022-06-20T13:48:03+00:00","article_modified_time":"2022-06-20T13:48:04+00:00","og_image":[{"width":423,"height":488,"url":"https:\/\/puntodincontro.mx\/wp-content\/uploads\/2022\/06\/teksidvert.webp","type":"image\/webp"}],"author":"Puntodincontro","twitter_card":"summary_large_image","twitter_creator":"@puntodincontro","twitter_site":"@puntodincontro","twitter_misc":{"Escrito por":"Puntodincontro","Tiempo de lectura":"2 minutos"},"schema":{"@context":"https:\/\/schema.org","@graph":[{"@type":"NewsArticle","@id":"https:\/\/puntodincontro.mx\/2022\/06\/20\/stellantis-verranno-valutate-eventuali-violazioni-ai-diritti-del-lavoro-in-messico\/#article","isPartOf":{"@id":"https:\/\/puntodincontro.mx\/2022\/06\/20\/stellantis-verranno-valutate-eventuali-violazioni-ai-diritti-del-lavoro-in-messico\/"},"author":{"name":"Puntodincontro","@id":"https:\/\/puntodincontro.mx\/#\/schema\/person\/d3066d18a16259cbb0c29b0d0e93b556"},"headline":"Stellantis: verranno valutate eventuali violazioni ai diritti del lavoro in Messico","datePublished":"2022-06-20T13:48:03+00:00","dateModified":"2022-06-20T13:48:04+00:00","mainEntityOfPage":{"@id":"https:\/\/puntodincontro.mx\/2022\/06\/20\/stellantis-verranno-valutate-eventuali-violazioni-ai-diritti-del-lavoro-in-messico\/"},"wordCount":285,"commentCount":0,"publisher":{"@id":"https:\/\/puntodincontro.mx\/#organization"},"image":{"@id":"https:\/\/puntodincontro.mx\/2022\/06\/20\/stellantis-verranno-valutate-eventuali-violazioni-ai-diritti-del-lavoro-in-messico\/#primaryimage"},"thumbnailUrl":"https:\/\/puntodincontro.mx\/wp-content\/uploads\/2022\/06\/teksidvert.webp","articleSection":["Economia e finanza"],"inLanguage":"es","potentialAction":[{"@type":"CommentAction","name":"Comment","target":["https:\/\/puntodincontro.mx\/2022\/06\/20\/stellantis-verranno-valutate-eventuali-violazioni-ai-diritti-del-lavoro-in-messico\/#respond"]}]},{"@type":"WebPage","@id":"https:\/\/puntodincontro.mx\/2022\/06\/20\/stellantis-verranno-valutate-eventuali-violazioni-ai-diritti-del-lavoro-in-messico\/","url":"https:\/\/puntodincontro.mx\/2022\/06\/20\/stellantis-verranno-valutate-eventuali-violazioni-ai-diritti-del-lavoro-in-messico\/","name":"Stellantis: verranno valutate eventuali violazioni ai diritti del lavoro in Messico Puntodincontro","isPartOf":{"@id":"https:\/\/puntodincontro.mx\/#website"},"primaryImageOfPage":{"@id":"https:\/\/puntodincontro.mx\/2022\/06\/20\/stellantis-verranno-valutate-eventuali-violazioni-ai-diritti-del-lavoro-in-messico\/#primaryimage"},"image":{"@id":"https:\/\/puntodincontro.mx\/2022\/06\/20\/stellantis-verranno-valutate-eventuali-violazioni-ai-diritti-del-lavoro-in-messico\/#primaryimage"},"thumbnailUrl":"https:\/\/puntodincontro.mx\/wp-content\/uploads\/2022\/06\/teksidvert.webp","datePublished":"2022-06-20T13:48:03+00:00","dateModified":"2022-06-20T13:48:04+00:00","description":"El gobierno mexicano ha aceptado una solicitud de revisi\u00f3n de su hom\u00f3logo estadounidense acerca de una supuesta negaci\u00f3n de derechos laborales en una planta de la sucursal local del grupo automotor \u00edtalo-franc\u00e9s-estadounidense Stellantis.","breadcrumb":{"@id":"https:\/\/puntodincontro.mx\/2022\/06\/20\/stellantis-verranno-valutate-eventuali-violazioni-ai-diritti-del-lavoro-in-messico\/#breadcrumb"},"inLanguage":"es","potentialAction":[{"@type":"ReadAction","target":["https:\/\/puntodincontro.mx\/2022\/06\/20\/stellantis-verranno-valutate-eventuali-violazioni-ai-diritti-del-lavoro-in-messico\/"]}]},{"@type":"ImageObject","inLanguage":"es","@id":"https:\/\/puntodincontro.mx\/2022\/06\/20\/stellantis-verranno-valutate-eventuali-violazioni-ai-diritti-del-lavoro-in-messico\/#primaryimage","url":"https:\/\/puntodincontro.mx\/wp-content\/uploads\/2022\/06\/teksidvert.webp","contentUrl":"https:\/\/puntodincontro.mx\/wp-content\/uploads\/2022\/06\/teksidvert.webp","width":423,"height":488,"caption":"Stellantis: verranno valutate eventuali violazioni ai diritti del lavoro in Messico"},{"@type":"BreadcrumbList","@id":"https:\/\/puntodincontro.mx\/2022\/06\/20\/stellantis-verranno-valutate-eventuali-violazioni-ai-diritti-del-lavoro-in-messico\/#breadcrumb","itemListElement":[{"@type":"ListItem","position":1,"name":"Home","item":"https:\/\/puntodincontro.mx\/"},{"@type":"ListItem","position":2,"name":"Stellantis: verranno valutate eventuali violazioni ai diritti del lavoro in Messico"}]},{"@type":"WebSite","@id":"https:\/\/puntodincontro.mx\/#website","url":"https:\/\/puntodincontro.mx\/","name":"Puntodincontro","description":"Desde el 2006 noticias sobre las relaciones entre Italia y M\u00e9xico \/ Dal 2006 notizie sui rapporti Italia-Messico","publisher":{"@id":"https:\/\/puntodincontro.mx\/#organization"},"potentialAction":[{"@type":"SearchAction","target":{"@type":"EntryPoint","urlTemplate":"https:\/\/puntodincontro.mx\/?s={search_term_string}"},"query-input":{"@type":"PropertyValueSpecification","valueRequired":true,"valueName":"search_term_string"}}],"inLanguage":"es"},{"@type":"Organization","@id":"https:\/\/puntodincontro.mx\/#organization","name":"Puntodincontro","url":"https:\/\/puntodincontro.mx\/","logo":{"@type":"ImageObject","inLanguage":"es","@id":"https:\/\/puntodincontro.mx\/#\/schema\/logo\/image\/","url":"https:\/\/puntodincontro.mx\/wp-content\/uploads\/2021\/08\/Default-image-for-open-graph-settings.jpg","contentUrl":"https:\/\/puntodincontro.mx\/wp-content\/uploads\/2021\/08\/Default-image-for-open-graph-settings.jpg","width":1200,"height":630,"caption":"Puntodincontro"},"image":{"@id":"https:\/\/puntodincontro.mx\/#\/schema\/logo\/image\/"},"sameAs":["https:\/\/www.facebook.com\/puntodincontro.mx","https:\/\/x.com\/puntodincontro","https:\/\/www.instagram.com\/puntodincontro.mx\/","https:\/\/www.linkedin.com\/company\/puntodincontro\/","https:\/\/www.youtube.com\/c\/puntodincontromessico","https:\/\/www.patreon.com\/puntodincontro","https:\/\/www.threads.net\/@puntodincontro.mx"]},{"@type":"Person","@id":"https:\/\/puntodincontro.mx\/#\/schema\/person\/d3066d18a16259cbb0c29b0d0e93b556","name":"Puntodincontro","image":{"@type":"ImageObject","inLanguage":"es","@id":"https:\/\/puntodincontro.mx\/#\/schema\/person\/image\/","url":"https:\/\/secure.gravatar.com\/avatar\/0e85b4b3b5e9d6bfcec6a4956d8cc63a?s=96&d=mm&r=g","contentUrl":"https:\/\/secure.gravatar.com\/avatar\/0e85b4b3b5e9d6bfcec6a4956d8cc63a?s=96&d=mm&r=g","caption":"Puntodincontro"},"url":"https:\/\/puntodincontro.mx\/es\/author\/puntodincontro\/"}]}},"_links":{"self":[{"href":"https:\/\/puntodincontro.mx\/es\/wp-json\/wp\/v2\/posts\/5964"}],"collection":[{"href":"https:\/\/puntodincontro.mx\/es\/wp-json\/wp\/v2\/posts"}],"about":[{"href":"https:\/\/puntodincontro.mx\/es\/wp-json\/wp\/v2\/types\/post"}],"author":[{"embeddable":true,"href":"https:\/\/puntodincontro.mx\/es\/wp-json\/wp\/v2\/users\/2"}],"replies":[{"embeddable":true,"href":"https:\/\/puntodincontro.mx\/es\/wp-json\/wp\/v2\/comments?post=5964"}],"version-history":[{"count":6,"href":"https:\/\/puntodincontro.mx\/es\/wp-json\/wp\/v2\/posts\/5964\/revisions"}],"predecessor-version":[{"id":5973,"href":"https:\/\/puntodincontro.mx\/es\/wp-json\/wp\/v2\/posts\/5964\/revisions\/5973"}],"wp:featuredmedia":[{"embeddable":true,"href":"https:\/\/puntodincontro.mx\/es\/wp-json\/wp\/v2\/media\/5971"}],"wp:attachment":[{"href":"https:\/\/puntodincontro.mx\/es\/wp-json\/wp\/v2\/media?parent=5964"}],"wp:term":[{"taxonomy":"category","embeddable":true,"href":"https:\/\/puntodincontro.mx\/es\/wp-json\/wp\/v2\/categories?post=5964"},{"taxonomy":"post_tag","embeddable":true,"href":"https:\/\/puntodincontro.mx\/es\/wp-json\/wp\/v2\/tags?post=5964"}],"curies":[{"name":"wp","href":"https:\/\/api.w.org\/{rel}","templated":true}]}}